{"id":19836,"date":"2021-08-06T09:50:55","date_gmt":"2021-08-06T09:50:55","guid":{"rendered":"https:\/\/www.esin.av.tr\/?p=19836"},"modified":"2022-06-09T13:23:38","modified_gmt":"2022-06-09T13:23:38","slug":"isyeri-acma-ve-calisma-ruhsatlarina-yonelik-yonetmelikte-degisiklik","status":"publish","type":"post","link":"https:\/\/www.esin.av.tr\/tr\/2021\/08\/06\/isyeri-acma-ve-calisma-ruhsatlarina-yonelik-yonetmelikte-degisiklik\/","title":{"rendered":"\u0130\u015fyeri A\u00e7ma ve \u00c7al\u0131\u015fma Ruhsatlar\u0131na Y\u00f6nelik Y\u00f6netmelik&#8217;te De\u011fi\u015fiklik"},"content":{"rendered":"<p><strong><a href=\"https:\/\/podcast.esin.av.tr\/?lang=tr&amp;playing=PFC1188658943?updated=1628239229\"><img decoding=\"async\" class=\"alignnone wp-image-18799\" src=\"https:\/\/www.esin.av.tr\/wp-content\/uploads\/2021\/02\/1.png\" alt=\"\" width=\"49\" height=\"49\" srcset=\"https:\/\/www.esin.av.tr\/wp-content\/uploads\/2021\/02\/1.png 186w, https:\/\/www.esin.av.tr\/wp-content\/uploads\/2021\/02\/1-150x150.png 150w\" sizes=\"(max-width: 49px) 100vw, 49px\" \/><\/a>\u00a0 \u00a0 \u00a0 \u00a0 \u00a0 \u00a0 \u00a0 Art\u0131k b\u00fcltenlerimizi sesli olarak da dinleyebilirsiniz!<\/strong><\/p>\n<p>&nbsp;<\/p>\n<p><strong>Yeni Geli\u015fme <\/strong><\/p>\n<p>\u0130\u015fyeri A\u00e7ma ve \u00c7al\u0131\u015fma Ruhsatlar\u0131na \u0130li\u015fkin Y\u00f6netmelik (&#8220;<strong>Y\u00f6netmelik<\/strong>&#8220;) 30 Temmuz 2021 tarihli ve 31553 say\u0131l\u0131 Resmi Gazete&#8217;de yay\u0131mlanan \u0130\u015fyeri A\u00e7ma ve \u00c7al\u0131\u015fma Ruhsatlar\u0131na \u0130li\u015fkin Y\u00f6netmelikte De\u011fi\u015fiklik Yap\u0131lmas\u0131na Dair Y\u00f6netmelik ile de\u011fi\u015ftirildi. De\u011fi\u015fiklik kapsam\u0131nda belirli i\u015fyerlerinin mevzuata uyum tarihi ertelendi.<\/p>\n<p><strong>Ne De\u011fi\u015fecek? <\/strong><\/p>\n<p>Y\u00f6netmelik&#8217;te yap\u0131lan de\u011fi\u015fiklikler uyar\u0131nca, s\u0131hhi m\u00fcesseseler s\u0131n\u0131f\u0131na tabi a\u00e7\u0131k ve kapal\u0131 alanlarda bulunan oyun, e\u011flence, su, spor ve macera parklar\u0131 ile teleferikler, ta\u015f\u0131nmaz ticareti ile u\u011fra\u015fan i\u015fyerleri ve enerji sanayii kategorisinde yer alan i\u015fyerleri dahil, gayrisahihi m\u00fcessesseler s\u0131n\u0131f\u0131na tabi belirli i\u015fyerlerinin Y\u00f6netmelik kapsam\u0131nda ruhsatland\u0131rma ve ekipman ya da makine kontrol\u00fc gibi konularda aranan \u015fartlara uyumlu hale getirilmesi i\u00e7in \u00f6ng\u00f6r\u00fclen son tarih 31 Temmuz 2021&#8217;den, 31 Temmuz 2022 tarihine uzat\u0131lm\u0131\u015ft\u0131r.<\/p>\n<p><strong>Sonu\u00e7 <\/strong><\/p>\n<p>Y\u00f6netmelik de\u011fi\u015fiklikleri ile belirli i\u015fyerlerinin mevzuata uyum s\u00fcresi uzat\u0131ld\u0131. T\u00fcm ilgili \u015firketler, Y\u00f6netmelik d\u00fczenlemelerini dikkatle incelemeli ve 31 Temmuz 2022 tarihine kadar mevzuata uyum i\u00e7in gerekli ad\u0131mlar\u0131 atmal\u0131d\u0131r.<\/p>\n","protected":false},"excerpt":{"rendered":"<p>\u00a0 \u00a0 \u00a0 \u00a0 \u00a0 \u00a0 \u00a0 Art\u0131k b\u00fcltenlerimizi sesli olarak da dinleyebilirsiniz! &nbsp; Yeni Geli\u015fme \u0130\u015fyeri A\u00e7ma ve \u00c7al\u0131\u015fma [&hellip;]<\/p>\n","protected":false},"author":4,"featured_media":0,"comment_status":"closed","ping_status":"closed","sticky":false,"template":"","format":"standard","meta":{"_acf_changed":false,"_stopmodifiedupdate":false,"_modified_date":"","footnotes":""},"categories":[120],"tags":[94],"class_list":["post-19836","post","type-post","status-publish","format-standard","hentry","category-legal-alerts","tag-international-commercial-and-trade-tr"],"acf":[],"yoast_head":"<!-- This site is optimized with the Yoast SEO plugin v24.0 - https:\/\/yoast.com\/wordpress\/plugins\/seo\/ -->\n<title>\u0130\u015fyeri A\u00e7ma ve \u00c7al\u0131\u015fma Ruhsatlar\u0131na Y\u00f6nelik Y\u00f6netmelik&#039;te De\u011fi\u015fiklik<\/title>\n<meta name=\"description\" content=\"\u00a0 \u00a0 \u00a0 \u00a0 \u00a0 \u00a0 \u00a0 Art\u0131k b\u00fcltenlerimizi sesli olarak da dinleyebilirsiniz! &nbsp; Yeni Geli\u015fme \u0130\u015fyeri A\u00e7ma ve \u00c7al\u0131\u015fma Ruhsatlar\u0131na \u0130li\u015fkin Y\u00f6netmelik\" \/>\n<meta name=\"robots\" content=\"index, follow, max-snippet:-1, max-image-preview:large, max-video-preview:-1\" \/>\n<link rel=\"canonical\" href=\"https:\/\/www.esin.av.tr\/tr\/2021\/08\/06\/isyeri-acma-ve-calisma-ruhsatlarina-yonelik-yonetmelikte-degisiklik\/\" \/>\n<meta property=\"og:locale\" content=\"tr_TR\" \/>\n<meta property=\"og:type\" content=\"article\" \/>\n<meta property=\"og:title\" content=\"\u0130\u015fyeri A\u00e7ma ve \u00c7al\u0131\u015fma Ruhsatlar\u0131na Y\u00f6nelik Y\u00f6netmelik&#039;te De\u011fi\u015fiklik\" \/>\n<meta property=\"og:description\" content=\"\u00a0 \u00a0 \u00a0 \u00a0 \u00a0 \u00a0 \u00a0 Art\u0131k b\u00fcltenlerimizi sesli olarak da dinleyebilirsiniz! &nbsp; Yeni Geli\u015fme \u0130\u015fyeri A\u00e7ma ve \u00c7al\u0131\u015fma Ruhsatlar\u0131na \u0130li\u015fkin Y\u00f6netmelik\" \/>\n<meta property=\"og:url\" content=\"https:\/\/www.esin.av.tr\/tr\/2021\/08\/06\/isyeri-acma-ve-calisma-ruhsatlarina-yonelik-yonetmelikte-degisiklik\/\" \/>\n<meta property=\"og:site_name\" content=\"Esin Avukatl\u0131k Ortakl\u0131\u011f\u0131\" \/>\n<meta property=\"article:published_time\" content=\"2021-08-06T09:50:55+00:00\" \/>\n<meta property=\"article:modified_time\" content=\"2022-06-09T13:23:38+00:00\" \/>\n<meta property=\"og:image\" content=\"https:\/\/www.esin.av.tr\/wp-content\/uploads\/2021\/02\/1.png\" \/>\n<meta name=\"author\" content=\"R\u0131dvan Konrat\" \/>\n<meta name=\"twitter:card\" content=\"summary_large_image\" \/>\n<meta name=\"twitter:label1\" content=\"Written by\" \/>\n\t<meta name=\"twitter:data1\" content=\"R\u0131dvan Konrat\" \/>\n\t<meta name=\"twitter:label2\" content=\"Est. reading time\" \/>\n\t<meta name=\"twitter:data2\" content=\"1 minute\" \/>\n<script type=\"application\/ld+json\" class=\"yoast-schema-graph\">{\"@context\":\"https:\/\/schema.org\",\"@graph\":[{\"@type\":\"Article\",\"@id\":\"https:\/\/www.esin.av.tr\/tr\/2021\/08\/06\/isyeri-acma-ve-calisma-ruhsatlarina-yonelik-yonetmelikte-degisiklik\/#article\",\"isPartOf\":{\"@id\":\"https:\/\/www.esin.av.tr\/tr\/2021\/08\/06\/isyeri-acma-ve-calisma-ruhsatlarina-yonelik-yonetmelikte-degisiklik\/\"},\"author\":{\"name\":\"R\u0131dvan Konrat\",\"@id\":\"https:\/\/www.esin.av.tr\/tr\/#\/schema\/person\/42c8e616aab56b8622fa365ad63282ae\"},\"headline\":\"\u0130\u015fyeri A\u00e7ma ve \u00c7al\u0131\u015fma Ruhsatlar\u0131na Y\u00f6nelik Y\u00f6netmelik&#8217;te De\u011fi\u015fiklik\",\"datePublished\":\"2021-08-06T09:50:55+00:00\",\"dateModified\":\"2022-06-09T13:23:38+00:00\",\"mainEntityOfPage\":{\"@id\":\"https:\/\/www.esin.av.tr\/tr\/2021\/08\/06\/isyeri-acma-ve-calisma-ruhsatlarina-yonelik-yonetmelikte-degisiklik\/\"},\"wordCount\":231,\"publisher\":{\"@id\":\"https:\/\/www.esin.av.tr\/tr\/#organization\"},\"image\":{\"@id\":\"https:\/\/www.esin.av.tr\/tr\/2021\/08\/06\/isyeri-acma-ve-calisma-ruhsatlarina-yonelik-yonetmelikte-degisiklik\/#primaryimage\"},\"thumbnailUrl\":\"https:\/\/www.esin.av.tr\/wp-content\/uploads\/2021\/02\/1.png\",\"keywords\":[\"Uluslararas\u0131 Ticaret Hukuku\"],\"articleSection\":[\"Hukuk B\u00fcltenleri\"],\"inLanguage\":\"tr\"},{\"@type\":\"WebPage\",\"@id\":\"https:\/\/www.esin.av.tr\/tr\/2021\/08\/06\/isyeri-acma-ve-calisma-ruhsatlarina-yonelik-yonetmelikte-degisiklik\/\",\"url\":\"https:\/\/www.esin.av.tr\/tr\/2021\/08\/06\/isyeri-acma-ve-calisma-ruhsatlarina-yonelik-yonetmelikte-degisiklik\/\",\"name\":\"\u0130\u015fyeri A\u00e7ma ve \u00c7al\u0131\u015fma Ruhsatlar\u0131na Y\u00f6nelik Y\u00f6netmelik'te De\u011fi\u015fiklik\",\"isPartOf\":{\"@id\":\"https:\/\/www.esin.av.tr\/tr\/#website\"},\"primaryImageOfPage\":{\"@id\":\"https:\/\/www.esin.av.tr\/tr\/2021\/08\/06\/isyeri-acma-ve-calisma-ruhsatlarina-yonelik-yonetmelikte-degisiklik\/#primaryimage\"},\"image\":{\"@id\":\"https:\/\/www.esin.av.tr\/tr\/2021\/08\/06\/isyeri-acma-ve-calisma-ruhsatlarina-yonelik-yonetmelikte-degisiklik\/#primaryimage\"},\"thumbnailUrl\":\"https:\/\/www.esin.av.tr\/wp-content\/uploads\/2021\/02\/1.png\",\"datePublished\":\"2021-08-06T09:50:55+00:00\",\"dateModified\":\"2022-06-09T13:23:38+00:00\",\"description\":\"\u00a0 \u00a0 \u00a0 \u00a0 \u00a0 \u00a0 \u00a0 Art\u0131k b\u00fcltenlerimizi sesli olarak da dinleyebilirsiniz! &nbsp; Yeni Geli\u015fme \u0130\u015fyeri A\u00e7ma ve \u00c7al\u0131\u015fma Ruhsatlar\u0131na \u0130li\u015fkin Y\u00f6netmelik\",\"breadcrumb\":{\"@id\":\"https:\/\/www.esin.av.tr\/tr\/2021\/08\/06\/isyeri-acma-ve-calisma-ruhsatlarina-yonelik-yonetmelikte-degisiklik\/#breadcrumb\"},\"inLanguage\":\"tr\",\"potentialAction\":[{\"@type\":\"ReadAction\",\"target\":[\"https:\/\/www.esin.av.tr\/tr\/2021\/08\/06\/isyeri-acma-ve-calisma-ruhsatlarina-yonelik-yonetmelikte-degisiklik\/\"]}]},{\"@type\":\"ImageObject\",\"inLanguage\":\"tr\",\"@id\":\"https:\/\/www.esin.av.tr\/tr\/2021\/08\/06\/isyeri-acma-ve-calisma-ruhsatlarina-yonelik-yonetmelikte-degisiklik\/#primaryimage\",\"url\":\"https:\/\/www.esin.av.tr\/wp-content\/uploads\/2021\/02\/1.png\",\"contentUrl\":\"https:\/\/www.esin.av.tr\/wp-content\/uploads\/2021\/02\/1.png\"},{\"@type\":\"BreadcrumbList\",\"@id\":\"https:\/\/www.esin.av.tr\/tr\/2021\/08\/06\/isyeri-acma-ve-calisma-ruhsatlarina-yonelik-yonetmelikte-degisiklik\/#breadcrumb\",\"itemListElement\":[{\"@type\":\"ListItem\",\"position\":1,\"name\":\"Home\",\"item\":\"https:\/\/www.esin.av.tr\/tr\/\"},{\"@type\":\"ListItem\",\"position\":2,\"name\":\"\u0130\u015fyeri A\u00e7ma ve \u00c7al\u0131\u015fma Ruhsatlar\u0131na Y\u00f6nelik Y\u00f6netmelik&#8217;te De\u011fi\u015fiklik\"}]},{\"@type\":\"WebSite\",\"@id\":\"https:\/\/www.esin.av.tr\/tr\/#website\",\"url\":\"https:\/\/www.esin.av.tr\/tr\/\",\"name\":\"Esin Avukatl\u0131k Ortakl\u0131\u011f\u0131\",\"description\":\"\",\"publisher\":{\"@id\":\"https:\/\/www.esin.av.tr\/tr\/#organization\"},\"potentialAction\":[{\"@type\":\"SearchAction\",\"target\":{\"@type\":\"EntryPoint\",\"urlTemplate\":\"https:\/\/www.esin.av.tr\/tr\/?s={search_term_string}\"},\"query-input\":{\"@type\":\"PropertyValueSpecification\",\"valueRequired\":true,\"valueName\":\"search_term_string\"}}],\"inLanguage\":\"tr\"},{\"@type\":\"Organization\",\"@id\":\"https:\/\/www.esin.av.tr\/tr\/#organization\",\"name\":\"Esin Avukatl\u0131k Ortakl\u0131\u011f\u0131\",\"url\":\"https:\/\/www.esin.av.tr\/tr\/\",\"logo\":{\"@type\":\"ImageObject\",\"inLanguage\":\"tr\",\"@id\":\"https:\/\/www.esin.av.tr\/tr\/#\/schema\/logo\/image\/\",\"url\":\"https:\/\/www.esin.av.tr\/wp-content\/uploads\/2021\/09\/esin-2.jpg\",\"contentUrl\":\"https:\/\/www.esin.av.tr\/wp-content\/uploads\/2021\/09\/esin-2.jpg\",\"width\":800,\"height\":460,\"caption\":\"Esin Avukatl\u0131k Ortakl\u0131\u011f\u0131\"},\"image\":{\"@id\":\"https:\/\/www.esin.av.tr\/tr\/#\/schema\/logo\/image\/\"}},{\"@type\":\"Person\",\"@id\":\"https:\/\/www.esin.av.tr\/tr\/#\/schema\/person\/42c8e616aab56b8622fa365ad63282ae\",\"name\":\"R\u0131dvan Konrat\",\"image\":{\"@type\":\"ImageObject\",\"inLanguage\":\"tr\",\"@id\":\"https:\/\/www.esin.av.tr\/tr\/#\/schema\/person\/image\/\",\"url\":\"https:\/\/secure.gravatar.com\/avatar\/b20c6c583be38ed4e76e32f69fccc676?s=96&d=mm&r=g\",\"contentUrl\":\"https:\/\/secure.gravatar.com\/avatar\/b20c6c583be38ed4e76e32f69fccc676?s=96&d=mm&r=g\",\"caption\":\"R\u0131dvan Konrat\"},\"sameAs\":[\"http:\/\/www.esin.av.tr\"],\"url\":\"https:\/\/www.esin.av.tr\/tr\/author\/rkonrat\/\"}]}<\/script>\n<!-- \/ Yoast SEO plugin. -->","yoast_head_json":{"title":"\u0130\u015fyeri A\u00e7ma ve \u00c7al\u0131\u015fma Ruhsatlar\u0131na Y\u00f6nelik Y\u00f6netmelik'te De\u011fi\u015fiklik","description":"\u00a0 \u00a0 \u00a0 \u00a0 \u00a0 \u00a0 \u00a0 Art\u0131k b\u00fcltenlerimizi sesli olarak da dinleyebilirsiniz! &nbsp; Yeni Geli\u015fme \u0130\u015fyeri A\u00e7ma ve \u00c7al\u0131\u015fma Ruhsatlar\u0131na \u0130li\u015fkin Y\u00f6netmelik","robots":{"index":"index","follow":"follow","max-snippet":"max-snippet:-1","max-image-preview":"max-image-preview:large","max-video-preview":"max-video-preview:-1"},"canonical":"https:\/\/www.esin.av.tr\/tr\/2021\/08\/06\/isyeri-acma-ve-calisma-ruhsatlarina-yonelik-yonetmelikte-degisiklik\/","og_locale":"tr_TR","og_type":"article","og_title":"\u0130\u015fyeri A\u00e7ma ve \u00c7al\u0131\u015fma Ruhsatlar\u0131na Y\u00f6nelik Y\u00f6netmelik'te De\u011fi\u015fiklik","og_description":"\u00a0 \u00a0 \u00a0 \u00a0 \u00a0 \u00a0 \u00a0 Art\u0131k b\u00fcltenlerimizi sesli olarak da dinleyebilirsiniz! &nbsp; Yeni Geli\u015fme \u0130\u015fyeri A\u00e7ma ve \u00c7al\u0131\u015fma Ruhsatlar\u0131na \u0130li\u015fkin Y\u00f6netmelik","og_url":"https:\/\/www.esin.av.tr\/tr\/2021\/08\/06\/isyeri-acma-ve-calisma-ruhsatlarina-yonelik-yonetmelikte-degisiklik\/","og_site_name":"Esin Avukatl\u0131k Ortakl\u0131\u011f\u0131","article_published_time":"2021-08-06T09:50:55+00:00","article_modified_time":"2022-06-09T13:23:38+00:00","og_image":[{"url":"https:\/\/www.esin.av.tr\/wp-content\/uploads\/2021\/02\/1.png","type":"","width":"","height":""}],"author":"R\u0131dvan Konrat","twitter_card":"summary_large_image","twitter_misc":{"Written by":"R\u0131dvan Konrat","Est. reading time":"1 minute"},"schema":{"@context":"https:\/\/schema.org","@graph":[{"@type":"Article","@id":"https:\/\/www.esin.av.tr\/tr\/2021\/08\/06\/isyeri-acma-ve-calisma-ruhsatlarina-yonelik-yonetmelikte-degisiklik\/#article","isPartOf":{"@id":"https:\/\/www.esin.av.tr\/tr\/2021\/08\/06\/isyeri-acma-ve-calisma-ruhsatlarina-yonelik-yonetmelikte-degisiklik\/"},"author":{"name":"R\u0131dvan Konrat","@id":"https:\/\/www.esin.av.tr\/tr\/#\/schema\/person\/42c8e616aab56b8622fa365ad63282ae"},"headline":"\u0130\u015fyeri A\u00e7ma ve \u00c7al\u0131\u015fma Ruhsatlar\u0131na Y\u00f6nelik Y\u00f6netmelik&#8217;te De\u011fi\u015fiklik","datePublished":"2021-08-06T09:50:55+00:00","dateModified":"2022-06-09T13:23:38+00:00","mainEntityOfPage":{"@id":"https:\/\/www.esin.av.tr\/tr\/2021\/08\/06\/isyeri-acma-ve-calisma-ruhsatlarina-yonelik-yonetmelikte-degisiklik\/"},"wordCount":231,"publisher":{"@id":"https:\/\/www.esin.av.tr\/tr\/#organization"},"image":{"@id":"https:\/\/www.esin.av.tr\/tr\/2021\/08\/06\/isyeri-acma-ve-calisma-ruhsatlarina-yonelik-yonetmelikte-degisiklik\/#primaryimage"},"thumbnailUrl":"https:\/\/www.esin.av.tr\/wp-content\/uploads\/2021\/02\/1.png","keywords":["Uluslararas\u0131 Ticaret Hukuku"],"articleSection":["Hukuk B\u00fcltenleri"],"inLanguage":"tr"},{"@type":"WebPage","@id":"https:\/\/www.esin.av.tr\/tr\/2021\/08\/06\/isyeri-acma-ve-calisma-ruhsatlarina-yonelik-yonetmelikte-degisiklik\/","url":"https:\/\/www.esin.av.tr\/tr\/2021\/08\/06\/isyeri-acma-ve-calisma-ruhsatlarina-yonelik-yonetmelikte-degisiklik\/","name":"\u0130\u015fyeri A\u00e7ma ve \u00c7al\u0131\u015fma Ruhsatlar\u0131na Y\u00f6nelik Y\u00f6netmelik'te De\u011fi\u015fiklik","isPartOf":{"@id":"https:\/\/www.esin.av.tr\/tr\/#website"},"primaryImageOfPage":{"@id":"https:\/\/www.esin.av.tr\/tr\/2021\/08\/06\/isyeri-acma-ve-calisma-ruhsatlarina-yonelik-yonetmelikte-degisiklik\/#primaryimage"},"image":{"@id":"https:\/\/www.esin.av.tr\/tr\/2021\/08\/06\/isyeri-acma-ve-calisma-ruhsatlarina-yonelik-yonetmelikte-degisiklik\/#primaryimage"},"thumbnailUrl":"https:\/\/www.esin.av.tr\/wp-content\/uploads\/2021\/02\/1.png","datePublished":"2021-08-06T09:50:55+00:00","dateModified":"2022-06-09T13:23:38+00:00","description":"\u00a0 \u00a0 \u00a0 \u00a0 \u00a0 \u00a0 \u00a0 Art\u0131k b\u00fcltenlerimizi sesli olarak da dinleyebilirsiniz! &nbsp; Yeni Geli\u015fme \u0130\u015fyeri A\u00e7ma ve \u00c7al\u0131\u015fma Ruhsatlar\u0131na \u0130li\u015fkin Y\u00f6netmelik","breadcrumb":{"@id":"https:\/\/www.esin.av.tr\/tr\/2021\/08\/06\/isyeri-acma-ve-calisma-ruhsatlarina-yonelik-yonetmelikte-degisiklik\/#breadcrumb"},"inLanguage":"tr","potentialAction":[{"@type":"ReadAction","target":["https:\/\/www.esin.av.tr\/tr\/2021\/08\/06\/isyeri-acma-ve-calisma-ruhsatlarina-yonelik-yonetmelikte-degisiklik\/"]}]},{"@type":"ImageObject","inLanguage":"tr","@id":"https:\/\/www.esin.av.tr\/tr\/2021\/08\/06\/isyeri-acma-ve-calisma-ruhsatlarina-yonelik-yonetmelikte-degisiklik\/#primaryimage","url":"https:\/\/www.esin.av.tr\/wp-content\/uploads\/2021\/02\/1.png","contentUrl":"https:\/\/www.esin.av.tr\/wp-content\/uploads\/2021\/02\/1.png"},{"@type":"BreadcrumbList","@id":"https:\/\/www.esin.av.tr\/tr\/2021\/08\/06\/isyeri-acma-ve-calisma-ruhsatlarina-yonelik-yonetmelikte-degisiklik\/#breadcrumb","itemListElement":[{"@type":"ListItem","position":1,"name":"Home","item":"https:\/\/www.esin.av.tr\/tr\/"},{"@type":"ListItem","position":2,"name":"\u0130\u015fyeri A\u00e7ma ve \u00c7al\u0131\u015fma Ruhsatlar\u0131na Y\u00f6nelik Y\u00f6netmelik&#8217;te De\u011fi\u015fiklik"}]},{"@type":"WebSite","@id":"https:\/\/www.esin.av.tr\/tr\/#website","url":"https:\/\/www.esin.av.tr\/tr\/","name":"Esin Avukatl\u0131k Ortakl\u0131\u011f\u0131","description":"","publisher":{"@id":"https:\/\/www.esin.av.tr\/tr\/#organization"},"potentialAction":[{"@type":"SearchAction","target":{"@type":"EntryPoint","urlTemplate":"https:\/\/www.esin.av.tr\/tr\/?s={search_term_string}"},"query-input":{"@type":"PropertyValueSpecification","valueRequired":true,"valueName":"search_term_string"}}],"inLanguage":"tr"},{"@type":"Organization","@id":"https:\/\/www.esin.av.tr\/tr\/#organization","name":"Esin Avukatl\u0131k Ortakl\u0131\u011f\u0131","url":"https:\/\/www.esin.av.tr\/tr\/","logo":{"@type":"ImageObject","inLanguage":"tr","@id":"https:\/\/www.esin.av.tr\/tr\/#\/schema\/logo\/image\/","url":"https:\/\/www.esin.av.tr\/wp-content\/uploads\/2021\/09\/esin-2.jpg","contentUrl":"https:\/\/www.esin.av.tr\/wp-content\/uploads\/2021\/09\/esin-2.jpg","width":800,"height":460,"caption":"Esin Avukatl\u0131k Ortakl\u0131\u011f\u0131"},"image":{"@id":"https:\/\/www.esin.av.tr\/tr\/#\/schema\/logo\/image\/"}},{"@type":"Person","@id":"https:\/\/www.esin.av.tr\/tr\/#\/schema\/person\/42c8e616aab56b8622fa365ad63282ae","name":"R\u0131dvan Konrat","image":{"@type":"ImageObject","inLanguage":"tr","@id":"https:\/\/www.esin.av.tr\/tr\/#\/schema\/person\/image\/","url":"https:\/\/secure.gravatar.com\/avatar\/b20c6c583be38ed4e76e32f69fccc676?s=96&d=mm&r=g","contentUrl":"https:\/\/secure.gravatar.com\/avatar\/b20c6c583be38ed4e76e32f69fccc676?s=96&d=mm&r=g","caption":"R\u0131dvan Konrat"},"sameAs":["http:\/\/www.esin.av.tr"],"url":"https:\/\/www.esin.av.tr\/tr\/author\/rkonrat\/"}]}},"_links":{"self":[{"href":"https:\/\/www.esin.av.tr\/tr\/wp-json\/wp\/v2\/posts\/19836","targetHints":{"allow":["GET"]}}],"collection":[{"href":"https:\/\/www.esin.av.tr\/tr\/wp-json\/wp\/v2\/posts"}],"about":[{"href":"https:\/\/www.esin.av.tr\/tr\/wp-json\/wp\/v2\/types\/post"}],"author":[{"embeddable":true,"href":"https:\/\/www.esin.av.tr\/tr\/wp-json\/wp\/v2\/users\/4"}],"replies":[{"embeddable":true,"href":"https:\/\/www.esin.av.tr\/tr\/wp-json\/wp\/v2\/comments?post=19836"}],"version-history":[{"count":1,"href":"https:\/\/www.esin.av.tr\/tr\/wp-json\/wp\/v2\/posts\/19836\/revisions"}],"predecessor-version":[{"id":19837,"href":"https:\/\/www.esin.av.tr\/tr\/wp-json\/wp\/v2\/posts\/19836\/revisions\/19837"}],"wp:attachment":[{"href":"https:\/\/www.esin.av.tr\/tr\/wp-json\/wp\/v2\/media?parent=19836"}],"wp:term":[{"taxonomy":"category","embeddable":true,"href":"https:\/\/www.esin.av.tr\/tr\/wp-json\/wp\/v2\/categories?post=19836"},{"taxonomy":"post_tag","embeddable":true,"href":"https:\/\/www.esin.av.tr\/tr\/wp-json\/wp\/v2\/tags?post=19836"}],"curies":[{"name":"wp","href":"https:\/\/api.w.org\/{rel}","templated":true}]}}