{"id":19817,"date":"2021-08-04T11:43:41","date_gmt":"2021-08-04T11:43:41","guid":{"rendered":"https:\/\/www.esin.av.tr\/?p=19817"},"modified":"2022-06-09T13:23:47","modified_gmt":"2022-06-09T13:23:47","slug":"aihme-basvuru-ve-kabul-edilebilirlik-sartlarinda-degisiklikler","status":"publish","type":"post","link":"https:\/\/www.esin.av.tr\/tr\/2021\/08\/04\/aihme-basvuru-ve-kabul-edilebilirlik-sartlarinda-degisiklikler\/","title":{"rendered":"A\u0130HM&#8217;e Ba\u015fvuru ve Kabul Edilebilirlik \u015eartlar\u0131nda De\u011fi\u015fiklikler"},"content":{"rendered":"<p><strong>Yeni Geli\u015fme<\/strong><\/p>\n<p>Avrupa \u0130nsan Haklar\u0131 S\u00f6zle\u015fmesini (&#8220;<strong>A\u0130HS<\/strong>&#8220;) De\u011fi\u015ftiren 15 No&#8217;lu Protokol 1 A\u011fustos 2021 tarihinde y\u00fcr\u00fcrl\u00fc\u011fe girdi. Protokol kapsam\u0131nda Avrupa \u0130nsan Haklar\u0131 Mahkemesi&#8217;ne ba\u015fvuru s\u00fcreleri, kabul edilebilirlik ko\u015fullar\u0131 ve yarg\u0131\u00e7 adaylar\u0131na ili\u015fkin maddelerde de\u011fi\u015fiklikler yap\u0131ld\u0131. Ba\u015fvuru s\u00fcrelerine ili\u015fkin d\u00fczenlemeler 1 \u015eubat 2022 tarihi itibariyle, di\u011fer d\u00fczenlemeler ise 1 A\u011fustos 2021 tarihi itibariyle y\u00fcr\u00fcrl\u00fc\u011fe girecek.<\/p>\n<p><strong>Protokol Ne Getiriyor?<\/strong><\/p>\n<p>Protokol ile getirilen de\u011fi\u015fiklikler uyar\u0131nca;<\/p>\n<ul>\n<li>Avrupa \u0130nsan Haklar\u0131 Mahkemesi&#8217;ne (A\u0130HM) ba\u015fvuru i\u00e7in \u00f6ng\u00f6r\u00fclen 6 ayl\u0131k s\u00fcre 4 aya indirildi. 4 ayl\u0131k yeni s\u00fcre, Protokol&#8217;\u00fcn y\u00fcr\u00fcrl\u00fck tarihinden itibaren 6 ay sonra (1 \u015eubat 2022) uygulanmaya ba\u015flayacak. E\u011fer i\u00e7 hukuktaki nihai\/kesin karar, y\u00fcr\u00fcrl\u00fck tarihi olan 1 A\u011fustos 2021 tarihinden \u00f6nce verilmi\u015f ise, bu karara ili\u015fkin bireysel ba\u015fvurularda 6 ayl\u0131k s\u00fcre esas al\u0131nacakt\u0131r.<\/li>\n<li>Bireysel ba\u015fvurular\u0131n &#8220;ba\u015fvurucunun \u00f6nemli bir zarar g\u00f6rmemi\u015f&#8221; olmas\u0131 halinde reddine ili\u015fkin kabul edilebilirlik kriteri bak\u0131m\u0131ndan ilgili bentte yer alan &#8220;ulusal bir mahkeme taraf\u0131ndan gere\u011fi gibi incelenmemi\u015f hi\u00e7bir dava bu gerek\u00e7e ile reddedilemez&#8221; d\u00fczenlemesi kald\u0131r\u0131lm\u0131\u015ft\u0131r.<\/li>\n<li>A\u0130HM dairesinin, \u00f6n\u00fcne gelen bir davan\u0131n A\u0130HS&#8217;nin yorumlanmas\u0131 a\u00e7\u0131s\u0131ndan ciddi bir sorun do\u011furmas\u0131 ve sorunun \u00e7\u00f6z\u00fcm\u00fcn\u00fcn A\u0130HM kararlar\u0131yla \u00e7eli\u015fme yaratabilecek olmas\u0131 halinde, dairenin ba\u015fvurudan el \u00e7ekerek dosyay\u0131 B\u00fcy\u00fck Daire&#8217;ye g\u00f6nderme yetkisi bulunmaktad\u0131r. Protokol uyar\u0131nca bu yetkinin kullan\u0131lmas\u0131 i\u00e7in taraflar\u0131n itiraz\u0131n\u0131n bulunmamas\u0131 \u015fart\u0131 kald\u0131r\u0131lm\u0131\u015ft\u0131r.<\/li>\n<li>A\u0130HS&#8217;nin \u00d6ns\u00f6z\u00fcne &#8220;ikincillik ilkesi kapsam\u0131nda A\u0130HS ve Protokollerinde tan\u0131mlanan hak ve \u00f6zg\u00fcrl\u00fckleri koruma sorumlulu\u011funun \u00f6ncelikli olarak Y\u00fcksek S\u00f6zle\u015fmeci taraflar\u0131na ait oldu\u011fu ve bu kapsamda takdir marj\u0131na sahip olduklar\u0131na&#8221; dair eklemeler yap\u0131lm\u0131\u015ft\u0131r.<\/li>\n<li>A\u0130HM yarg\u0131\u00e7 adaylar\u0131n\u0131n Avrupa Konseyi Parlamenter Meclisi&#8217;nin \u00f6nerdi\u011fi \u00fc\u00e7 adayl\u0131 listeye yaz\u0131ld\u0131klar\u0131 tarihte 65 ya\u015f\u0131ndan k\u00fc\u00e7\u00fck olmas\u0131 gerekmektedir.<\/li>\n<\/ul>\n<p>Konuya ili\u015fkin olarak A\u0130HM taraf\u0131ndan yay\u0131mlanan bas\u0131n a\u00e7\u0131klamas\u0131na <strong><u><a href=\"https:\/\/urldefense.com\/v3\/__https:\/esinxchange.com\/collect\/click.aspx?u=UHR5RDNtMllsTUVHUHVjeHFHeXduSzdXM05seElPdnN0WmNONVZpdDNwd2hMbHg5b1l2QkRhdndsR2V6dVU5T0lUQUt2NnplcDE1SEExck1OTmFWU052eGgxWXpGZ3lBaklYNHZSSDJ1Z2JqdFZaK0s2OEpqSzNlN3JtSFhzc2xBN3dmWDNXcXNBTkF3T3k4MzV4aVpYdlozYlR1aHlLZXpMVlltVkF0YVlUSk42K2lScVFVZURqVzVVRUNmakZlTlpnWm9uRTNwQUhTbmY5UXhEc25rVUg3VHRQMCtRZk8xSS9keU5lUzRTaG52SHNtdEkzd2haYU14ZTFsZHg2dmFxcVFabDdZVFhaWGV6cXBlT0pmRVlLKzhUckN5dEZYTU5zRVd2VStYdkR6ejNwQ3NYb2N0aERwQ20vWWJRb3c=&amp;rh=ff007ee542f3ecc446a2fda39e4686bd4ff94871__;!!Hj9Y_P0nvg!FmsICKYmpw9HX4gEuaPyeEzDsRaQoqoWFYRqmYBZ8yZOCMWbpPMS0tmDpxykT1qz_QsPrA$\">buradan<\/a><\/u><\/strong> \u0130ngilizce olarak ula\u015fabilirsiniz.<\/p>\n<p><strong>Sonu\u00e7<\/strong><\/p>\n<p>Protokol ile getirilen de\u011fi\u015fiklikler kapsam\u0131nda, A\u0130HM ba\u015fvuru s\u00fcreleri ve kabul edilebilirlik ko\u015fullar\u0131 bak\u0131m\u0131ndan \u00f6nemli de\u011fi\u015fiklikler yap\u0131ld\u0131. T\u00fcm ilgililerin, A\u0130HM&#8217;ye yapacaklar\u0131 bireysel ba\u015fvurular i\u00e7in yeni d\u00fczenlemeleri incelemesi ve gerekli ad\u0131mlar\u0131 atmas\u0131 gerekmektedir.<\/p>\n","protected":false},"excerpt":{"rendered":"<p>Yeni Geli\u015fme Avrupa \u0130nsan Haklar\u0131 S\u00f6zle\u015fmesini (&#8220;A\u0130HS&#8220;) De\u011fi\u015ftiren 15 No&#8217;lu Protokol 1 A\u011fustos 2021 tarihinde y\u00fcr\u00fcrl\u00fc\u011fe girdi. Protokol kapsam\u0131nda Avrupa [&hellip;]<\/p>\n","protected":false},"author":4,"featured_media":0,"comment_status":"closed","ping_status":"closed","sticky":false,"template":"","format":"standard","meta":{"_acf_changed":false,"_stopmodifiedupdate":false,"_modified_date":"","footnotes":""},"categories":[120],"tags":[93],"class_list":["post-19817","post","type-post","status-publish","format-standard","hentry","category-legal-alerts","tag-information-technology-communications-tr"],"acf":[],"yoast_head":"<!-- This site is optimized with the Yoast SEO plugin v24.0 - https:\/\/yoast.com\/wordpress\/plugins\/seo\/ -->\n<title>A\u0130HM&#039;e Ba\u015fvuru ve Kabul Edilebilirlik \u015eartlar\u0131nda De\u011fi\u015fiklikler<\/title>\n<meta name=\"description\" content=\"Yeni Geli\u015fme Avrupa \u0130nsan Haklar\u0131 S\u00f6zle\u015fmesini (&quot;A\u0130HS&quot;) De\u011fi\u015ftiren 15 No&#039;lu Protokol 1 A\u011fustos 2021 tarihinde y\u00fcr\u00fcrl\u00fc\u011fe girdi. Protokol kapsam\u0131nda Avrupa\" \/>\n<meta name=\"robots\" content=\"index, follow, max-snippet:-1, max-image-preview:large, max-video-preview:-1\" \/>\n<link rel=\"canonical\" href=\"https:\/\/www.esin.av.tr\/tr\/2021\/08\/04\/aihme-basvuru-ve-kabul-edilebilirlik-sartlarinda-degisiklikler\/\" \/>\n<meta property=\"og:locale\" content=\"tr_TR\" \/>\n<meta property=\"og:type\" content=\"article\" \/>\n<meta property=\"og:title\" content=\"A\u0130HM&#039;e Ba\u015fvuru ve Kabul Edilebilirlik \u015eartlar\u0131nda De\u011fi\u015fiklikler\" \/>\n<meta property=\"og:description\" content=\"Yeni Geli\u015fme Avrupa \u0130nsan Haklar\u0131 S\u00f6zle\u015fmesini (&quot;A\u0130HS&quot;) De\u011fi\u015ftiren 15 No&#039;lu Protokol 1 A\u011fustos 2021 tarihinde y\u00fcr\u00fcrl\u00fc\u011fe girdi. Protokol kapsam\u0131nda Avrupa\" \/>\n<meta property=\"og:url\" content=\"https:\/\/www.esin.av.tr\/tr\/2021\/08\/04\/aihme-basvuru-ve-kabul-edilebilirlik-sartlarinda-degisiklikler\/\" \/>\n<meta property=\"og:site_name\" content=\"Esin Avukatl\u0131k Ortakl\u0131\u011f\u0131\" \/>\n<meta property=\"article:published_time\" content=\"2021-08-04T11:43:41+00:00\" \/>\n<meta property=\"article:modified_time\" content=\"2022-06-09T13:23:47+00:00\" \/>\n<meta name=\"author\" content=\"R\u0131dvan Konrat\" \/>\n<meta name=\"twitter:card\" content=\"summary_large_image\" \/>\n<meta name=\"twitter:label1\" content=\"Written by\" \/>\n\t<meta name=\"twitter:data1\" content=\"R\u0131dvan Konrat\" \/>\n\t<meta name=\"twitter:label2\" content=\"Est. reading time\" \/>\n\t<meta name=\"twitter:data2\" content=\"2 minutes\" \/>\n<script type=\"application\/ld+json\" class=\"yoast-schema-graph\">{\"@context\":\"https:\/\/schema.org\",\"@graph\":[{\"@type\":\"Article\",\"@id\":\"https:\/\/www.esin.av.tr\/tr\/2021\/08\/04\/aihme-basvuru-ve-kabul-edilebilirlik-sartlarinda-degisiklikler\/#article\",\"isPartOf\":{\"@id\":\"https:\/\/www.esin.av.tr\/tr\/2021\/08\/04\/aihme-basvuru-ve-kabul-edilebilirlik-sartlarinda-degisiklikler\/\"},\"author\":{\"name\":\"R\u0131dvan Konrat\",\"@id\":\"https:\/\/www.esin.av.tr\/tr\/#\/schema\/person\/42c8e616aab56b8622fa365ad63282ae\"},\"headline\":\"A\u0130HM&#8217;e Ba\u015fvuru ve Kabul Edilebilirlik \u015eartlar\u0131nda De\u011fi\u015fiklikler\",\"datePublished\":\"2021-08-04T11:43:41+00:00\",\"dateModified\":\"2022-06-09T13:23:47+00:00\",\"mainEntityOfPage\":{\"@id\":\"https:\/\/www.esin.av.tr\/tr\/2021\/08\/04\/aihme-basvuru-ve-kabul-edilebilirlik-sartlarinda-degisiklikler\/\"},\"wordCount\":445,\"publisher\":{\"@id\":\"https:\/\/www.esin.av.tr\/tr\/#organization\"},\"keywords\":[\"Bilgi Teknolojileri ve Telekom\u00fcnikasyon\"],\"articleSection\":[\"Hukuk B\u00fcltenleri\"],\"inLanguage\":\"tr\"},{\"@type\":\"WebPage\",\"@id\":\"https:\/\/www.esin.av.tr\/tr\/2021\/08\/04\/aihme-basvuru-ve-kabul-edilebilirlik-sartlarinda-degisiklikler\/\",\"url\":\"https:\/\/www.esin.av.tr\/tr\/2021\/08\/04\/aihme-basvuru-ve-kabul-edilebilirlik-sartlarinda-degisiklikler\/\",\"name\":\"A\u0130HM'e Ba\u015fvuru ve Kabul Edilebilirlik \u015eartlar\u0131nda De\u011fi\u015fiklikler\",\"isPartOf\":{\"@id\":\"https:\/\/www.esin.av.tr\/tr\/#website\"},\"datePublished\":\"2021-08-04T11:43:41+00:00\",\"dateModified\":\"2022-06-09T13:23:47+00:00\",\"description\":\"Yeni Geli\u015fme Avrupa \u0130nsan Haklar\u0131 S\u00f6zle\u015fmesini (\\\"A\u0130HS\\\") De\u011fi\u015ftiren 15 No'lu Protokol 1 A\u011fustos 2021 tarihinde y\u00fcr\u00fcrl\u00fc\u011fe girdi. Protokol kapsam\u0131nda Avrupa\",\"breadcrumb\":{\"@id\":\"https:\/\/www.esin.av.tr\/tr\/2021\/08\/04\/aihme-basvuru-ve-kabul-edilebilirlik-sartlarinda-degisiklikler\/#breadcrumb\"},\"inLanguage\":\"tr\",\"potentialAction\":[{\"@type\":\"ReadAction\",\"target\":[\"https:\/\/www.esin.av.tr\/tr\/2021\/08\/04\/aihme-basvuru-ve-kabul-edilebilirlik-sartlarinda-degisiklikler\/\"]}]},{\"@type\":\"BreadcrumbList\",\"@id\":\"https:\/\/www.esin.av.tr\/tr\/2021\/08\/04\/aihme-basvuru-ve-kabul-edilebilirlik-sartlarinda-degisiklikler\/#breadcrumb\",\"itemListElement\":[{\"@type\":\"ListItem\",\"position\":1,\"name\":\"Home\",\"item\":\"https:\/\/www.esin.av.tr\/tr\/\"},{\"@type\":\"ListItem\",\"position\":2,\"name\":\"A\u0130HM&#8217;e Ba\u015fvuru ve Kabul Edilebilirlik \u015eartlar\u0131nda De\u011fi\u015fiklikler\"}]},{\"@type\":\"WebSite\",\"@id\":\"https:\/\/www.esin.av.tr\/tr\/#website\",\"url\":\"https:\/\/www.esin.av.tr\/tr\/\",\"name\":\"Esin Avukatl\u0131k Ortakl\u0131\u011f\u0131\",\"description\":\"\",\"publisher\":{\"@id\":\"https:\/\/www.esin.av.tr\/tr\/#organization\"},\"potentialAction\":[{\"@type\":\"SearchAction\",\"target\":{\"@type\":\"EntryPoint\",\"urlTemplate\":\"https:\/\/www.esin.av.tr\/tr\/?s={search_term_string}\"},\"query-input\":{\"@type\":\"PropertyValueSpecification\",\"valueRequired\":true,\"valueName\":\"search_term_string\"}}],\"inLanguage\":\"tr\"},{\"@type\":\"Organization\",\"@id\":\"https:\/\/www.esin.av.tr\/tr\/#organization\",\"name\":\"Esin Avukatl\u0131k Ortakl\u0131\u011f\u0131\",\"url\":\"https:\/\/www.esin.av.tr\/tr\/\",\"logo\":{\"@type\":\"ImageObject\",\"inLanguage\":\"tr\",\"@id\":\"https:\/\/www.esin.av.tr\/tr\/#\/schema\/logo\/image\/\",\"url\":\"https:\/\/www.esin.av.tr\/wp-content\/uploads\/2021\/09\/esin-2.jpg\",\"contentUrl\":\"https:\/\/www.esin.av.tr\/wp-content\/uploads\/2021\/09\/esin-2.jpg\",\"width\":800,\"height\":460,\"caption\":\"Esin Avukatl\u0131k Ortakl\u0131\u011f\u0131\"},\"image\":{\"@id\":\"https:\/\/www.esin.av.tr\/tr\/#\/schema\/logo\/image\/\"}},{\"@type\":\"Person\",\"@id\":\"https:\/\/www.esin.av.tr\/tr\/#\/schema\/person\/42c8e616aab56b8622fa365ad63282ae\",\"name\":\"R\u0131dvan Konrat\",\"image\":{\"@type\":\"ImageObject\",\"inLanguage\":\"tr\",\"@id\":\"https:\/\/www.esin.av.tr\/tr\/#\/schema\/person\/image\/\",\"url\":\"https:\/\/secure.gravatar.com\/avatar\/b20c6c583be38ed4e76e32f69fccc676?s=96&d=mm&r=g\",\"contentUrl\":\"https:\/\/secure.gravatar.com\/avatar\/b20c6c583be38ed4e76e32f69fccc676?s=96&d=mm&r=g\",\"caption\":\"R\u0131dvan Konrat\"},\"sameAs\":[\"http:\/\/www.esin.av.tr\"],\"url\":\"https:\/\/www.esin.av.tr\/tr\/author\/rkonrat\/\"}]}<\/script>\n<!-- \/ Yoast SEO plugin. -->","yoast_head_json":{"title":"A\u0130HM'e Ba\u015fvuru ve Kabul Edilebilirlik \u015eartlar\u0131nda De\u011fi\u015fiklikler","description":"Yeni Geli\u015fme Avrupa \u0130nsan Haklar\u0131 S\u00f6zle\u015fmesini (\"A\u0130HS\") De\u011fi\u015ftiren 15 No'lu Protokol 1 A\u011fustos 2021 tarihinde y\u00fcr\u00fcrl\u00fc\u011fe girdi. Protokol kapsam\u0131nda Avrupa","robots":{"index":"index","follow":"follow","max-snippet":"max-snippet:-1","max-image-preview":"max-image-preview:large","max-video-preview":"max-video-preview:-1"},"canonical":"https:\/\/www.esin.av.tr\/tr\/2021\/08\/04\/aihme-basvuru-ve-kabul-edilebilirlik-sartlarinda-degisiklikler\/","og_locale":"tr_TR","og_type":"article","og_title":"A\u0130HM'e Ba\u015fvuru ve Kabul Edilebilirlik \u015eartlar\u0131nda De\u011fi\u015fiklikler","og_description":"Yeni Geli\u015fme Avrupa \u0130nsan Haklar\u0131 S\u00f6zle\u015fmesini (\"A\u0130HS\") De\u011fi\u015ftiren 15 No'lu Protokol 1 A\u011fustos 2021 tarihinde y\u00fcr\u00fcrl\u00fc\u011fe girdi. Protokol kapsam\u0131nda Avrupa","og_url":"https:\/\/www.esin.av.tr\/tr\/2021\/08\/04\/aihme-basvuru-ve-kabul-edilebilirlik-sartlarinda-degisiklikler\/","og_site_name":"Esin Avukatl\u0131k Ortakl\u0131\u011f\u0131","article_published_time":"2021-08-04T11:43:41+00:00","article_modified_time":"2022-06-09T13:23:47+00:00","author":"R\u0131dvan Konrat","twitter_card":"summary_large_image","twitter_misc":{"Written by":"R\u0131dvan Konrat","Est. reading time":"2 minutes"},"schema":{"@context":"https:\/\/schema.org","@graph":[{"@type":"Article","@id":"https:\/\/www.esin.av.tr\/tr\/2021\/08\/04\/aihme-basvuru-ve-kabul-edilebilirlik-sartlarinda-degisiklikler\/#article","isPartOf":{"@id":"https:\/\/www.esin.av.tr\/tr\/2021\/08\/04\/aihme-basvuru-ve-kabul-edilebilirlik-sartlarinda-degisiklikler\/"},"author":{"name":"R\u0131dvan Konrat","@id":"https:\/\/www.esin.av.tr\/tr\/#\/schema\/person\/42c8e616aab56b8622fa365ad63282ae"},"headline":"A\u0130HM&#8217;e Ba\u015fvuru ve Kabul Edilebilirlik \u015eartlar\u0131nda De\u011fi\u015fiklikler","datePublished":"2021-08-04T11:43:41+00:00","dateModified":"2022-06-09T13:23:47+00:00","mainEntityOfPage":{"@id":"https:\/\/www.esin.av.tr\/tr\/2021\/08\/04\/aihme-basvuru-ve-kabul-edilebilirlik-sartlarinda-degisiklikler\/"},"wordCount":445,"publisher":{"@id":"https:\/\/www.esin.av.tr\/tr\/#organization"},"keywords":["Bilgi Teknolojileri ve Telekom\u00fcnikasyon"],"articleSection":["Hukuk B\u00fcltenleri"],"inLanguage":"tr"},{"@type":"WebPage","@id":"https:\/\/www.esin.av.tr\/tr\/2021\/08\/04\/aihme-basvuru-ve-kabul-edilebilirlik-sartlarinda-degisiklikler\/","url":"https:\/\/www.esin.av.tr\/tr\/2021\/08\/04\/aihme-basvuru-ve-kabul-edilebilirlik-sartlarinda-degisiklikler\/","name":"A\u0130HM'e Ba\u015fvuru ve Kabul Edilebilirlik \u015eartlar\u0131nda De\u011fi\u015fiklikler","isPartOf":{"@id":"https:\/\/www.esin.av.tr\/tr\/#website"},"datePublished":"2021-08-04T11:43:41+00:00","dateModified":"2022-06-09T13:23:47+00:00","description":"Yeni Geli\u015fme Avrupa \u0130nsan Haklar\u0131 S\u00f6zle\u015fmesini (\"A\u0130HS\") De\u011fi\u015ftiren 15 No'lu Protokol 1 A\u011fustos 2021 tarihinde y\u00fcr\u00fcrl\u00fc\u011fe girdi. Protokol kapsam\u0131nda Avrupa","breadcrumb":{"@id":"https:\/\/www.esin.av.tr\/tr\/2021\/08\/04\/aihme-basvuru-ve-kabul-edilebilirlik-sartlarinda-degisiklikler\/#breadcrumb"},"inLanguage":"tr","potentialAction":[{"@type":"ReadAction","target":["https:\/\/www.esin.av.tr\/tr\/2021\/08\/04\/aihme-basvuru-ve-kabul-edilebilirlik-sartlarinda-degisiklikler\/"]}]},{"@type":"BreadcrumbList","@id":"https:\/\/www.esin.av.tr\/tr\/2021\/08\/04\/aihme-basvuru-ve-kabul-edilebilirlik-sartlarinda-degisiklikler\/#breadcrumb","itemListElement":[{"@type":"ListItem","position":1,"name":"Home","item":"https:\/\/www.esin.av.tr\/tr\/"},{"@type":"ListItem","position":2,"name":"A\u0130HM&#8217;e Ba\u015fvuru ve Kabul Edilebilirlik \u015eartlar\u0131nda De\u011fi\u015fiklikler"}]},{"@type":"WebSite","@id":"https:\/\/www.esin.av.tr\/tr\/#website","url":"https:\/\/www.esin.av.tr\/tr\/","name":"Esin Avukatl\u0131k Ortakl\u0131\u011f\u0131","description":"","publisher":{"@id":"https:\/\/www.esin.av.tr\/tr\/#organization"},"potentialAction":[{"@type":"SearchAction","target":{"@type":"EntryPoint","urlTemplate":"https:\/\/www.esin.av.tr\/tr\/?s={search_term_string}"},"query-input":{"@type":"PropertyValueSpecification","valueRequired":true,"valueName":"search_term_string"}}],"inLanguage":"tr"},{"@type":"Organization","@id":"https:\/\/www.esin.av.tr\/tr\/#organization","name":"Esin Avukatl\u0131k Ortakl\u0131\u011f\u0131","url":"https:\/\/www.esin.av.tr\/tr\/","logo":{"@type":"ImageObject","inLanguage":"tr","@id":"https:\/\/www.esin.av.tr\/tr\/#\/schema\/logo\/image\/","url":"https:\/\/www.esin.av.tr\/wp-content\/uploads\/2021\/09\/esin-2.jpg","contentUrl":"https:\/\/www.esin.av.tr\/wp-content\/uploads\/2021\/09\/esin-2.jpg","width":800,"height":460,"caption":"Esin Avukatl\u0131k Ortakl\u0131\u011f\u0131"},"image":{"@id":"https:\/\/www.esin.av.tr\/tr\/#\/schema\/logo\/image\/"}},{"@type":"Person","@id":"https:\/\/www.esin.av.tr\/tr\/#\/schema\/person\/42c8e616aab56b8622fa365ad63282ae","name":"R\u0131dvan Konrat","image":{"@type":"ImageObject","inLanguage":"tr","@id":"https:\/\/www.esin.av.tr\/tr\/#\/schema\/person\/image\/","url":"https:\/\/secure.gravatar.com\/avatar\/b20c6c583be38ed4e76e32f69fccc676?s=96&d=mm&r=g","contentUrl":"https:\/\/secure.gravatar.com\/avatar\/b20c6c583be38ed4e76e32f69fccc676?s=96&d=mm&r=g","caption":"R\u0131dvan Konrat"},"sameAs":["http:\/\/www.esin.av.tr"],"url":"https:\/\/www.esin.av.tr\/tr\/author\/rkonrat\/"}]}},"_links":{"self":[{"href":"https:\/\/www.esin.av.tr\/tr\/wp-json\/wp\/v2\/posts\/19817","targetHints":{"allow":["GET"]}}],"collection":[{"href":"https:\/\/www.esin.av.tr\/tr\/wp-json\/wp\/v2\/posts"}],"about":[{"href":"https:\/\/www.esin.av.tr\/tr\/wp-json\/wp\/v2\/types\/post"}],"author":[{"embeddable":true,"href":"https:\/\/www.esin.av.tr\/tr\/wp-json\/wp\/v2\/users\/4"}],"replies":[{"embeddable":true,"href":"https:\/\/www.esin.av.tr\/tr\/wp-json\/wp\/v2\/comments?post=19817"}],"version-history":[{"count":1,"href":"https:\/\/www.esin.av.tr\/tr\/wp-json\/wp\/v2\/posts\/19817\/revisions"}],"predecessor-version":[{"id":19818,"href":"https:\/\/www.esin.av.tr\/tr\/wp-json\/wp\/v2\/posts\/19817\/revisions\/19818"}],"wp:attachment":[{"href":"https:\/\/www.esin.av.tr\/tr\/wp-json\/wp\/v2\/media?parent=19817"}],"wp:term":[{"taxonomy":"category","embeddable":true,"href":"https:\/\/www.esin.av.tr\/tr\/wp-json\/wp\/v2\/categories?post=19817"},{"taxonomy":"post_tag","embeddable":true,"href":"https:\/\/www.esin.av.tr\/tr\/wp-json\/wp\/v2\/tags?post=19817"}],"curies":[{"name":"wp","href":"https:\/\/api.w.org\/{rel}","templated":true}]}}