{"id":19815,"date":"2021-08-04T11:42:32","date_gmt":"2021-08-04T11:42:32","guid":{"rendered":"https:\/\/www.esin.av.tr\/?p=19815"},"modified":"2022-06-09T13:23:50","modified_gmt":"2022-06-09T13:23:50","slug":"cek-kanununda-yer-alan-karsiliksiz-cek-keside-etme-sucunun-cezasina-iliskin-duzenlemede-degisiklik-yapildi","status":"publish","type":"post","link":"https:\/\/www.esin.av.tr\/tr\/2021\/08\/04\/cek-kanununda-yer-alan-karsiliksiz-cek-keside-etme-sucunun-cezasina-iliskin-duzenlemede-degisiklik-yapildi\/","title":{"rendered":"\u00c7ek Kanunu&#8217;nda Yer Alan Kar\u015f\u0131l\u0131ks\u0131z \u00c7ek Ke\u015fide Etme Su\u00e7unun Cezas\u0131na \u0130li\u015fkin D\u00fczenlemede De\u011fi\u015fiklik Yap\u0131ld\u0131"},"content":{"rendered":"<p><strong>Yeni Geli\u015fme<\/strong><\/p>\n<p>7333 say\u0131l\u0131 Baz\u0131 Kanun ve Kanun H\u00fckm\u00fcnde Kararnamelerde De\u011fi\u015fiklik Yap\u0131lmas\u0131na Dair Kanun (&#8220;<strong>Kanun<\/strong>&#8220;) 18 Temmuz 2021 tarihli Resmi Gazete&#8217;de yay\u0131mland\u0131. Kanun&#8217;un 17. maddesi ile birlikte 5941 say\u0131l\u0131 \u00c7ek Kanunu&#8217;nun (&#8220;<strong>\u00c7ek Kanunu<\/strong>&#8220;) kar\u015f\u0131l\u0131ks\u0131z \u00e7ek ke\u015fide etme su\u00e7unun cezas\u0131n\u0131 ve cezan\u0131n infaz\u0131n\u0131 d\u00fczenleme alt\u0131na alan Ge\u00e7ici 5. maddesinde \u00f6nemli de\u011fi\u015fiklikler yap\u0131ld\u0131.<\/p>\n<p><strong>Madde De\u011fi\u015fiklikten \u00d6nce Ne Diyordu? <\/strong><\/p>\n<p>\u00c7ek Kanunu&#8217;nun Ge\u00e7ici 5. maddesinin birinci f\u0131kras\u0131nda yap\u0131lan yeni de\u011fi\u015fiklikten \u00f6nce, madde, kar\u015f\u0131l\u0131ks\u0131z \u00e7ek ke\u015fide etme su\u00e7unu 24.03.2020 tarihine kadar i\u015flemi\u015f ve bu sebeple mahk\u00fbm olmu\u015f ki\u015fileri kapsamaktayd\u0131 ve bu ki\u015filerin cezalar\u0131n\u0131n infaz\u0131 26.03.2020 tarihi itibariyle durdurulmu\u015ftu.<\/p>\n<p>Maddenin eski hali uyar\u0131nca;\u00a0 h\u00fck\u00fcml\u00fc ki\u015fi, tahliye tarihinden itibaren en ge\u00e7 \u00fc\u00e7 ay i\u00e7erisinde \u00e7ek bedelinin \u00f6denmeyen k\u0131sm\u0131n\u0131n %10&#8217;unu alacakl\u0131ya \u00f6demek zorundayd\u0131. Bu tutar\u0131n alacakl\u0131ya \u00f6denmemesi halinde, alacakl\u0131n\u0131n \u015fik\u00e2yeti \u00fczerine mahkeme taraf\u0131ndan h\u00fckm\u00fcn infaz\u0131n\u0131n devam\u0131na karar veriliyordu.<\/p>\n<p>Kalan %90&#8217;lik k\u0131sm\u0131n \u00fc\u00e7 ayl\u0131k s\u00fcrenin bitimi tarihinden itibaren iki\u015fer ay arayla on be\u015f e\u015fit taksitle \u00f6denmesi durumunda ise h\u00fck\u00fcm veren Mahkeme taraf\u0131ndan ceza mahk\u00fbmiyetinin b\u00fct\u00fcn sonu\u00e7lar\u0131yla ortadan kald\u0131r\u0131lmas\u0131na karar veriliyordu. Taksitlerden birinin s\u00fcresi i\u00e7inde \u00f6denmedi\u011fi ilk halde, bu taksit s\u00fcrenin sonuna bir taksit olarak eklenmekteydi. Bir taksitin daha \u00f6denmemesi halinde ise, mahkeme alacakl\u0131n\u0131n \u015fik\u00e2yeti \u00fczerine h\u00fckm\u00fcn infaz\u0131n\u0131n devam\u0131na karar vermekteydi.<\/p>\n<p><strong>Yeni D\u00fczenleme Ne Diyor? <\/strong><\/p>\n<p>Kanun&#8217;un 17. maddesi ile de\u011fi\u015fen Ge\u00e7ici 5. madde uyar\u0131nca, kar\u015f\u0131l\u0131ks\u0131z \u00e7ek ke\u015fide etme su\u00e7unu 30.04.2021 tarihine kadar i\u015flemi\u015f ve bu sebeple mahk\u00fbm olmu\u015f ki\u015filerin cezalar\u0131n\u0131n infaz\u0131 duracakt\u0131r.<\/p>\n<p>Maddenin yeni hali uyar\u0131nca; h\u00fck\u00fcml\u00fc ki\u015fi, 28.07.2021 tarihinden 30.06.2022 tarihine kadar \u00e7ek bedelinin \u00f6denmeyen k\u0131sm\u0131n\u0131n %10&#8217;unu alacakl\u0131ya \u00f6demek zorundad\u0131r. Bu tutar\u0131n belirtilen tarihe kadar alacakl\u0131ya \u00f6denmemesi halinde, maddenin eski hali ile paralel bir \u015fekilde, alacakl\u0131n\u0131n \u015fik\u00e2yeti \u00fczerine mahkeme taraf\u0131ndan h\u00fckm\u00fcn infaz\u0131na karar verilecektir.<\/p>\n<p>Kalan %90&#8217;l\u0131k k\u0131sm\u0131n 30.06.2022 tarihinden itibaren iki\u015fer ay arayla on be\u015f e\u015fit taksitle \u00f6demesi durumunda ise mahkemece, ceza mahk\u00fbmiyetinin b\u00fct\u00fcn sonu\u00e7lar\u0131yla ortadan kald\u0131r\u0131lmas\u0131na karar verilecektir.<\/p>\n<p>Maddenin eski haline paralel olarak; taksitlerden birinin s\u00fcresi i\u00e7inde \u00f6denmedi\u011fi ilk halde, bu taksit s\u00fcrenin sonuna bir taksit olarak eklenecektir. Bir taksitin daha \u00f6denmemesi halinde ise, mahkeme alacakl\u0131n\u0131n \u015fik\u00e2yeti \u00fczerine h\u00fckm\u00fcn infaz\u0131n\u0131n devam\u0131na karar verilecektir.<\/p>\n<p><strong>Sonu\u00e7<\/strong><\/p>\n<p>Kanun ile \u00c7ek Kanunu&#8217;nda yer alan ve kar\u015f\u0131l\u0131ks\u0131z \u00e7ek ke\u015fide etme su\u00e7unun cezas\u0131n\u0131n infaz\u0131na ili\u015fkin d\u00fczenlemede \u00f6nemli de\u011fi\u015fiklikler yap\u0131lm\u0131\u015ft\u0131r. Kanaatimizce bu de\u011fi\u015fiklikler ile baz\u0131 belirsiz uygulamalara netlik kazand\u0131r\u0131lm\u0131\u015ft\u0131r.<\/p>\n","protected":false},"excerpt":{"rendered":"<p>Yeni Geli\u015fme 7333 say\u0131l\u0131 Baz\u0131 Kanun ve Kanun H\u00fckm\u00fcnde Kararnamelerde De\u011fi\u015fiklik Yap\u0131lmas\u0131na Dair Kanun (&#8220;Kanun&#8220;) 18 Temmuz 2021 tarihli Resmi [&hellip;]<\/p>\n","protected":false},"author":4,"featured_media":0,"comment_status":"closed","ping_status":"closed","sticky":false,"template":"","format":"standard","meta":{"_acf_changed":false,"_stopmodifiedupdate":false,"_modified_date":"","footnotes":""},"categories":[120],"tags":[96],"class_list":["post-19815","post","type-post","status-publish","format-standard","hentry","category-legal-alerts","tag-dispute-resolution-tr"],"acf":[],"yoast_head":"<!-- This site is optimized with the Yoast SEO plugin v24.0 - https:\/\/yoast.com\/wordpress\/plugins\/seo\/ -->\n<title>\u00c7ek Kanunu&#039;nda Yer Alan Kar\u015f\u0131l\u0131ks\u0131z \u00c7ek Ke\u015fide Etme Su\u00e7unun Cezas\u0131na \u0130li\u015fkin D\u00fczenlemede De\u011fi\u015fiklik Yap\u0131ld\u0131<\/title>\n<meta name=\"description\" content=\"Yeni Geli\u015fme 7333 say\u0131l\u0131 Baz\u0131 Kanun ve Kanun H\u00fckm\u00fcnde Kararnamelerde De\u011fi\u015fiklik Yap\u0131lmas\u0131na Dair Kanun (&quot;Kanun&quot;) 18 Temmuz 2021 tarihli Resmi Gazete&#039;de\" \/>\n<meta name=\"robots\" content=\"index, follow, max-snippet:-1, max-image-preview:large, max-video-preview:-1\" \/>\n<link rel=\"canonical\" href=\"https:\/\/www.esin.av.tr\/tr\/2021\/08\/04\/cek-kanununda-yer-alan-karsiliksiz-cek-keside-etme-sucunun-cezasina-iliskin-duzenlemede-degisiklik-yapildi\/\" \/>\n<meta property=\"og:locale\" content=\"tr_TR\" \/>\n<meta property=\"og:type\" content=\"article\" \/>\n<meta property=\"og:title\" content=\"\u00c7ek Kanunu&#039;nda Yer Alan Kar\u015f\u0131l\u0131ks\u0131z \u00c7ek Ke\u015fide Etme Su\u00e7unun Cezas\u0131na \u0130li\u015fkin D\u00fczenlemede De\u011fi\u015fiklik Yap\u0131ld\u0131\" \/>\n<meta property=\"og:description\" content=\"Yeni Geli\u015fme 7333 say\u0131l\u0131 Baz\u0131 Kanun ve Kanun H\u00fckm\u00fcnde Kararnamelerde De\u011fi\u015fiklik Yap\u0131lmas\u0131na Dair Kanun (&quot;Kanun&quot;) 18 Temmuz 2021 tarihli Resmi Gazete&#039;de\" \/>\n<meta property=\"og:url\" content=\"https:\/\/www.esin.av.tr\/tr\/2021\/08\/04\/cek-kanununda-yer-alan-karsiliksiz-cek-keside-etme-sucunun-cezasina-iliskin-duzenlemede-degisiklik-yapildi\/\" \/>\n<meta property=\"og:site_name\" content=\"Esin Avukatl\u0131k Ortakl\u0131\u011f\u0131\" \/>\n<meta property=\"article:published_time\" content=\"2021-08-04T11:42:32+00:00\" \/>\n<meta property=\"article:modified_time\" content=\"2022-06-09T13:23:50+00:00\" \/>\n<meta name=\"author\" content=\"R\u0131dvan Konrat\" \/>\n<meta name=\"twitter:card\" content=\"summary_large_image\" \/>\n<meta name=\"twitter:label1\" content=\"Written by\" \/>\n\t<meta name=\"twitter:data1\" content=\"R\u0131dvan Konrat\" \/>\n\t<meta name=\"twitter:label2\" content=\"Est. reading time\" \/>\n\t<meta name=\"twitter:data2\" content=\"2 minutes\" \/>\n<script type=\"application\/ld+json\" class=\"yoast-schema-graph\">{\"@context\":\"https:\/\/schema.org\",\"@graph\":[{\"@type\":\"Article\",\"@id\":\"https:\/\/www.esin.av.tr\/tr\/2021\/08\/04\/cek-kanununda-yer-alan-karsiliksiz-cek-keside-etme-sucunun-cezasina-iliskin-duzenlemede-degisiklik-yapildi\/#article\",\"isPartOf\":{\"@id\":\"https:\/\/www.esin.av.tr\/tr\/2021\/08\/04\/cek-kanununda-yer-alan-karsiliksiz-cek-keside-etme-sucunun-cezasina-iliskin-duzenlemede-degisiklik-yapildi\/\"},\"author\":{\"name\":\"R\u0131dvan Konrat\",\"@id\":\"https:\/\/www.esin.av.tr\/tr\/#\/schema\/person\/42c8e616aab56b8622fa365ad63282ae\"},\"headline\":\"\u00c7ek Kanunu&#8217;nda Yer Alan Kar\u015f\u0131l\u0131ks\u0131z \u00c7ek Ke\u015fide Etme Su\u00e7unun Cezas\u0131na \u0130li\u015fkin D\u00fczenlemede De\u011fi\u015fiklik Yap\u0131ld\u0131\",\"datePublished\":\"2021-08-04T11:42:32+00:00\",\"dateModified\":\"2022-06-09T13:23:50+00:00\",\"mainEntityOfPage\":{\"@id\":\"https:\/\/www.esin.av.tr\/tr\/2021\/08\/04\/cek-kanununda-yer-alan-karsiliksiz-cek-keside-etme-sucunun-cezasina-iliskin-duzenlemede-degisiklik-yapildi\/\"},\"wordCount\":542,\"publisher\":{\"@id\":\"https:\/\/www.esin.av.tr\/tr\/#organization\"},\"keywords\":[\"Uyu\u015fmazl\u0131k \u00c7\u00f6z\u00fcm\u00fc\"],\"articleSection\":[\"Hukuk B\u00fcltenleri\"],\"inLanguage\":\"tr\"},{\"@type\":\"WebPage\",\"@id\":\"https:\/\/www.esin.av.tr\/tr\/2021\/08\/04\/cek-kanununda-yer-alan-karsiliksiz-cek-keside-etme-sucunun-cezasina-iliskin-duzenlemede-degisiklik-yapildi\/\",\"url\":\"https:\/\/www.esin.av.tr\/tr\/2021\/08\/04\/cek-kanununda-yer-alan-karsiliksiz-cek-keside-etme-sucunun-cezasina-iliskin-duzenlemede-degisiklik-yapildi\/\",\"name\":\"\u00c7ek Kanunu'nda Yer Alan Kar\u015f\u0131l\u0131ks\u0131z \u00c7ek Ke\u015fide Etme Su\u00e7unun Cezas\u0131na \u0130li\u015fkin D\u00fczenlemede De\u011fi\u015fiklik Yap\u0131ld\u0131\",\"isPartOf\":{\"@id\":\"https:\/\/www.esin.av.tr\/tr\/#website\"},\"datePublished\":\"2021-08-04T11:42:32+00:00\",\"dateModified\":\"2022-06-09T13:23:50+00:00\",\"description\":\"Yeni Geli\u015fme 7333 say\u0131l\u0131 Baz\u0131 Kanun ve Kanun H\u00fckm\u00fcnde Kararnamelerde De\u011fi\u015fiklik Yap\u0131lmas\u0131na Dair Kanun (\\\"Kanun\\\") 18 Temmuz 2021 tarihli Resmi Gazete'de\",\"breadcrumb\":{\"@id\":\"https:\/\/www.esin.av.tr\/tr\/2021\/08\/04\/cek-kanununda-yer-alan-karsiliksiz-cek-keside-etme-sucunun-cezasina-iliskin-duzenlemede-degisiklik-yapildi\/#breadcrumb\"},\"inLanguage\":\"tr\",\"potentialAction\":[{\"@type\":\"ReadAction\",\"target\":[\"https:\/\/www.esin.av.tr\/tr\/2021\/08\/04\/cek-kanununda-yer-alan-karsiliksiz-cek-keside-etme-sucunun-cezasina-iliskin-duzenlemede-degisiklik-yapildi\/\"]}]},{\"@type\":\"BreadcrumbList\",\"@id\":\"https:\/\/www.esin.av.tr\/tr\/2021\/08\/04\/cek-kanununda-yer-alan-karsiliksiz-cek-keside-etme-sucunun-cezasina-iliskin-duzenlemede-degisiklik-yapildi\/#breadcrumb\",\"itemListElement\":[{\"@type\":\"ListItem\",\"position\":1,\"name\":\"Home\",\"item\":\"https:\/\/www.esin.av.tr\/tr\/\"},{\"@type\":\"ListItem\",\"position\":2,\"name\":\"\u00c7ek Kanunu&#8217;nda Yer Alan Kar\u015f\u0131l\u0131ks\u0131z \u00c7ek Ke\u015fide Etme Su\u00e7unun Cezas\u0131na \u0130li\u015fkin D\u00fczenlemede De\u011fi\u015fiklik Yap\u0131ld\u0131\"}]},{\"@type\":\"WebSite\",\"@id\":\"https:\/\/www.esin.av.tr\/tr\/#website\",\"url\":\"https:\/\/www.esin.av.tr\/tr\/\",\"name\":\"Esin Avukatl\u0131k Ortakl\u0131\u011f\u0131\",\"description\":\"\",\"publisher\":{\"@id\":\"https:\/\/www.esin.av.tr\/tr\/#organization\"},\"potentialAction\":[{\"@type\":\"SearchAction\",\"target\":{\"@type\":\"EntryPoint\",\"urlTemplate\":\"https:\/\/www.esin.av.tr\/tr\/?s={search_term_string}\"},\"query-input\":{\"@type\":\"PropertyValueSpecification\",\"valueRequired\":true,\"valueName\":\"search_term_string\"}}],\"inLanguage\":\"tr\"},{\"@type\":\"Organization\",\"@id\":\"https:\/\/www.esin.av.tr\/tr\/#organization\",\"name\":\"Esin Avukatl\u0131k Ortakl\u0131\u011f\u0131\",\"url\":\"https:\/\/www.esin.av.tr\/tr\/\",\"logo\":{\"@type\":\"ImageObject\",\"inLanguage\":\"tr\",\"@id\":\"https:\/\/www.esin.av.tr\/tr\/#\/schema\/logo\/image\/\",\"url\":\"https:\/\/www.esin.av.tr\/wp-content\/uploads\/2021\/09\/esin-2.jpg\",\"contentUrl\":\"https:\/\/www.esin.av.tr\/wp-content\/uploads\/2021\/09\/esin-2.jpg\",\"width\":800,\"height\":460,\"caption\":\"Esin Avukatl\u0131k Ortakl\u0131\u011f\u0131\"},\"image\":{\"@id\":\"https:\/\/www.esin.av.tr\/tr\/#\/schema\/logo\/image\/\"}},{\"@type\":\"Person\",\"@id\":\"https:\/\/www.esin.av.tr\/tr\/#\/schema\/person\/42c8e616aab56b8622fa365ad63282ae\",\"name\":\"R\u0131dvan Konrat\",\"image\":{\"@type\":\"ImageObject\",\"inLanguage\":\"tr\",\"@id\":\"https:\/\/www.esin.av.tr\/tr\/#\/schema\/person\/image\/\",\"url\":\"https:\/\/secure.gravatar.com\/avatar\/b20c6c583be38ed4e76e32f69fccc676?s=96&d=mm&r=g\",\"contentUrl\":\"https:\/\/secure.gravatar.com\/avatar\/b20c6c583be38ed4e76e32f69fccc676?s=96&d=mm&r=g\",\"caption\":\"R\u0131dvan Konrat\"},\"sameAs\":[\"http:\/\/www.esin.av.tr\"],\"url\":\"https:\/\/www.esin.av.tr\/tr\/author\/rkonrat\/\"}]}<\/script>\n<!-- \/ Yoast SEO plugin. -->","yoast_head_json":{"title":"\u00c7ek Kanunu'nda Yer Alan Kar\u015f\u0131l\u0131ks\u0131z \u00c7ek Ke\u015fide Etme Su\u00e7unun Cezas\u0131na \u0130li\u015fkin D\u00fczenlemede De\u011fi\u015fiklik Yap\u0131ld\u0131","description":"Yeni Geli\u015fme 7333 say\u0131l\u0131 Baz\u0131 Kanun ve Kanun H\u00fckm\u00fcnde Kararnamelerde De\u011fi\u015fiklik Yap\u0131lmas\u0131na Dair Kanun (\"Kanun\") 18 Temmuz 2021 tarihli Resmi Gazete'de","robots":{"index":"index","follow":"follow","max-snippet":"max-snippet:-1","max-image-preview":"max-image-preview:large","max-video-preview":"max-video-preview:-1"},"canonical":"https:\/\/www.esin.av.tr\/tr\/2021\/08\/04\/cek-kanununda-yer-alan-karsiliksiz-cek-keside-etme-sucunun-cezasina-iliskin-duzenlemede-degisiklik-yapildi\/","og_locale":"tr_TR","og_type":"article","og_title":"\u00c7ek Kanunu'nda Yer Alan Kar\u015f\u0131l\u0131ks\u0131z \u00c7ek Ke\u015fide Etme Su\u00e7unun Cezas\u0131na \u0130li\u015fkin D\u00fczenlemede De\u011fi\u015fiklik Yap\u0131ld\u0131","og_description":"Yeni Geli\u015fme 7333 say\u0131l\u0131 Baz\u0131 Kanun ve Kanun H\u00fckm\u00fcnde Kararnamelerde De\u011fi\u015fiklik Yap\u0131lmas\u0131na Dair Kanun (\"Kanun\") 18 Temmuz 2021 tarihli Resmi Gazete'de","og_url":"https:\/\/www.esin.av.tr\/tr\/2021\/08\/04\/cek-kanununda-yer-alan-karsiliksiz-cek-keside-etme-sucunun-cezasina-iliskin-duzenlemede-degisiklik-yapildi\/","og_site_name":"Esin Avukatl\u0131k Ortakl\u0131\u011f\u0131","article_published_time":"2021-08-04T11:42:32+00:00","article_modified_time":"2022-06-09T13:23:50+00:00","author":"R\u0131dvan Konrat","twitter_card":"summary_large_image","twitter_misc":{"Written by":"R\u0131dvan Konrat","Est. reading time":"2 minutes"},"schema":{"@context":"https:\/\/schema.org","@graph":[{"@type":"Article","@id":"https:\/\/www.esin.av.tr\/tr\/2021\/08\/04\/cek-kanununda-yer-alan-karsiliksiz-cek-keside-etme-sucunun-cezasina-iliskin-duzenlemede-degisiklik-yapildi\/#article","isPartOf":{"@id":"https:\/\/www.esin.av.tr\/tr\/2021\/08\/04\/cek-kanununda-yer-alan-karsiliksiz-cek-keside-etme-sucunun-cezasina-iliskin-duzenlemede-degisiklik-yapildi\/"},"author":{"name":"R\u0131dvan Konrat","@id":"https:\/\/www.esin.av.tr\/tr\/#\/schema\/person\/42c8e616aab56b8622fa365ad63282ae"},"headline":"\u00c7ek Kanunu&#8217;nda Yer Alan Kar\u015f\u0131l\u0131ks\u0131z \u00c7ek Ke\u015fide Etme Su\u00e7unun Cezas\u0131na \u0130li\u015fkin D\u00fczenlemede De\u011fi\u015fiklik Yap\u0131ld\u0131","datePublished":"2021-08-04T11:42:32+00:00","dateModified":"2022-06-09T13:23:50+00:00","mainEntityOfPage":{"@id":"https:\/\/www.esin.av.tr\/tr\/2021\/08\/04\/cek-kanununda-yer-alan-karsiliksiz-cek-keside-etme-sucunun-cezasina-iliskin-duzenlemede-degisiklik-yapildi\/"},"wordCount":542,"publisher":{"@id":"https:\/\/www.esin.av.tr\/tr\/#organization"},"keywords":["Uyu\u015fmazl\u0131k \u00c7\u00f6z\u00fcm\u00fc"],"articleSection":["Hukuk B\u00fcltenleri"],"inLanguage":"tr"},{"@type":"WebPage","@id":"https:\/\/www.esin.av.tr\/tr\/2021\/08\/04\/cek-kanununda-yer-alan-karsiliksiz-cek-keside-etme-sucunun-cezasina-iliskin-duzenlemede-degisiklik-yapildi\/","url":"https:\/\/www.esin.av.tr\/tr\/2021\/08\/04\/cek-kanununda-yer-alan-karsiliksiz-cek-keside-etme-sucunun-cezasina-iliskin-duzenlemede-degisiklik-yapildi\/","name":"\u00c7ek Kanunu'nda Yer Alan Kar\u015f\u0131l\u0131ks\u0131z \u00c7ek Ke\u015fide Etme Su\u00e7unun Cezas\u0131na \u0130li\u015fkin D\u00fczenlemede De\u011fi\u015fiklik Yap\u0131ld\u0131","isPartOf":{"@id":"https:\/\/www.esin.av.tr\/tr\/#website"},"datePublished":"2021-08-04T11:42:32+00:00","dateModified":"2022-06-09T13:23:50+00:00","description":"Yeni Geli\u015fme 7333 say\u0131l\u0131 Baz\u0131 Kanun ve Kanun H\u00fckm\u00fcnde Kararnamelerde De\u011fi\u015fiklik Yap\u0131lmas\u0131na Dair Kanun (\"Kanun\") 18 Temmuz 2021 tarihli Resmi Gazete'de","breadcrumb":{"@id":"https:\/\/www.esin.av.tr\/tr\/2021\/08\/04\/cek-kanununda-yer-alan-karsiliksiz-cek-keside-etme-sucunun-cezasina-iliskin-duzenlemede-degisiklik-yapildi\/#breadcrumb"},"inLanguage":"tr","potentialAction":[{"@type":"ReadAction","target":["https:\/\/www.esin.av.tr\/tr\/2021\/08\/04\/cek-kanununda-yer-alan-karsiliksiz-cek-keside-etme-sucunun-cezasina-iliskin-duzenlemede-degisiklik-yapildi\/"]}]},{"@type":"BreadcrumbList","@id":"https:\/\/www.esin.av.tr\/tr\/2021\/08\/04\/cek-kanununda-yer-alan-karsiliksiz-cek-keside-etme-sucunun-cezasina-iliskin-duzenlemede-degisiklik-yapildi\/#breadcrumb","itemListElement":[{"@type":"ListItem","position":1,"name":"Home","item":"https:\/\/www.esin.av.tr\/tr\/"},{"@type":"ListItem","position":2,"name":"\u00c7ek Kanunu&#8217;nda Yer Alan Kar\u015f\u0131l\u0131ks\u0131z \u00c7ek Ke\u015fide Etme Su\u00e7unun Cezas\u0131na \u0130li\u015fkin D\u00fczenlemede De\u011fi\u015fiklik Yap\u0131ld\u0131"}]},{"@type":"WebSite","@id":"https:\/\/www.esin.av.tr\/tr\/#website","url":"https:\/\/www.esin.av.tr\/tr\/","name":"Esin Avukatl\u0131k Ortakl\u0131\u011f\u0131","description":"","publisher":{"@id":"https:\/\/www.esin.av.tr\/tr\/#organization"},"potentialAction":[{"@type":"SearchAction","target":{"@type":"EntryPoint","urlTemplate":"https:\/\/www.esin.av.tr\/tr\/?s={search_term_string}"},"query-input":{"@type":"PropertyValueSpecification","valueRequired":true,"valueName":"search_term_string"}}],"inLanguage":"tr"},{"@type":"Organization","@id":"https:\/\/www.esin.av.tr\/tr\/#organization","name":"Esin Avukatl\u0131k Ortakl\u0131\u011f\u0131","url":"https:\/\/www.esin.av.tr\/tr\/","logo":{"@type":"ImageObject","inLanguage":"tr","@id":"https:\/\/www.esin.av.tr\/tr\/#\/schema\/logo\/image\/","url":"https:\/\/www.esin.av.tr\/wp-content\/uploads\/2021\/09\/esin-2.jpg","contentUrl":"https:\/\/www.esin.av.tr\/wp-content\/uploads\/2021\/09\/esin-2.jpg","width":800,"height":460,"caption":"Esin Avukatl\u0131k Ortakl\u0131\u011f\u0131"},"image":{"@id":"https:\/\/www.esin.av.tr\/tr\/#\/schema\/logo\/image\/"}},{"@type":"Person","@id":"https:\/\/www.esin.av.tr\/tr\/#\/schema\/person\/42c8e616aab56b8622fa365ad63282ae","name":"R\u0131dvan Konrat","image":{"@type":"ImageObject","inLanguage":"tr","@id":"https:\/\/www.esin.av.tr\/tr\/#\/schema\/person\/image\/","url":"https:\/\/secure.gravatar.com\/avatar\/b20c6c583be38ed4e76e32f69fccc676?s=96&d=mm&r=g","contentUrl":"https:\/\/secure.gravatar.com\/avatar\/b20c6c583be38ed4e76e32f69fccc676?s=96&d=mm&r=g","caption":"R\u0131dvan Konrat"},"sameAs":["http:\/\/www.esin.av.tr"],"url":"https:\/\/www.esin.av.tr\/tr\/author\/rkonrat\/"}]}},"_links":{"self":[{"href":"https:\/\/www.esin.av.tr\/tr\/wp-json\/wp\/v2\/posts\/19815","targetHints":{"allow":["GET"]}}],"collection":[{"href":"https:\/\/www.esin.av.tr\/tr\/wp-json\/wp\/v2\/posts"}],"about":[{"href":"https:\/\/www.esin.av.tr\/tr\/wp-json\/wp\/v2\/types\/post"}],"author":[{"embeddable":true,"href":"https:\/\/www.esin.av.tr\/tr\/wp-json\/wp\/v2\/users\/4"}],"replies":[{"embeddable":true,"href":"https:\/\/www.esin.av.tr\/tr\/wp-json\/wp\/v2\/comments?post=19815"}],"version-history":[{"count":1,"href":"https:\/\/www.esin.av.tr\/tr\/wp-json\/wp\/v2\/posts\/19815\/revisions"}],"predecessor-version":[{"id":19816,"href":"https:\/\/www.esin.av.tr\/tr\/wp-json\/wp\/v2\/posts\/19815\/revisions\/19816"}],"wp:attachment":[{"href":"https:\/\/www.esin.av.tr\/tr\/wp-json\/wp\/v2\/media?parent=19815"}],"wp:term":[{"taxonomy":"category","embeddable":true,"href":"https:\/\/www.esin.av.tr\/tr\/wp-json\/wp\/v2\/categories?post=19815"},{"taxonomy":"post_tag","embeddable":true,"href":"https:\/\/www.esin.av.tr\/tr\/wp-json\/wp\/v2\/tags?post=19815"}],"curies":[{"name":"wp","href":"https:\/\/api.w.org\/{rel}","templated":true}]}}