{"id":19809,"date":"2021-08-04T07:24:16","date_gmt":"2021-08-04T07:24:16","guid":{"rendered":"https:\/\/www.esin.av.tr\/?p=19809"},"modified":"2022-06-09T13:23:53","modified_gmt":"2022-06-09T13:23:53","slug":"yargitaydan-rekabet-yasagi-sozlesmelerine-iliskin-ictihat-degisikligi","status":"publish","type":"post","link":"https:\/\/www.esin.av.tr\/tr\/2021\/08\/04\/yargitaydan-rekabet-yasagi-sozlesmelerine-iliskin-ictihat-degisikligi\/","title":{"rendered":"Yarg\u0131tay&#8217;dan Rekabet Yasa\u011f\u0131 S\u00f6zle\u015fmelerine \u0130li\u015fkin \u0130\u00e7tihat De\u011fi\u015fikli\u011fi"},"content":{"rendered":"<p><strong>Yeni Geli\u015fme <\/strong><\/p>\n<p>Yarg\u0131tay 9. Hukuk Dairesi (&#8220;<strong>9. Hukuk Dairesi<\/strong>&#8220;) 2021\/3076 E. ve 2021\/9789 K. say\u0131l\u0131 karar\u0131 ile, i\u015f ili\u015fkisi sona erdikten sonraki rekabet yasa\u011f\u0131n\u0131n ihlali sebebiyle talep edilebilecek cezai \u015fart ve tazminata ili\u015fkin davalarda g\u00f6revli mahkemelerin i\u015f mahkemeleri oldu\u011funa karar vermi\u015ftir. 9. Hukuk Dairesi b\u00f6ylelikle bu konudaki yerle\u015fik i\u00e7tihad\u0131n\u0131 de\u011fi\u015ftirmi\u015ftir.<\/p>\n<p><strong>Yarg\u0131tay Karar\u0131 Ne Diyor?<\/strong><\/p>\n<p>(6102 say\u0131l\u0131) T\u00fcrk Ticaret Kanunu&#8217;nda i\u015f ili\u015fkisi sona erdikten sonraki rekabet yasa\u011f\u0131na ili\u015fkin davalar\u0131n ticari dava oldu\u011fu \u00f6ng\u00f6r\u00fclm\u00fc\u015f ise de, 9. Hukuk Dairesi T\u00fcrk Ticaret Kanunu&#8217;nun 5. maddesinin bu konuda ayr\u0131ks\u0131 d\u00fczenlemeleri sakl\u0131 tuttu\u011funu belirtmi\u015ftir. S\u00f6z konusu madde &#8220;<em><u>Aksine h\u00fck\u00fcm bulunmad\u0131k\u00e7a<\/u><\/em><em>, dava olunan \u015feyin de\u011ferine veya tutar\u0131na bak\u0131lmaks\u0131z\u0131n asliye ticaret mahkemesi t\u00fcm ticari davalar ile ticari nitelikteki \u00e7eki\u015fmesiz yarg\u0131 i\u015flerine bakmakla g\u00f6revlidir<\/em>&#8221; h\u00fckm\u00fcn\u00fc amirdir.<\/p>\n<p>\u00c7al\u0131\u015fanlar\u0131n haklar\u0131n\u0131 daha kolay bir \u015fekilde almas\u0131n\u0131 teminen \u00f6zel bir kanun olan (7036 say\u0131l\u0131) \u0130\u015f Mahkemeleri Kanunu&#8217;nun \u00e7\u0131kar\u0131ld\u0131\u011f\u0131n\u0131 belirten 9. Hukuk Dairesi, \u0130\u015f Mahkemeleri Kanunu&#8217;nun 5. maddesinde i\u015fveren ile \u00e7al\u0131\u015fan aras\u0131nda i\u015f ili\u015fkisi nedeniyle s\u00f6zle\u015fmeden do\u011fan uyu\u015fmazl\u0131klar\u0131 \u00e7\u00f6zme g\u00f6revinin i\u015f mahkemelerinde oldu\u011funun d\u00fczenlendi\u011fini de vurgulam\u0131\u015ft\u0131r. 9. Hukuk Dairesi, \u0130\u015f Mahkemeleri Kanunu&#8217;ndaki bu h\u00fckm\u00fcn T\u00fcrk Ticaret Kanunu&#8217;nun 5. maddesinde yer alan &#8220;<em>aksine h\u00fck\u00fcm bulunmad\u0131k\u00e7a<\/em>&#8221; ifadesinin kar\u015f\u0131l\u0131\u011f\u0131n\u0131 olu\u015fturdu\u011funu belirtmi\u015ftir.<\/p>\n<p>Sonu\u00e7 olarak 9. Hukuk Dairesi, i\u015f ili\u015fkisi sona erdikten sonraki rekabet yasa\u011f\u0131na ili\u015fkin s\u00f6zle\u015fmenin ihlali sebebiyle cezai \u015fart ve tazminat talebiyle a\u00e7\u0131lan davalar\u0131n i\u015f s\u00f6zle\u015fmesinden kaynaklanan uyu\u015fmazl\u0131klar oldu\u011funa; dolay\u0131s\u0131yla bu konuda daha \u00f6nceden vermi\u015f oldu\u011fu ve s\u00f6z konusu davalar\u0131n ticari dava oldu\u011funun belirtildi\u011fi kararlardan d\u00f6n\u00fclmesi gerekti\u011fine ve i\u015f mahkemelerinin g\u00f6revli oldu\u011funa h\u00fckmetmi\u015ftir.<\/p>\n<p><strong>Sonu\u00e7<\/strong><\/p>\n<p>9. Hukuk Dairesi&#8217;nin \u00f6nceki kararlar\u0131nda i\u015f ili\u015fkisi sona erdikten sonraki rekabet yasa\u011f\u0131 s\u00f6zle\u015fmelerine ili\u015fkin cezai \u015fart ve tazminat davalar\u0131n\u0131n ticari dava oldu\u011fu belirtilmi\u015f ise de 9. Hukuk Dairesi s\u00f6z konusu kararlar\u0131ndan d\u00f6nerek g\u00f6revli mahkemelerin i\u015f mahkemeleri oldu\u011funa h\u00fckmetmi\u015ftir. \u0130\u015fverenlerin, 9. Hukuk Dairesi&#8217;nin bu i\u00e7tihat de\u011fi\u015fikli\u011finden sonra konu hakk\u0131nda verece\u011fi kararlar\u0131 yak\u0131ndan takip etmelerini tavsiye ederiz.<\/p>\n","protected":false},"excerpt":{"rendered":"<p>Yeni Geli\u015fme Yarg\u0131tay 9. Hukuk Dairesi (&#8220;9. Hukuk Dairesi&#8220;) 2021\/3076 E. ve 2021\/9789 K. say\u0131l\u0131 karar\u0131 ile, i\u015f ili\u015fkisi sona [&hellip;]<\/p>\n","protected":false},"author":4,"featured_media":0,"comment_status":"closed","ping_status":"closed","sticky":false,"template":"","format":"standard","meta":{"_acf_changed":false,"_stopmodifiedupdate":false,"_modified_date":"","footnotes":""},"categories":[120],"tags":[101],"class_list":["post-19809","post","type-post","status-publish","format-standard","hentry","category-legal-alerts","tag-employment-tr"],"acf":[],"yoast_head":"<!-- This site is optimized with the Yoast SEO plugin v24.0 - https:\/\/yoast.com\/wordpress\/plugins\/seo\/ -->\n<title>Yarg\u0131tay&#039;dan Rekabet Yasa\u011f\u0131 S\u00f6zle\u015fmelerine \u0130li\u015fkin \u0130\u00e7tihat De\u011fi\u015fikli\u011fi<\/title>\n<meta name=\"description\" content=\"Yeni Geli\u015fme Yarg\u0131tay 9. Hukuk Dairesi (&quot;9. Hukuk Dairesi&quot;) 2021\/3076 E. ve 2021\/9789 K. say\u0131l\u0131 karar\u0131 ile, i\u015f ili\u015fkisi sona erdikten sonraki rekabet\" \/>\n<meta name=\"robots\" content=\"index, follow, max-snippet:-1, max-image-preview:large, max-video-preview:-1\" \/>\n<link rel=\"canonical\" href=\"https:\/\/www.esin.av.tr\/tr\/2021\/08\/04\/yargitaydan-rekabet-yasagi-sozlesmelerine-iliskin-ictihat-degisikligi\/\" \/>\n<meta property=\"og:locale\" content=\"tr_TR\" \/>\n<meta property=\"og:type\" content=\"article\" \/>\n<meta property=\"og:title\" content=\"Yarg\u0131tay&#039;dan Rekabet Yasa\u011f\u0131 S\u00f6zle\u015fmelerine \u0130li\u015fkin \u0130\u00e7tihat De\u011fi\u015fikli\u011fi\" \/>\n<meta property=\"og:description\" content=\"Yeni Geli\u015fme Yarg\u0131tay 9. Hukuk Dairesi (&quot;9. Hukuk Dairesi&quot;) 2021\/3076 E. ve 2021\/9789 K. say\u0131l\u0131 karar\u0131 ile, i\u015f ili\u015fkisi sona erdikten sonraki rekabet\" \/>\n<meta property=\"og:url\" content=\"https:\/\/www.esin.av.tr\/tr\/2021\/08\/04\/yargitaydan-rekabet-yasagi-sozlesmelerine-iliskin-ictihat-degisikligi\/\" \/>\n<meta property=\"og:site_name\" content=\"Esin Avukatl\u0131k Ortakl\u0131\u011f\u0131\" \/>\n<meta property=\"article:published_time\" content=\"2021-08-04T07:24:16+00:00\" \/>\n<meta property=\"article:modified_time\" content=\"2022-06-09T13:23:53+00:00\" \/>\n<meta name=\"author\" content=\"R\u0131dvan Konrat\" \/>\n<meta name=\"twitter:card\" content=\"summary_large_image\" \/>\n<meta name=\"twitter:label1\" content=\"Written by\" \/>\n\t<meta name=\"twitter:data1\" content=\"R\u0131dvan Konrat\" \/>\n\t<meta name=\"twitter:label2\" content=\"Est. reading time\" \/>\n\t<meta name=\"twitter:data2\" content=\"2 minutes\" \/>\n<script type=\"application\/ld+json\" class=\"yoast-schema-graph\">{\"@context\":\"https:\/\/schema.org\",\"@graph\":[{\"@type\":\"Article\",\"@id\":\"https:\/\/www.esin.av.tr\/tr\/2021\/08\/04\/yargitaydan-rekabet-yasagi-sozlesmelerine-iliskin-ictihat-degisikligi\/#article\",\"isPartOf\":{\"@id\":\"https:\/\/www.esin.av.tr\/tr\/2021\/08\/04\/yargitaydan-rekabet-yasagi-sozlesmelerine-iliskin-ictihat-degisikligi\/\"},\"author\":{\"name\":\"R\u0131dvan Konrat\",\"@id\":\"https:\/\/www.esin.av.tr\/tr\/#\/schema\/person\/42c8e616aab56b8622fa365ad63282ae\"},\"headline\":\"Yarg\u0131tay&#8217;dan Rekabet Yasa\u011f\u0131 S\u00f6zle\u015fmelerine \u0130li\u015fkin \u0130\u00e7tihat De\u011fi\u015fikli\u011fi\",\"datePublished\":\"2021-08-04T07:24:16+00:00\",\"dateModified\":\"2022-06-09T13:23:53+00:00\",\"mainEntityOfPage\":{\"@id\":\"https:\/\/www.esin.av.tr\/tr\/2021\/08\/04\/yargitaydan-rekabet-yasagi-sozlesmelerine-iliskin-ictihat-degisikligi\/\"},\"wordCount\":426,\"publisher\":{\"@id\":\"https:\/\/www.esin.av.tr\/tr\/#organization\"},\"keywords\":[\"\u0130\u015f Hukuku\"],\"articleSection\":[\"Hukuk B\u00fcltenleri\"],\"inLanguage\":\"tr\"},{\"@type\":\"WebPage\",\"@id\":\"https:\/\/www.esin.av.tr\/tr\/2021\/08\/04\/yargitaydan-rekabet-yasagi-sozlesmelerine-iliskin-ictihat-degisikligi\/\",\"url\":\"https:\/\/www.esin.av.tr\/tr\/2021\/08\/04\/yargitaydan-rekabet-yasagi-sozlesmelerine-iliskin-ictihat-degisikligi\/\",\"name\":\"Yarg\u0131tay'dan Rekabet Yasa\u011f\u0131 S\u00f6zle\u015fmelerine \u0130li\u015fkin \u0130\u00e7tihat De\u011fi\u015fikli\u011fi\",\"isPartOf\":{\"@id\":\"https:\/\/www.esin.av.tr\/tr\/#website\"},\"datePublished\":\"2021-08-04T07:24:16+00:00\",\"dateModified\":\"2022-06-09T13:23:53+00:00\",\"description\":\"Yeni Geli\u015fme Yarg\u0131tay 9. Hukuk Dairesi (\\\"9. Hukuk Dairesi\\\") 2021\/3076 E. ve 2021\/9789 K. say\u0131l\u0131 karar\u0131 ile, i\u015f ili\u015fkisi sona erdikten sonraki rekabet\",\"breadcrumb\":{\"@id\":\"https:\/\/www.esin.av.tr\/tr\/2021\/08\/04\/yargitaydan-rekabet-yasagi-sozlesmelerine-iliskin-ictihat-degisikligi\/#breadcrumb\"},\"inLanguage\":\"tr\",\"potentialAction\":[{\"@type\":\"ReadAction\",\"target\":[\"https:\/\/www.esin.av.tr\/tr\/2021\/08\/04\/yargitaydan-rekabet-yasagi-sozlesmelerine-iliskin-ictihat-degisikligi\/\"]}]},{\"@type\":\"BreadcrumbList\",\"@id\":\"https:\/\/www.esin.av.tr\/tr\/2021\/08\/04\/yargitaydan-rekabet-yasagi-sozlesmelerine-iliskin-ictihat-degisikligi\/#breadcrumb\",\"itemListElement\":[{\"@type\":\"ListItem\",\"position\":1,\"name\":\"Home\",\"item\":\"https:\/\/www.esin.av.tr\/tr\/\"},{\"@type\":\"ListItem\",\"position\":2,\"name\":\"Yarg\u0131tay&#8217;dan Rekabet Yasa\u011f\u0131 S\u00f6zle\u015fmelerine \u0130li\u015fkin \u0130\u00e7tihat De\u011fi\u015fikli\u011fi\"}]},{\"@type\":\"WebSite\",\"@id\":\"https:\/\/www.esin.av.tr\/tr\/#website\",\"url\":\"https:\/\/www.esin.av.tr\/tr\/\",\"name\":\"Esin Avukatl\u0131k Ortakl\u0131\u011f\u0131\",\"description\":\"\",\"publisher\":{\"@id\":\"https:\/\/www.esin.av.tr\/tr\/#organization\"},\"potentialAction\":[{\"@type\":\"SearchAction\",\"target\":{\"@type\":\"EntryPoint\",\"urlTemplate\":\"https:\/\/www.esin.av.tr\/tr\/?s={search_term_string}\"},\"query-input\":{\"@type\":\"PropertyValueSpecification\",\"valueRequired\":true,\"valueName\":\"search_term_string\"}}],\"inLanguage\":\"tr\"},{\"@type\":\"Organization\",\"@id\":\"https:\/\/www.esin.av.tr\/tr\/#organization\",\"name\":\"Esin Avukatl\u0131k Ortakl\u0131\u011f\u0131\",\"url\":\"https:\/\/www.esin.av.tr\/tr\/\",\"logo\":{\"@type\":\"ImageObject\",\"inLanguage\":\"tr\",\"@id\":\"https:\/\/www.esin.av.tr\/tr\/#\/schema\/logo\/image\/\",\"url\":\"https:\/\/www.esin.av.tr\/wp-content\/uploads\/2021\/09\/esin-2.jpg\",\"contentUrl\":\"https:\/\/www.esin.av.tr\/wp-content\/uploads\/2021\/09\/esin-2.jpg\",\"width\":800,\"height\":460,\"caption\":\"Esin Avukatl\u0131k Ortakl\u0131\u011f\u0131\"},\"image\":{\"@id\":\"https:\/\/www.esin.av.tr\/tr\/#\/schema\/logo\/image\/\"}},{\"@type\":\"Person\",\"@id\":\"https:\/\/www.esin.av.tr\/tr\/#\/schema\/person\/42c8e616aab56b8622fa365ad63282ae\",\"name\":\"R\u0131dvan Konrat\",\"image\":{\"@type\":\"ImageObject\",\"inLanguage\":\"tr\",\"@id\":\"https:\/\/www.esin.av.tr\/tr\/#\/schema\/person\/image\/\",\"url\":\"https:\/\/secure.gravatar.com\/avatar\/b20c6c583be38ed4e76e32f69fccc676?s=96&d=mm&r=g\",\"contentUrl\":\"https:\/\/secure.gravatar.com\/avatar\/b20c6c583be38ed4e76e32f69fccc676?s=96&d=mm&r=g\",\"caption\":\"R\u0131dvan Konrat\"},\"sameAs\":[\"http:\/\/www.esin.av.tr\"],\"url\":\"https:\/\/www.esin.av.tr\/tr\/author\/rkonrat\/\"}]}<\/script>\n<!-- \/ Yoast SEO plugin. -->","yoast_head_json":{"title":"Yarg\u0131tay'dan Rekabet Yasa\u011f\u0131 S\u00f6zle\u015fmelerine \u0130li\u015fkin \u0130\u00e7tihat De\u011fi\u015fikli\u011fi","description":"Yeni Geli\u015fme Yarg\u0131tay 9. Hukuk Dairesi (\"9. Hukuk Dairesi\") 2021\/3076 E. ve 2021\/9789 K. say\u0131l\u0131 karar\u0131 ile, i\u015f ili\u015fkisi sona erdikten sonraki rekabet","robots":{"index":"index","follow":"follow","max-snippet":"max-snippet:-1","max-image-preview":"max-image-preview:large","max-video-preview":"max-video-preview:-1"},"canonical":"https:\/\/www.esin.av.tr\/tr\/2021\/08\/04\/yargitaydan-rekabet-yasagi-sozlesmelerine-iliskin-ictihat-degisikligi\/","og_locale":"tr_TR","og_type":"article","og_title":"Yarg\u0131tay'dan Rekabet Yasa\u011f\u0131 S\u00f6zle\u015fmelerine \u0130li\u015fkin \u0130\u00e7tihat De\u011fi\u015fikli\u011fi","og_description":"Yeni Geli\u015fme Yarg\u0131tay 9. Hukuk Dairesi (\"9. Hukuk Dairesi\") 2021\/3076 E. ve 2021\/9789 K. say\u0131l\u0131 karar\u0131 ile, i\u015f ili\u015fkisi sona erdikten sonraki rekabet","og_url":"https:\/\/www.esin.av.tr\/tr\/2021\/08\/04\/yargitaydan-rekabet-yasagi-sozlesmelerine-iliskin-ictihat-degisikligi\/","og_site_name":"Esin Avukatl\u0131k Ortakl\u0131\u011f\u0131","article_published_time":"2021-08-04T07:24:16+00:00","article_modified_time":"2022-06-09T13:23:53+00:00","author":"R\u0131dvan Konrat","twitter_card":"summary_large_image","twitter_misc":{"Written by":"R\u0131dvan Konrat","Est. reading time":"2 minutes"},"schema":{"@context":"https:\/\/schema.org","@graph":[{"@type":"Article","@id":"https:\/\/www.esin.av.tr\/tr\/2021\/08\/04\/yargitaydan-rekabet-yasagi-sozlesmelerine-iliskin-ictihat-degisikligi\/#article","isPartOf":{"@id":"https:\/\/www.esin.av.tr\/tr\/2021\/08\/04\/yargitaydan-rekabet-yasagi-sozlesmelerine-iliskin-ictihat-degisikligi\/"},"author":{"name":"R\u0131dvan Konrat","@id":"https:\/\/www.esin.av.tr\/tr\/#\/schema\/person\/42c8e616aab56b8622fa365ad63282ae"},"headline":"Yarg\u0131tay&#8217;dan Rekabet Yasa\u011f\u0131 S\u00f6zle\u015fmelerine \u0130li\u015fkin \u0130\u00e7tihat De\u011fi\u015fikli\u011fi","datePublished":"2021-08-04T07:24:16+00:00","dateModified":"2022-06-09T13:23:53+00:00","mainEntityOfPage":{"@id":"https:\/\/www.esin.av.tr\/tr\/2021\/08\/04\/yargitaydan-rekabet-yasagi-sozlesmelerine-iliskin-ictihat-degisikligi\/"},"wordCount":426,"publisher":{"@id":"https:\/\/www.esin.av.tr\/tr\/#organization"},"keywords":["\u0130\u015f Hukuku"],"articleSection":["Hukuk B\u00fcltenleri"],"inLanguage":"tr"},{"@type":"WebPage","@id":"https:\/\/www.esin.av.tr\/tr\/2021\/08\/04\/yargitaydan-rekabet-yasagi-sozlesmelerine-iliskin-ictihat-degisikligi\/","url":"https:\/\/www.esin.av.tr\/tr\/2021\/08\/04\/yargitaydan-rekabet-yasagi-sozlesmelerine-iliskin-ictihat-degisikligi\/","name":"Yarg\u0131tay'dan Rekabet Yasa\u011f\u0131 S\u00f6zle\u015fmelerine \u0130li\u015fkin \u0130\u00e7tihat De\u011fi\u015fikli\u011fi","isPartOf":{"@id":"https:\/\/www.esin.av.tr\/tr\/#website"},"datePublished":"2021-08-04T07:24:16+00:00","dateModified":"2022-06-09T13:23:53+00:00","description":"Yeni Geli\u015fme Yarg\u0131tay 9. Hukuk Dairesi (\"9. Hukuk Dairesi\") 2021\/3076 E. ve 2021\/9789 K. say\u0131l\u0131 karar\u0131 ile, i\u015f ili\u015fkisi sona erdikten sonraki rekabet","breadcrumb":{"@id":"https:\/\/www.esin.av.tr\/tr\/2021\/08\/04\/yargitaydan-rekabet-yasagi-sozlesmelerine-iliskin-ictihat-degisikligi\/#breadcrumb"},"inLanguage":"tr","potentialAction":[{"@type":"ReadAction","target":["https:\/\/www.esin.av.tr\/tr\/2021\/08\/04\/yargitaydan-rekabet-yasagi-sozlesmelerine-iliskin-ictihat-degisikligi\/"]}]},{"@type":"BreadcrumbList","@id":"https:\/\/www.esin.av.tr\/tr\/2021\/08\/04\/yargitaydan-rekabet-yasagi-sozlesmelerine-iliskin-ictihat-degisikligi\/#breadcrumb","itemListElement":[{"@type":"ListItem","position":1,"name":"Home","item":"https:\/\/www.esin.av.tr\/tr\/"},{"@type":"ListItem","position":2,"name":"Yarg\u0131tay&#8217;dan Rekabet Yasa\u011f\u0131 S\u00f6zle\u015fmelerine \u0130li\u015fkin \u0130\u00e7tihat De\u011fi\u015fikli\u011fi"}]},{"@type":"WebSite","@id":"https:\/\/www.esin.av.tr\/tr\/#website","url":"https:\/\/www.esin.av.tr\/tr\/","name":"Esin Avukatl\u0131k Ortakl\u0131\u011f\u0131","description":"","publisher":{"@id":"https:\/\/www.esin.av.tr\/tr\/#organization"},"potentialAction":[{"@type":"SearchAction","target":{"@type":"EntryPoint","urlTemplate":"https:\/\/www.esin.av.tr\/tr\/?s={search_term_string}"},"query-input":{"@type":"PropertyValueSpecification","valueRequired":true,"valueName":"search_term_string"}}],"inLanguage":"tr"},{"@type":"Organization","@id":"https:\/\/www.esin.av.tr\/tr\/#organization","name":"Esin Avukatl\u0131k Ortakl\u0131\u011f\u0131","url":"https:\/\/www.esin.av.tr\/tr\/","logo":{"@type":"ImageObject","inLanguage":"tr","@id":"https:\/\/www.esin.av.tr\/tr\/#\/schema\/logo\/image\/","url":"https:\/\/www.esin.av.tr\/wp-content\/uploads\/2021\/09\/esin-2.jpg","contentUrl":"https:\/\/www.esin.av.tr\/wp-content\/uploads\/2021\/09\/esin-2.jpg","width":800,"height":460,"caption":"Esin Avukatl\u0131k Ortakl\u0131\u011f\u0131"},"image":{"@id":"https:\/\/www.esin.av.tr\/tr\/#\/schema\/logo\/image\/"}},{"@type":"Person","@id":"https:\/\/www.esin.av.tr\/tr\/#\/schema\/person\/42c8e616aab56b8622fa365ad63282ae","name":"R\u0131dvan Konrat","image":{"@type":"ImageObject","inLanguage":"tr","@id":"https:\/\/www.esin.av.tr\/tr\/#\/schema\/person\/image\/","url":"https:\/\/secure.gravatar.com\/avatar\/b20c6c583be38ed4e76e32f69fccc676?s=96&d=mm&r=g","contentUrl":"https:\/\/secure.gravatar.com\/avatar\/b20c6c583be38ed4e76e32f69fccc676?s=96&d=mm&r=g","caption":"R\u0131dvan Konrat"},"sameAs":["http:\/\/www.esin.av.tr"],"url":"https:\/\/www.esin.av.tr\/tr\/author\/rkonrat\/"}]}},"_links":{"self":[{"href":"https:\/\/www.esin.av.tr\/tr\/wp-json\/wp\/v2\/posts\/19809","targetHints":{"allow":["GET"]}}],"collection":[{"href":"https:\/\/www.esin.av.tr\/tr\/wp-json\/wp\/v2\/posts"}],"about":[{"href":"https:\/\/www.esin.av.tr\/tr\/wp-json\/wp\/v2\/types\/post"}],"author":[{"embeddable":true,"href":"https:\/\/www.esin.av.tr\/tr\/wp-json\/wp\/v2\/users\/4"}],"replies":[{"embeddable":true,"href":"https:\/\/www.esin.av.tr\/tr\/wp-json\/wp\/v2\/comments?post=19809"}],"version-history":[{"count":1,"href":"https:\/\/www.esin.av.tr\/tr\/wp-json\/wp\/v2\/posts\/19809\/revisions"}],"predecessor-version":[{"id":19810,"href":"https:\/\/www.esin.av.tr\/tr\/wp-json\/wp\/v2\/posts\/19809\/revisions\/19810"}],"wp:attachment":[{"href":"https:\/\/www.esin.av.tr\/tr\/wp-json\/wp\/v2\/media?parent=19809"}],"wp:term":[{"taxonomy":"category","embeddable":true,"href":"https:\/\/www.esin.av.tr\/tr\/wp-json\/wp\/v2\/categories?post=19809"},{"taxonomy":"post_tag","embeddable":true,"href":"https:\/\/www.esin.av.tr\/tr\/wp-json\/wp\/v2\/tags?post=19809"}],"curies":[{"name":"wp","href":"https:\/\/api.w.org\/{rel}","templated":true}]}}