{"id":19791,"date":"2021-07-28T13:11:57","date_gmt":"2021-07-28T13:11:57","guid":{"rendered":"https:\/\/www.esin.av.tr\/?p=19791"},"modified":"2022-06-09T13:24:00","modified_gmt":"2022-06-09T13:24:00","slug":"profesyonel-ve-agir-vasita-ehliyeti-ile-tasit-kullananlarin-gunluk-calisma-suresi-bir-hafta-icinde-iki-kez-10-saate-cikabilecek","status":"publish","type":"post","link":"https:\/\/www.esin.av.tr\/tr\/2021\/07\/28\/profesyonel-ve-agir-vasita-ehliyeti-ile-tasit-kullananlarin-gunluk-calisma-suresi-bir-hafta-icinde-iki-kez-10-saate-cikabilecek\/","title":{"rendered":"Profesyonel ve A\u011f\u0131r Vas\u0131ta Ehliyeti ile Ta\u015f\u0131t Kullananlar\u0131n G\u00fcnl\u00fck \u00c7al\u0131\u015fma S\u00fcresi Bir Hafta \u0130\u00e7inde \u0130ki Kez 10 Saate \u00c7\u0131kabilecek"},"content":{"rendered":"<p><strong>Son Geli\u015fmeler<\/strong><\/p>\n<p>Haftal\u0131k \u0130\u015f G\u00fcnlerine B\u00f6l\u00fcnemeyen \u00c7al\u0131\u015fma S\u00fcreleri Y\u00f6netmeli\u011finde De\u011fi\u015fiklik Yap\u0131lmas\u0131na Dair Y\u00f6netmelik (&#8220;Y\u00f6netmelik&#8221;) 27 Temmuz 2021 tarihli ve 31550 say\u0131l\u0131 Resmi Gazete&#8217;de yay\u0131mlanarak y\u00fcr\u00fcrl\u00fc\u011fe girmi\u015ftir.<\/p>\n<p><strong>Y\u00f6netmelik Neyi D\u00fczenliyor?<\/strong><\/p>\n<p>G\u00fcnl\u00fck i\u015f s\u00fcresi 11 saati, gece \u00e7al\u0131\u015fma s\u00fcresi 7,5 saati, profesyonel ve a\u011f\u0131r vas\u0131ta ehliyeti ile ta\u015f\u0131t kullananlar\u0131n g\u00fcnl\u00fck \u00e7al\u0131\u015fma s\u00fcresi de 9 saati ge\u00e7ememekteydi.<\/p>\n<p>Y\u00f6netmelik ile profesyonel ve a\u011f\u0131r vas\u0131ta ehliyeti ile ta\u015f\u0131t kullananlar\u0131n \u00e7al\u0131\u015fma saatlerinin bir hafta i\u00e7inde iki kez 10 saate \u00e7\u0131kar\u0131lmas\u0131na olanak sa\u011fland\u0131.<\/p>\n<p><strong>Sonu\u00e7<\/strong><\/p>\n<p>Y\u00f6netmelik ile profesyonel ve a\u011f\u0131r vas\u0131ta ehliyeti ile ta\u015f\u0131t kullananlar\u0131n g\u00fcnl\u00fck \u00e7al\u0131\u015fma s\u00fcresinde de\u011fi\u015fiklik yap\u0131lm\u0131\u015ft\u0131r.<\/p>\n","protected":false},"excerpt":{"rendered":"<p>Son Geli\u015fmeler Haftal\u0131k \u0130\u015f G\u00fcnlerine B\u00f6l\u00fcnemeyen \u00c7al\u0131\u015fma S\u00fcreleri Y\u00f6netmeli\u011finde De\u011fi\u015fiklik Yap\u0131lmas\u0131na Dair Y\u00f6netmelik (&#8220;Y\u00f6netmelik&#8221;) 27 Temmuz 2021 tarihli ve 31550 [&hellip;]<\/p>\n","protected":false},"author":4,"featured_media":0,"comment_status":"closed","ping_status":"closed","sticky":false,"template":"","format":"standard","meta":{"_acf_changed":false,"_stopmodifiedupdate":false,"_modified_date":"","footnotes":""},"categories":[120],"tags":[101],"class_list":["post-19791","post","type-post","status-publish","format-standard","hentry","category-legal-alerts","tag-employment-tr"],"acf":[],"yoast_head":"<!-- This site is optimized with the Yoast SEO plugin v24.0 - https:\/\/yoast.com\/wordpress\/plugins\/seo\/ -->\n<title>Profesyonel ve A\u011f\u0131r Vas\u0131ta Ehliyeti ile Ta\u015f\u0131t Kullananlar\u0131n G\u00fcnl\u00fck \u00c7al\u0131\u015fma S\u00fcresi Bir Hafta \u0130\u00e7inde \u0130ki Kez 10 Saate \u00c7\u0131kabilecek<\/title>\n<meta name=\"description\" content=\"Son Geli\u015fmeler Haftal\u0131k \u0130\u015f G\u00fcnlerine B\u00f6l\u00fcnemeyen \u00c7al\u0131\u015fma S\u00fcreleri Y\u00f6netmeli\u011finde De\u011fi\u015fiklik Yap\u0131lmas\u0131na Dair Y\u00f6netmelik (&quot;Y\u00f6netmelik&quot;) 27 Temmuz 2021\" \/>\n<meta name=\"robots\" content=\"index, follow, max-snippet:-1, max-image-preview:large, max-video-preview:-1\" \/>\n<link rel=\"canonical\" href=\"https:\/\/www.esin.av.tr\/tr\/2021\/07\/28\/profesyonel-ve-agir-vasita-ehliyeti-ile-tasit-kullananlarin-gunluk-calisma-suresi-bir-hafta-icinde-iki-kez-10-saate-cikabilecek\/\" \/>\n<meta property=\"og:locale\" content=\"tr_TR\" \/>\n<meta property=\"og:type\" content=\"article\" \/>\n<meta property=\"og:title\" content=\"Profesyonel ve A\u011f\u0131r Vas\u0131ta Ehliyeti ile Ta\u015f\u0131t Kullananlar\u0131n G\u00fcnl\u00fck \u00c7al\u0131\u015fma S\u00fcresi Bir Hafta \u0130\u00e7inde \u0130ki Kez 10 Saate \u00c7\u0131kabilecek\" \/>\n<meta property=\"og:description\" content=\"Son Geli\u015fmeler Haftal\u0131k \u0130\u015f G\u00fcnlerine B\u00f6l\u00fcnemeyen \u00c7al\u0131\u015fma S\u00fcreleri Y\u00f6netmeli\u011finde De\u011fi\u015fiklik Yap\u0131lmas\u0131na Dair Y\u00f6netmelik (&quot;Y\u00f6netmelik&quot;) 27 Temmuz 2021\" \/>\n<meta property=\"og:url\" content=\"https:\/\/www.esin.av.tr\/tr\/2021\/07\/28\/profesyonel-ve-agir-vasita-ehliyeti-ile-tasit-kullananlarin-gunluk-calisma-suresi-bir-hafta-icinde-iki-kez-10-saate-cikabilecek\/\" \/>\n<meta property=\"og:site_name\" content=\"Esin Avukatl\u0131k Ortakl\u0131\u011f\u0131\" \/>\n<meta property=\"article:published_time\" content=\"2021-07-28T13:11:57+00:00\" \/>\n<meta property=\"article:modified_time\" content=\"2022-06-09T13:24:00+00:00\" \/>\n<meta name=\"author\" content=\"R\u0131dvan Konrat\" \/>\n<meta name=\"twitter:card\" content=\"summary_large_image\" \/>\n<meta name=\"twitter:label1\" content=\"Written by\" \/>\n\t<meta name=\"twitter:data1\" content=\"R\u0131dvan Konrat\" \/>\n\t<meta name=\"twitter:label2\" content=\"Est. reading time\" \/>\n\t<meta name=\"twitter:data2\" content=\"1 minute\" \/>\n<script type=\"application\/ld+json\" class=\"yoast-schema-graph\">{\"@context\":\"https:\/\/schema.org\",\"@graph\":[{\"@type\":\"Article\",\"@id\":\"https:\/\/www.esin.av.tr\/tr\/2021\/07\/28\/profesyonel-ve-agir-vasita-ehliyeti-ile-tasit-kullananlarin-gunluk-calisma-suresi-bir-hafta-icinde-iki-kez-10-saate-cikabilecek\/#article\",\"isPartOf\":{\"@id\":\"https:\/\/www.esin.av.tr\/tr\/2021\/07\/28\/profesyonel-ve-agir-vasita-ehliyeti-ile-tasit-kullananlarin-gunluk-calisma-suresi-bir-hafta-icinde-iki-kez-10-saate-cikabilecek\/\"},\"author\":{\"name\":\"R\u0131dvan Konrat\",\"@id\":\"https:\/\/www.esin.av.tr\/tr\/#\/schema\/person\/42c8e616aab56b8622fa365ad63282ae\"},\"headline\":\"Profesyonel ve A\u011f\u0131r Vas\u0131ta Ehliyeti ile Ta\u015f\u0131t Kullananlar\u0131n G\u00fcnl\u00fck \u00c7al\u0131\u015fma S\u00fcresi Bir Hafta \u0130\u00e7inde \u0130ki Kez 10 Saate \u00c7\u0131kabilecek\",\"datePublished\":\"2021-07-28T13:11:57+00:00\",\"dateModified\":\"2022-06-09T13:24:00+00:00\",\"mainEntityOfPage\":{\"@id\":\"https:\/\/www.esin.av.tr\/tr\/2021\/07\/28\/profesyonel-ve-agir-vasita-ehliyeti-ile-tasit-kullananlarin-gunluk-calisma-suresi-bir-hafta-icinde-iki-kez-10-saate-cikabilecek\/\"},\"wordCount\":172,\"publisher\":{\"@id\":\"https:\/\/www.esin.av.tr\/tr\/#organization\"},\"keywords\":[\"\u0130\u015f Hukuku\"],\"articleSection\":[\"Hukuk B\u00fcltenleri\"],\"inLanguage\":\"tr\"},{\"@type\":\"WebPage\",\"@id\":\"https:\/\/www.esin.av.tr\/tr\/2021\/07\/28\/profesyonel-ve-agir-vasita-ehliyeti-ile-tasit-kullananlarin-gunluk-calisma-suresi-bir-hafta-icinde-iki-kez-10-saate-cikabilecek\/\",\"url\":\"https:\/\/www.esin.av.tr\/tr\/2021\/07\/28\/profesyonel-ve-agir-vasita-ehliyeti-ile-tasit-kullananlarin-gunluk-calisma-suresi-bir-hafta-icinde-iki-kez-10-saate-cikabilecek\/\",\"name\":\"Profesyonel ve A\u011f\u0131r Vas\u0131ta Ehliyeti ile Ta\u015f\u0131t Kullananlar\u0131n G\u00fcnl\u00fck \u00c7al\u0131\u015fma S\u00fcresi Bir Hafta \u0130\u00e7inde \u0130ki Kez 10 Saate \u00c7\u0131kabilecek\",\"isPartOf\":{\"@id\":\"https:\/\/www.esin.av.tr\/tr\/#website\"},\"datePublished\":\"2021-07-28T13:11:57+00:00\",\"dateModified\":\"2022-06-09T13:24:00+00:00\",\"description\":\"Son Geli\u015fmeler Haftal\u0131k \u0130\u015f G\u00fcnlerine B\u00f6l\u00fcnemeyen \u00c7al\u0131\u015fma S\u00fcreleri Y\u00f6netmeli\u011finde De\u011fi\u015fiklik Yap\u0131lmas\u0131na Dair Y\u00f6netmelik (\\\"Y\u00f6netmelik\\\") 27 Temmuz 2021\",\"breadcrumb\":{\"@id\":\"https:\/\/www.esin.av.tr\/tr\/2021\/07\/28\/profesyonel-ve-agir-vasita-ehliyeti-ile-tasit-kullananlarin-gunluk-calisma-suresi-bir-hafta-icinde-iki-kez-10-saate-cikabilecek\/#breadcrumb\"},\"inLanguage\":\"tr\",\"potentialAction\":[{\"@type\":\"ReadAction\",\"target\":[\"https:\/\/www.esin.av.tr\/tr\/2021\/07\/28\/profesyonel-ve-agir-vasita-ehliyeti-ile-tasit-kullananlarin-gunluk-calisma-suresi-bir-hafta-icinde-iki-kez-10-saate-cikabilecek\/\"]}]},{\"@type\":\"BreadcrumbList\",\"@id\":\"https:\/\/www.esin.av.tr\/tr\/2021\/07\/28\/profesyonel-ve-agir-vasita-ehliyeti-ile-tasit-kullananlarin-gunluk-calisma-suresi-bir-hafta-icinde-iki-kez-10-saate-cikabilecek\/#breadcrumb\",\"itemListElement\":[{\"@type\":\"ListItem\",\"position\":1,\"name\":\"Home\",\"item\":\"https:\/\/www.esin.av.tr\/tr\/\"},{\"@type\":\"ListItem\",\"position\":2,\"name\":\"Profesyonel ve A\u011f\u0131r Vas\u0131ta Ehliyeti ile Ta\u015f\u0131t Kullananlar\u0131n G\u00fcnl\u00fck \u00c7al\u0131\u015fma S\u00fcresi Bir Hafta \u0130\u00e7inde \u0130ki Kez 10 Saate \u00c7\u0131kabilecek\"}]},{\"@type\":\"WebSite\",\"@id\":\"https:\/\/www.esin.av.tr\/tr\/#website\",\"url\":\"https:\/\/www.esin.av.tr\/tr\/\",\"name\":\"Esin Avukatl\u0131k Ortakl\u0131\u011f\u0131\",\"description\":\"\",\"publisher\":{\"@id\":\"https:\/\/www.esin.av.tr\/tr\/#organization\"},\"potentialAction\":[{\"@type\":\"SearchAction\",\"target\":{\"@type\":\"EntryPoint\",\"urlTemplate\":\"https:\/\/www.esin.av.tr\/tr\/?s={search_term_string}\"},\"query-input\":{\"@type\":\"PropertyValueSpecification\",\"valueRequired\":true,\"valueName\":\"search_term_string\"}}],\"inLanguage\":\"tr\"},{\"@type\":\"Organization\",\"@id\":\"https:\/\/www.esin.av.tr\/tr\/#organization\",\"name\":\"Esin Avukatl\u0131k Ortakl\u0131\u011f\u0131\",\"url\":\"https:\/\/www.esin.av.tr\/tr\/\",\"logo\":{\"@type\":\"ImageObject\",\"inLanguage\":\"tr\",\"@id\":\"https:\/\/www.esin.av.tr\/tr\/#\/schema\/logo\/image\/\",\"url\":\"https:\/\/www.esin.av.tr\/wp-content\/uploads\/2021\/09\/esin-2.jpg\",\"contentUrl\":\"https:\/\/www.esin.av.tr\/wp-content\/uploads\/2021\/09\/esin-2.jpg\",\"width\":800,\"height\":460,\"caption\":\"Esin Avukatl\u0131k Ortakl\u0131\u011f\u0131\"},\"image\":{\"@id\":\"https:\/\/www.esin.av.tr\/tr\/#\/schema\/logo\/image\/\"}},{\"@type\":\"Person\",\"@id\":\"https:\/\/www.esin.av.tr\/tr\/#\/schema\/person\/42c8e616aab56b8622fa365ad63282ae\",\"name\":\"R\u0131dvan Konrat\",\"image\":{\"@type\":\"ImageObject\",\"inLanguage\":\"tr\",\"@id\":\"https:\/\/www.esin.av.tr\/tr\/#\/schema\/person\/image\/\",\"url\":\"https:\/\/secure.gravatar.com\/avatar\/b20c6c583be38ed4e76e32f69fccc676?s=96&d=mm&r=g\",\"contentUrl\":\"https:\/\/secure.gravatar.com\/avatar\/b20c6c583be38ed4e76e32f69fccc676?s=96&d=mm&r=g\",\"caption\":\"R\u0131dvan Konrat\"},\"sameAs\":[\"http:\/\/www.esin.av.tr\"],\"url\":\"https:\/\/www.esin.av.tr\/tr\/author\/rkonrat\/\"}]}<\/script>\n<!-- \/ Yoast SEO plugin. -->","yoast_head_json":{"title":"Profesyonel ve A\u011f\u0131r Vas\u0131ta Ehliyeti ile Ta\u015f\u0131t Kullananlar\u0131n G\u00fcnl\u00fck \u00c7al\u0131\u015fma S\u00fcresi Bir Hafta \u0130\u00e7inde \u0130ki Kez 10 Saate \u00c7\u0131kabilecek","description":"Son Geli\u015fmeler Haftal\u0131k \u0130\u015f G\u00fcnlerine B\u00f6l\u00fcnemeyen \u00c7al\u0131\u015fma S\u00fcreleri Y\u00f6netmeli\u011finde De\u011fi\u015fiklik Yap\u0131lmas\u0131na Dair Y\u00f6netmelik (\"Y\u00f6netmelik\") 27 Temmuz 2021","robots":{"index":"index","follow":"follow","max-snippet":"max-snippet:-1","max-image-preview":"max-image-preview:large","max-video-preview":"max-video-preview:-1"},"canonical":"https:\/\/www.esin.av.tr\/tr\/2021\/07\/28\/profesyonel-ve-agir-vasita-ehliyeti-ile-tasit-kullananlarin-gunluk-calisma-suresi-bir-hafta-icinde-iki-kez-10-saate-cikabilecek\/","og_locale":"tr_TR","og_type":"article","og_title":"Profesyonel ve A\u011f\u0131r Vas\u0131ta Ehliyeti ile Ta\u015f\u0131t Kullananlar\u0131n G\u00fcnl\u00fck \u00c7al\u0131\u015fma S\u00fcresi Bir Hafta \u0130\u00e7inde \u0130ki Kez 10 Saate \u00c7\u0131kabilecek","og_description":"Son Geli\u015fmeler Haftal\u0131k \u0130\u015f G\u00fcnlerine B\u00f6l\u00fcnemeyen \u00c7al\u0131\u015fma S\u00fcreleri Y\u00f6netmeli\u011finde De\u011fi\u015fiklik Yap\u0131lmas\u0131na Dair Y\u00f6netmelik (\"Y\u00f6netmelik\") 27 Temmuz 2021","og_url":"https:\/\/www.esin.av.tr\/tr\/2021\/07\/28\/profesyonel-ve-agir-vasita-ehliyeti-ile-tasit-kullananlarin-gunluk-calisma-suresi-bir-hafta-icinde-iki-kez-10-saate-cikabilecek\/","og_site_name":"Esin Avukatl\u0131k Ortakl\u0131\u011f\u0131","article_published_time":"2021-07-28T13:11:57+00:00","article_modified_time":"2022-06-09T13:24:00+00:00","author":"R\u0131dvan Konrat","twitter_card":"summary_large_image","twitter_misc":{"Written by":"R\u0131dvan Konrat","Est. reading time":"1 minute"},"schema":{"@context":"https:\/\/schema.org","@graph":[{"@type":"Article","@id":"https:\/\/www.esin.av.tr\/tr\/2021\/07\/28\/profesyonel-ve-agir-vasita-ehliyeti-ile-tasit-kullananlarin-gunluk-calisma-suresi-bir-hafta-icinde-iki-kez-10-saate-cikabilecek\/#article","isPartOf":{"@id":"https:\/\/www.esin.av.tr\/tr\/2021\/07\/28\/profesyonel-ve-agir-vasita-ehliyeti-ile-tasit-kullananlarin-gunluk-calisma-suresi-bir-hafta-icinde-iki-kez-10-saate-cikabilecek\/"},"author":{"name":"R\u0131dvan Konrat","@id":"https:\/\/www.esin.av.tr\/tr\/#\/schema\/person\/42c8e616aab56b8622fa365ad63282ae"},"headline":"Profesyonel ve A\u011f\u0131r Vas\u0131ta Ehliyeti ile Ta\u015f\u0131t Kullananlar\u0131n G\u00fcnl\u00fck \u00c7al\u0131\u015fma S\u00fcresi Bir Hafta \u0130\u00e7inde \u0130ki Kez 10 Saate \u00c7\u0131kabilecek","datePublished":"2021-07-28T13:11:57+00:00","dateModified":"2022-06-09T13:24:00+00:00","mainEntityOfPage":{"@id":"https:\/\/www.esin.av.tr\/tr\/2021\/07\/28\/profesyonel-ve-agir-vasita-ehliyeti-ile-tasit-kullananlarin-gunluk-calisma-suresi-bir-hafta-icinde-iki-kez-10-saate-cikabilecek\/"},"wordCount":172,"publisher":{"@id":"https:\/\/www.esin.av.tr\/tr\/#organization"},"keywords":["\u0130\u015f Hukuku"],"articleSection":["Hukuk B\u00fcltenleri"],"inLanguage":"tr"},{"@type":"WebPage","@id":"https:\/\/www.esin.av.tr\/tr\/2021\/07\/28\/profesyonel-ve-agir-vasita-ehliyeti-ile-tasit-kullananlarin-gunluk-calisma-suresi-bir-hafta-icinde-iki-kez-10-saate-cikabilecek\/","url":"https:\/\/www.esin.av.tr\/tr\/2021\/07\/28\/profesyonel-ve-agir-vasita-ehliyeti-ile-tasit-kullananlarin-gunluk-calisma-suresi-bir-hafta-icinde-iki-kez-10-saate-cikabilecek\/","name":"Profesyonel ve A\u011f\u0131r Vas\u0131ta Ehliyeti ile Ta\u015f\u0131t Kullananlar\u0131n G\u00fcnl\u00fck \u00c7al\u0131\u015fma S\u00fcresi Bir Hafta \u0130\u00e7inde \u0130ki Kez 10 Saate \u00c7\u0131kabilecek","isPartOf":{"@id":"https:\/\/www.esin.av.tr\/tr\/#website"},"datePublished":"2021-07-28T13:11:57+00:00","dateModified":"2022-06-09T13:24:00+00:00","description":"Son Geli\u015fmeler Haftal\u0131k \u0130\u015f G\u00fcnlerine B\u00f6l\u00fcnemeyen \u00c7al\u0131\u015fma S\u00fcreleri Y\u00f6netmeli\u011finde De\u011fi\u015fiklik Yap\u0131lmas\u0131na Dair Y\u00f6netmelik (\"Y\u00f6netmelik\") 27 Temmuz 2021","breadcrumb":{"@id":"https:\/\/www.esin.av.tr\/tr\/2021\/07\/28\/profesyonel-ve-agir-vasita-ehliyeti-ile-tasit-kullananlarin-gunluk-calisma-suresi-bir-hafta-icinde-iki-kez-10-saate-cikabilecek\/#breadcrumb"},"inLanguage":"tr","potentialAction":[{"@type":"ReadAction","target":["https:\/\/www.esin.av.tr\/tr\/2021\/07\/28\/profesyonel-ve-agir-vasita-ehliyeti-ile-tasit-kullananlarin-gunluk-calisma-suresi-bir-hafta-icinde-iki-kez-10-saate-cikabilecek\/"]}]},{"@type":"BreadcrumbList","@id":"https:\/\/www.esin.av.tr\/tr\/2021\/07\/28\/profesyonel-ve-agir-vasita-ehliyeti-ile-tasit-kullananlarin-gunluk-calisma-suresi-bir-hafta-icinde-iki-kez-10-saate-cikabilecek\/#breadcrumb","itemListElement":[{"@type":"ListItem","position":1,"name":"Home","item":"https:\/\/www.esin.av.tr\/tr\/"},{"@type":"ListItem","position":2,"name":"Profesyonel ve A\u011f\u0131r Vas\u0131ta Ehliyeti ile Ta\u015f\u0131t Kullananlar\u0131n G\u00fcnl\u00fck \u00c7al\u0131\u015fma S\u00fcresi Bir Hafta \u0130\u00e7inde \u0130ki Kez 10 Saate \u00c7\u0131kabilecek"}]},{"@type":"WebSite","@id":"https:\/\/www.esin.av.tr\/tr\/#website","url":"https:\/\/www.esin.av.tr\/tr\/","name":"Esin Avukatl\u0131k Ortakl\u0131\u011f\u0131","description":"","publisher":{"@id":"https:\/\/www.esin.av.tr\/tr\/#organization"},"potentialAction":[{"@type":"SearchAction","target":{"@type":"EntryPoint","urlTemplate":"https:\/\/www.esin.av.tr\/tr\/?s={search_term_string}"},"query-input":{"@type":"PropertyValueSpecification","valueRequired":true,"valueName":"search_term_string"}}],"inLanguage":"tr"},{"@type":"Organization","@id":"https:\/\/www.esin.av.tr\/tr\/#organization","name":"Esin Avukatl\u0131k Ortakl\u0131\u011f\u0131","url":"https:\/\/www.esin.av.tr\/tr\/","logo":{"@type":"ImageObject","inLanguage":"tr","@id":"https:\/\/www.esin.av.tr\/tr\/#\/schema\/logo\/image\/","url":"https:\/\/www.esin.av.tr\/wp-content\/uploads\/2021\/09\/esin-2.jpg","contentUrl":"https:\/\/www.esin.av.tr\/wp-content\/uploads\/2021\/09\/esin-2.jpg","width":800,"height":460,"caption":"Esin Avukatl\u0131k Ortakl\u0131\u011f\u0131"},"image":{"@id":"https:\/\/www.esin.av.tr\/tr\/#\/schema\/logo\/image\/"}},{"@type":"Person","@id":"https:\/\/www.esin.av.tr\/tr\/#\/schema\/person\/42c8e616aab56b8622fa365ad63282ae","name":"R\u0131dvan Konrat","image":{"@type":"ImageObject","inLanguage":"tr","@id":"https:\/\/www.esin.av.tr\/tr\/#\/schema\/person\/image\/","url":"https:\/\/secure.gravatar.com\/avatar\/b20c6c583be38ed4e76e32f69fccc676?s=96&d=mm&r=g","contentUrl":"https:\/\/secure.gravatar.com\/avatar\/b20c6c583be38ed4e76e32f69fccc676?s=96&d=mm&r=g","caption":"R\u0131dvan Konrat"},"sameAs":["http:\/\/www.esin.av.tr"],"url":"https:\/\/www.esin.av.tr\/tr\/author\/rkonrat\/"}]}},"_links":{"self":[{"href":"https:\/\/www.esin.av.tr\/tr\/wp-json\/wp\/v2\/posts\/19791","targetHints":{"allow":["GET"]}}],"collection":[{"href":"https:\/\/www.esin.av.tr\/tr\/wp-json\/wp\/v2\/posts"}],"about":[{"href":"https:\/\/www.esin.av.tr\/tr\/wp-json\/wp\/v2\/types\/post"}],"author":[{"embeddable":true,"href":"https:\/\/www.esin.av.tr\/tr\/wp-json\/wp\/v2\/users\/4"}],"replies":[{"embeddable":true,"href":"https:\/\/www.esin.av.tr\/tr\/wp-json\/wp\/v2\/comments?post=19791"}],"version-history":[{"count":1,"href":"https:\/\/www.esin.av.tr\/tr\/wp-json\/wp\/v2\/posts\/19791\/revisions"}],"predecessor-version":[{"id":19792,"href":"https:\/\/www.esin.av.tr\/tr\/wp-json\/wp\/v2\/posts\/19791\/revisions\/19792"}],"wp:attachment":[{"href":"https:\/\/www.esin.av.tr\/tr\/wp-json\/wp\/v2\/media?parent=19791"}],"wp:term":[{"taxonomy":"category","embeddable":true,"href":"https:\/\/www.esin.av.tr\/tr\/wp-json\/wp\/v2\/categories?post=19791"},{"taxonomy":"post_tag","embeddable":true,"href":"https:\/\/www.esin.av.tr\/tr\/wp-json\/wp\/v2\/tags?post=19791"}],"curies":[{"name":"wp","href":"https:\/\/api.w.org\/{rel}","templated":true}]}}