{"id":19630,"date":"2021-06-22T15:08:59","date_gmt":"2021-06-22T15:08:59","guid":{"rendered":"https:\/\/www.esin.av.tr\/?p=19630"},"modified":"2022-06-09T13:24:42","modified_gmt":"2022-06-09T13:24:42","slug":"19630","status":"publish","type":"post","link":"https:\/\/www.esin.av.tr\/tr\/2021\/06\/22\/19630\/","title":{"rendered":"Yeni \u00c7evre Denetimi Y\u00f6netmeli\u011fi Yay\u0131mland\u0131"},"content":{"rendered":"<p><strong><a href=\"https:\/\/podcast.esin.av.tr\/?lang=tr&amp;playing=PFC8136741097?updated=1624344787\" target=\"_blank\" rel=\"noopener\"><img decoding=\"async\" class=\"alignnone wp-image-18799\" src=\"https:\/\/www.esin.av.tr\/wp-content\/uploads\/2021\/02\/1.png\" alt=\"\" width=\"48\" height=\"48\" srcset=\"https:\/\/www.esin.av.tr\/wp-content\/uploads\/2021\/02\/1.png 186w, https:\/\/www.esin.av.tr\/wp-content\/uploads\/2021\/02\/1-150x150.png 150w\" sizes=\"(max-width: 48px) 100vw, 48px\" \/><\/a>\u00a0 \u00a0 \u00a0 \u00a0Art\u0131k b\u00fcltenlerimizi sesli olarak da dinleyebilirsiniz!<\/strong><\/p>\n<p>&nbsp;<\/p>\n<p><strong>Yeni Geli\u015fme<\/strong><\/p>\n<p>\u00c7evre Denetim Y\u00f6netmeli\u011fi (&#8220;<strong>Y\u00f6netmelik<\/strong>&#8220;) ile K\u00fcresel \u0130klim De\u011fi\u015fikli\u011fi Etkilerinin En Aza \u0130ndirilmesi, Kurakl\u0131kla M\u00fccadele ve Su Kaynaklar\u0131n\u0131n Verimli Kullan\u0131lmas\u0131 i\u00e7in Al\u0131nmas\u0131 Gereken Tedbirlerin Belirlenmesi Amac\u0131yla Kurulan Meclis Ara\u015ft\u0131rma Komisyonu&#8217;nun G\u00f6rev S\u00fcresinin Uzat\u0131lmas\u0131na dair 1286 say\u0131l\u0131 T\u00fcrkiye B\u00fcy\u00fck Millet Meclisi (TBMM) karar\u0131 (&#8220;<strong>TBMM Karar\u0131<\/strong>&#8220;) 12 Haziran 2021 tarihli ve 31509 say\u0131l\u0131 Resmi Gazete&#8217;de yay\u0131mlanm\u0131\u015ft\u0131r. Y\u00f6netmelik&#8217;e <a href=\"https:\/\/urldefense.com\/v3\/__https:\/esinxchange.com\/collect\/click.aspx?u=NnlGbDhwWXhJL1dtdTljVm9ZMGYvc0ZkSXZpR3hJdzV4dEU3aGhDVFpGcGMyejdQazh6SmI3dWd3eFpGdzhyODNXNEsrRExURmhWNVJUUGNsWEl2TE92RzIxZHFJQzNPS0tSd1BZazF1Z2lIU3NmL1lXMlFqL244TmVjNms1a3M=&amp;rh=ff007c17fb543f1df82c3ca2d94f99e9c309143b__;!!Hj9Y_P0nvg!HOzUXj3QI0qnmhNPY3cWYJQl0fEVlS_w-rR7ShjQHuaHJ1Kb-Lp4H1gD1YV2oLyhJH0$\"><strong>buradan<\/strong> <\/a>ula\u015fabilirsiniz. \u0130lgili TBMM karar\u0131na <a href=\"https:\/\/urldefense.com\/v3\/__https:\/esinxchange.com\/collect\/click.aspx?u=NnlGbDhwWXhJL1dtdTljVm9ZMGYvc0ZkSXZpR3hJdzV4dEU3aGhDVFpGcGMyejdQazh6SmI3dWd3eFpGdzhyODNXNEsrRExURmhWNVJUUGNsWEl2TE92RzIxZHFJQzNPS0tSd1BZazF1Z2gvY1VBTzdRR25Eb3NkRHZqTmtoL3o=&amp;rh=ff007c17fb543f1df82c3ca2d94f99e9c309143b__;!!Hj9Y_P0nvg!HOzUXj3QI0qnmhNPY3cWYJQl0fEVlS_w-rR7ShjQHuaHJ1Kb-Lp4H1gD1YV2BYdasKo$\"><strong>buradan<\/strong> <\/a>ula\u015fabilirsiniz.<\/p>\n<p><strong>Ne De\u011fi\u015fecek?<\/strong><\/p>\n<p>Yeni Y\u00f6netmelik uyar\u0131nca \u00e7evre denetim ekiplerinde yer alacak ki\u015filerde aranan niteliklerde de\u011fi\u015fikli\u011fe gidilmi\u015ftir. Ekipte yer alabilmek i\u00e7in \u00e7evre m\u00fchendisi olma \u015fart\u0131 kald\u0131r\u0131larak; \u00fcniversitelerin m\u00fchendislik, mimarl\u0131k veya fen fak\u00fcltelerinden mezun olup, \u00c7evre ve \u015eehircilik Bakanl\u0131\u011f\u0131 taraf\u0131ndan belirlenen e\u011fitimi almak ve en az 15 adet \u00e7evre denetimine aday olarak kat\u0131lma \u015fartlar\u0131 yeterli g\u00f6r\u00fclmektedir. Tesis ve faaliyetlerin \u00e7evresel denetimi, bu do\u011frultuda kurulan ekiplerce planl\u0131 veya plans\u0131z olarak ger\u00e7ekle\u015ftirilebilir. Bu s\u00fcre\u00e7te Y\u00f6netmelik&#8217;te belirlenen hususlara uygunsuzluk tespit edilmesi halinde idari yapt\u0131r\u0131m karar\u0131 verilecektir. Karara kar\u015f\u0131 tebli\u011f tarihinden itibaren 30 g\u00fcn i\u00e7erisinde idari yarg\u0131da dava a\u00e7mak m\u00fcmk\u00fcnd\u00fcr.<\/p>\n<p>Gemilerin denizlerde sebep oldu\u011fu kirlili\u011fin denetimi Y\u00f6netmelik kapsam\u0131na dahil edilmi\u015ftir. Yetki devri yap\u0131lan kurum ve mercilerce deniz kirlili\u011fini denetlemek \u00fczere ayr\u0131 bir denetim ekibi kurulacakt\u0131r. Denizlerde idari para cezas\u0131 vermeye yetkili kurumlar s\u00fcrekli olarak havadan, karadan ve denizden kontrol ve izleme yapmakla y\u00fck\u00fcml\u00fc k\u0131l\u0131nm\u0131\u015ft\u0131r. Y\u00f6netmelik, ilaveten gemilere verilecek olan idari para cezalar\u0131 ve \u00f6deme \u015fekillerine ili\u015fkin h\u00fck\u00fcmler i\u00e7ermektedir. Gemilere verilen idari para cezalar\u0131n\u0131n derhal ve defaten \u00f6denmemesi halinde kirleten gemi yetkilisi, sahibi, i\u015fleteni, kirac\u0131s\u0131, sigortac\u0131s\u0131, acentesi veya ilgili geminin ba\u011fl\u0131 oldu\u011fu kul\u00fcp sigortas\u0131 taraf\u0131ndan banka teminat mektubu verilmesi zorunludur. Bu y\u00fck\u00fcml\u00fcl\u00fc\u011fe uyulmamas\u0131 halinde yetkili merciin talebi \u00fczerine ilgili gemi seyr\u00fcseferden ve faaliyetten men edilecektir.<\/p>\n<p>Bunun yan\u0131, s\u0131ra TBMM taraf\u0131ndan T\u00fcrkiye&#8217;de k\u00fcresel iklim de\u011fi\u015fikli\u011fi ve kurakl\u0131\u011fa kar\u015f\u0131 tehlikelere y\u00f6nelik ulusal d\u00fczeyde \u00e7al\u0131\u015fmalar\u0131n y\u00fcr\u00fct\u00fclmesi amac\u0131yla kurulan Komisyon&#8217;un g\u00f6rev s\u00fcresi, yay\u0131mlanan TBMM karar\u0131 ile 10.06.2021 tarihinden 23.06.2021 tarihine kadar uzat\u0131lm\u0131\u015ft\u0131r.<\/p>\n<p><strong>Sonu\u00e7<\/strong><\/p>\n<p>TBMM Karar\u0131 ile desteklenen s\u00f6z konusu Y\u00f6netmelik, \u00e7evre ve \u00f6zellikle deniz kirlili\u011fi denetimine y\u00f6nelik \u00f6nemli d\u00fczenlemeler i\u00e7ermektedir. \u0130lgili TBMM karar\u0131 da Y\u00f6netmelik&#8217;in bu amac\u0131n\u0131 destekler niteliktedir. \u015eirketler s\u00f6z konusu Y\u00f6netmelik kapsam\u0131nda getirilen de\u011fi\u015fiklikleri dikkatle incelemeli ve y\u00fck\u00fcml\u00fcl\u00fcklerini yerine getirmek \u00fczere gerekli ad\u0131mlar\u0131 atmal\u0131d\u0131r.<\/p>\n","protected":false},"excerpt":{"rendered":"<p>\u00a0 \u00a0 \u00a0 \u00a0Art\u0131k b\u00fcltenlerimizi sesli olarak da dinleyebilirsiniz! &nbsp; Yeni Geli\u015fme \u00c7evre Denetim Y\u00f6netmeli\u011fi (&#8220;Y\u00f6netmelik&#8220;) ile K\u00fcresel \u0130klim De\u011fi\u015fikli\u011fi [&hellip;]<\/p>\n","protected":false},"author":4,"featured_media":0,"comment_status":"closed","ping_status":"closed","sticky":false,"template":"","format":"standard","meta":{"_acf_changed":false,"_stopmodifiedupdate":false,"_modified_date":"","footnotes":""},"categories":[120],"tags":[94],"class_list":["post-19630","post","type-post","status-publish","format-standard","hentry","category-legal-alerts","tag-international-commercial-and-trade-tr"],"acf":[],"yoast_head":"<!-- This site is optimized with the Yoast SEO plugin v24.0 - https:\/\/yoast.com\/wordpress\/plugins\/seo\/ -->\n<title>Yeni \u00c7evre Denetimi Y\u00f6netmeli\u011fi Yay\u0131mland\u0131<\/title>\n<meta name=\"description\" content=\"\u00a0 \u00a0 \u00a0 \u00a0Art\u0131k b\u00fcltenlerimizi sesli olarak da dinleyebilirsiniz! &nbsp; Yeni Geli\u015fme \u00c7evre Denetim Y\u00f6netmeli\u011fi (&quot;Y\u00f6netmelik&quot;) ile K\u00fcresel \u0130klim De\u011fi\u015fikli\u011fi\" \/>\n<meta name=\"robots\" content=\"index, follow, max-snippet:-1, max-image-preview:large, max-video-preview:-1\" \/>\n<link rel=\"canonical\" href=\"https:\/\/www.esin.av.tr\/tr\/2021\/06\/22\/19630\/\" \/>\n<meta property=\"og:locale\" content=\"tr_TR\" \/>\n<meta property=\"og:type\" content=\"article\" \/>\n<meta property=\"og:title\" content=\"Yeni \u00c7evre Denetimi Y\u00f6netmeli\u011fi Yay\u0131mland\u0131\" \/>\n<meta property=\"og:description\" content=\"\u00a0 \u00a0 \u00a0 \u00a0Art\u0131k b\u00fcltenlerimizi sesli olarak da dinleyebilirsiniz! &nbsp; Yeni Geli\u015fme \u00c7evre Denetim Y\u00f6netmeli\u011fi (&quot;Y\u00f6netmelik&quot;) ile K\u00fcresel \u0130klim De\u011fi\u015fikli\u011fi\" \/>\n<meta property=\"og:url\" content=\"https:\/\/www.esin.av.tr\/tr\/2021\/06\/22\/19630\/\" \/>\n<meta property=\"og:site_name\" content=\"Esin Avukatl\u0131k Ortakl\u0131\u011f\u0131\" \/>\n<meta property=\"article:published_time\" content=\"2021-06-22T15:08:59+00:00\" \/>\n<meta property=\"article:modified_time\" content=\"2022-06-09T13:24:42+00:00\" \/>\n<meta property=\"og:image\" content=\"https:\/\/www.esin.av.tr\/wp-content\/uploads\/2021\/02\/1.png\" \/>\n<meta name=\"author\" content=\"R\u0131dvan Konrat\" \/>\n<meta name=\"twitter:card\" content=\"summary_large_image\" \/>\n<meta name=\"twitter:label1\" content=\"Written by\" \/>\n\t<meta name=\"twitter:data1\" content=\"R\u0131dvan Konrat\" \/>\n\t<meta name=\"twitter:label2\" content=\"Est. reading time\" \/>\n\t<meta name=\"twitter:data2\" content=\"2 minutes\" \/>\n<script type=\"application\/ld+json\" class=\"yoast-schema-graph\">{\"@context\":\"https:\/\/schema.org\",\"@graph\":[{\"@type\":\"Article\",\"@id\":\"https:\/\/www.esin.av.tr\/tr\/2021\/06\/22\/19630\/#article\",\"isPartOf\":{\"@id\":\"https:\/\/www.esin.av.tr\/tr\/2021\/06\/22\/19630\/\"},\"author\":{\"name\":\"R\u0131dvan Konrat\",\"@id\":\"https:\/\/www.esin.av.tr\/tr\/#\/schema\/person\/42c8e616aab56b8622fa365ad63282ae\"},\"headline\":\"Yeni \u00c7evre Denetimi Y\u00f6netmeli\u011fi Yay\u0131mland\u0131\",\"datePublished\":\"2021-06-22T15:08:59+00:00\",\"dateModified\":\"2022-06-09T13:24:42+00:00\",\"mainEntityOfPage\":{\"@id\":\"https:\/\/www.esin.av.tr\/tr\/2021\/06\/22\/19630\/\"},\"wordCount\":500,\"publisher\":{\"@id\":\"https:\/\/www.esin.av.tr\/tr\/#organization\"},\"image\":{\"@id\":\"https:\/\/www.esin.av.tr\/tr\/2021\/06\/22\/19630\/#primaryimage\"},\"thumbnailUrl\":\"https:\/\/www.esin.av.tr\/wp-content\/uploads\/2021\/02\/1.png\",\"keywords\":[\"Uluslararas\u0131 Ticaret Hukuku\"],\"articleSection\":[\"Hukuk B\u00fcltenleri\"],\"inLanguage\":\"tr\"},{\"@type\":\"WebPage\",\"@id\":\"https:\/\/www.esin.av.tr\/tr\/2021\/06\/22\/19630\/\",\"url\":\"https:\/\/www.esin.av.tr\/tr\/2021\/06\/22\/19630\/\",\"name\":\"Yeni \u00c7evre Denetimi Y\u00f6netmeli\u011fi Yay\u0131mland\u0131\",\"isPartOf\":{\"@id\":\"https:\/\/www.esin.av.tr\/tr\/#website\"},\"primaryImageOfPage\":{\"@id\":\"https:\/\/www.esin.av.tr\/tr\/2021\/06\/22\/19630\/#primaryimage\"},\"image\":{\"@id\":\"https:\/\/www.esin.av.tr\/tr\/2021\/06\/22\/19630\/#primaryimage\"},\"thumbnailUrl\":\"https:\/\/www.esin.av.tr\/wp-content\/uploads\/2021\/02\/1.png\",\"datePublished\":\"2021-06-22T15:08:59+00:00\",\"dateModified\":\"2022-06-09T13:24:42+00:00\",\"description\":\"\u00a0 \u00a0 \u00a0 \u00a0Art\u0131k b\u00fcltenlerimizi sesli olarak da dinleyebilirsiniz! &nbsp; Yeni Geli\u015fme \u00c7evre Denetim Y\u00f6netmeli\u011fi (\\\"Y\u00f6netmelik\\\") ile K\u00fcresel \u0130klim De\u011fi\u015fikli\u011fi\",\"breadcrumb\":{\"@id\":\"https:\/\/www.esin.av.tr\/tr\/2021\/06\/22\/19630\/#breadcrumb\"},\"inLanguage\":\"tr\",\"potentialAction\":[{\"@type\":\"ReadAction\",\"target\":[\"https:\/\/www.esin.av.tr\/tr\/2021\/06\/22\/19630\/\"]}]},{\"@type\":\"ImageObject\",\"inLanguage\":\"tr\",\"@id\":\"https:\/\/www.esin.av.tr\/tr\/2021\/06\/22\/19630\/#primaryimage\",\"url\":\"https:\/\/www.esin.av.tr\/wp-content\/uploads\/2021\/02\/1.png\",\"contentUrl\":\"https:\/\/www.esin.av.tr\/wp-content\/uploads\/2021\/02\/1.png\"},{\"@type\":\"BreadcrumbList\",\"@id\":\"https:\/\/www.esin.av.tr\/tr\/2021\/06\/22\/19630\/#breadcrumb\",\"itemListElement\":[{\"@type\":\"ListItem\",\"position\":1,\"name\":\"Home\",\"item\":\"https:\/\/www.esin.av.tr\/tr\/\"},{\"@type\":\"ListItem\",\"position\":2,\"name\":\"Yeni \u00c7evre Denetimi Y\u00f6netmeli\u011fi Yay\u0131mland\u0131\"}]},{\"@type\":\"WebSite\",\"@id\":\"https:\/\/www.esin.av.tr\/tr\/#website\",\"url\":\"https:\/\/www.esin.av.tr\/tr\/\",\"name\":\"Esin Avukatl\u0131k Ortakl\u0131\u011f\u0131\",\"description\":\"\",\"publisher\":{\"@id\":\"https:\/\/www.esin.av.tr\/tr\/#organization\"},\"potentialAction\":[{\"@type\":\"SearchAction\",\"target\":{\"@type\":\"EntryPoint\",\"urlTemplate\":\"https:\/\/www.esin.av.tr\/tr\/?s={search_term_string}\"},\"query-input\":{\"@type\":\"PropertyValueSpecification\",\"valueRequired\":true,\"valueName\":\"search_term_string\"}}],\"inLanguage\":\"tr\"},{\"@type\":\"Organization\",\"@id\":\"https:\/\/www.esin.av.tr\/tr\/#organization\",\"name\":\"Esin Avukatl\u0131k Ortakl\u0131\u011f\u0131\",\"url\":\"https:\/\/www.esin.av.tr\/tr\/\",\"logo\":{\"@type\":\"ImageObject\",\"inLanguage\":\"tr\",\"@id\":\"https:\/\/www.esin.av.tr\/tr\/#\/schema\/logo\/image\/\",\"url\":\"https:\/\/www.esin.av.tr\/wp-content\/uploads\/2021\/09\/esin-2.jpg\",\"contentUrl\":\"https:\/\/www.esin.av.tr\/wp-content\/uploads\/2021\/09\/esin-2.jpg\",\"width\":800,\"height\":460,\"caption\":\"Esin Avukatl\u0131k Ortakl\u0131\u011f\u0131\"},\"image\":{\"@id\":\"https:\/\/www.esin.av.tr\/tr\/#\/schema\/logo\/image\/\"}},{\"@type\":\"Person\",\"@id\":\"https:\/\/www.esin.av.tr\/tr\/#\/schema\/person\/42c8e616aab56b8622fa365ad63282ae\",\"name\":\"R\u0131dvan Konrat\",\"image\":{\"@type\":\"ImageObject\",\"inLanguage\":\"tr\",\"@id\":\"https:\/\/www.esin.av.tr\/tr\/#\/schema\/person\/image\/\",\"url\":\"https:\/\/secure.gravatar.com\/avatar\/b20c6c583be38ed4e76e32f69fccc676?s=96&d=mm&r=g\",\"contentUrl\":\"https:\/\/secure.gravatar.com\/avatar\/b20c6c583be38ed4e76e32f69fccc676?s=96&d=mm&r=g\",\"caption\":\"R\u0131dvan Konrat\"},\"sameAs\":[\"http:\/\/www.esin.av.tr\"],\"url\":\"https:\/\/www.esin.av.tr\/tr\/author\/rkonrat\/\"}]}<\/script>\n<!-- \/ Yoast SEO plugin. -->","yoast_head_json":{"title":"Yeni \u00c7evre Denetimi Y\u00f6netmeli\u011fi Yay\u0131mland\u0131","description":"\u00a0 \u00a0 \u00a0 \u00a0Art\u0131k b\u00fcltenlerimizi sesli olarak da dinleyebilirsiniz! &nbsp; Yeni Geli\u015fme \u00c7evre Denetim Y\u00f6netmeli\u011fi (\"Y\u00f6netmelik\") ile K\u00fcresel \u0130klim De\u011fi\u015fikli\u011fi","robots":{"index":"index","follow":"follow","max-snippet":"max-snippet:-1","max-image-preview":"max-image-preview:large","max-video-preview":"max-video-preview:-1"},"canonical":"https:\/\/www.esin.av.tr\/tr\/2021\/06\/22\/19630\/","og_locale":"tr_TR","og_type":"article","og_title":"Yeni \u00c7evre Denetimi Y\u00f6netmeli\u011fi Yay\u0131mland\u0131","og_description":"\u00a0 \u00a0 \u00a0 \u00a0Art\u0131k b\u00fcltenlerimizi sesli olarak da dinleyebilirsiniz! &nbsp; Yeni Geli\u015fme \u00c7evre Denetim Y\u00f6netmeli\u011fi (\"Y\u00f6netmelik\") ile K\u00fcresel \u0130klim De\u011fi\u015fikli\u011fi","og_url":"https:\/\/www.esin.av.tr\/tr\/2021\/06\/22\/19630\/","og_site_name":"Esin Avukatl\u0131k Ortakl\u0131\u011f\u0131","article_published_time":"2021-06-22T15:08:59+00:00","article_modified_time":"2022-06-09T13:24:42+00:00","og_image":[{"url":"https:\/\/www.esin.av.tr\/wp-content\/uploads\/2021\/02\/1.png","type":"","width":"","height":""}],"author":"R\u0131dvan Konrat","twitter_card":"summary_large_image","twitter_misc":{"Written by":"R\u0131dvan Konrat","Est. reading time":"2 minutes"},"schema":{"@context":"https:\/\/schema.org","@graph":[{"@type":"Article","@id":"https:\/\/www.esin.av.tr\/tr\/2021\/06\/22\/19630\/#article","isPartOf":{"@id":"https:\/\/www.esin.av.tr\/tr\/2021\/06\/22\/19630\/"},"author":{"name":"R\u0131dvan Konrat","@id":"https:\/\/www.esin.av.tr\/tr\/#\/schema\/person\/42c8e616aab56b8622fa365ad63282ae"},"headline":"Yeni \u00c7evre Denetimi Y\u00f6netmeli\u011fi Yay\u0131mland\u0131","datePublished":"2021-06-22T15:08:59+00:00","dateModified":"2022-06-09T13:24:42+00:00","mainEntityOfPage":{"@id":"https:\/\/www.esin.av.tr\/tr\/2021\/06\/22\/19630\/"},"wordCount":500,"publisher":{"@id":"https:\/\/www.esin.av.tr\/tr\/#organization"},"image":{"@id":"https:\/\/www.esin.av.tr\/tr\/2021\/06\/22\/19630\/#primaryimage"},"thumbnailUrl":"https:\/\/www.esin.av.tr\/wp-content\/uploads\/2021\/02\/1.png","keywords":["Uluslararas\u0131 Ticaret Hukuku"],"articleSection":["Hukuk B\u00fcltenleri"],"inLanguage":"tr"},{"@type":"WebPage","@id":"https:\/\/www.esin.av.tr\/tr\/2021\/06\/22\/19630\/","url":"https:\/\/www.esin.av.tr\/tr\/2021\/06\/22\/19630\/","name":"Yeni \u00c7evre Denetimi Y\u00f6netmeli\u011fi Yay\u0131mland\u0131","isPartOf":{"@id":"https:\/\/www.esin.av.tr\/tr\/#website"},"primaryImageOfPage":{"@id":"https:\/\/www.esin.av.tr\/tr\/2021\/06\/22\/19630\/#primaryimage"},"image":{"@id":"https:\/\/www.esin.av.tr\/tr\/2021\/06\/22\/19630\/#primaryimage"},"thumbnailUrl":"https:\/\/www.esin.av.tr\/wp-content\/uploads\/2021\/02\/1.png","datePublished":"2021-06-22T15:08:59+00:00","dateModified":"2022-06-09T13:24:42+00:00","description":"\u00a0 \u00a0 \u00a0 \u00a0Art\u0131k b\u00fcltenlerimizi sesli olarak da dinleyebilirsiniz! &nbsp; Yeni Geli\u015fme \u00c7evre Denetim Y\u00f6netmeli\u011fi (\"Y\u00f6netmelik\") ile K\u00fcresel \u0130klim De\u011fi\u015fikli\u011fi","breadcrumb":{"@id":"https:\/\/www.esin.av.tr\/tr\/2021\/06\/22\/19630\/#breadcrumb"},"inLanguage":"tr","potentialAction":[{"@type":"ReadAction","target":["https:\/\/www.esin.av.tr\/tr\/2021\/06\/22\/19630\/"]}]},{"@type":"ImageObject","inLanguage":"tr","@id":"https:\/\/www.esin.av.tr\/tr\/2021\/06\/22\/19630\/#primaryimage","url":"https:\/\/www.esin.av.tr\/wp-content\/uploads\/2021\/02\/1.png","contentUrl":"https:\/\/www.esin.av.tr\/wp-content\/uploads\/2021\/02\/1.png"},{"@type":"BreadcrumbList","@id":"https:\/\/www.esin.av.tr\/tr\/2021\/06\/22\/19630\/#breadcrumb","itemListElement":[{"@type":"ListItem","position":1,"name":"Home","item":"https:\/\/www.esin.av.tr\/tr\/"},{"@type":"ListItem","position":2,"name":"Yeni \u00c7evre Denetimi Y\u00f6netmeli\u011fi Yay\u0131mland\u0131"}]},{"@type":"WebSite","@id":"https:\/\/www.esin.av.tr\/tr\/#website","url":"https:\/\/www.esin.av.tr\/tr\/","name":"Esin Avukatl\u0131k Ortakl\u0131\u011f\u0131","description":"","publisher":{"@id":"https:\/\/www.esin.av.tr\/tr\/#organization"},"potentialAction":[{"@type":"SearchAction","target":{"@type":"EntryPoint","urlTemplate":"https:\/\/www.esin.av.tr\/tr\/?s={search_term_string}"},"query-input":{"@type":"PropertyValueSpecification","valueRequired":true,"valueName":"search_term_string"}}],"inLanguage":"tr"},{"@type":"Organization","@id":"https:\/\/www.esin.av.tr\/tr\/#organization","name":"Esin Avukatl\u0131k Ortakl\u0131\u011f\u0131","url":"https:\/\/www.esin.av.tr\/tr\/","logo":{"@type":"ImageObject","inLanguage":"tr","@id":"https:\/\/www.esin.av.tr\/tr\/#\/schema\/logo\/image\/","url":"https:\/\/www.esin.av.tr\/wp-content\/uploads\/2021\/09\/esin-2.jpg","contentUrl":"https:\/\/www.esin.av.tr\/wp-content\/uploads\/2021\/09\/esin-2.jpg","width":800,"height":460,"caption":"Esin Avukatl\u0131k Ortakl\u0131\u011f\u0131"},"image":{"@id":"https:\/\/www.esin.av.tr\/tr\/#\/schema\/logo\/image\/"}},{"@type":"Person","@id":"https:\/\/www.esin.av.tr\/tr\/#\/schema\/person\/42c8e616aab56b8622fa365ad63282ae","name":"R\u0131dvan Konrat","image":{"@type":"ImageObject","inLanguage":"tr","@id":"https:\/\/www.esin.av.tr\/tr\/#\/schema\/person\/image\/","url":"https:\/\/secure.gravatar.com\/avatar\/b20c6c583be38ed4e76e32f69fccc676?s=96&d=mm&r=g","contentUrl":"https:\/\/secure.gravatar.com\/avatar\/b20c6c583be38ed4e76e32f69fccc676?s=96&d=mm&r=g","caption":"R\u0131dvan Konrat"},"sameAs":["http:\/\/www.esin.av.tr"],"url":"https:\/\/www.esin.av.tr\/tr\/author\/rkonrat\/"}]}},"_links":{"self":[{"href":"https:\/\/www.esin.av.tr\/tr\/wp-json\/wp\/v2\/posts\/19630","targetHints":{"allow":["GET"]}}],"collection":[{"href":"https:\/\/www.esin.av.tr\/tr\/wp-json\/wp\/v2\/posts"}],"about":[{"href":"https:\/\/www.esin.av.tr\/tr\/wp-json\/wp\/v2\/types\/post"}],"author":[{"embeddable":true,"href":"https:\/\/www.esin.av.tr\/tr\/wp-json\/wp\/v2\/users\/4"}],"replies":[{"embeddable":true,"href":"https:\/\/www.esin.av.tr\/tr\/wp-json\/wp\/v2\/comments?post=19630"}],"version-history":[{"count":2,"href":"https:\/\/www.esin.av.tr\/tr\/wp-json\/wp\/v2\/posts\/19630\/revisions"}],"predecessor-version":[{"id":19632,"href":"https:\/\/www.esin.av.tr\/tr\/wp-json\/wp\/v2\/posts\/19630\/revisions\/19632"}],"wp:attachment":[{"href":"https:\/\/www.esin.av.tr\/tr\/wp-json\/wp\/v2\/media?parent=19630"}],"wp:term":[{"taxonomy":"category","embeddable":true,"href":"https:\/\/www.esin.av.tr\/tr\/wp-json\/wp\/v2\/categories?post=19630"},{"taxonomy":"post_tag","embeddable":true,"href":"https:\/\/www.esin.av.tr\/tr\/wp-json\/wp\/v2\/tags?post=19630"}],"curies":[{"name":"wp","href":"https:\/\/api.w.org\/{rel}","templated":true}]}}