{"id":19512,"date":"2021-05-27T09:18:31","date_gmt":"2021-05-27T09:18:31","guid":{"rendered":"https:\/\/www.esin.av.tr\/?p=19512"},"modified":"2022-06-09T13:25:05","modified_gmt":"2022-06-09T13:25:05","slug":"titck-beseri-asilarin-klinik-disi-degerlendirilmesine-iliskin-kilavuzu-guncelledi","status":"publish","type":"post","link":"https:\/\/www.esin.av.tr\/tr\/2021\/05\/27\/titck-beseri-asilarin-klinik-disi-degerlendirilmesine-iliskin-kilavuzu-guncelledi\/","title":{"rendered":"T\u0130TCK Be\u015feri A\u015f\u0131lar\u0131n Klinik D\u0131\u015f\u0131 De\u011ferlendirilmesine \u0130li\u015fkin K\u0131lavuz&#8217;u G\u00fcncelledi"},"content":{"rendered":"<p><a href=\"https:\/\/podcast.esin.av.tr\/?lang=tr&amp;playing=PFC3395410646\" target=\"_blank\" rel=\"noopener\"><img decoding=\"async\" class=\"alignnone wp-image-18799\" src=\"https:\/\/www.esin.av.tr\/wp-content\/uploads\/2021\/02\/1.png\" alt=\"\" width=\"46\" height=\"46\" srcset=\"https:\/\/www.esin.av.tr\/wp-content\/uploads\/2021\/02\/1.png 186w, https:\/\/www.esin.av.tr\/wp-content\/uploads\/2021\/02\/1-150x150.png 150w\" sizes=\"(max-width: 46px) 100vw, 46px\" \/><\/a>\u00a0 \u00a0Art\u0131k b\u00fcltenlerimizi sesli olarak da dinleyebilirsiniz!<\/p>\n<p>&nbsp;<\/p>\n<p><strong>Yeni Geli\u015fme<\/strong><\/p>\n<p>T\u00fcrkiye \u0130la\u00e7 ve T\u0131bbi Cihaz Kurumu (&#8220;<strong>Kurum<\/strong>&#8220;) 18 May\u0131s 2021 tarihinde Be\u015feri A\u015f\u0131lar\u0131n Klinik D\u0131\u015f\u0131 De\u011ferlendirilmesine \u0130li\u015fkin K\u0131lavuz&#8217;u (&#8220;<strong>K\u0131lavuz<\/strong>&#8220;) g\u00fcncelledi. K\u0131lavuz sa\u011fl\u0131k sekt\u00f6r\u00fcnden gelen geri bildirimler do\u011frultusunda geli\u015ftirildi. S\u00f6z konusu g\u00fcncelleme, K\u0131lavuz&#8217;un \u00f6nceki versiyonunda mu\u011flak kalan pek \u00e7ok konuda detayl\u0131 y\u00f6nlendirmeler i\u00e7eriyor. K\u0131lavuz&#8217;a <a href=\"https:\/\/urldefense.com\/v3\/__https:\/esinxchange.com\/collect\/click.aspx?u=d3VscEViRlI3MmYwdlhneldvak1MSlhrS3o4YU5ZdmNnVElFVmhUdWVTT3pLS0E1Qko4VWxuOHBRemd5bm9BZkl1NlZhM3R4dXNFenV2OXQvemR5dGxmaDNzTjBUdDR5VWROQUl4ZXpCWS9mWUFSUVBLVzZXVUhtL1VwVHhWSjZXZk82ZGQ3eEU5NU5ZbUlSZXAwb1RHVzBFSlE4Qmt4YXllZmV6dnZvelpiM2drTTBkeTYyWGMxMU56dGpsSVBhSUVNb0FldDVvU2FzUDNoMThFbmlUN0I4dzl6QTM1VFRBRHRiSzNXcmJGYW1wMnhzekJ3NzR3PT0=&amp;rh=ff007a59092b91809cc0819748429dc0b305caa2__;!!Hj9Y_P0nvg!BFLcAxnI92ScioGOUbyRZ2Gnr_C-KmvgyANAAUDWE1qlIA3dhyGeKf7mVV44eeuLSUA$\">buradan <\/a>ula\u015fabilirsiniz.<\/p>\n<p><strong>Ne De\u011fi\u015fecek?<\/strong><\/p>\n<p>G\u00fcncelleme ana hatlar\u0131yla a\u015fa\u011f\u0131daki gibidir:<\/p>\n<ul>\n<li>A\u015f\u0131 ara\u015ft\u0131rma gruplar\u0131 a\u015f\u0131 denemeleri s\u0131ras\u0131nda deney hayvanlar\u0131n\u0131n refah\u0131n\u0131 g\u00f6zetmelidir. Bu sebeple deney hayvanlar\u0131 ile y\u00fcr\u00fct\u00fclecek klinik d\u0131\u015f\u0131 a\u015f\u0131 \u00e7al\u0131\u015fmalar\u0131nda 3R (<em>tr. <\/em>azalt, ar\u0131t, yenile;<em> ing<\/em>. reduce, refine, replace) ilkeleri g\u00f6z \u00f6n\u00fcnde bulundurulmal\u0131d\u0131r.<\/li>\n<li>Karakterizasyona ili\u015fkin olarak kalite kontrol testlerinde farmakope monograflar\u0131 hem ulusal hem de D\u00fcnya Sa\u011fl\u0131k \u00d6rg\u00fct\u00fc (<em>ing<\/em>. WHO), Uluslararas\u0131 \u0130la\u00e7 Uyum Konseyi (<em>ing<\/em>. ICH) ve G\u0131da ve \u0130la\u00e7 Kurumu (<em>ing<\/em>. FDA) gibi uluslararas\u0131 rehberler dikkate al\u0131narak haz\u0131rlanmal\u0131d\u0131r. Bu gibi rehberlerin gerekli bilgiyi i\u00e7ermemesi halinde \u015firket i\u00e7i spesifikasyonlar uygulanmal\u0131d\u0131r.<\/li>\n<li>Stabilite testleri uzun d\u00f6nem, h\u0131zland\u0131r\u0131lm\u0131\u015f ve stres ko\u015fullar\u0131nda; \u0130yi \u0130malat Uygulamalar\u0131 (\u0130\u0130U) g\u00f6zetilerek ger\u00e7ekle\u015ftirilmelidir. Klinik ara\u015ft\u0131rma boyunca \u00fcr\u00fcn\u00fcn stabilitesini destekleyecek yeterli veri sunulmal\u0131d\u0131r.<\/li>\n<li>Acil halk sa\u011fl\u0131\u011f\u0131 durumlar\u0131nda insan \u00fczerinde klinik ara\u015ft\u0131rmaya ge\u00e7ebilmek i\u00e7in stabilite verisi on be\u015f g\u00fcnden az olmamal\u0131d\u0131r. Klinik ara\u015ft\u0131rma boyunca \u00fcr\u00fcn saklama ve h\u0131zland\u0131r\u0131lm\u0131\u015f ko\u015fullarda ger\u00e7ekle\u015ftirilen stabilite testleri yap\u0131lmaya devam edilmeli ve bulgular Kurum&#8217;a sunulmal\u0131d\u0131r.<\/li>\n<li>Faz 2 a\u015famas\u0131ndan \u00f6nce geli\u015ftirilmekte olan a\u015f\u0131lar i\u00e7in toksikoloji \u00e7al\u0131\u015fmalar\u0131, insan \u00fczerinde deney yap\u0131lmadan \u00f6nce tamamlanarak Kurum&#8217;a sunulmal\u0131d\u0131r.<\/li>\n<li>Genel bir kural olarak a\u015f\u0131 adaylar\u0131 i\u00e7in genotoksisite \u00e7al\u0131\u015fmalar\u0131 yap\u0131lmas\u0131na gerek yoktur. Ancak a\u015f\u0131 adaylar\u0131n\u0131n form\u00fclasyonu insan genomunu etkileme riski ta\u015f\u0131yor ise; genotoksisite \u00e7al\u0131\u015fmalar\u0131 yap\u0131lmas\u0131 istenebilecektir.<\/li>\n<\/ul>\n<p><strong>Sonu\u00e7<\/strong><\/p>\n<p>Kurum, a\u015f\u0131 \u00fczerine \u00e7al\u0131\u015fan \u015firketlere rehberlik etmeye devam ediyor. Bu alanda \u00e7al\u0131\u015fan t\u00fcm ilgili \u015firketler, Kurum&#8217;un duyurular\u0131n\u0131 dikkatle incelemeli ve y\u00fck\u00fcml\u00fcl\u00fcklerini yerine getirmek ad\u0131na gerekli ad\u0131mlar\u0131 atmal\u0131d\u0131r.<\/p>\n","protected":false},"excerpt":{"rendered":"<p>\u00a0 \u00a0Art\u0131k b\u00fcltenlerimizi sesli olarak da dinleyebilirsiniz! &nbsp; Yeni Geli\u015fme T\u00fcrkiye \u0130la\u00e7 ve T\u0131bbi Cihaz Kurumu (&#8220;Kurum&#8220;) 18 May\u0131s 2021 [&hellip;]<\/p>\n","protected":false},"author":4,"featured_media":0,"comment_status":"closed","ping_status":"closed","sticky":false,"template":"","format":"standard","meta":{"_acf_changed":false,"_stopmodifiedupdate":false,"_modified_date":"","footnotes":""},"categories":[120],"tags":[92],"class_list":["post-19512","post","type-post","status-publish","format-standard","hentry","category-legal-alerts","tag-healthcare-tr"],"acf":[],"yoast_head":"<!-- This site is optimized with the Yoast SEO plugin v24.0 - https:\/\/yoast.com\/wordpress\/plugins\/seo\/ -->\n<title>T\u0130TCK Be\u015feri A\u015f\u0131lar\u0131n Klinik D\u0131\u015f\u0131 De\u011ferlendirilmesine \u0130li\u015fkin K\u0131lavuz&#039;u G\u00fcncelledi<\/title>\n<meta name=\"description\" content=\"\u00a0 \u00a0Art\u0131k b\u00fcltenlerimizi sesli olarak da dinleyebilirsiniz! &nbsp; Yeni Geli\u015fme T\u00fcrkiye \u0130la\u00e7 ve T\u0131bbi Cihaz Kurumu (&quot;Kurum&quot;) 18 May\u0131s 2021 tarihinde Be\u015feri\" \/>\n<meta name=\"robots\" content=\"index, follow, max-snippet:-1, max-image-preview:large, max-video-preview:-1\" \/>\n<link rel=\"canonical\" href=\"https:\/\/www.esin.av.tr\/tr\/2021\/05\/27\/titck-beseri-asilarin-klinik-disi-degerlendirilmesine-iliskin-kilavuzu-guncelledi\/\" \/>\n<meta property=\"og:locale\" content=\"tr_TR\" \/>\n<meta property=\"og:type\" content=\"article\" \/>\n<meta property=\"og:title\" content=\"T\u0130TCK Be\u015feri A\u015f\u0131lar\u0131n Klinik D\u0131\u015f\u0131 De\u011ferlendirilmesine \u0130li\u015fkin K\u0131lavuz&#039;u G\u00fcncelledi\" \/>\n<meta property=\"og:description\" content=\"\u00a0 \u00a0Art\u0131k b\u00fcltenlerimizi sesli olarak da dinleyebilirsiniz! &nbsp; Yeni Geli\u015fme T\u00fcrkiye \u0130la\u00e7 ve T\u0131bbi Cihaz Kurumu (&quot;Kurum&quot;) 18 May\u0131s 2021 tarihinde Be\u015feri\" \/>\n<meta property=\"og:url\" content=\"https:\/\/www.esin.av.tr\/tr\/2021\/05\/27\/titck-beseri-asilarin-klinik-disi-degerlendirilmesine-iliskin-kilavuzu-guncelledi\/\" \/>\n<meta property=\"og:site_name\" content=\"Esin Avukatl\u0131k Ortakl\u0131\u011f\u0131\" \/>\n<meta property=\"article:published_time\" content=\"2021-05-27T09:18:31+00:00\" \/>\n<meta property=\"article:modified_time\" content=\"2022-06-09T13:25:05+00:00\" \/>\n<meta property=\"og:image\" content=\"https:\/\/www.esin.av.tr\/wp-content\/uploads\/2021\/02\/1.png\" \/>\n<meta name=\"author\" content=\"R\u0131dvan Konrat\" \/>\n<meta name=\"twitter:card\" content=\"summary_large_image\" \/>\n<meta name=\"twitter:label1\" content=\"Written by\" \/>\n\t<meta name=\"twitter:data1\" content=\"R\u0131dvan Konrat\" \/>\n\t<meta name=\"twitter:label2\" content=\"Est. reading time\" \/>\n\t<meta name=\"twitter:data2\" content=\"2 minutes\" \/>\n<script type=\"application\/ld+json\" class=\"yoast-schema-graph\">{\"@context\":\"https:\/\/schema.org\",\"@graph\":[{\"@type\":\"Article\",\"@id\":\"https:\/\/www.esin.av.tr\/tr\/2021\/05\/27\/titck-beseri-asilarin-klinik-disi-degerlendirilmesine-iliskin-kilavuzu-guncelledi\/#article\",\"isPartOf\":{\"@id\":\"https:\/\/www.esin.av.tr\/tr\/2021\/05\/27\/titck-beseri-asilarin-klinik-disi-degerlendirilmesine-iliskin-kilavuzu-guncelledi\/\"},\"author\":{\"name\":\"R\u0131dvan Konrat\",\"@id\":\"https:\/\/www.esin.av.tr\/tr\/#\/schema\/person\/42c8e616aab56b8622fa365ad63282ae\"},\"headline\":\"T\u0130TCK Be\u015feri A\u015f\u0131lar\u0131n Klinik D\u0131\u015f\u0131 De\u011ferlendirilmesine \u0130li\u015fkin K\u0131lavuz&#8217;u G\u00fcncelledi\",\"datePublished\":\"2021-05-27T09:18:31+00:00\",\"dateModified\":\"2022-06-09T13:25:05+00:00\",\"mainEntityOfPage\":{\"@id\":\"https:\/\/www.esin.av.tr\/tr\/2021\/05\/27\/titck-beseri-asilarin-klinik-disi-degerlendirilmesine-iliskin-kilavuzu-guncelledi\/\"},\"wordCount\":426,\"publisher\":{\"@id\":\"https:\/\/www.esin.av.tr\/tr\/#organization\"},\"image\":{\"@id\":\"https:\/\/www.esin.av.tr\/tr\/2021\/05\/27\/titck-beseri-asilarin-klinik-disi-degerlendirilmesine-iliskin-kilavuzu-guncelledi\/#primaryimage\"},\"thumbnailUrl\":\"https:\/\/www.esin.av.tr\/wp-content\/uploads\/2021\/02\/1.png\",\"keywords\":[\"Sa\u011fl\u0131k Hukuku\"],\"articleSection\":[\"Hukuk B\u00fcltenleri\"],\"inLanguage\":\"tr\"},{\"@type\":\"WebPage\",\"@id\":\"https:\/\/www.esin.av.tr\/tr\/2021\/05\/27\/titck-beseri-asilarin-klinik-disi-degerlendirilmesine-iliskin-kilavuzu-guncelledi\/\",\"url\":\"https:\/\/www.esin.av.tr\/tr\/2021\/05\/27\/titck-beseri-asilarin-klinik-disi-degerlendirilmesine-iliskin-kilavuzu-guncelledi\/\",\"name\":\"T\u0130TCK Be\u015feri A\u015f\u0131lar\u0131n Klinik D\u0131\u015f\u0131 De\u011ferlendirilmesine \u0130li\u015fkin K\u0131lavuz'u G\u00fcncelledi\",\"isPartOf\":{\"@id\":\"https:\/\/www.esin.av.tr\/tr\/#website\"},\"primaryImageOfPage\":{\"@id\":\"https:\/\/www.esin.av.tr\/tr\/2021\/05\/27\/titck-beseri-asilarin-klinik-disi-degerlendirilmesine-iliskin-kilavuzu-guncelledi\/#primaryimage\"},\"image\":{\"@id\":\"https:\/\/www.esin.av.tr\/tr\/2021\/05\/27\/titck-beseri-asilarin-klinik-disi-degerlendirilmesine-iliskin-kilavuzu-guncelledi\/#primaryimage\"},\"thumbnailUrl\":\"https:\/\/www.esin.av.tr\/wp-content\/uploads\/2021\/02\/1.png\",\"datePublished\":\"2021-05-27T09:18:31+00:00\",\"dateModified\":\"2022-06-09T13:25:05+00:00\",\"description\":\"\u00a0 \u00a0Art\u0131k b\u00fcltenlerimizi sesli olarak da dinleyebilirsiniz! &nbsp; Yeni Geli\u015fme T\u00fcrkiye \u0130la\u00e7 ve T\u0131bbi Cihaz Kurumu (\\\"Kurum\\\") 18 May\u0131s 2021 tarihinde Be\u015feri\",\"breadcrumb\":{\"@id\":\"https:\/\/www.esin.av.tr\/tr\/2021\/05\/27\/titck-beseri-asilarin-klinik-disi-degerlendirilmesine-iliskin-kilavuzu-guncelledi\/#breadcrumb\"},\"inLanguage\":\"tr\",\"potentialAction\":[{\"@type\":\"ReadAction\",\"target\":[\"https:\/\/www.esin.av.tr\/tr\/2021\/05\/27\/titck-beseri-asilarin-klinik-disi-degerlendirilmesine-iliskin-kilavuzu-guncelledi\/\"]}]},{\"@type\":\"ImageObject\",\"inLanguage\":\"tr\",\"@id\":\"https:\/\/www.esin.av.tr\/tr\/2021\/05\/27\/titck-beseri-asilarin-klinik-disi-degerlendirilmesine-iliskin-kilavuzu-guncelledi\/#primaryimage\",\"url\":\"https:\/\/www.esin.av.tr\/wp-content\/uploads\/2021\/02\/1.png\",\"contentUrl\":\"https:\/\/www.esin.av.tr\/wp-content\/uploads\/2021\/02\/1.png\"},{\"@type\":\"BreadcrumbList\",\"@id\":\"https:\/\/www.esin.av.tr\/tr\/2021\/05\/27\/titck-beseri-asilarin-klinik-disi-degerlendirilmesine-iliskin-kilavuzu-guncelledi\/#breadcrumb\",\"itemListElement\":[{\"@type\":\"ListItem\",\"position\":1,\"name\":\"Home\",\"item\":\"https:\/\/www.esin.av.tr\/tr\/\"},{\"@type\":\"ListItem\",\"position\":2,\"name\":\"T\u0130TCK Be\u015feri A\u015f\u0131lar\u0131n Klinik D\u0131\u015f\u0131 De\u011ferlendirilmesine \u0130li\u015fkin K\u0131lavuz&#8217;u G\u00fcncelledi\"}]},{\"@type\":\"WebSite\",\"@id\":\"https:\/\/www.esin.av.tr\/tr\/#website\",\"url\":\"https:\/\/www.esin.av.tr\/tr\/\",\"name\":\"Esin Avukatl\u0131k Ortakl\u0131\u011f\u0131\",\"description\":\"\",\"publisher\":{\"@id\":\"https:\/\/www.esin.av.tr\/tr\/#organization\"},\"potentialAction\":[{\"@type\":\"SearchAction\",\"target\":{\"@type\":\"EntryPoint\",\"urlTemplate\":\"https:\/\/www.esin.av.tr\/tr\/?s={search_term_string}\"},\"query-input\":{\"@type\":\"PropertyValueSpecification\",\"valueRequired\":true,\"valueName\":\"search_term_string\"}}],\"inLanguage\":\"tr\"},{\"@type\":\"Organization\",\"@id\":\"https:\/\/www.esin.av.tr\/tr\/#organization\",\"name\":\"Esin Avukatl\u0131k Ortakl\u0131\u011f\u0131\",\"url\":\"https:\/\/www.esin.av.tr\/tr\/\",\"logo\":{\"@type\":\"ImageObject\",\"inLanguage\":\"tr\",\"@id\":\"https:\/\/www.esin.av.tr\/tr\/#\/schema\/logo\/image\/\",\"url\":\"https:\/\/www.esin.av.tr\/wp-content\/uploads\/2021\/09\/esin-2.jpg\",\"contentUrl\":\"https:\/\/www.esin.av.tr\/wp-content\/uploads\/2021\/09\/esin-2.jpg\",\"width\":800,\"height\":460,\"caption\":\"Esin Avukatl\u0131k Ortakl\u0131\u011f\u0131\"},\"image\":{\"@id\":\"https:\/\/www.esin.av.tr\/tr\/#\/schema\/logo\/image\/\"}},{\"@type\":\"Person\",\"@id\":\"https:\/\/www.esin.av.tr\/tr\/#\/schema\/person\/42c8e616aab56b8622fa365ad63282ae\",\"name\":\"R\u0131dvan Konrat\",\"image\":{\"@type\":\"ImageObject\",\"inLanguage\":\"tr\",\"@id\":\"https:\/\/www.esin.av.tr\/tr\/#\/schema\/person\/image\/\",\"url\":\"https:\/\/secure.gravatar.com\/avatar\/b20c6c583be38ed4e76e32f69fccc676?s=96&d=mm&r=g\",\"contentUrl\":\"https:\/\/secure.gravatar.com\/avatar\/b20c6c583be38ed4e76e32f69fccc676?s=96&d=mm&r=g\",\"caption\":\"R\u0131dvan Konrat\"},\"sameAs\":[\"http:\/\/www.esin.av.tr\"],\"url\":\"https:\/\/www.esin.av.tr\/tr\/author\/rkonrat\/\"}]}<\/script>\n<!-- \/ Yoast SEO plugin. -->","yoast_head_json":{"title":"T\u0130TCK Be\u015feri A\u015f\u0131lar\u0131n Klinik D\u0131\u015f\u0131 De\u011ferlendirilmesine \u0130li\u015fkin K\u0131lavuz'u G\u00fcncelledi","description":"\u00a0 \u00a0Art\u0131k b\u00fcltenlerimizi sesli olarak da dinleyebilirsiniz! &nbsp; Yeni Geli\u015fme T\u00fcrkiye \u0130la\u00e7 ve T\u0131bbi Cihaz Kurumu (\"Kurum\") 18 May\u0131s 2021 tarihinde Be\u015feri","robots":{"index":"index","follow":"follow","max-snippet":"max-snippet:-1","max-image-preview":"max-image-preview:large","max-video-preview":"max-video-preview:-1"},"canonical":"https:\/\/www.esin.av.tr\/tr\/2021\/05\/27\/titck-beseri-asilarin-klinik-disi-degerlendirilmesine-iliskin-kilavuzu-guncelledi\/","og_locale":"tr_TR","og_type":"article","og_title":"T\u0130TCK Be\u015feri A\u015f\u0131lar\u0131n Klinik D\u0131\u015f\u0131 De\u011ferlendirilmesine \u0130li\u015fkin K\u0131lavuz'u G\u00fcncelledi","og_description":"\u00a0 \u00a0Art\u0131k b\u00fcltenlerimizi sesli olarak da dinleyebilirsiniz! &nbsp; Yeni Geli\u015fme T\u00fcrkiye \u0130la\u00e7 ve T\u0131bbi Cihaz Kurumu (\"Kurum\") 18 May\u0131s 2021 tarihinde Be\u015feri","og_url":"https:\/\/www.esin.av.tr\/tr\/2021\/05\/27\/titck-beseri-asilarin-klinik-disi-degerlendirilmesine-iliskin-kilavuzu-guncelledi\/","og_site_name":"Esin Avukatl\u0131k Ortakl\u0131\u011f\u0131","article_published_time":"2021-05-27T09:18:31+00:00","article_modified_time":"2022-06-09T13:25:05+00:00","og_image":[{"url":"https:\/\/www.esin.av.tr\/wp-content\/uploads\/2021\/02\/1.png","type":"","width":"","height":""}],"author":"R\u0131dvan Konrat","twitter_card":"summary_large_image","twitter_misc":{"Written by":"R\u0131dvan Konrat","Est. reading time":"2 minutes"},"schema":{"@context":"https:\/\/schema.org","@graph":[{"@type":"Article","@id":"https:\/\/www.esin.av.tr\/tr\/2021\/05\/27\/titck-beseri-asilarin-klinik-disi-degerlendirilmesine-iliskin-kilavuzu-guncelledi\/#article","isPartOf":{"@id":"https:\/\/www.esin.av.tr\/tr\/2021\/05\/27\/titck-beseri-asilarin-klinik-disi-degerlendirilmesine-iliskin-kilavuzu-guncelledi\/"},"author":{"name":"R\u0131dvan Konrat","@id":"https:\/\/www.esin.av.tr\/tr\/#\/schema\/person\/42c8e616aab56b8622fa365ad63282ae"},"headline":"T\u0130TCK Be\u015feri A\u015f\u0131lar\u0131n Klinik D\u0131\u015f\u0131 De\u011ferlendirilmesine \u0130li\u015fkin K\u0131lavuz&#8217;u G\u00fcncelledi","datePublished":"2021-05-27T09:18:31+00:00","dateModified":"2022-06-09T13:25:05+00:00","mainEntityOfPage":{"@id":"https:\/\/www.esin.av.tr\/tr\/2021\/05\/27\/titck-beseri-asilarin-klinik-disi-degerlendirilmesine-iliskin-kilavuzu-guncelledi\/"},"wordCount":426,"publisher":{"@id":"https:\/\/www.esin.av.tr\/tr\/#organization"},"image":{"@id":"https:\/\/www.esin.av.tr\/tr\/2021\/05\/27\/titck-beseri-asilarin-klinik-disi-degerlendirilmesine-iliskin-kilavuzu-guncelledi\/#primaryimage"},"thumbnailUrl":"https:\/\/www.esin.av.tr\/wp-content\/uploads\/2021\/02\/1.png","keywords":["Sa\u011fl\u0131k Hukuku"],"articleSection":["Hukuk B\u00fcltenleri"],"inLanguage":"tr"},{"@type":"WebPage","@id":"https:\/\/www.esin.av.tr\/tr\/2021\/05\/27\/titck-beseri-asilarin-klinik-disi-degerlendirilmesine-iliskin-kilavuzu-guncelledi\/","url":"https:\/\/www.esin.av.tr\/tr\/2021\/05\/27\/titck-beseri-asilarin-klinik-disi-degerlendirilmesine-iliskin-kilavuzu-guncelledi\/","name":"T\u0130TCK Be\u015feri A\u015f\u0131lar\u0131n Klinik D\u0131\u015f\u0131 De\u011ferlendirilmesine \u0130li\u015fkin K\u0131lavuz'u G\u00fcncelledi","isPartOf":{"@id":"https:\/\/www.esin.av.tr\/tr\/#website"},"primaryImageOfPage":{"@id":"https:\/\/www.esin.av.tr\/tr\/2021\/05\/27\/titck-beseri-asilarin-klinik-disi-degerlendirilmesine-iliskin-kilavuzu-guncelledi\/#primaryimage"},"image":{"@id":"https:\/\/www.esin.av.tr\/tr\/2021\/05\/27\/titck-beseri-asilarin-klinik-disi-degerlendirilmesine-iliskin-kilavuzu-guncelledi\/#primaryimage"},"thumbnailUrl":"https:\/\/www.esin.av.tr\/wp-content\/uploads\/2021\/02\/1.png","datePublished":"2021-05-27T09:18:31+00:00","dateModified":"2022-06-09T13:25:05+00:00","description":"\u00a0 \u00a0Art\u0131k b\u00fcltenlerimizi sesli olarak da dinleyebilirsiniz! &nbsp; Yeni Geli\u015fme T\u00fcrkiye \u0130la\u00e7 ve T\u0131bbi Cihaz Kurumu (\"Kurum\") 18 May\u0131s 2021 tarihinde Be\u015feri","breadcrumb":{"@id":"https:\/\/www.esin.av.tr\/tr\/2021\/05\/27\/titck-beseri-asilarin-klinik-disi-degerlendirilmesine-iliskin-kilavuzu-guncelledi\/#breadcrumb"},"inLanguage":"tr","potentialAction":[{"@type":"ReadAction","target":["https:\/\/www.esin.av.tr\/tr\/2021\/05\/27\/titck-beseri-asilarin-klinik-disi-degerlendirilmesine-iliskin-kilavuzu-guncelledi\/"]}]},{"@type":"ImageObject","inLanguage":"tr","@id":"https:\/\/www.esin.av.tr\/tr\/2021\/05\/27\/titck-beseri-asilarin-klinik-disi-degerlendirilmesine-iliskin-kilavuzu-guncelledi\/#primaryimage","url":"https:\/\/www.esin.av.tr\/wp-content\/uploads\/2021\/02\/1.png","contentUrl":"https:\/\/www.esin.av.tr\/wp-content\/uploads\/2021\/02\/1.png"},{"@type":"BreadcrumbList","@id":"https:\/\/www.esin.av.tr\/tr\/2021\/05\/27\/titck-beseri-asilarin-klinik-disi-degerlendirilmesine-iliskin-kilavuzu-guncelledi\/#breadcrumb","itemListElement":[{"@type":"ListItem","position":1,"name":"Home","item":"https:\/\/www.esin.av.tr\/tr\/"},{"@type":"ListItem","position":2,"name":"T\u0130TCK Be\u015feri A\u015f\u0131lar\u0131n Klinik D\u0131\u015f\u0131 De\u011ferlendirilmesine \u0130li\u015fkin K\u0131lavuz&#8217;u G\u00fcncelledi"}]},{"@type":"WebSite","@id":"https:\/\/www.esin.av.tr\/tr\/#website","url":"https:\/\/www.esin.av.tr\/tr\/","name":"Esin Avukatl\u0131k Ortakl\u0131\u011f\u0131","description":"","publisher":{"@id":"https:\/\/www.esin.av.tr\/tr\/#organization"},"potentialAction":[{"@type":"SearchAction","target":{"@type":"EntryPoint","urlTemplate":"https:\/\/www.esin.av.tr\/tr\/?s={search_term_string}"},"query-input":{"@type":"PropertyValueSpecification","valueRequired":true,"valueName":"search_term_string"}}],"inLanguage":"tr"},{"@type":"Organization","@id":"https:\/\/www.esin.av.tr\/tr\/#organization","name":"Esin Avukatl\u0131k Ortakl\u0131\u011f\u0131","url":"https:\/\/www.esin.av.tr\/tr\/","logo":{"@type":"ImageObject","inLanguage":"tr","@id":"https:\/\/www.esin.av.tr\/tr\/#\/schema\/logo\/image\/","url":"https:\/\/www.esin.av.tr\/wp-content\/uploads\/2021\/09\/esin-2.jpg","contentUrl":"https:\/\/www.esin.av.tr\/wp-content\/uploads\/2021\/09\/esin-2.jpg","width":800,"height":460,"caption":"Esin Avukatl\u0131k Ortakl\u0131\u011f\u0131"},"image":{"@id":"https:\/\/www.esin.av.tr\/tr\/#\/schema\/logo\/image\/"}},{"@type":"Person","@id":"https:\/\/www.esin.av.tr\/tr\/#\/schema\/person\/42c8e616aab56b8622fa365ad63282ae","name":"R\u0131dvan Konrat","image":{"@type":"ImageObject","inLanguage":"tr","@id":"https:\/\/www.esin.av.tr\/tr\/#\/schema\/person\/image\/","url":"https:\/\/secure.gravatar.com\/avatar\/b20c6c583be38ed4e76e32f69fccc676?s=96&d=mm&r=g","contentUrl":"https:\/\/secure.gravatar.com\/avatar\/b20c6c583be38ed4e76e32f69fccc676?s=96&d=mm&r=g","caption":"R\u0131dvan Konrat"},"sameAs":["http:\/\/www.esin.av.tr"],"url":"https:\/\/www.esin.av.tr\/tr\/author\/rkonrat\/"}]}},"_links":{"self":[{"href":"https:\/\/www.esin.av.tr\/tr\/wp-json\/wp\/v2\/posts\/19512","targetHints":{"allow":["GET"]}}],"collection":[{"href":"https:\/\/www.esin.av.tr\/tr\/wp-json\/wp\/v2\/posts"}],"about":[{"href":"https:\/\/www.esin.av.tr\/tr\/wp-json\/wp\/v2\/types\/post"}],"author":[{"embeddable":true,"href":"https:\/\/www.esin.av.tr\/tr\/wp-json\/wp\/v2\/users\/4"}],"replies":[{"embeddable":true,"href":"https:\/\/www.esin.av.tr\/tr\/wp-json\/wp\/v2\/comments?post=19512"}],"version-history":[{"count":1,"href":"https:\/\/www.esin.av.tr\/tr\/wp-json\/wp\/v2\/posts\/19512\/revisions"}],"predecessor-version":[{"id":19513,"href":"https:\/\/www.esin.av.tr\/tr\/wp-json\/wp\/v2\/posts\/19512\/revisions\/19513"}],"wp:attachment":[{"href":"https:\/\/www.esin.av.tr\/tr\/wp-json\/wp\/v2\/media?parent=19512"}],"wp:term":[{"taxonomy":"category","embeddable":true,"href":"https:\/\/www.esin.av.tr\/tr\/wp-json\/wp\/v2\/categories?post=19512"},{"taxonomy":"post_tag","embeddable":true,"href":"https:\/\/www.esin.av.tr\/tr\/wp-json\/wp\/v2\/tags?post=19512"}],"curies":[{"name":"wp","href":"https:\/\/api.w.org\/{rel}","templated":true}]}}