{"id":19442,"date":"2021-05-17T07:28:16","date_gmt":"2021-05-17T07:28:16","guid":{"rendered":"https:\/\/www.esin.av.tr\/?p=19442"},"modified":"2022-06-09T13:25:19","modified_gmt":"2022-06-09T13:25:19","slug":"uyum-programi-yonetmeliginde-yapilan-degisikliklere-iliskin-onemli-surelere-yonelik-hatirlatma","status":"publish","type":"post","link":"https:\/\/www.esin.av.tr\/tr\/2021\/05\/17\/uyum-programi-yonetmeliginde-yapilan-degisikliklere-iliskin-onemli-surelere-yonelik-hatirlatma\/","title":{"rendered":"Uyum Program\u0131 Y\u00f6netmeli\u011fi&#8217;nde Yap\u0131lan De\u011fi\u015fikliklere \u0130li\u015fkin \u00d6nemli S\u00fcrelere Y\u00f6nelik Hat\u0131rlatma"},"content":{"rendered":"<p>Su\u00e7 Gelirlerinin Aklanmas\u0131n\u0131n ve Ter\u00f6r\u00fcn Finansman\u0131n\u0131n \u00d6nlenmesine \u0130li\u015fkin Y\u00fck\u00fcml\u00fcl\u00fcklere Uyum Program\u0131 Hakk\u0131nda Y\u00f6netmelik&#8217;te (&#8220;<strong>Uyum Program\u0131 Y\u00f6netmeli\u011fi<\/strong>&#8220;) 26 \u015eubat 2021&#8217;de yap\u0131lan de\u011fi\u015fiklikler 1 May\u0131s 2021 tarihi itibariyle y\u00fcr\u00fcrl\u00fc\u011fe girmi\u015ftir. Yap\u0131lan de\u011fi\u015fiklikler kapsam\u0131nda; finansal grup tan\u0131m\u0131 eklenmi\u015f, finansal kurulu\u015flara uyum g\u00f6revlisi yard\u0131mc\u0131s\u0131 atama y\u00fck\u00fcml\u00fcl\u00fc\u011f\u00fc, finansal gruplara uyum program\u0131 olu\u015fturma, uyum g\u00f6revlisi ve uyum g\u00f6revlisi yard\u0131mc\u0131s\u0131 atama y\u00fck\u00fcml\u00fcl\u00fc\u011f\u00fc getirilmi\u015ftir. Bu de\u011fi\u015fikliklere ili\u015fkin detayl\u0131 bilgileri daha \u00f6nce yay\u0131mlad\u0131\u011f\u0131m\u0131z <strong><u><a href=\"https:\/\/bakerxchange.com\/collect\/click.aspx?u=VU5FcjVDcDZ0U1BCOHlXNENIWkNUbkJGNzdRRldEWUdZSXF1TWNnaWRKMkcrZHlaSUw0eitFZk4za2FTZTBPenFhRUloSU9GaHZBQkhvRjI0em42VS9HN2VkWGxZTFlRVWp0YXpLd2VKZE9jYzNid3o2L3FCd1cyS1g4T3pYYytyRm42cllmTDNTWjVZM0t3WTd3T05GeVN3dHMweW5MdXdWa2RlME91RDYwOFZJN0o5MWJsSWc9PQ==&amp;rh=ff007951532e71f3c92d605dd147a93a90c4c01e\">hukuk b\u00fcltenimizden<\/a><\/u><\/strong> ula\u015fabilirsiniz. Uyum Program\u0131 Y\u00f6netmeli\u011fi&#8217;nde yap\u0131lan de\u011fi\u015fikliklere uyumun sa\u011flanmas\u0131 i\u00e7in bir tak\u0131m s\u00fcreler \u00f6ng\u00f6r\u00fclm\u00fc\u015ft\u00fcr. Y\u00fck\u00fcml\u00fc \u015firketlerin kendilerini ilgilendiren ek y\u00fck\u00fcml\u00fcl\u00fckleri tespit ederek, bu y\u00fck\u00fcml\u00fcl\u00fcklere ili\u015fkin atmalar\u0131 gereken ad\u0131mlar\u0131 y\u00f6netmelikte belirtilen tarihlere kadar tamamlamalar\u0131 gerekmektedir. A\u015fa\u011f\u0131da at\u0131lmas\u0131 gereken ad\u0131mlar ve bu ad\u0131mlar i\u00e7in \u00f6ng\u00f6r\u00fclen baz\u0131 \u00f6nemli s\u00fcreleri bulabilirsiniz.<\/p>\n<table width=\"0\">\n<tbody>\n<tr>\n<td width=\"33\"><strong>No.<\/strong><\/td>\n<td width=\"437\"><strong>Ad\u0131mlar\u00a0<\/strong><\/td>\n<td width=\"87\"><strong>\u0130lgili Madd<\/strong><\/td>\n<td width=\"89\"><strong>S\u00fcreler<\/strong><\/td>\n<\/tr>\n<tr>\n<td width=\"33\"><strong>1<\/strong><\/td>\n<td width=\"437\">Faaliyet izni bulunan varl\u0131k y\u00f6netim \u015firketleri taraf\u0131ndan Uyum Program\u0131 Y\u00f6netmeli\u011fi&#8217;nin 30. maddesinde belirtilen \u015fartlara haiz uyum g\u00f6revlisi atanmas\u0131.<\/td>\n<td width=\"87\">Ge\u00e7ici Madde 1\/4<\/td>\n<td width=\"89\">1 Haziran 2021<\/td>\n<\/tr>\n<tr>\n<td width=\"33\"><strong>2<\/strong><\/td>\n<td width=\"437\">A\u015fa\u011f\u0131da belirtilen finansal kurulu\u015flar taraf\u0131ndan Uyum Program\u0131 Y\u00f6netmeli\u011fi&#8217;nin 17. maddesinde yaz\u0131l\u0131 \u015fartlara haiz uyum g\u00f6revlisi yard\u0131mc\u0131s\u0131 atanmas\u0131.<\/p>\n<ul>\n<li>K\u0131ymetli madenler arac\u0131 kurulu\u015flar\u0131,<\/li>\n<li>Uyum Program\u0131 Y\u00f6netmeli\u011fi&#8217;nin 29. maddesi uyar\u0131nca uyum g\u00f6revlisi atam\u0131\u015f kambiyo mevzuat\u0131nda belirtilen A grubu yetkili m\u00fcesseseler,<\/li>\n<li>Finansman, faktoring ve finansal kiralama \u015firketleri,<\/li>\n<li>Portf\u00f6y y\u00f6netim \u015firketleri,<\/li>\n<li>Elektronik para kurulu\u015flar\u0131 ve<\/li>\n<li>M\u00fcnhas\u0131ran fatura \u00f6demelerine arac\u0131l\u0131k hizmeti, m\u00fcnhas\u0131ran \u00f6deme emri ba\u015flatma hizmeti ve m\u00fcnhas\u0131ran \u00f6deme hesab\u0131na ili\u015fkin bilgilerin sunulmas\u0131 hizmetini sa\u011flayanlar hari\u00e7 \u00f6deme kurulu\u015flar\u0131.<\/li>\n<\/ul>\n<p>Atanacak uyum g\u00f6revlisi yard\u0131mc\u0131s\u0131 i\u00e7in Uyum Program\u0131 Y\u00f6netmeli\u011fi&#8217;nin 17. maddesinin birinci f\u0131kras\u0131n\u0131n (d) bendinde belirtilen \u015fartlar\u00a0<strong>1 Haziran 2023 tarihine kadar aranmayacakt\u0131r<\/strong>.<\/td>\n<td width=\"87\">Ge\u00e7ici Madde 1\/5<\/td>\n<td width=\"89\">1 Haziran 2021<\/td>\n<\/tr>\n<tr>\n<td width=\"33\"><strong>3<\/strong><\/td>\n<td width=\"437\">Uyum Program\u0131 Y\u00f6netmeli\u011fi&#8217;nin 16. maddesi kapsam\u0131nda uyum g\u00f6revlisi atam\u0131\u015f olan y\u00fck\u00fcml\u00fcler taraf\u0131ndan uyum g\u00f6revlisi yard\u0131mc\u0131s\u0131 atanmas\u0131.<\/p>\n<p>Atanacak uyum g\u00f6revlisi yard\u0131mc\u0131s\u0131 i\u00e7in Uyum Program\u0131 Y\u00f6netmeli\u011fi&#8217;nin 17. maddesinin birinci f\u0131kras\u0131n\u0131n (d) bendinde belirtilen \u015fartlar <strong>1 Haziran 2022 tarihine kadar aranmayacakt\u0131r<\/strong>.<\/td>\n<td width=\"87\">Ge\u00e7ici Madde 1\/6<\/td>\n<td width=\"89\">1 Haziran 2021<\/td>\n<\/tr>\n<tr>\n<td width=\"33\"><strong>4<\/strong><\/td>\n<td width=\"437\">Finansal gruplar i\u00e7in finansal grup seviyesinde uyum g\u00f6revlisi ve uyum g\u00f6revlisi yard\u0131mc\u0131s\u0131 atanmas\u0131.<\/p>\n<p>Atanacak uyum g\u00f6revlisi yard\u0131mc\u0131s\u0131 i\u00e7in Uyum Program\u0131 Y\u00f6netmeli\u011fi&#8217;nin 17. maddesinin birinci f\u0131kras\u0131n\u0131n (d) bendinde belirtilen \u015fartlar <strong>1 Haziran 2022 tarihine<\/strong><strong><br \/>\nkadar aranmayacakt\u0131r<\/strong>.<\/td>\n<td width=\"87\">Ge\u00e7ici Madde 1\/6<\/td>\n<td width=\"89\">1 Haziran 2021<\/td>\n<\/tr>\n<tr>\n<td width=\"33\"><strong>5<\/strong><\/td>\n<td width=\"437\">Uyum Program\u0131 Y\u00f6netmeli\u011fi&#8217;nin 3\/A maddesinin \u00fc\u00e7\u00fcnc\u00fc f\u0131kras\u0131nda belirtilen finansal grubun mahiyetine ili\u015fkin bilgilerin Mali Su\u00e7lar\u0131 Ara\u015ft\u0131rma Kurulu Ba\u015fkanl\u0131\u011f\u0131 ile payla\u015f\u0131lmas\u0131.<\/td>\n<td width=\"87\">Ge\u00e7ici Madde 4\/1<\/td>\n<td width=\"89\">1 Haziran 2021<\/td>\n<\/tr>\n<tr>\n<td width=\"33\"><strong>6<\/strong><\/td>\n<td width=\"437\">A\u015fa\u011f\u0131da say\u0131lan finansal kurulu\u015flar taraf\u0131ndan uyum program\u0131 olu\u015fturulmas\u0131.<\/p>\n<ul>\n<li>K\u0131ymetli madenler arac\u0131 kurulu\u015flar\u0131,<\/li>\n<li>Uyum Program\u0131 Y\u00f6netmeli\u011fi&#8217;nin 29. maddesi uyar\u0131nca uyum g\u00f6revlisi atam\u0131\u015f kambiyo mevzuat\u0131nda belirtilen A grubu yetkili m\u00fcesseseler,<\/li>\n<li>Finansman, faktoring ve finansal kiralama \u015firketleri,<\/li>\n<li>Portf\u00f6y y\u00f6netim \u015firketleri,<\/li>\n<li>Elektronik para kurulu\u015flar\u0131 ve<\/li>\n<li>M\u00fcnhas\u0131ran fatura \u00f6demelerine arac\u0131l\u0131k hizmeti, m\u00fcnhas\u0131ran \u00f6deme emri ba\u015flatma hizmeti ve m\u00fcnhas\u0131ran \u00f6deme hesab\u0131na ili\u015fkin bilgilerin sunulmas\u0131 hizmetini sa\u011flayanlar hari\u00e7 \u00f6deme kurulu\u015flar\u0131.<\/li>\n<\/ul>\n<\/td>\n<td width=\"87\">Ge\u00e7ici Madde 1\/5<\/td>\n<td width=\"89\">1 Temmuz 2021<\/td>\n<\/tr>\n<tr>\n<td width=\"33\"><strong>7<\/strong><\/td>\n<td width=\"437\">A\u015fa\u011f\u0131da say\u0131lan finansal kurulu\u015flar taraf\u0131ndan Uyum Program\u0131 Y\u00f6netmeli\u011fi&#8217;nin <a href=\"https:\/\/bakerxchange.com\/collect\/click.aspx?u=VU5FcjVDcDZ0U1BCOHlXNENIWkNUbkJGNzdRRldEWUdZSXF1TWNnaWRKMXRnbzY5Mk5hdEY3WUl0MGJwcUtZcmgzempaVE9ZY0wwdVB3aUFubXlXOHhqQ0hRS1NBV3hPOGFINHZvS01ZQ2p5dXBiMXdrQm5pV1E1SzFPakJIMVQ=&amp;rh=ff007951532e71f3c92d605dd147a93a90c4c01e\">eklerinde <\/a>(EK-1\/A) yer alan kurum politikas\u0131 taahh\u00fct formunun doldurulup, Mali Su\u00e7lar\u0131 Ara\u015ft\u0131rma Kurulu Ba\u015fkanl\u0131\u011f\u0131&#8217;na g\u00f6nderilmesi.<\/p>\n<ul>\n<li>Uyum Program\u0131 Y\u00f6netmeli\u011fi&#8217;nin 4. maddesinin 1. f\u0131kras\u0131nda say\u0131lan ve halihaz\u0131rda kurum politikas\u0131 olu\u015fturmu\u015f olan kurulu\u015flar,<\/li>\n<li>K\u0131ymetli madenler arac\u0131 kurulu\u015flar\u0131,<\/li>\n<li>Uyum Program\u0131 Y\u00f6netmeli\u011fi&#8217;nin 29. maddesi uyar\u0131nca uyum g\u00f6revlisi atam\u0131\u015f kambiyo mevzuat\u0131nda belirtilen A grubu yetkili m\u00fcesseseler,<\/li>\n<li>Finansman, faktoring ve finansal kiralama \u015firketleri,<\/li>\n<li>Portf\u00f6y y\u00f6netim \u015firketleri,<\/li>\n<li>Elektronik para kurulu\u015flar\u0131 ve<\/li>\n<\/ul>\n<ul>\n<li>M\u00fcnhas\u0131ran fatura \u00f6demelerine arac\u0131l\u0131k hizmeti, m\u00fcnhas\u0131ran \u00f6deme emri ba\u015flatma hizmeti ve m\u00fcnhas\u0131ran \u00f6deme hesab\u0131na ili\u015fkin bilgilerin sunulmas\u0131 hizmetini sa\u011flayanlar hari\u00e7 \u00f6deme kurulu\u015flar\u0131.<\/li>\n<\/ul>\n<\/td>\n<td width=\"87\">Ge\u00e7ici Madde 4\/2<\/td>\n<td width=\"89\">1 Temmuz 2021<\/td>\n<\/tr>\n<tr>\n<td width=\"33\"><strong>8<\/strong><\/td>\n<td width=\"437\">Uyum Program\u0131 Y\u00f6netmeli\u011fi&#8217;nin <a href=\"https:\/\/bakerxchange.com\/collect\/click.aspx?u=VU5FcjVDcDZ0U1BCOHlXNENIWkNUbkJGNzdRRldEWUdZSXF1TWNnaWRKMXRnbzY5Mk5hdEY3WUl0MGJwcUtZcmgzempaVE9ZY0wwdVB3aUFubXlXOHhqQ0hRS1NBV3hPOGFINHZvS01ZQ2p5dXBiMXdrQm5pV1E1SzFPakJIMVQ=&amp;rh=ff007951532e71f3c92d605dd147a93a90c4c01e\">eklerinde <\/a>(EK-1\/B) yer alan finansal grup politika taahh\u00fct formunun doldurulup, Mali Su\u00e7lar\u0131 Ara\u015ft\u0131rma Kurulu Ba\u015fkanl\u0131\u011f\u0131&#8217;na g\u00f6nderilmesi.<\/td>\n<td width=\"87\">Madde 10\/1<\/td>\n<td width=\"89\">Finansal grup seviyesinde kurum politikas\u0131n\u0131n onay tarihinden itibaren 30 g\u00fcn i\u00e7inde<\/td>\n<\/tr>\n<tr>\n<td width=\"33\"><strong>9<\/strong><\/td>\n<td width=\"437\">Uyum g\u00f6revlisi ve uyum g\u00f6revlisi yard\u0131mc\u0131s\u0131na ili\u015fkin Uyum Program\u0131 Y\u00f6netmeli\u011fi&#8217;nin <a href=\"https:\/\/bakerxchange.com\/collect\/click.aspx?u=VU5FcjVDcDZ0U1BCOHlXNENIWkNUbkJGNzdRRldEWUdZSXF1TWNnaWRKMXRnbzY5Mk5hdEY3WUl0MGJwcUtZcmgzempaVE9ZY0wwdVB3aUFubXlXOHhqQ0hRS1NBV3hPOGFINHZvS01ZQ2p5dXBiMXdrQm5pV1E1SzFPakJIMVQ=&amp;rh=ff007951532e71f3c92d605dd147a93a90c4c01e\">eklerinde <\/a>(EK-2) yer alan taahh\u00fct formunun doldurulup, Mali Su\u00e7lar\u0131 Ara\u015ft\u0131rma Kurulu Ba\u015fkanl\u0131\u011f\u0131&#8217;na g\u00f6nderilmesi.<\/td>\n<td width=\"87\">Madde 16\/4<\/td>\n<td width=\"89\">Atama tarihinden itibaren 10 g\u00fcn i\u00e7inde<\/td>\n<\/tr>\n<\/tbody>\n<\/table>\n","protected":false},"excerpt":{"rendered":"<p>Su\u00e7 Gelirlerinin Aklanmas\u0131n\u0131n ve Ter\u00f6r\u00fcn Finansman\u0131n\u0131n \u00d6nlenmesine \u0130li\u015fkin Y\u00fck\u00fcml\u00fcl\u00fcklere Uyum Program\u0131 Hakk\u0131nda Y\u00f6netmelik&#8217;te (&#8220;Uyum Program\u0131 Y\u00f6netmeli\u011fi&#8220;) 26 \u015eubat 2021&#8217;de yap\u0131lan [&hellip;]<\/p>\n","protected":false},"author":4,"featured_media":0,"comment_status":"closed","ping_status":"closed","sticky":false,"template":"","format":"standard","meta":{"_acf_changed":false,"_stopmodifiedupdate":false,"_modified_date":"","footnotes":""},"categories":[120],"tags":[105],"class_list":["post-19442","post","type-post","status-publish","format-standard","hentry","category-legal-alerts","tag-compliance-tr"],"acf":[],"yoast_head":"<!-- This site is optimized with the Yoast SEO plugin v24.0 - https:\/\/yoast.com\/wordpress\/plugins\/seo\/ -->\n<title>Uyum Program\u0131 Y\u00f6netmeli\u011fi&#039;nde Yap\u0131lan De\u011fi\u015fikliklere \u0130li\u015fkin \u00d6nemli S\u00fcrelere Y\u00f6nelik Hat\u0131rlatma<\/title>\n<meta name=\"description\" content=\"Su\u00e7 Gelirlerinin Aklanmas\u0131n\u0131n ve Ter\u00f6r\u00fcn Finansman\u0131n\u0131n \u00d6nlenmesine \u0130li\u015fkin Y\u00fck\u00fcml\u00fcl\u00fcklere Uyum Program\u0131 Hakk\u0131nda Y\u00f6netmelik&#039;te (&quot;Uyum Program\u0131\" \/>\n<meta name=\"robots\" content=\"index, follow, max-snippet:-1, max-image-preview:large, max-video-preview:-1\" \/>\n<link rel=\"canonical\" href=\"https:\/\/www.esin.av.tr\/tr\/2021\/05\/17\/uyum-programi-yonetmeliginde-yapilan-degisikliklere-iliskin-onemli-surelere-yonelik-hatirlatma\/\" \/>\n<meta property=\"og:locale\" content=\"tr_TR\" \/>\n<meta property=\"og:type\" content=\"article\" \/>\n<meta property=\"og:title\" content=\"Uyum Program\u0131 Y\u00f6netmeli\u011fi&#039;nde Yap\u0131lan De\u011fi\u015fikliklere \u0130li\u015fkin \u00d6nemli S\u00fcrelere Y\u00f6nelik Hat\u0131rlatma\" \/>\n<meta property=\"og:description\" content=\"Su\u00e7 Gelirlerinin Aklanmas\u0131n\u0131n ve Ter\u00f6r\u00fcn Finansman\u0131n\u0131n \u00d6nlenmesine \u0130li\u015fkin Y\u00fck\u00fcml\u00fcl\u00fcklere Uyum Program\u0131 Hakk\u0131nda Y\u00f6netmelik&#039;te (&quot;Uyum Program\u0131\" \/>\n<meta property=\"og:url\" content=\"https:\/\/www.esin.av.tr\/tr\/2021\/05\/17\/uyum-programi-yonetmeliginde-yapilan-degisikliklere-iliskin-onemli-surelere-yonelik-hatirlatma\/\" \/>\n<meta property=\"og:site_name\" content=\"Esin Avukatl\u0131k Ortakl\u0131\u011f\u0131\" \/>\n<meta property=\"article:published_time\" content=\"2021-05-17T07:28:16+00:00\" \/>\n<meta property=\"article:modified_time\" content=\"2022-06-09T13:25:19+00:00\" \/>\n<meta name=\"author\" content=\"R\u0131dvan Konrat\" \/>\n<meta name=\"twitter:card\" content=\"summary_large_image\" \/>\n<meta name=\"twitter:label1\" content=\"Written by\" \/>\n\t<meta name=\"twitter:data1\" content=\"R\u0131dvan Konrat\" \/>\n\t<meta name=\"twitter:label2\" content=\"Est. reading time\" \/>\n\t<meta name=\"twitter:data2\" content=\"3 minutes\" \/>\n<script type=\"application\/ld+json\" class=\"yoast-schema-graph\">{\"@context\":\"https:\/\/schema.org\",\"@graph\":[{\"@type\":\"Article\",\"@id\":\"https:\/\/www.esin.av.tr\/tr\/2021\/05\/17\/uyum-programi-yonetmeliginde-yapilan-degisikliklere-iliskin-onemli-surelere-yonelik-hatirlatma\/#article\",\"isPartOf\":{\"@id\":\"https:\/\/www.esin.av.tr\/tr\/2021\/05\/17\/uyum-programi-yonetmeliginde-yapilan-degisikliklere-iliskin-onemli-surelere-yonelik-hatirlatma\/\"},\"author\":{\"name\":\"R\u0131dvan Konrat\",\"@id\":\"https:\/\/www.esin.av.tr\/tr\/#\/schema\/person\/42c8e616aab56b8622fa365ad63282ae\"},\"headline\":\"Uyum Program\u0131 Y\u00f6netmeli\u011fi&#8217;nde Yap\u0131lan De\u011fi\u015fikliklere \u0130li\u015fkin \u00d6nemli S\u00fcrelere Y\u00f6nelik Hat\u0131rlatma\",\"datePublished\":\"2021-05-17T07:28:16+00:00\",\"dateModified\":\"2022-06-09T13:25:19+00:00\",\"mainEntityOfPage\":{\"@id\":\"https:\/\/www.esin.av.tr\/tr\/2021\/05\/17\/uyum-programi-yonetmeliginde-yapilan-degisikliklere-iliskin-onemli-surelere-yonelik-hatirlatma\/\"},\"wordCount\":874,\"publisher\":{\"@id\":\"https:\/\/www.esin.av.tr\/tr\/#organization\"},\"keywords\":[\"Hukuka Uyumluluk\"],\"articleSection\":[\"Hukuk B\u00fcltenleri\"],\"inLanguage\":\"tr\"},{\"@type\":\"WebPage\",\"@id\":\"https:\/\/www.esin.av.tr\/tr\/2021\/05\/17\/uyum-programi-yonetmeliginde-yapilan-degisikliklere-iliskin-onemli-surelere-yonelik-hatirlatma\/\",\"url\":\"https:\/\/www.esin.av.tr\/tr\/2021\/05\/17\/uyum-programi-yonetmeliginde-yapilan-degisikliklere-iliskin-onemli-surelere-yonelik-hatirlatma\/\",\"name\":\"Uyum Program\u0131 Y\u00f6netmeli\u011fi'nde Yap\u0131lan De\u011fi\u015fikliklere \u0130li\u015fkin \u00d6nemli S\u00fcrelere Y\u00f6nelik Hat\u0131rlatma\",\"isPartOf\":{\"@id\":\"https:\/\/www.esin.av.tr\/tr\/#website\"},\"datePublished\":\"2021-05-17T07:28:16+00:00\",\"dateModified\":\"2022-06-09T13:25:19+00:00\",\"description\":\"Su\u00e7 Gelirlerinin Aklanmas\u0131n\u0131n ve Ter\u00f6r\u00fcn Finansman\u0131n\u0131n \u00d6nlenmesine \u0130li\u015fkin Y\u00fck\u00fcml\u00fcl\u00fcklere Uyum Program\u0131 Hakk\u0131nda Y\u00f6netmelik'te (\\\"Uyum Program\u0131\",\"breadcrumb\":{\"@id\":\"https:\/\/www.esin.av.tr\/tr\/2021\/05\/17\/uyum-programi-yonetmeliginde-yapilan-degisikliklere-iliskin-onemli-surelere-yonelik-hatirlatma\/#breadcrumb\"},\"inLanguage\":\"tr\",\"potentialAction\":[{\"@type\":\"ReadAction\",\"target\":[\"https:\/\/www.esin.av.tr\/tr\/2021\/05\/17\/uyum-programi-yonetmeliginde-yapilan-degisikliklere-iliskin-onemli-surelere-yonelik-hatirlatma\/\"]}]},{\"@type\":\"BreadcrumbList\",\"@id\":\"https:\/\/www.esin.av.tr\/tr\/2021\/05\/17\/uyum-programi-yonetmeliginde-yapilan-degisikliklere-iliskin-onemli-surelere-yonelik-hatirlatma\/#breadcrumb\",\"itemListElement\":[{\"@type\":\"ListItem\",\"position\":1,\"name\":\"Home\",\"item\":\"https:\/\/www.esin.av.tr\/tr\/\"},{\"@type\":\"ListItem\",\"position\":2,\"name\":\"Uyum Program\u0131 Y\u00f6netmeli\u011fi&#8217;nde Yap\u0131lan De\u011fi\u015fikliklere \u0130li\u015fkin \u00d6nemli S\u00fcrelere Y\u00f6nelik Hat\u0131rlatma\"}]},{\"@type\":\"WebSite\",\"@id\":\"https:\/\/www.esin.av.tr\/tr\/#website\",\"url\":\"https:\/\/www.esin.av.tr\/tr\/\",\"name\":\"Esin Avukatl\u0131k Ortakl\u0131\u011f\u0131\",\"description\":\"\",\"publisher\":{\"@id\":\"https:\/\/www.esin.av.tr\/tr\/#organization\"},\"potentialAction\":[{\"@type\":\"SearchAction\",\"target\":{\"@type\":\"EntryPoint\",\"urlTemplate\":\"https:\/\/www.esin.av.tr\/tr\/?s={search_term_string}\"},\"query-input\":{\"@type\":\"PropertyValueSpecification\",\"valueRequired\":true,\"valueName\":\"search_term_string\"}}],\"inLanguage\":\"tr\"},{\"@type\":\"Organization\",\"@id\":\"https:\/\/www.esin.av.tr\/tr\/#organization\",\"name\":\"Esin Avukatl\u0131k Ortakl\u0131\u011f\u0131\",\"url\":\"https:\/\/www.esin.av.tr\/tr\/\",\"logo\":{\"@type\":\"ImageObject\",\"inLanguage\":\"tr\",\"@id\":\"https:\/\/www.esin.av.tr\/tr\/#\/schema\/logo\/image\/\",\"url\":\"https:\/\/www.esin.av.tr\/wp-content\/uploads\/2021\/09\/esin-2.jpg\",\"contentUrl\":\"https:\/\/www.esin.av.tr\/wp-content\/uploads\/2021\/09\/esin-2.jpg\",\"width\":800,\"height\":460,\"caption\":\"Esin Avukatl\u0131k Ortakl\u0131\u011f\u0131\"},\"image\":{\"@id\":\"https:\/\/www.esin.av.tr\/tr\/#\/schema\/logo\/image\/\"}},{\"@type\":\"Person\",\"@id\":\"https:\/\/www.esin.av.tr\/tr\/#\/schema\/person\/42c8e616aab56b8622fa365ad63282ae\",\"name\":\"R\u0131dvan Konrat\",\"image\":{\"@type\":\"ImageObject\",\"inLanguage\":\"tr\",\"@id\":\"https:\/\/www.esin.av.tr\/tr\/#\/schema\/person\/image\/\",\"url\":\"https:\/\/secure.gravatar.com\/avatar\/b20c6c583be38ed4e76e32f69fccc676?s=96&d=mm&r=g\",\"contentUrl\":\"https:\/\/secure.gravatar.com\/avatar\/b20c6c583be38ed4e76e32f69fccc676?s=96&d=mm&r=g\",\"caption\":\"R\u0131dvan Konrat\"},\"sameAs\":[\"http:\/\/www.esin.av.tr\"],\"url\":\"https:\/\/www.esin.av.tr\/tr\/author\/rkonrat\/\"}]}<\/script>\n<!-- \/ Yoast SEO plugin. -->","yoast_head_json":{"title":"Uyum Program\u0131 Y\u00f6netmeli\u011fi'nde Yap\u0131lan De\u011fi\u015fikliklere \u0130li\u015fkin \u00d6nemli S\u00fcrelere Y\u00f6nelik Hat\u0131rlatma","description":"Su\u00e7 Gelirlerinin Aklanmas\u0131n\u0131n ve Ter\u00f6r\u00fcn Finansman\u0131n\u0131n \u00d6nlenmesine \u0130li\u015fkin Y\u00fck\u00fcml\u00fcl\u00fcklere Uyum Program\u0131 Hakk\u0131nda Y\u00f6netmelik'te (\"Uyum Program\u0131","robots":{"index":"index","follow":"follow","max-snippet":"max-snippet:-1","max-image-preview":"max-image-preview:large","max-video-preview":"max-video-preview:-1"},"canonical":"https:\/\/www.esin.av.tr\/tr\/2021\/05\/17\/uyum-programi-yonetmeliginde-yapilan-degisikliklere-iliskin-onemli-surelere-yonelik-hatirlatma\/","og_locale":"tr_TR","og_type":"article","og_title":"Uyum Program\u0131 Y\u00f6netmeli\u011fi'nde Yap\u0131lan De\u011fi\u015fikliklere \u0130li\u015fkin \u00d6nemli S\u00fcrelere Y\u00f6nelik Hat\u0131rlatma","og_description":"Su\u00e7 Gelirlerinin Aklanmas\u0131n\u0131n ve Ter\u00f6r\u00fcn Finansman\u0131n\u0131n \u00d6nlenmesine \u0130li\u015fkin Y\u00fck\u00fcml\u00fcl\u00fcklere Uyum Program\u0131 Hakk\u0131nda Y\u00f6netmelik'te (\"Uyum Program\u0131","og_url":"https:\/\/www.esin.av.tr\/tr\/2021\/05\/17\/uyum-programi-yonetmeliginde-yapilan-degisikliklere-iliskin-onemli-surelere-yonelik-hatirlatma\/","og_site_name":"Esin Avukatl\u0131k Ortakl\u0131\u011f\u0131","article_published_time":"2021-05-17T07:28:16+00:00","article_modified_time":"2022-06-09T13:25:19+00:00","author":"R\u0131dvan Konrat","twitter_card":"summary_large_image","twitter_misc":{"Written by":"R\u0131dvan Konrat","Est. reading time":"3 minutes"},"schema":{"@context":"https:\/\/schema.org","@graph":[{"@type":"Article","@id":"https:\/\/www.esin.av.tr\/tr\/2021\/05\/17\/uyum-programi-yonetmeliginde-yapilan-degisikliklere-iliskin-onemli-surelere-yonelik-hatirlatma\/#article","isPartOf":{"@id":"https:\/\/www.esin.av.tr\/tr\/2021\/05\/17\/uyum-programi-yonetmeliginde-yapilan-degisikliklere-iliskin-onemli-surelere-yonelik-hatirlatma\/"},"author":{"name":"R\u0131dvan Konrat","@id":"https:\/\/www.esin.av.tr\/tr\/#\/schema\/person\/42c8e616aab56b8622fa365ad63282ae"},"headline":"Uyum Program\u0131 Y\u00f6netmeli\u011fi&#8217;nde Yap\u0131lan De\u011fi\u015fikliklere \u0130li\u015fkin \u00d6nemli S\u00fcrelere Y\u00f6nelik Hat\u0131rlatma","datePublished":"2021-05-17T07:28:16+00:00","dateModified":"2022-06-09T13:25:19+00:00","mainEntityOfPage":{"@id":"https:\/\/www.esin.av.tr\/tr\/2021\/05\/17\/uyum-programi-yonetmeliginde-yapilan-degisikliklere-iliskin-onemli-surelere-yonelik-hatirlatma\/"},"wordCount":874,"publisher":{"@id":"https:\/\/www.esin.av.tr\/tr\/#organization"},"keywords":["Hukuka Uyumluluk"],"articleSection":["Hukuk B\u00fcltenleri"],"inLanguage":"tr"},{"@type":"WebPage","@id":"https:\/\/www.esin.av.tr\/tr\/2021\/05\/17\/uyum-programi-yonetmeliginde-yapilan-degisikliklere-iliskin-onemli-surelere-yonelik-hatirlatma\/","url":"https:\/\/www.esin.av.tr\/tr\/2021\/05\/17\/uyum-programi-yonetmeliginde-yapilan-degisikliklere-iliskin-onemli-surelere-yonelik-hatirlatma\/","name":"Uyum Program\u0131 Y\u00f6netmeli\u011fi'nde Yap\u0131lan De\u011fi\u015fikliklere \u0130li\u015fkin \u00d6nemli S\u00fcrelere Y\u00f6nelik Hat\u0131rlatma","isPartOf":{"@id":"https:\/\/www.esin.av.tr\/tr\/#website"},"datePublished":"2021-05-17T07:28:16+00:00","dateModified":"2022-06-09T13:25:19+00:00","description":"Su\u00e7 Gelirlerinin Aklanmas\u0131n\u0131n ve Ter\u00f6r\u00fcn Finansman\u0131n\u0131n \u00d6nlenmesine \u0130li\u015fkin Y\u00fck\u00fcml\u00fcl\u00fcklere Uyum Program\u0131 Hakk\u0131nda Y\u00f6netmelik'te (\"Uyum Program\u0131","breadcrumb":{"@id":"https:\/\/www.esin.av.tr\/tr\/2021\/05\/17\/uyum-programi-yonetmeliginde-yapilan-degisikliklere-iliskin-onemli-surelere-yonelik-hatirlatma\/#breadcrumb"},"inLanguage":"tr","potentialAction":[{"@type":"ReadAction","target":["https:\/\/www.esin.av.tr\/tr\/2021\/05\/17\/uyum-programi-yonetmeliginde-yapilan-degisikliklere-iliskin-onemli-surelere-yonelik-hatirlatma\/"]}]},{"@type":"BreadcrumbList","@id":"https:\/\/www.esin.av.tr\/tr\/2021\/05\/17\/uyum-programi-yonetmeliginde-yapilan-degisikliklere-iliskin-onemli-surelere-yonelik-hatirlatma\/#breadcrumb","itemListElement":[{"@type":"ListItem","position":1,"name":"Home","item":"https:\/\/www.esin.av.tr\/tr\/"},{"@type":"ListItem","position":2,"name":"Uyum Program\u0131 Y\u00f6netmeli\u011fi&#8217;nde Yap\u0131lan De\u011fi\u015fikliklere \u0130li\u015fkin \u00d6nemli S\u00fcrelere Y\u00f6nelik Hat\u0131rlatma"}]},{"@type":"WebSite","@id":"https:\/\/www.esin.av.tr\/tr\/#website","url":"https:\/\/www.esin.av.tr\/tr\/","name":"Esin Avukatl\u0131k Ortakl\u0131\u011f\u0131","description":"","publisher":{"@id":"https:\/\/www.esin.av.tr\/tr\/#organization"},"potentialAction":[{"@type":"SearchAction","target":{"@type":"EntryPoint","urlTemplate":"https:\/\/www.esin.av.tr\/tr\/?s={search_term_string}"},"query-input":{"@type":"PropertyValueSpecification","valueRequired":true,"valueName":"search_term_string"}}],"inLanguage":"tr"},{"@type":"Organization","@id":"https:\/\/www.esin.av.tr\/tr\/#organization","name":"Esin Avukatl\u0131k Ortakl\u0131\u011f\u0131","url":"https:\/\/www.esin.av.tr\/tr\/","logo":{"@type":"ImageObject","inLanguage":"tr","@id":"https:\/\/www.esin.av.tr\/tr\/#\/schema\/logo\/image\/","url":"https:\/\/www.esin.av.tr\/wp-content\/uploads\/2021\/09\/esin-2.jpg","contentUrl":"https:\/\/www.esin.av.tr\/wp-content\/uploads\/2021\/09\/esin-2.jpg","width":800,"height":460,"caption":"Esin Avukatl\u0131k Ortakl\u0131\u011f\u0131"},"image":{"@id":"https:\/\/www.esin.av.tr\/tr\/#\/schema\/logo\/image\/"}},{"@type":"Person","@id":"https:\/\/www.esin.av.tr\/tr\/#\/schema\/person\/42c8e616aab56b8622fa365ad63282ae","name":"R\u0131dvan Konrat","image":{"@type":"ImageObject","inLanguage":"tr","@id":"https:\/\/www.esin.av.tr\/tr\/#\/schema\/person\/image\/","url":"https:\/\/secure.gravatar.com\/avatar\/b20c6c583be38ed4e76e32f69fccc676?s=96&d=mm&r=g","contentUrl":"https:\/\/secure.gravatar.com\/avatar\/b20c6c583be38ed4e76e32f69fccc676?s=96&d=mm&r=g","caption":"R\u0131dvan Konrat"},"sameAs":["http:\/\/www.esin.av.tr"],"url":"https:\/\/www.esin.av.tr\/tr\/author\/rkonrat\/"}]}},"_links":{"self":[{"href":"https:\/\/www.esin.av.tr\/tr\/wp-json\/wp\/v2\/posts\/19442","targetHints":{"allow":["GET"]}}],"collection":[{"href":"https:\/\/www.esin.av.tr\/tr\/wp-json\/wp\/v2\/posts"}],"about":[{"href":"https:\/\/www.esin.av.tr\/tr\/wp-json\/wp\/v2\/types\/post"}],"author":[{"embeddable":true,"href":"https:\/\/www.esin.av.tr\/tr\/wp-json\/wp\/v2\/users\/4"}],"replies":[{"embeddable":true,"href":"https:\/\/www.esin.av.tr\/tr\/wp-json\/wp\/v2\/comments?post=19442"}],"version-history":[{"count":1,"href":"https:\/\/www.esin.av.tr\/tr\/wp-json\/wp\/v2\/posts\/19442\/revisions"}],"predecessor-version":[{"id":19443,"href":"https:\/\/www.esin.av.tr\/tr\/wp-json\/wp\/v2\/posts\/19442\/revisions\/19443"}],"wp:attachment":[{"href":"https:\/\/www.esin.av.tr\/tr\/wp-json\/wp\/v2\/media?parent=19442"}],"wp:term":[{"taxonomy":"category","embeddable":true,"href":"https:\/\/www.esin.av.tr\/tr\/wp-json\/wp\/v2\/categories?post=19442"},{"taxonomy":"post_tag","embeddable":true,"href":"https:\/\/www.esin.av.tr\/tr\/wp-json\/wp\/v2\/tags?post=19442"}],"curies":[{"name":"wp","href":"https:\/\/api.w.org\/{rel}","templated":true}]}}