{"id":19372,"date":"2021-05-03T08:07:08","date_gmt":"2021-05-03T08:07:08","guid":{"rendered":"https:\/\/www.esin.av.tr\/?p=19372"},"modified":"2022-06-09T13:19:13","modified_gmt":"2022-06-09T13:19:13","slug":"isyeri-acma-ve-calisma-ruhsatlarina-iliskin-yonetmelik-degistirildi","status":"publish","type":"post","link":"https:\/\/www.esin.av.tr\/tr\/2021\/05\/03\/isyeri-acma-ve-calisma-ruhsatlarina-iliskin-yonetmelik-degistirildi\/","title":{"rendered":"\u0130\u015fyeri A\u00e7ma ve \u00c7al\u0131\u015fma Ruhsatlar\u0131na \u0130li\u015fkin Y\u00f6netmelik De\u011fi\u015ftirildi"},"content":{"rendered":"<p><a href=\"https:\/\/podcast.esin.av.tr\/?lang=tr&amp;playing=PFC7722687001\" target=\"_blank\" rel=\"noopener\"><img decoding=\"async\" class=\"alignnone wp-image-18799\" src=\"https:\/\/www.esin.av.tr\/wp-content\/uploads\/2021\/02\/1.png\" alt=\"\" width=\"65\" height=\"65\" srcset=\"https:\/\/www.esin.av.tr\/wp-content\/uploads\/2021\/02\/1.png 186w, https:\/\/www.esin.av.tr\/wp-content\/uploads\/2021\/02\/1-150x150.png 150w\" sizes=\"(max-width: 65px) 100vw, 65px\" \/><\/a><strong>Art\u0131k b\u00fcltenlerimizi sesli olarak da dinleyebilirsiniz!<\/strong><\/p>\n<p>&nbsp;<\/p>\n<p><strong>Yeni Geli\u015fme<\/strong><\/p>\n<p>\u0130\u015fyeri A\u00e7ma ve \u00c7al\u0131\u015fma Ruhsatlar\u0131na \u0130li\u015fkin Y\u00f6netmelik (&#8220;<strong>Y\u00f6netmelik<\/strong>&#8220;) 17 Nisan 2021 tarihinde 31457 say\u0131l\u0131 Resmi Gazete&#8217;de yay\u0131nlanan 3835 say\u0131l\u0131 Cumhurba\u015fkan\u0131 Karar\u0131 ile de\u011fi\u015ftirildi. S\u00f6z konusu de\u011fi\u015fiklik yeni tan\u0131mlar\u0131n yan\u0131 s\u0131ra \u0130\u015fyeri A\u00e7ma ve \u00c7al\u0131\u015fma Ruhsat\u0131 (&#8220;<strong>Ruhsat<\/strong>&#8220;) ba\u015fvuru s\u00fcre\u00e7lerine y\u00f6nelik bir tak\u0131m yenilikler i\u00e7eriyor. \u0130lgili Cumhurba\u015fkan\u0131 Karar\u0131&#8217;na <a href=\"https:\/\/urldefense.com\/v3\/__https:\/esinxchange.com\/collect\/click.aspx?u=a1BtcUpxb3BiTXFHeE4xYTZMOHN6eE4xVk8xU1YyQWQ1SEhDNmk4Tm5Kc0ZjZHp6NlF5TjVKMXEyM0Y5QWVtdlBrZUR5N3F6aTc5MTZCZ0tQYno1Y0U0SW51MThnTVpSSExJQ2lWNi9BcmxoVnNpRkdYQ1VPV05mYi9TaXlNRzE=&amp;rh=ff007887ae5ffa2d44cc30658b468b3461b7a3f1__;!!Hj9Y_P0nvg!BcsVmvPA-tBOsaEH0_3W-wa0tnyrPCYVqn61N-R4gaRbtU2b1_nCL9jY5Euhbm2CNumulA$\"><strong><u>buradan<\/u><\/strong> <\/a>ula\u015fabilirsiniz.<\/p>\n<p><strong>Ne De\u011fi\u015fecek?<\/strong><\/p>\n<p><strong><em>Yeni Tan\u0131mlar<\/em><\/strong><\/p>\n<p>S\u00f6z konusu de\u011fi\u015fiklik ile Y\u00f6netmelik&#8217;e &#8220;End\u00fcstri B\u00f6lgesi&#8221; ve &#8220;Teknoloji Geli\u015ftirme B\u00f6lgesi&#8221; olmak \u00fczere iki yeni tan\u0131m eklenmi\u015ftir. Buna g\u00f6re, End\u00fcstri B\u00f6lgesi \u00fcretimi ve teknoloji transferini art\u0131rmak amac\u0131yla 4347 say\u0131l\u0131 End\u00fcstri B\u00f6lgeleri Kanunu uyar\u0131nca kurulan b\u00f6lgeler olarak tan\u0131mlanmaktad\u0131r. Teknoloji Geli\u015ftirme B\u00f6lgesi ise \u00fcniversite, enstit\u00fc veya AR-GE birimlerinin olanaklar\u0131ndan yararlanarak faaliyet g\u00f6steren y\u00fcksek teknoloji \u015firketlerini bar\u0131nd\u0131rmak amac\u0131yla 4961 say\u0131l\u0131 Teknoloji Geli\u015ftirme B\u00f6lgeleri Kanunu uyar\u0131nca kurulan b\u00f6lgeler olarak tan\u0131mlanmaktad\u0131r.<\/p>\n<p><strong><em>Kesinle\u015fmemi\u015f Ruhsat<\/em><\/strong><\/p>\n<p>Kamuya a\u00e7\u0131k e\u011flence ve dinlenme yerleri i\u00e7in yap\u0131lan Ruhsat ba\u015fvurusu s\u00fcrecinde de\u011fi\u015fiklik ger\u00e7ekle\u015fmi\u015ftir. Bu \u00e7er\u00e7evede bar, i\u00e7kili lokanta, birahane gibi a\u00e7\u0131kta alkoll\u00fc i\u00e7ki sat\u0131\u015f\u0131 ve sunumu yapan ve nargilelik t\u00fct\u00fcn mamul\u00fc sunumu yapan i\u015fyerleri i\u00e7in \u00f6ncelikle kesinle\u015fmemi\u015f ruhsat d\u00fczenlenir. Bu i\u015fyerlerine ait Ruhsatlar, ba\u015fvuru tarihinden itibaren bir ay i\u00e7erisinde gerekli izin belgelerini temin edip yetkili idareye (\u00f6rne\u011fin, i\u015fyerinin ba\u011fl\u0131 oldu\u011fu Belediye) sunulmas\u0131 halinde kesinle\u015fir. S\u00f6z konusu izin belgelerinin zaman\u0131nda teslim edilmemesi halinde; yetkili idare kesinle\u015fmemi\u015f ruhsat\u0131 iptal edecektir. Yetkili idare, i\u015fyerinin bulundu\u011fu b\u00f6lgede ruhsat ba\u015fvurusu hususunda yetki verilen idareye g\u00f6re de\u011fi\u015fiklik g\u00f6stermektedir.<\/p>\n<p><strong><em>Ruhsat Ba\u015fvuru S\u00fcrecinde De\u011fi\u015fiklik<\/em><\/strong><\/p>\n<p>Y\u00f6netmelik uyar\u0131nca birinci s\u0131n\u0131f gayris\u0131hhi m\u00fcesseseler ruhsat ba\u015fvurular\u0131n\u0131 izleyen bir ay i\u00e7erisinde yetkili idare taraf\u0131ndan bir tak\u0131m denetimlere tabii tutulmaktad\u0131r. Yetkili idare bu denetimler s\u0131ras\u0131nda ba\u015fvuru formu ile fiili durum aras\u0131 uyu\u015fmazl\u0131k tespit edecek olursa ilgili m\u00fcesseseye bu durumu gidermek ad\u0131na bir y\u0131l s\u00fcreyle izin vermektedir. Y\u00f6netmelik&#8217;te ger\u00e7ekle\u015ftirilen yeni de\u011fi\u015fiklik uyar\u0131nca yetkili idare bu s\u00fcre\u00e7te ilgili m\u00fcessese nezdinde \u00e7e\u015fitli denetimler ger\u00e7ekle\u015ftirmeye devam edecektir. Yetkili idare bu s\u00fcre\u00e7te ger\u00e7ekle\u015ftirdi\u011fi denetimler s\u0131ras\u0131nda mevzuata uyumsuzluk tespit eder ise, ilgili i\u015fyerine bunu d\u00fczeltmesi ad\u0131na on be\u015f g\u00fcnl\u00fck s\u00fcre verecektir. Bu s\u00fcre i\u00e7erisinde uyumsuzlu\u011fun giderilmemesi halinde i\u015fletmeci hakk\u0131nda idari para cezas\u0131 uygulanacakt\u0131r. Ek olarak, yetkili idare uyumsuzluk sona erdirilene kadar faaliyetlerin durdurulmas\u0131na karar verecektir.<\/p>\n<p><strong>Sonu\u00e7<\/strong><\/p>\n<p>S\u00f6z konusu de\u011fi\u015fiklikler Y\u00f6netmelik a\u00e7\u0131s\u0131ndan olduk\u00e7a \u00f6nemlidir. Ruhsat ba\u015fvurusunda bulunacak taraflar de\u011fi\u015ftirilen Y\u00f6netmelik&#8217;i dikkatle incelemeli ve bu alanda ger\u00e7ekle\u015ftirilecek yeni geli\u015fmeleri takip etmelidir.<\/p>\n","protected":false},"excerpt":{"rendered":"<p>Art\u0131k b\u00fcltenlerimizi sesli olarak da dinleyebilirsiniz! &nbsp; Yeni Geli\u015fme \u0130\u015fyeri A\u00e7ma ve \u00c7al\u0131\u015fma Ruhsatlar\u0131na \u0130li\u015fkin Y\u00f6netmelik (&#8220;Y\u00f6netmelik&#8220;) 17 Nisan 2021 [&hellip;]<\/p>\n","protected":false},"author":4,"featured_media":0,"comment_status":"closed","ping_status":"closed","sticky":false,"template":"","format":"standard","meta":{"_acf_changed":false,"_stopmodifiedupdate":false,"_modified_date":"","footnotes":""},"categories":[120],"tags":[94],"class_list":["post-19372","post","type-post","status-publish","format-standard","hentry","category-legal-alerts","tag-international-commercial-and-trade-tr"],"acf":[],"yoast_head":"<!-- This site is optimized with the Yoast SEO plugin v24.0 - https:\/\/yoast.com\/wordpress\/plugins\/seo\/ -->\n<title>\u0130\u015fyeri A\u00e7ma ve \u00c7al\u0131\u015fma Ruhsatlar\u0131na \u0130li\u015fkin Y\u00f6netmelik De\u011fi\u015ftirildi<\/title>\n<meta name=\"description\" content=\"Art\u0131k b\u00fcltenlerimizi sesli olarak da dinleyebilirsiniz! &nbsp; Yeni Geli\u015fme \u0130\u015fyeri A\u00e7ma ve \u00c7al\u0131\u015fma Ruhsatlar\u0131na \u0130li\u015fkin Y\u00f6netmelik (&quot;Y\u00f6netmelik&quot;) 17 Nisan\" \/>\n<meta name=\"robots\" content=\"index, follow, max-snippet:-1, max-image-preview:large, max-video-preview:-1\" \/>\n<link rel=\"canonical\" href=\"https:\/\/www.esin.av.tr\/tr\/2021\/05\/03\/isyeri-acma-ve-calisma-ruhsatlarina-iliskin-yonetmelik-degistirildi\/\" \/>\n<meta property=\"og:locale\" content=\"tr_TR\" \/>\n<meta property=\"og:type\" content=\"article\" \/>\n<meta property=\"og:title\" content=\"\u0130\u015fyeri A\u00e7ma ve \u00c7al\u0131\u015fma Ruhsatlar\u0131na \u0130li\u015fkin Y\u00f6netmelik De\u011fi\u015ftirildi\" \/>\n<meta property=\"og:description\" content=\"Art\u0131k b\u00fcltenlerimizi sesli olarak da dinleyebilirsiniz! &nbsp; Yeni Geli\u015fme \u0130\u015fyeri A\u00e7ma ve \u00c7al\u0131\u015fma Ruhsatlar\u0131na \u0130li\u015fkin Y\u00f6netmelik (&quot;Y\u00f6netmelik&quot;) 17 Nisan\" \/>\n<meta property=\"og:url\" content=\"https:\/\/www.esin.av.tr\/tr\/2021\/05\/03\/isyeri-acma-ve-calisma-ruhsatlarina-iliskin-yonetmelik-degistirildi\/\" \/>\n<meta property=\"og:site_name\" content=\"Esin Avukatl\u0131k Ortakl\u0131\u011f\u0131\" \/>\n<meta property=\"article:published_time\" content=\"2021-05-03T08:07:08+00:00\" \/>\n<meta property=\"article:modified_time\" content=\"2022-06-09T13:19:13+00:00\" \/>\n<meta property=\"og:image\" content=\"https:\/\/www.esin.av.tr\/wp-content\/uploads\/2021\/02\/1.png\" \/>\n<meta name=\"author\" content=\"R\u0131dvan Konrat\" \/>\n<meta name=\"twitter:card\" content=\"summary_large_image\" \/>\n<meta name=\"twitter:label1\" content=\"Written by\" \/>\n\t<meta name=\"twitter:data1\" content=\"R\u0131dvan Konrat\" \/>\n\t<meta name=\"twitter:label2\" content=\"Est. reading time\" \/>\n\t<meta name=\"twitter:data2\" content=\"2 minutes\" \/>\n<script type=\"application\/ld+json\" class=\"yoast-schema-graph\">{\"@context\":\"https:\/\/schema.org\",\"@graph\":[{\"@type\":\"Article\",\"@id\":\"https:\/\/www.esin.av.tr\/tr\/2021\/05\/03\/isyeri-acma-ve-calisma-ruhsatlarina-iliskin-yonetmelik-degistirildi\/#article\",\"isPartOf\":{\"@id\":\"https:\/\/www.esin.av.tr\/tr\/2021\/05\/03\/isyeri-acma-ve-calisma-ruhsatlarina-iliskin-yonetmelik-degistirildi\/\"},\"author\":{\"name\":\"R\u0131dvan Konrat\",\"@id\":\"https:\/\/www.esin.av.tr\/tr\/#\/schema\/person\/42c8e616aab56b8622fa365ad63282ae\"},\"headline\":\"\u0130\u015fyeri A\u00e7ma ve \u00c7al\u0131\u015fma Ruhsatlar\u0131na \u0130li\u015fkin Y\u00f6netmelik De\u011fi\u015ftirildi\",\"datePublished\":\"2021-05-03T08:07:08+00:00\",\"dateModified\":\"2022-06-09T13:19:13+00:00\",\"mainEntityOfPage\":{\"@id\":\"https:\/\/www.esin.av.tr\/tr\/2021\/05\/03\/isyeri-acma-ve-calisma-ruhsatlarina-iliskin-yonetmelik-degistirildi\/\"},\"wordCount\":555,\"publisher\":{\"@id\":\"https:\/\/www.esin.av.tr\/tr\/#organization\"},\"image\":{\"@id\":\"https:\/\/www.esin.av.tr\/tr\/2021\/05\/03\/isyeri-acma-ve-calisma-ruhsatlarina-iliskin-yonetmelik-degistirildi\/#primaryimage\"},\"thumbnailUrl\":\"https:\/\/www.esin.av.tr\/wp-content\/uploads\/2021\/02\/1.png\",\"keywords\":[\"Uluslararas\u0131 Ticaret Hukuku\"],\"articleSection\":[\"Hukuk B\u00fcltenleri\"],\"inLanguage\":\"tr\"},{\"@type\":\"WebPage\",\"@id\":\"https:\/\/www.esin.av.tr\/tr\/2021\/05\/03\/isyeri-acma-ve-calisma-ruhsatlarina-iliskin-yonetmelik-degistirildi\/\",\"url\":\"https:\/\/www.esin.av.tr\/tr\/2021\/05\/03\/isyeri-acma-ve-calisma-ruhsatlarina-iliskin-yonetmelik-degistirildi\/\",\"name\":\"\u0130\u015fyeri A\u00e7ma ve \u00c7al\u0131\u015fma Ruhsatlar\u0131na \u0130li\u015fkin Y\u00f6netmelik De\u011fi\u015ftirildi\",\"isPartOf\":{\"@id\":\"https:\/\/www.esin.av.tr\/tr\/#website\"},\"primaryImageOfPage\":{\"@id\":\"https:\/\/www.esin.av.tr\/tr\/2021\/05\/03\/isyeri-acma-ve-calisma-ruhsatlarina-iliskin-yonetmelik-degistirildi\/#primaryimage\"},\"image\":{\"@id\":\"https:\/\/www.esin.av.tr\/tr\/2021\/05\/03\/isyeri-acma-ve-calisma-ruhsatlarina-iliskin-yonetmelik-degistirildi\/#primaryimage\"},\"thumbnailUrl\":\"https:\/\/www.esin.av.tr\/wp-content\/uploads\/2021\/02\/1.png\",\"datePublished\":\"2021-05-03T08:07:08+00:00\",\"dateModified\":\"2022-06-09T13:19:13+00:00\",\"description\":\"Art\u0131k b\u00fcltenlerimizi sesli olarak da dinleyebilirsiniz! &nbsp; Yeni Geli\u015fme \u0130\u015fyeri A\u00e7ma ve \u00c7al\u0131\u015fma Ruhsatlar\u0131na \u0130li\u015fkin Y\u00f6netmelik (\\\"Y\u00f6netmelik\\\") 17 Nisan\",\"breadcrumb\":{\"@id\":\"https:\/\/www.esin.av.tr\/tr\/2021\/05\/03\/isyeri-acma-ve-calisma-ruhsatlarina-iliskin-yonetmelik-degistirildi\/#breadcrumb\"},\"inLanguage\":\"tr\",\"potentialAction\":[{\"@type\":\"ReadAction\",\"target\":[\"https:\/\/www.esin.av.tr\/tr\/2021\/05\/03\/isyeri-acma-ve-calisma-ruhsatlarina-iliskin-yonetmelik-degistirildi\/\"]}]},{\"@type\":\"ImageObject\",\"inLanguage\":\"tr\",\"@id\":\"https:\/\/www.esin.av.tr\/tr\/2021\/05\/03\/isyeri-acma-ve-calisma-ruhsatlarina-iliskin-yonetmelik-degistirildi\/#primaryimage\",\"url\":\"https:\/\/www.esin.av.tr\/wp-content\/uploads\/2021\/02\/1.png\",\"contentUrl\":\"https:\/\/www.esin.av.tr\/wp-content\/uploads\/2021\/02\/1.png\"},{\"@type\":\"BreadcrumbList\",\"@id\":\"https:\/\/www.esin.av.tr\/tr\/2021\/05\/03\/isyeri-acma-ve-calisma-ruhsatlarina-iliskin-yonetmelik-degistirildi\/#breadcrumb\",\"itemListElement\":[{\"@type\":\"ListItem\",\"position\":1,\"name\":\"Home\",\"item\":\"https:\/\/www.esin.av.tr\/tr\/\"},{\"@type\":\"ListItem\",\"position\":2,\"name\":\"\u0130\u015fyeri A\u00e7ma ve \u00c7al\u0131\u015fma Ruhsatlar\u0131na \u0130li\u015fkin Y\u00f6netmelik De\u011fi\u015ftirildi\"}]},{\"@type\":\"WebSite\",\"@id\":\"https:\/\/www.esin.av.tr\/tr\/#website\",\"url\":\"https:\/\/www.esin.av.tr\/tr\/\",\"name\":\"Esin Avukatl\u0131k Ortakl\u0131\u011f\u0131\",\"description\":\"\",\"publisher\":{\"@id\":\"https:\/\/www.esin.av.tr\/tr\/#organization\"},\"potentialAction\":[{\"@type\":\"SearchAction\",\"target\":{\"@type\":\"EntryPoint\",\"urlTemplate\":\"https:\/\/www.esin.av.tr\/tr\/?s={search_term_string}\"},\"query-input\":{\"@type\":\"PropertyValueSpecification\",\"valueRequired\":true,\"valueName\":\"search_term_string\"}}],\"inLanguage\":\"tr\"},{\"@type\":\"Organization\",\"@id\":\"https:\/\/www.esin.av.tr\/tr\/#organization\",\"name\":\"Esin Avukatl\u0131k Ortakl\u0131\u011f\u0131\",\"url\":\"https:\/\/www.esin.av.tr\/tr\/\",\"logo\":{\"@type\":\"ImageObject\",\"inLanguage\":\"tr\",\"@id\":\"https:\/\/www.esin.av.tr\/tr\/#\/schema\/logo\/image\/\",\"url\":\"https:\/\/www.esin.av.tr\/wp-content\/uploads\/2021\/09\/esin-2.jpg\",\"contentUrl\":\"https:\/\/www.esin.av.tr\/wp-content\/uploads\/2021\/09\/esin-2.jpg\",\"width\":800,\"height\":460,\"caption\":\"Esin Avukatl\u0131k Ortakl\u0131\u011f\u0131\"},\"image\":{\"@id\":\"https:\/\/www.esin.av.tr\/tr\/#\/schema\/logo\/image\/\"}},{\"@type\":\"Person\",\"@id\":\"https:\/\/www.esin.av.tr\/tr\/#\/schema\/person\/42c8e616aab56b8622fa365ad63282ae\",\"name\":\"R\u0131dvan Konrat\",\"image\":{\"@type\":\"ImageObject\",\"inLanguage\":\"tr\",\"@id\":\"https:\/\/www.esin.av.tr\/tr\/#\/schema\/person\/image\/\",\"url\":\"https:\/\/secure.gravatar.com\/avatar\/b20c6c583be38ed4e76e32f69fccc676?s=96&d=mm&r=g\",\"contentUrl\":\"https:\/\/secure.gravatar.com\/avatar\/b20c6c583be38ed4e76e32f69fccc676?s=96&d=mm&r=g\",\"caption\":\"R\u0131dvan Konrat\"},\"sameAs\":[\"http:\/\/www.esin.av.tr\"],\"url\":\"https:\/\/www.esin.av.tr\/tr\/author\/rkonrat\/\"}]}<\/script>\n<!-- \/ Yoast SEO plugin. -->","yoast_head_json":{"title":"\u0130\u015fyeri A\u00e7ma ve \u00c7al\u0131\u015fma Ruhsatlar\u0131na \u0130li\u015fkin Y\u00f6netmelik De\u011fi\u015ftirildi","description":"Art\u0131k b\u00fcltenlerimizi sesli olarak da dinleyebilirsiniz! &nbsp; Yeni Geli\u015fme \u0130\u015fyeri A\u00e7ma ve \u00c7al\u0131\u015fma Ruhsatlar\u0131na \u0130li\u015fkin Y\u00f6netmelik (\"Y\u00f6netmelik\") 17 Nisan","robots":{"index":"index","follow":"follow","max-snippet":"max-snippet:-1","max-image-preview":"max-image-preview:large","max-video-preview":"max-video-preview:-1"},"canonical":"https:\/\/www.esin.av.tr\/tr\/2021\/05\/03\/isyeri-acma-ve-calisma-ruhsatlarina-iliskin-yonetmelik-degistirildi\/","og_locale":"tr_TR","og_type":"article","og_title":"\u0130\u015fyeri A\u00e7ma ve \u00c7al\u0131\u015fma Ruhsatlar\u0131na \u0130li\u015fkin Y\u00f6netmelik De\u011fi\u015ftirildi","og_description":"Art\u0131k b\u00fcltenlerimizi sesli olarak da dinleyebilirsiniz! &nbsp; Yeni Geli\u015fme \u0130\u015fyeri A\u00e7ma ve \u00c7al\u0131\u015fma Ruhsatlar\u0131na \u0130li\u015fkin Y\u00f6netmelik (\"Y\u00f6netmelik\") 17 Nisan","og_url":"https:\/\/www.esin.av.tr\/tr\/2021\/05\/03\/isyeri-acma-ve-calisma-ruhsatlarina-iliskin-yonetmelik-degistirildi\/","og_site_name":"Esin Avukatl\u0131k Ortakl\u0131\u011f\u0131","article_published_time":"2021-05-03T08:07:08+00:00","article_modified_time":"2022-06-09T13:19:13+00:00","og_image":[{"url":"https:\/\/www.esin.av.tr\/wp-content\/uploads\/2021\/02\/1.png","type":"","width":"","height":""}],"author":"R\u0131dvan Konrat","twitter_card":"summary_large_image","twitter_misc":{"Written by":"R\u0131dvan Konrat","Est. reading time":"2 minutes"},"schema":{"@context":"https:\/\/schema.org","@graph":[{"@type":"Article","@id":"https:\/\/www.esin.av.tr\/tr\/2021\/05\/03\/isyeri-acma-ve-calisma-ruhsatlarina-iliskin-yonetmelik-degistirildi\/#article","isPartOf":{"@id":"https:\/\/www.esin.av.tr\/tr\/2021\/05\/03\/isyeri-acma-ve-calisma-ruhsatlarina-iliskin-yonetmelik-degistirildi\/"},"author":{"name":"R\u0131dvan Konrat","@id":"https:\/\/www.esin.av.tr\/tr\/#\/schema\/person\/42c8e616aab56b8622fa365ad63282ae"},"headline":"\u0130\u015fyeri A\u00e7ma ve \u00c7al\u0131\u015fma Ruhsatlar\u0131na \u0130li\u015fkin Y\u00f6netmelik De\u011fi\u015ftirildi","datePublished":"2021-05-03T08:07:08+00:00","dateModified":"2022-06-09T13:19:13+00:00","mainEntityOfPage":{"@id":"https:\/\/www.esin.av.tr\/tr\/2021\/05\/03\/isyeri-acma-ve-calisma-ruhsatlarina-iliskin-yonetmelik-degistirildi\/"},"wordCount":555,"publisher":{"@id":"https:\/\/www.esin.av.tr\/tr\/#organization"},"image":{"@id":"https:\/\/www.esin.av.tr\/tr\/2021\/05\/03\/isyeri-acma-ve-calisma-ruhsatlarina-iliskin-yonetmelik-degistirildi\/#primaryimage"},"thumbnailUrl":"https:\/\/www.esin.av.tr\/wp-content\/uploads\/2021\/02\/1.png","keywords":["Uluslararas\u0131 Ticaret Hukuku"],"articleSection":["Hukuk B\u00fcltenleri"],"inLanguage":"tr"},{"@type":"WebPage","@id":"https:\/\/www.esin.av.tr\/tr\/2021\/05\/03\/isyeri-acma-ve-calisma-ruhsatlarina-iliskin-yonetmelik-degistirildi\/","url":"https:\/\/www.esin.av.tr\/tr\/2021\/05\/03\/isyeri-acma-ve-calisma-ruhsatlarina-iliskin-yonetmelik-degistirildi\/","name":"\u0130\u015fyeri A\u00e7ma ve \u00c7al\u0131\u015fma Ruhsatlar\u0131na \u0130li\u015fkin Y\u00f6netmelik De\u011fi\u015ftirildi","isPartOf":{"@id":"https:\/\/www.esin.av.tr\/tr\/#website"},"primaryImageOfPage":{"@id":"https:\/\/www.esin.av.tr\/tr\/2021\/05\/03\/isyeri-acma-ve-calisma-ruhsatlarina-iliskin-yonetmelik-degistirildi\/#primaryimage"},"image":{"@id":"https:\/\/www.esin.av.tr\/tr\/2021\/05\/03\/isyeri-acma-ve-calisma-ruhsatlarina-iliskin-yonetmelik-degistirildi\/#primaryimage"},"thumbnailUrl":"https:\/\/www.esin.av.tr\/wp-content\/uploads\/2021\/02\/1.png","datePublished":"2021-05-03T08:07:08+00:00","dateModified":"2022-06-09T13:19:13+00:00","description":"Art\u0131k b\u00fcltenlerimizi sesli olarak da dinleyebilirsiniz! &nbsp; Yeni Geli\u015fme \u0130\u015fyeri A\u00e7ma ve \u00c7al\u0131\u015fma Ruhsatlar\u0131na \u0130li\u015fkin Y\u00f6netmelik (\"Y\u00f6netmelik\") 17 Nisan","breadcrumb":{"@id":"https:\/\/www.esin.av.tr\/tr\/2021\/05\/03\/isyeri-acma-ve-calisma-ruhsatlarina-iliskin-yonetmelik-degistirildi\/#breadcrumb"},"inLanguage":"tr","potentialAction":[{"@type":"ReadAction","target":["https:\/\/www.esin.av.tr\/tr\/2021\/05\/03\/isyeri-acma-ve-calisma-ruhsatlarina-iliskin-yonetmelik-degistirildi\/"]}]},{"@type":"ImageObject","inLanguage":"tr","@id":"https:\/\/www.esin.av.tr\/tr\/2021\/05\/03\/isyeri-acma-ve-calisma-ruhsatlarina-iliskin-yonetmelik-degistirildi\/#primaryimage","url":"https:\/\/www.esin.av.tr\/wp-content\/uploads\/2021\/02\/1.png","contentUrl":"https:\/\/www.esin.av.tr\/wp-content\/uploads\/2021\/02\/1.png"},{"@type":"BreadcrumbList","@id":"https:\/\/www.esin.av.tr\/tr\/2021\/05\/03\/isyeri-acma-ve-calisma-ruhsatlarina-iliskin-yonetmelik-degistirildi\/#breadcrumb","itemListElement":[{"@type":"ListItem","position":1,"name":"Home","item":"https:\/\/www.esin.av.tr\/tr\/"},{"@type":"ListItem","position":2,"name":"\u0130\u015fyeri A\u00e7ma ve \u00c7al\u0131\u015fma Ruhsatlar\u0131na \u0130li\u015fkin Y\u00f6netmelik De\u011fi\u015ftirildi"}]},{"@type":"WebSite","@id":"https:\/\/www.esin.av.tr\/tr\/#website","url":"https:\/\/www.esin.av.tr\/tr\/","name":"Esin Avukatl\u0131k Ortakl\u0131\u011f\u0131","description":"","publisher":{"@id":"https:\/\/www.esin.av.tr\/tr\/#organization"},"potentialAction":[{"@type":"SearchAction","target":{"@type":"EntryPoint","urlTemplate":"https:\/\/www.esin.av.tr\/tr\/?s={search_term_string}"},"query-input":{"@type":"PropertyValueSpecification","valueRequired":true,"valueName":"search_term_string"}}],"inLanguage":"tr"},{"@type":"Organization","@id":"https:\/\/www.esin.av.tr\/tr\/#organization","name":"Esin Avukatl\u0131k Ortakl\u0131\u011f\u0131","url":"https:\/\/www.esin.av.tr\/tr\/","logo":{"@type":"ImageObject","inLanguage":"tr","@id":"https:\/\/www.esin.av.tr\/tr\/#\/schema\/logo\/image\/","url":"https:\/\/www.esin.av.tr\/wp-content\/uploads\/2021\/09\/esin-2.jpg","contentUrl":"https:\/\/www.esin.av.tr\/wp-content\/uploads\/2021\/09\/esin-2.jpg","width":800,"height":460,"caption":"Esin Avukatl\u0131k Ortakl\u0131\u011f\u0131"},"image":{"@id":"https:\/\/www.esin.av.tr\/tr\/#\/schema\/logo\/image\/"}},{"@type":"Person","@id":"https:\/\/www.esin.av.tr\/tr\/#\/schema\/person\/42c8e616aab56b8622fa365ad63282ae","name":"R\u0131dvan Konrat","image":{"@type":"ImageObject","inLanguage":"tr","@id":"https:\/\/www.esin.av.tr\/tr\/#\/schema\/person\/image\/","url":"https:\/\/secure.gravatar.com\/avatar\/b20c6c583be38ed4e76e32f69fccc676?s=96&d=mm&r=g","contentUrl":"https:\/\/secure.gravatar.com\/avatar\/b20c6c583be38ed4e76e32f69fccc676?s=96&d=mm&r=g","caption":"R\u0131dvan Konrat"},"sameAs":["http:\/\/www.esin.av.tr"],"url":"https:\/\/www.esin.av.tr\/tr\/author\/rkonrat\/"}]}},"_links":{"self":[{"href":"https:\/\/www.esin.av.tr\/tr\/wp-json\/wp\/v2\/posts\/19372","targetHints":{"allow":["GET"]}}],"collection":[{"href":"https:\/\/www.esin.av.tr\/tr\/wp-json\/wp\/v2\/posts"}],"about":[{"href":"https:\/\/www.esin.av.tr\/tr\/wp-json\/wp\/v2\/types\/post"}],"author":[{"embeddable":true,"href":"https:\/\/www.esin.av.tr\/tr\/wp-json\/wp\/v2\/users\/4"}],"replies":[{"embeddable":true,"href":"https:\/\/www.esin.av.tr\/tr\/wp-json\/wp\/v2\/comments?post=19372"}],"version-history":[{"count":1,"href":"https:\/\/www.esin.av.tr\/tr\/wp-json\/wp\/v2\/posts\/19372\/revisions"}],"predecessor-version":[{"id":19373,"href":"https:\/\/www.esin.av.tr\/tr\/wp-json\/wp\/v2\/posts\/19372\/revisions\/19373"}],"wp:attachment":[{"href":"https:\/\/www.esin.av.tr\/tr\/wp-json\/wp\/v2\/media?parent=19372"}],"wp:term":[{"taxonomy":"category","embeddable":true,"href":"https:\/\/www.esin.av.tr\/tr\/wp-json\/wp\/v2\/categories?post=19372"},{"taxonomy":"post_tag","embeddable":true,"href":"https:\/\/www.esin.av.tr\/tr\/wp-json\/wp\/v2\/tags?post=19372"}],"curies":[{"name":"wp","href":"https:\/\/api.w.org\/{rel}","templated":true}]}}