{"id":19359,"date":"2021-04-30T09:59:22","date_gmt":"2021-04-30T09:59:22","guid":{"rendered":"https:\/\/www.esin.av.tr\/?p=19359"},"modified":"2022-06-09T13:19:16","modified_gmt":"2022-06-09T13:19:16","slug":"titck-covid-19-salginina-yonelik-tam-kapanma-tedbiri-suresince-urun-tanitim-temsilcilerinin-faaliyetlerine-sinirlamalar-getirdi","status":"publish","type":"post","link":"https:\/\/www.esin.av.tr\/tr\/2021\/04\/30\/titck-covid-19-salginina-yonelik-tam-kapanma-tedbiri-suresince-urun-tanitim-temsilcilerinin-faaliyetlerine-sinirlamalar-getirdi\/","title":{"rendered":"T\u0130TCK COVID-19 Salg\u0131n\u0131na Y\u00f6nelik Tam Kapanma Tedbiri S\u00fcresince \u00dcr\u00fcn Tan\u0131t\u0131m Temsilcilerinin Faaliyetlerine S\u0131n\u0131rlamalar Getirdi"},"content":{"rendered":"<p><a href=\"https:\/\/podcast.esin.av.tr\/?lang=tr&amp;playing=PFC7107122521\" target=\"_blank\" rel=\"noopener\"><img decoding=\"async\" class=\"alignnone wp-image-18799\" src=\"https:\/\/www.esin.av.tr\/wp-content\/uploads\/2021\/02\/1.png\" alt=\"\" width=\"57\" height=\"57\" srcset=\"https:\/\/www.esin.av.tr\/wp-content\/uploads\/2021\/02\/1.png 186w, https:\/\/www.esin.av.tr\/wp-content\/uploads\/2021\/02\/1-150x150.png 150w\" sizes=\"(max-width: 57px) 100vw, 57px\" \/><\/a>\u00a0 \u00a0 <strong>Art\u0131k b\u00fcltenlerimizi sesli olarak da dinleyebilirsiniz!<\/strong><\/p>\n<p>&nbsp;<\/p>\n<p><strong>Yeni Geli\u015fmeler <\/strong><br \/>\nT\u00fcrkiye \u0130la\u00e7 ve T\u0131bbi Cihaz Kurumu (&#8220;<strong>Kurum<\/strong>&#8220;), 28 Nisan 2021 tarihinde yapt\u0131\u011f\u0131 duyuruda COVID-19\u00a0salg\u0131n\u0131n\u0131n \u00f6nlenmesi ile ilgili al\u0131nan tam kapanma tedbiri \u00e7er\u00e7evesinde \u00fcr\u00fcn tan\u0131t\u0131m temsilcilerinin eczanelere ve sa\u011fl\u0131k kurulu\u015flar\u0131na y\u00f6nelik ziyaretlerinin durduruldu\u011funu belirtti. Kurum&#8217;un duyurusuna <a href=\"https:\/\/urldefense.com\/v3\/__https:\/esinxchange.com\/collect\/click.aspx?u=alh2UXZCTTJacVE5Y09sQzMxei9UQmRzL0lFQ1hNdVM4OTJJN2pCbWJ6YUdjMnlucWo0M20xQ0xkWkI4ZEk5bm9rSzRSZFJHYVBOcXVpNkxzYVlteDhzVWtMb21QdVBOVk56d3d5a3EzYTY3c3hsQVpZYy9yenZvYUxWWGN5M3pXMEpkUUgzK2tiZjhMbHhuWnQxMHEyelBSY0ErQlBKT1A4bjVOb2pZV1VlRnE4LzdPMjNOM2R3bHNkQTNtMm56czNTVkp5VXIzWG1QdXpzalVianFwUT09&amp;rh=ff00788acc802e9e528a7945ca448fd43d564cea__;!!Hj9Y_P0nvg!EUTtxnAd_olIkNoO5XrTRRmz0maTYqiPl8-xoH608eMdoiuUEX--euYMWuOMXm-fYPk$\">buradan <\/a>ula\u015fabilirsiniz.<\/p>\n<p><strong>Ne De\u011fi\u015fecek? <\/strong><br \/>\nT\u00fcrkiye&#8217;de COVID-19 \u00f6nlemleri kapsam\u0131nda 29 Nisan saat 10:00&#8217;dan ba\u015flamak \u00fczere 17 May\u0131s saat 05:00&#8217;e kadar tam kapanma uygulanacakt\u0131r. \u0130la\u00e7, t\u0131bbi cihaz, t\u0131bbi maske ve dezenfektan \u00fcretimi, nakliyesi ve sat\u0131\u015f\u0131na ili\u015fkin faaliyet y\u00fcr\u00fcten taraflar s\u00f6z konusu kapanmadan muaf tutulacakt\u0131r. Ancak \u00fcr\u00fcn tan\u0131t\u0131m\u00a0temsilcilerinin eczaneler dahil olmak \u00fczere t\u00fcm sa\u011fl\u0131k kurum\/kurulu\u015flar\u0131nda hekimlere, di\u015f hekimlerine ve\u00a0eczac\u0131lara y\u00f6nelik ziyaret ger\u00e7ekle\u015ftirilerek \u00fcr\u00fcn tan\u0131t\u0131m\u0131 yapmalar\u0131na ili\u015fkin faaliyetleri bahsi ge\u00e7en muafiyete tabi de\u011fildir. Dolay\u0131s\u0131yla, bu s\u00fcre\u00e7te \u00fcr\u00fcn tan\u0131t\u0131m temsilcileri tan\u0131t\u0131m faaliyetlerinin elektronik ortamda (e-posta ve video konferans gibi) ger\u00e7ekle\u015ftirmelidir.<\/p>\n<p><strong>Sonu\u00e7<\/strong><br \/>\nKurum, COVID-19 salg\u0131n\u0131n\u0131n \u00f6nlenmesine ili\u015fkin \u00e7al\u0131\u015fmalar\u0131n\u0131 s\u00fcrd\u00fcr\u00fcyor. T\u00fcm \u00fcr\u00fcn tan\u0131t\u0131m temsilcileri,\u00a0tam kapanma s\u00fcrecinin sonuna kadar sa\u011fl\u0131k kurulu\u015flar\u0131na yapacaklar\u0131 ziyaretleri sonland\u0131rmal\u0131, Kurum&#8217;un bu\u00a0konudaki a\u00e7\u0131klamalar\u0131n\u0131 takip etmelidir.<\/p>\n","protected":false},"excerpt":{"rendered":"<p>\u00a0 \u00a0 Art\u0131k b\u00fcltenlerimizi sesli olarak da dinleyebilirsiniz! &nbsp; Yeni Geli\u015fmeler T\u00fcrkiye \u0130la\u00e7 ve T\u0131bbi Cihaz Kurumu (&#8220;Kurum&#8220;), 28 Nisan [&hellip;]<\/p>\n","protected":false},"author":4,"featured_media":0,"comment_status":"closed","ping_status":"closed","sticky":false,"template":"","format":"standard","meta":{"_acf_changed":false,"_stopmodifiedupdate":false,"_modified_date":"","footnotes":""},"categories":[120,149],"tags":[92],"class_list":["post-19359","post","type-post","status-publish","format-standard","hentry","category-legal-alerts","category-covid-19-tr","tag-healthcare-tr"],"acf":[],"yoast_head":"<!-- This site is optimized with the Yoast SEO plugin v24.0 - https:\/\/yoast.com\/wordpress\/plugins\/seo\/ -->\n<title>T\u0130TCK COVID-19 Salg\u0131n\u0131na Y\u00f6nelik Tam Kapanma Tedbiri S\u00fcresince \u00dcr\u00fcn Tan\u0131t\u0131m Temsilcilerinin Faaliyetlerine S\u0131n\u0131rlamalar Getirdi<\/title>\n<meta name=\"description\" content=\"\u00a0 \u00a0 Art\u0131k b\u00fcltenlerimizi sesli olarak da dinleyebilirsiniz! &nbsp; Yeni Geli\u015fmeler T\u00fcrkiye \u0130la\u00e7 ve T\u0131bbi Cihaz Kurumu (&quot;Kurum&quot;), 28 Nisan 2021 tarihinde\" \/>\n<meta name=\"robots\" content=\"index, follow, max-snippet:-1, max-image-preview:large, max-video-preview:-1\" \/>\n<link rel=\"canonical\" href=\"https:\/\/www.esin.av.tr\/tr\/2021\/04\/30\/titck-covid-19-salginina-yonelik-tam-kapanma-tedbiri-suresince-urun-tanitim-temsilcilerinin-faaliyetlerine-sinirlamalar-getirdi\/\" \/>\n<meta property=\"og:locale\" content=\"tr_TR\" \/>\n<meta property=\"og:type\" content=\"article\" \/>\n<meta property=\"og:title\" content=\"T\u0130TCK COVID-19 Salg\u0131n\u0131na Y\u00f6nelik Tam Kapanma Tedbiri S\u00fcresince \u00dcr\u00fcn Tan\u0131t\u0131m Temsilcilerinin Faaliyetlerine S\u0131n\u0131rlamalar Getirdi\" \/>\n<meta property=\"og:description\" content=\"\u00a0 \u00a0 Art\u0131k b\u00fcltenlerimizi sesli olarak da dinleyebilirsiniz! &nbsp; Yeni Geli\u015fmeler T\u00fcrkiye \u0130la\u00e7 ve T\u0131bbi Cihaz Kurumu (&quot;Kurum&quot;), 28 Nisan 2021 tarihinde\" \/>\n<meta property=\"og:url\" content=\"https:\/\/www.esin.av.tr\/tr\/2021\/04\/30\/titck-covid-19-salginina-yonelik-tam-kapanma-tedbiri-suresince-urun-tanitim-temsilcilerinin-faaliyetlerine-sinirlamalar-getirdi\/\" \/>\n<meta property=\"og:site_name\" content=\"Esin Avukatl\u0131k Ortakl\u0131\u011f\u0131\" \/>\n<meta property=\"article:published_time\" content=\"2021-04-30T09:59:22+00:00\" \/>\n<meta property=\"article:modified_time\" content=\"2022-06-09T13:19:16+00:00\" \/>\n<meta property=\"og:image\" content=\"https:\/\/www.esin.av.tr\/wp-content\/uploads\/2021\/02\/1.png\" \/>\n<meta name=\"author\" content=\"R\u0131dvan Konrat\" \/>\n<meta name=\"twitter:card\" content=\"summary_large_image\" \/>\n<meta name=\"twitter:label1\" content=\"Written by\" \/>\n\t<meta name=\"twitter:data1\" content=\"R\u0131dvan Konrat\" \/>\n\t<meta name=\"twitter:label2\" content=\"Est. reading time\" \/>\n\t<meta name=\"twitter:data2\" content=\"1 minute\" \/>\n<script type=\"application\/ld+json\" class=\"yoast-schema-graph\">{\"@context\":\"https:\/\/schema.org\",\"@graph\":[{\"@type\":\"Article\",\"@id\":\"https:\/\/www.esin.av.tr\/tr\/2021\/04\/30\/titck-covid-19-salginina-yonelik-tam-kapanma-tedbiri-suresince-urun-tanitim-temsilcilerinin-faaliyetlerine-sinirlamalar-getirdi\/#article\",\"isPartOf\":{\"@id\":\"https:\/\/www.esin.av.tr\/tr\/2021\/04\/30\/titck-covid-19-salginina-yonelik-tam-kapanma-tedbiri-suresince-urun-tanitim-temsilcilerinin-faaliyetlerine-sinirlamalar-getirdi\/\"},\"author\":{\"name\":\"R\u0131dvan Konrat\",\"@id\":\"https:\/\/www.esin.av.tr\/tr\/#\/schema\/person\/42c8e616aab56b8622fa365ad63282ae\"},\"headline\":\"T\u0130TCK COVID-19 Salg\u0131n\u0131na Y\u00f6nelik Tam Kapanma Tedbiri S\u00fcresince \u00dcr\u00fcn Tan\u0131t\u0131m Temsilcilerinin Faaliyetlerine S\u0131n\u0131rlamalar Getirdi\",\"datePublished\":\"2021-04-30T09:59:22+00:00\",\"dateModified\":\"2022-06-09T13:19:16+00:00\",\"mainEntityOfPage\":{\"@id\":\"https:\/\/www.esin.av.tr\/tr\/2021\/04\/30\/titck-covid-19-salginina-yonelik-tam-kapanma-tedbiri-suresince-urun-tanitim-temsilcilerinin-faaliyetlerine-sinirlamalar-getirdi\/\"},\"wordCount\":270,\"publisher\":{\"@id\":\"https:\/\/www.esin.av.tr\/tr\/#organization\"},\"image\":{\"@id\":\"https:\/\/www.esin.av.tr\/tr\/2021\/04\/30\/titck-covid-19-salginina-yonelik-tam-kapanma-tedbiri-suresince-urun-tanitim-temsilcilerinin-faaliyetlerine-sinirlamalar-getirdi\/#primaryimage\"},\"thumbnailUrl\":\"https:\/\/www.esin.av.tr\/wp-content\/uploads\/2021\/02\/1.png\",\"keywords\":[\"Sa\u011fl\u0131k Hukuku\"],\"articleSection\":[\"Hukuk B\u00fcltenleri\",\"Covid-19\"],\"inLanguage\":\"tr\"},{\"@type\":\"WebPage\",\"@id\":\"https:\/\/www.esin.av.tr\/tr\/2021\/04\/30\/titck-covid-19-salginina-yonelik-tam-kapanma-tedbiri-suresince-urun-tanitim-temsilcilerinin-faaliyetlerine-sinirlamalar-getirdi\/\",\"url\":\"https:\/\/www.esin.av.tr\/tr\/2021\/04\/30\/titck-covid-19-salginina-yonelik-tam-kapanma-tedbiri-suresince-urun-tanitim-temsilcilerinin-faaliyetlerine-sinirlamalar-getirdi\/\",\"name\":\"T\u0130TCK COVID-19 Salg\u0131n\u0131na Y\u00f6nelik Tam Kapanma Tedbiri S\u00fcresince \u00dcr\u00fcn Tan\u0131t\u0131m Temsilcilerinin Faaliyetlerine S\u0131n\u0131rlamalar Getirdi\",\"isPartOf\":{\"@id\":\"https:\/\/www.esin.av.tr\/tr\/#website\"},\"primaryImageOfPage\":{\"@id\":\"https:\/\/www.esin.av.tr\/tr\/2021\/04\/30\/titck-covid-19-salginina-yonelik-tam-kapanma-tedbiri-suresince-urun-tanitim-temsilcilerinin-faaliyetlerine-sinirlamalar-getirdi\/#primaryimage\"},\"image\":{\"@id\":\"https:\/\/www.esin.av.tr\/tr\/2021\/04\/30\/titck-covid-19-salginina-yonelik-tam-kapanma-tedbiri-suresince-urun-tanitim-temsilcilerinin-faaliyetlerine-sinirlamalar-getirdi\/#primaryimage\"},\"thumbnailUrl\":\"https:\/\/www.esin.av.tr\/wp-content\/uploads\/2021\/02\/1.png\",\"datePublished\":\"2021-04-30T09:59:22+00:00\",\"dateModified\":\"2022-06-09T13:19:16+00:00\",\"description\":\"\u00a0 \u00a0 Art\u0131k b\u00fcltenlerimizi sesli olarak da dinleyebilirsiniz! &nbsp; Yeni Geli\u015fmeler T\u00fcrkiye \u0130la\u00e7 ve T\u0131bbi Cihaz Kurumu (\\\"Kurum\\\"), 28 Nisan 2021 tarihinde\",\"breadcrumb\":{\"@id\":\"https:\/\/www.esin.av.tr\/tr\/2021\/04\/30\/titck-covid-19-salginina-yonelik-tam-kapanma-tedbiri-suresince-urun-tanitim-temsilcilerinin-faaliyetlerine-sinirlamalar-getirdi\/#breadcrumb\"},\"inLanguage\":\"tr\",\"potentialAction\":[{\"@type\":\"ReadAction\",\"target\":[\"https:\/\/www.esin.av.tr\/tr\/2021\/04\/30\/titck-covid-19-salginina-yonelik-tam-kapanma-tedbiri-suresince-urun-tanitim-temsilcilerinin-faaliyetlerine-sinirlamalar-getirdi\/\"]}]},{\"@type\":\"ImageObject\",\"inLanguage\":\"tr\",\"@id\":\"https:\/\/www.esin.av.tr\/tr\/2021\/04\/30\/titck-covid-19-salginina-yonelik-tam-kapanma-tedbiri-suresince-urun-tanitim-temsilcilerinin-faaliyetlerine-sinirlamalar-getirdi\/#primaryimage\",\"url\":\"https:\/\/www.esin.av.tr\/wp-content\/uploads\/2021\/02\/1.png\",\"contentUrl\":\"https:\/\/www.esin.av.tr\/wp-content\/uploads\/2021\/02\/1.png\"},{\"@type\":\"BreadcrumbList\",\"@id\":\"https:\/\/www.esin.av.tr\/tr\/2021\/04\/30\/titck-covid-19-salginina-yonelik-tam-kapanma-tedbiri-suresince-urun-tanitim-temsilcilerinin-faaliyetlerine-sinirlamalar-getirdi\/#breadcrumb\",\"itemListElement\":[{\"@type\":\"ListItem\",\"position\":1,\"name\":\"Home\",\"item\":\"https:\/\/www.esin.av.tr\/tr\/\"},{\"@type\":\"ListItem\",\"position\":2,\"name\":\"T\u0130TCK COVID-19 Salg\u0131n\u0131na Y\u00f6nelik Tam Kapanma Tedbiri S\u00fcresince \u00dcr\u00fcn Tan\u0131t\u0131m Temsilcilerinin Faaliyetlerine S\u0131n\u0131rlamalar Getirdi\"}]},{\"@type\":\"WebSite\",\"@id\":\"https:\/\/www.esin.av.tr\/tr\/#website\",\"url\":\"https:\/\/www.esin.av.tr\/tr\/\",\"name\":\"Esin Avukatl\u0131k Ortakl\u0131\u011f\u0131\",\"description\":\"\",\"publisher\":{\"@id\":\"https:\/\/www.esin.av.tr\/tr\/#organization\"},\"potentialAction\":[{\"@type\":\"SearchAction\",\"target\":{\"@type\":\"EntryPoint\",\"urlTemplate\":\"https:\/\/www.esin.av.tr\/tr\/?s={search_term_string}\"},\"query-input\":{\"@type\":\"PropertyValueSpecification\",\"valueRequired\":true,\"valueName\":\"search_term_string\"}}],\"inLanguage\":\"tr\"},{\"@type\":\"Organization\",\"@id\":\"https:\/\/www.esin.av.tr\/tr\/#organization\",\"name\":\"Esin Avukatl\u0131k Ortakl\u0131\u011f\u0131\",\"url\":\"https:\/\/www.esin.av.tr\/tr\/\",\"logo\":{\"@type\":\"ImageObject\",\"inLanguage\":\"tr\",\"@id\":\"https:\/\/www.esin.av.tr\/tr\/#\/schema\/logo\/image\/\",\"url\":\"https:\/\/www.esin.av.tr\/wp-content\/uploads\/2021\/09\/esin-2.jpg\",\"contentUrl\":\"https:\/\/www.esin.av.tr\/wp-content\/uploads\/2021\/09\/esin-2.jpg\",\"width\":800,\"height\":460,\"caption\":\"Esin Avukatl\u0131k Ortakl\u0131\u011f\u0131\"},\"image\":{\"@id\":\"https:\/\/www.esin.av.tr\/tr\/#\/schema\/logo\/image\/\"}},{\"@type\":\"Person\",\"@id\":\"https:\/\/www.esin.av.tr\/tr\/#\/schema\/person\/42c8e616aab56b8622fa365ad63282ae\",\"name\":\"R\u0131dvan Konrat\",\"image\":{\"@type\":\"ImageObject\",\"inLanguage\":\"tr\",\"@id\":\"https:\/\/www.esin.av.tr\/tr\/#\/schema\/person\/image\/\",\"url\":\"https:\/\/secure.gravatar.com\/avatar\/b20c6c583be38ed4e76e32f69fccc676?s=96&d=mm&r=g\",\"contentUrl\":\"https:\/\/secure.gravatar.com\/avatar\/b20c6c583be38ed4e76e32f69fccc676?s=96&d=mm&r=g\",\"caption\":\"R\u0131dvan Konrat\"},\"sameAs\":[\"http:\/\/www.esin.av.tr\"],\"url\":\"https:\/\/www.esin.av.tr\/tr\/author\/rkonrat\/\"}]}<\/script>\n<!-- \/ Yoast SEO plugin. -->","yoast_head_json":{"title":"T\u0130TCK COVID-19 Salg\u0131n\u0131na Y\u00f6nelik Tam Kapanma Tedbiri S\u00fcresince \u00dcr\u00fcn Tan\u0131t\u0131m Temsilcilerinin Faaliyetlerine S\u0131n\u0131rlamalar Getirdi","description":"\u00a0 \u00a0 Art\u0131k b\u00fcltenlerimizi sesli olarak da dinleyebilirsiniz! &nbsp; Yeni Geli\u015fmeler T\u00fcrkiye \u0130la\u00e7 ve T\u0131bbi Cihaz Kurumu (\"Kurum\"), 28 Nisan 2021 tarihinde","robots":{"index":"index","follow":"follow","max-snippet":"max-snippet:-1","max-image-preview":"max-image-preview:large","max-video-preview":"max-video-preview:-1"},"canonical":"https:\/\/www.esin.av.tr\/tr\/2021\/04\/30\/titck-covid-19-salginina-yonelik-tam-kapanma-tedbiri-suresince-urun-tanitim-temsilcilerinin-faaliyetlerine-sinirlamalar-getirdi\/","og_locale":"tr_TR","og_type":"article","og_title":"T\u0130TCK COVID-19 Salg\u0131n\u0131na Y\u00f6nelik Tam Kapanma Tedbiri S\u00fcresince \u00dcr\u00fcn Tan\u0131t\u0131m Temsilcilerinin Faaliyetlerine S\u0131n\u0131rlamalar Getirdi","og_description":"\u00a0 \u00a0 Art\u0131k b\u00fcltenlerimizi sesli olarak da dinleyebilirsiniz! &nbsp; Yeni Geli\u015fmeler T\u00fcrkiye \u0130la\u00e7 ve T\u0131bbi Cihaz Kurumu (\"Kurum\"), 28 Nisan 2021 tarihinde","og_url":"https:\/\/www.esin.av.tr\/tr\/2021\/04\/30\/titck-covid-19-salginina-yonelik-tam-kapanma-tedbiri-suresince-urun-tanitim-temsilcilerinin-faaliyetlerine-sinirlamalar-getirdi\/","og_site_name":"Esin Avukatl\u0131k Ortakl\u0131\u011f\u0131","article_published_time":"2021-04-30T09:59:22+00:00","article_modified_time":"2022-06-09T13:19:16+00:00","og_image":[{"url":"https:\/\/www.esin.av.tr\/wp-content\/uploads\/2021\/02\/1.png","type":"","width":"","height":""}],"author":"R\u0131dvan Konrat","twitter_card":"summary_large_image","twitter_misc":{"Written by":"R\u0131dvan Konrat","Est. reading time":"1 minute"},"schema":{"@context":"https:\/\/schema.org","@graph":[{"@type":"Article","@id":"https:\/\/www.esin.av.tr\/tr\/2021\/04\/30\/titck-covid-19-salginina-yonelik-tam-kapanma-tedbiri-suresince-urun-tanitim-temsilcilerinin-faaliyetlerine-sinirlamalar-getirdi\/#article","isPartOf":{"@id":"https:\/\/www.esin.av.tr\/tr\/2021\/04\/30\/titck-covid-19-salginina-yonelik-tam-kapanma-tedbiri-suresince-urun-tanitim-temsilcilerinin-faaliyetlerine-sinirlamalar-getirdi\/"},"author":{"name":"R\u0131dvan Konrat","@id":"https:\/\/www.esin.av.tr\/tr\/#\/schema\/person\/42c8e616aab56b8622fa365ad63282ae"},"headline":"T\u0130TCK COVID-19 Salg\u0131n\u0131na Y\u00f6nelik Tam Kapanma Tedbiri S\u00fcresince \u00dcr\u00fcn Tan\u0131t\u0131m Temsilcilerinin Faaliyetlerine S\u0131n\u0131rlamalar Getirdi","datePublished":"2021-04-30T09:59:22+00:00","dateModified":"2022-06-09T13:19:16+00:00","mainEntityOfPage":{"@id":"https:\/\/www.esin.av.tr\/tr\/2021\/04\/30\/titck-covid-19-salginina-yonelik-tam-kapanma-tedbiri-suresince-urun-tanitim-temsilcilerinin-faaliyetlerine-sinirlamalar-getirdi\/"},"wordCount":270,"publisher":{"@id":"https:\/\/www.esin.av.tr\/tr\/#organization"},"image":{"@id":"https:\/\/www.esin.av.tr\/tr\/2021\/04\/30\/titck-covid-19-salginina-yonelik-tam-kapanma-tedbiri-suresince-urun-tanitim-temsilcilerinin-faaliyetlerine-sinirlamalar-getirdi\/#primaryimage"},"thumbnailUrl":"https:\/\/www.esin.av.tr\/wp-content\/uploads\/2021\/02\/1.png","keywords":["Sa\u011fl\u0131k Hukuku"],"articleSection":["Hukuk B\u00fcltenleri","Covid-19"],"inLanguage":"tr"},{"@type":"WebPage","@id":"https:\/\/www.esin.av.tr\/tr\/2021\/04\/30\/titck-covid-19-salginina-yonelik-tam-kapanma-tedbiri-suresince-urun-tanitim-temsilcilerinin-faaliyetlerine-sinirlamalar-getirdi\/","url":"https:\/\/www.esin.av.tr\/tr\/2021\/04\/30\/titck-covid-19-salginina-yonelik-tam-kapanma-tedbiri-suresince-urun-tanitim-temsilcilerinin-faaliyetlerine-sinirlamalar-getirdi\/","name":"T\u0130TCK COVID-19 Salg\u0131n\u0131na Y\u00f6nelik Tam Kapanma Tedbiri S\u00fcresince \u00dcr\u00fcn Tan\u0131t\u0131m Temsilcilerinin Faaliyetlerine S\u0131n\u0131rlamalar Getirdi","isPartOf":{"@id":"https:\/\/www.esin.av.tr\/tr\/#website"},"primaryImageOfPage":{"@id":"https:\/\/www.esin.av.tr\/tr\/2021\/04\/30\/titck-covid-19-salginina-yonelik-tam-kapanma-tedbiri-suresince-urun-tanitim-temsilcilerinin-faaliyetlerine-sinirlamalar-getirdi\/#primaryimage"},"image":{"@id":"https:\/\/www.esin.av.tr\/tr\/2021\/04\/30\/titck-covid-19-salginina-yonelik-tam-kapanma-tedbiri-suresince-urun-tanitim-temsilcilerinin-faaliyetlerine-sinirlamalar-getirdi\/#primaryimage"},"thumbnailUrl":"https:\/\/www.esin.av.tr\/wp-content\/uploads\/2021\/02\/1.png","datePublished":"2021-04-30T09:59:22+00:00","dateModified":"2022-06-09T13:19:16+00:00","description":"\u00a0 \u00a0 Art\u0131k b\u00fcltenlerimizi sesli olarak da dinleyebilirsiniz! &nbsp; Yeni Geli\u015fmeler T\u00fcrkiye \u0130la\u00e7 ve T\u0131bbi Cihaz Kurumu (\"Kurum\"), 28 Nisan 2021 tarihinde","breadcrumb":{"@id":"https:\/\/www.esin.av.tr\/tr\/2021\/04\/30\/titck-covid-19-salginina-yonelik-tam-kapanma-tedbiri-suresince-urun-tanitim-temsilcilerinin-faaliyetlerine-sinirlamalar-getirdi\/#breadcrumb"},"inLanguage":"tr","potentialAction":[{"@type":"ReadAction","target":["https:\/\/www.esin.av.tr\/tr\/2021\/04\/30\/titck-covid-19-salginina-yonelik-tam-kapanma-tedbiri-suresince-urun-tanitim-temsilcilerinin-faaliyetlerine-sinirlamalar-getirdi\/"]}]},{"@type":"ImageObject","inLanguage":"tr","@id":"https:\/\/www.esin.av.tr\/tr\/2021\/04\/30\/titck-covid-19-salginina-yonelik-tam-kapanma-tedbiri-suresince-urun-tanitim-temsilcilerinin-faaliyetlerine-sinirlamalar-getirdi\/#primaryimage","url":"https:\/\/www.esin.av.tr\/wp-content\/uploads\/2021\/02\/1.png","contentUrl":"https:\/\/www.esin.av.tr\/wp-content\/uploads\/2021\/02\/1.png"},{"@type":"BreadcrumbList","@id":"https:\/\/www.esin.av.tr\/tr\/2021\/04\/30\/titck-covid-19-salginina-yonelik-tam-kapanma-tedbiri-suresince-urun-tanitim-temsilcilerinin-faaliyetlerine-sinirlamalar-getirdi\/#breadcrumb","itemListElement":[{"@type":"ListItem","position":1,"name":"Home","item":"https:\/\/www.esin.av.tr\/tr\/"},{"@type":"ListItem","position":2,"name":"T\u0130TCK COVID-19 Salg\u0131n\u0131na Y\u00f6nelik Tam Kapanma Tedbiri S\u00fcresince \u00dcr\u00fcn Tan\u0131t\u0131m Temsilcilerinin Faaliyetlerine S\u0131n\u0131rlamalar Getirdi"}]},{"@type":"WebSite","@id":"https:\/\/www.esin.av.tr\/tr\/#website","url":"https:\/\/www.esin.av.tr\/tr\/","name":"Esin Avukatl\u0131k Ortakl\u0131\u011f\u0131","description":"","publisher":{"@id":"https:\/\/www.esin.av.tr\/tr\/#organization"},"potentialAction":[{"@type":"SearchAction","target":{"@type":"EntryPoint","urlTemplate":"https:\/\/www.esin.av.tr\/tr\/?s={search_term_string}"},"query-input":{"@type":"PropertyValueSpecification","valueRequired":true,"valueName":"search_term_string"}}],"inLanguage":"tr"},{"@type":"Organization","@id":"https:\/\/www.esin.av.tr\/tr\/#organization","name":"Esin Avukatl\u0131k Ortakl\u0131\u011f\u0131","url":"https:\/\/www.esin.av.tr\/tr\/","logo":{"@type":"ImageObject","inLanguage":"tr","@id":"https:\/\/www.esin.av.tr\/tr\/#\/schema\/logo\/image\/","url":"https:\/\/www.esin.av.tr\/wp-content\/uploads\/2021\/09\/esin-2.jpg","contentUrl":"https:\/\/www.esin.av.tr\/wp-content\/uploads\/2021\/09\/esin-2.jpg","width":800,"height":460,"caption":"Esin Avukatl\u0131k Ortakl\u0131\u011f\u0131"},"image":{"@id":"https:\/\/www.esin.av.tr\/tr\/#\/schema\/logo\/image\/"}},{"@type":"Person","@id":"https:\/\/www.esin.av.tr\/tr\/#\/schema\/person\/42c8e616aab56b8622fa365ad63282ae","name":"R\u0131dvan Konrat","image":{"@type":"ImageObject","inLanguage":"tr","@id":"https:\/\/www.esin.av.tr\/tr\/#\/schema\/person\/image\/","url":"https:\/\/secure.gravatar.com\/avatar\/b20c6c583be38ed4e76e32f69fccc676?s=96&d=mm&r=g","contentUrl":"https:\/\/secure.gravatar.com\/avatar\/b20c6c583be38ed4e76e32f69fccc676?s=96&d=mm&r=g","caption":"R\u0131dvan Konrat"},"sameAs":["http:\/\/www.esin.av.tr"],"url":"https:\/\/www.esin.av.tr\/tr\/author\/rkonrat\/"}]}},"_links":{"self":[{"href":"https:\/\/www.esin.av.tr\/tr\/wp-json\/wp\/v2\/posts\/19359","targetHints":{"allow":["GET"]}}],"collection":[{"href":"https:\/\/www.esin.av.tr\/tr\/wp-json\/wp\/v2\/posts"}],"about":[{"href":"https:\/\/www.esin.av.tr\/tr\/wp-json\/wp\/v2\/types\/post"}],"author":[{"embeddable":true,"href":"https:\/\/www.esin.av.tr\/tr\/wp-json\/wp\/v2\/users\/4"}],"replies":[{"embeddable":true,"href":"https:\/\/www.esin.av.tr\/tr\/wp-json\/wp\/v2\/comments?post=19359"}],"version-history":[{"count":1,"href":"https:\/\/www.esin.av.tr\/tr\/wp-json\/wp\/v2\/posts\/19359\/revisions"}],"predecessor-version":[{"id":19360,"href":"https:\/\/www.esin.av.tr\/tr\/wp-json\/wp\/v2\/posts\/19359\/revisions\/19360"}],"wp:attachment":[{"href":"https:\/\/www.esin.av.tr\/tr\/wp-json\/wp\/v2\/media?parent=19359"}],"wp:term":[{"taxonomy":"category","embeddable":true,"href":"https:\/\/www.esin.av.tr\/tr\/wp-json\/wp\/v2\/categories?post=19359"},{"taxonomy":"post_tag","embeddable":true,"href":"https:\/\/www.esin.av.tr\/tr\/wp-json\/wp\/v2\/tags?post=19359"}],"curies":[{"name":"wp","href":"https:\/\/api.w.org\/{rel}","templated":true}]}}