{"id":19075,"date":"2021-03-19T06:19:12","date_gmt":"2021-03-19T06:19:12","guid":{"rendered":"https:\/\/www.esin.av.tr\/?p=19075"},"modified":"2022-06-09T13:20:19","modified_gmt":"2022-06-09T13:20:19","slug":"sermaye-hareketleri-genelgesinde-degisiklikler","status":"publish","type":"post","link":"https:\/\/www.esin.av.tr\/tr\/2021\/03\/19\/sermaye-hareketleri-genelgesinde-degisiklikler\/","title":{"rendered":"Sermaye Hareketleri Genelgesi&#8217;nde De\u011fi\u015fiklikler"},"content":{"rendered":"<p><strong>Yeni Geli\u015fme<\/strong><\/p>\n<p>T\u00fcrkiye Cumhuriyet Merkez Bankas\u0131, Sermaye Hareketleri Genelgesi\u2019nde 16 Mart 2021 tarihinde yeni de\u011fi\u015fiklikler yapt\u0131.<\/p>\n<p><strong>De\u011fi\u015fiklik Neler Getiriyor?<\/strong><\/p>\n<p><em><strong>Para Transferlerinde T\u00fcrk Hesap Bankalar\u0131n\u0131n Kontrol\u00fc<\/strong><\/em><\/p>\n<p>De\u011fi\u015fiklik \u00f6ncesinde, 4 May\u0131s 2018 tarihli <strong><u><a href=\"https:\/\/urldefense.com\/v3\/__https:\/esinxchange.com\/collect\/click.aspx?u=eXJxTzJ6N0RxSEwxUm9TblJIczdQbXkrQ01hOFFtSzhIT2dYaURIaXg5NTRtZW1Hd3V6TG1Ock40N2NhbTZ0UkVzUXczUWFCQUdSd0ZnYnRmTWhJTFA1a3FmME9va2xPNUZFaVdLRU1mWERObzVLQWhFaDdwUFJwMUFaQllmQVZYQ0lManAvRFliQzViNVM0OUJTY3ZnPT0=&amp;rh=ff0075aa46c39d894fee63ab714cbb80cacbfc12__;!!Hj9Y_P0nvg!EebyYLnkD2yeJfBhul0oBAKq1CxV0ZIgmQommOQseH8dAlEcDKBZdZEaD_in0gxYNFrLwQ$\">Hukuk B\u00fcltenimizde<\/a><\/u><\/strong> a\u00e7\u0131kland\u0131\u011f\u0131 \u00fczere, bankalar, T\u00fcrkiye\u2019de yerle\u015fik m\u00fc\u015fterilerine ait d\u00f6viz hesaplar\u0131na yurt d\u0131\u015f\u0131ndan g\u00f6nderilen d\u00f6viz bedellerine ili\u015fkin SWIFT mesajlar\u0131n\u0131n i\u00e7eri\u011fini, g\u00f6nderilen bedelin kredi kullan\u0131m\u0131 olup olmad\u0131\u011f\u0131n\u0131 tespit etmek amac\u0131yla kontrol etmekle y\u00fck\u00fcml\u00fc hale gelmi\u015ftir. Son de\u011fi\u015fiklik T\u00fcrk bankalar\u0131n\u0131n SWIFT mesaj\u0131 kontrol y\u00fck\u00fcml\u00fcl\u00fc\u011f\u00fcn\u00fc geni\u015fleterek, yurt d\u0131\u015f\u0131ndan gelen T\u00fcrk Liras\u0131 transferleri i\u00e7in de bu y\u00fck\u00fcml\u00fcl\u00fc\u011f\u00fc \u00f6ng\u00f6rd\u00fc.<\/p>\n<p>Ayr\u0131ca, yine 19 \u015eubat 2019 tarihli <strong><u><a href=\"https:\/\/urldefense.com\/v3\/__https:\/esinxchange.com\/collect\/click.aspx?u=eXJxTzJ6N0RxSEwxUm9TblJIczdQbXkrQ01hOFFtSzhIT2dYaURIaXg5NTRtZW1Hd3V6TG1Ock40N2NhbTZ0UkVzUXczUWFCQUdSMnMrdjlabnBkZnlzSU5pNDR4bldZUVBDMUV4SUNIM1RseDR5VllpNDNUSmJQZll2Uld6bk5VcGd2T1FKMDFrWT0=&amp;rh=ff0075aa46c39d894fee63ab714cbb80cacbfc12__;!!Hj9Y_P0nvg!EebyYLnkD2yeJfBhul0oBAKq1CxV0ZIgmQommOQseH8dAlEcDKBZdZEaD_in0gy0LJpq5Q$\">Hukuk B\u00fcltenimizde<\/a><\/u><\/strong> a\u00e7\u0131kland\u0131\u011f\u0131 \u00fczere, yurt d\u0131\u015f\u0131ndan firma hesab\u0131na transfer edilen 50.000 ABD dolar\u0131 veya \u00fczerindeki transfer sebebi belirlenemeyen d\u00f6viz tutarlar\u0131n\u0131n kredi olup olmad\u0131\u011f\u0131n\u0131n tespiti amac\u0131yla bankalar\u0131n, ilgili firmadan ald\u0131klar\u0131 yaz\u0131l\u0131 beyan ve bu beyan\u0131 tevsik edici bilgi ve belgeleri almalar\u0131 gerekmektedir. De\u011fi\u015fiklik bahsi ge\u00e7en bu yaz\u0131l\u0131 beyan ve tevsik edici bilgi ve belge y\u00fck\u00fcml\u00fcl\u00fc\u011f\u00fcn\u00fc, 250.000 T\u00fcrk Liras\u0131 veya \u00fczerindeki transfer sebebi belirlenemeyen TL tutarlar i\u00e7in de zorunlu k\u0131ld\u0131.<\/p>\n<p><em><strong>Yurda Getirme Y\u00fck\u00fcml\u00fcl\u00fc\u011f\u00fcne Ek \u0130stisna<\/strong><\/em><\/p>\n<p>De\u011fi\u015fiklik, yurt d\u0131\u015f\u0131ndan yurda getirilmeden kullan\u0131lacak kredilere yeni bir istisna getirdi. Buna g\u00f6re, T\u00fcrkiye\u2019de yerle\u015fik ki\u015filerce yurt d\u0131\u015f\u0131nda yerle\u015fik ki\u015filerden temin edilen kredilerin refinansman\u0131 amac\u0131yla ayn\u0131 ki\u015filerce yurt d\u0131\u015f\u0131ndan temin edilen kredilerin do\u011frudan bu kredilerin geri \u00f6demesinde kullan\u0131lmas\u0131 m\u00fcmk\u00fcn olacak ve bu durumda kredinin yurda getirilmesi aranmayacak. Ancak, kullan\u0131lan refinansman kredisinin kredi geri \u00f6demesinde kullan\u0131lmayan k\u0131sm\u0131n\u0131n T\u00fcrk bankalar arac\u0131l\u0131\u011f\u0131yla yurda getirilerek kullan\u0131lmas\u0131 zorunlu olmaya devam edecek. Ayr\u0131ca, T\u00fcrkiye&#8217;de yerle\u015fik ki\u015filerin s\u00f6z konusu kredi bedelinin yurda getirilmeyen k\u0131sm\u0131 i\u00e7in bedelin yurt d\u0131\u015f\u0131ndaki kredinin refinansman\u0131nda kullan\u0131ld\u0131\u011f\u0131n\u0131 belirten bir yaz\u0131l\u0131 beyan vermesi gerekecek.<\/p>\n","protected":false},"excerpt":{"rendered":"<p>Yeni Geli\u015fme T\u00fcrkiye Cumhuriyet Merkez Bankas\u0131, Sermaye Hareketleri Genelgesi\u2019nde 16 Mart 2021 tarihinde yeni de\u011fi\u015fiklikler yapt\u0131. De\u011fi\u015fiklik Neler Getiriyor? Para [&hellip;]<\/p>\n","protected":false},"author":4,"featured_media":0,"comment_status":"closed","ping_status":"closed","sticky":false,"template":"","format":"standard","meta":{"_acf_changed":false,"_stopmodifiedupdate":false,"_modified_date":"","footnotes":""},"categories":[120],"tags":[90],"class_list":["post-19075","post","type-post","status-publish","format-standard","hentry","category-legal-alerts","tag-banking-finance-tr"],"acf":[],"yoast_head":"<!-- This site is optimized with the Yoast SEO plugin v24.0 - https:\/\/yoast.com\/wordpress\/plugins\/seo\/ -->\n<title>Sermaye Hareketleri Genelgesi&#039;nde De\u011fi\u015fiklikler<\/title>\n<meta name=\"description\" content=\"Yeni Geli\u015fme T\u00fcrkiye Cumhuriyet Merkez Bankas\u0131, Sermaye Hareketleri Genelgesi\u2019nde 16 Mart 2021 tarihinde yeni de\u011fi\u015fiklikler yapt\u0131. De\u011fi\u015fiklik Neler\" \/>\n<meta name=\"robots\" content=\"index, follow, max-snippet:-1, max-image-preview:large, max-video-preview:-1\" \/>\n<link rel=\"canonical\" href=\"https:\/\/www.esin.av.tr\/tr\/2021\/03\/19\/sermaye-hareketleri-genelgesinde-degisiklikler\/\" \/>\n<meta property=\"og:locale\" content=\"tr_TR\" \/>\n<meta property=\"og:type\" content=\"article\" \/>\n<meta property=\"og:title\" content=\"Sermaye Hareketleri Genelgesi&#039;nde De\u011fi\u015fiklikler\" \/>\n<meta property=\"og:description\" content=\"Yeni Geli\u015fme T\u00fcrkiye Cumhuriyet Merkez Bankas\u0131, Sermaye Hareketleri Genelgesi\u2019nde 16 Mart 2021 tarihinde yeni de\u011fi\u015fiklikler yapt\u0131. De\u011fi\u015fiklik Neler\" \/>\n<meta property=\"og:url\" content=\"https:\/\/www.esin.av.tr\/tr\/2021\/03\/19\/sermaye-hareketleri-genelgesinde-degisiklikler\/\" \/>\n<meta property=\"og:site_name\" content=\"Esin Avukatl\u0131k Ortakl\u0131\u011f\u0131\" \/>\n<meta property=\"article:published_time\" content=\"2021-03-19T06:19:12+00:00\" \/>\n<meta property=\"article:modified_time\" content=\"2022-06-09T13:20:19+00:00\" \/>\n<meta name=\"author\" content=\"R\u0131dvan Konrat\" \/>\n<meta name=\"twitter:card\" content=\"summary_large_image\" \/>\n<meta name=\"twitter:label1\" content=\"Written by\" \/>\n\t<meta name=\"twitter:data1\" content=\"R\u0131dvan Konrat\" \/>\n\t<meta name=\"twitter:label2\" content=\"Est. reading time\" \/>\n\t<meta name=\"twitter:data2\" content=\"2 minutes\" \/>\n<script type=\"application\/ld+json\" class=\"yoast-schema-graph\">{\"@context\":\"https:\/\/schema.org\",\"@graph\":[{\"@type\":\"Article\",\"@id\":\"https:\/\/www.esin.av.tr\/tr\/2021\/03\/19\/sermaye-hareketleri-genelgesinde-degisiklikler\/#article\",\"isPartOf\":{\"@id\":\"https:\/\/www.esin.av.tr\/tr\/2021\/03\/19\/sermaye-hareketleri-genelgesinde-degisiklikler\/\"},\"author\":{\"name\":\"R\u0131dvan Konrat\",\"@id\":\"https:\/\/www.esin.av.tr\/tr\/#\/schema\/person\/42c8e616aab56b8622fa365ad63282ae\"},\"headline\":\"Sermaye Hareketleri Genelgesi&#8217;nde De\u011fi\u015fiklikler\",\"datePublished\":\"2021-03-19T06:19:12+00:00\",\"dateModified\":\"2022-06-09T13:20:19+00:00\",\"mainEntityOfPage\":{\"@id\":\"https:\/\/www.esin.av.tr\/tr\/2021\/03\/19\/sermaye-hareketleri-genelgesinde-degisiklikler\/\"},\"wordCount\":376,\"publisher\":{\"@id\":\"https:\/\/www.esin.av.tr\/tr\/#organization\"},\"keywords\":[\"Bankac\u0131l\u0131k ve Finans\"],\"articleSection\":[\"Hukuk B\u00fcltenleri\"],\"inLanguage\":\"tr\"},{\"@type\":\"WebPage\",\"@id\":\"https:\/\/www.esin.av.tr\/tr\/2021\/03\/19\/sermaye-hareketleri-genelgesinde-degisiklikler\/\",\"url\":\"https:\/\/www.esin.av.tr\/tr\/2021\/03\/19\/sermaye-hareketleri-genelgesinde-degisiklikler\/\",\"name\":\"Sermaye Hareketleri Genelgesi'nde De\u011fi\u015fiklikler\",\"isPartOf\":{\"@id\":\"https:\/\/www.esin.av.tr\/tr\/#website\"},\"datePublished\":\"2021-03-19T06:19:12+00:00\",\"dateModified\":\"2022-06-09T13:20:19+00:00\",\"description\":\"Yeni Geli\u015fme T\u00fcrkiye Cumhuriyet Merkez Bankas\u0131, Sermaye Hareketleri Genelgesi\u2019nde 16 Mart 2021 tarihinde yeni de\u011fi\u015fiklikler yapt\u0131. De\u011fi\u015fiklik Neler\",\"breadcrumb\":{\"@id\":\"https:\/\/www.esin.av.tr\/tr\/2021\/03\/19\/sermaye-hareketleri-genelgesinde-degisiklikler\/#breadcrumb\"},\"inLanguage\":\"tr\",\"potentialAction\":[{\"@type\":\"ReadAction\",\"target\":[\"https:\/\/www.esin.av.tr\/tr\/2021\/03\/19\/sermaye-hareketleri-genelgesinde-degisiklikler\/\"]}]},{\"@type\":\"BreadcrumbList\",\"@id\":\"https:\/\/www.esin.av.tr\/tr\/2021\/03\/19\/sermaye-hareketleri-genelgesinde-degisiklikler\/#breadcrumb\",\"itemListElement\":[{\"@type\":\"ListItem\",\"position\":1,\"name\":\"Home\",\"item\":\"https:\/\/www.esin.av.tr\/tr\/\"},{\"@type\":\"ListItem\",\"position\":2,\"name\":\"Sermaye Hareketleri Genelgesi&#8217;nde De\u011fi\u015fiklikler\"}]},{\"@type\":\"WebSite\",\"@id\":\"https:\/\/www.esin.av.tr\/tr\/#website\",\"url\":\"https:\/\/www.esin.av.tr\/tr\/\",\"name\":\"Esin Avukatl\u0131k Ortakl\u0131\u011f\u0131\",\"description\":\"\",\"publisher\":{\"@id\":\"https:\/\/www.esin.av.tr\/tr\/#organization\"},\"potentialAction\":[{\"@type\":\"SearchAction\",\"target\":{\"@type\":\"EntryPoint\",\"urlTemplate\":\"https:\/\/www.esin.av.tr\/tr\/?s={search_term_string}\"},\"query-input\":{\"@type\":\"PropertyValueSpecification\",\"valueRequired\":true,\"valueName\":\"search_term_string\"}}],\"inLanguage\":\"tr\"},{\"@type\":\"Organization\",\"@id\":\"https:\/\/www.esin.av.tr\/tr\/#organization\",\"name\":\"Esin Avukatl\u0131k Ortakl\u0131\u011f\u0131\",\"url\":\"https:\/\/www.esin.av.tr\/tr\/\",\"logo\":{\"@type\":\"ImageObject\",\"inLanguage\":\"tr\",\"@id\":\"https:\/\/www.esin.av.tr\/tr\/#\/schema\/logo\/image\/\",\"url\":\"https:\/\/www.esin.av.tr\/wp-content\/uploads\/2021\/09\/esin-2.jpg\",\"contentUrl\":\"https:\/\/www.esin.av.tr\/wp-content\/uploads\/2021\/09\/esin-2.jpg\",\"width\":800,\"height\":460,\"caption\":\"Esin Avukatl\u0131k Ortakl\u0131\u011f\u0131\"},\"image\":{\"@id\":\"https:\/\/www.esin.av.tr\/tr\/#\/schema\/logo\/image\/\"}},{\"@type\":\"Person\",\"@id\":\"https:\/\/www.esin.av.tr\/tr\/#\/schema\/person\/42c8e616aab56b8622fa365ad63282ae\",\"name\":\"R\u0131dvan Konrat\",\"image\":{\"@type\":\"ImageObject\",\"inLanguage\":\"tr\",\"@id\":\"https:\/\/www.esin.av.tr\/tr\/#\/schema\/person\/image\/\",\"url\":\"https:\/\/secure.gravatar.com\/avatar\/b20c6c583be38ed4e76e32f69fccc676?s=96&d=mm&r=g\",\"contentUrl\":\"https:\/\/secure.gravatar.com\/avatar\/b20c6c583be38ed4e76e32f69fccc676?s=96&d=mm&r=g\",\"caption\":\"R\u0131dvan Konrat\"},\"sameAs\":[\"http:\/\/www.esin.av.tr\"],\"url\":\"https:\/\/www.esin.av.tr\/tr\/author\/rkonrat\/\"}]}<\/script>\n<!-- \/ Yoast SEO plugin. -->","yoast_head_json":{"title":"Sermaye Hareketleri Genelgesi'nde De\u011fi\u015fiklikler","description":"Yeni Geli\u015fme T\u00fcrkiye Cumhuriyet Merkez Bankas\u0131, Sermaye Hareketleri Genelgesi\u2019nde 16 Mart 2021 tarihinde yeni de\u011fi\u015fiklikler yapt\u0131. De\u011fi\u015fiklik Neler","robots":{"index":"index","follow":"follow","max-snippet":"max-snippet:-1","max-image-preview":"max-image-preview:large","max-video-preview":"max-video-preview:-1"},"canonical":"https:\/\/www.esin.av.tr\/tr\/2021\/03\/19\/sermaye-hareketleri-genelgesinde-degisiklikler\/","og_locale":"tr_TR","og_type":"article","og_title":"Sermaye Hareketleri Genelgesi'nde De\u011fi\u015fiklikler","og_description":"Yeni Geli\u015fme T\u00fcrkiye Cumhuriyet Merkez Bankas\u0131, Sermaye Hareketleri Genelgesi\u2019nde 16 Mart 2021 tarihinde yeni de\u011fi\u015fiklikler yapt\u0131. De\u011fi\u015fiklik Neler","og_url":"https:\/\/www.esin.av.tr\/tr\/2021\/03\/19\/sermaye-hareketleri-genelgesinde-degisiklikler\/","og_site_name":"Esin Avukatl\u0131k Ortakl\u0131\u011f\u0131","article_published_time":"2021-03-19T06:19:12+00:00","article_modified_time":"2022-06-09T13:20:19+00:00","author":"R\u0131dvan Konrat","twitter_card":"summary_large_image","twitter_misc":{"Written by":"R\u0131dvan Konrat","Est. reading time":"2 minutes"},"schema":{"@context":"https:\/\/schema.org","@graph":[{"@type":"Article","@id":"https:\/\/www.esin.av.tr\/tr\/2021\/03\/19\/sermaye-hareketleri-genelgesinde-degisiklikler\/#article","isPartOf":{"@id":"https:\/\/www.esin.av.tr\/tr\/2021\/03\/19\/sermaye-hareketleri-genelgesinde-degisiklikler\/"},"author":{"name":"R\u0131dvan Konrat","@id":"https:\/\/www.esin.av.tr\/tr\/#\/schema\/person\/42c8e616aab56b8622fa365ad63282ae"},"headline":"Sermaye Hareketleri Genelgesi&#8217;nde De\u011fi\u015fiklikler","datePublished":"2021-03-19T06:19:12+00:00","dateModified":"2022-06-09T13:20:19+00:00","mainEntityOfPage":{"@id":"https:\/\/www.esin.av.tr\/tr\/2021\/03\/19\/sermaye-hareketleri-genelgesinde-degisiklikler\/"},"wordCount":376,"publisher":{"@id":"https:\/\/www.esin.av.tr\/tr\/#organization"},"keywords":["Bankac\u0131l\u0131k ve Finans"],"articleSection":["Hukuk B\u00fcltenleri"],"inLanguage":"tr"},{"@type":"WebPage","@id":"https:\/\/www.esin.av.tr\/tr\/2021\/03\/19\/sermaye-hareketleri-genelgesinde-degisiklikler\/","url":"https:\/\/www.esin.av.tr\/tr\/2021\/03\/19\/sermaye-hareketleri-genelgesinde-degisiklikler\/","name":"Sermaye Hareketleri Genelgesi'nde De\u011fi\u015fiklikler","isPartOf":{"@id":"https:\/\/www.esin.av.tr\/tr\/#website"},"datePublished":"2021-03-19T06:19:12+00:00","dateModified":"2022-06-09T13:20:19+00:00","description":"Yeni Geli\u015fme T\u00fcrkiye Cumhuriyet Merkez Bankas\u0131, Sermaye Hareketleri Genelgesi\u2019nde 16 Mart 2021 tarihinde yeni de\u011fi\u015fiklikler yapt\u0131. De\u011fi\u015fiklik Neler","breadcrumb":{"@id":"https:\/\/www.esin.av.tr\/tr\/2021\/03\/19\/sermaye-hareketleri-genelgesinde-degisiklikler\/#breadcrumb"},"inLanguage":"tr","potentialAction":[{"@type":"ReadAction","target":["https:\/\/www.esin.av.tr\/tr\/2021\/03\/19\/sermaye-hareketleri-genelgesinde-degisiklikler\/"]}]},{"@type":"BreadcrumbList","@id":"https:\/\/www.esin.av.tr\/tr\/2021\/03\/19\/sermaye-hareketleri-genelgesinde-degisiklikler\/#breadcrumb","itemListElement":[{"@type":"ListItem","position":1,"name":"Home","item":"https:\/\/www.esin.av.tr\/tr\/"},{"@type":"ListItem","position":2,"name":"Sermaye Hareketleri Genelgesi&#8217;nde De\u011fi\u015fiklikler"}]},{"@type":"WebSite","@id":"https:\/\/www.esin.av.tr\/tr\/#website","url":"https:\/\/www.esin.av.tr\/tr\/","name":"Esin Avukatl\u0131k Ortakl\u0131\u011f\u0131","description":"","publisher":{"@id":"https:\/\/www.esin.av.tr\/tr\/#organization"},"potentialAction":[{"@type":"SearchAction","target":{"@type":"EntryPoint","urlTemplate":"https:\/\/www.esin.av.tr\/tr\/?s={search_term_string}"},"query-input":{"@type":"PropertyValueSpecification","valueRequired":true,"valueName":"search_term_string"}}],"inLanguage":"tr"},{"@type":"Organization","@id":"https:\/\/www.esin.av.tr\/tr\/#organization","name":"Esin Avukatl\u0131k Ortakl\u0131\u011f\u0131","url":"https:\/\/www.esin.av.tr\/tr\/","logo":{"@type":"ImageObject","inLanguage":"tr","@id":"https:\/\/www.esin.av.tr\/tr\/#\/schema\/logo\/image\/","url":"https:\/\/www.esin.av.tr\/wp-content\/uploads\/2021\/09\/esin-2.jpg","contentUrl":"https:\/\/www.esin.av.tr\/wp-content\/uploads\/2021\/09\/esin-2.jpg","width":800,"height":460,"caption":"Esin Avukatl\u0131k Ortakl\u0131\u011f\u0131"},"image":{"@id":"https:\/\/www.esin.av.tr\/tr\/#\/schema\/logo\/image\/"}},{"@type":"Person","@id":"https:\/\/www.esin.av.tr\/tr\/#\/schema\/person\/42c8e616aab56b8622fa365ad63282ae","name":"R\u0131dvan Konrat","image":{"@type":"ImageObject","inLanguage":"tr","@id":"https:\/\/www.esin.av.tr\/tr\/#\/schema\/person\/image\/","url":"https:\/\/secure.gravatar.com\/avatar\/b20c6c583be38ed4e76e32f69fccc676?s=96&d=mm&r=g","contentUrl":"https:\/\/secure.gravatar.com\/avatar\/b20c6c583be38ed4e76e32f69fccc676?s=96&d=mm&r=g","caption":"R\u0131dvan Konrat"},"sameAs":["http:\/\/www.esin.av.tr"],"url":"https:\/\/www.esin.av.tr\/tr\/author\/rkonrat\/"}]}},"_links":{"self":[{"href":"https:\/\/www.esin.av.tr\/tr\/wp-json\/wp\/v2\/posts\/19075","targetHints":{"allow":["GET"]}}],"collection":[{"href":"https:\/\/www.esin.av.tr\/tr\/wp-json\/wp\/v2\/posts"}],"about":[{"href":"https:\/\/www.esin.av.tr\/tr\/wp-json\/wp\/v2\/types\/post"}],"author":[{"embeddable":true,"href":"https:\/\/www.esin.av.tr\/tr\/wp-json\/wp\/v2\/users\/4"}],"replies":[{"embeddable":true,"href":"https:\/\/www.esin.av.tr\/tr\/wp-json\/wp\/v2\/comments?post=19075"}],"version-history":[{"count":1,"href":"https:\/\/www.esin.av.tr\/tr\/wp-json\/wp\/v2\/posts\/19075\/revisions"}],"predecessor-version":[{"id":19076,"href":"https:\/\/www.esin.av.tr\/tr\/wp-json\/wp\/v2\/posts\/19075\/revisions\/19076"}],"wp:attachment":[{"href":"https:\/\/www.esin.av.tr\/tr\/wp-json\/wp\/v2\/media?parent=19075"}],"wp:term":[{"taxonomy":"category","embeddable":true,"href":"https:\/\/www.esin.av.tr\/tr\/wp-json\/wp\/v2\/categories?post=19075"},{"taxonomy":"post_tag","embeddable":true,"href":"https:\/\/www.esin.av.tr\/tr\/wp-json\/wp\/v2\/tags?post=19075"}],"curies":[{"name":"wp","href":"https:\/\/api.w.org\/{rel}","templated":true}]}}