{"id":19045,"date":"2021-03-17T11:45:58","date_gmt":"2021-03-17T11:45:58","guid":{"rendered":"https:\/\/www.esin.av.tr\/?p=19045"},"modified":"2022-06-09T13:20:21","modified_gmt":"2022-06-09T13:20:21","slug":"etkin-rekabetin-onemli-olcude-azaltilmasi-testinin-muhafazakar-bir-uygulamasi-rekabet-kurulu-marport-til-islemini-yasakladi","status":"publish","type":"post","link":"https:\/\/www.esin.av.tr\/tr\/2021\/03\/17\/etkin-rekabetin-onemli-olcude-azaltilmasi-testinin-muhafazakar-bir-uygulamasi-rekabet-kurulu-marport-til-islemini-yasakladi\/","title":{"rendered":"Etkin Rekabetin \u00d6nemli \u00d6l\u00e7\u00fcde Azalt\u0131lmas\u0131 Testinin Muhafazak\u00e2r Bir Uygulamas\u0131? &#8211; Rekabet Kurulu Marport &#8211; TIL \u0130\u015flemini Yasaklad\u0131"},"content":{"rendered":"<p><strong>Yeni Geli\u015fme<\/strong><\/p>\n<p>Rekabet Kurumu&#8217;nun (&#8220;<strong>Kurum<\/strong>&#8220;) internet sitesinde 12.03.2021 tarihinde yay\u0131mlanan gerek\u00e7eli karar ile Marport Liman \u0130\u015fletmeleri Sanayi ve Ticaret Anonim \u015eirketi&#8217;nin tek kontrol\u00fcn\u00fcn Terminal Investment Limited S\u00e0rl taraf\u0131ndan devral\u0131nmas\u0131 i\u015flemine izin verilmedi\u011fi duyurulmu\u015ftur. \u00a0Rekabet Kurulu (&#8220;<strong>Kurul<\/strong>&#8220;), 13.08.2020 tarihli ve 20-37\/523-231 say\u0131l\u0131 karar ile i\u015flemin etkin rekabetin \u00f6nemli \u00f6l\u00e7\u00fcde azalt\u0131lmas\u0131 sonucunu do\u011furaca\u011f\u0131n\u0131 belirterek i\u015fleme izin vermemi\u015ftir. S\u00f6z konusu karar, Rekabet Kurulu&#8217;nun etkin rekabetin \u00f6nemli \u00f6l\u00e7\u00fcde azalt\u0131lmas\u0131 testini uygulayarak sonuca izin vermedi\u011fi ilk i\u015flemdir. Karar ayr\u0131ca, Kurul&#8217;un kamuya a\u00e7\u0131k olarak yay\u0131mlanan kararlar\u0131ndan takip edilebildi\u011fi kadar\u0131yla, ortak kontrolden tek kontrole ge\u00e7i\u015f i\u015flemine izin vermedi\u011fi ilk karar olma \u00f6zelli\u011fini ta\u015f\u0131maktad\u0131r.<\/p>\n<p><strong>K\u0131sa Bir \u00d6zet<\/strong><\/p>\n<p>Kurul, Kurum kay\u0131tlar\u0131na 22.07.2019 tarih ve 4779 say\u0131 ile intikal eden Marport Liman \u0130\u015fletmeleri Sanayi ve Ticaret A.\u015e.&#8217;nin (&#8220;<strong>Marport<\/strong>&#8220;) %50 oran\u0131ndaki hissesinin ve tek kontrol\u00fcn\u00fcn Terminal Investment Limited S\u00e0rl (&#8220;<strong>TIL<\/strong>&#8220;) taraf\u0131ndan devral\u0131nmas\u0131na ili\u015fkin ba\u015fvuru \u00e7er\u00e7evesinde (ortak kontrolden tam kontrole ge\u00e7i\u015f i\u015flemi) a\u015fa\u011f\u0131daki de\u011ferlendirmelerde bulunmu\u015ftur:<\/p>\n<ul>\n<li>Bildirim konusu i\u015flem temel olarak konteyner terminal i\u015fletmecili\u011fi sekt\u00f6r\u00fcne ili\u015fkindir.<\/li>\n<li>\u0130lgili \u00fcr\u00fcn pazar\u0131, ge\u00e7mi\u015f Kurul kararlar\u0131 da dikkate al\u0131narak &#8220;<em>konteyner elle\u00e7leme hizmetlerine y\u00f6nelik liman i\u015fletmecili\u011fi<\/em>&#8221; olarak tan\u0131mlanm\u0131\u015f, alt pazarlar ise &#8220;<em>transit trafi\u011fine ili\u015fkin konteyner elle\u00e7lemeye y\u00f6nelik liman i\u015fletmecili\u011fi<\/em>&#8221; ile &#8220;<em>art alan [hinterland] trafi\u011fine ili\u015fkin konteyner elle\u00e7lemeye y\u00f6nelik liman i\u015fletmecili\u011fi<\/em>&#8221; pazarlar\u0131 olarak de\u011ferlendirilmi\u015ftir.<\/li>\n<li>\u0130lgili co\u011frafi pazar konusunda Kurul ayr\u0131nt\u0131l\u0131 de\u011ferlendirmelerde bulunmu\u015f ve &#8220;<em>konteyner elle\u00e7leme hizmetlerine y\u00f6nelik liman i\u015fletmecili\u011fi<\/em>&#8221; pazar\u0131 i\u00e7in ilgili co\u011frafi pazar &#8220;Kuzeybat\u0131 Marmara&#8221; olarak daha dar bir kapsamda tan\u0131mlanm\u0131\u015f, &#8220;<em>transit trafi\u011fine ili\u015fkin konteyner elle\u00e7lemeye y\u00f6nelik liman i\u015fletmecili\u011fi&#8221; <\/em>ile &#8220;<em>art alan trafi\u011fine ili\u015fkin konteyner elle\u00e7lemeye y\u00f6nelik liman i\u015fletmecili\u011fi<\/em>&#8221; pazarlar\u0131 i\u00e7in ise liman\u0131n konumu, ula\u015f\u0131m imkanlar\u0131, m\u00fc\u015fterilerin tercihleri gibi hususlar g\u00f6z \u00f6n\u00fcnde bulundurularak, lokal y\u00fckler i\u00e7in &#8220;Kuzeybat\u0131 Marmara&#8221; s\u0131n\u0131rland\u0131r\u0131lmas\u0131 yap\u0131lm\u0131\u015f, transit y\u00fckler ise tercih imkan\u0131 \u00e7e\u015fitlili\u011fi bak\u0131m\u0131ndan kesin olarak tan\u0131mlanmam\u0131\u015ft\u0131r.<\/li>\n<li>\u0130\u015flem 4054 say\u0131l\u0131 Rekabetin Korunmas\u0131 Hakk\u0131nda Kanun\u2019un (&#8220;<strong>4054 Say\u0131l\u0131 Kanun<\/strong>&#8220;) 7. maddesi \u00e7er\u00e7evesinde &#8220;etkin rekabetin \u00f6nemli \u00f6l\u00e7\u00fcde azalt\u0131lmas\u0131 testi&#8221;ne (&#8220;<strong>ERT<\/strong>&#8220;) tabi tutulmu\u015ftur. \u0130lgili test, bilindi\u011fi \u00fczere 24.06.2020 tarih ve 31165 say\u0131l\u0131 Resmi Gazete&#8217;de yay\u0131mlanarak y\u00fcr\u00fcrl\u00fc\u011fe giren 7246 say\u0131l\u0131 4054 say\u0131l\u0131 Rekabetin Korunmas\u0131 Hakk\u0131nda Kanunda De\u011fi\u015fiklik Yap\u0131lmas\u0131na Dair Kanun ile mehaz Avrupa Birli\u011fi birle\u015fme devralma denetimi uygulamas\u0131na paralel olarak daha \u00f6nce kullan\u0131lan hakim durum yarat\u0131lmas\u0131 veya g\u00fc\u00e7lendirilmesi testinin yerini alm\u0131\u015ft\u0131r. \u0130lgili de\u011fi\u015fiklik ile getirilen test kapsam\u0131nda, birle\u015fme ve devralma i\u015flemleri sonucunda ortaya \u00e7\u0131kabilecek etkiler sadece hakim durum yarat\u0131lmas\u0131 veya hakim durumun daha da g\u00fc\u00e7lendirilmesi a\u00e7\u0131s\u0131ndan de\u011ferlendirilmemekte, ayn\u0131 zamanda, hakim durum yarat\u0131lmas\u0131 veya mevcut hakim durumun g\u00fc\u00e7lendirilmesine sebebiyet vermiyor olmas\u0131na ra\u011fmen, sadece rekabeti \u00f6nemli \u00f6l\u00e7\u00fcde azaltabilecek i\u015flemler de yasaklanabilmektedir.<\/li>\n<li>Dikkat \u00e7ekici bir husus olarak, hakim durum yarat\u0131lmas\u0131 veya g\u00fc\u00e7lendirilmesine ili\u015fkin hi\u00e7bir bir de\u011ferlendirmenin bulunmad\u0131\u011f\u0131 kararda, ERT analizleri \u00e7er\u00e7evesinde i\u015flemin rekabetin \u00f6nemli \u00f6l\u00e7\u00fcde azalt\u0131lmas\u0131 sonucunun ortaya \u00e7\u0131karaca\u011f\u0131 sonucuna ula\u015f\u0131lm\u0131\u015ft\u0131r. Her ne kadar ortak kontrolden tek kontrole ge\u00e7i\u015fin rekabet\u00e7i bir endi\u015fe yaratma riski g\u00f6rece az olsa da, i\u015flemin pazarda ortaya \u00e7\u0131karaca\u011f\u0131 yo\u011funla\u015fma, devralan taraf\u0131n ilgili pazarda ve ilgili pazar\u0131n alt ve \u00fcst pazarlar\u0131nda faaliyet g\u00f6stermesi ve bu pazarlarda \u00f6nemli bir pazar g\u00fcc\u00fcne sahip olmas\u0131, rakiplerin konumu, sekt\u00f6r\u00fcn yap\u0131s\u0131 ve \u00f6zellikleri, mevcut at\u0131l kapasitenin varl\u0131\u011f\u0131 gibi unsurlar\u0131n rekabet\u00e7i endi\u015feleri art\u0131rd\u0131\u011f\u0131 sonucuna ula\u015f\u0131lm\u0131\u015ft\u0131r.<\/li>\n<\/ul>\n<p>Netice itibariyle Kurul, \u0130\u015flem&#8217;in, \u00f6zellikle de dar oligopolistik bir yap\u0131da oldu\u011funu de\u011ferlendirdi\u011fi pazardaki yap\u0131n\u0131n, gerek terminal i\u015fletmecili\u011fi, gerekse de hat i\u015fletmecili\u011fi bak\u0131m\u0131ndan olumsuz etkiler do\u011furabilece\u011fi sonucuna ula\u015fm\u0131\u015ft\u0131r. Bu itibarla Kurul, ge\u00e7mi\u015f tarihli, pazar\u0131 &#8220;Marmara B\u00f6lgesi&#8221; olarak tan\u0131mlad\u0131\u011f\u0131, ancak i\u015flemin etkisinin yo\u011fun olarak Kuzeybat\u0131 Marmara alt b\u00f6lgesinde hissedilece\u011fini de belirtti\u011fi <em>Lima\u015f\/Marda\u015f <\/em>(18-14\/267-129; 08.05.2018) karar\u0131ndaki yakla\u015f\u0131m\u0131n\u0131 takip ederek, co\u011frafi pazar tan\u0131m\u0131n\u0131 daraltm\u0131\u015f ve i\u015flemin etkin rekabet\u00e7i azaltmayaca\u011f\u0131 y\u00f6n\u00fcndeki itirazlar\u0131 reddetmi\u015ftir.<\/p>\n<p><strong>Sonu\u00e7<\/strong><\/p>\n<p>Karar, kanun de\u011fi\u015fikli\u011finden \u00f6nce daha az riskli olarak de\u011ferlendirilebilecek birle\u015fme ve devralma i\u015flemlerine y\u00f6nelik olarak daha ayr\u0131nt\u0131l\u0131 bir rekabet analizinin ger\u00e7ekle\u015ftirilece\u011fi ve bu do\u011frultuda en \u00f6nemli fakt\u00f6rlerden birinin ERT analizi olaca\u011f\u0131n\u0131 sinyallemektedir. Bu itibarla, Kurul&#8217;un art\u0131k yaln\u0131z hakim durum yarat\u0131lmas\u0131 veya g\u00fc\u00e7lendirilmesine odaklanmak yerine, yeni etkin rekabetin \u00f6nemli \u00f6l\u00e7\u00fcde azalt\u0131lmas\u0131 analizi sistemini kullanaca\u011f\u0131 de\u011ferlendirilmektedir. Karar ayn\u0131 zamanda ortak kontrolden tek kontrole ge\u00e7i\u015f i\u015fleminin pazardaki rekabeti \u00f6nemli \u00f6l\u00e7\u00fcde azaltaca\u011f\u0131 y\u00f6n\u00fcndeki sonucu ile Kurul&#8217;un, birle\u015fme devralma kontrollerinde biraz daha muhafazakar bir yakla\u015f\u0131ma ge\u00e7i\u015f yapm\u0131\u015f olabilece\u011fini g\u00f6stermektedir.<\/p>\n","protected":false},"excerpt":{"rendered":"<p>Rekabet Kurumu&#8217;nun (&#8220;Kurum&#8221;) internet sitesinde 12.03.2021 tarihinde yay\u0131mlanan gerek\u00e7eli karar ile Marport Liman \u0130\u015fletmeleri [&#8230;]<\/p>\n","protected":false},"author":4,"featured_media":0,"comment_status":"closed","ping_status":"closed","sticky":false,"template":"","format":"standard","meta":{"_acf_changed":false,"_stopmodifiedupdate":false,"_modified_date":"","footnotes":""},"categories":[120],"tags":[108],"class_list":["post-19045","post","type-post","status-publish","format-standard","hentry","category-legal-alerts","tag-competition-tr"],"acf":[],"yoast_head":"<!-- This site is optimized with the Yoast SEO plugin v24.0 - https:\/\/yoast.com\/wordpress\/plugins\/seo\/ -->\n<title>Etkin Rekabetin \u00d6nemli \u00d6l\u00e7\u00fcde Azalt\u0131lmas\u0131 Testinin Muhafazak\u00e2r Bir Uygulamas\u0131? - Rekabet Kurulu Marport - TIL \u0130\u015flemini Yasaklad\u0131<\/title>\n<meta name=\"description\" content=\"Rekabet Kurumu&#039;nun (&quot;Kurum&quot;) internet sitesinde 12.03.2021 tarihinde yay\u0131mlanan gerek\u00e7eli karar ile Marport Liman \u0130\u015fletmeleri\" \/>\n<meta name=\"robots\" content=\"index, follow, max-snippet:-1, max-image-preview:large, max-video-preview:-1\" \/>\n<link rel=\"canonical\" href=\"https:\/\/www.esin.av.tr\/tr\/2021\/03\/17\/etkin-rekabetin-onemli-olcude-azaltilmasi-testinin-muhafazakar-bir-uygulamasi-rekabet-kurulu-marport-til-islemini-yasakladi\/\" \/>\n<meta property=\"og:locale\" content=\"tr_TR\" \/>\n<meta property=\"og:type\" content=\"article\" \/>\n<meta property=\"og:title\" content=\"Etkin Rekabetin \u00d6nemli \u00d6l\u00e7\u00fcde Azalt\u0131lmas\u0131 Testinin Muhafazak\u00e2r Bir Uygulamas\u0131? - Rekabet Kurulu Marport - TIL \u0130\u015flemini Yasaklad\u0131\" \/>\n<meta property=\"og:description\" content=\"Rekabet Kurumu&#039;nun (&quot;Kurum&quot;) internet sitesinde 12.03.2021 tarihinde yay\u0131mlanan gerek\u00e7eli karar ile Marport Liman \u0130\u015fletmeleri\" \/>\n<meta property=\"og:url\" content=\"https:\/\/www.esin.av.tr\/tr\/2021\/03\/17\/etkin-rekabetin-onemli-olcude-azaltilmasi-testinin-muhafazakar-bir-uygulamasi-rekabet-kurulu-marport-til-islemini-yasakladi\/\" \/>\n<meta property=\"og:site_name\" content=\"Esin Avukatl\u0131k Ortakl\u0131\u011f\u0131\" \/>\n<meta property=\"article:published_time\" content=\"2021-03-17T11:45:58+00:00\" \/>\n<meta property=\"article:modified_time\" content=\"2022-06-09T13:20:21+00:00\" \/>\n<meta name=\"author\" content=\"R\u0131dvan Konrat\" \/>\n<meta name=\"twitter:card\" content=\"summary_large_image\" \/>\n<meta name=\"twitter:label1\" content=\"Written by\" \/>\n\t<meta name=\"twitter:data1\" content=\"R\u0131dvan Konrat\" \/>\n\t<meta name=\"twitter:label2\" content=\"Est. reading time\" \/>\n\t<meta name=\"twitter:data2\" content=\"3 minutes\" \/>\n<script type=\"application\/ld+json\" class=\"yoast-schema-graph\">{\"@context\":\"https:\/\/schema.org\",\"@graph\":[{\"@type\":\"Article\",\"@id\":\"https:\/\/www.esin.av.tr\/tr\/2021\/03\/17\/etkin-rekabetin-onemli-olcude-azaltilmasi-testinin-muhafazakar-bir-uygulamasi-rekabet-kurulu-marport-til-islemini-yasakladi\/#article\",\"isPartOf\":{\"@id\":\"https:\/\/www.esin.av.tr\/tr\/2021\/03\/17\/etkin-rekabetin-onemli-olcude-azaltilmasi-testinin-muhafazakar-bir-uygulamasi-rekabet-kurulu-marport-til-islemini-yasakladi\/\"},\"author\":{\"name\":\"R\u0131dvan Konrat\",\"@id\":\"https:\/\/www.esin.av.tr\/tr\/#\/schema\/person\/42c8e616aab56b8622fa365ad63282ae\"},\"headline\":\"Etkin Rekabetin \u00d6nemli \u00d6l\u00e7\u00fcde Azalt\u0131lmas\u0131 Testinin Muhafazak\u00e2r Bir Uygulamas\u0131? &#8211; Rekabet Kurulu Marport &#8211; TIL \u0130\u015flemini Yasaklad\u0131\",\"datePublished\":\"2021-03-17T11:45:58+00:00\",\"dateModified\":\"2022-06-09T13:20:21+00:00\",\"mainEntityOfPage\":{\"@id\":\"https:\/\/www.esin.av.tr\/tr\/2021\/03\/17\/etkin-rekabetin-onemli-olcude-azaltilmasi-testinin-muhafazakar-bir-uygulamasi-rekabet-kurulu-marport-til-islemini-yasakladi\/\"},\"wordCount\":929,\"publisher\":{\"@id\":\"https:\/\/www.esin.av.tr\/tr\/#organization\"},\"keywords\":[\"Rekabet Hukuku\"],\"articleSection\":[\"Hukuk B\u00fcltenleri\"],\"inLanguage\":\"tr\"},{\"@type\":\"WebPage\",\"@id\":\"https:\/\/www.esin.av.tr\/tr\/2021\/03\/17\/etkin-rekabetin-onemli-olcude-azaltilmasi-testinin-muhafazakar-bir-uygulamasi-rekabet-kurulu-marport-til-islemini-yasakladi\/\",\"url\":\"https:\/\/www.esin.av.tr\/tr\/2021\/03\/17\/etkin-rekabetin-onemli-olcude-azaltilmasi-testinin-muhafazakar-bir-uygulamasi-rekabet-kurulu-marport-til-islemini-yasakladi\/\",\"name\":\"Etkin Rekabetin \u00d6nemli \u00d6l\u00e7\u00fcde Azalt\u0131lmas\u0131 Testinin Muhafazak\u00e2r Bir Uygulamas\u0131? - Rekabet Kurulu Marport - TIL \u0130\u015flemini Yasaklad\u0131\",\"isPartOf\":{\"@id\":\"https:\/\/www.esin.av.tr\/tr\/#website\"},\"datePublished\":\"2021-03-17T11:45:58+00:00\",\"dateModified\":\"2022-06-09T13:20:21+00:00\",\"description\":\"Rekabet Kurumu'nun (\\\"Kurum\\\") internet sitesinde 12.03.2021 tarihinde yay\u0131mlanan gerek\u00e7eli karar ile Marport Liman \u0130\u015fletmeleri\",\"breadcrumb\":{\"@id\":\"https:\/\/www.esin.av.tr\/tr\/2021\/03\/17\/etkin-rekabetin-onemli-olcude-azaltilmasi-testinin-muhafazakar-bir-uygulamasi-rekabet-kurulu-marport-til-islemini-yasakladi\/#breadcrumb\"},\"inLanguage\":\"tr\",\"potentialAction\":[{\"@type\":\"ReadAction\",\"target\":[\"https:\/\/www.esin.av.tr\/tr\/2021\/03\/17\/etkin-rekabetin-onemli-olcude-azaltilmasi-testinin-muhafazakar-bir-uygulamasi-rekabet-kurulu-marport-til-islemini-yasakladi\/\"]}]},{\"@type\":\"BreadcrumbList\",\"@id\":\"https:\/\/www.esin.av.tr\/tr\/2021\/03\/17\/etkin-rekabetin-onemli-olcude-azaltilmasi-testinin-muhafazakar-bir-uygulamasi-rekabet-kurulu-marport-til-islemini-yasakladi\/#breadcrumb\",\"itemListElement\":[{\"@type\":\"ListItem\",\"position\":1,\"name\":\"Home\",\"item\":\"https:\/\/www.esin.av.tr\/tr\/\"},{\"@type\":\"ListItem\",\"position\":2,\"name\":\"Etkin Rekabetin \u00d6nemli \u00d6l\u00e7\u00fcde Azalt\u0131lmas\u0131 Testinin Muhafazak\u00e2r Bir Uygulamas\u0131? &#8211; Rekabet Kurulu Marport &#8211; TIL \u0130\u015flemini Yasaklad\u0131\"}]},{\"@type\":\"WebSite\",\"@id\":\"https:\/\/www.esin.av.tr\/tr\/#website\",\"url\":\"https:\/\/www.esin.av.tr\/tr\/\",\"name\":\"Esin Avukatl\u0131k Ortakl\u0131\u011f\u0131\",\"description\":\"\",\"publisher\":{\"@id\":\"https:\/\/www.esin.av.tr\/tr\/#organization\"},\"potentialAction\":[{\"@type\":\"SearchAction\",\"target\":{\"@type\":\"EntryPoint\",\"urlTemplate\":\"https:\/\/www.esin.av.tr\/tr\/?s={search_term_string}\"},\"query-input\":{\"@type\":\"PropertyValueSpecification\",\"valueRequired\":true,\"valueName\":\"search_term_string\"}}],\"inLanguage\":\"tr\"},{\"@type\":\"Organization\",\"@id\":\"https:\/\/www.esin.av.tr\/tr\/#organization\",\"name\":\"Esin Avukatl\u0131k Ortakl\u0131\u011f\u0131\",\"url\":\"https:\/\/www.esin.av.tr\/tr\/\",\"logo\":{\"@type\":\"ImageObject\",\"inLanguage\":\"tr\",\"@id\":\"https:\/\/www.esin.av.tr\/tr\/#\/schema\/logo\/image\/\",\"url\":\"https:\/\/www.esin.av.tr\/wp-content\/uploads\/2021\/09\/esin-2.jpg\",\"contentUrl\":\"https:\/\/www.esin.av.tr\/wp-content\/uploads\/2021\/09\/esin-2.jpg\",\"width\":800,\"height\":460,\"caption\":\"Esin Avukatl\u0131k Ortakl\u0131\u011f\u0131\"},\"image\":{\"@id\":\"https:\/\/www.esin.av.tr\/tr\/#\/schema\/logo\/image\/\"}},{\"@type\":\"Person\",\"@id\":\"https:\/\/www.esin.av.tr\/tr\/#\/schema\/person\/42c8e616aab56b8622fa365ad63282ae\",\"name\":\"R\u0131dvan Konrat\",\"image\":{\"@type\":\"ImageObject\",\"inLanguage\":\"tr\",\"@id\":\"https:\/\/www.esin.av.tr\/tr\/#\/schema\/person\/image\/\",\"url\":\"https:\/\/secure.gravatar.com\/avatar\/b20c6c583be38ed4e76e32f69fccc676?s=96&d=mm&r=g\",\"contentUrl\":\"https:\/\/secure.gravatar.com\/avatar\/b20c6c583be38ed4e76e32f69fccc676?s=96&d=mm&r=g\",\"caption\":\"R\u0131dvan Konrat\"},\"sameAs\":[\"http:\/\/www.esin.av.tr\"],\"url\":\"https:\/\/www.esin.av.tr\/tr\/author\/rkonrat\/\"}]}<\/script>\n<!-- \/ Yoast SEO plugin. -->","yoast_head_json":{"title":"Etkin Rekabetin \u00d6nemli \u00d6l\u00e7\u00fcde Azalt\u0131lmas\u0131 Testinin Muhafazak\u00e2r Bir Uygulamas\u0131? - Rekabet Kurulu Marport - TIL \u0130\u015flemini Yasaklad\u0131","description":"Rekabet Kurumu'nun (\"Kurum\") internet sitesinde 12.03.2021 tarihinde yay\u0131mlanan gerek\u00e7eli karar ile Marport Liman \u0130\u015fletmeleri","robots":{"index":"index","follow":"follow","max-snippet":"max-snippet:-1","max-image-preview":"max-image-preview:large","max-video-preview":"max-video-preview:-1"},"canonical":"https:\/\/www.esin.av.tr\/tr\/2021\/03\/17\/etkin-rekabetin-onemli-olcude-azaltilmasi-testinin-muhafazakar-bir-uygulamasi-rekabet-kurulu-marport-til-islemini-yasakladi\/","og_locale":"tr_TR","og_type":"article","og_title":"Etkin Rekabetin \u00d6nemli \u00d6l\u00e7\u00fcde Azalt\u0131lmas\u0131 Testinin Muhafazak\u00e2r Bir Uygulamas\u0131? - Rekabet Kurulu Marport - TIL \u0130\u015flemini Yasaklad\u0131","og_description":"Rekabet Kurumu'nun (\"Kurum\") internet sitesinde 12.03.2021 tarihinde yay\u0131mlanan gerek\u00e7eli karar ile Marport Liman \u0130\u015fletmeleri","og_url":"https:\/\/www.esin.av.tr\/tr\/2021\/03\/17\/etkin-rekabetin-onemli-olcude-azaltilmasi-testinin-muhafazakar-bir-uygulamasi-rekabet-kurulu-marport-til-islemini-yasakladi\/","og_site_name":"Esin Avukatl\u0131k Ortakl\u0131\u011f\u0131","article_published_time":"2021-03-17T11:45:58+00:00","article_modified_time":"2022-06-09T13:20:21+00:00","author":"R\u0131dvan Konrat","twitter_card":"summary_large_image","twitter_misc":{"Written by":"R\u0131dvan Konrat","Est. reading time":"3 minutes"},"schema":{"@context":"https:\/\/schema.org","@graph":[{"@type":"Article","@id":"https:\/\/www.esin.av.tr\/tr\/2021\/03\/17\/etkin-rekabetin-onemli-olcude-azaltilmasi-testinin-muhafazakar-bir-uygulamasi-rekabet-kurulu-marport-til-islemini-yasakladi\/#article","isPartOf":{"@id":"https:\/\/www.esin.av.tr\/tr\/2021\/03\/17\/etkin-rekabetin-onemli-olcude-azaltilmasi-testinin-muhafazakar-bir-uygulamasi-rekabet-kurulu-marport-til-islemini-yasakladi\/"},"author":{"name":"R\u0131dvan Konrat","@id":"https:\/\/www.esin.av.tr\/tr\/#\/schema\/person\/42c8e616aab56b8622fa365ad63282ae"},"headline":"Etkin Rekabetin \u00d6nemli \u00d6l\u00e7\u00fcde Azalt\u0131lmas\u0131 Testinin Muhafazak\u00e2r Bir Uygulamas\u0131? &#8211; Rekabet Kurulu Marport &#8211; TIL \u0130\u015flemini Yasaklad\u0131","datePublished":"2021-03-17T11:45:58+00:00","dateModified":"2022-06-09T13:20:21+00:00","mainEntityOfPage":{"@id":"https:\/\/www.esin.av.tr\/tr\/2021\/03\/17\/etkin-rekabetin-onemli-olcude-azaltilmasi-testinin-muhafazakar-bir-uygulamasi-rekabet-kurulu-marport-til-islemini-yasakladi\/"},"wordCount":929,"publisher":{"@id":"https:\/\/www.esin.av.tr\/tr\/#organization"},"keywords":["Rekabet Hukuku"],"articleSection":["Hukuk B\u00fcltenleri"],"inLanguage":"tr"},{"@type":"WebPage","@id":"https:\/\/www.esin.av.tr\/tr\/2021\/03\/17\/etkin-rekabetin-onemli-olcude-azaltilmasi-testinin-muhafazakar-bir-uygulamasi-rekabet-kurulu-marport-til-islemini-yasakladi\/","url":"https:\/\/www.esin.av.tr\/tr\/2021\/03\/17\/etkin-rekabetin-onemli-olcude-azaltilmasi-testinin-muhafazakar-bir-uygulamasi-rekabet-kurulu-marport-til-islemini-yasakladi\/","name":"Etkin Rekabetin \u00d6nemli \u00d6l\u00e7\u00fcde Azalt\u0131lmas\u0131 Testinin Muhafazak\u00e2r Bir Uygulamas\u0131? - Rekabet Kurulu Marport - TIL \u0130\u015flemini Yasaklad\u0131","isPartOf":{"@id":"https:\/\/www.esin.av.tr\/tr\/#website"},"datePublished":"2021-03-17T11:45:58+00:00","dateModified":"2022-06-09T13:20:21+00:00","description":"Rekabet Kurumu'nun (\"Kurum\") internet sitesinde 12.03.2021 tarihinde yay\u0131mlanan gerek\u00e7eli karar ile Marport Liman \u0130\u015fletmeleri","breadcrumb":{"@id":"https:\/\/www.esin.av.tr\/tr\/2021\/03\/17\/etkin-rekabetin-onemli-olcude-azaltilmasi-testinin-muhafazakar-bir-uygulamasi-rekabet-kurulu-marport-til-islemini-yasakladi\/#breadcrumb"},"inLanguage":"tr","potentialAction":[{"@type":"ReadAction","target":["https:\/\/www.esin.av.tr\/tr\/2021\/03\/17\/etkin-rekabetin-onemli-olcude-azaltilmasi-testinin-muhafazakar-bir-uygulamasi-rekabet-kurulu-marport-til-islemini-yasakladi\/"]}]},{"@type":"BreadcrumbList","@id":"https:\/\/www.esin.av.tr\/tr\/2021\/03\/17\/etkin-rekabetin-onemli-olcude-azaltilmasi-testinin-muhafazakar-bir-uygulamasi-rekabet-kurulu-marport-til-islemini-yasakladi\/#breadcrumb","itemListElement":[{"@type":"ListItem","position":1,"name":"Home","item":"https:\/\/www.esin.av.tr\/tr\/"},{"@type":"ListItem","position":2,"name":"Etkin Rekabetin \u00d6nemli \u00d6l\u00e7\u00fcde Azalt\u0131lmas\u0131 Testinin Muhafazak\u00e2r Bir Uygulamas\u0131? &#8211; Rekabet Kurulu Marport &#8211; TIL \u0130\u015flemini Yasaklad\u0131"}]},{"@type":"WebSite","@id":"https:\/\/www.esin.av.tr\/tr\/#website","url":"https:\/\/www.esin.av.tr\/tr\/","name":"Esin Avukatl\u0131k Ortakl\u0131\u011f\u0131","description":"","publisher":{"@id":"https:\/\/www.esin.av.tr\/tr\/#organization"},"potentialAction":[{"@type":"SearchAction","target":{"@type":"EntryPoint","urlTemplate":"https:\/\/www.esin.av.tr\/tr\/?s={search_term_string}"},"query-input":{"@type":"PropertyValueSpecification","valueRequired":true,"valueName":"search_term_string"}}],"inLanguage":"tr"},{"@type":"Organization","@id":"https:\/\/www.esin.av.tr\/tr\/#organization","name":"Esin Avukatl\u0131k Ortakl\u0131\u011f\u0131","url":"https:\/\/www.esin.av.tr\/tr\/","logo":{"@type":"ImageObject","inLanguage":"tr","@id":"https:\/\/www.esin.av.tr\/tr\/#\/schema\/logo\/image\/","url":"https:\/\/www.esin.av.tr\/wp-content\/uploads\/2021\/09\/esin-2.jpg","contentUrl":"https:\/\/www.esin.av.tr\/wp-content\/uploads\/2021\/09\/esin-2.jpg","width":800,"height":460,"caption":"Esin Avukatl\u0131k Ortakl\u0131\u011f\u0131"},"image":{"@id":"https:\/\/www.esin.av.tr\/tr\/#\/schema\/logo\/image\/"}},{"@type":"Person","@id":"https:\/\/www.esin.av.tr\/tr\/#\/schema\/person\/42c8e616aab56b8622fa365ad63282ae","name":"R\u0131dvan Konrat","image":{"@type":"ImageObject","inLanguage":"tr","@id":"https:\/\/www.esin.av.tr\/tr\/#\/schema\/person\/image\/","url":"https:\/\/secure.gravatar.com\/avatar\/b20c6c583be38ed4e76e32f69fccc676?s=96&d=mm&r=g","contentUrl":"https:\/\/secure.gravatar.com\/avatar\/b20c6c583be38ed4e76e32f69fccc676?s=96&d=mm&r=g","caption":"R\u0131dvan Konrat"},"sameAs":["http:\/\/www.esin.av.tr"],"url":"https:\/\/www.esin.av.tr\/tr\/author\/rkonrat\/"}]}},"_links":{"self":[{"href":"https:\/\/www.esin.av.tr\/tr\/wp-json\/wp\/v2\/posts\/19045","targetHints":{"allow":["GET"]}}],"collection":[{"href":"https:\/\/www.esin.av.tr\/tr\/wp-json\/wp\/v2\/posts"}],"about":[{"href":"https:\/\/www.esin.av.tr\/tr\/wp-json\/wp\/v2\/types\/post"}],"author":[{"embeddable":true,"href":"https:\/\/www.esin.av.tr\/tr\/wp-json\/wp\/v2\/users\/4"}],"replies":[{"embeddable":true,"href":"https:\/\/www.esin.av.tr\/tr\/wp-json\/wp\/v2\/comments?post=19045"}],"version-history":[{"count":5,"href":"https:\/\/www.esin.av.tr\/tr\/wp-json\/wp\/v2\/posts\/19045\/revisions"}],"predecessor-version":[{"id":19050,"href":"https:\/\/www.esin.av.tr\/tr\/wp-json\/wp\/v2\/posts\/19045\/revisions\/19050"}],"wp:attachment":[{"href":"https:\/\/www.esin.av.tr\/tr\/wp-json\/wp\/v2\/media?parent=19045"}],"wp:term":[{"taxonomy":"category","embeddable":true,"href":"https:\/\/www.esin.av.tr\/tr\/wp-json\/wp\/v2\/categories?post=19045"},{"taxonomy":"post_tag","embeddable":true,"href":"https:\/\/www.esin.av.tr\/tr\/wp-json\/wp\/v2\/tags?post=19045"}],"curies":[{"name":"wp","href":"https:\/\/api.w.org\/{rel}","templated":true}]}}