{"id":18941,"date":"2021-03-08T15:09:56","date_gmt":"2021-03-08T15:09:56","guid":{"rendered":"https:\/\/www.esin.av.tr\/?p=18941"},"modified":"2022-06-09T13:20:32","modified_gmt":"2022-06-09T13:20:32","slug":"anayasa-mahkemesinden-toplu-is-sozlesmelerine-yonelik-karar","status":"publish","type":"post","link":"https:\/\/www.esin.av.tr\/tr\/2021\/03\/08\/anayasa-mahkemesinden-toplu-is-sozlesmelerine-yonelik-karar\/","title":{"rendered":"Anayasa Mahkemesinden Toplu \u0130\u015f S\u00f6zle\u015fmelerine Y\u00f6nelik Karar"},"content":{"rendered":"<p><strong>Yeni Geli\u015fme<\/strong><\/p>\n<p>Anayasa Mahkemesi, 6356 say\u0131l\u0131 Sendikalar ve Toplu \u0130\u015f S\u00f6zle\u015fmesi Kanunu&#8217;nda (&#8220;<strong>Sendikalar Kanunu<\/strong>&#8220;) yer alan ve dayan\u0131\u015fma aidat\u0131 \u00f6deyerek toplu i\u015f s\u00f6zle\u015fmesinden yararlanmak isteyen \u00e7al\u0131\u015fanlar\u0131n, s\u00f6zle\u015fmenin imzalanmas\u0131ndan \u00f6nceki taleplerinin ancak s\u00f6zle\u015fmenin imza tarihi itibariyle h\u00fck\u00fcm ifade etti\u011fini \u00f6ng\u00f6ren h\u00fckm\u00fcn\u00fcn, T\u00fcrkiye Cumhuriyeti Anayasas\u0131&#8217;n\u0131n (&#8220;<strong>Anayasa<\/strong>&#8220;) 13, 51 ve 53. maddelerine ayk\u0131r\u0131 oldu\u011funa ve iptaline karar vermi\u015ftir. Karar, 3 Mart 2021 tarihinde Resmi Gazete&#8217;de yay\u0131mlanm\u0131\u015ft\u0131r. Karara <strong><u><a href=\"https:\/\/urldefense.com\/v3\/__https:\/esinxchange.com\/collect\/click.aspx?u=WXdCUVkyNDRYV0pYNlFpdy9kRUVYUk9rdmZaOVpVdUZnaXkrekdGeHNLWU1qbHZaVFpUbjNvandid0djRWFLYXJrSUdoelBTOHpZb2R2eXhGa25qTml3bHExNG9CcElpb2x3YmNOOGR2Q013bGUvWnozblpNdHlHL0hRRy9oNWg=&amp;rh=ff0074d4be30daaad7202a22f640a8f3dafd20dc__;!!Hj9Y_P0nvg!DNRfpCwEyUiuRWCg9KKOVm_ZfxwP779KHyH4QU0Vw1spqqSGRUsIEIxNALxHnR3nHbd11Q$\">buradan<\/a><\/u><\/strong> ula\u015fabilirsiniz. Bu karar ile birlikte, dayan\u0131\u015fma aidat\u0131 \u00f6deme taleplerini toplu i\u015f s\u00f6zle\u015fmesinin imza tarihinden \u00f6nce ileten \u00e7al\u0131\u015fanlar\u0131n, imza tarihinden \u00f6nceki d\u00f6nem i\u00e7in parasal menfaatler \u00f6ng\u00f6ren h\u00fck\u00fcmlerden yararlanmalar\u0131n\u0131n \u00f6n\u00fc a\u00e7\u0131lm\u0131\u015ft\u0131r.<\/p>\n<p>Toplu i\u015f s\u00f6zle\u015fmeleri ge\u00e7mi\u015fe y\u00f6nelik parasal menfaatler i\u00e7erebilmektedir. \u0130lgili sendikan\u0131n \u00fcyesi olmay\u0131p dayan\u0131\u015fma aidat\u0131 \u00f6deyerek toplu i\u015f s\u00f6zle\u015fmesinden yararlanmak isteyen \u00e7al\u0131\u015fanlar, toplu i\u015f s\u00f6zle\u015fmesinin imza tarihinden \u00f6nce talepte bulunsalar dahi, imza tarihinden \u00f6nceki d\u00f6neme y\u00f6nelik parasal menfaatlerden yararlanamamaktayd\u0131. \u00c7al\u0131\u015fanlar\u0131n bu talepleri ancak, imza tarihi itibariyle h\u00fck\u00fcm do\u011furmaktayd\u0131. Bu bak\u0131mdan, toplu g\u00f6r\u00fc\u015fme ve pazarl\u0131k s\u00fcrecinde i\u015fyerinde \u00e7al\u0131\u015fan, s\u00fcresinde talepte bulunan, dayan\u0131\u015fma aidat\u0131 \u00f6deyen ve fakat taraf sendika \u00fcyesi olmayan \u00e7al\u0131\u015fanlar\u0131n toplu i\u015f s\u00f6zle\u015fmesinde yer alan ve imza tarihinden \u00f6nceki d\u00f6nem i\u00e7in (ge\u00e7mi\u015fe y\u00f6nelik) parasal menfaatler \u00f6ng\u00f6ren h\u00fck\u00fcmlerden yararlanmalar\u0131 m\u00fcmk\u00fcn olamamaktayd\u0131.<\/p>\n<p>Anayasa Mahkemesi, bu durumun \u00e7al\u0131\u015fanlar\u0131n olumsuz sendika hakk\u0131 (<em>sendikaya \u00fcye olmama hakk\u0131<\/em>) ile toplu i\u015f s\u00f6zle\u015fmesi hakk\u0131n\u0131 s\u0131n\u0131rlad\u0131\u011f\u0131na h\u00fckmetmi\u015ftir.<\/p>\n<p><strong>Sonu\u00e7<\/strong><\/p>\n<p>Anayasa Mahkemesi, yukar\u0131da a\u00e7\u0131klanan sebeplerle itiraz konusu h\u00fckm\u00fcn, Anayasa&#8217;n\u0131n 13, 51 ve 53. maddelerine ayk\u0131r\u0131 oldu\u011funu belirtmi\u015f ve Sendikalar Kanunu&#8217;nun 39. maddesinin 4. f\u0131kras\u0131n\u0131n son c\u00fcmlesini iptal etmi\u015ftir. Sonu\u00e7 olarak, art\u0131k dayan\u0131\u015fma aidat\u0131 \u00f6deme taleplerini toplu i\u015f s\u00f6zle\u015fmesinin imza tarihinden \u00f6nce ileten \u00e7al\u0131\u015fanlar\u0131n, imza tarihinden \u00f6nceki d\u00f6nem i\u00e7in parasal menfaatler \u00f6ng\u00f6ren h\u00fck\u00fcmlerden yararlanmalar\u0131 m\u00fcmk\u00fcnd\u00fcr.<\/p>\n","protected":false},"excerpt":{"rendered":"<p>Yeni Geli\u015fme Anayasa Mahkemesi, 6356 say\u0131l\u0131 Sendikalar ve Toplu \u0130\u015f S\u00f6zle\u015fmesi Kanunu&#8217;nda (&#8220;Sendikalar Kanunu&#8220;) yer alan ve dayan\u0131\u015fma aidat\u0131 \u00f6deyerek [&hellip;]<\/p>\n","protected":false},"author":4,"featured_media":0,"comment_status":"closed","ping_status":"closed","sticky":false,"template":"","format":"standard","meta":{"_acf_changed":false,"_stopmodifiedupdate":false,"_modified_date":"","footnotes":""},"categories":[120],"tags":[101],"class_list":["post-18941","post","type-post","status-publish","format-standard","hentry","category-legal-alerts","tag-employment-tr"],"acf":[],"yoast_head":"<!-- This site is optimized with the Yoast SEO plugin v24.0 - https:\/\/yoast.com\/wordpress\/plugins\/seo\/ -->\n<title>Anayasa Mahkemesinden Toplu \u0130\u015f S\u00f6zle\u015fmelerine Y\u00f6nelik Karar<\/title>\n<meta name=\"description\" content=\"Yeni Geli\u015fme Anayasa Mahkemesi, 6356 say\u0131l\u0131 Sendikalar ve Toplu \u0130\u015f S\u00f6zle\u015fmesi Kanunu&#039;nda (&quot;Sendikalar Kanunu&quot;) yer alan ve dayan\u0131\u015fma aidat\u0131 \u00f6deyerek toplu\" \/>\n<meta name=\"robots\" content=\"index, follow, max-snippet:-1, max-image-preview:large, max-video-preview:-1\" \/>\n<link rel=\"canonical\" href=\"https:\/\/www.esin.av.tr\/tr\/2021\/03\/08\/anayasa-mahkemesinden-toplu-is-sozlesmelerine-yonelik-karar\/\" \/>\n<meta property=\"og:locale\" content=\"tr_TR\" \/>\n<meta property=\"og:type\" content=\"article\" \/>\n<meta property=\"og:title\" content=\"Anayasa Mahkemesinden Toplu \u0130\u015f S\u00f6zle\u015fmelerine Y\u00f6nelik Karar\" \/>\n<meta property=\"og:description\" content=\"Yeni Geli\u015fme Anayasa Mahkemesi, 6356 say\u0131l\u0131 Sendikalar ve Toplu \u0130\u015f S\u00f6zle\u015fmesi Kanunu&#039;nda (&quot;Sendikalar Kanunu&quot;) yer alan ve dayan\u0131\u015fma aidat\u0131 \u00f6deyerek toplu\" \/>\n<meta property=\"og:url\" content=\"https:\/\/www.esin.av.tr\/tr\/2021\/03\/08\/anayasa-mahkemesinden-toplu-is-sozlesmelerine-yonelik-karar\/\" \/>\n<meta property=\"og:site_name\" content=\"Esin Avukatl\u0131k Ortakl\u0131\u011f\u0131\" \/>\n<meta property=\"article:published_time\" content=\"2021-03-08T15:09:56+00:00\" \/>\n<meta property=\"article:modified_time\" content=\"2022-06-09T13:20:32+00:00\" \/>\n<meta name=\"author\" content=\"R\u0131dvan Konrat\" \/>\n<meta name=\"twitter:card\" content=\"summary_large_image\" \/>\n<meta name=\"twitter:label1\" content=\"Written by\" \/>\n\t<meta name=\"twitter:data1\" content=\"R\u0131dvan Konrat\" \/>\n\t<meta name=\"twitter:label2\" content=\"Est. reading time\" \/>\n\t<meta name=\"twitter:data2\" content=\"2 minutes\" \/>\n<script type=\"application\/ld+json\" class=\"yoast-schema-graph\">{\"@context\":\"https:\/\/schema.org\",\"@graph\":[{\"@type\":\"Article\",\"@id\":\"https:\/\/www.esin.av.tr\/tr\/2021\/03\/08\/anayasa-mahkemesinden-toplu-is-sozlesmelerine-yonelik-karar\/#article\",\"isPartOf\":{\"@id\":\"https:\/\/www.esin.av.tr\/tr\/2021\/03\/08\/anayasa-mahkemesinden-toplu-is-sozlesmelerine-yonelik-karar\/\"},\"author\":{\"name\":\"R\u0131dvan Konrat\",\"@id\":\"https:\/\/www.esin.av.tr\/tr\/#\/schema\/person\/42c8e616aab56b8622fa365ad63282ae\"},\"headline\":\"Anayasa Mahkemesinden Toplu \u0130\u015f S\u00f6zle\u015fmelerine Y\u00f6nelik Karar\",\"datePublished\":\"2021-03-08T15:09:56+00:00\",\"dateModified\":\"2022-06-09T13:20:32+00:00\",\"mainEntityOfPage\":{\"@id\":\"https:\/\/www.esin.av.tr\/tr\/2021\/03\/08\/anayasa-mahkemesinden-toplu-is-sozlesmelerine-yonelik-karar\/\"},\"wordCount\":384,\"publisher\":{\"@id\":\"https:\/\/www.esin.av.tr\/tr\/#organization\"},\"keywords\":[\"\u0130\u015f Hukuku\"],\"articleSection\":[\"Hukuk B\u00fcltenleri\"],\"inLanguage\":\"tr\"},{\"@type\":\"WebPage\",\"@id\":\"https:\/\/www.esin.av.tr\/tr\/2021\/03\/08\/anayasa-mahkemesinden-toplu-is-sozlesmelerine-yonelik-karar\/\",\"url\":\"https:\/\/www.esin.av.tr\/tr\/2021\/03\/08\/anayasa-mahkemesinden-toplu-is-sozlesmelerine-yonelik-karar\/\",\"name\":\"Anayasa Mahkemesinden Toplu \u0130\u015f S\u00f6zle\u015fmelerine Y\u00f6nelik Karar\",\"isPartOf\":{\"@id\":\"https:\/\/www.esin.av.tr\/tr\/#website\"},\"datePublished\":\"2021-03-08T15:09:56+00:00\",\"dateModified\":\"2022-06-09T13:20:32+00:00\",\"description\":\"Yeni Geli\u015fme Anayasa Mahkemesi, 6356 say\u0131l\u0131 Sendikalar ve Toplu \u0130\u015f S\u00f6zle\u015fmesi Kanunu'nda (\\\"Sendikalar Kanunu\\\") yer alan ve dayan\u0131\u015fma aidat\u0131 \u00f6deyerek toplu\",\"breadcrumb\":{\"@id\":\"https:\/\/www.esin.av.tr\/tr\/2021\/03\/08\/anayasa-mahkemesinden-toplu-is-sozlesmelerine-yonelik-karar\/#breadcrumb\"},\"inLanguage\":\"tr\",\"potentialAction\":[{\"@type\":\"ReadAction\",\"target\":[\"https:\/\/www.esin.av.tr\/tr\/2021\/03\/08\/anayasa-mahkemesinden-toplu-is-sozlesmelerine-yonelik-karar\/\"]}]},{\"@type\":\"BreadcrumbList\",\"@id\":\"https:\/\/www.esin.av.tr\/tr\/2021\/03\/08\/anayasa-mahkemesinden-toplu-is-sozlesmelerine-yonelik-karar\/#breadcrumb\",\"itemListElement\":[{\"@type\":\"ListItem\",\"position\":1,\"name\":\"Home\",\"item\":\"https:\/\/www.esin.av.tr\/tr\/\"},{\"@type\":\"ListItem\",\"position\":2,\"name\":\"Anayasa Mahkemesinden Toplu \u0130\u015f S\u00f6zle\u015fmelerine Y\u00f6nelik Karar\"}]},{\"@type\":\"WebSite\",\"@id\":\"https:\/\/www.esin.av.tr\/tr\/#website\",\"url\":\"https:\/\/www.esin.av.tr\/tr\/\",\"name\":\"Esin Avukatl\u0131k Ortakl\u0131\u011f\u0131\",\"description\":\"\",\"publisher\":{\"@id\":\"https:\/\/www.esin.av.tr\/tr\/#organization\"},\"potentialAction\":[{\"@type\":\"SearchAction\",\"target\":{\"@type\":\"EntryPoint\",\"urlTemplate\":\"https:\/\/www.esin.av.tr\/tr\/?s={search_term_string}\"},\"query-input\":{\"@type\":\"PropertyValueSpecification\",\"valueRequired\":true,\"valueName\":\"search_term_string\"}}],\"inLanguage\":\"tr\"},{\"@type\":\"Organization\",\"@id\":\"https:\/\/www.esin.av.tr\/tr\/#organization\",\"name\":\"Esin Avukatl\u0131k Ortakl\u0131\u011f\u0131\",\"url\":\"https:\/\/www.esin.av.tr\/tr\/\",\"logo\":{\"@type\":\"ImageObject\",\"inLanguage\":\"tr\",\"@id\":\"https:\/\/www.esin.av.tr\/tr\/#\/schema\/logo\/image\/\",\"url\":\"https:\/\/www.esin.av.tr\/wp-content\/uploads\/2021\/09\/esin-2.jpg\",\"contentUrl\":\"https:\/\/www.esin.av.tr\/wp-content\/uploads\/2021\/09\/esin-2.jpg\",\"width\":800,\"height\":460,\"caption\":\"Esin Avukatl\u0131k Ortakl\u0131\u011f\u0131\"},\"image\":{\"@id\":\"https:\/\/www.esin.av.tr\/tr\/#\/schema\/logo\/image\/\"}},{\"@type\":\"Person\",\"@id\":\"https:\/\/www.esin.av.tr\/tr\/#\/schema\/person\/42c8e616aab56b8622fa365ad63282ae\",\"name\":\"R\u0131dvan Konrat\",\"image\":{\"@type\":\"ImageObject\",\"inLanguage\":\"tr\",\"@id\":\"https:\/\/www.esin.av.tr\/tr\/#\/schema\/person\/image\/\",\"url\":\"https:\/\/secure.gravatar.com\/avatar\/b20c6c583be38ed4e76e32f69fccc676?s=96&d=mm&r=g\",\"contentUrl\":\"https:\/\/secure.gravatar.com\/avatar\/b20c6c583be38ed4e76e32f69fccc676?s=96&d=mm&r=g\",\"caption\":\"R\u0131dvan Konrat\"},\"sameAs\":[\"http:\/\/www.esin.av.tr\"],\"url\":\"https:\/\/www.esin.av.tr\/tr\/author\/rkonrat\/\"}]}<\/script>\n<!-- \/ Yoast SEO plugin. -->","yoast_head_json":{"title":"Anayasa Mahkemesinden Toplu \u0130\u015f S\u00f6zle\u015fmelerine Y\u00f6nelik Karar","description":"Yeni Geli\u015fme Anayasa Mahkemesi, 6356 say\u0131l\u0131 Sendikalar ve Toplu \u0130\u015f S\u00f6zle\u015fmesi Kanunu'nda (\"Sendikalar Kanunu\") yer alan ve dayan\u0131\u015fma aidat\u0131 \u00f6deyerek toplu","robots":{"index":"index","follow":"follow","max-snippet":"max-snippet:-1","max-image-preview":"max-image-preview:large","max-video-preview":"max-video-preview:-1"},"canonical":"https:\/\/www.esin.av.tr\/tr\/2021\/03\/08\/anayasa-mahkemesinden-toplu-is-sozlesmelerine-yonelik-karar\/","og_locale":"tr_TR","og_type":"article","og_title":"Anayasa Mahkemesinden Toplu \u0130\u015f S\u00f6zle\u015fmelerine Y\u00f6nelik Karar","og_description":"Yeni Geli\u015fme Anayasa Mahkemesi, 6356 say\u0131l\u0131 Sendikalar ve Toplu \u0130\u015f S\u00f6zle\u015fmesi Kanunu'nda (\"Sendikalar Kanunu\") yer alan ve dayan\u0131\u015fma aidat\u0131 \u00f6deyerek toplu","og_url":"https:\/\/www.esin.av.tr\/tr\/2021\/03\/08\/anayasa-mahkemesinden-toplu-is-sozlesmelerine-yonelik-karar\/","og_site_name":"Esin Avukatl\u0131k Ortakl\u0131\u011f\u0131","article_published_time":"2021-03-08T15:09:56+00:00","article_modified_time":"2022-06-09T13:20:32+00:00","author":"R\u0131dvan Konrat","twitter_card":"summary_large_image","twitter_misc":{"Written by":"R\u0131dvan Konrat","Est. reading time":"2 minutes"},"schema":{"@context":"https:\/\/schema.org","@graph":[{"@type":"Article","@id":"https:\/\/www.esin.av.tr\/tr\/2021\/03\/08\/anayasa-mahkemesinden-toplu-is-sozlesmelerine-yonelik-karar\/#article","isPartOf":{"@id":"https:\/\/www.esin.av.tr\/tr\/2021\/03\/08\/anayasa-mahkemesinden-toplu-is-sozlesmelerine-yonelik-karar\/"},"author":{"name":"R\u0131dvan Konrat","@id":"https:\/\/www.esin.av.tr\/tr\/#\/schema\/person\/42c8e616aab56b8622fa365ad63282ae"},"headline":"Anayasa Mahkemesinden Toplu \u0130\u015f S\u00f6zle\u015fmelerine Y\u00f6nelik Karar","datePublished":"2021-03-08T15:09:56+00:00","dateModified":"2022-06-09T13:20:32+00:00","mainEntityOfPage":{"@id":"https:\/\/www.esin.av.tr\/tr\/2021\/03\/08\/anayasa-mahkemesinden-toplu-is-sozlesmelerine-yonelik-karar\/"},"wordCount":384,"publisher":{"@id":"https:\/\/www.esin.av.tr\/tr\/#organization"},"keywords":["\u0130\u015f Hukuku"],"articleSection":["Hukuk B\u00fcltenleri"],"inLanguage":"tr"},{"@type":"WebPage","@id":"https:\/\/www.esin.av.tr\/tr\/2021\/03\/08\/anayasa-mahkemesinden-toplu-is-sozlesmelerine-yonelik-karar\/","url":"https:\/\/www.esin.av.tr\/tr\/2021\/03\/08\/anayasa-mahkemesinden-toplu-is-sozlesmelerine-yonelik-karar\/","name":"Anayasa Mahkemesinden Toplu \u0130\u015f S\u00f6zle\u015fmelerine Y\u00f6nelik Karar","isPartOf":{"@id":"https:\/\/www.esin.av.tr\/tr\/#website"},"datePublished":"2021-03-08T15:09:56+00:00","dateModified":"2022-06-09T13:20:32+00:00","description":"Yeni Geli\u015fme Anayasa Mahkemesi, 6356 say\u0131l\u0131 Sendikalar ve Toplu \u0130\u015f S\u00f6zle\u015fmesi Kanunu'nda (\"Sendikalar Kanunu\") yer alan ve dayan\u0131\u015fma aidat\u0131 \u00f6deyerek toplu","breadcrumb":{"@id":"https:\/\/www.esin.av.tr\/tr\/2021\/03\/08\/anayasa-mahkemesinden-toplu-is-sozlesmelerine-yonelik-karar\/#breadcrumb"},"inLanguage":"tr","potentialAction":[{"@type":"ReadAction","target":["https:\/\/www.esin.av.tr\/tr\/2021\/03\/08\/anayasa-mahkemesinden-toplu-is-sozlesmelerine-yonelik-karar\/"]}]},{"@type":"BreadcrumbList","@id":"https:\/\/www.esin.av.tr\/tr\/2021\/03\/08\/anayasa-mahkemesinden-toplu-is-sozlesmelerine-yonelik-karar\/#breadcrumb","itemListElement":[{"@type":"ListItem","position":1,"name":"Home","item":"https:\/\/www.esin.av.tr\/tr\/"},{"@type":"ListItem","position":2,"name":"Anayasa Mahkemesinden Toplu \u0130\u015f S\u00f6zle\u015fmelerine Y\u00f6nelik Karar"}]},{"@type":"WebSite","@id":"https:\/\/www.esin.av.tr\/tr\/#website","url":"https:\/\/www.esin.av.tr\/tr\/","name":"Esin Avukatl\u0131k Ortakl\u0131\u011f\u0131","description":"","publisher":{"@id":"https:\/\/www.esin.av.tr\/tr\/#organization"},"potentialAction":[{"@type":"SearchAction","target":{"@type":"EntryPoint","urlTemplate":"https:\/\/www.esin.av.tr\/tr\/?s={search_term_string}"},"query-input":{"@type":"PropertyValueSpecification","valueRequired":true,"valueName":"search_term_string"}}],"inLanguage":"tr"},{"@type":"Organization","@id":"https:\/\/www.esin.av.tr\/tr\/#organization","name":"Esin Avukatl\u0131k Ortakl\u0131\u011f\u0131","url":"https:\/\/www.esin.av.tr\/tr\/","logo":{"@type":"ImageObject","inLanguage":"tr","@id":"https:\/\/www.esin.av.tr\/tr\/#\/schema\/logo\/image\/","url":"https:\/\/www.esin.av.tr\/wp-content\/uploads\/2021\/09\/esin-2.jpg","contentUrl":"https:\/\/www.esin.av.tr\/wp-content\/uploads\/2021\/09\/esin-2.jpg","width":800,"height":460,"caption":"Esin Avukatl\u0131k Ortakl\u0131\u011f\u0131"},"image":{"@id":"https:\/\/www.esin.av.tr\/tr\/#\/schema\/logo\/image\/"}},{"@type":"Person","@id":"https:\/\/www.esin.av.tr\/tr\/#\/schema\/person\/42c8e616aab56b8622fa365ad63282ae","name":"R\u0131dvan Konrat","image":{"@type":"ImageObject","inLanguage":"tr","@id":"https:\/\/www.esin.av.tr\/tr\/#\/schema\/person\/image\/","url":"https:\/\/secure.gravatar.com\/avatar\/b20c6c583be38ed4e76e32f69fccc676?s=96&d=mm&r=g","contentUrl":"https:\/\/secure.gravatar.com\/avatar\/b20c6c583be38ed4e76e32f69fccc676?s=96&d=mm&r=g","caption":"R\u0131dvan Konrat"},"sameAs":["http:\/\/www.esin.av.tr"],"url":"https:\/\/www.esin.av.tr\/tr\/author\/rkonrat\/"}]}},"_links":{"self":[{"href":"https:\/\/www.esin.av.tr\/tr\/wp-json\/wp\/v2\/posts\/18941","targetHints":{"allow":["GET"]}}],"collection":[{"href":"https:\/\/www.esin.av.tr\/tr\/wp-json\/wp\/v2\/posts"}],"about":[{"href":"https:\/\/www.esin.av.tr\/tr\/wp-json\/wp\/v2\/types\/post"}],"author":[{"embeddable":true,"href":"https:\/\/www.esin.av.tr\/tr\/wp-json\/wp\/v2\/users\/4"}],"replies":[{"embeddable":true,"href":"https:\/\/www.esin.av.tr\/tr\/wp-json\/wp\/v2\/comments?post=18941"}],"version-history":[{"count":1,"href":"https:\/\/www.esin.av.tr\/tr\/wp-json\/wp\/v2\/posts\/18941\/revisions"}],"predecessor-version":[{"id":18942,"href":"https:\/\/www.esin.av.tr\/tr\/wp-json\/wp\/v2\/posts\/18941\/revisions\/18942"}],"wp:attachment":[{"href":"https:\/\/www.esin.av.tr\/tr\/wp-json\/wp\/v2\/media?parent=18941"}],"wp:term":[{"taxonomy":"category","embeddable":true,"href":"https:\/\/www.esin.av.tr\/tr\/wp-json\/wp\/v2\/categories?post=18941"},{"taxonomy":"post_tag","embeddable":true,"href":"https:\/\/www.esin.av.tr\/tr\/wp-json\/wp\/v2\/tags?post=18941"}],"curies":[{"name":"wp","href":"https:\/\/api.w.org\/{rel}","templated":true}]}}