{"id":18641,"date":"2021-02-01T12:07:45","date_gmt":"2021-02-01T12:07:45","guid":{"rendered":"https:\/\/www.esin.av.tr\/?p=18641"},"modified":"2022-06-09T13:14:36","modified_gmt":"2022-06-09T13:14:36","slug":"yeni-yekdem-belirlendi","status":"publish","type":"post","link":"https:\/\/www.esin.av.tr\/tr\/2021\/02\/01\/yeni-yekdem-belirlendi\/","title":{"rendered":"Yeni YEKDEM Belirlendi"},"content":{"rendered":"<p><strong>Yeni Geli\u015fmeler<\/strong><\/p>\n<p><strong><u><a href=\"https:\/\/urldefense.com\/v3\/__https:\/esinxchange.com\/collect\/click.aspx?u=d2xUcjMyMnp1RjROTGMwajBmYnZ5YjU1dStveVI4L0dLcXF3aVQ2emNkWEs3aTF1dEt6bUVSWDMxUmhIUkpPck5JTWoweHkvb0tBRk51alNWa0pmTWtYRVhHQm5rYTBVa0c2QzlTVFcwQ1F4N0dNcFNqbHlQMWlEYkc3aHpUWkE1dkg3QmNERlZWc2UvT2JqcTdKT1g2WkVhUi8wSTVzdE5xNVZjQXFxZGs2QUpqMG5oZ3QvRkE9PQ==&amp;rh=ff00725e2c30fd650efd611067489ee9251b341b__;!!Hj9Y_P0nvg!Gmu8uxhrvhmg9G6-kcEKc8nZ4snARtmpy6ph05ZXF0lZvPLEsZzrkNaREnZDgROBusI8Yw$\">4 Aral\u0131k 2020 tarihli Hukuk B\u00fcltenimizde belirtti\u011fimiz \u00fczere<\/a><\/u><\/strong>, Haziran 2021&#8217;den sonra i\u015fletmeye girecek yenilenebilir enerjiye dayal\u0131 elektrik \u00fcretim tesislerine uygulanacak destekleme mekanizmas\u0131 (&#8220;<strong>YEKDEM<\/strong>&#8220;) i\u00e7in Cumhurba\u015fkan\u0131 karar\u0131 beklenmekteydi.<\/p>\n<p>S\u00f6z konusu d\u00fczenlemeyi yapan 3453 say\u0131l\u0131 Cumhurba\u015fkan\u0131 Karar\u0131 30 Ocak 2021 tarihli Resmi Gazete&#8217;de yay\u0131mland\u0131 (&#8220;<strong>Karar<\/strong>&#8220;).<\/p>\n<p><strong>Karar Ne Gibi D\u00fczenlemeler \u0130\u00e7eriyor?<\/strong><\/p>\n<p>1 Temmuz 2021 tarihinden 31 Aral\u0131k 2025 tarihine kadar i\u015fletmeye girecek yenilenebilir enerji kayna\u011f\u0131 belgeli elektrik \u00fcretim tesisleri i\u00e7in YEKDEM \u015fu \u015fekilde uygulanacak:<\/p>\n<p><strong>S\u00fcre:<\/strong> YEKDEM fiyat\u0131 uygulama s\u00fcresi 10 y\u0131l, yerli katk\u0131 fiyat\u0131 uygulama s\u00fcresi ise 5 y\u0131l olacak.<\/p>\n<p><strong>YEKDEM ve yerli katk\u0131 fiyatlar\u0131:<\/strong> Fiyatlar T\u00fcrk Liras\u0131 cinsinden a\u015fa\u011f\u0131da Tablo-1&#8217;de g\u00f6sterildi\u011fi \u015fekilde belirlendi ve \u00fc\u00e7er ayl\u0131k d\u00f6nemler i\u00e7in g\u00fcncellenecek. G\u00fcncelleme hem \u00dcFE ve T\u00dcFE hem de ABD dolar\u0131 ve avro al\u0131\u015f kurlar\u0131na g\u00f6re yap\u0131lacak.<\/p>\n<p><strong>\u0130lk fiyat g\u00fcncellemesi: <\/strong>\u0130lk g\u00fcncelleme 1 Nisan 2021 tarihinde a\u015fa\u011f\u0131da Tablo 1&#8217;de belirtilen fiyatlar dikkate al\u0131narak yap\u0131lacak.<\/p>\n<p><strong>YEKDEM fiyatlar\u0131 i\u00e7in \u00fcst s\u0131n\u0131r: <\/strong>YEKDEM fiyatlar\u0131 i\u00e7in a\u015fa\u011f\u0131da Tablo-1&#8217;de g\u00f6sterildi\u011fi \u015fekilde ABD dolar\u0131 cinsinden \u00fcst s\u0131n\u0131r d\u00fczenlendi. Buna g\u00f6re, herhangi bir d\u00f6neme ait YEKDEM fiyat\u0131n\u0131n ilgili d\u00f6nemin ilk ay\u0131ndan \u00f6nceki ikinci, \u00fc\u00e7\u00fcnc\u00fc ve d\u00f6rd\u00fcnc\u00fc aylar\u0131nda T\u00fcrkiye Cumhuriyet Merkez Bankas\u0131 taraf\u0131ndan yay\u0131mlanan g\u00fcnl\u00fck ABD dolar\u0131 al\u0131\u015f kurlar\u0131n\u0131n ortalamas\u0131 kullan\u0131larak hesaplanacak kar\u015f\u0131l\u0131\u011f\u0131, ilgili tesis i\u00e7in ABD dolar\u0131 cinsinden belirlenen \u00fcst s\u0131n\u0131r fiyat\u0131ndan fazla olamayacak.<br \/>\n\u200b<br \/>\n<strong>Sonu\u00e7<\/strong><\/p>\n<p>Karar, Haziran 2021&#8217;den sonra i\u015fletmeye al\u0131nacak tesisler i\u00e7in yeni YEKDEM&#8217;i belirledi, s\u00f6z konusu tarihten \u00f6nce i\u015fletmeye giren tesisler i\u00e7in ise herhangi bir de\u011fi\u015fiklik i\u00e7ermiyor.<\/p>\n<p><strong>Tablo 1<\/strong><\/p>\n<table>\n<tbody>\n<tr>\n<td colspan=\"2\" width=\"210\">Tesis T\u00fcr\u00fc<\/td>\n<td width=\"136\">YEKDEM Fiyat\u0131<br \/>\nT\u00fcrk Liras\u0131 kuru\u015f\/kWh<\/td>\n<td width=\"123\">YEKDEM \u00dcst S\u0131n\u0131r Fiyat\u0131 ABD Dolar\u0131-cent\/kWh<\/td>\n<td width=\"136\">Yerli Katk\u0131 Fiyat\u0131<br \/>\nT\u00fcrk Liras\u0131 kuru\u015f\/kWh<\/td>\n<\/tr>\n<tr>\n<td colspan=\"2\" width=\"210\">Hidroelektrik<\/td>\n<td width=\"136\">40,00<\/td>\n<td width=\"123\">6,40<\/td>\n<td width=\"136\">8<\/td>\n<\/tr>\n<tr>\n<td colspan=\"2\" width=\"210\">R\u00fczgar<\/td>\n<td width=\"136\">32,00<\/td>\n<td width=\"123\">5,10<\/td>\n<td width=\"136\">8<\/td>\n<\/tr>\n<tr>\n<td colspan=\"2\" width=\"210\">Jeotermal<\/td>\n<td width=\"136\">54,00<\/td>\n<td width=\"123\">8,60<\/td>\n<td width=\"136\">8<\/td>\n<\/tr>\n<tr>\n<td rowspan=\"3\" width=\"86\">Biyok\u00fctle<\/td>\n<td width=\"124\">\u00c7\u00f6p gaz\u0131 \/ at\u0131k lastiklerin i\u015flenmesi sonucu ortaya \u00e7\u0131kan yan \u00fcr\u00fcnlerden elde edilen kaynaklar<\/td>\n<td width=\"136\">32,00<\/td>\n<td width=\"123\">5,10<\/td>\n<td width=\"136\">8<\/td>\n<\/tr>\n<tr>\n<td width=\"124\">Biyometanizasyon<\/td>\n<td width=\"136\">54,00<\/td>\n<td width=\"123\">8,60<\/td>\n<td width=\"136\">8<\/td>\n<\/tr>\n<tr>\n<td width=\"124\">Termal bertaraf<\/td>\n<td width=\"136\">50,00<\/td>\n<td width=\"123\">8,00<\/td>\n<td width=\"136\">8<\/td>\n<\/tr>\n<tr>\n<td colspan=\"2\" width=\"210\">G\u00fcne\u015f<\/td>\n<td width=\"136\">32,00<\/td>\n<td width=\"123\">5,10<\/td>\n<td width=\"136\">8<\/td>\n<\/tr>\n<\/tbody>\n<\/table>\n<p>&nbsp;<\/p>\n","protected":false},"excerpt":{"rendered":"<p>Yeni Geli\u015fmeler 4 Aral\u0131k 2020 tarihli Hukuk B\u00fcltenimizde belirtti\u011fimiz \u00fczere, Haziran 2021&#8217;den sonra i\u015fletmeye girecek yenilenebilir enerjiye dayal\u0131 elektrik \u00fcretim [&hellip;]<\/p>\n","protected":false},"author":4,"featured_media":0,"comment_status":"closed","ping_status":"closed","sticky":false,"template":"","format":"standard","meta":{"_acf_changed":false,"_stopmodifiedupdate":false,"_modified_date":"","footnotes":""},"categories":[120],"tags":[],"class_list":["post-18641","post","type-post","status-publish","format-standard","hentry","category-legal-alerts"],"acf":[],"yoast_head":"<!-- This site is optimized with the Yoast SEO plugin v24.0 - https:\/\/yoast.com\/wordpress\/plugins\/seo\/ -->\n<title>Yeni YEKDEM Belirlendi<\/title>\n<meta name=\"description\" content=\"Yeni Geli\u015fmeler 4 Aral\u0131k 2020 tarihli Hukuk B\u00fcltenimizde belirtti\u011fimiz \u00fczere, Haziran 2021&#039;den sonra i\u015fletmeye girecek yenilenebilir enerjiye dayal\u0131\" \/>\n<meta name=\"robots\" content=\"index, follow, max-snippet:-1, max-image-preview:large, max-video-preview:-1\" \/>\n<link rel=\"canonical\" href=\"https:\/\/www.esin.av.tr\/tr\/2021\/02\/01\/yeni-yekdem-belirlendi\/\" \/>\n<meta property=\"og:locale\" content=\"tr_TR\" \/>\n<meta property=\"og:type\" content=\"article\" \/>\n<meta property=\"og:title\" content=\"Yeni YEKDEM Belirlendi\" \/>\n<meta property=\"og:description\" content=\"Yeni Geli\u015fmeler 4 Aral\u0131k 2020 tarihli Hukuk B\u00fcltenimizde belirtti\u011fimiz \u00fczere, Haziran 2021&#039;den sonra i\u015fletmeye girecek yenilenebilir enerjiye dayal\u0131\" \/>\n<meta property=\"og:url\" content=\"https:\/\/www.esin.av.tr\/tr\/2021\/02\/01\/yeni-yekdem-belirlendi\/\" \/>\n<meta property=\"og:site_name\" content=\"Esin Avukatl\u0131k Ortakl\u0131\u011f\u0131\" \/>\n<meta property=\"article:published_time\" content=\"2021-02-01T12:07:45+00:00\" \/>\n<meta property=\"article:modified_time\" content=\"2022-06-09T13:14:36+00:00\" \/>\n<meta name=\"author\" content=\"R\u0131dvan Konrat\" \/>\n<meta name=\"twitter:card\" content=\"summary_large_image\" \/>\n<meta name=\"twitter:label1\" content=\"Written by\" \/>\n\t<meta name=\"twitter:data1\" content=\"R\u0131dvan Konrat\" \/>\n\t<meta name=\"twitter:label2\" content=\"Est. reading time\" \/>\n\t<meta name=\"twitter:data2\" content=\"2 minutes\" \/>\n<script type=\"application\/ld+json\" class=\"yoast-schema-graph\">{\"@context\":\"https:\/\/schema.org\",\"@graph\":[{\"@type\":\"Article\",\"@id\":\"https:\/\/www.esin.av.tr\/tr\/2021\/02\/01\/yeni-yekdem-belirlendi\/#article\",\"isPartOf\":{\"@id\":\"https:\/\/www.esin.av.tr\/tr\/2021\/02\/01\/yeni-yekdem-belirlendi\/\"},\"author\":{\"name\":\"R\u0131dvan Konrat\",\"@id\":\"https:\/\/www.esin.av.tr\/tr\/#\/schema\/person\/42c8e616aab56b8622fa365ad63282ae\"},\"headline\":\"Yeni YEKDEM Belirlendi\",\"datePublished\":\"2021-02-01T12:07:45+00:00\",\"dateModified\":\"2022-06-09T13:14:36+00:00\",\"mainEntityOfPage\":{\"@id\":\"https:\/\/www.esin.av.tr\/tr\/2021\/02\/01\/yeni-yekdem-belirlendi\/\"},\"wordCount\":363,\"publisher\":{\"@id\":\"https:\/\/www.esin.av.tr\/tr\/#organization\"},\"articleSection\":[\"Hukuk B\u00fcltenleri\"],\"inLanguage\":\"tr\"},{\"@type\":\"WebPage\",\"@id\":\"https:\/\/www.esin.av.tr\/tr\/2021\/02\/01\/yeni-yekdem-belirlendi\/\",\"url\":\"https:\/\/www.esin.av.tr\/tr\/2021\/02\/01\/yeni-yekdem-belirlendi\/\",\"name\":\"Yeni YEKDEM Belirlendi\",\"isPartOf\":{\"@id\":\"https:\/\/www.esin.av.tr\/tr\/#website\"},\"datePublished\":\"2021-02-01T12:07:45+00:00\",\"dateModified\":\"2022-06-09T13:14:36+00:00\",\"description\":\"Yeni Geli\u015fmeler 4 Aral\u0131k 2020 tarihli Hukuk B\u00fcltenimizde belirtti\u011fimiz \u00fczere, Haziran 2021'den sonra i\u015fletmeye girecek yenilenebilir enerjiye dayal\u0131\",\"breadcrumb\":{\"@id\":\"https:\/\/www.esin.av.tr\/tr\/2021\/02\/01\/yeni-yekdem-belirlendi\/#breadcrumb\"},\"inLanguage\":\"tr\",\"potentialAction\":[{\"@type\":\"ReadAction\",\"target\":[\"https:\/\/www.esin.av.tr\/tr\/2021\/02\/01\/yeni-yekdem-belirlendi\/\"]}]},{\"@type\":\"BreadcrumbList\",\"@id\":\"https:\/\/www.esin.av.tr\/tr\/2021\/02\/01\/yeni-yekdem-belirlendi\/#breadcrumb\",\"itemListElement\":[{\"@type\":\"ListItem\",\"position\":1,\"name\":\"Home\",\"item\":\"https:\/\/www.esin.av.tr\/tr\/\"},{\"@type\":\"ListItem\",\"position\":2,\"name\":\"Yeni YEKDEM Belirlendi\"}]},{\"@type\":\"WebSite\",\"@id\":\"https:\/\/www.esin.av.tr\/tr\/#website\",\"url\":\"https:\/\/www.esin.av.tr\/tr\/\",\"name\":\"Esin Avukatl\u0131k Ortakl\u0131\u011f\u0131\",\"description\":\"\",\"publisher\":{\"@id\":\"https:\/\/www.esin.av.tr\/tr\/#organization\"},\"potentialAction\":[{\"@type\":\"SearchAction\",\"target\":{\"@type\":\"EntryPoint\",\"urlTemplate\":\"https:\/\/www.esin.av.tr\/tr\/?s={search_term_string}\"},\"query-input\":{\"@type\":\"PropertyValueSpecification\",\"valueRequired\":true,\"valueName\":\"search_term_string\"}}],\"inLanguage\":\"tr\"},{\"@type\":\"Organization\",\"@id\":\"https:\/\/www.esin.av.tr\/tr\/#organization\",\"name\":\"Esin Avukatl\u0131k Ortakl\u0131\u011f\u0131\",\"url\":\"https:\/\/www.esin.av.tr\/tr\/\",\"logo\":{\"@type\":\"ImageObject\",\"inLanguage\":\"tr\",\"@id\":\"https:\/\/www.esin.av.tr\/tr\/#\/schema\/logo\/image\/\",\"url\":\"https:\/\/www.esin.av.tr\/wp-content\/uploads\/2021\/09\/esin-2.jpg\",\"contentUrl\":\"https:\/\/www.esin.av.tr\/wp-content\/uploads\/2021\/09\/esin-2.jpg\",\"width\":800,\"height\":460,\"caption\":\"Esin Avukatl\u0131k Ortakl\u0131\u011f\u0131\"},\"image\":{\"@id\":\"https:\/\/www.esin.av.tr\/tr\/#\/schema\/logo\/image\/\"}},{\"@type\":\"Person\",\"@id\":\"https:\/\/www.esin.av.tr\/tr\/#\/schema\/person\/42c8e616aab56b8622fa365ad63282ae\",\"name\":\"R\u0131dvan Konrat\",\"image\":{\"@type\":\"ImageObject\",\"inLanguage\":\"tr\",\"@id\":\"https:\/\/www.esin.av.tr\/tr\/#\/schema\/person\/image\/\",\"url\":\"https:\/\/secure.gravatar.com\/avatar\/b20c6c583be38ed4e76e32f69fccc676?s=96&d=mm&r=g\",\"contentUrl\":\"https:\/\/secure.gravatar.com\/avatar\/b20c6c583be38ed4e76e32f69fccc676?s=96&d=mm&r=g\",\"caption\":\"R\u0131dvan Konrat\"},\"sameAs\":[\"http:\/\/www.esin.av.tr\"],\"url\":\"https:\/\/www.esin.av.tr\/tr\/author\/rkonrat\/\"}]}<\/script>\n<!-- \/ Yoast SEO plugin. -->","yoast_head_json":{"title":"Yeni YEKDEM Belirlendi","description":"Yeni Geli\u015fmeler 4 Aral\u0131k 2020 tarihli Hukuk B\u00fcltenimizde belirtti\u011fimiz \u00fczere, Haziran 2021'den sonra i\u015fletmeye girecek yenilenebilir enerjiye dayal\u0131","robots":{"index":"index","follow":"follow","max-snippet":"max-snippet:-1","max-image-preview":"max-image-preview:large","max-video-preview":"max-video-preview:-1"},"canonical":"https:\/\/www.esin.av.tr\/tr\/2021\/02\/01\/yeni-yekdem-belirlendi\/","og_locale":"tr_TR","og_type":"article","og_title":"Yeni YEKDEM Belirlendi","og_description":"Yeni Geli\u015fmeler 4 Aral\u0131k 2020 tarihli Hukuk B\u00fcltenimizde belirtti\u011fimiz \u00fczere, Haziran 2021'den sonra i\u015fletmeye girecek yenilenebilir enerjiye dayal\u0131","og_url":"https:\/\/www.esin.av.tr\/tr\/2021\/02\/01\/yeni-yekdem-belirlendi\/","og_site_name":"Esin Avukatl\u0131k Ortakl\u0131\u011f\u0131","article_published_time":"2021-02-01T12:07:45+00:00","article_modified_time":"2022-06-09T13:14:36+00:00","author":"R\u0131dvan Konrat","twitter_card":"summary_large_image","twitter_misc":{"Written by":"R\u0131dvan Konrat","Est. reading time":"2 minutes"},"schema":{"@context":"https:\/\/schema.org","@graph":[{"@type":"Article","@id":"https:\/\/www.esin.av.tr\/tr\/2021\/02\/01\/yeni-yekdem-belirlendi\/#article","isPartOf":{"@id":"https:\/\/www.esin.av.tr\/tr\/2021\/02\/01\/yeni-yekdem-belirlendi\/"},"author":{"name":"R\u0131dvan Konrat","@id":"https:\/\/www.esin.av.tr\/tr\/#\/schema\/person\/42c8e616aab56b8622fa365ad63282ae"},"headline":"Yeni YEKDEM Belirlendi","datePublished":"2021-02-01T12:07:45+00:00","dateModified":"2022-06-09T13:14:36+00:00","mainEntityOfPage":{"@id":"https:\/\/www.esin.av.tr\/tr\/2021\/02\/01\/yeni-yekdem-belirlendi\/"},"wordCount":363,"publisher":{"@id":"https:\/\/www.esin.av.tr\/tr\/#organization"},"articleSection":["Hukuk B\u00fcltenleri"],"inLanguage":"tr"},{"@type":"WebPage","@id":"https:\/\/www.esin.av.tr\/tr\/2021\/02\/01\/yeni-yekdem-belirlendi\/","url":"https:\/\/www.esin.av.tr\/tr\/2021\/02\/01\/yeni-yekdem-belirlendi\/","name":"Yeni YEKDEM Belirlendi","isPartOf":{"@id":"https:\/\/www.esin.av.tr\/tr\/#website"},"datePublished":"2021-02-01T12:07:45+00:00","dateModified":"2022-06-09T13:14:36+00:00","description":"Yeni Geli\u015fmeler 4 Aral\u0131k 2020 tarihli Hukuk B\u00fcltenimizde belirtti\u011fimiz \u00fczere, Haziran 2021'den sonra i\u015fletmeye girecek yenilenebilir enerjiye dayal\u0131","breadcrumb":{"@id":"https:\/\/www.esin.av.tr\/tr\/2021\/02\/01\/yeni-yekdem-belirlendi\/#breadcrumb"},"inLanguage":"tr","potentialAction":[{"@type":"ReadAction","target":["https:\/\/www.esin.av.tr\/tr\/2021\/02\/01\/yeni-yekdem-belirlendi\/"]}]},{"@type":"BreadcrumbList","@id":"https:\/\/www.esin.av.tr\/tr\/2021\/02\/01\/yeni-yekdem-belirlendi\/#breadcrumb","itemListElement":[{"@type":"ListItem","position":1,"name":"Home","item":"https:\/\/www.esin.av.tr\/tr\/"},{"@type":"ListItem","position":2,"name":"Yeni YEKDEM Belirlendi"}]},{"@type":"WebSite","@id":"https:\/\/www.esin.av.tr\/tr\/#website","url":"https:\/\/www.esin.av.tr\/tr\/","name":"Esin Avukatl\u0131k Ortakl\u0131\u011f\u0131","description":"","publisher":{"@id":"https:\/\/www.esin.av.tr\/tr\/#organization"},"potentialAction":[{"@type":"SearchAction","target":{"@type":"EntryPoint","urlTemplate":"https:\/\/www.esin.av.tr\/tr\/?s={search_term_string}"},"query-input":{"@type":"PropertyValueSpecification","valueRequired":true,"valueName":"search_term_string"}}],"inLanguage":"tr"},{"@type":"Organization","@id":"https:\/\/www.esin.av.tr\/tr\/#organization","name":"Esin Avukatl\u0131k Ortakl\u0131\u011f\u0131","url":"https:\/\/www.esin.av.tr\/tr\/","logo":{"@type":"ImageObject","inLanguage":"tr","@id":"https:\/\/www.esin.av.tr\/tr\/#\/schema\/logo\/image\/","url":"https:\/\/www.esin.av.tr\/wp-content\/uploads\/2021\/09\/esin-2.jpg","contentUrl":"https:\/\/www.esin.av.tr\/wp-content\/uploads\/2021\/09\/esin-2.jpg","width":800,"height":460,"caption":"Esin Avukatl\u0131k Ortakl\u0131\u011f\u0131"},"image":{"@id":"https:\/\/www.esin.av.tr\/tr\/#\/schema\/logo\/image\/"}},{"@type":"Person","@id":"https:\/\/www.esin.av.tr\/tr\/#\/schema\/person\/42c8e616aab56b8622fa365ad63282ae","name":"R\u0131dvan Konrat","image":{"@type":"ImageObject","inLanguage":"tr","@id":"https:\/\/www.esin.av.tr\/tr\/#\/schema\/person\/image\/","url":"https:\/\/secure.gravatar.com\/avatar\/b20c6c583be38ed4e76e32f69fccc676?s=96&d=mm&r=g","contentUrl":"https:\/\/secure.gravatar.com\/avatar\/b20c6c583be38ed4e76e32f69fccc676?s=96&d=mm&r=g","caption":"R\u0131dvan Konrat"},"sameAs":["http:\/\/www.esin.av.tr"],"url":"https:\/\/www.esin.av.tr\/tr\/author\/rkonrat\/"}]}},"_links":{"self":[{"href":"https:\/\/www.esin.av.tr\/tr\/wp-json\/wp\/v2\/posts\/18641","targetHints":{"allow":["GET"]}}],"collection":[{"href":"https:\/\/www.esin.av.tr\/tr\/wp-json\/wp\/v2\/posts"}],"about":[{"href":"https:\/\/www.esin.av.tr\/tr\/wp-json\/wp\/v2\/types\/post"}],"author":[{"embeddable":true,"href":"https:\/\/www.esin.av.tr\/tr\/wp-json\/wp\/v2\/users\/4"}],"replies":[{"embeddable":true,"href":"https:\/\/www.esin.av.tr\/tr\/wp-json\/wp\/v2\/comments?post=18641"}],"version-history":[{"count":1,"href":"https:\/\/www.esin.av.tr\/tr\/wp-json\/wp\/v2\/posts\/18641\/revisions"}],"predecessor-version":[{"id":18642,"href":"https:\/\/www.esin.av.tr\/tr\/wp-json\/wp\/v2\/posts\/18641\/revisions\/18642"}],"wp:attachment":[{"href":"https:\/\/www.esin.av.tr\/tr\/wp-json\/wp\/v2\/media?parent=18641"}],"wp:term":[{"taxonomy":"category","embeddable":true,"href":"https:\/\/www.esin.av.tr\/tr\/wp-json\/wp\/v2\/categories?post=18641"},{"taxonomy":"post_tag","embeddable":true,"href":"https:\/\/www.esin.av.tr\/tr\/wp-json\/wp\/v2\/tags?post=18641"}],"curies":[{"name":"wp","href":"https:\/\/api.w.org\/{rel}","templated":true}]}}