{"id":18549,"date":"2021-01-25T07:31:43","date_gmt":"2021-01-25T07:31:43","guid":{"rendered":"https:\/\/www.esin.av.tr\/?p=18549"},"modified":"2022-06-09T13:14:55","modified_gmt":"2022-06-09T13:14:55","slug":"turkiye-ile-birlesik-krallik-arasinda-serbest-ticaret-anlasmasi-imzalandi","status":"publish","type":"post","link":"https:\/\/www.esin.av.tr\/tr\/2021\/01\/25\/turkiye-ile-birlesik-krallik-arasinda-serbest-ticaret-anlasmasi-imzalandi\/","title":{"rendered":"T\u00fcrkiye ile Birle\u015fik Krall\u0131k Aras\u0131nda Serbest Ticaret Anla\u015fmas\u0131 \u0130mzaland\u0131"},"content":{"rendered":"<!--[if lt IE 9]><script>document.createElement('audio');<\/script><![endif]-->\n<audio class=\"wp-audio-shortcode\" id=\"audio-18549-1\" preload=\"none\" style=\"width: 100%;\" controls=\"controls\"><source type=\"audio\/mpeg\" src=\"https:\/\/www.esin.av.tr\/wp-content\/uploads\/2021\/01\/TUR-Turkiye-ile-Birlesik-Krallik-Arasinda-Serbest-Ticaret-Anlasmasi-Imzalandi-250121.mp3?_=1\" \/><a href=\"https:\/\/www.esin.av.tr\/wp-content\/uploads\/2021\/01\/TUR-Turkiye-ile-Birlesik-Krallik-Arasinda-Serbest-Ticaret-Anlasmasi-Imzalandi-250121.mp3\">https:\/\/www.esin.av.tr\/wp-content\/uploads\/2021\/01\/TUR-Turkiye-ile-Birlesik-Krallik-Arasinda-Serbest-Ticaret-Anlasmasi-Imzalandi-250121.mp3<\/a><\/audio>\n<p>&nbsp;<\/p>\n<p><strong>Yeni Geli\u015fme<\/strong><\/p>\n<p>29 Aral\u0131k 2020 tarihinde T\u00fcrkiye ile Birle\u015fik Krall\u0131k aras\u0131nda Serbest Ticaret Anla\u015fmas\u0131 (&#8220;<strong>Anla\u015fma<\/strong>&#8220;) imzalanm\u0131\u015ft\u0131r. Anla\u015fma 1 Ocak 2021 tarihinde y\u00fcr\u00fcrl\u00fc\u011fe girmi\u015ftir.<\/p>\n<p><strong>Anla\u015fma Ne Anlama Geliyor? <\/strong><\/p>\n<p>Birle\u015fik Krall\u0131k 31 Ocak 2020 tarihi itibariyle Avrupa Birli\u011fi&#8217;nden resmen ayr\u0131lm\u0131\u015f ve y\u0131l sonuna kadar bir ge\u00e7i\u015f s\u00fcreci \u00f6ng\u00f6r\u00fclm\u00fc\u015ft\u00fc. \u00d6ng\u00f6r\u00fclen s\u00fcrecin bitimine bir hafta kala, Birle\u015fik Krall\u0131k ile Avrupa Birli\u011fi aras\u0131nda uzla\u015f\u0131ya var\u0131lm\u0131\u015ft\u0131r.<\/p>\n<p>T\u00fcrkiye ile Avrupa Birli\u011fi aras\u0131nda 1995 tarihli G\u00fcmr\u00fck Birli\u011fi Anla\u015fmas\u0131 bulunmaktad\u0131r. Brexit i\u00e7in \u00f6n g\u00f6r\u00fclen ge\u00e7i\u015f s\u00fcrecinin sona ermesiyle birlikte, Birle\u015fik Krall\u0131k art\u0131k G\u00fcmr\u00fck Birli\u011fi taraf\u0131 olmayaca\u011f\u0131 i\u00e7in ikili ticari ili\u015fkilerde avantajl\u0131 konumunun yitirilmesi g\u00fcndeme gelmekteydi. Bu sebeple, iki \u00fclke aras\u0131nda ayr\u0131 bir Anla\u015fma&#8217;n\u0131n imzalanmas\u0131 ticari ili\u015fkilerde mevcut \u015fartlar\u0131n korunmas\u0131 i\u00e7in b\u00fcy\u00fck \u00f6nem arz etmekteydi. Birle\u015fik Krall\u0131k ile T\u00fcrkiye aras\u0131nda beklenen Anla\u015fma, Birle\u015fik Krall\u0131k&#8217;\u0131n Avrupa Birli\u011fi ile Brexit sonras\u0131 ticaret ili\u015fkilerine ili\u015fkin anla\u015fmaya varmas\u0131n\u0131n hemen ard\u0131ndan, 29 Aral\u0131k 2020 tarihinde imzalanm\u0131\u015ft\u0131r.<\/p>\n<p>Birle\u015fik Krall\u0131k, T\u00fcrkiye&#8217;nin en \u00e7ok ihracat yapt\u0131\u011f\u0131 \u00fclkeler s\u0131ralamas\u0131nda Almanya&#8217;dan sonra ikinci s\u0131rada gelmektedir. \u0130ki \u00fclke aras\u0131nda ger\u00e7ekle\u015ftirilen ticari faaliyet 2019 y\u0131l\u0131nda 11.2 milyar dolar de\u011ferinde ihracat, 5.6 milyar de\u011ferinde ithalat olmak \u00fczere toplam 16.8 milyar dolar seviyesine ula\u015fm\u0131\u015ft\u0131r. Bu anlamda T\u00fcrkiye&#8217;nin en \u00f6nemli ticaret ortaklar\u0131ndan biri olan Birle\u015fik Krall\u0131k ile yap\u0131lan Anla\u015fma i\u015f d\u00fcnyas\u0131 a\u00e7\u0131s\u0131ndan b\u00fcy\u00fck \u00f6nem ta\u015f\u0131maktad\u0131r. Anla\u015fma, ayn\u0131 zamanda T\u00fcrkiye&#8217;nin uluslararas\u0131 ticarette rakipleri kar\u015f\u0131s\u0131nda \u00f6nemli bir avantaj kazanmas\u0131 anlam\u0131na gelmektedir.<\/p>\n<p><strong>Anla\u015fman\u0131n Kapsam\u0131<\/strong><\/p>\n<ul>\n<li>Anla\u015fma 1 Ocak 2021 tarihinde y\u00fcr\u00fcrl\u00fc\u011fe girmi\u015f ve herhangi bir s\u00fcre kayb\u0131 ya\u015fanmaks\u0131z\u0131n ticari ili\u015fkilerin devaml\u0131l\u0131\u011f\u0131 sa\u011flanm\u0131\u015ft\u0131r.<\/li>\n<li>Anla\u015fma t\u00fcm sanayi ve tar\u0131m \u00fcr\u00fcnlerini kapsamaktad\u0131r.<\/li>\n<li>Anla\u015fma ile sanayi \u00fcr\u00fcnlerinde g\u00fcmr\u00fck vergileri s\u0131f\u0131rlanm\u0131\u015f, tar\u0131m ve i\u015flenmi\u015f tar\u0131m \u00fcr\u00fcnlerinde G\u00fcmr\u00fck Birli\u011fi Anla\u015fmas\u0131 ile sa\u011flanan mevcut tavizler \u00f6l\u00e7eklendirilerek ticari ili\u015fkilere yans\u0131t\u0131lm\u0131\u015ft\u0131r.<\/li>\n<li>Anla\u015fma ayr\u0131ca Anla\u015fma kapsam\u0131n\u0131n 2 y\u0131l i\u00e7erisinde yeniden g\u00f6r\u00fc\u015f\u00fclmesine ili\u015fkin bir h\u00fck\u00fcm i\u00e7ermektedir. Bu anlamda, Anla\u015fma&#8217;n\u0131n ilerleyen g\u00fcnlerde yat\u0131r\u0131m ve hizmet sekt\u00f6rlerini de kapsayacak \u015fekilde geni\u015fletilmesi hedeflenmektedir.<\/li>\n<\/ul>\n<p><strong>Sonu\u00e7<\/strong><\/p>\n<p>Birle\u015fik Krall\u0131k ile imzalanan bu Anla\u015fma, T\u00fcrkiye&#8217;nin yak\u0131n tarihte ger\u00e7ekle\u015ftirdi\u011fi \u00f6nemli ticari anla\u015fmalardan biridir. Anla\u015fma ile, Birle\u015fik Krall\u0131k ile T\u00fcrkiye aras\u0131ndaki ticari ili\u015fkilerde, \u00a0g\u00fcmr\u00fck muafiyetlerinin devam\u0131 sa\u011flanm\u0131\u015ft\u0131r. Bunun yan\u0131 s\u0131ra, \u00a0iki \u00fclke aras\u0131ndaki ticaret ve yat\u0131r\u0131m ili\u015fkilerini geli\u015ftirecek daha kapsaml\u0131 d\u00fczenlemelerin \u00f6n\u00fc a\u00e7\u0131lm\u0131\u015ft\u0131r.<\/p>\n","protected":false},"excerpt":{"rendered":"<p>&nbsp; Yeni Geli\u015fme 29 Aral\u0131k 2020 tarihinde T\u00fcrkiye ile Birle\u015fik Krall\u0131k aras\u0131nda Serbest Ticaret Anla\u015fmas\u0131 (&#8220;Anla\u015fma&#8220;) imzalanm\u0131\u015ft\u0131r. Anla\u015fma 1 Ocak [&hellip;]<\/p>\n","protected":false},"author":4,"featured_media":0,"comment_status":"closed","ping_status":"closed","sticky":false,"template":"","format":"standard","meta":{"_acf_changed":false,"_stopmodifiedupdate":false,"_modified_date":"","footnotes":""},"categories":[120],"tags":[94],"class_list":["post-18549","post","type-post","status-publish","format-standard","hentry","category-legal-alerts","tag-international-commercial-and-trade-tr"],"acf":[],"yoast_head":"<!-- This site is optimized with the Yoast SEO plugin v24.0 - https:\/\/yoast.com\/wordpress\/plugins\/seo\/ -->\n<title>T\u00fcrkiye ile Birle\u015fik Krall\u0131k Aras\u0131nda Serbest Ticaret Anla\u015fmas\u0131 \u0130mzaland\u0131<\/title>\n<meta name=\"description\" content=\"&nbsp; Yeni Geli\u015fme 29 Aral\u0131k 2020 tarihinde T\u00fcrkiye ile Birle\u015fik Krall\u0131k aras\u0131nda Serbest Ticaret Anla\u015fmas\u0131 (&quot;Anla\u015fma&quot;) imzalanm\u0131\u015ft\u0131r. Anla\u015fma 1 Ocak\" \/>\n<meta name=\"robots\" content=\"index, follow, max-snippet:-1, max-image-preview:large, max-video-preview:-1\" \/>\n<link rel=\"canonical\" href=\"https:\/\/www.esin.av.tr\/tr\/2021\/01\/25\/turkiye-ile-birlesik-krallik-arasinda-serbest-ticaret-anlasmasi-imzalandi\/\" \/>\n<meta property=\"og:locale\" content=\"tr_TR\" \/>\n<meta property=\"og:type\" content=\"article\" \/>\n<meta property=\"og:title\" content=\"T\u00fcrkiye ile Birle\u015fik Krall\u0131k Aras\u0131nda Serbest Ticaret Anla\u015fmas\u0131 \u0130mzaland\u0131\" \/>\n<meta property=\"og:description\" content=\"&nbsp; Yeni Geli\u015fme 29 Aral\u0131k 2020 tarihinde T\u00fcrkiye ile Birle\u015fik Krall\u0131k aras\u0131nda Serbest Ticaret Anla\u015fmas\u0131 (&quot;Anla\u015fma&quot;) imzalanm\u0131\u015ft\u0131r. Anla\u015fma 1 Ocak\" \/>\n<meta property=\"og:url\" content=\"https:\/\/www.esin.av.tr\/tr\/2021\/01\/25\/turkiye-ile-birlesik-krallik-arasinda-serbest-ticaret-anlasmasi-imzalandi\/\" \/>\n<meta property=\"og:site_name\" content=\"Esin Avukatl\u0131k Ortakl\u0131\u011f\u0131\" \/>\n<meta property=\"article:published_time\" content=\"2021-01-25T07:31:43+00:00\" \/>\n<meta property=\"article:modified_time\" content=\"2022-06-09T13:14:55+00:00\" \/>\n<meta name=\"author\" content=\"R\u0131dvan Konrat\" \/>\n<meta name=\"twitter:card\" content=\"summary_large_image\" \/>\n<meta name=\"twitter:label1\" content=\"Written by\" \/>\n\t<meta name=\"twitter:data1\" content=\"R\u0131dvan Konrat\" \/>\n\t<meta name=\"twitter:label2\" content=\"Est. reading time\" \/>\n\t<meta name=\"twitter:data2\" content=\"2 minutes\" \/>\n<script type=\"application\/ld+json\" class=\"yoast-schema-graph\">{\"@context\":\"https:\/\/schema.org\",\"@graph\":[{\"@type\":\"Article\",\"@id\":\"https:\/\/www.esin.av.tr\/tr\/2021\/01\/25\/turkiye-ile-birlesik-krallik-arasinda-serbest-ticaret-anlasmasi-imzalandi\/#article\",\"isPartOf\":{\"@id\":\"https:\/\/www.esin.av.tr\/tr\/2021\/01\/25\/turkiye-ile-birlesik-krallik-arasinda-serbest-ticaret-anlasmasi-imzalandi\/\"},\"author\":{\"name\":\"R\u0131dvan Konrat\",\"@id\":\"https:\/\/www.esin.av.tr\/tr\/#\/schema\/person\/42c8e616aab56b8622fa365ad63282ae\"},\"headline\":\"T\u00fcrkiye ile Birle\u015fik Krall\u0131k Aras\u0131nda Serbest Ticaret Anla\u015fmas\u0131 \u0130mzaland\u0131\",\"datePublished\":\"2021-01-25T07:31:43+00:00\",\"dateModified\":\"2022-06-09T13:14:55+00:00\",\"mainEntityOfPage\":{\"@id\":\"https:\/\/www.esin.av.tr\/tr\/2021\/01\/25\/turkiye-ile-birlesik-krallik-arasinda-serbest-ticaret-anlasmasi-imzalandi\/\"},\"wordCount\":563,\"publisher\":{\"@id\":\"https:\/\/www.esin.av.tr\/tr\/#organization\"},\"keywords\":[\"Uluslararas\u0131 Ticaret Hukuku\"],\"articleSection\":[\"Hukuk B\u00fcltenleri\"],\"inLanguage\":\"tr\"},{\"@type\":\"WebPage\",\"@id\":\"https:\/\/www.esin.av.tr\/tr\/2021\/01\/25\/turkiye-ile-birlesik-krallik-arasinda-serbest-ticaret-anlasmasi-imzalandi\/\",\"url\":\"https:\/\/www.esin.av.tr\/tr\/2021\/01\/25\/turkiye-ile-birlesik-krallik-arasinda-serbest-ticaret-anlasmasi-imzalandi\/\",\"name\":\"T\u00fcrkiye ile Birle\u015fik Krall\u0131k Aras\u0131nda Serbest Ticaret Anla\u015fmas\u0131 \u0130mzaland\u0131\",\"isPartOf\":{\"@id\":\"https:\/\/www.esin.av.tr\/tr\/#website\"},\"datePublished\":\"2021-01-25T07:31:43+00:00\",\"dateModified\":\"2022-06-09T13:14:55+00:00\",\"description\":\"&nbsp; Yeni Geli\u015fme 29 Aral\u0131k 2020 tarihinde T\u00fcrkiye ile Birle\u015fik Krall\u0131k aras\u0131nda Serbest Ticaret Anla\u015fmas\u0131 (\\\"Anla\u015fma\\\") imzalanm\u0131\u015ft\u0131r. Anla\u015fma 1 Ocak\",\"breadcrumb\":{\"@id\":\"https:\/\/www.esin.av.tr\/tr\/2021\/01\/25\/turkiye-ile-birlesik-krallik-arasinda-serbest-ticaret-anlasmasi-imzalandi\/#breadcrumb\"},\"inLanguage\":\"tr\",\"potentialAction\":[{\"@type\":\"ReadAction\",\"target\":[\"https:\/\/www.esin.av.tr\/tr\/2021\/01\/25\/turkiye-ile-birlesik-krallik-arasinda-serbest-ticaret-anlasmasi-imzalandi\/\"]}]},{\"@type\":\"BreadcrumbList\",\"@id\":\"https:\/\/www.esin.av.tr\/tr\/2021\/01\/25\/turkiye-ile-birlesik-krallik-arasinda-serbest-ticaret-anlasmasi-imzalandi\/#breadcrumb\",\"itemListElement\":[{\"@type\":\"ListItem\",\"position\":1,\"name\":\"Home\",\"item\":\"https:\/\/www.esin.av.tr\/tr\/\"},{\"@type\":\"ListItem\",\"position\":2,\"name\":\"T\u00fcrkiye ile Birle\u015fik Krall\u0131k Aras\u0131nda Serbest Ticaret Anla\u015fmas\u0131 \u0130mzaland\u0131\"}]},{\"@type\":\"WebSite\",\"@id\":\"https:\/\/www.esin.av.tr\/tr\/#website\",\"url\":\"https:\/\/www.esin.av.tr\/tr\/\",\"name\":\"Esin Avukatl\u0131k Ortakl\u0131\u011f\u0131\",\"description\":\"\",\"publisher\":{\"@id\":\"https:\/\/www.esin.av.tr\/tr\/#organization\"},\"potentialAction\":[{\"@type\":\"SearchAction\",\"target\":{\"@type\":\"EntryPoint\",\"urlTemplate\":\"https:\/\/www.esin.av.tr\/tr\/?s={search_term_string}\"},\"query-input\":{\"@type\":\"PropertyValueSpecification\",\"valueRequired\":true,\"valueName\":\"search_term_string\"}}],\"inLanguage\":\"tr\"},{\"@type\":\"Organization\",\"@id\":\"https:\/\/www.esin.av.tr\/tr\/#organization\",\"name\":\"Esin Avukatl\u0131k Ortakl\u0131\u011f\u0131\",\"url\":\"https:\/\/www.esin.av.tr\/tr\/\",\"logo\":{\"@type\":\"ImageObject\",\"inLanguage\":\"tr\",\"@id\":\"https:\/\/www.esin.av.tr\/tr\/#\/schema\/logo\/image\/\",\"url\":\"https:\/\/www.esin.av.tr\/wp-content\/uploads\/2021\/09\/esin-2.jpg\",\"contentUrl\":\"https:\/\/www.esin.av.tr\/wp-content\/uploads\/2021\/09\/esin-2.jpg\",\"width\":800,\"height\":460,\"caption\":\"Esin Avukatl\u0131k Ortakl\u0131\u011f\u0131\"},\"image\":{\"@id\":\"https:\/\/www.esin.av.tr\/tr\/#\/schema\/logo\/image\/\"}},{\"@type\":\"Person\",\"@id\":\"https:\/\/www.esin.av.tr\/tr\/#\/schema\/person\/42c8e616aab56b8622fa365ad63282ae\",\"name\":\"R\u0131dvan Konrat\",\"image\":{\"@type\":\"ImageObject\",\"inLanguage\":\"tr\",\"@id\":\"https:\/\/www.esin.av.tr\/tr\/#\/schema\/person\/image\/\",\"url\":\"https:\/\/secure.gravatar.com\/avatar\/b20c6c583be38ed4e76e32f69fccc676?s=96&d=mm&r=g\",\"contentUrl\":\"https:\/\/secure.gravatar.com\/avatar\/b20c6c583be38ed4e76e32f69fccc676?s=96&d=mm&r=g\",\"caption\":\"R\u0131dvan Konrat\"},\"sameAs\":[\"http:\/\/www.esin.av.tr\"],\"url\":\"https:\/\/www.esin.av.tr\/tr\/author\/rkonrat\/\"}]}<\/script>\n<!-- \/ Yoast SEO plugin. -->","yoast_head_json":{"title":"T\u00fcrkiye ile Birle\u015fik Krall\u0131k Aras\u0131nda Serbest Ticaret Anla\u015fmas\u0131 \u0130mzaland\u0131","description":"&nbsp; Yeni Geli\u015fme 29 Aral\u0131k 2020 tarihinde T\u00fcrkiye ile Birle\u015fik Krall\u0131k aras\u0131nda Serbest Ticaret Anla\u015fmas\u0131 (\"Anla\u015fma\") imzalanm\u0131\u015ft\u0131r. Anla\u015fma 1 Ocak","robots":{"index":"index","follow":"follow","max-snippet":"max-snippet:-1","max-image-preview":"max-image-preview:large","max-video-preview":"max-video-preview:-1"},"canonical":"https:\/\/www.esin.av.tr\/tr\/2021\/01\/25\/turkiye-ile-birlesik-krallik-arasinda-serbest-ticaret-anlasmasi-imzalandi\/","og_locale":"tr_TR","og_type":"article","og_title":"T\u00fcrkiye ile Birle\u015fik Krall\u0131k Aras\u0131nda Serbest Ticaret Anla\u015fmas\u0131 \u0130mzaland\u0131","og_description":"&nbsp; Yeni Geli\u015fme 29 Aral\u0131k 2020 tarihinde T\u00fcrkiye ile Birle\u015fik Krall\u0131k aras\u0131nda Serbest Ticaret Anla\u015fmas\u0131 (\"Anla\u015fma\") imzalanm\u0131\u015ft\u0131r. Anla\u015fma 1 Ocak","og_url":"https:\/\/www.esin.av.tr\/tr\/2021\/01\/25\/turkiye-ile-birlesik-krallik-arasinda-serbest-ticaret-anlasmasi-imzalandi\/","og_site_name":"Esin Avukatl\u0131k Ortakl\u0131\u011f\u0131","article_published_time":"2021-01-25T07:31:43+00:00","article_modified_time":"2022-06-09T13:14:55+00:00","author":"R\u0131dvan Konrat","twitter_card":"summary_large_image","twitter_misc":{"Written by":"R\u0131dvan Konrat","Est. reading time":"2 minutes"},"schema":{"@context":"https:\/\/schema.org","@graph":[{"@type":"Article","@id":"https:\/\/www.esin.av.tr\/tr\/2021\/01\/25\/turkiye-ile-birlesik-krallik-arasinda-serbest-ticaret-anlasmasi-imzalandi\/#article","isPartOf":{"@id":"https:\/\/www.esin.av.tr\/tr\/2021\/01\/25\/turkiye-ile-birlesik-krallik-arasinda-serbest-ticaret-anlasmasi-imzalandi\/"},"author":{"name":"R\u0131dvan Konrat","@id":"https:\/\/www.esin.av.tr\/tr\/#\/schema\/person\/42c8e616aab56b8622fa365ad63282ae"},"headline":"T\u00fcrkiye ile Birle\u015fik Krall\u0131k Aras\u0131nda Serbest Ticaret Anla\u015fmas\u0131 \u0130mzaland\u0131","datePublished":"2021-01-25T07:31:43+00:00","dateModified":"2022-06-09T13:14:55+00:00","mainEntityOfPage":{"@id":"https:\/\/www.esin.av.tr\/tr\/2021\/01\/25\/turkiye-ile-birlesik-krallik-arasinda-serbest-ticaret-anlasmasi-imzalandi\/"},"wordCount":563,"publisher":{"@id":"https:\/\/www.esin.av.tr\/tr\/#organization"},"keywords":["Uluslararas\u0131 Ticaret Hukuku"],"articleSection":["Hukuk B\u00fcltenleri"],"inLanguage":"tr"},{"@type":"WebPage","@id":"https:\/\/www.esin.av.tr\/tr\/2021\/01\/25\/turkiye-ile-birlesik-krallik-arasinda-serbest-ticaret-anlasmasi-imzalandi\/","url":"https:\/\/www.esin.av.tr\/tr\/2021\/01\/25\/turkiye-ile-birlesik-krallik-arasinda-serbest-ticaret-anlasmasi-imzalandi\/","name":"T\u00fcrkiye ile Birle\u015fik Krall\u0131k Aras\u0131nda Serbest Ticaret Anla\u015fmas\u0131 \u0130mzaland\u0131","isPartOf":{"@id":"https:\/\/www.esin.av.tr\/tr\/#website"},"datePublished":"2021-01-25T07:31:43+00:00","dateModified":"2022-06-09T13:14:55+00:00","description":"&nbsp; Yeni Geli\u015fme 29 Aral\u0131k 2020 tarihinde T\u00fcrkiye ile Birle\u015fik Krall\u0131k aras\u0131nda Serbest Ticaret Anla\u015fmas\u0131 (\"Anla\u015fma\") imzalanm\u0131\u015ft\u0131r. Anla\u015fma 1 Ocak","breadcrumb":{"@id":"https:\/\/www.esin.av.tr\/tr\/2021\/01\/25\/turkiye-ile-birlesik-krallik-arasinda-serbest-ticaret-anlasmasi-imzalandi\/#breadcrumb"},"inLanguage":"tr","potentialAction":[{"@type":"ReadAction","target":["https:\/\/www.esin.av.tr\/tr\/2021\/01\/25\/turkiye-ile-birlesik-krallik-arasinda-serbest-ticaret-anlasmasi-imzalandi\/"]}]},{"@type":"BreadcrumbList","@id":"https:\/\/www.esin.av.tr\/tr\/2021\/01\/25\/turkiye-ile-birlesik-krallik-arasinda-serbest-ticaret-anlasmasi-imzalandi\/#breadcrumb","itemListElement":[{"@type":"ListItem","position":1,"name":"Home","item":"https:\/\/www.esin.av.tr\/tr\/"},{"@type":"ListItem","position":2,"name":"T\u00fcrkiye ile Birle\u015fik Krall\u0131k Aras\u0131nda Serbest Ticaret Anla\u015fmas\u0131 \u0130mzaland\u0131"}]},{"@type":"WebSite","@id":"https:\/\/www.esin.av.tr\/tr\/#website","url":"https:\/\/www.esin.av.tr\/tr\/","name":"Esin Avukatl\u0131k Ortakl\u0131\u011f\u0131","description":"","publisher":{"@id":"https:\/\/www.esin.av.tr\/tr\/#organization"},"potentialAction":[{"@type":"SearchAction","target":{"@type":"EntryPoint","urlTemplate":"https:\/\/www.esin.av.tr\/tr\/?s={search_term_string}"},"query-input":{"@type":"PropertyValueSpecification","valueRequired":true,"valueName":"search_term_string"}}],"inLanguage":"tr"},{"@type":"Organization","@id":"https:\/\/www.esin.av.tr\/tr\/#organization","name":"Esin Avukatl\u0131k Ortakl\u0131\u011f\u0131","url":"https:\/\/www.esin.av.tr\/tr\/","logo":{"@type":"ImageObject","inLanguage":"tr","@id":"https:\/\/www.esin.av.tr\/tr\/#\/schema\/logo\/image\/","url":"https:\/\/www.esin.av.tr\/wp-content\/uploads\/2021\/09\/esin-2.jpg","contentUrl":"https:\/\/www.esin.av.tr\/wp-content\/uploads\/2021\/09\/esin-2.jpg","width":800,"height":460,"caption":"Esin Avukatl\u0131k Ortakl\u0131\u011f\u0131"},"image":{"@id":"https:\/\/www.esin.av.tr\/tr\/#\/schema\/logo\/image\/"}},{"@type":"Person","@id":"https:\/\/www.esin.av.tr\/tr\/#\/schema\/person\/42c8e616aab56b8622fa365ad63282ae","name":"R\u0131dvan Konrat","image":{"@type":"ImageObject","inLanguage":"tr","@id":"https:\/\/www.esin.av.tr\/tr\/#\/schema\/person\/image\/","url":"https:\/\/secure.gravatar.com\/avatar\/b20c6c583be38ed4e76e32f69fccc676?s=96&d=mm&r=g","contentUrl":"https:\/\/secure.gravatar.com\/avatar\/b20c6c583be38ed4e76e32f69fccc676?s=96&d=mm&r=g","caption":"R\u0131dvan Konrat"},"sameAs":["http:\/\/www.esin.av.tr"],"url":"https:\/\/www.esin.av.tr\/tr\/author\/rkonrat\/"}]}},"_links":{"self":[{"href":"https:\/\/www.esin.av.tr\/tr\/wp-json\/wp\/v2\/posts\/18549","targetHints":{"allow":["GET"]}}],"collection":[{"href":"https:\/\/www.esin.av.tr\/tr\/wp-json\/wp\/v2\/posts"}],"about":[{"href":"https:\/\/www.esin.av.tr\/tr\/wp-json\/wp\/v2\/types\/post"}],"author":[{"embeddable":true,"href":"https:\/\/www.esin.av.tr\/tr\/wp-json\/wp\/v2\/users\/4"}],"replies":[{"embeddable":true,"href":"https:\/\/www.esin.av.tr\/tr\/wp-json\/wp\/v2\/comments?post=18549"}],"version-history":[{"count":2,"href":"https:\/\/www.esin.av.tr\/tr\/wp-json\/wp\/v2\/posts\/18549\/revisions"}],"predecessor-version":[{"id":18553,"href":"https:\/\/www.esin.av.tr\/tr\/wp-json\/wp\/v2\/posts\/18549\/revisions\/18553"}],"wp:attachment":[{"href":"https:\/\/www.esin.av.tr\/tr\/wp-json\/wp\/v2\/media?parent=18549"}],"wp:term":[{"taxonomy":"category","embeddable":true,"href":"https:\/\/www.esin.av.tr\/tr\/wp-json\/wp\/v2\/categories?post=18549"},{"taxonomy":"post_tag","embeddable":true,"href":"https:\/\/www.esin.av.tr\/tr\/wp-json\/wp\/v2\/tags?post=18549"}],"curies":[{"name":"wp","href":"https:\/\/api.w.org\/{rel}","templated":true}]}}