{"id":18470,"date":"2021-01-14T12:36:26","date_gmt":"2021-01-14T12:36:26","guid":{"rendered":"https:\/\/www.esin.av.tr\/?p=18470"},"modified":"2022-06-09T13:15:11","modified_gmt":"2022-06-09T13:15:11","slug":"vadeli-dogal-gaz-piyasasinin-yasal-zemini-olusturuldu","status":"publish","type":"post","link":"https:\/\/www.esin.av.tr\/tr\/2021\/01\/14\/vadeli-dogal-gaz-piyasasinin-yasal-zemini-olusturuldu\/","title":{"rendered":"Vadeli Do\u011fal Gaz Piyasas\u0131n\u0131n Yasal Zemini Olu\u015fturuldu"},"content":{"rendered":"<!--[if lt IE 9]><script>document.createElement('audio');<\/script><![endif]-->\n<audio class=\"wp-audio-shortcode\" id=\"audio-18470-1\" preload=\"none\" style=\"width: 100%;\" controls=\"controls\"><source type=\"audio\/mpeg\" src=\"https:\/\/www.esin.av.tr\/wp-content\/uploads\/2021\/01\/TUR-Vadeli-Dogal-Gaz-Piyasasinin-Yasal-Zemini-Olusturuldu-140121.mp3?_=1\" \/><a href=\"https:\/\/www.esin.av.tr\/wp-content\/uploads\/2021\/01\/TUR-Vadeli-Dogal-Gaz-Piyasasinin-Yasal-Zemini-Olusturuldu-140121.mp3\">https:\/\/www.esin.av.tr\/wp-content\/uploads\/2021\/01\/TUR-Vadeli-Dogal-Gaz-Piyasasinin-Yasal-Zemini-Olusturuldu-140121.mp3<\/a><\/audio>\n<p>&nbsp;<\/p>\n<p><strong>Yeni Geli\u015fmeler<\/strong><\/p>\n<p>12 Ocak 2021 tarihli Resmi Gazete&#8217;de yay\u0131mlanan ve ayn\u0131 g\u00fcn y\u00fcr\u00fcrl\u00fc\u011fe giren <a href=\"https:\/\/urldefense.com\/v3\/__https:\/esinxchange.com\/collect\/click.aspx?u=UVRReDNmNXIrVU4ydlNyemVCR211VGhMc2R6TC9obU8vbnpSL0x0dTRZc2QvTVcxVnpmakltSUh2VlpYa0xyd09TQXpHNW9BQnRhMmFZWnFLY0NqZlY2bFlmeHgyMDQyTHMrWFRxY2R4NFJPNXkzUWVXcVlOdz09&amp;rh=ff007126c72dfb93a698ce568e4e90d45191b70f__;!!Hj9Y_P0nvg!G2a3hIi0vSLGLY8g2ObKi3vbHqj-XSkUH0M8-1a_EydE7KKn4rq_Q0POQLWOnhpHb___RA$\">Organize Toptan Do\u011fal Gaz Sat\u0131\u015f Piyasas\u0131 Y\u00f6netmeli\u011finde De\u011fi\u015fiklik Yap\u0131lmas\u0131na Dair Y\u00f6netmelik<\/a> (&#8220;<strong>De\u011fi\u015fiklik Y\u00f6netmeli\u011fi<\/strong>&#8220;) ile vadeli do\u011fal gaz piyasas\u0131na ili\u015fkin d\u00fczenlemeler yap\u0131ld\u0131.<\/p>\n<p><strong>De\u011fi\u015fiklik Y\u00f6netmeli\u011fi ile Ne Gibi D\u00fczenlemeler Yap\u0131ld\u0131?<\/strong><\/p>\n<p>Kat\u0131l\u0131m anla\u015fmas\u0131: Vadeli do\u011fal gaz piyasas\u0131nda i\u015flem yapmak isteyen piyasa kat\u0131l\u0131mc\u0131lar\u0131n\u0131n, standart ta\u015f\u0131ma s\u00f6zle\u015fmesi ve s\u00fcrekli ticaret platformu kat\u0131l\u0131m anla\u015fmas\u0131na ilave olarak vadeli do\u011fal gaz piyasas\u0131 kat\u0131l\u0131m anla\u015fmas\u0131 da imzalamas\u0131 \u00f6ng\u00f6r\u00fcld\u00fc. S\u00f6z konusu kat\u0131l\u0131m anla\u015fmas\u0131, s\u00fcrekli ticaret platformu kat\u0131l\u0131m anla\u015fmas\u0131 s\u00fcresince ge\u00e7erli olacak.<\/p>\n<p><strong>Teminat Y\u00fck\u00fcml\u00fcl\u00fc\u011f\u00fc: <\/strong>Vadeli do\u011fal gaz piyasas\u0131ndaki teminat y\u00fck\u00fcml\u00fcl\u00fc\u011f\u00fc, teminat t\u00fcrleri, teminat olarak kabul edilecek k\u0131ymetler, teminat s\u00fcre\u00e7leri ile teminat tutarlar\u0131n\u0131n hesaplanmas\u0131na ve ilgili mevzuat uyar\u0131nca sunulmas\u0131 gerekli teminatlar\u0131 a\u015fan tutarlar\u0131n kullan\u0131lmas\u0131na ili\u015fkin hususlar, Enerji Piyasas\u0131 D\u00fczenleme Kurulu taraf\u0131ndan haz\u0131rlanacak olan Vadeli Do\u011fal Gaz Piyasas\u0131 \u0130\u015fletim Usul ve Esaslar\u0131&#8217;nda (&#8220;<strong>VGPUE<\/strong>&#8220;) d\u00fczenlenecek.<\/p>\n<p><strong>Temerr\u00fct garanti hesab\u0131: <\/strong>Vadeli do\u011fal gaz piyasas\u0131nda ger\u00e7ekle\u015fen i\u015flemler nedeniyle yerine getirilmesi gereken y\u00fck\u00fcml\u00fcl\u00fcklerin s\u00fcresi i\u00e7erisinde yerine getirilmemesi dolay\u0131s\u0131yla olu\u015facak temerr\u00fct durumunda kullan\u0131lmas\u0131 i\u00e7in teminatlar d\u0131\u015f\u0131nda kalan bir temerr\u00fct garanti hesab\u0131 olu\u015fturulmas\u0131 \u00f6ng\u00f6r\u00fcld\u00fc.<\/p>\n<ul>\n<li>Hesap piyasa kat\u0131l\u0131mc\u0131lar\u0131n\u0131n katk\u0131lar\u0131yla olu\u015fturulacak. Ek olarak, piyasa i\u015fletmecisinin (&#8220;<strong>EP\u0130A\u015e<\/strong>&#8220;) temerr\u00fct halinde \u00f6demek \u00fczere piyasa i\u015fletim gelir tavan\u0131 \u00fczerinden temerr\u00fct y\u00f6netimi katk\u0131s\u0131 sa\u011flama taahh\u00fcd\u00fc de \u00f6ng\u00f6r\u00fcld\u00fc.<\/li>\n<li>Hesap EP\u0130A\u015e taraf\u0131ndan temsil ve idare olunacak.<\/li>\n<li>Hesap i\u00e7in katk\u0131 pay\u0131 olarak kabul edilebilecek varl\u0131klar\u0131n t\u00fcrlerinin belirlenmesi, TL cinsinden sunulan nakit katk\u0131 paylar\u0131n\u0131n nemaland\u0131r\u0131lmas\u0131, bu varl\u0131klar\u0131n temerr\u00fct durumunda kullan\u0131lmas\u0131 ve piyasa kat\u0131l\u0131mc\u0131lar\u0131na iade edilmesi ile EP\u0130A\u015e taraf\u0131ndan sa\u011flanacak temerr\u00fct katk\u0131s\u0131na ili\u015fkin hususlar VGPUE&#8217;de d\u00fczenlenecek.<\/li>\n<li>Temerr\u00fcde d\u00fc\u015fen piyasa kat\u0131l\u0131mc\u0131lar\u0131n\u0131n cari hesaplar\u0131, teminatlar\u0131, temerr\u00fct garanti hesab\u0131 katk\u0131 paylar\u0131 ve EP\u0130A\u015e&#8217;\u0131n temerr\u00fct katk\u0131s\u0131 tutar\u0131n\u0131n yeterli olmas\u0131 durumunda di\u011fer piyasa kat\u0131l\u0131mc\u0131lar\u0131n\u0131n temerr\u00fct garanti hesab\u0131 katk\u0131 paylar\u0131na ba\u015fvurulamayacak.<\/li>\n<li>Hesap belirtilen ama\u00e7 d\u0131\u015f\u0131nda kullan\u0131lamayacak, ihtiyati tedbir, haciz, rehin, tasfiye kararlar\u0131ndan muaf olacak ve iflas masas\u0131na dahil edilemeyecek.<\/li>\n<\/ul>\n<p><strong>Fatura \u00f6demelerine ili\u015fkin mahsup: <\/strong>Fatura \u00f6demeleri bor\u00e7lardan \u015fu s\u0131ra ile mahsup edilecek: (i) EP\u0130A\u015e&#8217;a \u00f6denecek piyasa i\u015fletim \u00fccretleri ile di\u011fer \u00fccretler, (ii) fatura i\u015flem bor\u00e7 tutar\u0131, (iii) vadeli do\u011fal gaz piyasas\u0131 bor\u00e7 tutar\u0131 ve KDV bor\u00e7 tutar\u0131 ve (iv) fatura dengesizlik bor\u00e7 tutar\u0131.<\/p>\n<p><strong>Sonu\u00e7<\/strong><\/p>\n<p>De\u011fi\u015fiklik Y\u00f6netmeli\u011fi ile vadeli do\u011fal gaz sat\u0131\u015f piyasas\u0131na ili\u015fkin d\u00fczenlemelerin temeli olu\u015fturuldu ve detaylar\u0131n VGPUE ile netle\u015ftirilmesi bekleniyor.<\/p>\n","protected":false},"excerpt":{"rendered":"<p>&nbsp; Yeni Geli\u015fmeler 12 Ocak 2021 tarihli Resmi Gazete&#8217;de yay\u0131mlanan ve ayn\u0131 g\u00fcn y\u00fcr\u00fcrl\u00fc\u011fe giren Organize Toptan Do\u011fal Gaz Sat\u0131\u015f [&hellip;]<\/p>\n","protected":false},"author":4,"featured_media":0,"comment_status":"closed","ping_status":"closed","sticky":false,"template":"","format":"standard","meta":{"_acf_changed":false,"_stopmodifiedupdate":false,"_modified_date":"","footnotes":""},"categories":[120],"tags":[],"class_list":["post-18470","post","type-post","status-publish","format-standard","hentry","category-legal-alerts"],"acf":[],"yoast_head":"<!-- This site is optimized with the Yoast SEO plugin v24.0 - https:\/\/yoast.com\/wordpress\/plugins\/seo\/ -->\n<title>Vadeli Do\u011fal Gaz Piyasas\u0131n\u0131n Yasal Zemini Olu\u015fturuldu<\/title>\n<meta name=\"description\" content=\"&nbsp; Yeni Geli\u015fmeler 12 Ocak 2021 tarihli Resmi Gazete&#039;de yay\u0131mlanan ve ayn\u0131 g\u00fcn y\u00fcr\u00fcrl\u00fc\u011fe giren Organize Toptan Do\u011fal Gaz Sat\u0131\u015f Piyasas\u0131 Y\u00f6netmeli\u011finde\" \/>\n<meta name=\"robots\" content=\"index, follow, max-snippet:-1, max-image-preview:large, max-video-preview:-1\" \/>\n<link rel=\"canonical\" href=\"https:\/\/www.esin.av.tr\/tr\/2021\/01\/14\/vadeli-dogal-gaz-piyasasinin-yasal-zemini-olusturuldu\/\" \/>\n<meta property=\"og:locale\" content=\"tr_TR\" \/>\n<meta property=\"og:type\" content=\"article\" \/>\n<meta property=\"og:title\" content=\"Vadeli Do\u011fal Gaz Piyasas\u0131n\u0131n Yasal Zemini Olu\u015fturuldu\" \/>\n<meta property=\"og:description\" content=\"&nbsp; Yeni Geli\u015fmeler 12 Ocak 2021 tarihli Resmi Gazete&#039;de yay\u0131mlanan ve ayn\u0131 g\u00fcn y\u00fcr\u00fcrl\u00fc\u011fe giren Organize Toptan Do\u011fal Gaz Sat\u0131\u015f Piyasas\u0131 Y\u00f6netmeli\u011finde\" \/>\n<meta property=\"og:url\" content=\"https:\/\/www.esin.av.tr\/tr\/2021\/01\/14\/vadeli-dogal-gaz-piyasasinin-yasal-zemini-olusturuldu\/\" \/>\n<meta property=\"og:site_name\" content=\"Esin Avukatl\u0131k Ortakl\u0131\u011f\u0131\" \/>\n<meta property=\"article:published_time\" content=\"2021-01-14T12:36:26+00:00\" \/>\n<meta property=\"article:modified_time\" content=\"2022-06-09T13:15:11+00:00\" \/>\n<meta name=\"author\" content=\"R\u0131dvan Konrat\" \/>\n<meta name=\"twitter:card\" content=\"summary_large_image\" \/>\n<meta name=\"twitter:label1\" content=\"Written by\" \/>\n\t<meta name=\"twitter:data1\" content=\"R\u0131dvan Konrat\" \/>\n\t<meta name=\"twitter:label2\" content=\"Est. reading time\" \/>\n\t<meta name=\"twitter:data2\" content=\"3 minutes\" \/>\n<script type=\"application\/ld+json\" class=\"yoast-schema-graph\">{\"@context\":\"https:\/\/schema.org\",\"@graph\":[{\"@type\":\"Article\",\"@id\":\"https:\/\/www.esin.av.tr\/tr\/2021\/01\/14\/vadeli-dogal-gaz-piyasasinin-yasal-zemini-olusturuldu\/#article\",\"isPartOf\":{\"@id\":\"https:\/\/www.esin.av.tr\/tr\/2021\/01\/14\/vadeli-dogal-gaz-piyasasinin-yasal-zemini-olusturuldu\/\"},\"author\":{\"name\":\"R\u0131dvan Konrat\",\"@id\":\"https:\/\/www.esin.av.tr\/tr\/#\/schema\/person\/42c8e616aab56b8622fa365ad63282ae\"},\"headline\":\"Vadeli Do\u011fal Gaz Piyasas\u0131n\u0131n Yasal Zemini Olu\u015fturuldu\",\"datePublished\":\"2021-01-14T12:36:26+00:00\",\"dateModified\":\"2022-06-09T13:15:11+00:00\",\"mainEntityOfPage\":{\"@id\":\"https:\/\/www.esin.av.tr\/tr\/2021\/01\/14\/vadeli-dogal-gaz-piyasasinin-yasal-zemini-olusturuldu\/\"},\"wordCount\":577,\"publisher\":{\"@id\":\"https:\/\/www.esin.av.tr\/tr\/#organization\"},\"articleSection\":[\"Hukuk B\u00fcltenleri\"],\"inLanguage\":\"tr\"},{\"@type\":\"WebPage\",\"@id\":\"https:\/\/www.esin.av.tr\/tr\/2021\/01\/14\/vadeli-dogal-gaz-piyasasinin-yasal-zemini-olusturuldu\/\",\"url\":\"https:\/\/www.esin.av.tr\/tr\/2021\/01\/14\/vadeli-dogal-gaz-piyasasinin-yasal-zemini-olusturuldu\/\",\"name\":\"Vadeli Do\u011fal Gaz Piyasas\u0131n\u0131n Yasal Zemini Olu\u015fturuldu\",\"isPartOf\":{\"@id\":\"https:\/\/www.esin.av.tr\/tr\/#website\"},\"datePublished\":\"2021-01-14T12:36:26+00:00\",\"dateModified\":\"2022-06-09T13:15:11+00:00\",\"description\":\"&nbsp; Yeni Geli\u015fmeler 12 Ocak 2021 tarihli Resmi Gazete'de yay\u0131mlanan ve ayn\u0131 g\u00fcn y\u00fcr\u00fcrl\u00fc\u011fe giren Organize Toptan Do\u011fal Gaz Sat\u0131\u015f Piyasas\u0131 Y\u00f6netmeli\u011finde\",\"breadcrumb\":{\"@id\":\"https:\/\/www.esin.av.tr\/tr\/2021\/01\/14\/vadeli-dogal-gaz-piyasasinin-yasal-zemini-olusturuldu\/#breadcrumb\"},\"inLanguage\":\"tr\",\"potentialAction\":[{\"@type\":\"ReadAction\",\"target\":[\"https:\/\/www.esin.av.tr\/tr\/2021\/01\/14\/vadeli-dogal-gaz-piyasasinin-yasal-zemini-olusturuldu\/\"]}]},{\"@type\":\"BreadcrumbList\",\"@id\":\"https:\/\/www.esin.av.tr\/tr\/2021\/01\/14\/vadeli-dogal-gaz-piyasasinin-yasal-zemini-olusturuldu\/#breadcrumb\",\"itemListElement\":[{\"@type\":\"ListItem\",\"position\":1,\"name\":\"Home\",\"item\":\"https:\/\/www.esin.av.tr\/tr\/\"},{\"@type\":\"ListItem\",\"position\":2,\"name\":\"Vadeli Do\u011fal Gaz Piyasas\u0131n\u0131n Yasal Zemini Olu\u015fturuldu\"}]},{\"@type\":\"WebSite\",\"@id\":\"https:\/\/www.esin.av.tr\/tr\/#website\",\"url\":\"https:\/\/www.esin.av.tr\/tr\/\",\"name\":\"Esin Avukatl\u0131k Ortakl\u0131\u011f\u0131\",\"description\":\"\",\"publisher\":{\"@id\":\"https:\/\/www.esin.av.tr\/tr\/#organization\"},\"potentialAction\":[{\"@type\":\"SearchAction\",\"target\":{\"@type\":\"EntryPoint\",\"urlTemplate\":\"https:\/\/www.esin.av.tr\/tr\/?s={search_term_string}\"},\"query-input\":{\"@type\":\"PropertyValueSpecification\",\"valueRequired\":true,\"valueName\":\"search_term_string\"}}],\"inLanguage\":\"tr\"},{\"@type\":\"Organization\",\"@id\":\"https:\/\/www.esin.av.tr\/tr\/#organization\",\"name\":\"Esin Avukatl\u0131k Ortakl\u0131\u011f\u0131\",\"url\":\"https:\/\/www.esin.av.tr\/tr\/\",\"logo\":{\"@type\":\"ImageObject\",\"inLanguage\":\"tr\",\"@id\":\"https:\/\/www.esin.av.tr\/tr\/#\/schema\/logo\/image\/\",\"url\":\"https:\/\/www.esin.av.tr\/wp-content\/uploads\/2021\/09\/esin-2.jpg\",\"contentUrl\":\"https:\/\/www.esin.av.tr\/wp-content\/uploads\/2021\/09\/esin-2.jpg\",\"width\":800,\"height\":460,\"caption\":\"Esin Avukatl\u0131k Ortakl\u0131\u011f\u0131\"},\"image\":{\"@id\":\"https:\/\/www.esin.av.tr\/tr\/#\/schema\/logo\/image\/\"}},{\"@type\":\"Person\",\"@id\":\"https:\/\/www.esin.av.tr\/tr\/#\/schema\/person\/42c8e616aab56b8622fa365ad63282ae\",\"name\":\"R\u0131dvan Konrat\",\"image\":{\"@type\":\"ImageObject\",\"inLanguage\":\"tr\",\"@id\":\"https:\/\/www.esin.av.tr\/tr\/#\/schema\/person\/image\/\",\"url\":\"https:\/\/secure.gravatar.com\/avatar\/b20c6c583be38ed4e76e32f69fccc676?s=96&d=mm&r=g\",\"contentUrl\":\"https:\/\/secure.gravatar.com\/avatar\/b20c6c583be38ed4e76e32f69fccc676?s=96&d=mm&r=g\",\"caption\":\"R\u0131dvan Konrat\"},\"sameAs\":[\"http:\/\/www.esin.av.tr\"],\"url\":\"https:\/\/www.esin.av.tr\/tr\/author\/rkonrat\/\"}]}<\/script>\n<!-- \/ Yoast SEO plugin. -->","yoast_head_json":{"title":"Vadeli Do\u011fal Gaz Piyasas\u0131n\u0131n Yasal Zemini Olu\u015fturuldu","description":"&nbsp; Yeni Geli\u015fmeler 12 Ocak 2021 tarihli Resmi Gazete'de yay\u0131mlanan ve ayn\u0131 g\u00fcn y\u00fcr\u00fcrl\u00fc\u011fe giren Organize Toptan Do\u011fal Gaz Sat\u0131\u015f Piyasas\u0131 Y\u00f6netmeli\u011finde","robots":{"index":"index","follow":"follow","max-snippet":"max-snippet:-1","max-image-preview":"max-image-preview:large","max-video-preview":"max-video-preview:-1"},"canonical":"https:\/\/www.esin.av.tr\/tr\/2021\/01\/14\/vadeli-dogal-gaz-piyasasinin-yasal-zemini-olusturuldu\/","og_locale":"tr_TR","og_type":"article","og_title":"Vadeli Do\u011fal Gaz Piyasas\u0131n\u0131n Yasal Zemini Olu\u015fturuldu","og_description":"&nbsp; Yeni Geli\u015fmeler 12 Ocak 2021 tarihli Resmi Gazete'de yay\u0131mlanan ve ayn\u0131 g\u00fcn y\u00fcr\u00fcrl\u00fc\u011fe giren Organize Toptan Do\u011fal Gaz Sat\u0131\u015f Piyasas\u0131 Y\u00f6netmeli\u011finde","og_url":"https:\/\/www.esin.av.tr\/tr\/2021\/01\/14\/vadeli-dogal-gaz-piyasasinin-yasal-zemini-olusturuldu\/","og_site_name":"Esin Avukatl\u0131k Ortakl\u0131\u011f\u0131","article_published_time":"2021-01-14T12:36:26+00:00","article_modified_time":"2022-06-09T13:15:11+00:00","author":"R\u0131dvan Konrat","twitter_card":"summary_large_image","twitter_misc":{"Written by":"R\u0131dvan Konrat","Est. reading time":"3 minutes"},"schema":{"@context":"https:\/\/schema.org","@graph":[{"@type":"Article","@id":"https:\/\/www.esin.av.tr\/tr\/2021\/01\/14\/vadeli-dogal-gaz-piyasasinin-yasal-zemini-olusturuldu\/#article","isPartOf":{"@id":"https:\/\/www.esin.av.tr\/tr\/2021\/01\/14\/vadeli-dogal-gaz-piyasasinin-yasal-zemini-olusturuldu\/"},"author":{"name":"R\u0131dvan Konrat","@id":"https:\/\/www.esin.av.tr\/tr\/#\/schema\/person\/42c8e616aab56b8622fa365ad63282ae"},"headline":"Vadeli Do\u011fal Gaz Piyasas\u0131n\u0131n Yasal Zemini Olu\u015fturuldu","datePublished":"2021-01-14T12:36:26+00:00","dateModified":"2022-06-09T13:15:11+00:00","mainEntityOfPage":{"@id":"https:\/\/www.esin.av.tr\/tr\/2021\/01\/14\/vadeli-dogal-gaz-piyasasinin-yasal-zemini-olusturuldu\/"},"wordCount":577,"publisher":{"@id":"https:\/\/www.esin.av.tr\/tr\/#organization"},"articleSection":["Hukuk B\u00fcltenleri"],"inLanguage":"tr"},{"@type":"WebPage","@id":"https:\/\/www.esin.av.tr\/tr\/2021\/01\/14\/vadeli-dogal-gaz-piyasasinin-yasal-zemini-olusturuldu\/","url":"https:\/\/www.esin.av.tr\/tr\/2021\/01\/14\/vadeli-dogal-gaz-piyasasinin-yasal-zemini-olusturuldu\/","name":"Vadeli Do\u011fal Gaz Piyasas\u0131n\u0131n Yasal Zemini Olu\u015fturuldu","isPartOf":{"@id":"https:\/\/www.esin.av.tr\/tr\/#website"},"datePublished":"2021-01-14T12:36:26+00:00","dateModified":"2022-06-09T13:15:11+00:00","description":"&nbsp; Yeni Geli\u015fmeler 12 Ocak 2021 tarihli Resmi Gazete'de yay\u0131mlanan ve ayn\u0131 g\u00fcn y\u00fcr\u00fcrl\u00fc\u011fe giren Organize Toptan Do\u011fal Gaz Sat\u0131\u015f Piyasas\u0131 Y\u00f6netmeli\u011finde","breadcrumb":{"@id":"https:\/\/www.esin.av.tr\/tr\/2021\/01\/14\/vadeli-dogal-gaz-piyasasinin-yasal-zemini-olusturuldu\/#breadcrumb"},"inLanguage":"tr","potentialAction":[{"@type":"ReadAction","target":["https:\/\/www.esin.av.tr\/tr\/2021\/01\/14\/vadeli-dogal-gaz-piyasasinin-yasal-zemini-olusturuldu\/"]}]},{"@type":"BreadcrumbList","@id":"https:\/\/www.esin.av.tr\/tr\/2021\/01\/14\/vadeli-dogal-gaz-piyasasinin-yasal-zemini-olusturuldu\/#breadcrumb","itemListElement":[{"@type":"ListItem","position":1,"name":"Home","item":"https:\/\/www.esin.av.tr\/tr\/"},{"@type":"ListItem","position":2,"name":"Vadeli Do\u011fal Gaz Piyasas\u0131n\u0131n Yasal Zemini Olu\u015fturuldu"}]},{"@type":"WebSite","@id":"https:\/\/www.esin.av.tr\/tr\/#website","url":"https:\/\/www.esin.av.tr\/tr\/","name":"Esin Avukatl\u0131k Ortakl\u0131\u011f\u0131","description":"","publisher":{"@id":"https:\/\/www.esin.av.tr\/tr\/#organization"},"potentialAction":[{"@type":"SearchAction","target":{"@type":"EntryPoint","urlTemplate":"https:\/\/www.esin.av.tr\/tr\/?s={search_term_string}"},"query-input":{"@type":"PropertyValueSpecification","valueRequired":true,"valueName":"search_term_string"}}],"inLanguage":"tr"},{"@type":"Organization","@id":"https:\/\/www.esin.av.tr\/tr\/#organization","name":"Esin Avukatl\u0131k Ortakl\u0131\u011f\u0131","url":"https:\/\/www.esin.av.tr\/tr\/","logo":{"@type":"ImageObject","inLanguage":"tr","@id":"https:\/\/www.esin.av.tr\/tr\/#\/schema\/logo\/image\/","url":"https:\/\/www.esin.av.tr\/wp-content\/uploads\/2021\/09\/esin-2.jpg","contentUrl":"https:\/\/www.esin.av.tr\/wp-content\/uploads\/2021\/09\/esin-2.jpg","width":800,"height":460,"caption":"Esin Avukatl\u0131k Ortakl\u0131\u011f\u0131"},"image":{"@id":"https:\/\/www.esin.av.tr\/tr\/#\/schema\/logo\/image\/"}},{"@type":"Person","@id":"https:\/\/www.esin.av.tr\/tr\/#\/schema\/person\/42c8e616aab56b8622fa365ad63282ae","name":"R\u0131dvan Konrat","image":{"@type":"ImageObject","inLanguage":"tr","@id":"https:\/\/www.esin.av.tr\/tr\/#\/schema\/person\/image\/","url":"https:\/\/secure.gravatar.com\/avatar\/b20c6c583be38ed4e76e32f69fccc676?s=96&d=mm&r=g","contentUrl":"https:\/\/secure.gravatar.com\/avatar\/b20c6c583be38ed4e76e32f69fccc676?s=96&d=mm&r=g","caption":"R\u0131dvan Konrat"},"sameAs":["http:\/\/www.esin.av.tr"],"url":"https:\/\/www.esin.av.tr\/tr\/author\/rkonrat\/"}]}},"_links":{"self":[{"href":"https:\/\/www.esin.av.tr\/tr\/wp-json\/wp\/v2\/posts\/18470","targetHints":{"allow":["GET"]}}],"collection":[{"href":"https:\/\/www.esin.av.tr\/tr\/wp-json\/wp\/v2\/posts"}],"about":[{"href":"https:\/\/www.esin.av.tr\/tr\/wp-json\/wp\/v2\/types\/post"}],"author":[{"embeddable":true,"href":"https:\/\/www.esin.av.tr\/tr\/wp-json\/wp\/v2\/users\/4"}],"replies":[{"embeddable":true,"href":"https:\/\/www.esin.av.tr\/tr\/wp-json\/wp\/v2\/comments?post=18470"}],"version-history":[{"count":2,"href":"https:\/\/www.esin.av.tr\/tr\/wp-json\/wp\/v2\/posts\/18470\/revisions"}],"predecessor-version":[{"id":19895,"href":"https:\/\/www.esin.av.tr\/tr\/wp-json\/wp\/v2\/posts\/18470\/revisions\/19895"}],"wp:attachment":[{"href":"https:\/\/www.esin.av.tr\/tr\/wp-json\/wp\/v2\/media?parent=18470"}],"wp:term":[{"taxonomy":"category","embeddable":true,"href":"https:\/\/www.esin.av.tr\/tr\/wp-json\/wp\/v2\/categories?post=18470"},{"taxonomy":"post_tag","embeddable":true,"href":"https:\/\/www.esin.av.tr\/tr\/wp-json\/wp\/v2\/tags?post=18470"}],"curies":[{"name":"wp","href":"https:\/\/api.w.org\/{rel}","templated":true}]}}