{"id":18343,"date":"2021-01-04T11:23:39","date_gmt":"2021-01-04T11:23:39","guid":{"rendered":"https:\/\/www.esin.av.tr\/?p=18343"},"modified":"2022-06-09T13:15:32","modified_gmt":"2022-06-09T13:15:32","slug":"meslek-birliklerine-verilecek-yetki-belgesi-hakkinda-yonetmelik-yururluge-girdi","status":"publish","type":"post","link":"https:\/\/www.esin.av.tr\/tr\/2021\/01\/04\/meslek-birliklerine-verilecek-yetki-belgesi-hakkinda-yonetmelik-yururluge-girdi\/","title":{"rendered":"Meslek Birliklerine Verilecek Yetki Belgesi Hakk\u0131nda Y\u00f6netmelik Y\u00fcr\u00fcrl\u00fc\u011fe Girdi"},"content":{"rendered":"<!--[if lt IE 9]><script>document.createElement('audio');<\/script><![endif]-->\n<audio class=\"wp-audio-shortcode\" id=\"audio-18343-1\" preload=\"none\" style=\"width: 100%;\" controls=\"controls\"><source type=\"audio\/mpeg\" src=\"https:\/\/www.esin.av.tr\/wp-content\/uploads\/2021\/01\/TUR-Meslek-Birliklerine-Verilecek-Yetki-Belgesi-Hakkinda-Yonetmelik-Yur....mp3?_=1\" \/><a href=\"https:\/\/www.esin.av.tr\/wp-content\/uploads\/2021\/01\/TUR-Meslek-Birliklerine-Verilecek-Yetki-Belgesi-Hakkinda-Yonetmelik-Yur....mp3\">https:\/\/www.esin.av.tr\/wp-content\/uploads\/2021\/01\/TUR-Meslek-Birliklerine-Verilecek-Yetki-Belgesi-Hakkinda-Yonetmelik-Yur....mp3<\/a><\/audio>\n<p>&nbsp;<\/p>\n<p><strong>Yeni Geli\u015fme<\/strong><\/p>\n<p>K\u00fclt\u00fcr ve Turizm Bakanl\u0131\u011f\u0131&#8217;nca haz\u0131rlanan Meslek Birliklerine Verilecek Yetki Belgesi Hakk\u0131nda Y\u00f6netmelik (&#8220;<strong>Y\u00f6netmelik<\/strong>&#8220;) 1 Ocak 2021 tarihi itibariyle y\u00fcr\u00fcrl\u00fc\u011fe girdi. Y\u00f6netmelik&#8217;in y\u00fcr\u00fcrl\u00fc\u011fe girmesiyle 4 Eyl\u00fcl 1986 tarihli Fikir ve Sanat Eseri Sahiplerinin Verecekleri Yetki Belgesi Hakk\u0131nda Y\u00f6netmelik y\u00fcr\u00fcrl\u00fckten kald\u0131r\u0131ld\u0131. Y\u00f6netmelik uyar\u0131nca, fikir ve sanat eseri sahiplerinin, ba\u011flant\u0131l\u0131 hak sahiplerinin ve di\u011fer mali hak sahiplerinin, meslek birliklerine \u00fcye olabilmek i\u00e7in Y\u00f6netmelik esaslar\u0131na ve meslek birliklerince belirlenen ko\u015fullara uygun bir yetki belgesi sunmas\u0131 gerekiyor.<\/p>\n<p>Y\u00f6netmelik, hak sahiplerinin meslek birliklerine verecekleri yetki belgesinin \u015fekil ve i\u00e7eri\u011finin yan\u0131 s\u0131ra, hak sahipleri ile meslek birliklerinin yetki belgesi kapsam\u0131ndaki kar\u015f\u0131l\u0131kl\u0131 hak ve y\u00fck\u00fcml\u00fcl\u00fcklerini d\u00fczenlemektedir. Y\u00f6netmelik ile lisanslama faaliyetlerinde meslek birliklerinin temsil kabiliyetlerinin g\u00fc\u00e7lendirilmesi ve uluslararas\u0131 uygulamalarla uyum ama\u00e7lanmaktad\u0131r.<\/p>\n<p><strong>Y\u00f6netmelik Neler Getiriyor?<\/strong><\/p>\n<p>Y\u00f6netmelik&#8217;te yetki belgesinde belirtilmesi gereken hususlar, meslek birlikleri ve hak sahiplerinin yetki belgesi kapsam\u0131nda hak ve y\u00fck\u00fcml\u00fcl\u00fckleri, yetki belgesinin feshi halinde olu\u015facak hukuki durumlar ayr\u0131nt\u0131l\u0131 olarak d\u00fczenlenmektedir.<\/p>\n<p>Y\u00f6netmelik ile fikir ve sanat eseri hak sahiplerinin meslek birliklerine \u00fcye olmak i\u00e7in meslek birliklerine bir yetki belgesi sunmas\u0131 zorunlu k\u0131l\u0131nm\u0131\u015ft\u0131r. Yetki belgesinin verilmesi ile meslek birlikleri, belgeye konu mali haklar\u0131 kullanma yetkisine sahip olacak ve bu haklar\u0131n idaresi, telif \u00fccretlerinin tahsili ve da\u011f\u0131t\u0131m\u0131 konular\u0131nda m\u00fcnhas\u0131ran yetkili kabul edileceklerdir. Yetki belgesi meslek birliklerine, yetki belgesine konu haklar \u00fczerinde tam ruhsat yetkisi sa\u011flayacakt\u0131r. Y\u00f6netmelik \u00e7er\u00e7evesinde, yetki belgesinde belirtilen haklar, meslek birli\u011finin faaliyet g\u00f6sterdi\u011fi alanda hak sahibinin yay\u0131mlanm\u0131\u015f veya alenile\u015fmi\u015f b\u00fct\u00fcn eserleri ve ba\u011flant\u0131l\u0131 hak konular\u0131 i\u00e7in ge\u00e7erli olacakt\u0131r. Ayr\u0131ca, meslek birliklerinin yurt d\u0131\u015f\u0131ndaki ayn\u0131 ama\u00e7la faaliyet g\u00f6steren kurum ve kurulu\u015flarla yapt\u0131klar\u0131 temsilcilik s\u00f6zle\u015fmelerinin de yetki belgesi niteli\u011finde say\u0131lmas\u0131 \u00f6ng\u00f6r\u00fclmektedir.<\/p>\n<p>Y\u00f6netmelik uyar\u0131nca, hak sahipleri verecekleri yetki belgesinde, yetki belgesine konu mali haklar\u0131n\u0131n kullan\u0131m yetkisini en az be\u015f y\u0131l s\u00fcre ile m\u00fcnhas\u0131ran meslek birli\u011fine devretmeyi kabul ve taahh\u00fct etmektedir. Meslek birlikleri ise hak sahiplerince verilecek yetki belgesine konu haklar\u0131 kendi ad\u0131na kullanmaya, \u00fc\u00e7\u00fcnc\u00fc ki\u015filere kulland\u0131rmaya, kullanmaktan men etmeye, kullan\u0131mlar kar\u015f\u0131l\u0131\u011f\u0131nda \u00f6denen \u00fccreti teslim almaya, bu haklar\u0131n takibi ve tahsili i\u00e7in her t\u00fcrl\u00fc\u00a0kazai, idari ve\u00a0icrai\u00a0yollara m\u00fcracaat etmeye ve bunlar\u0131 takip etmeye yetkili ve y\u00fck\u00fcml\u00fcd\u00fcr. Hak sahibinin \u00f6l\u00fcm\u00fc halinde yetki belgesinin kanuni miras\u00e7\u0131larla devam ettirilmesi \u00f6ng\u00f6r\u00fclmektedir.<\/p>\n<p>Y\u00f6netmelik uyar\u0131nca, yetki belgesi veren hak sahibi, yetki belgesi ile meslek birli\u011fine tan\u0131nan mali haklar\u0131n\u0131 ilgili meslek birli\u011finin izni olmaks\u0131z\u0131n ba\u015fka bir ki\u015fiye kulland\u0131ramayacakt\u0131r. Hak sahipleri, haklar\u0131n\u0131 \u00fc\u00e7\u00fcnc\u00fc ki\u015filere devretme yetkisine sahip olmaya devam edecektir ancak hakk\u0131n ba\u015fkas\u0131na devredilmesi halinde, yetki belgesi devredilen haklar ile eser ve ba\u011flant\u0131l\u0131 hak konular\u0131 bak\u0131m\u0131ndan feshedilmi\u015f say\u0131lacakt\u0131r.<\/p>\n<p>Her bir meslek birli\u011fi yetki belgesi ile ilgili gerekli form ve belgeleri kendisi haz\u0131rlayacakt\u0131r, b\u00f6ylelikle hak sahipleri ilgili belgelere meslek birlikleri \u00fczerinden ula\u015fabilecektir.<\/p>\n<p><strong>Sonu\u00e7<\/strong><\/p>\n<p>Y\u00f6netmelik, fikir ve sanat eseri sahipleri, ba\u011flant\u0131l\u0131 hak sahipleri ve di\u011fer mali hak sahipleri a\u00e7\u0131s\u0131ndan \u00f6nem ta\u015f\u0131maktad\u0131r. Y\u00f6netmelik ile hak sahiplerinin, belirli mali haklar\u0131n\u0131n idaresi ve takibi, telif \u00fccretlerinin tahsili ve bu \u00fccretlerin da\u011f\u0131t\u0131m\u0131 i\u00e7in\u00a0meslek birliklerini yetkilendirmesinin temel usul ve esaslar\u0131 belirlenmi\u015ftir.<\/p>\n","protected":false},"excerpt":{"rendered":"<p>&nbsp; Yeni Geli\u015fme K\u00fclt\u00fcr ve Turizm Bakanl\u0131\u011f\u0131&#8217;nca haz\u0131rlanan Meslek Birliklerine Verilecek Yetki Belgesi Hakk\u0131nda Y\u00f6netmelik (&#8220;Y\u00f6netmelik&#8220;) 1 Ocak 2021 tarihi [&hellip;]<\/p>\n","protected":false},"author":4,"featured_media":0,"comment_status":"closed","ping_status":"closed","sticky":false,"template":"","format":"standard","meta":{"_acf_changed":false,"_stopmodifiedupdate":false,"_modified_date":"","footnotes":""},"categories":[120],"tags":[91],"class_list":["post-18343","post","type-post","status-publish","format-standard","hentry","category-legal-alerts","tag-intellectual-property-tr"],"acf":[],"yoast_head":"<!-- This site is optimized with the Yoast SEO plugin v24.0 - https:\/\/yoast.com\/wordpress\/plugins\/seo\/ -->\n<title>Meslek Birliklerine Verilecek Yetki Belgesi Hakk\u0131nda Y\u00f6netmelik Y\u00fcr\u00fcrl\u00fc\u011fe Girdi<\/title>\n<meta name=\"description\" content=\"&nbsp; Yeni Geli\u015fme K\u00fclt\u00fcr ve Turizm Bakanl\u0131\u011f\u0131&#039;nca haz\u0131rlanan Meslek Birliklerine Verilecek Yetki Belgesi Hakk\u0131nda Y\u00f6netmelik (&quot;Y\u00f6netmelik&quot;) 1 Ocak 2021\" \/>\n<meta name=\"robots\" content=\"index, follow, max-snippet:-1, max-image-preview:large, max-video-preview:-1\" \/>\n<link rel=\"canonical\" href=\"https:\/\/www.esin.av.tr\/tr\/2021\/01\/04\/meslek-birliklerine-verilecek-yetki-belgesi-hakkinda-yonetmelik-yururluge-girdi\/\" \/>\n<meta property=\"og:locale\" content=\"tr_TR\" \/>\n<meta property=\"og:type\" content=\"article\" \/>\n<meta property=\"og:title\" content=\"Meslek Birliklerine Verilecek Yetki Belgesi Hakk\u0131nda Y\u00f6netmelik Y\u00fcr\u00fcrl\u00fc\u011fe Girdi\" \/>\n<meta property=\"og:description\" content=\"&nbsp; Yeni Geli\u015fme K\u00fclt\u00fcr ve Turizm Bakanl\u0131\u011f\u0131&#039;nca haz\u0131rlanan Meslek Birliklerine Verilecek Yetki Belgesi Hakk\u0131nda Y\u00f6netmelik (&quot;Y\u00f6netmelik&quot;) 1 Ocak 2021\" \/>\n<meta property=\"og:url\" content=\"https:\/\/www.esin.av.tr\/tr\/2021\/01\/04\/meslek-birliklerine-verilecek-yetki-belgesi-hakkinda-yonetmelik-yururluge-girdi\/\" \/>\n<meta property=\"og:site_name\" content=\"Esin Avukatl\u0131k Ortakl\u0131\u011f\u0131\" \/>\n<meta property=\"article:published_time\" content=\"2021-01-04T11:23:39+00:00\" \/>\n<meta property=\"article:modified_time\" content=\"2022-06-09T13:15:32+00:00\" \/>\n<meta name=\"author\" content=\"R\u0131dvan Konrat\" \/>\n<meta name=\"twitter:card\" content=\"summary_large_image\" \/>\n<meta name=\"twitter:label1\" content=\"Written by\" \/>\n\t<meta name=\"twitter:data1\" content=\"R\u0131dvan Konrat\" \/>\n\t<meta name=\"twitter:label2\" content=\"Est. reading time\" \/>\n\t<meta name=\"twitter:data2\" content=\"3 minutes\" \/>\n<script type=\"application\/ld+json\" class=\"yoast-schema-graph\">{\"@context\":\"https:\/\/schema.org\",\"@graph\":[{\"@type\":\"Article\",\"@id\":\"https:\/\/www.esin.av.tr\/tr\/2021\/01\/04\/meslek-birliklerine-verilecek-yetki-belgesi-hakkinda-yonetmelik-yururluge-girdi\/#article\",\"isPartOf\":{\"@id\":\"https:\/\/www.esin.av.tr\/tr\/2021\/01\/04\/meslek-birliklerine-verilecek-yetki-belgesi-hakkinda-yonetmelik-yururluge-girdi\/\"},\"author\":{\"name\":\"R\u0131dvan Konrat\",\"@id\":\"https:\/\/www.esin.av.tr\/tr\/#\/schema\/person\/42c8e616aab56b8622fa365ad63282ae\"},\"headline\":\"Meslek Birliklerine Verilecek Yetki Belgesi Hakk\u0131nda Y\u00f6netmelik Y\u00fcr\u00fcrl\u00fc\u011fe Girdi\",\"datePublished\":\"2021-01-04T11:23:39+00:00\",\"dateModified\":\"2022-06-09T13:15:32+00:00\",\"mainEntityOfPage\":{\"@id\":\"https:\/\/www.esin.av.tr\/tr\/2021\/01\/04\/meslek-birliklerine-verilecek-yetki-belgesi-hakkinda-yonetmelik-yururluge-girdi\/\"},\"wordCount\":654,\"publisher\":{\"@id\":\"https:\/\/www.esin.av.tr\/tr\/#organization\"},\"keywords\":[\"Fikri ve S\u0131nai M\u00fclkiyet\"],\"articleSection\":[\"Hukuk B\u00fcltenleri\"],\"inLanguage\":\"tr\"},{\"@type\":\"WebPage\",\"@id\":\"https:\/\/www.esin.av.tr\/tr\/2021\/01\/04\/meslek-birliklerine-verilecek-yetki-belgesi-hakkinda-yonetmelik-yururluge-girdi\/\",\"url\":\"https:\/\/www.esin.av.tr\/tr\/2021\/01\/04\/meslek-birliklerine-verilecek-yetki-belgesi-hakkinda-yonetmelik-yururluge-girdi\/\",\"name\":\"Meslek Birliklerine Verilecek Yetki Belgesi Hakk\u0131nda Y\u00f6netmelik Y\u00fcr\u00fcrl\u00fc\u011fe Girdi\",\"isPartOf\":{\"@id\":\"https:\/\/www.esin.av.tr\/tr\/#website\"},\"datePublished\":\"2021-01-04T11:23:39+00:00\",\"dateModified\":\"2022-06-09T13:15:32+00:00\",\"description\":\"&nbsp; Yeni Geli\u015fme K\u00fclt\u00fcr ve Turizm Bakanl\u0131\u011f\u0131'nca haz\u0131rlanan Meslek Birliklerine Verilecek Yetki Belgesi Hakk\u0131nda Y\u00f6netmelik (\\\"Y\u00f6netmelik\\\") 1 Ocak 2021\",\"breadcrumb\":{\"@id\":\"https:\/\/www.esin.av.tr\/tr\/2021\/01\/04\/meslek-birliklerine-verilecek-yetki-belgesi-hakkinda-yonetmelik-yururluge-girdi\/#breadcrumb\"},\"inLanguage\":\"tr\",\"potentialAction\":[{\"@type\":\"ReadAction\",\"target\":[\"https:\/\/www.esin.av.tr\/tr\/2021\/01\/04\/meslek-birliklerine-verilecek-yetki-belgesi-hakkinda-yonetmelik-yururluge-girdi\/\"]}]},{\"@type\":\"BreadcrumbList\",\"@id\":\"https:\/\/www.esin.av.tr\/tr\/2021\/01\/04\/meslek-birliklerine-verilecek-yetki-belgesi-hakkinda-yonetmelik-yururluge-girdi\/#breadcrumb\",\"itemListElement\":[{\"@type\":\"ListItem\",\"position\":1,\"name\":\"Home\",\"item\":\"https:\/\/www.esin.av.tr\/tr\/\"},{\"@type\":\"ListItem\",\"position\":2,\"name\":\"Meslek Birliklerine Verilecek Yetki Belgesi Hakk\u0131nda Y\u00f6netmelik Y\u00fcr\u00fcrl\u00fc\u011fe Girdi\"}]},{\"@type\":\"WebSite\",\"@id\":\"https:\/\/www.esin.av.tr\/tr\/#website\",\"url\":\"https:\/\/www.esin.av.tr\/tr\/\",\"name\":\"Esin Avukatl\u0131k Ortakl\u0131\u011f\u0131\",\"description\":\"\",\"publisher\":{\"@id\":\"https:\/\/www.esin.av.tr\/tr\/#organization\"},\"potentialAction\":[{\"@type\":\"SearchAction\",\"target\":{\"@type\":\"EntryPoint\",\"urlTemplate\":\"https:\/\/www.esin.av.tr\/tr\/?s={search_term_string}\"},\"query-input\":{\"@type\":\"PropertyValueSpecification\",\"valueRequired\":true,\"valueName\":\"search_term_string\"}}],\"inLanguage\":\"tr\"},{\"@type\":\"Organization\",\"@id\":\"https:\/\/www.esin.av.tr\/tr\/#organization\",\"name\":\"Esin Avukatl\u0131k Ortakl\u0131\u011f\u0131\",\"url\":\"https:\/\/www.esin.av.tr\/tr\/\",\"logo\":{\"@type\":\"ImageObject\",\"inLanguage\":\"tr\",\"@id\":\"https:\/\/www.esin.av.tr\/tr\/#\/schema\/logo\/image\/\",\"url\":\"https:\/\/www.esin.av.tr\/wp-content\/uploads\/2021\/09\/esin-2.jpg\",\"contentUrl\":\"https:\/\/www.esin.av.tr\/wp-content\/uploads\/2021\/09\/esin-2.jpg\",\"width\":800,\"height\":460,\"caption\":\"Esin Avukatl\u0131k Ortakl\u0131\u011f\u0131\"},\"image\":{\"@id\":\"https:\/\/www.esin.av.tr\/tr\/#\/schema\/logo\/image\/\"}},{\"@type\":\"Person\",\"@id\":\"https:\/\/www.esin.av.tr\/tr\/#\/schema\/person\/42c8e616aab56b8622fa365ad63282ae\",\"name\":\"R\u0131dvan Konrat\",\"image\":{\"@type\":\"ImageObject\",\"inLanguage\":\"tr\",\"@id\":\"https:\/\/www.esin.av.tr\/tr\/#\/schema\/person\/image\/\",\"url\":\"https:\/\/secure.gravatar.com\/avatar\/b20c6c583be38ed4e76e32f69fccc676?s=96&d=mm&r=g\",\"contentUrl\":\"https:\/\/secure.gravatar.com\/avatar\/b20c6c583be38ed4e76e32f69fccc676?s=96&d=mm&r=g\",\"caption\":\"R\u0131dvan Konrat\"},\"sameAs\":[\"http:\/\/www.esin.av.tr\"],\"url\":\"https:\/\/www.esin.av.tr\/tr\/author\/rkonrat\/\"}]}<\/script>\n<!-- \/ Yoast SEO plugin. -->","yoast_head_json":{"title":"Meslek Birliklerine Verilecek Yetki Belgesi Hakk\u0131nda Y\u00f6netmelik Y\u00fcr\u00fcrl\u00fc\u011fe Girdi","description":"&nbsp; Yeni Geli\u015fme K\u00fclt\u00fcr ve Turizm Bakanl\u0131\u011f\u0131'nca haz\u0131rlanan Meslek Birliklerine Verilecek Yetki Belgesi Hakk\u0131nda Y\u00f6netmelik (\"Y\u00f6netmelik\") 1 Ocak 2021","robots":{"index":"index","follow":"follow","max-snippet":"max-snippet:-1","max-image-preview":"max-image-preview:large","max-video-preview":"max-video-preview:-1"},"canonical":"https:\/\/www.esin.av.tr\/tr\/2021\/01\/04\/meslek-birliklerine-verilecek-yetki-belgesi-hakkinda-yonetmelik-yururluge-girdi\/","og_locale":"tr_TR","og_type":"article","og_title":"Meslek Birliklerine Verilecek Yetki Belgesi Hakk\u0131nda Y\u00f6netmelik Y\u00fcr\u00fcrl\u00fc\u011fe Girdi","og_description":"&nbsp; Yeni Geli\u015fme K\u00fclt\u00fcr ve Turizm Bakanl\u0131\u011f\u0131'nca haz\u0131rlanan Meslek Birliklerine Verilecek Yetki Belgesi Hakk\u0131nda Y\u00f6netmelik (\"Y\u00f6netmelik\") 1 Ocak 2021","og_url":"https:\/\/www.esin.av.tr\/tr\/2021\/01\/04\/meslek-birliklerine-verilecek-yetki-belgesi-hakkinda-yonetmelik-yururluge-girdi\/","og_site_name":"Esin Avukatl\u0131k Ortakl\u0131\u011f\u0131","article_published_time":"2021-01-04T11:23:39+00:00","article_modified_time":"2022-06-09T13:15:32+00:00","author":"R\u0131dvan Konrat","twitter_card":"summary_large_image","twitter_misc":{"Written by":"R\u0131dvan Konrat","Est. reading time":"3 minutes"},"schema":{"@context":"https:\/\/schema.org","@graph":[{"@type":"Article","@id":"https:\/\/www.esin.av.tr\/tr\/2021\/01\/04\/meslek-birliklerine-verilecek-yetki-belgesi-hakkinda-yonetmelik-yururluge-girdi\/#article","isPartOf":{"@id":"https:\/\/www.esin.av.tr\/tr\/2021\/01\/04\/meslek-birliklerine-verilecek-yetki-belgesi-hakkinda-yonetmelik-yururluge-girdi\/"},"author":{"name":"R\u0131dvan Konrat","@id":"https:\/\/www.esin.av.tr\/tr\/#\/schema\/person\/42c8e616aab56b8622fa365ad63282ae"},"headline":"Meslek Birliklerine Verilecek Yetki Belgesi Hakk\u0131nda Y\u00f6netmelik Y\u00fcr\u00fcrl\u00fc\u011fe Girdi","datePublished":"2021-01-04T11:23:39+00:00","dateModified":"2022-06-09T13:15:32+00:00","mainEntityOfPage":{"@id":"https:\/\/www.esin.av.tr\/tr\/2021\/01\/04\/meslek-birliklerine-verilecek-yetki-belgesi-hakkinda-yonetmelik-yururluge-girdi\/"},"wordCount":654,"publisher":{"@id":"https:\/\/www.esin.av.tr\/tr\/#organization"},"keywords":["Fikri ve S\u0131nai M\u00fclkiyet"],"articleSection":["Hukuk B\u00fcltenleri"],"inLanguage":"tr"},{"@type":"WebPage","@id":"https:\/\/www.esin.av.tr\/tr\/2021\/01\/04\/meslek-birliklerine-verilecek-yetki-belgesi-hakkinda-yonetmelik-yururluge-girdi\/","url":"https:\/\/www.esin.av.tr\/tr\/2021\/01\/04\/meslek-birliklerine-verilecek-yetki-belgesi-hakkinda-yonetmelik-yururluge-girdi\/","name":"Meslek Birliklerine Verilecek Yetki Belgesi Hakk\u0131nda Y\u00f6netmelik Y\u00fcr\u00fcrl\u00fc\u011fe Girdi","isPartOf":{"@id":"https:\/\/www.esin.av.tr\/tr\/#website"},"datePublished":"2021-01-04T11:23:39+00:00","dateModified":"2022-06-09T13:15:32+00:00","description":"&nbsp; Yeni Geli\u015fme K\u00fclt\u00fcr ve Turizm Bakanl\u0131\u011f\u0131'nca haz\u0131rlanan Meslek Birliklerine Verilecek Yetki Belgesi Hakk\u0131nda Y\u00f6netmelik (\"Y\u00f6netmelik\") 1 Ocak 2021","breadcrumb":{"@id":"https:\/\/www.esin.av.tr\/tr\/2021\/01\/04\/meslek-birliklerine-verilecek-yetki-belgesi-hakkinda-yonetmelik-yururluge-girdi\/#breadcrumb"},"inLanguage":"tr","potentialAction":[{"@type":"ReadAction","target":["https:\/\/www.esin.av.tr\/tr\/2021\/01\/04\/meslek-birliklerine-verilecek-yetki-belgesi-hakkinda-yonetmelik-yururluge-girdi\/"]}]},{"@type":"BreadcrumbList","@id":"https:\/\/www.esin.av.tr\/tr\/2021\/01\/04\/meslek-birliklerine-verilecek-yetki-belgesi-hakkinda-yonetmelik-yururluge-girdi\/#breadcrumb","itemListElement":[{"@type":"ListItem","position":1,"name":"Home","item":"https:\/\/www.esin.av.tr\/tr\/"},{"@type":"ListItem","position":2,"name":"Meslek Birliklerine Verilecek Yetki Belgesi Hakk\u0131nda Y\u00f6netmelik Y\u00fcr\u00fcrl\u00fc\u011fe Girdi"}]},{"@type":"WebSite","@id":"https:\/\/www.esin.av.tr\/tr\/#website","url":"https:\/\/www.esin.av.tr\/tr\/","name":"Esin Avukatl\u0131k Ortakl\u0131\u011f\u0131","description":"","publisher":{"@id":"https:\/\/www.esin.av.tr\/tr\/#organization"},"potentialAction":[{"@type":"SearchAction","target":{"@type":"EntryPoint","urlTemplate":"https:\/\/www.esin.av.tr\/tr\/?s={search_term_string}"},"query-input":{"@type":"PropertyValueSpecification","valueRequired":true,"valueName":"search_term_string"}}],"inLanguage":"tr"},{"@type":"Organization","@id":"https:\/\/www.esin.av.tr\/tr\/#organization","name":"Esin Avukatl\u0131k Ortakl\u0131\u011f\u0131","url":"https:\/\/www.esin.av.tr\/tr\/","logo":{"@type":"ImageObject","inLanguage":"tr","@id":"https:\/\/www.esin.av.tr\/tr\/#\/schema\/logo\/image\/","url":"https:\/\/www.esin.av.tr\/wp-content\/uploads\/2021\/09\/esin-2.jpg","contentUrl":"https:\/\/www.esin.av.tr\/wp-content\/uploads\/2021\/09\/esin-2.jpg","width":800,"height":460,"caption":"Esin Avukatl\u0131k Ortakl\u0131\u011f\u0131"},"image":{"@id":"https:\/\/www.esin.av.tr\/tr\/#\/schema\/logo\/image\/"}},{"@type":"Person","@id":"https:\/\/www.esin.av.tr\/tr\/#\/schema\/person\/42c8e616aab56b8622fa365ad63282ae","name":"R\u0131dvan Konrat","image":{"@type":"ImageObject","inLanguage":"tr","@id":"https:\/\/www.esin.av.tr\/tr\/#\/schema\/person\/image\/","url":"https:\/\/secure.gravatar.com\/avatar\/b20c6c583be38ed4e76e32f69fccc676?s=96&d=mm&r=g","contentUrl":"https:\/\/secure.gravatar.com\/avatar\/b20c6c583be38ed4e76e32f69fccc676?s=96&d=mm&r=g","caption":"R\u0131dvan Konrat"},"sameAs":["http:\/\/www.esin.av.tr"],"url":"https:\/\/www.esin.av.tr\/tr\/author\/rkonrat\/"}]}},"_links":{"self":[{"href":"https:\/\/www.esin.av.tr\/tr\/wp-json\/wp\/v2\/posts\/18343","targetHints":{"allow":["GET"]}}],"collection":[{"href":"https:\/\/www.esin.av.tr\/tr\/wp-json\/wp\/v2\/posts"}],"about":[{"href":"https:\/\/www.esin.av.tr\/tr\/wp-json\/wp\/v2\/types\/post"}],"author":[{"embeddable":true,"href":"https:\/\/www.esin.av.tr\/tr\/wp-json\/wp\/v2\/users\/4"}],"replies":[{"embeddable":true,"href":"https:\/\/www.esin.av.tr\/tr\/wp-json\/wp\/v2\/comments?post=18343"}],"version-history":[{"count":2,"href":"https:\/\/www.esin.av.tr\/tr\/wp-json\/wp\/v2\/posts\/18343\/revisions"}],"predecessor-version":[{"id":18374,"href":"https:\/\/www.esin.av.tr\/tr\/wp-json\/wp\/v2\/posts\/18343\/revisions\/18374"}],"wp:attachment":[{"href":"https:\/\/www.esin.av.tr\/tr\/wp-json\/wp\/v2\/media?parent=18343"}],"wp:term":[{"taxonomy":"category","embeddable":true,"href":"https:\/\/www.esin.av.tr\/tr\/wp-json\/wp\/v2\/categories?post=18343"},{"taxonomy":"post_tag","embeddable":true,"href":"https:\/\/www.esin.av.tr\/tr\/wp-json\/wp\/v2\/tags?post=18343"}],"curies":[{"name":"wp","href":"https:\/\/api.w.org\/{rel}","templated":true}]}}