{"id":17999,"date":"2020-11-23T08:25:57","date_gmt":"2020-11-23T08:25:57","guid":{"rendered":"https:\/\/www.esin.av.tr\/?p=17999"},"modified":"2022-06-09T13:09:14","modified_gmt":"2022-06-09T13:09:14","slug":"halka-arzlar-icin-yeni-tesvik-kurumlar-vergisi-indirimi","status":"publish","type":"post","link":"https:\/\/www.esin.av.tr\/tr\/2020\/11\/23\/halka-arzlar-icin-yeni-tesvik-kurumlar-vergisi-indirimi\/","title":{"rendered":"Halka Arzlar \u0130\u00e7in Yeni Te\u015fvik: Kurumlar Vergisi \u0130ndirimi"},"content":{"rendered":"<p><strong>Yeni Geli\u015fme<\/strong><\/p>\n<p>17.11.2020 tarih ve 31307 say\u0131l\u0131 Resmi Gazete&#8217;de yay\u0131mlanan 7256 say\u0131l\u0131 Baz\u0131 Alacaklar\u0131n Yeniden Yap\u0131land\u0131r\u0131lmas\u0131 ile Baz\u0131 Kanunlarda De\u011fi\u015fiklik Yap\u0131lmas\u0131 Hakk\u0131nda Kanun ile vergi hukukunu ilgilendiren bir\u00e7ok hususta \u00e7e\u015fitli de\u011fi\u015fiklikler yap\u0131ld\u0131. \u0130lgili de\u011fi\u015fiklikleri inceleyen Hukuk B\u00fclteni&#8217;ne <a href=\"https:\/\/urldefense.com\/v3\/__https:\/esinxchange.com\/collect\/click.aspx?u=bGFPaFUzVnlXMno3cEp0ZFdMVjFKbUQ1V25xbFhia0lwd2NYZU5OR2NwVlZhR3RSOXB6ZVFRRWpRL3JwVmo2dHNkay9iaUJKckphS2lOdXorZTFaTXd1Wkxpdm8vNUpySElscFRjM3NOS25lRk4yaHBUaSswMElBVW9Lckh5djFvK0pidkUwakthMGxqdXBnOVVhYkxJMFQ5UXJMUW1UVg==&amp;rh=ff006e0ba2711397c0d04610bc40bf932b797573__;!!Hj9Y_P0nvg!DomujF6L5v_ptfudxs_bmFG7xX0OpwsvJRY2JKSueF0ZmZxN3Q2GKV8SwC38vitqy54$\">bu<\/a> linkten ula\u015fabilirsiniz.<\/p>\n<p>Bu de\u011fi\u015fikliklerden biri ise sermaye piyasalar\u0131 i\u00e7in \u00f6zel bir \u00f6nem arz ediyor. 5520 say\u0131l\u0131 Kurumlar Vergisi Kanunu&#8217;nun 32. maddesinde yap\u0131lan de\u011fi\u015fiklik (&#8220;<strong>De\u011fi\u015fiklik<\/strong>&#8220;), Borsa \u0130stanbul Pay Piyasas\u0131nda ilk defa i\u015flem g\u00f6rmek \u00fczere halka arz edilen kurumlara vergi indiriminden yararlanma f\u0131rsat\u0131 sunuyor.<\/p>\n<p><strong>Tebli\u011f Ne Anlama Geliyor?<\/strong><\/p>\n<p>De\u011fi\u015fiklik uyar\u0131nca, Borsa \u0130stanbul Pay Piyasas\u0131nda ilk defa i\u015flem g\u00f6rmek \u00fczere ve sermayesinin en az %20&#8217;sini temsil eden paylar\u0131 halka arz edilen kurumlar\u0131n kurum kazan\u00e7lar\u0131na uygulanacak kurumlar vergisi oran\u0131, paylar\u0131n ilk defa halka arz edildi\u011fi hesap d\u00f6neminden ba\u015flamak \u00fczere be\u015f hesap d\u00f6nemi boyunca (normal oran olan %20 \u00fczerinden) iki (2) puan indirimli olarak uygulanacak.<\/p>\n<p>\u0130ndirimden yararlan\u0131lan hesap d\u00f6nemleri s\u00fcresince yukar\u0131da belirtilen halka a\u00e7\u0131kl\u0131k oran\u0131n\u0131n sa\u011flanmamas\u0131 halinde ise zaman\u0131nda indirim sebebiyle tahakkuk ettirilmeyen vergiler, vergi ziya\u0131 cezas\u0131 uygulanmaks\u0131z\u0131n gecikme faizi ile birlikte tahsil edilecek.<\/p>\n<p>Bununla birlikte s\u00f6z konusu vergi indirimi bankalar, finansal kiralama \u015firketleri, faktoring \u015firketleri, finansman \u015firketleri, \u00f6deme ve elektronik para kurulu\u015flar\u0131, yetkili d\u00f6viz m\u00fcesseseleri, varl\u0131k y\u00f6netim \u015firketleri, sermaye piyasas\u0131 kurumlar\u0131, sigorta ve reas\u00fcrans \u015firketleri ile emeklilik \u015firketlerine uygulanmayacak.<\/p>\n<p><strong>Sonu\u00e7<\/strong><\/p>\n<p>De\u011fi\u015fiklik, halka a\u00e7\u0131lmay\u0131 planlayan \u015firketlere vergi giderleri bak\u0131m\u0131ndan sa\u011flad\u0131\u011f\u0131 \u00f6nemli avantajla birlikte halka arzlar\u0131 te\u015fvik etmeyi ama\u00e7l\u0131yor.<\/p>\n","protected":false},"excerpt":{"rendered":"<p>Yeni Geli\u015fme 17.11.2020 tarih ve 31307 say\u0131l\u0131 Resmi Gazete&#8217;de yay\u0131mlanan 7256 say\u0131l\u0131 Baz\u0131 Alacaklar\u0131n Yeniden Yap\u0131land\u0131r\u0131lmas\u0131 ile Baz\u0131 Kanunlarda De\u011fi\u015fiklik [&hellip;]<\/p>\n","protected":false},"author":4,"featured_media":0,"comment_status":"closed","ping_status":"closed","sticky":false,"template":"","format":"standard","meta":{"_acf_changed":false,"_stopmodifiedupdate":false,"_modified_date":"","footnotes":""},"categories":[120],"tags":[95,97],"class_list":["post-17999","post","type-post","status-publish","format-standard","hentry","category-legal-alerts","tag-tax-tr","tag-capital-markets-tr"],"acf":[],"yoast_head":"<!-- This site is optimized with the Yoast SEO plugin v24.0 - https:\/\/yoast.com\/wordpress\/plugins\/seo\/ -->\n<title>Halka Arzlar \u0130\u00e7in Yeni Te\u015fvik: Kurumlar Vergisi \u0130ndirimi<\/title>\n<meta name=\"description\" content=\"Yeni Geli\u015fme 17.11.2020 tarih ve 31307 say\u0131l\u0131 Resmi Gazete&#039;de yay\u0131mlanan 7256 say\u0131l\u0131 Baz\u0131 Alacaklar\u0131n Yeniden Yap\u0131land\u0131r\u0131lmas\u0131 ile Baz\u0131 Kanunlarda\" \/>\n<meta name=\"robots\" content=\"index, follow, max-snippet:-1, max-image-preview:large, max-video-preview:-1\" \/>\n<link rel=\"canonical\" href=\"https:\/\/www.esin.av.tr\/tr\/2020\/11\/23\/halka-arzlar-icin-yeni-tesvik-kurumlar-vergisi-indirimi\/\" \/>\n<meta property=\"og:locale\" content=\"tr_TR\" \/>\n<meta property=\"og:type\" content=\"article\" \/>\n<meta property=\"og:title\" content=\"Halka Arzlar \u0130\u00e7in Yeni Te\u015fvik: Kurumlar Vergisi \u0130ndirimi\" \/>\n<meta property=\"og:description\" content=\"Yeni Geli\u015fme 17.11.2020 tarih ve 31307 say\u0131l\u0131 Resmi Gazete&#039;de yay\u0131mlanan 7256 say\u0131l\u0131 Baz\u0131 Alacaklar\u0131n Yeniden Yap\u0131land\u0131r\u0131lmas\u0131 ile Baz\u0131 Kanunlarda\" \/>\n<meta property=\"og:url\" content=\"https:\/\/www.esin.av.tr\/tr\/2020\/11\/23\/halka-arzlar-icin-yeni-tesvik-kurumlar-vergisi-indirimi\/\" \/>\n<meta property=\"og:site_name\" content=\"Esin Avukatl\u0131k Ortakl\u0131\u011f\u0131\" \/>\n<meta property=\"article:published_time\" content=\"2020-11-23T08:25:57+00:00\" \/>\n<meta property=\"article:modified_time\" content=\"2022-06-09T13:09:14+00:00\" \/>\n<meta name=\"author\" content=\"R\u0131dvan Konrat\" \/>\n<meta name=\"twitter:card\" content=\"summary_large_image\" \/>\n<meta name=\"twitter:label1\" content=\"Written by\" \/>\n\t<meta name=\"twitter:data1\" content=\"R\u0131dvan Konrat\" \/>\n\t<meta name=\"twitter:label2\" content=\"Est. reading time\" \/>\n\t<meta name=\"twitter:data2\" content=\"1 minute\" \/>\n<script type=\"application\/ld+json\" class=\"yoast-schema-graph\">{\"@context\":\"https:\/\/schema.org\",\"@graph\":[{\"@type\":\"Article\",\"@id\":\"https:\/\/www.esin.av.tr\/tr\/2020\/11\/23\/halka-arzlar-icin-yeni-tesvik-kurumlar-vergisi-indirimi\/#article\",\"isPartOf\":{\"@id\":\"https:\/\/www.esin.av.tr\/tr\/2020\/11\/23\/halka-arzlar-icin-yeni-tesvik-kurumlar-vergisi-indirimi\/\"},\"author\":{\"name\":\"R\u0131dvan Konrat\",\"@id\":\"https:\/\/www.esin.av.tr\/tr\/#\/schema\/person\/42c8e616aab56b8622fa365ad63282ae\"},\"headline\":\"Halka Arzlar \u0130\u00e7in Yeni Te\u015fvik: Kurumlar Vergisi \u0130ndirimi\",\"datePublished\":\"2020-11-23T08:25:57+00:00\",\"dateModified\":\"2022-06-09T13:09:14+00:00\",\"mainEntityOfPage\":{\"@id\":\"https:\/\/www.esin.av.tr\/tr\/2020\/11\/23\/halka-arzlar-icin-yeni-tesvik-kurumlar-vergisi-indirimi\/\"},\"wordCount\":302,\"publisher\":{\"@id\":\"https:\/\/www.esin.av.tr\/tr\/#organization\"},\"keywords\":[\"Vergi\",\"Sermaye Piyasas\u0131 Hukuku\"],\"articleSection\":[\"Hukuk B\u00fcltenleri\"],\"inLanguage\":\"tr\"},{\"@type\":\"WebPage\",\"@id\":\"https:\/\/www.esin.av.tr\/tr\/2020\/11\/23\/halka-arzlar-icin-yeni-tesvik-kurumlar-vergisi-indirimi\/\",\"url\":\"https:\/\/www.esin.av.tr\/tr\/2020\/11\/23\/halka-arzlar-icin-yeni-tesvik-kurumlar-vergisi-indirimi\/\",\"name\":\"Halka Arzlar \u0130\u00e7in Yeni Te\u015fvik: Kurumlar Vergisi \u0130ndirimi\",\"isPartOf\":{\"@id\":\"https:\/\/www.esin.av.tr\/tr\/#website\"},\"datePublished\":\"2020-11-23T08:25:57+00:00\",\"dateModified\":\"2022-06-09T13:09:14+00:00\",\"description\":\"Yeni Geli\u015fme 17.11.2020 tarih ve 31307 say\u0131l\u0131 Resmi Gazete'de yay\u0131mlanan 7256 say\u0131l\u0131 Baz\u0131 Alacaklar\u0131n Yeniden Yap\u0131land\u0131r\u0131lmas\u0131 ile Baz\u0131 Kanunlarda\",\"breadcrumb\":{\"@id\":\"https:\/\/www.esin.av.tr\/tr\/2020\/11\/23\/halka-arzlar-icin-yeni-tesvik-kurumlar-vergisi-indirimi\/#breadcrumb\"},\"inLanguage\":\"tr\",\"potentialAction\":[{\"@type\":\"ReadAction\",\"target\":[\"https:\/\/www.esin.av.tr\/tr\/2020\/11\/23\/halka-arzlar-icin-yeni-tesvik-kurumlar-vergisi-indirimi\/\"]}]},{\"@type\":\"BreadcrumbList\",\"@id\":\"https:\/\/www.esin.av.tr\/tr\/2020\/11\/23\/halka-arzlar-icin-yeni-tesvik-kurumlar-vergisi-indirimi\/#breadcrumb\",\"itemListElement\":[{\"@type\":\"ListItem\",\"position\":1,\"name\":\"Home\",\"item\":\"https:\/\/www.esin.av.tr\/tr\/\"},{\"@type\":\"ListItem\",\"position\":2,\"name\":\"Halka Arzlar \u0130\u00e7in Yeni Te\u015fvik: Kurumlar Vergisi \u0130ndirimi\"}]},{\"@type\":\"WebSite\",\"@id\":\"https:\/\/www.esin.av.tr\/tr\/#website\",\"url\":\"https:\/\/www.esin.av.tr\/tr\/\",\"name\":\"Esin Avukatl\u0131k Ortakl\u0131\u011f\u0131\",\"description\":\"\",\"publisher\":{\"@id\":\"https:\/\/www.esin.av.tr\/tr\/#organization\"},\"potentialAction\":[{\"@type\":\"SearchAction\",\"target\":{\"@type\":\"EntryPoint\",\"urlTemplate\":\"https:\/\/www.esin.av.tr\/tr\/?s={search_term_string}\"},\"query-input\":{\"@type\":\"PropertyValueSpecification\",\"valueRequired\":true,\"valueName\":\"search_term_string\"}}],\"inLanguage\":\"tr\"},{\"@type\":\"Organization\",\"@id\":\"https:\/\/www.esin.av.tr\/tr\/#organization\",\"name\":\"Esin Avukatl\u0131k Ortakl\u0131\u011f\u0131\",\"url\":\"https:\/\/www.esin.av.tr\/tr\/\",\"logo\":{\"@type\":\"ImageObject\",\"inLanguage\":\"tr\",\"@id\":\"https:\/\/www.esin.av.tr\/tr\/#\/schema\/logo\/image\/\",\"url\":\"https:\/\/www.esin.av.tr\/wp-content\/uploads\/2021\/09\/esin-2.jpg\",\"contentUrl\":\"https:\/\/www.esin.av.tr\/wp-content\/uploads\/2021\/09\/esin-2.jpg\",\"width\":800,\"height\":460,\"caption\":\"Esin Avukatl\u0131k Ortakl\u0131\u011f\u0131\"},\"image\":{\"@id\":\"https:\/\/www.esin.av.tr\/tr\/#\/schema\/logo\/image\/\"}},{\"@type\":\"Person\",\"@id\":\"https:\/\/www.esin.av.tr\/tr\/#\/schema\/person\/42c8e616aab56b8622fa365ad63282ae\",\"name\":\"R\u0131dvan Konrat\",\"image\":{\"@type\":\"ImageObject\",\"inLanguage\":\"tr\",\"@id\":\"https:\/\/www.esin.av.tr\/tr\/#\/schema\/person\/image\/\",\"url\":\"https:\/\/secure.gravatar.com\/avatar\/b20c6c583be38ed4e76e32f69fccc676?s=96&d=mm&r=g\",\"contentUrl\":\"https:\/\/secure.gravatar.com\/avatar\/b20c6c583be38ed4e76e32f69fccc676?s=96&d=mm&r=g\",\"caption\":\"R\u0131dvan Konrat\"},\"sameAs\":[\"http:\/\/www.esin.av.tr\"],\"url\":\"https:\/\/www.esin.av.tr\/tr\/author\/rkonrat\/\"}]}<\/script>\n<!-- \/ Yoast SEO plugin. -->","yoast_head_json":{"title":"Halka Arzlar \u0130\u00e7in Yeni Te\u015fvik: Kurumlar Vergisi \u0130ndirimi","description":"Yeni Geli\u015fme 17.11.2020 tarih ve 31307 say\u0131l\u0131 Resmi Gazete'de yay\u0131mlanan 7256 say\u0131l\u0131 Baz\u0131 Alacaklar\u0131n Yeniden Yap\u0131land\u0131r\u0131lmas\u0131 ile Baz\u0131 Kanunlarda","robots":{"index":"index","follow":"follow","max-snippet":"max-snippet:-1","max-image-preview":"max-image-preview:large","max-video-preview":"max-video-preview:-1"},"canonical":"https:\/\/www.esin.av.tr\/tr\/2020\/11\/23\/halka-arzlar-icin-yeni-tesvik-kurumlar-vergisi-indirimi\/","og_locale":"tr_TR","og_type":"article","og_title":"Halka Arzlar \u0130\u00e7in Yeni Te\u015fvik: Kurumlar Vergisi \u0130ndirimi","og_description":"Yeni Geli\u015fme 17.11.2020 tarih ve 31307 say\u0131l\u0131 Resmi Gazete'de yay\u0131mlanan 7256 say\u0131l\u0131 Baz\u0131 Alacaklar\u0131n Yeniden Yap\u0131land\u0131r\u0131lmas\u0131 ile Baz\u0131 Kanunlarda","og_url":"https:\/\/www.esin.av.tr\/tr\/2020\/11\/23\/halka-arzlar-icin-yeni-tesvik-kurumlar-vergisi-indirimi\/","og_site_name":"Esin Avukatl\u0131k Ortakl\u0131\u011f\u0131","article_published_time":"2020-11-23T08:25:57+00:00","article_modified_time":"2022-06-09T13:09:14+00:00","author":"R\u0131dvan Konrat","twitter_card":"summary_large_image","twitter_misc":{"Written by":"R\u0131dvan Konrat","Est. reading time":"1 minute"},"schema":{"@context":"https:\/\/schema.org","@graph":[{"@type":"Article","@id":"https:\/\/www.esin.av.tr\/tr\/2020\/11\/23\/halka-arzlar-icin-yeni-tesvik-kurumlar-vergisi-indirimi\/#article","isPartOf":{"@id":"https:\/\/www.esin.av.tr\/tr\/2020\/11\/23\/halka-arzlar-icin-yeni-tesvik-kurumlar-vergisi-indirimi\/"},"author":{"name":"R\u0131dvan Konrat","@id":"https:\/\/www.esin.av.tr\/tr\/#\/schema\/person\/42c8e616aab56b8622fa365ad63282ae"},"headline":"Halka Arzlar \u0130\u00e7in Yeni Te\u015fvik: Kurumlar Vergisi \u0130ndirimi","datePublished":"2020-11-23T08:25:57+00:00","dateModified":"2022-06-09T13:09:14+00:00","mainEntityOfPage":{"@id":"https:\/\/www.esin.av.tr\/tr\/2020\/11\/23\/halka-arzlar-icin-yeni-tesvik-kurumlar-vergisi-indirimi\/"},"wordCount":302,"publisher":{"@id":"https:\/\/www.esin.av.tr\/tr\/#organization"},"keywords":["Vergi","Sermaye Piyasas\u0131 Hukuku"],"articleSection":["Hukuk B\u00fcltenleri"],"inLanguage":"tr"},{"@type":"WebPage","@id":"https:\/\/www.esin.av.tr\/tr\/2020\/11\/23\/halka-arzlar-icin-yeni-tesvik-kurumlar-vergisi-indirimi\/","url":"https:\/\/www.esin.av.tr\/tr\/2020\/11\/23\/halka-arzlar-icin-yeni-tesvik-kurumlar-vergisi-indirimi\/","name":"Halka Arzlar \u0130\u00e7in Yeni Te\u015fvik: Kurumlar Vergisi \u0130ndirimi","isPartOf":{"@id":"https:\/\/www.esin.av.tr\/tr\/#website"},"datePublished":"2020-11-23T08:25:57+00:00","dateModified":"2022-06-09T13:09:14+00:00","description":"Yeni Geli\u015fme 17.11.2020 tarih ve 31307 say\u0131l\u0131 Resmi Gazete'de yay\u0131mlanan 7256 say\u0131l\u0131 Baz\u0131 Alacaklar\u0131n Yeniden Yap\u0131land\u0131r\u0131lmas\u0131 ile Baz\u0131 Kanunlarda","breadcrumb":{"@id":"https:\/\/www.esin.av.tr\/tr\/2020\/11\/23\/halka-arzlar-icin-yeni-tesvik-kurumlar-vergisi-indirimi\/#breadcrumb"},"inLanguage":"tr","potentialAction":[{"@type":"ReadAction","target":["https:\/\/www.esin.av.tr\/tr\/2020\/11\/23\/halka-arzlar-icin-yeni-tesvik-kurumlar-vergisi-indirimi\/"]}]},{"@type":"BreadcrumbList","@id":"https:\/\/www.esin.av.tr\/tr\/2020\/11\/23\/halka-arzlar-icin-yeni-tesvik-kurumlar-vergisi-indirimi\/#breadcrumb","itemListElement":[{"@type":"ListItem","position":1,"name":"Home","item":"https:\/\/www.esin.av.tr\/tr\/"},{"@type":"ListItem","position":2,"name":"Halka Arzlar \u0130\u00e7in Yeni Te\u015fvik: Kurumlar Vergisi \u0130ndirimi"}]},{"@type":"WebSite","@id":"https:\/\/www.esin.av.tr\/tr\/#website","url":"https:\/\/www.esin.av.tr\/tr\/","name":"Esin Avukatl\u0131k Ortakl\u0131\u011f\u0131","description":"","publisher":{"@id":"https:\/\/www.esin.av.tr\/tr\/#organization"},"potentialAction":[{"@type":"SearchAction","target":{"@type":"EntryPoint","urlTemplate":"https:\/\/www.esin.av.tr\/tr\/?s={search_term_string}"},"query-input":{"@type":"PropertyValueSpecification","valueRequired":true,"valueName":"search_term_string"}}],"inLanguage":"tr"},{"@type":"Organization","@id":"https:\/\/www.esin.av.tr\/tr\/#organization","name":"Esin Avukatl\u0131k Ortakl\u0131\u011f\u0131","url":"https:\/\/www.esin.av.tr\/tr\/","logo":{"@type":"ImageObject","inLanguage":"tr","@id":"https:\/\/www.esin.av.tr\/tr\/#\/schema\/logo\/image\/","url":"https:\/\/www.esin.av.tr\/wp-content\/uploads\/2021\/09\/esin-2.jpg","contentUrl":"https:\/\/www.esin.av.tr\/wp-content\/uploads\/2021\/09\/esin-2.jpg","width":800,"height":460,"caption":"Esin Avukatl\u0131k Ortakl\u0131\u011f\u0131"},"image":{"@id":"https:\/\/www.esin.av.tr\/tr\/#\/schema\/logo\/image\/"}},{"@type":"Person","@id":"https:\/\/www.esin.av.tr\/tr\/#\/schema\/person\/42c8e616aab56b8622fa365ad63282ae","name":"R\u0131dvan Konrat","image":{"@type":"ImageObject","inLanguage":"tr","@id":"https:\/\/www.esin.av.tr\/tr\/#\/schema\/person\/image\/","url":"https:\/\/secure.gravatar.com\/avatar\/b20c6c583be38ed4e76e32f69fccc676?s=96&d=mm&r=g","contentUrl":"https:\/\/secure.gravatar.com\/avatar\/b20c6c583be38ed4e76e32f69fccc676?s=96&d=mm&r=g","caption":"R\u0131dvan Konrat"},"sameAs":["http:\/\/www.esin.av.tr"],"url":"https:\/\/www.esin.av.tr\/tr\/author\/rkonrat\/"}]}},"_links":{"self":[{"href":"https:\/\/www.esin.av.tr\/tr\/wp-json\/wp\/v2\/posts\/17999","targetHints":{"allow":["GET"]}}],"collection":[{"href":"https:\/\/www.esin.av.tr\/tr\/wp-json\/wp\/v2\/posts"}],"about":[{"href":"https:\/\/www.esin.av.tr\/tr\/wp-json\/wp\/v2\/types\/post"}],"author":[{"embeddable":true,"href":"https:\/\/www.esin.av.tr\/tr\/wp-json\/wp\/v2\/users\/4"}],"replies":[{"embeddable":true,"href":"https:\/\/www.esin.av.tr\/tr\/wp-json\/wp\/v2\/comments?post=17999"}],"version-history":[{"count":1,"href":"https:\/\/www.esin.av.tr\/tr\/wp-json\/wp\/v2\/posts\/17999\/revisions"}],"predecessor-version":[{"id":18000,"href":"https:\/\/www.esin.av.tr\/tr\/wp-json\/wp\/v2\/posts\/17999\/revisions\/18000"}],"wp:attachment":[{"href":"https:\/\/www.esin.av.tr\/tr\/wp-json\/wp\/v2\/media?parent=17999"}],"wp:term":[{"taxonomy":"category","embeddable":true,"href":"https:\/\/www.esin.av.tr\/tr\/wp-json\/wp\/v2\/categories?post=17999"},{"taxonomy":"post_tag","embeddable":true,"href":"https:\/\/www.esin.av.tr\/tr\/wp-json\/wp\/v2\/tags?post=17999"}],"curies":[{"name":"wp","href":"https:\/\/api.w.org\/{rel}","templated":true}]}}