{"id":17913,"date":"2020-11-17T07:02:53","date_gmt":"2020-11-17T07:02:53","guid":{"rendered":"https:\/\/www.esin.av.tr\/?p=17913"},"modified":"2022-06-09T13:09:30","modified_gmt":"2022-06-09T13:09:30","slug":"iysye-kayit-icin-son-tarih","status":"publish","type":"post","link":"https:\/\/www.esin.av.tr\/tr\/2020\/11\/17\/iysye-kayit-icin-son-tarih\/","title":{"rendered":"\u0130YS&#8217;ye Kay\u0131t \u0130\u00e7in Son Tarih"},"content":{"rendered":"<p>Ticari \u0130leti\u015fim ve Ticari Elektronik \u0130letiler Hakk\u0131nda Y\u00f6netmelik (<strong>&#8220;Y\u00f6netmelik&#8221;<\/strong>) uyar\u0131nca, ticari elektronik ileti g\u00f6ndermek isteyen ger\u00e7ek ve t\u00fczel ki\u015filerin \u0130leti Y\u00f6netim Sistemi&#8217;ne kaydolmas\u0131 ve al\u0131c\u0131 onaylar\u0131n\u0131 \u0130YS&#8217;ye aktarmas\u0131 gerekmektedir.<\/p>\n<p>D\u00fczenlemeyle beraber, \u0130YS \u00fczerinde onay kayd\u0131 bulunmayan al\u0131c\u0131lara ticari elektronik ileti g\u00f6nderilmesinin \u00f6n\u00fc kapat\u0131lm\u0131\u015ft\u0131r.<\/p>\n<p>28 A\u011fustos 2020 tarihinde Resmi Gazete&#8217;de yay\u0131mlanan Y\u00f6netmelik de\u011fi\u015fikli\u011fi ile hizmet sa\u011flay\u0131c\u0131lar\u0131n kay\u0131t ve entegrasyon s\u00fcreleri i\u00e7in tan\u0131nan s\u00fcre ile, al\u0131nan elektronik ileti onaylar\u0131n \u0130YS&#8217;ye aktar\u0131lmas\u0131 i\u00e7in tan\u0131nan s\u00fcrenin son g\u00fcn\u00fc 1 Aral\u0131k 2020 tarihine kadar uzat\u0131lm\u0131\u015ft\u0131r.<\/p>\n<p><strong>Sonu\u00e7<\/strong><\/p>\n<p>Bilindi\u011fi \u00fczere, Y\u00f6netmelik uyar\u0131nca ticari elektronik ileti g\u00f6ndermek isteyen hizmet sa\u011flay\u0131c\u0131lar\u0131n \u0130YS&#8217;ye kaydolmas\u0131 ve ald\u0131klar\u0131 elektronik ileti onaylar\u0131n\u0131 \u0130YS&#8217;ye aktarmas\u0131 gerekmektedir. Bu kapsamda t\u00fcm ilgili ger\u00e7ek ve t\u00fczel ki\u015filerin 01 Aral\u0131k 2020 tarihine kadar \u0130YS kay\u0131t ve onay aktar\u0131m i\u015flemlerini tamamlamalar\u0131 gerekmektedir.<\/p>\n","protected":false},"excerpt":{"rendered":"<p>Ticari \u0130leti\u015fim ve Ticari Elektronik \u0130letiler Hakk\u0131nda Y\u00f6netmelik (&#8220;Y\u00f6netmelik&#8221;) uyar\u0131nca, ticari elektronik ileti g\u00f6ndermek isteyen ger\u00e7ek ve t\u00fczel ki\u015filerin \u0130leti [&hellip;]<\/p>\n","protected":false},"author":4,"featured_media":0,"comment_status":"closed","ping_status":"closed","sticky":false,"template":"","format":"standard","meta":{"_acf_changed":false,"_stopmodifiedupdate":false,"_modified_date":"","footnotes":""},"categories":[120],"tags":[93],"class_list":["post-17913","post","type-post","status-publish","format-standard","hentry","category-legal-alerts","tag-information-technology-communications-tr"],"acf":[],"yoast_head":"<!-- This site is optimized with the Yoast SEO plugin v24.0 - https:\/\/yoast.com\/wordpress\/plugins\/seo\/ -->\n<title>\u0130YS&#039;ye Kay\u0131t \u0130\u00e7in Son Tarih<\/title>\n<meta name=\"description\" content=\"Ticari elektronik ileti g\u00f6ndermek isteyen ger\u00e7ek ve t\u00fczel ki\u015filerin \u0130leti Y\u00f6netim Sistemi&#039;ne kaydolmas\u0131 ve al\u0131c\u0131 onaylar\u0131n\u0131 \u0130YS&#039;ye aktarmas\u0131 gerekmektedir.\" \/>\n<meta name=\"robots\" content=\"index, follow, max-snippet:-1, max-image-preview:large, max-video-preview:-1\" \/>\n<link rel=\"canonical\" href=\"https:\/\/www.esin.av.tr\/tr\/2020\/11\/17\/iysye-kayit-icin-son-tarih\/\" \/>\n<meta property=\"og:locale\" content=\"tr_TR\" \/>\n<meta property=\"og:type\" content=\"article\" \/>\n<meta property=\"og:title\" content=\"\u0130YS&#039;ye Kay\u0131t \u0130\u00e7in Son Tarih\" \/>\n<meta property=\"og:description\" content=\"Ticari elektronik ileti g\u00f6ndermek isteyen ger\u00e7ek ve t\u00fczel ki\u015filerin \u0130leti Y\u00f6netim Sistemi&#039;ne kaydolmas\u0131 ve al\u0131c\u0131 onaylar\u0131n\u0131 \u0130YS&#039;ye aktarmas\u0131 gerekmektedir.\" \/>\n<meta property=\"og:url\" content=\"https:\/\/www.esin.av.tr\/tr\/2020\/11\/17\/iysye-kayit-icin-son-tarih\/\" \/>\n<meta property=\"og:site_name\" content=\"Esin Avukatl\u0131k Ortakl\u0131\u011f\u0131\" \/>\n<meta property=\"article:published_time\" content=\"2020-11-17T07:02:53+00:00\" \/>\n<meta property=\"article:modified_time\" content=\"2022-06-09T13:09:30+00:00\" \/>\n<meta name=\"author\" content=\"R\u0131dvan Konrat\" \/>\n<meta name=\"twitter:card\" content=\"summary_large_image\" \/>\n<meta name=\"twitter:label1\" content=\"Written by\" \/>\n\t<meta name=\"twitter:data1\" content=\"R\u0131dvan Konrat\" \/>\n\t<meta name=\"twitter:label2\" content=\"Est. reading time\" \/>\n\t<meta name=\"twitter:data2\" content=\"1 minute\" \/>\n<script type=\"application\/ld+json\" class=\"yoast-schema-graph\">{\"@context\":\"https:\/\/schema.org\",\"@graph\":[{\"@type\":\"Article\",\"@id\":\"https:\/\/www.esin.av.tr\/tr\/2020\/11\/17\/iysye-kayit-icin-son-tarih\/#article\",\"isPartOf\":{\"@id\":\"https:\/\/www.esin.av.tr\/tr\/2020\/11\/17\/iysye-kayit-icin-son-tarih\/\"},\"author\":{\"name\":\"R\u0131dvan Konrat\",\"@id\":\"https:\/\/www.esin.av.tr\/tr\/#\/schema\/person\/42c8e616aab56b8622fa365ad63282ae\"},\"headline\":\"\u0130YS&#8217;ye Kay\u0131t \u0130\u00e7in Son Tarih\",\"datePublished\":\"2020-11-17T07:02:53+00:00\",\"dateModified\":\"2022-06-09T13:09:30+00:00\",\"mainEntityOfPage\":{\"@id\":\"https:\/\/www.esin.av.tr\/tr\/2020\/11\/17\/iysye-kayit-icin-son-tarih\/\"},\"wordCount\":193,\"publisher\":{\"@id\":\"https:\/\/www.esin.av.tr\/tr\/#organization\"},\"keywords\":[\"Bilgi Teknolojileri ve Telekom\u00fcnikasyon\"],\"articleSection\":[\"Hukuk B\u00fcltenleri\"],\"inLanguage\":\"tr\"},{\"@type\":\"WebPage\",\"@id\":\"https:\/\/www.esin.av.tr\/tr\/2020\/11\/17\/iysye-kayit-icin-son-tarih\/\",\"url\":\"https:\/\/www.esin.av.tr\/tr\/2020\/11\/17\/iysye-kayit-icin-son-tarih\/\",\"name\":\"\u0130YS'ye Kay\u0131t \u0130\u00e7in Son Tarih\",\"isPartOf\":{\"@id\":\"https:\/\/www.esin.av.tr\/tr\/#website\"},\"datePublished\":\"2020-11-17T07:02:53+00:00\",\"dateModified\":\"2022-06-09T13:09:30+00:00\",\"description\":\"Ticari elektronik ileti g\u00f6ndermek isteyen ger\u00e7ek ve t\u00fczel ki\u015filerin \u0130leti Y\u00f6netim Sistemi'ne kaydolmas\u0131 ve al\u0131c\u0131 onaylar\u0131n\u0131 \u0130YS'ye aktarmas\u0131 gerekmektedir.\",\"breadcrumb\":{\"@id\":\"https:\/\/www.esin.av.tr\/tr\/2020\/11\/17\/iysye-kayit-icin-son-tarih\/#breadcrumb\"},\"inLanguage\":\"tr\",\"potentialAction\":[{\"@type\":\"ReadAction\",\"target\":[\"https:\/\/www.esin.av.tr\/tr\/2020\/11\/17\/iysye-kayit-icin-son-tarih\/\"]}]},{\"@type\":\"BreadcrumbList\",\"@id\":\"https:\/\/www.esin.av.tr\/tr\/2020\/11\/17\/iysye-kayit-icin-son-tarih\/#breadcrumb\",\"itemListElement\":[{\"@type\":\"ListItem\",\"position\":1,\"name\":\"Home\",\"item\":\"https:\/\/www.esin.av.tr\/tr\/\"},{\"@type\":\"ListItem\",\"position\":2,\"name\":\"\u0130YS&#8217;ye Kay\u0131t \u0130\u00e7in Son Tarih\"}]},{\"@type\":\"WebSite\",\"@id\":\"https:\/\/www.esin.av.tr\/tr\/#website\",\"url\":\"https:\/\/www.esin.av.tr\/tr\/\",\"name\":\"Esin Avukatl\u0131k Ortakl\u0131\u011f\u0131\",\"description\":\"\",\"publisher\":{\"@id\":\"https:\/\/www.esin.av.tr\/tr\/#organization\"},\"potentialAction\":[{\"@type\":\"SearchAction\",\"target\":{\"@type\":\"EntryPoint\",\"urlTemplate\":\"https:\/\/www.esin.av.tr\/tr\/?s={search_term_string}\"},\"query-input\":{\"@type\":\"PropertyValueSpecification\",\"valueRequired\":true,\"valueName\":\"search_term_string\"}}],\"inLanguage\":\"tr\"},{\"@type\":\"Organization\",\"@id\":\"https:\/\/www.esin.av.tr\/tr\/#organization\",\"name\":\"Esin Avukatl\u0131k Ortakl\u0131\u011f\u0131\",\"url\":\"https:\/\/www.esin.av.tr\/tr\/\",\"logo\":{\"@type\":\"ImageObject\",\"inLanguage\":\"tr\",\"@id\":\"https:\/\/www.esin.av.tr\/tr\/#\/schema\/logo\/image\/\",\"url\":\"https:\/\/www.esin.av.tr\/wp-content\/uploads\/2021\/09\/esin-2.jpg\",\"contentUrl\":\"https:\/\/www.esin.av.tr\/wp-content\/uploads\/2021\/09\/esin-2.jpg\",\"width\":800,\"height\":460,\"caption\":\"Esin Avukatl\u0131k Ortakl\u0131\u011f\u0131\"},\"image\":{\"@id\":\"https:\/\/www.esin.av.tr\/tr\/#\/schema\/logo\/image\/\"}},{\"@type\":\"Person\",\"@id\":\"https:\/\/www.esin.av.tr\/tr\/#\/schema\/person\/42c8e616aab56b8622fa365ad63282ae\",\"name\":\"R\u0131dvan Konrat\",\"image\":{\"@type\":\"ImageObject\",\"inLanguage\":\"tr\",\"@id\":\"https:\/\/www.esin.av.tr\/tr\/#\/schema\/person\/image\/\",\"url\":\"https:\/\/secure.gravatar.com\/avatar\/b20c6c583be38ed4e76e32f69fccc676?s=96&d=mm&r=g\",\"contentUrl\":\"https:\/\/secure.gravatar.com\/avatar\/b20c6c583be38ed4e76e32f69fccc676?s=96&d=mm&r=g\",\"caption\":\"R\u0131dvan Konrat\"},\"sameAs\":[\"http:\/\/www.esin.av.tr\"],\"url\":\"https:\/\/www.esin.av.tr\/tr\/author\/rkonrat\/\"}]}<\/script>\n<!-- \/ Yoast SEO plugin. -->","yoast_head_json":{"title":"\u0130YS'ye Kay\u0131t \u0130\u00e7in Son Tarih","description":"Ticari elektronik ileti g\u00f6ndermek isteyen ger\u00e7ek ve t\u00fczel ki\u015filerin \u0130leti Y\u00f6netim Sistemi'ne kaydolmas\u0131 ve al\u0131c\u0131 onaylar\u0131n\u0131 \u0130YS'ye aktarmas\u0131 gerekmektedir.","robots":{"index":"index","follow":"follow","max-snippet":"max-snippet:-1","max-image-preview":"max-image-preview:large","max-video-preview":"max-video-preview:-1"},"canonical":"https:\/\/www.esin.av.tr\/tr\/2020\/11\/17\/iysye-kayit-icin-son-tarih\/","og_locale":"tr_TR","og_type":"article","og_title":"\u0130YS'ye Kay\u0131t \u0130\u00e7in Son Tarih","og_description":"Ticari elektronik ileti g\u00f6ndermek isteyen ger\u00e7ek ve t\u00fczel ki\u015filerin \u0130leti Y\u00f6netim Sistemi'ne kaydolmas\u0131 ve al\u0131c\u0131 onaylar\u0131n\u0131 \u0130YS'ye aktarmas\u0131 gerekmektedir.","og_url":"https:\/\/www.esin.av.tr\/tr\/2020\/11\/17\/iysye-kayit-icin-son-tarih\/","og_site_name":"Esin Avukatl\u0131k Ortakl\u0131\u011f\u0131","article_published_time":"2020-11-17T07:02:53+00:00","article_modified_time":"2022-06-09T13:09:30+00:00","author":"R\u0131dvan Konrat","twitter_card":"summary_large_image","twitter_misc":{"Written by":"R\u0131dvan Konrat","Est. reading time":"1 minute"},"schema":{"@context":"https:\/\/schema.org","@graph":[{"@type":"Article","@id":"https:\/\/www.esin.av.tr\/tr\/2020\/11\/17\/iysye-kayit-icin-son-tarih\/#article","isPartOf":{"@id":"https:\/\/www.esin.av.tr\/tr\/2020\/11\/17\/iysye-kayit-icin-son-tarih\/"},"author":{"name":"R\u0131dvan Konrat","@id":"https:\/\/www.esin.av.tr\/tr\/#\/schema\/person\/42c8e616aab56b8622fa365ad63282ae"},"headline":"\u0130YS&#8217;ye Kay\u0131t \u0130\u00e7in Son Tarih","datePublished":"2020-11-17T07:02:53+00:00","dateModified":"2022-06-09T13:09:30+00:00","mainEntityOfPage":{"@id":"https:\/\/www.esin.av.tr\/tr\/2020\/11\/17\/iysye-kayit-icin-son-tarih\/"},"wordCount":193,"publisher":{"@id":"https:\/\/www.esin.av.tr\/tr\/#organization"},"keywords":["Bilgi Teknolojileri ve Telekom\u00fcnikasyon"],"articleSection":["Hukuk B\u00fcltenleri"],"inLanguage":"tr"},{"@type":"WebPage","@id":"https:\/\/www.esin.av.tr\/tr\/2020\/11\/17\/iysye-kayit-icin-son-tarih\/","url":"https:\/\/www.esin.av.tr\/tr\/2020\/11\/17\/iysye-kayit-icin-son-tarih\/","name":"\u0130YS'ye Kay\u0131t \u0130\u00e7in Son Tarih","isPartOf":{"@id":"https:\/\/www.esin.av.tr\/tr\/#website"},"datePublished":"2020-11-17T07:02:53+00:00","dateModified":"2022-06-09T13:09:30+00:00","description":"Ticari elektronik ileti g\u00f6ndermek isteyen ger\u00e7ek ve t\u00fczel ki\u015filerin \u0130leti Y\u00f6netim Sistemi'ne kaydolmas\u0131 ve al\u0131c\u0131 onaylar\u0131n\u0131 \u0130YS'ye aktarmas\u0131 gerekmektedir.","breadcrumb":{"@id":"https:\/\/www.esin.av.tr\/tr\/2020\/11\/17\/iysye-kayit-icin-son-tarih\/#breadcrumb"},"inLanguage":"tr","potentialAction":[{"@type":"ReadAction","target":["https:\/\/www.esin.av.tr\/tr\/2020\/11\/17\/iysye-kayit-icin-son-tarih\/"]}]},{"@type":"BreadcrumbList","@id":"https:\/\/www.esin.av.tr\/tr\/2020\/11\/17\/iysye-kayit-icin-son-tarih\/#breadcrumb","itemListElement":[{"@type":"ListItem","position":1,"name":"Home","item":"https:\/\/www.esin.av.tr\/tr\/"},{"@type":"ListItem","position":2,"name":"\u0130YS&#8217;ye Kay\u0131t \u0130\u00e7in Son Tarih"}]},{"@type":"WebSite","@id":"https:\/\/www.esin.av.tr\/tr\/#website","url":"https:\/\/www.esin.av.tr\/tr\/","name":"Esin Avukatl\u0131k Ortakl\u0131\u011f\u0131","description":"","publisher":{"@id":"https:\/\/www.esin.av.tr\/tr\/#organization"},"potentialAction":[{"@type":"SearchAction","target":{"@type":"EntryPoint","urlTemplate":"https:\/\/www.esin.av.tr\/tr\/?s={search_term_string}"},"query-input":{"@type":"PropertyValueSpecification","valueRequired":true,"valueName":"search_term_string"}}],"inLanguage":"tr"},{"@type":"Organization","@id":"https:\/\/www.esin.av.tr\/tr\/#organization","name":"Esin Avukatl\u0131k Ortakl\u0131\u011f\u0131","url":"https:\/\/www.esin.av.tr\/tr\/","logo":{"@type":"ImageObject","inLanguage":"tr","@id":"https:\/\/www.esin.av.tr\/tr\/#\/schema\/logo\/image\/","url":"https:\/\/www.esin.av.tr\/wp-content\/uploads\/2021\/09\/esin-2.jpg","contentUrl":"https:\/\/www.esin.av.tr\/wp-content\/uploads\/2021\/09\/esin-2.jpg","width":800,"height":460,"caption":"Esin Avukatl\u0131k Ortakl\u0131\u011f\u0131"},"image":{"@id":"https:\/\/www.esin.av.tr\/tr\/#\/schema\/logo\/image\/"}},{"@type":"Person","@id":"https:\/\/www.esin.av.tr\/tr\/#\/schema\/person\/42c8e616aab56b8622fa365ad63282ae","name":"R\u0131dvan Konrat","image":{"@type":"ImageObject","inLanguage":"tr","@id":"https:\/\/www.esin.av.tr\/tr\/#\/schema\/person\/image\/","url":"https:\/\/secure.gravatar.com\/avatar\/b20c6c583be38ed4e76e32f69fccc676?s=96&d=mm&r=g","contentUrl":"https:\/\/secure.gravatar.com\/avatar\/b20c6c583be38ed4e76e32f69fccc676?s=96&d=mm&r=g","caption":"R\u0131dvan Konrat"},"sameAs":["http:\/\/www.esin.av.tr"],"url":"https:\/\/www.esin.av.tr\/tr\/author\/rkonrat\/"}]}},"_links":{"self":[{"href":"https:\/\/www.esin.av.tr\/tr\/wp-json\/wp\/v2\/posts\/17913","targetHints":{"allow":["GET"]}}],"collection":[{"href":"https:\/\/www.esin.av.tr\/tr\/wp-json\/wp\/v2\/posts"}],"about":[{"href":"https:\/\/www.esin.av.tr\/tr\/wp-json\/wp\/v2\/types\/post"}],"author":[{"embeddable":true,"href":"https:\/\/www.esin.av.tr\/tr\/wp-json\/wp\/v2\/users\/4"}],"replies":[{"embeddable":true,"href":"https:\/\/www.esin.av.tr\/tr\/wp-json\/wp\/v2\/comments?post=17913"}],"version-history":[{"count":1,"href":"https:\/\/www.esin.av.tr\/tr\/wp-json\/wp\/v2\/posts\/17913\/revisions"}],"predecessor-version":[{"id":17914,"href":"https:\/\/www.esin.av.tr\/tr\/wp-json\/wp\/v2\/posts\/17913\/revisions\/17914"}],"wp:attachment":[{"href":"https:\/\/www.esin.av.tr\/tr\/wp-json\/wp\/v2\/media?parent=17913"}],"wp:term":[{"taxonomy":"category","embeddable":true,"href":"https:\/\/www.esin.av.tr\/tr\/wp-json\/wp\/v2\/categories?post=17913"},{"taxonomy":"post_tag","embeddable":true,"href":"https:\/\/www.esin.av.tr\/tr\/wp-json\/wp\/v2\/tags?post=17913"}],"curies":[{"name":"wp","href":"https:\/\/api.w.org\/{rel}","templated":true}]}}