{"id":17694,"date":"2020-10-30T11:20:34","date_gmt":"2020-10-30T11:20:34","guid":{"rendered":"https:\/\/www.esin.av.tr\/?p=17694"},"modified":"2022-06-09T13:09:47","modified_gmt":"2022-06-09T13:09:47","slug":"ortakliktan-cikarma-ve-satma-haklari-teblig-taslagi-ortakliktan-cikarma-esigini-dusuruyor-sabit-fiyat-getiriyor","status":"publish","type":"post","link":"https:\/\/www.esin.av.tr\/tr\/2020\/10\/30\/ortakliktan-cikarma-ve-satma-haklari-teblig-taslagi-ortakliktan-cikarma-esigini-dusuruyor-sabit-fiyat-getiriyor\/","title":{"rendered":"Ortakl\u0131ktan \u00c7\u0131karma ve Satma Haklar\u0131 Tebli\u011f Tasla\u011f\u0131 Ortakl\u0131ktan \u00c7\u0131karma E\u015fi\u011fini D\u00fc\u015f\u00fcr\u00fcyor, Sabit Fiyat Getiriyor"},"content":{"rendered":"<p><strong>Yeni Geli\u015fme<\/strong><\/p>\n<p>Sermaye Piyasas\u0131 Kurulu (&#8220;<strong>SPK<\/strong>&#8220;), ayn\u0131 konuyu d\u00fczenleyen mevcut tebli\u011fi y\u00fcr\u00fcrl\u00fckten kald\u0131rmas\u0131 beklenen yeni Ortakl\u0131ktan \u00c7\u0131karma ve Satma Haklar\u0131 Tebli\u011f i\u00e7in haz\u0131rlad\u0131\u011f\u0131 tasla\u011f\u0131 (&#8220;<strong>Taslak Tebli\u011f<\/strong>&#8220;) 28 Ekim 2020 tarihinde yay\u0131mlad\u0131.<\/p>\n<p>Taslak Tebli\u011f&#8217;de yer alan en \u00f6nemli de\u011fi\u015fiklik ortakl\u0131ktan \u00e7\u0131karma i\u00e7in gerekli e\u015fi\u011fin %98&#8217;den %95&#8217;e indirilmesi ile ortakl\u0131ktan \u00e7\u0131karma hakk\u0131 bedeli ve satma hakk\u0131 bedelini e\u015fitlenmesi olarak g\u00f6r\u00fcn\u00fcyor.<br \/>\nBorsaya kote \u015firketler i\u00e7in ortakl\u0131ktan \u00e7\u0131karma ve satma hakk\u0131 bedeli, \u015firketin paylar\u0131n\u0131n i\u015flem g\u00f6rd\u00fc\u011f\u00fc pazara g\u00f6re hesaplanacak.<\/p>\n<p>Ortakl\u0131ktan \u00e7\u0131karma ve satma hakk\u0131n\u0131n do\u011fmas\u0131 ile ayn\u0131 anda y\u00f6netim kontrol\u00fcn\u00fcn elde edilmesi halinde ise pay al\u0131m teklifi y\u00fck\u00fcml\u00fcl\u00fc\u011f\u00fc do\u011fmayacak.<\/p>\n<p>\u015eirket taraf\u0131ndan ger\u00e7ekle\u015ftirilen bedelsiz ve\/veya yeni pay alma haklar\u0131n\u0131n s\u0131n\u0131rland\u0131r\u0131lmad\u0131\u011f\u0131 bedelli sermaye art\u0131r\u0131mlar\u0131nda ise mevcut ortaklar taraf\u0131ndan al\u0131nan paylar nedeniyle ortakl\u0131ktan \u00e7\u0131karma veya satma hakk\u0131 do\u011fmayacak.<\/p>\n<p><strong>Taslak Tebli\u011f Ne Anlama Geliyor?<\/strong><\/p>\n<p>\u2022\u00a0<strong>Ortakl\u0131ktan \u00c7\u0131karma E\u015fi\u011fi: <\/strong>Taslak Tebli\u011f uyar\u0131nca halka a\u00e7\u0131k \u015firketin oy haklar\u0131n\u0131n en az %95&#8217;ine birlikte hareket etti\u011fi ki\u015filer ile veya tek ba\u015f\u0131na sahip olan ortak (di\u011fer bir deyi\u015fle, h\u00e2kim ortak), az\u0131nl\u0131k pay sahiplerini ortakl\u0131ktan \u00e7\u0131karabilecek.<\/p>\n<p>Ortakl\u0131ktan \u00e7\u0131karma hakk\u0131n\u0131n do\u011fdu\u011fu hallerde az\u0131nl\u0131k ortaklar\u0131n da paylar\u0131n\u0131 hakim orta\u011fa satma hakk\u0131 do\u011facak.<\/p>\n<p>Mevcut tebli\u011fden farkl\u0131 olarak, ortakl\u0131ktan \u00e7\u0131karma ve satma haklar\u0131n\u0131n bedeli ayn\u0131 form\u00fcle g\u00f6re hesaplanacak.<\/p>\n<p>Buna g\u00f6re bedel, paylar\u0131 borsada i\u015flem g\u00f6ren ortakl\u0131klar i\u00e7in a\u015fa\u011f\u0131dakilerin en y\u00fckse\u011fi olacak:<\/p>\n<ol>\n<li>Paylar\u0131 Y\u0131ld\u0131z Pazar&#8217;da i\u015flem g\u00f6ren ortakl\u0131klarda haklar\u0131n do\u011fmas\u0131n\u0131n kamuya a\u00e7\u0131kland\u0131\u011f\u0131 tarihten \u00f6nceki son bir ayl\u0131k d\u00f6nem i\u00e7inde borsada olu\u015fan g\u00fcnl\u00fck d\u00fczeltilmi\u015f a\u011f\u0131rl\u0131kl\u0131 ortalama fiyatlar\u0131n aritmetik ortalamas\u0131 ile her bir pay grubuna ili\u015fkin fiyat\u0131n tespiti amac\u0131yla haz\u0131rlanan de\u011ferleme raporunda belirlenen de\u011ferin ortalamas\u0131.<\/li>\n<li>Paylar\u0131 Y\u0131ld\u0131z Pazar d\u0131\u015f\u0131ndaki pazarlarda i\u015flem g\u00f6ren ortakl\u0131klar i\u00e7in ise bu tarihten \u00f6nceki son alt\u0131 ayl\u0131k d\u00f6nem i\u00e7inde borsada olu\u015fan g\u00fcnl\u00fck d\u00fczeltilmi\u015f a\u011f\u0131rl\u0131kl\u0131 ortalama fiyatlar\u0131n aritmetik ortalamas\u0131 ile her bir pay grubuna ili\u015fkin fiyat\u0131n tespiti amac\u0131yla haz\u0131rlanan de\u011ferleme raporunda belirlenen de\u011ferin ortalamas\u0131.<\/li>\n<li>H\u00e2kim ortak konumunun kazan\u0131lmas\u0131n\u0131n e\u015f anl\u0131 olarak y\u00f6netim kontrol\u00fc de\u011fi\u015fikli\u011fine yol a\u00e7mas\u0131 durumunda pay al\u0131m teklifi d\u00fczenlemeleri \u00e7er\u00e7evesinde hesaplanacak zorunlu pay al\u0131m teklifi fiyat\u0131.<\/li>\n<\/ol>\n<p>Paylar\u0131 borsada i\u015flem g\u00f6rmeyen ortakl\u0131klar i\u00e7inse, her bir pay grubuna ili\u015fkin fiyat\u0131n tespiti amac\u0131yla haz\u0131rlanan de\u011ferleme raporunda belirlenen de\u011fer dikkate al\u0131nacak.<\/p>\n<p>Taslak Tebli\u011fin y\u00fcr\u00fcrl\u00fc\u011fe girece\u011fi tarihten \u00f6nce hakim ortak konumunun kazan\u0131ld\u0131\u011f\u0131 durumlarda, ortakl\u0131ktan \u00e7\u0131karma ve satma hakk\u0131 kullan\u0131m bedeline ili\u015fkin mevcut tebli\u011f h\u00fck\u00fcmleri uygulanacak.<\/p>\n<p><strong>Sonu\u00e7<\/strong><\/p>\n<p>SPK&#8217;n\u0131n Taslak Tebli\u011f ile d\u00fc\u015f\u00fck fiili dola\u015f\u0131m oran\u0131na sahip \u015firketlerin ortakl\u0131ktan \u00e7\u0131karma i\u015flemlerini kolayla\u015ft\u0131rmay\u0131 hedefledi\u011fi anla\u015f\u0131l\u0131yor.<\/p>\n","protected":false},"excerpt":{"rendered":"<p>Yeni Geli\u015fme Sermaye Piyasas\u0131 Kurulu (&#8220;SPK&#8220;), ayn\u0131 konuyu d\u00fczenleyen mevcut tebli\u011fi y\u00fcr\u00fcrl\u00fckten kald\u0131rmas\u0131 beklenen yeni Ortakl\u0131ktan \u00c7\u0131karma ve Satma Haklar\u0131 [&hellip;]<\/p>\n","protected":false},"author":4,"featured_media":0,"comment_status":"closed","ping_status":"closed","sticky":false,"template":"","format":"standard","meta":{"_acf_changed":false,"_stopmodifiedupdate":false,"_modified_date":"","footnotes":""},"categories":[120],"tags":[97],"class_list":["post-17694","post","type-post","status-publish","format-standard","hentry","category-legal-alerts","tag-capital-markets-tr"],"acf":[],"yoast_head":"<!-- This site is optimized with the Yoast SEO plugin v24.0 - https:\/\/yoast.com\/wordpress\/plugins\/seo\/ -->\n<title>Ortakl\u0131ktan \u00c7\u0131karma ve Satma Haklar\u0131 Tebli\u011f Tasla\u011f\u0131 Ortakl\u0131ktan \u00c7\u0131karma E\u015fi\u011fini D\u00fc\u015f\u00fcr\u00fcyor, Sabit Fiyat Getiriyor<\/title>\n<meta name=\"description\" content=\"Yeni Geli\u015fme Sermaye Piyasas\u0131 Kurulu (&quot;SPK&quot;), ayn\u0131 konuyu d\u00fczenleyen mevcut tebli\u011fi y\u00fcr\u00fcrl\u00fckten kald\u0131rmas\u0131 beklenen yeni Ortakl\u0131ktan \u00c7\u0131karma ve Satma\" \/>\n<meta name=\"robots\" content=\"index, follow, max-snippet:-1, max-image-preview:large, max-video-preview:-1\" \/>\n<link rel=\"canonical\" href=\"https:\/\/www.esin.av.tr\/tr\/2020\/10\/30\/ortakliktan-cikarma-ve-satma-haklari-teblig-taslagi-ortakliktan-cikarma-esigini-dusuruyor-sabit-fiyat-getiriyor\/\" \/>\n<meta property=\"og:locale\" content=\"tr_TR\" \/>\n<meta property=\"og:type\" content=\"article\" \/>\n<meta property=\"og:title\" content=\"Ortakl\u0131ktan \u00c7\u0131karma ve Satma Haklar\u0131 Tebli\u011f Tasla\u011f\u0131 Ortakl\u0131ktan \u00c7\u0131karma E\u015fi\u011fini D\u00fc\u015f\u00fcr\u00fcyor, Sabit Fiyat Getiriyor\" \/>\n<meta property=\"og:description\" content=\"Yeni Geli\u015fme Sermaye Piyasas\u0131 Kurulu (&quot;SPK&quot;), ayn\u0131 konuyu d\u00fczenleyen mevcut tebli\u011fi y\u00fcr\u00fcrl\u00fckten kald\u0131rmas\u0131 beklenen yeni Ortakl\u0131ktan \u00c7\u0131karma ve Satma\" \/>\n<meta property=\"og:url\" content=\"https:\/\/www.esin.av.tr\/tr\/2020\/10\/30\/ortakliktan-cikarma-ve-satma-haklari-teblig-taslagi-ortakliktan-cikarma-esigini-dusuruyor-sabit-fiyat-getiriyor\/\" \/>\n<meta property=\"og:site_name\" content=\"Esin Avukatl\u0131k Ortakl\u0131\u011f\u0131\" \/>\n<meta property=\"article:published_time\" content=\"2020-10-30T11:20:34+00:00\" \/>\n<meta property=\"article:modified_time\" content=\"2022-06-09T13:09:47+00:00\" \/>\n<meta name=\"author\" content=\"R\u0131dvan Konrat\" \/>\n<meta name=\"twitter:card\" content=\"summary_large_image\" \/>\n<meta name=\"twitter:label1\" content=\"Written by\" \/>\n\t<meta name=\"twitter:data1\" content=\"R\u0131dvan Konrat\" \/>\n\t<meta name=\"twitter:label2\" content=\"Est. reading time\" \/>\n\t<meta name=\"twitter:data2\" content=\"3 minutes\" \/>\n<script type=\"application\/ld+json\" class=\"yoast-schema-graph\">{\"@context\":\"https:\/\/schema.org\",\"@graph\":[{\"@type\":\"Article\",\"@id\":\"https:\/\/www.esin.av.tr\/tr\/2020\/10\/30\/ortakliktan-cikarma-ve-satma-haklari-teblig-taslagi-ortakliktan-cikarma-esigini-dusuruyor-sabit-fiyat-getiriyor\/#article\",\"isPartOf\":{\"@id\":\"https:\/\/www.esin.av.tr\/tr\/2020\/10\/30\/ortakliktan-cikarma-ve-satma-haklari-teblig-taslagi-ortakliktan-cikarma-esigini-dusuruyor-sabit-fiyat-getiriyor\/\"},\"author\":{\"name\":\"R\u0131dvan Konrat\",\"@id\":\"https:\/\/www.esin.av.tr\/tr\/#\/schema\/person\/42c8e616aab56b8622fa365ad63282ae\"},\"headline\":\"Ortakl\u0131ktan \u00c7\u0131karma ve Satma Haklar\u0131 Tebli\u011f Tasla\u011f\u0131 Ortakl\u0131ktan \u00c7\u0131karma E\u015fi\u011fini D\u00fc\u015f\u00fcr\u00fcyor, Sabit Fiyat Getiriyor\",\"datePublished\":\"2020-10-30T11:20:34+00:00\",\"dateModified\":\"2022-06-09T13:09:47+00:00\",\"mainEntityOfPage\":{\"@id\":\"https:\/\/www.esin.av.tr\/tr\/2020\/10\/30\/ortakliktan-cikarma-ve-satma-haklari-teblig-taslagi-ortakliktan-cikarma-esigini-dusuruyor-sabit-fiyat-getiriyor\/\"},\"wordCount\":586,\"publisher\":{\"@id\":\"https:\/\/www.esin.av.tr\/tr\/#organization\"},\"keywords\":[\"Sermaye Piyasas\u0131 Hukuku\"],\"articleSection\":[\"Hukuk B\u00fcltenleri\"],\"inLanguage\":\"tr\"},{\"@type\":\"WebPage\",\"@id\":\"https:\/\/www.esin.av.tr\/tr\/2020\/10\/30\/ortakliktan-cikarma-ve-satma-haklari-teblig-taslagi-ortakliktan-cikarma-esigini-dusuruyor-sabit-fiyat-getiriyor\/\",\"url\":\"https:\/\/www.esin.av.tr\/tr\/2020\/10\/30\/ortakliktan-cikarma-ve-satma-haklari-teblig-taslagi-ortakliktan-cikarma-esigini-dusuruyor-sabit-fiyat-getiriyor\/\",\"name\":\"Ortakl\u0131ktan \u00c7\u0131karma ve Satma Haklar\u0131 Tebli\u011f Tasla\u011f\u0131 Ortakl\u0131ktan \u00c7\u0131karma E\u015fi\u011fini D\u00fc\u015f\u00fcr\u00fcyor, Sabit Fiyat Getiriyor\",\"isPartOf\":{\"@id\":\"https:\/\/www.esin.av.tr\/tr\/#website\"},\"datePublished\":\"2020-10-30T11:20:34+00:00\",\"dateModified\":\"2022-06-09T13:09:47+00:00\",\"description\":\"Yeni Geli\u015fme Sermaye Piyasas\u0131 Kurulu (\\\"SPK\\\"), ayn\u0131 konuyu d\u00fczenleyen mevcut tebli\u011fi y\u00fcr\u00fcrl\u00fckten kald\u0131rmas\u0131 beklenen yeni Ortakl\u0131ktan \u00c7\u0131karma ve Satma\",\"breadcrumb\":{\"@id\":\"https:\/\/www.esin.av.tr\/tr\/2020\/10\/30\/ortakliktan-cikarma-ve-satma-haklari-teblig-taslagi-ortakliktan-cikarma-esigini-dusuruyor-sabit-fiyat-getiriyor\/#breadcrumb\"},\"inLanguage\":\"tr\",\"potentialAction\":[{\"@type\":\"ReadAction\",\"target\":[\"https:\/\/www.esin.av.tr\/tr\/2020\/10\/30\/ortakliktan-cikarma-ve-satma-haklari-teblig-taslagi-ortakliktan-cikarma-esigini-dusuruyor-sabit-fiyat-getiriyor\/\"]}]},{\"@type\":\"BreadcrumbList\",\"@id\":\"https:\/\/www.esin.av.tr\/tr\/2020\/10\/30\/ortakliktan-cikarma-ve-satma-haklari-teblig-taslagi-ortakliktan-cikarma-esigini-dusuruyor-sabit-fiyat-getiriyor\/#breadcrumb\",\"itemListElement\":[{\"@type\":\"ListItem\",\"position\":1,\"name\":\"Home\",\"item\":\"https:\/\/www.esin.av.tr\/tr\/\"},{\"@type\":\"ListItem\",\"position\":2,\"name\":\"Ortakl\u0131ktan \u00c7\u0131karma ve Satma Haklar\u0131 Tebli\u011f Tasla\u011f\u0131 Ortakl\u0131ktan \u00c7\u0131karma E\u015fi\u011fini D\u00fc\u015f\u00fcr\u00fcyor, Sabit Fiyat Getiriyor\"}]},{\"@type\":\"WebSite\",\"@id\":\"https:\/\/www.esin.av.tr\/tr\/#website\",\"url\":\"https:\/\/www.esin.av.tr\/tr\/\",\"name\":\"Esin Avukatl\u0131k Ortakl\u0131\u011f\u0131\",\"description\":\"\",\"publisher\":{\"@id\":\"https:\/\/www.esin.av.tr\/tr\/#organization\"},\"potentialAction\":[{\"@type\":\"SearchAction\",\"target\":{\"@type\":\"EntryPoint\",\"urlTemplate\":\"https:\/\/www.esin.av.tr\/tr\/?s={search_term_string}\"},\"query-input\":{\"@type\":\"PropertyValueSpecification\",\"valueRequired\":true,\"valueName\":\"search_term_string\"}}],\"inLanguage\":\"tr\"},{\"@type\":\"Organization\",\"@id\":\"https:\/\/www.esin.av.tr\/tr\/#organization\",\"name\":\"Esin Avukatl\u0131k Ortakl\u0131\u011f\u0131\",\"url\":\"https:\/\/www.esin.av.tr\/tr\/\",\"logo\":{\"@type\":\"ImageObject\",\"inLanguage\":\"tr\",\"@id\":\"https:\/\/www.esin.av.tr\/tr\/#\/schema\/logo\/image\/\",\"url\":\"https:\/\/www.esin.av.tr\/wp-content\/uploads\/2021\/09\/esin-2.jpg\",\"contentUrl\":\"https:\/\/www.esin.av.tr\/wp-content\/uploads\/2021\/09\/esin-2.jpg\",\"width\":800,\"height\":460,\"caption\":\"Esin Avukatl\u0131k Ortakl\u0131\u011f\u0131\"},\"image\":{\"@id\":\"https:\/\/www.esin.av.tr\/tr\/#\/schema\/logo\/image\/\"}},{\"@type\":\"Person\",\"@id\":\"https:\/\/www.esin.av.tr\/tr\/#\/schema\/person\/42c8e616aab56b8622fa365ad63282ae\",\"name\":\"R\u0131dvan Konrat\",\"image\":{\"@type\":\"ImageObject\",\"inLanguage\":\"tr\",\"@id\":\"https:\/\/www.esin.av.tr\/tr\/#\/schema\/person\/image\/\",\"url\":\"https:\/\/secure.gravatar.com\/avatar\/b20c6c583be38ed4e76e32f69fccc676?s=96&d=mm&r=g\",\"contentUrl\":\"https:\/\/secure.gravatar.com\/avatar\/b20c6c583be38ed4e76e32f69fccc676?s=96&d=mm&r=g\",\"caption\":\"R\u0131dvan Konrat\"},\"sameAs\":[\"http:\/\/www.esin.av.tr\"],\"url\":\"https:\/\/www.esin.av.tr\/tr\/author\/rkonrat\/\"}]}<\/script>\n<!-- \/ Yoast SEO plugin. -->","yoast_head_json":{"title":"Ortakl\u0131ktan \u00c7\u0131karma ve Satma Haklar\u0131 Tebli\u011f Tasla\u011f\u0131 Ortakl\u0131ktan \u00c7\u0131karma E\u015fi\u011fini D\u00fc\u015f\u00fcr\u00fcyor, Sabit Fiyat Getiriyor","description":"Yeni Geli\u015fme Sermaye Piyasas\u0131 Kurulu (\"SPK\"), ayn\u0131 konuyu d\u00fczenleyen mevcut tebli\u011fi y\u00fcr\u00fcrl\u00fckten kald\u0131rmas\u0131 beklenen yeni Ortakl\u0131ktan \u00c7\u0131karma ve Satma","robots":{"index":"index","follow":"follow","max-snippet":"max-snippet:-1","max-image-preview":"max-image-preview:large","max-video-preview":"max-video-preview:-1"},"canonical":"https:\/\/www.esin.av.tr\/tr\/2020\/10\/30\/ortakliktan-cikarma-ve-satma-haklari-teblig-taslagi-ortakliktan-cikarma-esigini-dusuruyor-sabit-fiyat-getiriyor\/","og_locale":"tr_TR","og_type":"article","og_title":"Ortakl\u0131ktan \u00c7\u0131karma ve Satma Haklar\u0131 Tebli\u011f Tasla\u011f\u0131 Ortakl\u0131ktan \u00c7\u0131karma E\u015fi\u011fini D\u00fc\u015f\u00fcr\u00fcyor, Sabit Fiyat Getiriyor","og_description":"Yeni Geli\u015fme Sermaye Piyasas\u0131 Kurulu (\"SPK\"), ayn\u0131 konuyu d\u00fczenleyen mevcut tebli\u011fi y\u00fcr\u00fcrl\u00fckten kald\u0131rmas\u0131 beklenen yeni Ortakl\u0131ktan \u00c7\u0131karma ve Satma","og_url":"https:\/\/www.esin.av.tr\/tr\/2020\/10\/30\/ortakliktan-cikarma-ve-satma-haklari-teblig-taslagi-ortakliktan-cikarma-esigini-dusuruyor-sabit-fiyat-getiriyor\/","og_site_name":"Esin Avukatl\u0131k Ortakl\u0131\u011f\u0131","article_published_time":"2020-10-30T11:20:34+00:00","article_modified_time":"2022-06-09T13:09:47+00:00","author":"R\u0131dvan Konrat","twitter_card":"summary_large_image","twitter_misc":{"Written by":"R\u0131dvan Konrat","Est. reading time":"3 minutes"},"schema":{"@context":"https:\/\/schema.org","@graph":[{"@type":"Article","@id":"https:\/\/www.esin.av.tr\/tr\/2020\/10\/30\/ortakliktan-cikarma-ve-satma-haklari-teblig-taslagi-ortakliktan-cikarma-esigini-dusuruyor-sabit-fiyat-getiriyor\/#article","isPartOf":{"@id":"https:\/\/www.esin.av.tr\/tr\/2020\/10\/30\/ortakliktan-cikarma-ve-satma-haklari-teblig-taslagi-ortakliktan-cikarma-esigini-dusuruyor-sabit-fiyat-getiriyor\/"},"author":{"name":"R\u0131dvan Konrat","@id":"https:\/\/www.esin.av.tr\/tr\/#\/schema\/person\/42c8e616aab56b8622fa365ad63282ae"},"headline":"Ortakl\u0131ktan \u00c7\u0131karma ve Satma Haklar\u0131 Tebli\u011f Tasla\u011f\u0131 Ortakl\u0131ktan \u00c7\u0131karma E\u015fi\u011fini D\u00fc\u015f\u00fcr\u00fcyor, Sabit Fiyat Getiriyor","datePublished":"2020-10-30T11:20:34+00:00","dateModified":"2022-06-09T13:09:47+00:00","mainEntityOfPage":{"@id":"https:\/\/www.esin.av.tr\/tr\/2020\/10\/30\/ortakliktan-cikarma-ve-satma-haklari-teblig-taslagi-ortakliktan-cikarma-esigini-dusuruyor-sabit-fiyat-getiriyor\/"},"wordCount":586,"publisher":{"@id":"https:\/\/www.esin.av.tr\/tr\/#organization"},"keywords":["Sermaye Piyasas\u0131 Hukuku"],"articleSection":["Hukuk B\u00fcltenleri"],"inLanguage":"tr"},{"@type":"WebPage","@id":"https:\/\/www.esin.av.tr\/tr\/2020\/10\/30\/ortakliktan-cikarma-ve-satma-haklari-teblig-taslagi-ortakliktan-cikarma-esigini-dusuruyor-sabit-fiyat-getiriyor\/","url":"https:\/\/www.esin.av.tr\/tr\/2020\/10\/30\/ortakliktan-cikarma-ve-satma-haklari-teblig-taslagi-ortakliktan-cikarma-esigini-dusuruyor-sabit-fiyat-getiriyor\/","name":"Ortakl\u0131ktan \u00c7\u0131karma ve Satma Haklar\u0131 Tebli\u011f Tasla\u011f\u0131 Ortakl\u0131ktan \u00c7\u0131karma E\u015fi\u011fini D\u00fc\u015f\u00fcr\u00fcyor, Sabit Fiyat Getiriyor","isPartOf":{"@id":"https:\/\/www.esin.av.tr\/tr\/#website"},"datePublished":"2020-10-30T11:20:34+00:00","dateModified":"2022-06-09T13:09:47+00:00","description":"Yeni Geli\u015fme Sermaye Piyasas\u0131 Kurulu (\"SPK\"), ayn\u0131 konuyu d\u00fczenleyen mevcut tebli\u011fi y\u00fcr\u00fcrl\u00fckten kald\u0131rmas\u0131 beklenen yeni Ortakl\u0131ktan \u00c7\u0131karma ve Satma","breadcrumb":{"@id":"https:\/\/www.esin.av.tr\/tr\/2020\/10\/30\/ortakliktan-cikarma-ve-satma-haklari-teblig-taslagi-ortakliktan-cikarma-esigini-dusuruyor-sabit-fiyat-getiriyor\/#breadcrumb"},"inLanguage":"tr","potentialAction":[{"@type":"ReadAction","target":["https:\/\/www.esin.av.tr\/tr\/2020\/10\/30\/ortakliktan-cikarma-ve-satma-haklari-teblig-taslagi-ortakliktan-cikarma-esigini-dusuruyor-sabit-fiyat-getiriyor\/"]}]},{"@type":"BreadcrumbList","@id":"https:\/\/www.esin.av.tr\/tr\/2020\/10\/30\/ortakliktan-cikarma-ve-satma-haklari-teblig-taslagi-ortakliktan-cikarma-esigini-dusuruyor-sabit-fiyat-getiriyor\/#breadcrumb","itemListElement":[{"@type":"ListItem","position":1,"name":"Home","item":"https:\/\/www.esin.av.tr\/tr\/"},{"@type":"ListItem","position":2,"name":"Ortakl\u0131ktan \u00c7\u0131karma ve Satma Haklar\u0131 Tebli\u011f Tasla\u011f\u0131 Ortakl\u0131ktan \u00c7\u0131karma E\u015fi\u011fini D\u00fc\u015f\u00fcr\u00fcyor, Sabit Fiyat Getiriyor"}]},{"@type":"WebSite","@id":"https:\/\/www.esin.av.tr\/tr\/#website","url":"https:\/\/www.esin.av.tr\/tr\/","name":"Esin Avukatl\u0131k Ortakl\u0131\u011f\u0131","description":"","publisher":{"@id":"https:\/\/www.esin.av.tr\/tr\/#organization"},"potentialAction":[{"@type":"SearchAction","target":{"@type":"EntryPoint","urlTemplate":"https:\/\/www.esin.av.tr\/tr\/?s={search_term_string}"},"query-input":{"@type":"PropertyValueSpecification","valueRequired":true,"valueName":"search_term_string"}}],"inLanguage":"tr"},{"@type":"Organization","@id":"https:\/\/www.esin.av.tr\/tr\/#organization","name":"Esin Avukatl\u0131k Ortakl\u0131\u011f\u0131","url":"https:\/\/www.esin.av.tr\/tr\/","logo":{"@type":"ImageObject","inLanguage":"tr","@id":"https:\/\/www.esin.av.tr\/tr\/#\/schema\/logo\/image\/","url":"https:\/\/www.esin.av.tr\/wp-content\/uploads\/2021\/09\/esin-2.jpg","contentUrl":"https:\/\/www.esin.av.tr\/wp-content\/uploads\/2021\/09\/esin-2.jpg","width":800,"height":460,"caption":"Esin Avukatl\u0131k Ortakl\u0131\u011f\u0131"},"image":{"@id":"https:\/\/www.esin.av.tr\/tr\/#\/schema\/logo\/image\/"}},{"@type":"Person","@id":"https:\/\/www.esin.av.tr\/tr\/#\/schema\/person\/42c8e616aab56b8622fa365ad63282ae","name":"R\u0131dvan Konrat","image":{"@type":"ImageObject","inLanguage":"tr","@id":"https:\/\/www.esin.av.tr\/tr\/#\/schema\/person\/image\/","url":"https:\/\/secure.gravatar.com\/avatar\/b20c6c583be38ed4e76e32f69fccc676?s=96&d=mm&r=g","contentUrl":"https:\/\/secure.gravatar.com\/avatar\/b20c6c583be38ed4e76e32f69fccc676?s=96&d=mm&r=g","caption":"R\u0131dvan Konrat"},"sameAs":["http:\/\/www.esin.av.tr"],"url":"https:\/\/www.esin.av.tr\/tr\/author\/rkonrat\/"}]}},"_links":{"self":[{"href":"https:\/\/www.esin.av.tr\/tr\/wp-json\/wp\/v2\/posts\/17694","targetHints":{"allow":["GET"]}}],"collection":[{"href":"https:\/\/www.esin.av.tr\/tr\/wp-json\/wp\/v2\/posts"}],"about":[{"href":"https:\/\/www.esin.av.tr\/tr\/wp-json\/wp\/v2\/types\/post"}],"author":[{"embeddable":true,"href":"https:\/\/www.esin.av.tr\/tr\/wp-json\/wp\/v2\/users\/4"}],"replies":[{"embeddable":true,"href":"https:\/\/www.esin.av.tr\/tr\/wp-json\/wp\/v2\/comments?post=17694"}],"version-history":[{"count":1,"href":"https:\/\/www.esin.av.tr\/tr\/wp-json\/wp\/v2\/posts\/17694\/revisions"}],"predecessor-version":[{"id":17695,"href":"https:\/\/www.esin.av.tr\/tr\/wp-json\/wp\/v2\/posts\/17694\/revisions\/17695"}],"wp:attachment":[{"href":"https:\/\/www.esin.av.tr\/tr\/wp-json\/wp\/v2\/media?parent=17694"}],"wp:term":[{"taxonomy":"category","embeddable":true,"href":"https:\/\/www.esin.av.tr\/tr\/wp-json\/wp\/v2\/categories?post=17694"},{"taxonomy":"post_tag","embeddable":true,"href":"https:\/\/www.esin.av.tr\/tr\/wp-json\/wp\/v2\/tags?post=17694"}],"curies":[{"name":"wp","href":"https:\/\/api.w.org\/{rel}","templated":true}]}}