{"id":17684,"date":"2020-10-28T07:57:06","date_gmt":"2020-10-28T07:57:06","guid":{"rendered":"https:\/\/www.esin.av.tr\/?p=17684"},"modified":"2022-06-09T13:09:49","modified_gmt":"2022-06-09T13:09:49","slug":"normallesme-adimlari-aktif-rasyosu-kuralina-uyum-kolaylastirildi","status":"publish","type":"post","link":"https:\/\/www.esin.av.tr\/tr\/2020\/10\/28\/normallesme-adimlari-aktif-rasyosu-kuralina-uyum-kolaylastirildi\/","title":{"rendered":"Normalle\u015fme Ad\u0131mlar\u0131: Aktif Rasyosu Kural\u0131na Uyum Kolayla\u015ft\u0131r\u0131ld\u0131"},"content":{"rendered":"<p><strong>Yeni Geli\u015fme<\/strong><\/p>\n<p>Bankac\u0131l\u0131k D\u00fczenleme ve Denetleme Kurumu (&#8220;<strong>BDDK<\/strong>&#8220;), 26 Ekim 2020 tarih ve 9238 say\u0131l\u0131 karar\u0131 ile aktif rasyosu (&#8220;AR&#8221;) form\u00fcl\u00fcn\u00fc de\u011fi\u015ftirdi.<\/p>\n<p><strong>De\u011fi\u015fiklik ne getiriyor?<\/strong><\/p>\n<p>BDDK AR\u2019nin a\u015fa\u011f\u0131daki \u015fekilde hesaplanaca\u011f\u0131n\u0131 belirtmi\u015fti:<\/p>\n<p>Aktif Rasyosu (AR) = [Krediler + (Menkul K\u0131ymetler x 0,75 ) + ( TCMB Swap x 0,5 )] \/ [TL Mevduat + ( Yabanc\u0131 Para Mevduat x 1,75 )]<\/p>\n<p>BDDK AR&#8217;ye ili\u015fkin ilk karar\u0131nda <strong>Krediler<\/strong> kalemini &#8220;takipteki krediler hari\u00e7 bankalar\u0131n bireysel ve ticari m\u00fc\u015fterilere kulland\u0131rd\u0131klar\u0131 krediler tutar\u0131n\u0131n toplam\u0131&#8221; olarak tan\u0131mlam\u0131\u015f ve bu kaleme d\u00e2hil edilecek kredileri <a href=\"https:\/\/urldefense.com\/v3\/__https:\/esinxchange.com\/collect\/click.aspx?u=UU5lK2ZzdndBY3dFeGdKWFBLeC9VL0w2czBEZEVlR2RBWTRKWnAxZzk4NjRqU2ZMaFM4aWxzRzdrZHNLTVY0M3FQK2lYMndhZVlwbUkxTE1zTUovckR2U0h3MUZYaW96aWxTZHFGU1c5UjRLREUxaHQyaklmSVd5TE43KzE2SFhQZHBiOUJKNi9nV29zdU1hNjMzT0s4RmdWUWhZWjJKeg==&amp;rh=ff006c47136c6dae245c3d687241b79fd877c29b__;!!Hj9Y_P0nvg!CPALswgPyLoz77KN6hCrDObZOm7O-YqTi6YDi5xMIwlZF-77EnYNSlKmC1nlZQUUpgqZHw$\"><strong>30 Nisan 2020 tarihli karar\u0131 ile netle\u015ftirmi\u015fti.<\/strong><\/a><\/p>\n<p>26 Ekim 2020 tarihli son karar\u0131 ile BDDK, yurt i\u00e7i bankalar\u0131n yurt i\u00e7indeki di\u011fer bankalara kulland\u0131rd\u0131\u011f\u0131 bir y\u0131ldan uzun vadeli yabanc\u0131 para kredileri ile sendikasyon kredilerinin de 1 Kas\u0131m 2020 tarihinden itibaren AR form\u00fcl\u00fcndeki <strong>Krediler<\/strong> kalemine 1,00 kat say\u0131s\u0131 ile d\u00e2hil edilmesine karar verdi.<\/p>\n<p>Bu kapsamda, bankalar AR&#8217;yi hesaplarken bir y\u0131ldan uzun vadeli yabanc\u0131 para kredileri i\u00e7in do\u011frudan kulland\u0131rd\u0131klar\u0131 kredi tutar\u0131 nispetinde; sendikasyon kredilerini ise sendikasyondaki paylar\u0131 nispetinde d\u00e2hil edecek.<\/p>\n<p><strong>Sonu\u00e7<\/strong><\/p>\n<p>BDDK, bankalar\u0131n AR kural\u0131na uyum sa\u011flamalar\u0131n\u0131 kolayla\u015ft\u0131r\u0131c\u0131 \u00f6nlemler alarak normale ge\u00e7i\u015f s\u00fcrecine katk\u0131da bulunmaya devam ediyor.<\/p>\n","protected":false},"excerpt":{"rendered":"<p>Yeni Geli\u015fme Bankac\u0131l\u0131k D\u00fczenleme ve Denetleme Kurumu (&#8220;BDDK&#8220;), 26 Ekim 2020 tarih ve 9238 say\u0131l\u0131 karar\u0131 ile aktif rasyosu (&#8220;AR&#8221;) [&hellip;]<\/p>\n","protected":false},"author":4,"featured_media":0,"comment_status":"closed","ping_status":"closed","sticky":false,"template":"","format":"standard","meta":{"_acf_changed":false,"_stopmodifiedupdate":false,"_modified_date":"","footnotes":""},"categories":[120],"tags":[90],"class_list":["post-17684","post","type-post","status-publish","format-standard","hentry","category-legal-alerts","tag-banking-finance-tr"],"acf":[],"yoast_head":"<!-- This site is optimized with the Yoast SEO plugin v24.0 - https:\/\/yoast.com\/wordpress\/plugins\/seo\/ -->\n<title>Normalle\u015fme Ad\u0131mlar\u0131: Aktif Rasyosu Kural\u0131na Uyum Kolayla\u015ft\u0131r\u0131ld\u0131<\/title>\n<meta name=\"description\" content=\"Yeni Geli\u015fme Bankac\u0131l\u0131k D\u00fczenleme ve Denetleme Kurumu (&quot;BDDK&quot;), 26 Ekim 2020 tarih ve 9238 say\u0131l\u0131 karar\u0131 ile aktif rasyosu (&quot;AR&quot;) form\u00fcl\u00fcn\u00fc de\u011fi\u015ftirdi.\" \/>\n<meta name=\"robots\" content=\"index, follow, max-snippet:-1, max-image-preview:large, max-video-preview:-1\" \/>\n<link rel=\"canonical\" href=\"https:\/\/www.esin.av.tr\/tr\/2020\/10\/28\/normallesme-adimlari-aktif-rasyosu-kuralina-uyum-kolaylastirildi\/\" \/>\n<meta property=\"og:locale\" content=\"tr_TR\" \/>\n<meta property=\"og:type\" content=\"article\" \/>\n<meta property=\"og:title\" content=\"Normalle\u015fme Ad\u0131mlar\u0131: Aktif Rasyosu Kural\u0131na Uyum Kolayla\u015ft\u0131r\u0131ld\u0131\" \/>\n<meta property=\"og:description\" content=\"Yeni Geli\u015fme Bankac\u0131l\u0131k D\u00fczenleme ve Denetleme Kurumu (&quot;BDDK&quot;), 26 Ekim 2020 tarih ve 9238 say\u0131l\u0131 karar\u0131 ile aktif rasyosu (&quot;AR&quot;) form\u00fcl\u00fcn\u00fc de\u011fi\u015ftirdi.\" \/>\n<meta property=\"og:url\" content=\"https:\/\/www.esin.av.tr\/tr\/2020\/10\/28\/normallesme-adimlari-aktif-rasyosu-kuralina-uyum-kolaylastirildi\/\" \/>\n<meta property=\"og:site_name\" content=\"Esin Avukatl\u0131k Ortakl\u0131\u011f\u0131\" \/>\n<meta property=\"article:published_time\" content=\"2020-10-28T07:57:06+00:00\" \/>\n<meta property=\"article:modified_time\" content=\"2022-06-09T13:09:49+00:00\" \/>\n<meta name=\"author\" content=\"R\u0131dvan Konrat\" \/>\n<meta name=\"twitter:card\" content=\"summary_large_image\" \/>\n<meta name=\"twitter:label1\" content=\"Written by\" \/>\n\t<meta name=\"twitter:data1\" content=\"R\u0131dvan Konrat\" \/>\n\t<meta name=\"twitter:label2\" content=\"Est. reading time\" \/>\n\t<meta name=\"twitter:data2\" content=\"1 minute\" \/>\n<script type=\"application\/ld+json\" class=\"yoast-schema-graph\">{\"@context\":\"https:\/\/schema.org\",\"@graph\":[{\"@type\":\"Article\",\"@id\":\"https:\/\/www.esin.av.tr\/tr\/2020\/10\/28\/normallesme-adimlari-aktif-rasyosu-kuralina-uyum-kolaylastirildi\/#article\",\"isPartOf\":{\"@id\":\"https:\/\/www.esin.av.tr\/tr\/2020\/10\/28\/normallesme-adimlari-aktif-rasyosu-kuralina-uyum-kolaylastirildi\/\"},\"author\":{\"name\":\"R\u0131dvan Konrat\",\"@id\":\"https:\/\/www.esin.av.tr\/tr\/#\/schema\/person\/42c8e616aab56b8622fa365ad63282ae\"},\"headline\":\"Normalle\u015fme Ad\u0131mlar\u0131: Aktif Rasyosu Kural\u0131na Uyum Kolayla\u015ft\u0131r\u0131ld\u0131\",\"datePublished\":\"2020-10-28T07:57:06+00:00\",\"dateModified\":\"2022-06-09T13:09:49+00:00\",\"mainEntityOfPage\":{\"@id\":\"https:\/\/www.esin.av.tr\/tr\/2020\/10\/28\/normallesme-adimlari-aktif-rasyosu-kuralina-uyum-kolaylastirildi\/\"},\"wordCount\":229,\"publisher\":{\"@id\":\"https:\/\/www.esin.av.tr\/tr\/#organization\"},\"keywords\":[\"Bankac\u0131l\u0131k ve Finans\"],\"articleSection\":[\"Hukuk B\u00fcltenleri\"],\"inLanguage\":\"tr\"},{\"@type\":\"WebPage\",\"@id\":\"https:\/\/www.esin.av.tr\/tr\/2020\/10\/28\/normallesme-adimlari-aktif-rasyosu-kuralina-uyum-kolaylastirildi\/\",\"url\":\"https:\/\/www.esin.av.tr\/tr\/2020\/10\/28\/normallesme-adimlari-aktif-rasyosu-kuralina-uyum-kolaylastirildi\/\",\"name\":\"Normalle\u015fme Ad\u0131mlar\u0131: Aktif Rasyosu Kural\u0131na Uyum Kolayla\u015ft\u0131r\u0131ld\u0131\",\"isPartOf\":{\"@id\":\"https:\/\/www.esin.av.tr\/tr\/#website\"},\"datePublished\":\"2020-10-28T07:57:06+00:00\",\"dateModified\":\"2022-06-09T13:09:49+00:00\",\"description\":\"Yeni Geli\u015fme Bankac\u0131l\u0131k D\u00fczenleme ve Denetleme Kurumu (\\\"BDDK\\\"), 26 Ekim 2020 tarih ve 9238 say\u0131l\u0131 karar\u0131 ile aktif rasyosu (\\\"AR\\\") form\u00fcl\u00fcn\u00fc de\u011fi\u015ftirdi.\",\"breadcrumb\":{\"@id\":\"https:\/\/www.esin.av.tr\/tr\/2020\/10\/28\/normallesme-adimlari-aktif-rasyosu-kuralina-uyum-kolaylastirildi\/#breadcrumb\"},\"inLanguage\":\"tr\",\"potentialAction\":[{\"@type\":\"ReadAction\",\"target\":[\"https:\/\/www.esin.av.tr\/tr\/2020\/10\/28\/normallesme-adimlari-aktif-rasyosu-kuralina-uyum-kolaylastirildi\/\"]}]},{\"@type\":\"BreadcrumbList\",\"@id\":\"https:\/\/www.esin.av.tr\/tr\/2020\/10\/28\/normallesme-adimlari-aktif-rasyosu-kuralina-uyum-kolaylastirildi\/#breadcrumb\",\"itemListElement\":[{\"@type\":\"ListItem\",\"position\":1,\"name\":\"Home\",\"item\":\"https:\/\/www.esin.av.tr\/tr\/\"},{\"@type\":\"ListItem\",\"position\":2,\"name\":\"Normalle\u015fme Ad\u0131mlar\u0131: Aktif Rasyosu Kural\u0131na Uyum Kolayla\u015ft\u0131r\u0131ld\u0131\"}]},{\"@type\":\"WebSite\",\"@id\":\"https:\/\/www.esin.av.tr\/tr\/#website\",\"url\":\"https:\/\/www.esin.av.tr\/tr\/\",\"name\":\"Esin Avukatl\u0131k Ortakl\u0131\u011f\u0131\",\"description\":\"\",\"publisher\":{\"@id\":\"https:\/\/www.esin.av.tr\/tr\/#organization\"},\"potentialAction\":[{\"@type\":\"SearchAction\",\"target\":{\"@type\":\"EntryPoint\",\"urlTemplate\":\"https:\/\/www.esin.av.tr\/tr\/?s={search_term_string}\"},\"query-input\":{\"@type\":\"PropertyValueSpecification\",\"valueRequired\":true,\"valueName\":\"search_term_string\"}}],\"inLanguage\":\"tr\"},{\"@type\":\"Organization\",\"@id\":\"https:\/\/www.esin.av.tr\/tr\/#organization\",\"name\":\"Esin Avukatl\u0131k Ortakl\u0131\u011f\u0131\",\"url\":\"https:\/\/www.esin.av.tr\/tr\/\",\"logo\":{\"@type\":\"ImageObject\",\"inLanguage\":\"tr\",\"@id\":\"https:\/\/www.esin.av.tr\/tr\/#\/schema\/logo\/image\/\",\"url\":\"https:\/\/www.esin.av.tr\/wp-content\/uploads\/2021\/09\/esin-2.jpg\",\"contentUrl\":\"https:\/\/www.esin.av.tr\/wp-content\/uploads\/2021\/09\/esin-2.jpg\",\"width\":800,\"height\":460,\"caption\":\"Esin Avukatl\u0131k Ortakl\u0131\u011f\u0131\"},\"image\":{\"@id\":\"https:\/\/www.esin.av.tr\/tr\/#\/schema\/logo\/image\/\"}},{\"@type\":\"Person\",\"@id\":\"https:\/\/www.esin.av.tr\/tr\/#\/schema\/person\/42c8e616aab56b8622fa365ad63282ae\",\"name\":\"R\u0131dvan Konrat\",\"image\":{\"@type\":\"ImageObject\",\"inLanguage\":\"tr\",\"@id\":\"https:\/\/www.esin.av.tr\/tr\/#\/schema\/person\/image\/\",\"url\":\"https:\/\/secure.gravatar.com\/avatar\/b20c6c583be38ed4e76e32f69fccc676?s=96&d=mm&r=g\",\"contentUrl\":\"https:\/\/secure.gravatar.com\/avatar\/b20c6c583be38ed4e76e32f69fccc676?s=96&d=mm&r=g\",\"caption\":\"R\u0131dvan Konrat\"},\"sameAs\":[\"http:\/\/www.esin.av.tr\"],\"url\":\"https:\/\/www.esin.av.tr\/tr\/author\/rkonrat\/\"}]}<\/script>\n<!-- \/ Yoast SEO plugin. -->","yoast_head_json":{"title":"Normalle\u015fme Ad\u0131mlar\u0131: Aktif Rasyosu Kural\u0131na Uyum Kolayla\u015ft\u0131r\u0131ld\u0131","description":"Yeni Geli\u015fme Bankac\u0131l\u0131k D\u00fczenleme ve Denetleme Kurumu (\"BDDK\"), 26 Ekim 2020 tarih ve 9238 say\u0131l\u0131 karar\u0131 ile aktif rasyosu (\"AR\") form\u00fcl\u00fcn\u00fc de\u011fi\u015ftirdi.","robots":{"index":"index","follow":"follow","max-snippet":"max-snippet:-1","max-image-preview":"max-image-preview:large","max-video-preview":"max-video-preview:-1"},"canonical":"https:\/\/www.esin.av.tr\/tr\/2020\/10\/28\/normallesme-adimlari-aktif-rasyosu-kuralina-uyum-kolaylastirildi\/","og_locale":"tr_TR","og_type":"article","og_title":"Normalle\u015fme Ad\u0131mlar\u0131: Aktif Rasyosu Kural\u0131na Uyum Kolayla\u015ft\u0131r\u0131ld\u0131","og_description":"Yeni Geli\u015fme Bankac\u0131l\u0131k D\u00fczenleme ve Denetleme Kurumu (\"BDDK\"), 26 Ekim 2020 tarih ve 9238 say\u0131l\u0131 karar\u0131 ile aktif rasyosu (\"AR\") form\u00fcl\u00fcn\u00fc de\u011fi\u015ftirdi.","og_url":"https:\/\/www.esin.av.tr\/tr\/2020\/10\/28\/normallesme-adimlari-aktif-rasyosu-kuralina-uyum-kolaylastirildi\/","og_site_name":"Esin Avukatl\u0131k Ortakl\u0131\u011f\u0131","article_published_time":"2020-10-28T07:57:06+00:00","article_modified_time":"2022-06-09T13:09:49+00:00","author":"R\u0131dvan Konrat","twitter_card":"summary_large_image","twitter_misc":{"Written by":"R\u0131dvan Konrat","Est. reading time":"1 minute"},"schema":{"@context":"https:\/\/schema.org","@graph":[{"@type":"Article","@id":"https:\/\/www.esin.av.tr\/tr\/2020\/10\/28\/normallesme-adimlari-aktif-rasyosu-kuralina-uyum-kolaylastirildi\/#article","isPartOf":{"@id":"https:\/\/www.esin.av.tr\/tr\/2020\/10\/28\/normallesme-adimlari-aktif-rasyosu-kuralina-uyum-kolaylastirildi\/"},"author":{"name":"R\u0131dvan Konrat","@id":"https:\/\/www.esin.av.tr\/tr\/#\/schema\/person\/42c8e616aab56b8622fa365ad63282ae"},"headline":"Normalle\u015fme Ad\u0131mlar\u0131: Aktif Rasyosu Kural\u0131na Uyum Kolayla\u015ft\u0131r\u0131ld\u0131","datePublished":"2020-10-28T07:57:06+00:00","dateModified":"2022-06-09T13:09:49+00:00","mainEntityOfPage":{"@id":"https:\/\/www.esin.av.tr\/tr\/2020\/10\/28\/normallesme-adimlari-aktif-rasyosu-kuralina-uyum-kolaylastirildi\/"},"wordCount":229,"publisher":{"@id":"https:\/\/www.esin.av.tr\/tr\/#organization"},"keywords":["Bankac\u0131l\u0131k ve Finans"],"articleSection":["Hukuk B\u00fcltenleri"],"inLanguage":"tr"},{"@type":"WebPage","@id":"https:\/\/www.esin.av.tr\/tr\/2020\/10\/28\/normallesme-adimlari-aktif-rasyosu-kuralina-uyum-kolaylastirildi\/","url":"https:\/\/www.esin.av.tr\/tr\/2020\/10\/28\/normallesme-adimlari-aktif-rasyosu-kuralina-uyum-kolaylastirildi\/","name":"Normalle\u015fme Ad\u0131mlar\u0131: Aktif Rasyosu Kural\u0131na Uyum Kolayla\u015ft\u0131r\u0131ld\u0131","isPartOf":{"@id":"https:\/\/www.esin.av.tr\/tr\/#website"},"datePublished":"2020-10-28T07:57:06+00:00","dateModified":"2022-06-09T13:09:49+00:00","description":"Yeni Geli\u015fme Bankac\u0131l\u0131k D\u00fczenleme ve Denetleme Kurumu (\"BDDK\"), 26 Ekim 2020 tarih ve 9238 say\u0131l\u0131 karar\u0131 ile aktif rasyosu (\"AR\") form\u00fcl\u00fcn\u00fc de\u011fi\u015ftirdi.","breadcrumb":{"@id":"https:\/\/www.esin.av.tr\/tr\/2020\/10\/28\/normallesme-adimlari-aktif-rasyosu-kuralina-uyum-kolaylastirildi\/#breadcrumb"},"inLanguage":"tr","potentialAction":[{"@type":"ReadAction","target":["https:\/\/www.esin.av.tr\/tr\/2020\/10\/28\/normallesme-adimlari-aktif-rasyosu-kuralina-uyum-kolaylastirildi\/"]}]},{"@type":"BreadcrumbList","@id":"https:\/\/www.esin.av.tr\/tr\/2020\/10\/28\/normallesme-adimlari-aktif-rasyosu-kuralina-uyum-kolaylastirildi\/#breadcrumb","itemListElement":[{"@type":"ListItem","position":1,"name":"Home","item":"https:\/\/www.esin.av.tr\/tr\/"},{"@type":"ListItem","position":2,"name":"Normalle\u015fme Ad\u0131mlar\u0131: Aktif Rasyosu Kural\u0131na Uyum Kolayla\u015ft\u0131r\u0131ld\u0131"}]},{"@type":"WebSite","@id":"https:\/\/www.esin.av.tr\/tr\/#website","url":"https:\/\/www.esin.av.tr\/tr\/","name":"Esin Avukatl\u0131k Ortakl\u0131\u011f\u0131","description":"","publisher":{"@id":"https:\/\/www.esin.av.tr\/tr\/#organization"},"potentialAction":[{"@type":"SearchAction","target":{"@type":"EntryPoint","urlTemplate":"https:\/\/www.esin.av.tr\/tr\/?s={search_term_string}"},"query-input":{"@type":"PropertyValueSpecification","valueRequired":true,"valueName":"search_term_string"}}],"inLanguage":"tr"},{"@type":"Organization","@id":"https:\/\/www.esin.av.tr\/tr\/#organization","name":"Esin Avukatl\u0131k Ortakl\u0131\u011f\u0131","url":"https:\/\/www.esin.av.tr\/tr\/","logo":{"@type":"ImageObject","inLanguage":"tr","@id":"https:\/\/www.esin.av.tr\/tr\/#\/schema\/logo\/image\/","url":"https:\/\/www.esin.av.tr\/wp-content\/uploads\/2021\/09\/esin-2.jpg","contentUrl":"https:\/\/www.esin.av.tr\/wp-content\/uploads\/2021\/09\/esin-2.jpg","width":800,"height":460,"caption":"Esin Avukatl\u0131k Ortakl\u0131\u011f\u0131"},"image":{"@id":"https:\/\/www.esin.av.tr\/tr\/#\/schema\/logo\/image\/"}},{"@type":"Person","@id":"https:\/\/www.esin.av.tr\/tr\/#\/schema\/person\/42c8e616aab56b8622fa365ad63282ae","name":"R\u0131dvan Konrat","image":{"@type":"ImageObject","inLanguage":"tr","@id":"https:\/\/www.esin.av.tr\/tr\/#\/schema\/person\/image\/","url":"https:\/\/secure.gravatar.com\/avatar\/b20c6c583be38ed4e76e32f69fccc676?s=96&d=mm&r=g","contentUrl":"https:\/\/secure.gravatar.com\/avatar\/b20c6c583be38ed4e76e32f69fccc676?s=96&d=mm&r=g","caption":"R\u0131dvan Konrat"},"sameAs":["http:\/\/www.esin.av.tr"],"url":"https:\/\/www.esin.av.tr\/tr\/author\/rkonrat\/"}]}},"_links":{"self":[{"href":"https:\/\/www.esin.av.tr\/tr\/wp-json\/wp\/v2\/posts\/17684","targetHints":{"allow":["GET"]}}],"collection":[{"href":"https:\/\/www.esin.av.tr\/tr\/wp-json\/wp\/v2\/posts"}],"about":[{"href":"https:\/\/www.esin.av.tr\/tr\/wp-json\/wp\/v2\/types\/post"}],"author":[{"embeddable":true,"href":"https:\/\/www.esin.av.tr\/tr\/wp-json\/wp\/v2\/users\/4"}],"replies":[{"embeddable":true,"href":"https:\/\/www.esin.av.tr\/tr\/wp-json\/wp\/v2\/comments?post=17684"}],"version-history":[{"count":1,"href":"https:\/\/www.esin.av.tr\/tr\/wp-json\/wp\/v2\/posts\/17684\/revisions"}],"predecessor-version":[{"id":17685,"href":"https:\/\/www.esin.av.tr\/tr\/wp-json\/wp\/v2\/posts\/17684\/revisions\/17685"}],"wp:attachment":[{"href":"https:\/\/www.esin.av.tr\/tr\/wp-json\/wp\/v2\/media?parent=17684"}],"wp:term":[{"taxonomy":"category","embeddable":true,"href":"https:\/\/www.esin.av.tr\/tr\/wp-json\/wp\/v2\/categories?post=17684"},{"taxonomy":"post_tag","embeddable":true,"href":"https:\/\/www.esin.av.tr\/tr\/wp-json\/wp\/v2\/tags?post=17684"}],"curies":[{"name":"wp","href":"https:\/\/api.w.org\/{rel}","templated":true}]}}