{"id":17673,"date":"2020-10-28T07:04:56","date_gmt":"2020-10-28T07:04:56","guid":{"rendered":"https:\/\/www.esin.av.tr\/?p=17673"},"modified":"2022-06-09T13:09:53","modified_gmt":"2022-06-09T13:09:53","slug":"covid-19-fesih-yasagi-ucretsiz-izin-ve-kisa-calisma-sureleri-yeniden-uzatildi","status":"publish","type":"post","link":"https:\/\/www.esin.av.tr\/tr\/2020\/10\/28\/covid-19-fesih-yasagi-ucretsiz-izin-ve-kisa-calisma-sureleri-yeniden-uzatildi\/","title":{"rendered":"COVID-19: Fesih Yasa\u011f\u0131, \u00dccretsiz \u0130zin ve K\u0131sa \u00c7al\u0131\u015fma S\u00fcreleri Yeniden Uzat\u0131ld\u0131"},"content":{"rendered":"<p><strong>Yeni Geli\u015fme<\/strong><\/p>\n<p>COVID-19 salg\u0131n\u0131 nedeniyle al\u0131nan \u00f6nlemler kapsam\u0131nda fesih yasa\u011f\u0131, \u00fccretsiz izin ve k\u0131sa \u00e7al\u0131\u015fma s\u00fcreleri 27 Ekim 2020 tarihli ve 31287 say\u0131l\u0131 Resmi Gazete&#8217;de yay\u0131nlanan 3134 say\u0131l\u0131 ve 3135 say\u0131l\u0131 Cumhurba\u015fkan\u0131 Kararlar\u0131 ile iki ayl\u0131k bir s\u00fcre i\u00e7in olmak \u00fczere yeniden uzat\u0131lm\u0131\u015ft\u0131r.<\/p>\n<p><strong>Cumhurba\u015fkan\u0131 Kararlar\u0131 Neleri D\u00fczenliyor?<\/strong><\/p>\n<p><strong><u>Fesih Yasa\u011f\u0131 ve \u00dccretsiz \u0130zin<\/u><\/strong><\/p>\n<p>Fesih yasa\u011f\u0131 s\u00fcresi ve fesih yasa\u011f\u0131 boyunca i\u015fverenlerin \u00e7al\u0131\u015fanlar\u0131n\u0131 \u00fccretsiz izne g\u00f6nderme imk\u00e2n\u0131 17 Ocak 2021 tarihine dek uzat\u0131lm\u0131\u015ft\u0131r.<\/p>\n<p><strong><u>K\u0131sa \u00c7al\u0131\u015fma \u00d6dene\u011fi<\/u><\/strong><\/p>\n<p>K\u0131sa \u00e7al\u0131\u015fma \u00f6dene\u011finin s\u00fcresi, \u00f6nceki uzatmalarda uygulanan ayn\u0131 esaslar \u00e7er\u00e7evesinde iki ay daha uzat\u0131lm\u0131\u015ft\u0131r. \u0130ki ayl\u0131k yeni uzatma s\u00fcresi, iki ayl\u0131k son uzatma s\u00fcresinin bitiminden itibaren ba\u015flayacakt\u0131r.<\/p>\n<p><strong>Sonu\u00e7 <\/strong><\/p>\n<p>COVID-19 salg\u0131n\u0131, T\u00fcrkiye&#8217;yi ve T\u00fcrkiye&#8217;deki \u00e7al\u0131\u015fma ya\u015fam\u0131na dair uygulamalar\u0131 esasl\u0131 bir \u015fekilde etkilemi\u015ftir. Devlet, i\u015fverenlere destek olmak ve \u00e7al\u0131\u015fanlar\u0131 korumak amac\u0131yla baz\u0131 uygulamalar\u0131 y\u00fcr\u00fcrl\u00fc\u011fe koymaya devam etmektedir. \u0130\u015fverenlerin COVID-19 salg\u0131n\u0131na ili\u015fkin geli\u015fmeler olduk\u00e7a konu ile ilgili t\u00fcm hukuki de\u011fi\u015fiklikleri yak\u0131ndan takip etmelerini tavsiye ederiz.<\/p>\n<p><strong>COVID-19 salg\u0131n\u0131 ile ilgili hukuki d\u00fczenlemelerle ilgili bilgilere <u><a href=\"https:\/\/urldefense.com\/v3\/__https:\/esinxchange.com\/collect\/click.aspx?u=ODNXVWd1MmZueWpJWEhIaStEZks5NzR2NUJNdFBTSW1YT2YyckJiS3daSngwM21rZTYzWG92Uk5IMDJsNEZCcHZMcDBad3Q1NGFjTjZYUVl5dGp3YlkwenZaekZHVjRFbnFuU3prSlgyS2JlekF6ZFJyK2VHaldkNGQ5bmhUcGpWWHRIcCtuTHNXZ0lHM1IzUjExVkp1RldyMW1xWUtjVzU1N010UFJlM2R5dHZBZ0VxUFF3aXBNdGFqbG1LL0ViQ2U5QzEya1FIcnVoVC9ONVdRV29uUT09&amp;rh=ff006c3ef87a57b12a7c31316c47bb25f770809c__;!!Hj9Y_P0nvg!HrSD49JMnBtaaOY1B95c8pIXheLyJz0VMAi90F0ypNirNoyGuOVPxg0TPQJfrHTypRE-vA$\">Esin Avukatl\u0131k Ortakl\u0131\u011f\u0131 Coronavir\u00fcs Masas\u0131<\/a><\/u>&#8216;ndan ula\u015fabilirsiniz.<\/strong><\/p>\n","protected":false},"excerpt":{"rendered":"<p>Yeni Geli\u015fme COVID-19 salg\u0131n\u0131 nedeniyle al\u0131nan \u00f6nlemler kapsam\u0131nda fesih yasa\u011f\u0131, \u00fccretsiz izin ve k\u0131sa \u00e7al\u0131\u015fma s\u00fcreleri 27 Ekim 2020 tarihli [&hellip;]<\/p>\n","protected":false},"author":4,"featured_media":0,"comment_status":"closed","ping_status":"closed","sticky":false,"template":"","format":"standard","meta":{"_acf_changed":false,"_stopmodifiedupdate":false,"_modified_date":"","footnotes":""},"categories":[120,149],"tags":[101],"class_list":["post-17673","post","type-post","status-publish","format-standard","hentry","category-legal-alerts","category-covid-19-tr","tag-employment-tr"],"acf":[],"yoast_head":"<!-- This site is optimized with the Yoast SEO plugin v24.0 - https:\/\/yoast.com\/wordpress\/plugins\/seo\/ -->\n<title>COVID-19: Fesih Yasa\u011f\u0131, \u00dccretsiz \u0130zin ve K\u0131sa \u00c7al\u0131\u015fma S\u00fcreleri Yeniden Uzat\u0131ld\u0131<\/title>\n<meta name=\"description\" content=\"Yeni Geli\u015fme COVID-19 salg\u0131n\u0131 nedeniyle al\u0131nan \u00f6nlemler kapsam\u0131nda fesih yasa\u011f\u0131, \u00fccretsiz izin ve k\u0131sa \u00e7al\u0131\u015fma s\u00fcreleri 27 Ekim 2020 tarihli ve 31287\" \/>\n<meta name=\"robots\" content=\"index, follow, max-snippet:-1, max-image-preview:large, max-video-preview:-1\" \/>\n<link rel=\"canonical\" href=\"https:\/\/www.esin.av.tr\/tr\/2020\/10\/28\/covid-19-fesih-yasagi-ucretsiz-izin-ve-kisa-calisma-sureleri-yeniden-uzatildi\/\" \/>\n<meta property=\"og:locale\" content=\"tr_TR\" \/>\n<meta property=\"og:type\" content=\"article\" \/>\n<meta property=\"og:title\" content=\"COVID-19: Fesih Yasa\u011f\u0131, \u00dccretsiz \u0130zin ve K\u0131sa \u00c7al\u0131\u015fma S\u00fcreleri Yeniden Uzat\u0131ld\u0131\" \/>\n<meta property=\"og:description\" content=\"Yeni Geli\u015fme COVID-19 salg\u0131n\u0131 nedeniyle al\u0131nan \u00f6nlemler kapsam\u0131nda fesih yasa\u011f\u0131, \u00fccretsiz izin ve k\u0131sa \u00e7al\u0131\u015fma s\u00fcreleri 27 Ekim 2020 tarihli ve 31287\" \/>\n<meta property=\"og:url\" content=\"https:\/\/www.esin.av.tr\/tr\/2020\/10\/28\/covid-19-fesih-yasagi-ucretsiz-izin-ve-kisa-calisma-sureleri-yeniden-uzatildi\/\" \/>\n<meta property=\"og:site_name\" content=\"Esin Avukatl\u0131k Ortakl\u0131\u011f\u0131\" \/>\n<meta property=\"article:published_time\" content=\"2020-10-28T07:04:56+00:00\" \/>\n<meta property=\"article:modified_time\" content=\"2022-06-09T13:09:53+00:00\" \/>\n<meta name=\"author\" content=\"R\u0131dvan Konrat\" \/>\n<meta name=\"twitter:card\" content=\"summary_large_image\" \/>\n<meta name=\"twitter:label1\" content=\"Written by\" \/>\n\t<meta name=\"twitter:data1\" content=\"R\u0131dvan Konrat\" \/>\n\t<meta name=\"twitter:label2\" content=\"Est. reading time\" \/>\n\t<meta name=\"twitter:data2\" content=\"1 minute\" \/>\n<script type=\"application\/ld+json\" class=\"yoast-schema-graph\">{\"@context\":\"https:\/\/schema.org\",\"@graph\":[{\"@type\":\"Article\",\"@id\":\"https:\/\/www.esin.av.tr\/tr\/2020\/10\/28\/covid-19-fesih-yasagi-ucretsiz-izin-ve-kisa-calisma-sureleri-yeniden-uzatildi\/#article\",\"isPartOf\":{\"@id\":\"https:\/\/www.esin.av.tr\/tr\/2020\/10\/28\/covid-19-fesih-yasagi-ucretsiz-izin-ve-kisa-calisma-sureleri-yeniden-uzatildi\/\"},\"author\":{\"name\":\"R\u0131dvan Konrat\",\"@id\":\"https:\/\/www.esin.av.tr\/tr\/#\/schema\/person\/42c8e616aab56b8622fa365ad63282ae\"},\"headline\":\"COVID-19: Fesih Yasa\u011f\u0131, \u00dccretsiz \u0130zin ve K\u0131sa \u00c7al\u0131\u015fma S\u00fcreleri Yeniden Uzat\u0131ld\u0131\",\"datePublished\":\"2020-10-28T07:04:56+00:00\",\"dateModified\":\"2022-06-09T13:09:53+00:00\",\"mainEntityOfPage\":{\"@id\":\"https:\/\/www.esin.av.tr\/tr\/2020\/10\/28\/covid-19-fesih-yasagi-ucretsiz-izin-ve-kisa-calisma-sureleri-yeniden-uzatildi\/\"},\"wordCount\":245,\"publisher\":{\"@id\":\"https:\/\/www.esin.av.tr\/tr\/#organization\"},\"keywords\":[\"\u0130\u015f Hukuku\"],\"articleSection\":[\"Hukuk B\u00fcltenleri\",\"Covid-19\"],\"inLanguage\":\"tr\"},{\"@type\":\"WebPage\",\"@id\":\"https:\/\/www.esin.av.tr\/tr\/2020\/10\/28\/covid-19-fesih-yasagi-ucretsiz-izin-ve-kisa-calisma-sureleri-yeniden-uzatildi\/\",\"url\":\"https:\/\/www.esin.av.tr\/tr\/2020\/10\/28\/covid-19-fesih-yasagi-ucretsiz-izin-ve-kisa-calisma-sureleri-yeniden-uzatildi\/\",\"name\":\"COVID-19: Fesih Yasa\u011f\u0131, \u00dccretsiz \u0130zin ve K\u0131sa \u00c7al\u0131\u015fma S\u00fcreleri Yeniden Uzat\u0131ld\u0131\",\"isPartOf\":{\"@id\":\"https:\/\/www.esin.av.tr\/tr\/#website\"},\"datePublished\":\"2020-10-28T07:04:56+00:00\",\"dateModified\":\"2022-06-09T13:09:53+00:00\",\"description\":\"Yeni Geli\u015fme COVID-19 salg\u0131n\u0131 nedeniyle al\u0131nan \u00f6nlemler kapsam\u0131nda fesih yasa\u011f\u0131, \u00fccretsiz izin ve k\u0131sa \u00e7al\u0131\u015fma s\u00fcreleri 27 Ekim 2020 tarihli ve 31287\",\"breadcrumb\":{\"@id\":\"https:\/\/www.esin.av.tr\/tr\/2020\/10\/28\/covid-19-fesih-yasagi-ucretsiz-izin-ve-kisa-calisma-sureleri-yeniden-uzatildi\/#breadcrumb\"},\"inLanguage\":\"tr\",\"potentialAction\":[{\"@type\":\"ReadAction\",\"target\":[\"https:\/\/www.esin.av.tr\/tr\/2020\/10\/28\/covid-19-fesih-yasagi-ucretsiz-izin-ve-kisa-calisma-sureleri-yeniden-uzatildi\/\"]}]},{\"@type\":\"BreadcrumbList\",\"@id\":\"https:\/\/www.esin.av.tr\/tr\/2020\/10\/28\/covid-19-fesih-yasagi-ucretsiz-izin-ve-kisa-calisma-sureleri-yeniden-uzatildi\/#breadcrumb\",\"itemListElement\":[{\"@type\":\"ListItem\",\"position\":1,\"name\":\"Home\",\"item\":\"https:\/\/www.esin.av.tr\/tr\/\"},{\"@type\":\"ListItem\",\"position\":2,\"name\":\"COVID-19: Fesih Yasa\u011f\u0131, \u00dccretsiz \u0130zin ve K\u0131sa \u00c7al\u0131\u015fma S\u00fcreleri Yeniden Uzat\u0131ld\u0131\"}]},{\"@type\":\"WebSite\",\"@id\":\"https:\/\/www.esin.av.tr\/tr\/#website\",\"url\":\"https:\/\/www.esin.av.tr\/tr\/\",\"name\":\"Esin Avukatl\u0131k Ortakl\u0131\u011f\u0131\",\"description\":\"\",\"publisher\":{\"@id\":\"https:\/\/www.esin.av.tr\/tr\/#organization\"},\"potentialAction\":[{\"@type\":\"SearchAction\",\"target\":{\"@type\":\"EntryPoint\",\"urlTemplate\":\"https:\/\/www.esin.av.tr\/tr\/?s={search_term_string}\"},\"query-input\":{\"@type\":\"PropertyValueSpecification\",\"valueRequired\":true,\"valueName\":\"search_term_string\"}}],\"inLanguage\":\"tr\"},{\"@type\":\"Organization\",\"@id\":\"https:\/\/www.esin.av.tr\/tr\/#organization\",\"name\":\"Esin Avukatl\u0131k Ortakl\u0131\u011f\u0131\",\"url\":\"https:\/\/www.esin.av.tr\/tr\/\",\"logo\":{\"@type\":\"ImageObject\",\"inLanguage\":\"tr\",\"@id\":\"https:\/\/www.esin.av.tr\/tr\/#\/schema\/logo\/image\/\",\"url\":\"https:\/\/www.esin.av.tr\/wp-content\/uploads\/2021\/09\/esin-2.jpg\",\"contentUrl\":\"https:\/\/www.esin.av.tr\/wp-content\/uploads\/2021\/09\/esin-2.jpg\",\"width\":800,\"height\":460,\"caption\":\"Esin Avukatl\u0131k Ortakl\u0131\u011f\u0131\"},\"image\":{\"@id\":\"https:\/\/www.esin.av.tr\/tr\/#\/schema\/logo\/image\/\"}},{\"@type\":\"Person\",\"@id\":\"https:\/\/www.esin.av.tr\/tr\/#\/schema\/person\/42c8e616aab56b8622fa365ad63282ae\",\"name\":\"R\u0131dvan Konrat\",\"image\":{\"@type\":\"ImageObject\",\"inLanguage\":\"tr\",\"@id\":\"https:\/\/www.esin.av.tr\/tr\/#\/schema\/person\/image\/\",\"url\":\"https:\/\/secure.gravatar.com\/avatar\/b20c6c583be38ed4e76e32f69fccc676?s=96&d=mm&r=g\",\"contentUrl\":\"https:\/\/secure.gravatar.com\/avatar\/b20c6c583be38ed4e76e32f69fccc676?s=96&d=mm&r=g\",\"caption\":\"R\u0131dvan Konrat\"},\"sameAs\":[\"http:\/\/www.esin.av.tr\"],\"url\":\"https:\/\/www.esin.av.tr\/tr\/author\/rkonrat\/\"}]}<\/script>\n<!-- \/ Yoast SEO plugin. -->","yoast_head_json":{"title":"COVID-19: Fesih Yasa\u011f\u0131, \u00dccretsiz \u0130zin ve K\u0131sa \u00c7al\u0131\u015fma S\u00fcreleri Yeniden Uzat\u0131ld\u0131","description":"Yeni Geli\u015fme COVID-19 salg\u0131n\u0131 nedeniyle al\u0131nan \u00f6nlemler kapsam\u0131nda fesih yasa\u011f\u0131, \u00fccretsiz izin ve k\u0131sa \u00e7al\u0131\u015fma s\u00fcreleri 27 Ekim 2020 tarihli ve 31287","robots":{"index":"index","follow":"follow","max-snippet":"max-snippet:-1","max-image-preview":"max-image-preview:large","max-video-preview":"max-video-preview:-1"},"canonical":"https:\/\/www.esin.av.tr\/tr\/2020\/10\/28\/covid-19-fesih-yasagi-ucretsiz-izin-ve-kisa-calisma-sureleri-yeniden-uzatildi\/","og_locale":"tr_TR","og_type":"article","og_title":"COVID-19: Fesih Yasa\u011f\u0131, \u00dccretsiz \u0130zin ve K\u0131sa \u00c7al\u0131\u015fma S\u00fcreleri Yeniden Uzat\u0131ld\u0131","og_description":"Yeni Geli\u015fme COVID-19 salg\u0131n\u0131 nedeniyle al\u0131nan \u00f6nlemler kapsam\u0131nda fesih yasa\u011f\u0131, \u00fccretsiz izin ve k\u0131sa \u00e7al\u0131\u015fma s\u00fcreleri 27 Ekim 2020 tarihli ve 31287","og_url":"https:\/\/www.esin.av.tr\/tr\/2020\/10\/28\/covid-19-fesih-yasagi-ucretsiz-izin-ve-kisa-calisma-sureleri-yeniden-uzatildi\/","og_site_name":"Esin Avukatl\u0131k Ortakl\u0131\u011f\u0131","article_published_time":"2020-10-28T07:04:56+00:00","article_modified_time":"2022-06-09T13:09:53+00:00","author":"R\u0131dvan Konrat","twitter_card":"summary_large_image","twitter_misc":{"Written by":"R\u0131dvan Konrat","Est. reading time":"1 minute"},"schema":{"@context":"https:\/\/schema.org","@graph":[{"@type":"Article","@id":"https:\/\/www.esin.av.tr\/tr\/2020\/10\/28\/covid-19-fesih-yasagi-ucretsiz-izin-ve-kisa-calisma-sureleri-yeniden-uzatildi\/#article","isPartOf":{"@id":"https:\/\/www.esin.av.tr\/tr\/2020\/10\/28\/covid-19-fesih-yasagi-ucretsiz-izin-ve-kisa-calisma-sureleri-yeniden-uzatildi\/"},"author":{"name":"R\u0131dvan Konrat","@id":"https:\/\/www.esin.av.tr\/tr\/#\/schema\/person\/42c8e616aab56b8622fa365ad63282ae"},"headline":"COVID-19: Fesih Yasa\u011f\u0131, \u00dccretsiz \u0130zin ve K\u0131sa \u00c7al\u0131\u015fma S\u00fcreleri Yeniden Uzat\u0131ld\u0131","datePublished":"2020-10-28T07:04:56+00:00","dateModified":"2022-06-09T13:09:53+00:00","mainEntityOfPage":{"@id":"https:\/\/www.esin.av.tr\/tr\/2020\/10\/28\/covid-19-fesih-yasagi-ucretsiz-izin-ve-kisa-calisma-sureleri-yeniden-uzatildi\/"},"wordCount":245,"publisher":{"@id":"https:\/\/www.esin.av.tr\/tr\/#organization"},"keywords":["\u0130\u015f Hukuku"],"articleSection":["Hukuk B\u00fcltenleri","Covid-19"],"inLanguage":"tr"},{"@type":"WebPage","@id":"https:\/\/www.esin.av.tr\/tr\/2020\/10\/28\/covid-19-fesih-yasagi-ucretsiz-izin-ve-kisa-calisma-sureleri-yeniden-uzatildi\/","url":"https:\/\/www.esin.av.tr\/tr\/2020\/10\/28\/covid-19-fesih-yasagi-ucretsiz-izin-ve-kisa-calisma-sureleri-yeniden-uzatildi\/","name":"COVID-19: Fesih Yasa\u011f\u0131, \u00dccretsiz \u0130zin ve K\u0131sa \u00c7al\u0131\u015fma S\u00fcreleri Yeniden Uzat\u0131ld\u0131","isPartOf":{"@id":"https:\/\/www.esin.av.tr\/tr\/#website"},"datePublished":"2020-10-28T07:04:56+00:00","dateModified":"2022-06-09T13:09:53+00:00","description":"Yeni Geli\u015fme COVID-19 salg\u0131n\u0131 nedeniyle al\u0131nan \u00f6nlemler kapsam\u0131nda fesih yasa\u011f\u0131, \u00fccretsiz izin ve k\u0131sa \u00e7al\u0131\u015fma s\u00fcreleri 27 Ekim 2020 tarihli ve 31287","breadcrumb":{"@id":"https:\/\/www.esin.av.tr\/tr\/2020\/10\/28\/covid-19-fesih-yasagi-ucretsiz-izin-ve-kisa-calisma-sureleri-yeniden-uzatildi\/#breadcrumb"},"inLanguage":"tr","potentialAction":[{"@type":"ReadAction","target":["https:\/\/www.esin.av.tr\/tr\/2020\/10\/28\/covid-19-fesih-yasagi-ucretsiz-izin-ve-kisa-calisma-sureleri-yeniden-uzatildi\/"]}]},{"@type":"BreadcrumbList","@id":"https:\/\/www.esin.av.tr\/tr\/2020\/10\/28\/covid-19-fesih-yasagi-ucretsiz-izin-ve-kisa-calisma-sureleri-yeniden-uzatildi\/#breadcrumb","itemListElement":[{"@type":"ListItem","position":1,"name":"Home","item":"https:\/\/www.esin.av.tr\/tr\/"},{"@type":"ListItem","position":2,"name":"COVID-19: Fesih Yasa\u011f\u0131, \u00dccretsiz \u0130zin ve K\u0131sa \u00c7al\u0131\u015fma S\u00fcreleri Yeniden Uzat\u0131ld\u0131"}]},{"@type":"WebSite","@id":"https:\/\/www.esin.av.tr\/tr\/#website","url":"https:\/\/www.esin.av.tr\/tr\/","name":"Esin Avukatl\u0131k Ortakl\u0131\u011f\u0131","description":"","publisher":{"@id":"https:\/\/www.esin.av.tr\/tr\/#organization"},"potentialAction":[{"@type":"SearchAction","target":{"@type":"EntryPoint","urlTemplate":"https:\/\/www.esin.av.tr\/tr\/?s={search_term_string}"},"query-input":{"@type":"PropertyValueSpecification","valueRequired":true,"valueName":"search_term_string"}}],"inLanguage":"tr"},{"@type":"Organization","@id":"https:\/\/www.esin.av.tr\/tr\/#organization","name":"Esin Avukatl\u0131k Ortakl\u0131\u011f\u0131","url":"https:\/\/www.esin.av.tr\/tr\/","logo":{"@type":"ImageObject","inLanguage":"tr","@id":"https:\/\/www.esin.av.tr\/tr\/#\/schema\/logo\/image\/","url":"https:\/\/www.esin.av.tr\/wp-content\/uploads\/2021\/09\/esin-2.jpg","contentUrl":"https:\/\/www.esin.av.tr\/wp-content\/uploads\/2021\/09\/esin-2.jpg","width":800,"height":460,"caption":"Esin Avukatl\u0131k Ortakl\u0131\u011f\u0131"},"image":{"@id":"https:\/\/www.esin.av.tr\/tr\/#\/schema\/logo\/image\/"}},{"@type":"Person","@id":"https:\/\/www.esin.av.tr\/tr\/#\/schema\/person\/42c8e616aab56b8622fa365ad63282ae","name":"R\u0131dvan Konrat","image":{"@type":"ImageObject","inLanguage":"tr","@id":"https:\/\/www.esin.av.tr\/tr\/#\/schema\/person\/image\/","url":"https:\/\/secure.gravatar.com\/avatar\/b20c6c583be38ed4e76e32f69fccc676?s=96&d=mm&r=g","contentUrl":"https:\/\/secure.gravatar.com\/avatar\/b20c6c583be38ed4e76e32f69fccc676?s=96&d=mm&r=g","caption":"R\u0131dvan Konrat"},"sameAs":["http:\/\/www.esin.av.tr"],"url":"https:\/\/www.esin.av.tr\/tr\/author\/rkonrat\/"}]}},"_links":{"self":[{"href":"https:\/\/www.esin.av.tr\/tr\/wp-json\/wp\/v2\/posts\/17673","targetHints":{"allow":["GET"]}}],"collection":[{"href":"https:\/\/www.esin.av.tr\/tr\/wp-json\/wp\/v2\/posts"}],"about":[{"href":"https:\/\/www.esin.av.tr\/tr\/wp-json\/wp\/v2\/types\/post"}],"author":[{"embeddable":true,"href":"https:\/\/www.esin.av.tr\/tr\/wp-json\/wp\/v2\/users\/4"}],"replies":[{"embeddable":true,"href":"https:\/\/www.esin.av.tr\/tr\/wp-json\/wp\/v2\/comments?post=17673"}],"version-history":[{"count":1,"href":"https:\/\/www.esin.av.tr\/tr\/wp-json\/wp\/v2\/posts\/17673\/revisions"}],"predecessor-version":[{"id":17674,"href":"https:\/\/www.esin.av.tr\/tr\/wp-json\/wp\/v2\/posts\/17673\/revisions\/17674"}],"wp:attachment":[{"href":"https:\/\/www.esin.av.tr\/tr\/wp-json\/wp\/v2\/media?parent=17673"}],"wp:term":[{"taxonomy":"category","embeddable":true,"href":"https:\/\/www.esin.av.tr\/tr\/wp-json\/wp\/v2\/categories?post=17673"},{"taxonomy":"post_tag","embeddable":true,"href":"https:\/\/www.esin.av.tr\/tr\/wp-json\/wp\/v2\/tags?post=17673"}],"curies":[{"name":"wp","href":"https:\/\/api.w.org\/{rel}","templated":true}]}}