{"id":17609,"date":"2020-10-16T14:53:25","date_gmt":"2020-10-16T14:53:25","guid":{"rendered":"https:\/\/www.esin.av.tr\/?p=17609"},"modified":"2022-06-09T13:10:09","modified_gmt":"2022-06-09T13:10:09","slug":"sanayilesme-icra-komitesi-kuruluyor","status":"publish","type":"post","link":"https:\/\/www.esin.av.tr\/tr\/2020\/10\/16\/sanayilesme-icra-komitesi-kuruluyor\/","title":{"rendered":"Sanayile\u015fme \u0130cra Komitesi Kuruluyor"},"content":{"rendered":"<p><strong>Yeni Geli\u015fme<\/strong><\/p>\n<p>14 Ekim 2020 tarihli ve 31274 say\u0131l\u0131 Resmi Gazete\u2019de yay\u0131nlanan ve ayn\u0131 tarihte y\u00fcr\u00fcrl\u00fc\u011fe giren 68 numaral\u0131 Cumhurba\u015fkanl\u0131\u011f\u0131 Kararnamesi (&#8220;<strong>Kararname<\/strong>&#8220;) ile, sekreteryal\u0131\u011f\u0131n\u0131 Sanayi ve Teknoloji Bakanl\u0131\u011f\u0131\u2019n\u0131n (\u201c<strong>Bakanl\u0131k<\/strong>\u201d) y\u00fcr\u00fctece\u011fi Sanayile\u015fme \u0130cra Komitesi\u2019nin (\u201c<strong>Komite<\/strong>\u201d) kurulmas\u0131na karar verilmi\u015ftir.<\/p>\n<p><strong>Kararname Ne Getiriyor?<\/strong><\/p>\n<p>Kararnamede, yerli \u00fcretimin ve teknolojik kabiliyetlerin (kamu al\u0131mlar\u0131 d\u00e2hil) farkl\u0131 yollarla geli\u015ftirilmesini sa\u011flamak, \u00fcreticilerin yat\u0131r\u0131m, \u00fcretim ve finansman s\u00fcre\u00e7lerini kolayla\u015ft\u0131rmak ve rekabet edebilirliklerini art\u0131rmaya y\u00f6nelik kararlar almas\u0131 i\u00e7in, k\u0131sa ad\u0131 SA\u0130K olan, Sanayile\u015fme \u0130cra Komitesinin kurulmas\u0131 ile g\u00f6rev ve yetkileri d\u00fczenlenmi\u015ftir.<\/p>\n<p>SA\u0130K, Cumhurba\u015fkan\u0131n\u0131n ba\u015fkanl\u0131\u011f\u0131nda Cumhurba\u015fkan\u0131 Yard\u0131mc\u0131s\u0131, Sanayi ve Teknoloji Bakan\u0131, Hazine ve Maliye Bakan\u0131, Ticaret Bakan\u0131 ile Strateji ve B\u00fct\u00e7e Ba\u015fkan\u0131\u2019ndan olu\u015facakt\u0131r. Komiteyi toplant\u0131ya \u00e7a\u011f\u0131rma ve toplant\u0131 g\u00fcndemini belirleme yetkisi Cumhurba\u015fkan\u0131ndad\u0131r ve Cumhurba\u015fkan\u0131 gerekli g\u00f6rmesi halinde, g\u00fcndem ile ilgili kurum ve kurulu\u015fun temsilcilerini de Komite toplant\u0131lar\u0131na davet edebilecektir. Komite sekreteryal\u0131\u011f\u0131n\u0131 Bakanl\u0131k y\u00fcr\u00fctecektir.<\/p>\n<p>Komite\u2019nin g\u00f6rev ve yetkilerinden baz\u0131lar\u0131 \u015funlard\u0131r:<\/p>\n<ol>\n<li>Milli ve yerli sanayile\u015fme hedefine y\u00f6nelik olarak sanayicinin ve teknoloji \u00fcreticisi kurum ve kurulu\u015flar\u0131n yat\u0131r\u0131m, \u00fcretim ve finansman s\u00fcre\u00e7lerinin kolayla\u015ft\u0131r\u0131lmas\u0131 amac\u0131yla gerekli tedbirleri almak.<\/li>\n<li>\u0130hale \u015fartname ve s\u00f6zle\u015fmelerinin yerlili\u011fi engellemeyecek ve sekt\u00f6rlerin ihtiya\u00e7 duydu\u011fu teknolojik bile\u015fenlerin yerlile\u015fmesini sa\u011flayacak \u015fekilde haz\u0131rlanmas\u0131n\u0131 sa\u011flayacak tedbirleri almak.<\/li>\n<li>Yurti\u00e7i \u00fcretimin k\u0131s\u0131tl\u0131 oldu\u011fu stratejik alanlarda yat\u0131r\u0131m yap\u0131lmas\u0131n\u0131 sa\u011flayacak kararlar almak.<\/li>\n<li>\u00dclke i\u00e7in kritik \u00f6neme sahip \u015firketlerin ortakl\u0131k yap\u0131lar\u0131nda, yurti\u00e7i \u00fcretimin s\u00fcreklili\u011fini ve ulusal g\u00fcvenli\u011fi riske atabilecek de\u011fi\u015fikliklere ili\u015fkin yap\u0131lacak i\u015flemler konusunda karar almak.<\/li>\n<li>Finansman, g\u00fcmr\u00fck, \u00e7evre, altyap\u0131, lojistik ve enerji gibi alanlarda kurumlar aras\u0131 koordinasyonu sa\u011flayarak reel sekt\u00f6r\u00fcn k\u00fcresel rekabet g\u00fcc\u00fcn\u00fc art\u0131racak kararlar almak.<\/li>\n<li>\u0130malat sanayi firmalar\u0131n\u0131n sermaye yap\u0131lar\u0131n\u0131n g\u00fc\u00e7lendirilmesi, gerekti\u011finde \u015firket birle\u015fmelerinin \u00f6zendirilmesi, verimlili\u011fi art\u0131racak politikalar\u0131n tasarlanmas\u0131 ve \u00fcr\u00fcn \u00e7e\u015fitlili\u011finin art\u0131r\u0131lmas\u0131 i\u00e7in kamu uygulamalar\u0131n\u0131 y\u00f6nlendirici kararlar almak.<\/li>\n<\/ol>\n<p>Komite taraf\u0131ndan belirlenecek kamu kurum ve kurulu\u015flar\u0131, komitenin sekreteryas\u0131 ile e\u015fg\u00fcd\u00fcm i\u00e7inde \u00e7al\u0131\u015fmak \u00fczere bir Sanayile\u015fme Koordinasyon Birimi olu\u015fturacakt\u0131r. Bu birim, Komite sekretaryas\u0131 ile \u00e7al\u0131\u015farak \u00f6zellikle ihale \u015fartnamelerinde ve s\u00f6zle\u015fmelerinde yerli \u00fcr\u00fcn al\u0131m\u0131n\u0131 engelleyici h\u00fck\u00fcmlerin yer almamas\u0131na, yerlili\u011fi \u00f6zendirmeye ve mevzuat uyumunu sa\u011flamaya y\u00f6nelik \u00e7al\u0131\u015fmalar yap\u0131lmas\u0131na katk\u0131da bulunacaklard\u0131r.<\/p>\n<p><strong>Sonu\u00e7<\/strong><\/p>\n<p>Benzeri uygulamalar hali haz\u0131rda Avrupa Birli\u011fi hukukunda \u201cGolden Powers\u201d h\u00fck\u00fcmleri olarak yer almakta olup Komite&#8217;nin hen\u00fcz karar alma s\u00fcreci ve esaslar\u0131 detayland\u0131r\u0131lmam\u0131\u015ft\u0131r. Dolay\u0131s\u0131yla, Komite\u2019nin kendi yetkilerini nas\u0131l yorumlay\u0131p uygulayaca\u011f\u0131, \u00f6rne\u011fin, \u201c\u00fclke i\u00e7in kritik \u00f6neme sahip \u015firketler\u201d ile \u201cyurti\u00e7i \u00fcretimin s\u00fcreklili\u011fini ve ulusal g\u00fcvenli\u011fi riske atabilecek de\u011fi\u015fiklikleri\u201d nas\u0131l belirleyece\u011fi ve bunun \u015firket devralmalar\u0131 i\u00e7in \u201c\u00f6n izin\u201d niteli\u011finde olup olmayaca\u011f\u0131, \u00f6n\u00fcm\u00fczdeki d\u00f6nemlerde verilen Komite kararlar\u0131ndan veya ba\u015fkaca d\u00fczenlemelerden anla\u015f\u0131lacakt\u0131r.<\/p>\n","protected":false},"excerpt":{"rendered":"<p>Yeni Geli\u015fme 14 Ekim 2020 tarihli ve 31274 say\u0131l\u0131 Resmi Gazete\u2019de yay\u0131nlanan ve ayn\u0131 tarihte y\u00fcr\u00fcrl\u00fc\u011fe giren 68 numaral\u0131 Cumhurba\u015fkanl\u0131\u011f\u0131 [&hellip;]<\/p>\n","protected":false},"author":4,"featured_media":0,"comment_status":"closed","ping_status":"closed","sticky":false,"template":"","format":"standard","meta":{"_acf_changed":false,"_stopmodifiedupdate":false,"_modified_date":"","footnotes":""},"categories":[120],"tags":[98],"class_list":["post-17609","post","type-post","status-publish","format-standard","hentry","category-legal-alerts","tag-mergers-acquisitions-tr"],"acf":[],"yoast_head":"<!-- This site is optimized with the Yoast SEO plugin v24.0 - https:\/\/yoast.com\/wordpress\/plugins\/seo\/ -->\n<title>Sanayile\u015fme \u0130cra Komitesi Kuruluyor<\/title>\n<meta name=\"description\" content=\"Yeni Geli\u015fme 14 Ekim 2020 tarihli ve 31274 say\u0131l\u0131 Resmi Gazete\u2019de yay\u0131nlanan ve ayn\u0131 tarihte y\u00fcr\u00fcrl\u00fc\u011fe giren 68 numaral\u0131 Cumhurba\u015fkanl\u0131\u011f\u0131 Kararnamesi\" \/>\n<meta name=\"robots\" content=\"index, follow, max-snippet:-1, max-image-preview:large, max-video-preview:-1\" \/>\n<link rel=\"canonical\" href=\"https:\/\/www.esin.av.tr\/tr\/2020\/10\/16\/sanayilesme-icra-komitesi-kuruluyor\/\" \/>\n<meta property=\"og:locale\" content=\"tr_TR\" \/>\n<meta property=\"og:type\" content=\"article\" \/>\n<meta property=\"og:title\" content=\"Sanayile\u015fme \u0130cra Komitesi Kuruluyor\" \/>\n<meta property=\"og:description\" content=\"Yeni Geli\u015fme 14 Ekim 2020 tarihli ve 31274 say\u0131l\u0131 Resmi Gazete\u2019de yay\u0131nlanan ve ayn\u0131 tarihte y\u00fcr\u00fcrl\u00fc\u011fe giren 68 numaral\u0131 Cumhurba\u015fkanl\u0131\u011f\u0131 Kararnamesi\" \/>\n<meta property=\"og:url\" content=\"https:\/\/www.esin.av.tr\/tr\/2020\/10\/16\/sanayilesme-icra-komitesi-kuruluyor\/\" \/>\n<meta property=\"og:site_name\" content=\"Esin Avukatl\u0131k Ortakl\u0131\u011f\u0131\" \/>\n<meta property=\"article:published_time\" content=\"2020-10-16T14:53:25+00:00\" \/>\n<meta property=\"article:modified_time\" content=\"2022-06-09T13:10:09+00:00\" \/>\n<meta name=\"author\" content=\"R\u0131dvan Konrat\" \/>\n<meta name=\"twitter:card\" content=\"summary_large_image\" \/>\n<meta name=\"twitter:label1\" content=\"Written by\" \/>\n\t<meta name=\"twitter:data1\" content=\"R\u0131dvan Konrat\" \/>\n\t<meta name=\"twitter:label2\" content=\"Est. reading time\" \/>\n\t<meta name=\"twitter:data2\" content=\"3 minutes\" \/>\n<script type=\"application\/ld+json\" class=\"yoast-schema-graph\">{\"@context\":\"https:\/\/schema.org\",\"@graph\":[{\"@type\":\"Article\",\"@id\":\"https:\/\/www.esin.av.tr\/tr\/2020\/10\/16\/sanayilesme-icra-komitesi-kuruluyor\/#article\",\"isPartOf\":{\"@id\":\"https:\/\/www.esin.av.tr\/tr\/2020\/10\/16\/sanayilesme-icra-komitesi-kuruluyor\/\"},\"author\":{\"name\":\"R\u0131dvan Konrat\",\"@id\":\"https:\/\/www.esin.av.tr\/tr\/#\/schema\/person\/42c8e616aab56b8622fa365ad63282ae\"},\"headline\":\"Sanayile\u015fme \u0130cra Komitesi Kuruluyor\",\"datePublished\":\"2020-10-16T14:53:25+00:00\",\"dateModified\":\"2022-06-09T13:10:09+00:00\",\"mainEntityOfPage\":{\"@id\":\"https:\/\/www.esin.av.tr\/tr\/2020\/10\/16\/sanayilesme-icra-komitesi-kuruluyor\/\"},\"wordCount\":588,\"publisher\":{\"@id\":\"https:\/\/www.esin.av.tr\/tr\/#organization\"},\"keywords\":[\"Birle\u015fme ve Devralmalar\"],\"articleSection\":[\"Hukuk B\u00fcltenleri\"],\"inLanguage\":\"tr\"},{\"@type\":\"WebPage\",\"@id\":\"https:\/\/www.esin.av.tr\/tr\/2020\/10\/16\/sanayilesme-icra-komitesi-kuruluyor\/\",\"url\":\"https:\/\/www.esin.av.tr\/tr\/2020\/10\/16\/sanayilesme-icra-komitesi-kuruluyor\/\",\"name\":\"Sanayile\u015fme \u0130cra Komitesi Kuruluyor\",\"isPartOf\":{\"@id\":\"https:\/\/www.esin.av.tr\/tr\/#website\"},\"datePublished\":\"2020-10-16T14:53:25+00:00\",\"dateModified\":\"2022-06-09T13:10:09+00:00\",\"description\":\"Yeni Geli\u015fme 14 Ekim 2020 tarihli ve 31274 say\u0131l\u0131 Resmi Gazete\u2019de yay\u0131nlanan ve ayn\u0131 tarihte y\u00fcr\u00fcrl\u00fc\u011fe giren 68 numaral\u0131 Cumhurba\u015fkanl\u0131\u011f\u0131 Kararnamesi\",\"breadcrumb\":{\"@id\":\"https:\/\/www.esin.av.tr\/tr\/2020\/10\/16\/sanayilesme-icra-komitesi-kuruluyor\/#breadcrumb\"},\"inLanguage\":\"tr\",\"potentialAction\":[{\"@type\":\"ReadAction\",\"target\":[\"https:\/\/www.esin.av.tr\/tr\/2020\/10\/16\/sanayilesme-icra-komitesi-kuruluyor\/\"]}]},{\"@type\":\"BreadcrumbList\",\"@id\":\"https:\/\/www.esin.av.tr\/tr\/2020\/10\/16\/sanayilesme-icra-komitesi-kuruluyor\/#breadcrumb\",\"itemListElement\":[{\"@type\":\"ListItem\",\"position\":1,\"name\":\"Home\",\"item\":\"https:\/\/www.esin.av.tr\/tr\/\"},{\"@type\":\"ListItem\",\"position\":2,\"name\":\"Sanayile\u015fme \u0130cra Komitesi Kuruluyor\"}]},{\"@type\":\"WebSite\",\"@id\":\"https:\/\/www.esin.av.tr\/tr\/#website\",\"url\":\"https:\/\/www.esin.av.tr\/tr\/\",\"name\":\"Esin Avukatl\u0131k Ortakl\u0131\u011f\u0131\",\"description\":\"\",\"publisher\":{\"@id\":\"https:\/\/www.esin.av.tr\/tr\/#organization\"},\"potentialAction\":[{\"@type\":\"SearchAction\",\"target\":{\"@type\":\"EntryPoint\",\"urlTemplate\":\"https:\/\/www.esin.av.tr\/tr\/?s={search_term_string}\"},\"query-input\":{\"@type\":\"PropertyValueSpecification\",\"valueRequired\":true,\"valueName\":\"search_term_string\"}}],\"inLanguage\":\"tr\"},{\"@type\":\"Organization\",\"@id\":\"https:\/\/www.esin.av.tr\/tr\/#organization\",\"name\":\"Esin Avukatl\u0131k Ortakl\u0131\u011f\u0131\",\"url\":\"https:\/\/www.esin.av.tr\/tr\/\",\"logo\":{\"@type\":\"ImageObject\",\"inLanguage\":\"tr\",\"@id\":\"https:\/\/www.esin.av.tr\/tr\/#\/schema\/logo\/image\/\",\"url\":\"https:\/\/www.esin.av.tr\/wp-content\/uploads\/2021\/09\/esin-2.jpg\",\"contentUrl\":\"https:\/\/www.esin.av.tr\/wp-content\/uploads\/2021\/09\/esin-2.jpg\",\"width\":800,\"height\":460,\"caption\":\"Esin Avukatl\u0131k Ortakl\u0131\u011f\u0131\"},\"image\":{\"@id\":\"https:\/\/www.esin.av.tr\/tr\/#\/schema\/logo\/image\/\"}},{\"@type\":\"Person\",\"@id\":\"https:\/\/www.esin.av.tr\/tr\/#\/schema\/person\/42c8e616aab56b8622fa365ad63282ae\",\"name\":\"R\u0131dvan Konrat\",\"image\":{\"@type\":\"ImageObject\",\"inLanguage\":\"tr\",\"@id\":\"https:\/\/www.esin.av.tr\/tr\/#\/schema\/person\/image\/\",\"url\":\"https:\/\/secure.gravatar.com\/avatar\/b20c6c583be38ed4e76e32f69fccc676?s=96&d=mm&r=g\",\"contentUrl\":\"https:\/\/secure.gravatar.com\/avatar\/b20c6c583be38ed4e76e32f69fccc676?s=96&d=mm&r=g\",\"caption\":\"R\u0131dvan Konrat\"},\"sameAs\":[\"http:\/\/www.esin.av.tr\"],\"url\":\"https:\/\/www.esin.av.tr\/tr\/author\/rkonrat\/\"}]}<\/script>\n<!-- \/ Yoast SEO plugin. -->","yoast_head_json":{"title":"Sanayile\u015fme \u0130cra Komitesi Kuruluyor","description":"Yeni Geli\u015fme 14 Ekim 2020 tarihli ve 31274 say\u0131l\u0131 Resmi Gazete\u2019de yay\u0131nlanan ve ayn\u0131 tarihte y\u00fcr\u00fcrl\u00fc\u011fe giren 68 numaral\u0131 Cumhurba\u015fkanl\u0131\u011f\u0131 Kararnamesi","robots":{"index":"index","follow":"follow","max-snippet":"max-snippet:-1","max-image-preview":"max-image-preview:large","max-video-preview":"max-video-preview:-1"},"canonical":"https:\/\/www.esin.av.tr\/tr\/2020\/10\/16\/sanayilesme-icra-komitesi-kuruluyor\/","og_locale":"tr_TR","og_type":"article","og_title":"Sanayile\u015fme \u0130cra Komitesi Kuruluyor","og_description":"Yeni Geli\u015fme 14 Ekim 2020 tarihli ve 31274 say\u0131l\u0131 Resmi Gazete\u2019de yay\u0131nlanan ve ayn\u0131 tarihte y\u00fcr\u00fcrl\u00fc\u011fe giren 68 numaral\u0131 Cumhurba\u015fkanl\u0131\u011f\u0131 Kararnamesi","og_url":"https:\/\/www.esin.av.tr\/tr\/2020\/10\/16\/sanayilesme-icra-komitesi-kuruluyor\/","og_site_name":"Esin Avukatl\u0131k Ortakl\u0131\u011f\u0131","article_published_time":"2020-10-16T14:53:25+00:00","article_modified_time":"2022-06-09T13:10:09+00:00","author":"R\u0131dvan Konrat","twitter_card":"summary_large_image","twitter_misc":{"Written by":"R\u0131dvan Konrat","Est. reading time":"3 minutes"},"schema":{"@context":"https:\/\/schema.org","@graph":[{"@type":"Article","@id":"https:\/\/www.esin.av.tr\/tr\/2020\/10\/16\/sanayilesme-icra-komitesi-kuruluyor\/#article","isPartOf":{"@id":"https:\/\/www.esin.av.tr\/tr\/2020\/10\/16\/sanayilesme-icra-komitesi-kuruluyor\/"},"author":{"name":"R\u0131dvan Konrat","@id":"https:\/\/www.esin.av.tr\/tr\/#\/schema\/person\/42c8e616aab56b8622fa365ad63282ae"},"headline":"Sanayile\u015fme \u0130cra Komitesi Kuruluyor","datePublished":"2020-10-16T14:53:25+00:00","dateModified":"2022-06-09T13:10:09+00:00","mainEntityOfPage":{"@id":"https:\/\/www.esin.av.tr\/tr\/2020\/10\/16\/sanayilesme-icra-komitesi-kuruluyor\/"},"wordCount":588,"publisher":{"@id":"https:\/\/www.esin.av.tr\/tr\/#organization"},"keywords":["Birle\u015fme ve Devralmalar"],"articleSection":["Hukuk B\u00fcltenleri"],"inLanguage":"tr"},{"@type":"WebPage","@id":"https:\/\/www.esin.av.tr\/tr\/2020\/10\/16\/sanayilesme-icra-komitesi-kuruluyor\/","url":"https:\/\/www.esin.av.tr\/tr\/2020\/10\/16\/sanayilesme-icra-komitesi-kuruluyor\/","name":"Sanayile\u015fme \u0130cra Komitesi Kuruluyor","isPartOf":{"@id":"https:\/\/www.esin.av.tr\/tr\/#website"},"datePublished":"2020-10-16T14:53:25+00:00","dateModified":"2022-06-09T13:10:09+00:00","description":"Yeni Geli\u015fme 14 Ekim 2020 tarihli ve 31274 say\u0131l\u0131 Resmi Gazete\u2019de yay\u0131nlanan ve ayn\u0131 tarihte y\u00fcr\u00fcrl\u00fc\u011fe giren 68 numaral\u0131 Cumhurba\u015fkanl\u0131\u011f\u0131 Kararnamesi","breadcrumb":{"@id":"https:\/\/www.esin.av.tr\/tr\/2020\/10\/16\/sanayilesme-icra-komitesi-kuruluyor\/#breadcrumb"},"inLanguage":"tr","potentialAction":[{"@type":"ReadAction","target":["https:\/\/www.esin.av.tr\/tr\/2020\/10\/16\/sanayilesme-icra-komitesi-kuruluyor\/"]}]},{"@type":"BreadcrumbList","@id":"https:\/\/www.esin.av.tr\/tr\/2020\/10\/16\/sanayilesme-icra-komitesi-kuruluyor\/#breadcrumb","itemListElement":[{"@type":"ListItem","position":1,"name":"Home","item":"https:\/\/www.esin.av.tr\/tr\/"},{"@type":"ListItem","position":2,"name":"Sanayile\u015fme \u0130cra Komitesi Kuruluyor"}]},{"@type":"WebSite","@id":"https:\/\/www.esin.av.tr\/tr\/#website","url":"https:\/\/www.esin.av.tr\/tr\/","name":"Esin Avukatl\u0131k Ortakl\u0131\u011f\u0131","description":"","publisher":{"@id":"https:\/\/www.esin.av.tr\/tr\/#organization"},"potentialAction":[{"@type":"SearchAction","target":{"@type":"EntryPoint","urlTemplate":"https:\/\/www.esin.av.tr\/tr\/?s={search_term_string}"},"query-input":{"@type":"PropertyValueSpecification","valueRequired":true,"valueName":"search_term_string"}}],"inLanguage":"tr"},{"@type":"Organization","@id":"https:\/\/www.esin.av.tr\/tr\/#organization","name":"Esin Avukatl\u0131k Ortakl\u0131\u011f\u0131","url":"https:\/\/www.esin.av.tr\/tr\/","logo":{"@type":"ImageObject","inLanguage":"tr","@id":"https:\/\/www.esin.av.tr\/tr\/#\/schema\/logo\/image\/","url":"https:\/\/www.esin.av.tr\/wp-content\/uploads\/2021\/09\/esin-2.jpg","contentUrl":"https:\/\/www.esin.av.tr\/wp-content\/uploads\/2021\/09\/esin-2.jpg","width":800,"height":460,"caption":"Esin Avukatl\u0131k Ortakl\u0131\u011f\u0131"},"image":{"@id":"https:\/\/www.esin.av.tr\/tr\/#\/schema\/logo\/image\/"}},{"@type":"Person","@id":"https:\/\/www.esin.av.tr\/tr\/#\/schema\/person\/42c8e616aab56b8622fa365ad63282ae","name":"R\u0131dvan Konrat","image":{"@type":"ImageObject","inLanguage":"tr","@id":"https:\/\/www.esin.av.tr\/tr\/#\/schema\/person\/image\/","url":"https:\/\/secure.gravatar.com\/avatar\/b20c6c583be38ed4e76e32f69fccc676?s=96&d=mm&r=g","contentUrl":"https:\/\/secure.gravatar.com\/avatar\/b20c6c583be38ed4e76e32f69fccc676?s=96&d=mm&r=g","caption":"R\u0131dvan Konrat"},"sameAs":["http:\/\/www.esin.av.tr"],"url":"https:\/\/www.esin.av.tr\/tr\/author\/rkonrat\/"}]}},"_links":{"self":[{"href":"https:\/\/www.esin.av.tr\/tr\/wp-json\/wp\/v2\/posts\/17609","targetHints":{"allow":["GET"]}}],"collection":[{"href":"https:\/\/www.esin.av.tr\/tr\/wp-json\/wp\/v2\/posts"}],"about":[{"href":"https:\/\/www.esin.av.tr\/tr\/wp-json\/wp\/v2\/types\/post"}],"author":[{"embeddable":true,"href":"https:\/\/www.esin.av.tr\/tr\/wp-json\/wp\/v2\/users\/4"}],"replies":[{"embeddable":true,"href":"https:\/\/www.esin.av.tr\/tr\/wp-json\/wp\/v2\/comments?post=17609"}],"version-history":[{"count":1,"href":"https:\/\/www.esin.av.tr\/tr\/wp-json\/wp\/v2\/posts\/17609\/revisions"}],"predecessor-version":[{"id":17610,"href":"https:\/\/www.esin.av.tr\/tr\/wp-json\/wp\/v2\/posts\/17609\/revisions\/17610"}],"wp:attachment":[{"href":"https:\/\/www.esin.av.tr\/tr\/wp-json\/wp\/v2\/media?parent=17609"}],"wp:term":[{"taxonomy":"category","embeddable":true,"href":"https:\/\/www.esin.av.tr\/tr\/wp-json\/wp\/v2\/categories?post=17609"},{"taxonomy":"post_tag","embeddable":true,"href":"https:\/\/www.esin.av.tr\/tr\/wp-json\/wp\/v2\/tags?post=17609"}],"curies":[{"name":"wp","href":"https:\/\/api.w.org\/{rel}","templated":true}]}}