{"id":17425,"date":"2020-09-21T10:40:02","date_gmt":"2020-09-21T10:40:02","guid":{"rendered":"https:\/\/www.esin.av.tr\/?p=17425"},"modified":"2022-06-09T13:10:42","modified_gmt":"2022-06-09T13:10:42","slug":"borsa-istanbulun-yeni-pazar-yapisi","status":"publish","type":"post","link":"https:\/\/www.esin.av.tr\/tr\/2020\/09\/21\/borsa-istanbulun-yeni-pazar-yapisi\/","title":{"rendered":"Borsa \u0130stanbul&#8217;un Yeni Pazar Yap\u0131s\u0131"},"content":{"rendered":"<p><strong>Yeni Geli\u015fme<\/strong><\/p>\n<p>Borsa \u0130stanbul A.\u015e.\u2019nin (&#8220;<strong>BIST<\/strong>&#8220;) 17 Eyl\u00fcl 2020 tarihli Duyurusu\u2019na (&#8220;<strong>Duyuru<\/strong>&#8220;) g\u00f6re, Borsa \u0130stanbul Pay Piyasas\u0131&#8217;nda i\u015flem g\u00f6ren paylarda likiditenin artt\u0131r\u0131lmas\u0131 amac\u0131yla pazar yap\u0131s\u0131nda de\u011fi\u015fikli\u011fe gidiliyor. Pay Piyasas\u0131 Y\u00f6nergesi&#8217;ne yans\u0131t\u0131lacak olan bu de\u011fi\u015fiklikler, 1 Ekim 2020 tarihinden itibaren ge\u00e7erli olacak.<\/p>\n<p><strong>Duyuru Ne Anlama Geliyor?<\/strong><\/p>\n<ul>\n<li>Yap\u0131lacak de\u011fi\u015fiklikler uyar\u0131nca \u015fu an mevcut olan Y\u0131ld\u0131z Pazar Grup 1 &#8211; Grup 2 ve Ana Pazar Grup 1 &#8211; Grup 2 \u015feklindeki grup ayr\u0131mlar\u0131 ortadan kalkacak.<\/li>\n<li>Y\u0131ld\u0131z Pazar Grup 1 ve Y\u0131ld\u0131z Pazar Grup 2, Y\u0131ld\u0131z Pazar ad\u0131 alt\u0131nda birle\u015fecek.<\/li>\n<li>Ana Pazar Grup 1&#8217;in yerini Ana Pazar alacak.<\/li>\n<li>Ana Pazar Grup 2&#8217;nin yerini ise Alt Pazar alacak.<\/li>\n<li>Ayr\u0131ca Geli\u015fen \u0130\u015fletmeler Pazar\u0131 da Alt Pazar&#8217;a d\u00e2hil edilecek. Bu kapsamda Geli\u015fen \u0130\u015fletmeler Pazar\u0131&#8217;nda i\u015flem g\u00f6rmekte olan \u015firket paylar\u0131 Alt Pazar&#8217;a kote edilerek 1 Ekim 2020 tarihinden itibaren bu yeni pazarda i\u015flem g\u00f6recek.<\/li>\n<\/ul>\n<p>Bu nedenle Geli\u015fen \u0130\u015fletmeler Pazar\u0131&#8217;nda Piyasa Dan\u0131\u015fmanl\u0131\u011f\u0131 G\u00f6revine \u0130li\u015fkin Prosed\u00fcr de y\u00fcr\u00fcrl\u00fckten kalkacak.<\/p>\n<ul>\n<li>BIST&#8217;in Kotasyon Y\u00f6nergesi uyar\u0131nca sa\u011flanmas\u0131 gereken kotasyon \u015fartlar\u0131ndan biri olan halka arz edilen paylar\u0131n asgari piyasa de\u011feri \u015fart\u0131, Y\u0131ld\u0131z Pazar i\u00e7in 150 milyon TL\u2019den 200 milyon TL&#8217;ye y\u00fckselecek. Ana Pazar i\u00e7in aranan 50 milyon TL&#8217;lik \u015fart de\u011fi\u015fmeyecek. Alt Pazar i\u00e7in ise bu \u015fart 20 milyon TL olarak belirlenecek.<\/li>\n<\/ul>\n<p><strong>Sonu\u00e7<\/strong><\/p>\n<p>Yap\u0131lacak de\u011fi\u015fiklikler ile Borsa \u0130stanbul&#8217;daki pazarlar aras\u0131 b\u00f6l\u00fcnme azalacak, b\u00f6ylece paylar\u0131n likiditesi ve piyasadaki bilgi verimlili\u011fi artacak.<\/p>\n","protected":false},"excerpt":{"rendered":"<p>Yeni Geli\u015fme Borsa \u0130stanbul A.\u015e.\u2019nin (&#8220;BIST&#8220;) 17 Eyl\u00fcl 2020 tarihli Duyurusu\u2019na (&#8220;Duyuru&#8220;) g\u00f6re, Borsa \u0130stanbul Pay Piyasas\u0131&#8217;nda i\u015flem g\u00f6ren paylarda [&hellip;]<\/p>\n","protected":false},"author":4,"featured_media":0,"comment_status":"closed","ping_status":"closed","sticky":false,"template":"","format":"standard","meta":{"_acf_changed":false,"_stopmodifiedupdate":false,"_modified_date":"","footnotes":""},"categories":[120],"tags":[97],"class_list":["post-17425","post","type-post","status-publish","format-standard","hentry","category-legal-alerts","tag-capital-markets-tr"],"acf":[],"yoast_head":"<!-- This site is optimized with the Yoast SEO plugin v24.0 - https:\/\/yoast.com\/wordpress\/plugins\/seo\/ -->\n<title>Borsa \u0130stanbul&#039;un Yeni Pazar Yap\u0131s\u0131<\/title>\n<meta name=\"description\" content=\"Yeni Geli\u015fme Borsa \u0130stanbul A.\u015e.\u2019nin (&quot;BIST&quot;) 17 Eyl\u00fcl 2020 tarihli Duyurusu\u2019na (&quot;Duyuru&quot;) g\u00f6re, Borsa \u0130stanbul Pay Piyasas\u0131&#039;nda i\u015flem g\u00f6ren paylarda\" \/>\n<meta name=\"robots\" content=\"index, follow, max-snippet:-1, max-image-preview:large, max-video-preview:-1\" \/>\n<link rel=\"canonical\" href=\"https:\/\/www.esin.av.tr\/tr\/2020\/09\/21\/borsa-istanbulun-yeni-pazar-yapisi\/\" \/>\n<meta property=\"og:locale\" content=\"tr_TR\" \/>\n<meta property=\"og:type\" content=\"article\" \/>\n<meta property=\"og:title\" content=\"Borsa \u0130stanbul&#039;un Yeni Pazar Yap\u0131s\u0131\" \/>\n<meta property=\"og:description\" content=\"Yeni Geli\u015fme Borsa \u0130stanbul A.\u015e.\u2019nin (&quot;BIST&quot;) 17 Eyl\u00fcl 2020 tarihli Duyurusu\u2019na (&quot;Duyuru&quot;) g\u00f6re, Borsa \u0130stanbul Pay Piyasas\u0131&#039;nda i\u015flem g\u00f6ren paylarda\" \/>\n<meta property=\"og:url\" content=\"https:\/\/www.esin.av.tr\/tr\/2020\/09\/21\/borsa-istanbulun-yeni-pazar-yapisi\/\" \/>\n<meta property=\"og:site_name\" content=\"Esin Avukatl\u0131k Ortakl\u0131\u011f\u0131\" \/>\n<meta property=\"article:published_time\" content=\"2020-09-21T10:40:02+00:00\" \/>\n<meta property=\"article:modified_time\" content=\"2022-06-09T13:10:42+00:00\" \/>\n<meta name=\"author\" content=\"R\u0131dvan Konrat\" \/>\n<meta name=\"twitter:card\" content=\"summary_large_image\" \/>\n<meta name=\"twitter:label1\" content=\"Written by\" \/>\n\t<meta name=\"twitter:data1\" content=\"R\u0131dvan Konrat\" \/>\n\t<meta name=\"twitter:label2\" content=\"Est. reading time\" \/>\n\t<meta name=\"twitter:data2\" content=\"1 minute\" \/>\n<script type=\"application\/ld+json\" class=\"yoast-schema-graph\">{\"@context\":\"https:\/\/schema.org\",\"@graph\":[{\"@type\":\"Article\",\"@id\":\"https:\/\/www.esin.av.tr\/tr\/2020\/09\/21\/borsa-istanbulun-yeni-pazar-yapisi\/#article\",\"isPartOf\":{\"@id\":\"https:\/\/www.esin.av.tr\/tr\/2020\/09\/21\/borsa-istanbulun-yeni-pazar-yapisi\/\"},\"author\":{\"name\":\"R\u0131dvan Konrat\",\"@id\":\"https:\/\/www.esin.av.tr\/tr\/#\/schema\/person\/42c8e616aab56b8622fa365ad63282ae\"},\"headline\":\"Borsa \u0130stanbul&#8217;un Yeni Pazar Yap\u0131s\u0131\",\"datePublished\":\"2020-09-21T10:40:02+00:00\",\"dateModified\":\"2022-06-09T13:10:42+00:00\",\"mainEntityOfPage\":{\"@id\":\"https:\/\/www.esin.av.tr\/tr\/2020\/09\/21\/borsa-istanbulun-yeni-pazar-yapisi\/\"},\"wordCount\":291,\"publisher\":{\"@id\":\"https:\/\/www.esin.av.tr\/tr\/#organization\"},\"keywords\":[\"Sermaye Piyasas\u0131 Hukuku\"],\"articleSection\":[\"Hukuk B\u00fcltenleri\"],\"inLanguage\":\"tr\"},{\"@type\":\"WebPage\",\"@id\":\"https:\/\/www.esin.av.tr\/tr\/2020\/09\/21\/borsa-istanbulun-yeni-pazar-yapisi\/\",\"url\":\"https:\/\/www.esin.av.tr\/tr\/2020\/09\/21\/borsa-istanbulun-yeni-pazar-yapisi\/\",\"name\":\"Borsa \u0130stanbul'un Yeni Pazar Yap\u0131s\u0131\",\"isPartOf\":{\"@id\":\"https:\/\/www.esin.av.tr\/tr\/#website\"},\"datePublished\":\"2020-09-21T10:40:02+00:00\",\"dateModified\":\"2022-06-09T13:10:42+00:00\",\"description\":\"Yeni Geli\u015fme Borsa \u0130stanbul A.\u015e.\u2019nin (\\\"BIST\\\") 17 Eyl\u00fcl 2020 tarihli Duyurusu\u2019na (\\\"Duyuru\\\") g\u00f6re, Borsa \u0130stanbul Pay Piyasas\u0131'nda i\u015flem g\u00f6ren paylarda\",\"breadcrumb\":{\"@id\":\"https:\/\/www.esin.av.tr\/tr\/2020\/09\/21\/borsa-istanbulun-yeni-pazar-yapisi\/#breadcrumb\"},\"inLanguage\":\"tr\",\"potentialAction\":[{\"@type\":\"ReadAction\",\"target\":[\"https:\/\/www.esin.av.tr\/tr\/2020\/09\/21\/borsa-istanbulun-yeni-pazar-yapisi\/\"]}]},{\"@type\":\"BreadcrumbList\",\"@id\":\"https:\/\/www.esin.av.tr\/tr\/2020\/09\/21\/borsa-istanbulun-yeni-pazar-yapisi\/#breadcrumb\",\"itemListElement\":[{\"@type\":\"ListItem\",\"position\":1,\"name\":\"Home\",\"item\":\"https:\/\/www.esin.av.tr\/tr\/\"},{\"@type\":\"ListItem\",\"position\":2,\"name\":\"Borsa \u0130stanbul&#8217;un Yeni Pazar Yap\u0131s\u0131\"}]},{\"@type\":\"WebSite\",\"@id\":\"https:\/\/www.esin.av.tr\/tr\/#website\",\"url\":\"https:\/\/www.esin.av.tr\/tr\/\",\"name\":\"Esin Avukatl\u0131k Ortakl\u0131\u011f\u0131\",\"description\":\"\",\"publisher\":{\"@id\":\"https:\/\/www.esin.av.tr\/tr\/#organization\"},\"potentialAction\":[{\"@type\":\"SearchAction\",\"target\":{\"@type\":\"EntryPoint\",\"urlTemplate\":\"https:\/\/www.esin.av.tr\/tr\/?s={search_term_string}\"},\"query-input\":{\"@type\":\"PropertyValueSpecification\",\"valueRequired\":true,\"valueName\":\"search_term_string\"}}],\"inLanguage\":\"tr\"},{\"@type\":\"Organization\",\"@id\":\"https:\/\/www.esin.av.tr\/tr\/#organization\",\"name\":\"Esin Avukatl\u0131k Ortakl\u0131\u011f\u0131\",\"url\":\"https:\/\/www.esin.av.tr\/tr\/\",\"logo\":{\"@type\":\"ImageObject\",\"inLanguage\":\"tr\",\"@id\":\"https:\/\/www.esin.av.tr\/tr\/#\/schema\/logo\/image\/\",\"url\":\"https:\/\/www.esin.av.tr\/wp-content\/uploads\/2021\/09\/esin-2.jpg\",\"contentUrl\":\"https:\/\/www.esin.av.tr\/wp-content\/uploads\/2021\/09\/esin-2.jpg\",\"width\":800,\"height\":460,\"caption\":\"Esin Avukatl\u0131k Ortakl\u0131\u011f\u0131\"},\"image\":{\"@id\":\"https:\/\/www.esin.av.tr\/tr\/#\/schema\/logo\/image\/\"}},{\"@type\":\"Person\",\"@id\":\"https:\/\/www.esin.av.tr\/tr\/#\/schema\/person\/42c8e616aab56b8622fa365ad63282ae\",\"name\":\"R\u0131dvan Konrat\",\"image\":{\"@type\":\"ImageObject\",\"inLanguage\":\"tr\",\"@id\":\"https:\/\/www.esin.av.tr\/tr\/#\/schema\/person\/image\/\",\"url\":\"https:\/\/secure.gravatar.com\/avatar\/b20c6c583be38ed4e76e32f69fccc676?s=96&d=mm&r=g\",\"contentUrl\":\"https:\/\/secure.gravatar.com\/avatar\/b20c6c583be38ed4e76e32f69fccc676?s=96&d=mm&r=g\",\"caption\":\"R\u0131dvan Konrat\"},\"sameAs\":[\"http:\/\/www.esin.av.tr\"],\"url\":\"https:\/\/www.esin.av.tr\/tr\/author\/rkonrat\/\"}]}<\/script>\n<!-- \/ Yoast SEO plugin. -->","yoast_head_json":{"title":"Borsa \u0130stanbul'un Yeni Pazar Yap\u0131s\u0131","description":"Yeni Geli\u015fme Borsa \u0130stanbul A.\u015e.\u2019nin (\"BIST\") 17 Eyl\u00fcl 2020 tarihli Duyurusu\u2019na (\"Duyuru\") g\u00f6re, Borsa \u0130stanbul Pay Piyasas\u0131'nda i\u015flem g\u00f6ren paylarda","robots":{"index":"index","follow":"follow","max-snippet":"max-snippet:-1","max-image-preview":"max-image-preview:large","max-video-preview":"max-video-preview:-1"},"canonical":"https:\/\/www.esin.av.tr\/tr\/2020\/09\/21\/borsa-istanbulun-yeni-pazar-yapisi\/","og_locale":"tr_TR","og_type":"article","og_title":"Borsa \u0130stanbul'un Yeni Pazar Yap\u0131s\u0131","og_description":"Yeni Geli\u015fme Borsa \u0130stanbul A.\u015e.\u2019nin (\"BIST\") 17 Eyl\u00fcl 2020 tarihli Duyurusu\u2019na (\"Duyuru\") g\u00f6re, Borsa \u0130stanbul Pay Piyasas\u0131'nda i\u015flem g\u00f6ren paylarda","og_url":"https:\/\/www.esin.av.tr\/tr\/2020\/09\/21\/borsa-istanbulun-yeni-pazar-yapisi\/","og_site_name":"Esin Avukatl\u0131k Ortakl\u0131\u011f\u0131","article_published_time":"2020-09-21T10:40:02+00:00","article_modified_time":"2022-06-09T13:10:42+00:00","author":"R\u0131dvan Konrat","twitter_card":"summary_large_image","twitter_misc":{"Written by":"R\u0131dvan Konrat","Est. reading time":"1 minute"},"schema":{"@context":"https:\/\/schema.org","@graph":[{"@type":"Article","@id":"https:\/\/www.esin.av.tr\/tr\/2020\/09\/21\/borsa-istanbulun-yeni-pazar-yapisi\/#article","isPartOf":{"@id":"https:\/\/www.esin.av.tr\/tr\/2020\/09\/21\/borsa-istanbulun-yeni-pazar-yapisi\/"},"author":{"name":"R\u0131dvan Konrat","@id":"https:\/\/www.esin.av.tr\/tr\/#\/schema\/person\/42c8e616aab56b8622fa365ad63282ae"},"headline":"Borsa \u0130stanbul&#8217;un Yeni Pazar Yap\u0131s\u0131","datePublished":"2020-09-21T10:40:02+00:00","dateModified":"2022-06-09T13:10:42+00:00","mainEntityOfPage":{"@id":"https:\/\/www.esin.av.tr\/tr\/2020\/09\/21\/borsa-istanbulun-yeni-pazar-yapisi\/"},"wordCount":291,"publisher":{"@id":"https:\/\/www.esin.av.tr\/tr\/#organization"},"keywords":["Sermaye Piyasas\u0131 Hukuku"],"articleSection":["Hukuk B\u00fcltenleri"],"inLanguage":"tr"},{"@type":"WebPage","@id":"https:\/\/www.esin.av.tr\/tr\/2020\/09\/21\/borsa-istanbulun-yeni-pazar-yapisi\/","url":"https:\/\/www.esin.av.tr\/tr\/2020\/09\/21\/borsa-istanbulun-yeni-pazar-yapisi\/","name":"Borsa \u0130stanbul'un Yeni Pazar Yap\u0131s\u0131","isPartOf":{"@id":"https:\/\/www.esin.av.tr\/tr\/#website"},"datePublished":"2020-09-21T10:40:02+00:00","dateModified":"2022-06-09T13:10:42+00:00","description":"Yeni Geli\u015fme Borsa \u0130stanbul A.\u015e.\u2019nin (\"BIST\") 17 Eyl\u00fcl 2020 tarihli Duyurusu\u2019na (\"Duyuru\") g\u00f6re, Borsa \u0130stanbul Pay Piyasas\u0131'nda i\u015flem g\u00f6ren paylarda","breadcrumb":{"@id":"https:\/\/www.esin.av.tr\/tr\/2020\/09\/21\/borsa-istanbulun-yeni-pazar-yapisi\/#breadcrumb"},"inLanguage":"tr","potentialAction":[{"@type":"ReadAction","target":["https:\/\/www.esin.av.tr\/tr\/2020\/09\/21\/borsa-istanbulun-yeni-pazar-yapisi\/"]}]},{"@type":"BreadcrumbList","@id":"https:\/\/www.esin.av.tr\/tr\/2020\/09\/21\/borsa-istanbulun-yeni-pazar-yapisi\/#breadcrumb","itemListElement":[{"@type":"ListItem","position":1,"name":"Home","item":"https:\/\/www.esin.av.tr\/tr\/"},{"@type":"ListItem","position":2,"name":"Borsa \u0130stanbul&#8217;un Yeni Pazar Yap\u0131s\u0131"}]},{"@type":"WebSite","@id":"https:\/\/www.esin.av.tr\/tr\/#website","url":"https:\/\/www.esin.av.tr\/tr\/","name":"Esin Avukatl\u0131k Ortakl\u0131\u011f\u0131","description":"","publisher":{"@id":"https:\/\/www.esin.av.tr\/tr\/#organization"},"potentialAction":[{"@type":"SearchAction","target":{"@type":"EntryPoint","urlTemplate":"https:\/\/www.esin.av.tr\/tr\/?s={search_term_string}"},"query-input":{"@type":"PropertyValueSpecification","valueRequired":true,"valueName":"search_term_string"}}],"inLanguage":"tr"},{"@type":"Organization","@id":"https:\/\/www.esin.av.tr\/tr\/#organization","name":"Esin Avukatl\u0131k Ortakl\u0131\u011f\u0131","url":"https:\/\/www.esin.av.tr\/tr\/","logo":{"@type":"ImageObject","inLanguage":"tr","@id":"https:\/\/www.esin.av.tr\/tr\/#\/schema\/logo\/image\/","url":"https:\/\/www.esin.av.tr\/wp-content\/uploads\/2021\/09\/esin-2.jpg","contentUrl":"https:\/\/www.esin.av.tr\/wp-content\/uploads\/2021\/09\/esin-2.jpg","width":800,"height":460,"caption":"Esin Avukatl\u0131k Ortakl\u0131\u011f\u0131"},"image":{"@id":"https:\/\/www.esin.av.tr\/tr\/#\/schema\/logo\/image\/"}},{"@type":"Person","@id":"https:\/\/www.esin.av.tr\/tr\/#\/schema\/person\/42c8e616aab56b8622fa365ad63282ae","name":"R\u0131dvan Konrat","image":{"@type":"ImageObject","inLanguage":"tr","@id":"https:\/\/www.esin.av.tr\/tr\/#\/schema\/person\/image\/","url":"https:\/\/secure.gravatar.com\/avatar\/b20c6c583be38ed4e76e32f69fccc676?s=96&d=mm&r=g","contentUrl":"https:\/\/secure.gravatar.com\/avatar\/b20c6c583be38ed4e76e32f69fccc676?s=96&d=mm&r=g","caption":"R\u0131dvan Konrat"},"sameAs":["http:\/\/www.esin.av.tr"],"url":"https:\/\/www.esin.av.tr\/tr\/author\/rkonrat\/"}]}},"_links":{"self":[{"href":"https:\/\/www.esin.av.tr\/tr\/wp-json\/wp\/v2\/posts\/17425","targetHints":{"allow":["GET"]}}],"collection":[{"href":"https:\/\/www.esin.av.tr\/tr\/wp-json\/wp\/v2\/posts"}],"about":[{"href":"https:\/\/www.esin.av.tr\/tr\/wp-json\/wp\/v2\/types\/post"}],"author":[{"embeddable":true,"href":"https:\/\/www.esin.av.tr\/tr\/wp-json\/wp\/v2\/users\/4"}],"replies":[{"embeddable":true,"href":"https:\/\/www.esin.av.tr\/tr\/wp-json\/wp\/v2\/comments?post=17425"}],"version-history":[{"count":1,"href":"https:\/\/www.esin.av.tr\/tr\/wp-json\/wp\/v2\/posts\/17425\/revisions"}],"predecessor-version":[{"id":17426,"href":"https:\/\/www.esin.av.tr\/tr\/wp-json\/wp\/v2\/posts\/17425\/revisions\/17426"}],"wp:attachment":[{"href":"https:\/\/www.esin.av.tr\/tr\/wp-json\/wp\/v2\/media?parent=17425"}],"wp:term":[{"taxonomy":"category","embeddable":true,"href":"https:\/\/www.esin.av.tr\/tr\/wp-json\/wp\/v2\/categories?post=17425"},{"taxonomy":"post_tag","embeddable":true,"href":"https:\/\/www.esin.av.tr\/tr\/wp-json\/wp\/v2\/tags?post=17425"}],"curies":[{"name":"wp","href":"https:\/\/api.w.org\/{rel}","templated":true}]}}