{"id":17407,"date":"2020-09-21T07:25:34","date_gmt":"2020-09-21T07:25:34","guid":{"rendered":"https:\/\/www.esin.av.tr\/?p=17407"},"modified":"2022-06-09T13:10:45","modified_gmt":"2022-06-09T13:10:45","slug":"covid-19-kar-payi-dagitimi-sinirlandirilmasi-uc-ay-uzatildi","status":"publish","type":"post","link":"https:\/\/www.esin.av.tr\/tr\/2020\/09\/21\/covid-19-kar-payi-dagitimi-sinirlandirilmasi-uc-ay-uzatildi\/","title":{"rendered":"Covid-19: Kar Pay\u0131 Da\u011f\u0131t\u0131m\u0131 S\u0131n\u0131rland\u0131r\u0131lmas\u0131 \u00dc\u00e7 Ay Uzat\u0131ld\u0131"},"content":{"rendered":"<p><strong>Yeni Geli\u015fme<\/strong><\/p>\n<p>18 Eyl\u00fcl 2020 tarihli ve 31248 say\u0131l\u0131 Resmi Gazete&#8217;de yay\u0131mlanan 2948 say\u0131l\u0131 Cumhurba\u015fkan\u0131 Karar\u0131 (\u201c<strong>Cumhurba\u015fkanl\u0131\u011f\u0131 Karar\u0131<\/strong>\u201d) uyar\u0131nca k\u00e2r pay\u0131 da\u011f\u0131t\u0131m\u0131na ili\u015fkin s\u0131n\u0131rlaman\u0131n s\u00fcresi \u00fc\u00e7 ay (2020 y\u0131l\u0131n\u0131n sonuna kadar) uzat\u0131ld\u0131.<\/p>\n<p>COVID-19 nedeniyle al\u0131nan \u00f6nlemler kapsam\u0131nda, k\u00e2r pay\u0131 da\u011f\u0131t\u0131m\u0131na s\u0131n\u0131rlamalar getirilmi\u015f ve bu ama\u00e7la T\u00fcrk Ticaret Kanunu\u2019na (\u201c<strong>TTK<\/strong>\u201d) Ge\u00e7ici 13. Madde eklenmi\u015fti. 6102 say\u0131l\u0131 T\u00fcrk Ticaret Kanunun Ge\u00e7ici 13\u2019\u00fcnc\u00fc Maddesinin Uygulanmas\u0131na \u0130li\u015fkin Usul ve Esaslar Hakk\u0131nda Tebli\u011f (\u201c<strong>Tebli\u011f<\/strong>\u201d) 17.05.2020 tarihli ve 31130 say\u0131l\u0131 Resmi Gazete\u2019de yay\u0131nlanm\u0131\u015ft\u0131.<\/p>\n<p><strong>Cumhurba\u015fkan\u0131 Karar\u0131 Neyi D\u00fczenliyor?<\/strong><\/p>\n<p>Sermaye \u015firketlerinin 30.09.2020 tarihine kadar olan k\u00e2r pay\u0131 da\u011f\u0131t\u0131m\u0131 s\u0131n\u0131rlamas\u0131, TTK Ge\u00e7ici 13. Maddesi d\u00fczenlemesinde yer alan yetki uyar\u0131nca, Cumhurba\u015fkanl\u0131\u011f\u0131 Karar\u0131 ile \u00fc\u00e7 ay s\u00fcre ile 31.12.2020 tarihine kadar uzat\u0131ld\u0131.<\/p>\n<p>Tebli\u011f, TTK Ge\u00e7ici 13. Maddesinin uygulanmas\u0131na ili\u015fkin esaslar\u0131 belirlemi\u015f, k\u00e2r pay\u0131 da\u011f\u0131t\u0131m\u0131 s\u0131n\u0131rlamas\u0131na istisnalar getirmi\u015fti.<\/p>\n<p><strong>Sonu\u00e7<\/strong><\/p>\n<p>2020 y\u0131l\u0131 sonuna kadar \u00f6ng\u00f6r\u00fclen istisnalar kapsam\u0131nda k\u00e2r pay\u0131 da\u011f\u0131t\u0131m\u0131 yapmak isteyen \u015firketlerin, TTK ve Tebli\u011f h\u00fck\u00fcmlerinde d\u00fczenlenen uygulamaya ili\u015fkin esaslar\u0131 g\u00f6z \u00f6n\u00fcnde bulundurmas\u0131 gerekmektedir.<\/p>\n<p>K\u00e2r pay\u0131 da\u011f\u0131t\u0131m\u0131 s\u0131n\u0131rlamas\u0131na ili\u015fkin daha fazla bilgi edinmek i\u00e7in \u00f6nceki tarihli Hukuk B\u00fcltenlerimiz <a href=\"https:\/\/urldefense.com\/v3\/__https:\/esinxchange.com\/collect\/click.aspx?u=aUI5clVyYXJNOHA1dnhlZDU4c0ttY0VSQ3ZNWmRNUEdJNlJSSDh3NlE3N2dRd0VsT2l3T3RydHFkTlBpM3ZRZ1FJWWJzVXBxcXZwYVdIOFl6Yjd2UmVTOUZJWEVRMFQzMCtFb09ubFpEZExBcjBEdld4M2pSSGt3ZEtQbVl5K3cxV3laOVA2OTVyb2U1ZHN2SnJMa1hjSm45YjRaQS9wTw==&amp;rh=ff006972cfcb2d31e609d4c3484ca1e1e10b7009__;!!Hj9Y_P0nvg!Dle6-aelV2wy4dxVRtgBOilB809a-0cQDdzgL3_fEmFhbJ4ZX96pNYLqmnLfcVZ33nblkg$\"><em>COVID-19: Kar Pay\u0131 Da\u011f\u0131t\u0131m\u0131na S\u0131n\u0131rlama Getirildi<\/em><\/a>\u00a0ve <a href=\"https:\/\/urldefense.com\/v3\/__https:\/esinxchange.com\/collect\/click.aspx?u=aUI5clVyYXJNOHA1dnhlZDU4c0ttY0VSQ3ZNWmRNUEdJNlJSSDh3NlE3N2dRd0VsT2l3T3RydHFkTlBpM3ZRZ1FJWWJzVXBxcXZwYVdIOFl6Yjd2UmVTOUZJWEVRMFQzMCtFb09ubFpEZExBcjBEdld4M2pSUHg2MXVxeHZjSkNmOWhXOFNwZkJ5eXIrS0xyR283ck9uU0JsVWF0U0EzWVRSWmlERHpxOXVFTlh6cDVKRkZOcEppUWRlQyt5dDgzYVpiZk0xV0pVL3hDUGMvSTcyYXBIRklITzdaUGlYTEw=&amp;rh=ff006972cfcb2d31e609d4c3484ca1e1e10b7009__;!!Hj9Y_P0nvg!Dle6-aelV2wy4dxVRtgBOilB809a-0cQDdzgL3_fEmFhbJ4ZX96pNYLqmnLfcVbW0bSybg$\"><em>COVID-19: K\u00e2r Pay\u0131 Da\u011f\u0131t\u0131m\u0131n\u0131n S\u0131n\u0131rland\u0131r\u0131lmas\u0131na \u0130li\u015fkin Usul, Esas ve \u0130stisnalar D\u00fczenlendi<\/em><\/a>\u00a0eri\u015febilirsiniz.<\/p>\n<p><strong>COVID-19 salg\u0131n\u0131 ile ilgili hukuki d\u00fczenlemelerle ilgili bilgilere\u00a0<\/strong><a href=\"https:\/\/urldefense.com\/v3\/__https:\/esinxchange.com\/collect\/click.aspx?u=aUI5clVyYXJNOHA1dnhlZDU4c0ttY0VSQ3ZNWmRNUEdJNlJSSDh3NlE3N2dRd0VsT2l3T3RydHFkTlBpM3ZRZ1FJWWJzVXBxcXZwUGJoNXVVQi9SZ1N3RTQzUHVCYmZIaTR4TndublhoUEhvQzc3dmoxZ2pjQU1MVjVYN0U0cVo0NFI1YVltK2ZNYWlBSHZlV3dyQ2djYTVnWGU4Y24yb2ljd0NJVnpob09KVXdVbUNRNE10MDFjWXhuK1hUK285bWt6MEdWY2VaV3hRaHpWa2pvdERoZz09&amp;rh=ff006972cfcb2d31e609d4c3484ca1e1e10b7009__;!!Hj9Y_P0nvg!Dle6-aelV2wy4dxVRtgBOilB809a-0cQDdzgL3_fEmFhbJ4ZX96pNYLqmnLfcVb6vQOx6Q$\"><strong>Esin Avukatl\u0131k Ortakl\u0131\u011f\u0131 Coronavir\u00fcs Masas\u0131<\/strong><\/a><strong>&#8216;ndan ula\u015fabilirsiniz.<\/strong><\/p>\n","protected":false},"excerpt":{"rendered":"<p>Yeni Geli\u015fme 18 Eyl\u00fcl 2020 tarihli ve 31248 say\u0131l\u0131 Resmi Gazete&#8217;de yay\u0131mlanan 2948 say\u0131l\u0131 Cumhurba\u015fkan\u0131 Karar\u0131 (\u201cCumhurba\u015fkanl\u0131\u011f\u0131 Karar\u0131\u201d) uyar\u0131nca k\u00e2r [&hellip;]<\/p>\n","protected":false},"author":4,"featured_media":0,"comment_status":"closed","ping_status":"closed","sticky":false,"template":"","format":"standard","meta":{"_acf_changed":false,"_stopmodifiedupdate":false,"_modified_date":"","footnotes":""},"categories":[120,149],"tags":[103],"class_list":["post-17407","post","type-post","status-publish","format-standard","hentry","category-legal-alerts","category-covid-19-tr","tag-corporate-tr"],"acf":[],"yoast_head":"<!-- This site is optimized with the Yoast SEO plugin v24.0 - https:\/\/yoast.com\/wordpress\/plugins\/seo\/ -->\n<title>Covid-19: Kar Pay\u0131 Da\u011f\u0131t\u0131m\u0131 S\u0131n\u0131rland\u0131r\u0131lmas\u0131 \u00dc\u00e7 Ay Uzat\u0131ld\u0131<\/title>\n<meta name=\"description\" content=\"Yeni Geli\u015fme 18 Eyl\u00fcl 2020 tarihli ve 31248 say\u0131l\u0131 Resmi Gazete&#039;de yay\u0131mlanan 2948 say\u0131l\u0131 Cumhurba\u015fkan\u0131 Karar\u0131 (\u201cCumhurba\u015fkanl\u0131\u011f\u0131 Karar\u0131\u201d) uyar\u0131nca k\u00e2r\" \/>\n<meta name=\"robots\" content=\"index, follow, max-snippet:-1, max-image-preview:large, max-video-preview:-1\" \/>\n<link rel=\"canonical\" href=\"https:\/\/www.esin.av.tr\/tr\/2020\/09\/21\/covid-19-kar-payi-dagitimi-sinirlandirilmasi-uc-ay-uzatildi\/\" \/>\n<meta property=\"og:locale\" content=\"tr_TR\" \/>\n<meta property=\"og:type\" content=\"article\" \/>\n<meta property=\"og:title\" content=\"Covid-19: Kar Pay\u0131 Da\u011f\u0131t\u0131m\u0131 S\u0131n\u0131rland\u0131r\u0131lmas\u0131 \u00dc\u00e7 Ay Uzat\u0131ld\u0131\" \/>\n<meta property=\"og:description\" content=\"Yeni Geli\u015fme 18 Eyl\u00fcl 2020 tarihli ve 31248 say\u0131l\u0131 Resmi Gazete&#039;de yay\u0131mlanan 2948 say\u0131l\u0131 Cumhurba\u015fkan\u0131 Karar\u0131 (\u201cCumhurba\u015fkanl\u0131\u011f\u0131 Karar\u0131\u201d) uyar\u0131nca k\u00e2r\" \/>\n<meta property=\"og:url\" content=\"https:\/\/www.esin.av.tr\/tr\/2020\/09\/21\/covid-19-kar-payi-dagitimi-sinirlandirilmasi-uc-ay-uzatildi\/\" \/>\n<meta property=\"og:site_name\" content=\"Esin Avukatl\u0131k Ortakl\u0131\u011f\u0131\" \/>\n<meta property=\"article:published_time\" content=\"2020-09-21T07:25:34+00:00\" \/>\n<meta property=\"article:modified_time\" content=\"2022-06-09T13:10:45+00:00\" \/>\n<meta name=\"author\" content=\"R\u0131dvan Konrat\" \/>\n<meta name=\"twitter:card\" content=\"summary_large_image\" \/>\n<meta name=\"twitter:label1\" content=\"Written by\" \/>\n\t<meta name=\"twitter:data1\" content=\"R\u0131dvan Konrat\" \/>\n\t<meta name=\"twitter:label2\" content=\"Est. reading time\" \/>\n\t<meta name=\"twitter:data2\" content=\"1 minute\" \/>\n<script type=\"application\/ld+json\" class=\"yoast-schema-graph\">{\"@context\":\"https:\/\/schema.org\",\"@graph\":[{\"@type\":\"Article\",\"@id\":\"https:\/\/www.esin.av.tr\/tr\/2020\/09\/21\/covid-19-kar-payi-dagitimi-sinirlandirilmasi-uc-ay-uzatildi\/#article\",\"isPartOf\":{\"@id\":\"https:\/\/www.esin.av.tr\/tr\/2020\/09\/21\/covid-19-kar-payi-dagitimi-sinirlandirilmasi-uc-ay-uzatildi\/\"},\"author\":{\"name\":\"R\u0131dvan Konrat\",\"@id\":\"https:\/\/www.esin.av.tr\/tr\/#\/schema\/person\/42c8e616aab56b8622fa365ad63282ae\"},\"headline\":\"Covid-19: Kar Pay\u0131 Da\u011f\u0131t\u0131m\u0131 S\u0131n\u0131rland\u0131r\u0131lmas\u0131 \u00dc\u00e7 Ay Uzat\u0131ld\u0131\",\"datePublished\":\"2020-09-21T07:25:34+00:00\",\"dateModified\":\"2022-06-09T13:10:45+00:00\",\"mainEntityOfPage\":{\"@id\":\"https:\/\/www.esin.av.tr\/tr\/2020\/09\/21\/covid-19-kar-payi-dagitimi-sinirlandirilmasi-uc-ay-uzatildi\/\"},\"wordCount\":311,\"publisher\":{\"@id\":\"https:\/\/www.esin.av.tr\/tr\/#organization\"},\"keywords\":[\"\u015eirketler Hukuku ve Kurumsal Y\u00f6netim\"],\"articleSection\":[\"Hukuk B\u00fcltenleri\",\"Covid-19\"],\"inLanguage\":\"tr\"},{\"@type\":\"WebPage\",\"@id\":\"https:\/\/www.esin.av.tr\/tr\/2020\/09\/21\/covid-19-kar-payi-dagitimi-sinirlandirilmasi-uc-ay-uzatildi\/\",\"url\":\"https:\/\/www.esin.av.tr\/tr\/2020\/09\/21\/covid-19-kar-payi-dagitimi-sinirlandirilmasi-uc-ay-uzatildi\/\",\"name\":\"Covid-19: Kar Pay\u0131 Da\u011f\u0131t\u0131m\u0131 S\u0131n\u0131rland\u0131r\u0131lmas\u0131 \u00dc\u00e7 Ay Uzat\u0131ld\u0131\",\"isPartOf\":{\"@id\":\"https:\/\/www.esin.av.tr\/tr\/#website\"},\"datePublished\":\"2020-09-21T07:25:34+00:00\",\"dateModified\":\"2022-06-09T13:10:45+00:00\",\"description\":\"Yeni Geli\u015fme 18 Eyl\u00fcl 2020 tarihli ve 31248 say\u0131l\u0131 Resmi Gazete'de yay\u0131mlanan 2948 say\u0131l\u0131 Cumhurba\u015fkan\u0131 Karar\u0131 (\u201cCumhurba\u015fkanl\u0131\u011f\u0131 Karar\u0131\u201d) uyar\u0131nca k\u00e2r\",\"breadcrumb\":{\"@id\":\"https:\/\/www.esin.av.tr\/tr\/2020\/09\/21\/covid-19-kar-payi-dagitimi-sinirlandirilmasi-uc-ay-uzatildi\/#breadcrumb\"},\"inLanguage\":\"tr\",\"potentialAction\":[{\"@type\":\"ReadAction\",\"target\":[\"https:\/\/www.esin.av.tr\/tr\/2020\/09\/21\/covid-19-kar-payi-dagitimi-sinirlandirilmasi-uc-ay-uzatildi\/\"]}]},{\"@type\":\"BreadcrumbList\",\"@id\":\"https:\/\/www.esin.av.tr\/tr\/2020\/09\/21\/covid-19-kar-payi-dagitimi-sinirlandirilmasi-uc-ay-uzatildi\/#breadcrumb\",\"itemListElement\":[{\"@type\":\"ListItem\",\"position\":1,\"name\":\"Home\",\"item\":\"https:\/\/www.esin.av.tr\/tr\/\"},{\"@type\":\"ListItem\",\"position\":2,\"name\":\"Covid-19: Kar Pay\u0131 Da\u011f\u0131t\u0131m\u0131 S\u0131n\u0131rland\u0131r\u0131lmas\u0131 \u00dc\u00e7 Ay Uzat\u0131ld\u0131\"}]},{\"@type\":\"WebSite\",\"@id\":\"https:\/\/www.esin.av.tr\/tr\/#website\",\"url\":\"https:\/\/www.esin.av.tr\/tr\/\",\"name\":\"Esin Avukatl\u0131k Ortakl\u0131\u011f\u0131\",\"description\":\"\",\"publisher\":{\"@id\":\"https:\/\/www.esin.av.tr\/tr\/#organization\"},\"potentialAction\":[{\"@type\":\"SearchAction\",\"target\":{\"@type\":\"EntryPoint\",\"urlTemplate\":\"https:\/\/www.esin.av.tr\/tr\/?s={search_term_string}\"},\"query-input\":{\"@type\":\"PropertyValueSpecification\",\"valueRequired\":true,\"valueName\":\"search_term_string\"}}],\"inLanguage\":\"tr\"},{\"@type\":\"Organization\",\"@id\":\"https:\/\/www.esin.av.tr\/tr\/#organization\",\"name\":\"Esin Avukatl\u0131k Ortakl\u0131\u011f\u0131\",\"url\":\"https:\/\/www.esin.av.tr\/tr\/\",\"logo\":{\"@type\":\"ImageObject\",\"inLanguage\":\"tr\",\"@id\":\"https:\/\/www.esin.av.tr\/tr\/#\/schema\/logo\/image\/\",\"url\":\"https:\/\/www.esin.av.tr\/wp-content\/uploads\/2021\/09\/esin-2.jpg\",\"contentUrl\":\"https:\/\/www.esin.av.tr\/wp-content\/uploads\/2021\/09\/esin-2.jpg\",\"width\":800,\"height\":460,\"caption\":\"Esin Avukatl\u0131k Ortakl\u0131\u011f\u0131\"},\"image\":{\"@id\":\"https:\/\/www.esin.av.tr\/tr\/#\/schema\/logo\/image\/\"}},{\"@type\":\"Person\",\"@id\":\"https:\/\/www.esin.av.tr\/tr\/#\/schema\/person\/42c8e616aab56b8622fa365ad63282ae\",\"name\":\"R\u0131dvan Konrat\",\"image\":{\"@type\":\"ImageObject\",\"inLanguage\":\"tr\",\"@id\":\"https:\/\/www.esin.av.tr\/tr\/#\/schema\/person\/image\/\",\"url\":\"https:\/\/secure.gravatar.com\/avatar\/b20c6c583be38ed4e76e32f69fccc676?s=96&d=mm&r=g\",\"contentUrl\":\"https:\/\/secure.gravatar.com\/avatar\/b20c6c583be38ed4e76e32f69fccc676?s=96&d=mm&r=g\",\"caption\":\"R\u0131dvan Konrat\"},\"sameAs\":[\"http:\/\/www.esin.av.tr\"],\"url\":\"https:\/\/www.esin.av.tr\/tr\/author\/rkonrat\/\"}]}<\/script>\n<!-- \/ Yoast SEO plugin. -->","yoast_head_json":{"title":"Covid-19: Kar Pay\u0131 Da\u011f\u0131t\u0131m\u0131 S\u0131n\u0131rland\u0131r\u0131lmas\u0131 \u00dc\u00e7 Ay Uzat\u0131ld\u0131","description":"Yeni Geli\u015fme 18 Eyl\u00fcl 2020 tarihli ve 31248 say\u0131l\u0131 Resmi Gazete'de yay\u0131mlanan 2948 say\u0131l\u0131 Cumhurba\u015fkan\u0131 Karar\u0131 (\u201cCumhurba\u015fkanl\u0131\u011f\u0131 Karar\u0131\u201d) uyar\u0131nca k\u00e2r","robots":{"index":"index","follow":"follow","max-snippet":"max-snippet:-1","max-image-preview":"max-image-preview:large","max-video-preview":"max-video-preview:-1"},"canonical":"https:\/\/www.esin.av.tr\/tr\/2020\/09\/21\/covid-19-kar-payi-dagitimi-sinirlandirilmasi-uc-ay-uzatildi\/","og_locale":"tr_TR","og_type":"article","og_title":"Covid-19: Kar Pay\u0131 Da\u011f\u0131t\u0131m\u0131 S\u0131n\u0131rland\u0131r\u0131lmas\u0131 \u00dc\u00e7 Ay Uzat\u0131ld\u0131","og_description":"Yeni Geli\u015fme 18 Eyl\u00fcl 2020 tarihli ve 31248 say\u0131l\u0131 Resmi Gazete'de yay\u0131mlanan 2948 say\u0131l\u0131 Cumhurba\u015fkan\u0131 Karar\u0131 (\u201cCumhurba\u015fkanl\u0131\u011f\u0131 Karar\u0131\u201d) uyar\u0131nca k\u00e2r","og_url":"https:\/\/www.esin.av.tr\/tr\/2020\/09\/21\/covid-19-kar-payi-dagitimi-sinirlandirilmasi-uc-ay-uzatildi\/","og_site_name":"Esin Avukatl\u0131k Ortakl\u0131\u011f\u0131","article_published_time":"2020-09-21T07:25:34+00:00","article_modified_time":"2022-06-09T13:10:45+00:00","author":"R\u0131dvan Konrat","twitter_card":"summary_large_image","twitter_misc":{"Written by":"R\u0131dvan Konrat","Est. reading time":"1 minute"},"schema":{"@context":"https:\/\/schema.org","@graph":[{"@type":"Article","@id":"https:\/\/www.esin.av.tr\/tr\/2020\/09\/21\/covid-19-kar-payi-dagitimi-sinirlandirilmasi-uc-ay-uzatildi\/#article","isPartOf":{"@id":"https:\/\/www.esin.av.tr\/tr\/2020\/09\/21\/covid-19-kar-payi-dagitimi-sinirlandirilmasi-uc-ay-uzatildi\/"},"author":{"name":"R\u0131dvan Konrat","@id":"https:\/\/www.esin.av.tr\/tr\/#\/schema\/person\/42c8e616aab56b8622fa365ad63282ae"},"headline":"Covid-19: Kar Pay\u0131 Da\u011f\u0131t\u0131m\u0131 S\u0131n\u0131rland\u0131r\u0131lmas\u0131 \u00dc\u00e7 Ay Uzat\u0131ld\u0131","datePublished":"2020-09-21T07:25:34+00:00","dateModified":"2022-06-09T13:10:45+00:00","mainEntityOfPage":{"@id":"https:\/\/www.esin.av.tr\/tr\/2020\/09\/21\/covid-19-kar-payi-dagitimi-sinirlandirilmasi-uc-ay-uzatildi\/"},"wordCount":311,"publisher":{"@id":"https:\/\/www.esin.av.tr\/tr\/#organization"},"keywords":["\u015eirketler Hukuku ve Kurumsal Y\u00f6netim"],"articleSection":["Hukuk B\u00fcltenleri","Covid-19"],"inLanguage":"tr"},{"@type":"WebPage","@id":"https:\/\/www.esin.av.tr\/tr\/2020\/09\/21\/covid-19-kar-payi-dagitimi-sinirlandirilmasi-uc-ay-uzatildi\/","url":"https:\/\/www.esin.av.tr\/tr\/2020\/09\/21\/covid-19-kar-payi-dagitimi-sinirlandirilmasi-uc-ay-uzatildi\/","name":"Covid-19: Kar Pay\u0131 Da\u011f\u0131t\u0131m\u0131 S\u0131n\u0131rland\u0131r\u0131lmas\u0131 \u00dc\u00e7 Ay Uzat\u0131ld\u0131","isPartOf":{"@id":"https:\/\/www.esin.av.tr\/tr\/#website"},"datePublished":"2020-09-21T07:25:34+00:00","dateModified":"2022-06-09T13:10:45+00:00","description":"Yeni Geli\u015fme 18 Eyl\u00fcl 2020 tarihli ve 31248 say\u0131l\u0131 Resmi Gazete'de yay\u0131mlanan 2948 say\u0131l\u0131 Cumhurba\u015fkan\u0131 Karar\u0131 (\u201cCumhurba\u015fkanl\u0131\u011f\u0131 Karar\u0131\u201d) uyar\u0131nca k\u00e2r","breadcrumb":{"@id":"https:\/\/www.esin.av.tr\/tr\/2020\/09\/21\/covid-19-kar-payi-dagitimi-sinirlandirilmasi-uc-ay-uzatildi\/#breadcrumb"},"inLanguage":"tr","potentialAction":[{"@type":"ReadAction","target":["https:\/\/www.esin.av.tr\/tr\/2020\/09\/21\/covid-19-kar-payi-dagitimi-sinirlandirilmasi-uc-ay-uzatildi\/"]}]},{"@type":"BreadcrumbList","@id":"https:\/\/www.esin.av.tr\/tr\/2020\/09\/21\/covid-19-kar-payi-dagitimi-sinirlandirilmasi-uc-ay-uzatildi\/#breadcrumb","itemListElement":[{"@type":"ListItem","position":1,"name":"Home","item":"https:\/\/www.esin.av.tr\/tr\/"},{"@type":"ListItem","position":2,"name":"Covid-19: Kar Pay\u0131 Da\u011f\u0131t\u0131m\u0131 S\u0131n\u0131rland\u0131r\u0131lmas\u0131 \u00dc\u00e7 Ay Uzat\u0131ld\u0131"}]},{"@type":"WebSite","@id":"https:\/\/www.esin.av.tr\/tr\/#website","url":"https:\/\/www.esin.av.tr\/tr\/","name":"Esin Avukatl\u0131k Ortakl\u0131\u011f\u0131","description":"","publisher":{"@id":"https:\/\/www.esin.av.tr\/tr\/#organization"},"potentialAction":[{"@type":"SearchAction","target":{"@type":"EntryPoint","urlTemplate":"https:\/\/www.esin.av.tr\/tr\/?s={search_term_string}"},"query-input":{"@type":"PropertyValueSpecification","valueRequired":true,"valueName":"search_term_string"}}],"inLanguage":"tr"},{"@type":"Organization","@id":"https:\/\/www.esin.av.tr\/tr\/#organization","name":"Esin Avukatl\u0131k Ortakl\u0131\u011f\u0131","url":"https:\/\/www.esin.av.tr\/tr\/","logo":{"@type":"ImageObject","inLanguage":"tr","@id":"https:\/\/www.esin.av.tr\/tr\/#\/schema\/logo\/image\/","url":"https:\/\/www.esin.av.tr\/wp-content\/uploads\/2021\/09\/esin-2.jpg","contentUrl":"https:\/\/www.esin.av.tr\/wp-content\/uploads\/2021\/09\/esin-2.jpg","width":800,"height":460,"caption":"Esin Avukatl\u0131k Ortakl\u0131\u011f\u0131"},"image":{"@id":"https:\/\/www.esin.av.tr\/tr\/#\/schema\/logo\/image\/"}},{"@type":"Person","@id":"https:\/\/www.esin.av.tr\/tr\/#\/schema\/person\/42c8e616aab56b8622fa365ad63282ae","name":"R\u0131dvan Konrat","image":{"@type":"ImageObject","inLanguage":"tr","@id":"https:\/\/www.esin.av.tr\/tr\/#\/schema\/person\/image\/","url":"https:\/\/secure.gravatar.com\/avatar\/b20c6c583be38ed4e76e32f69fccc676?s=96&d=mm&r=g","contentUrl":"https:\/\/secure.gravatar.com\/avatar\/b20c6c583be38ed4e76e32f69fccc676?s=96&d=mm&r=g","caption":"R\u0131dvan Konrat"},"sameAs":["http:\/\/www.esin.av.tr"],"url":"https:\/\/www.esin.av.tr\/tr\/author\/rkonrat\/"}]}},"_links":{"self":[{"href":"https:\/\/www.esin.av.tr\/tr\/wp-json\/wp\/v2\/posts\/17407","targetHints":{"allow":["GET"]}}],"collection":[{"href":"https:\/\/www.esin.av.tr\/tr\/wp-json\/wp\/v2\/posts"}],"about":[{"href":"https:\/\/www.esin.av.tr\/tr\/wp-json\/wp\/v2\/types\/post"}],"author":[{"embeddable":true,"href":"https:\/\/www.esin.av.tr\/tr\/wp-json\/wp\/v2\/users\/4"}],"replies":[{"embeddable":true,"href":"https:\/\/www.esin.av.tr\/tr\/wp-json\/wp\/v2\/comments?post=17407"}],"version-history":[{"count":1,"href":"https:\/\/www.esin.av.tr\/tr\/wp-json\/wp\/v2\/posts\/17407\/revisions"}],"predecessor-version":[{"id":17408,"href":"https:\/\/www.esin.av.tr\/tr\/wp-json\/wp\/v2\/posts\/17407\/revisions\/17408"}],"wp:attachment":[{"href":"https:\/\/www.esin.av.tr\/tr\/wp-json\/wp\/v2\/media?parent=17407"}],"wp:term":[{"taxonomy":"category","embeddable":true,"href":"https:\/\/www.esin.av.tr\/tr\/wp-json\/wp\/v2\/categories?post=17407"},{"taxonomy":"post_tag","embeddable":true,"href":"https:\/\/www.esin.av.tr\/tr\/wp-json\/wp\/v2\/tags?post=17407"}],"curies":[{"name":"wp","href":"https:\/\/api.w.org\/{rel}","templated":true}]}}