{"id":17382,"date":"2020-09-16T07:07:51","date_gmt":"2020-09-16T07:07:51","guid":{"rendered":"https:\/\/www.esin.av.tr\/?p=17382"},"modified":"2022-06-09T13:10:52","modified_gmt":"2022-06-09T13:10:52","slug":"saglik-sektorunde-yeni-normal-ii-covid-19un-saglik-sektorune-etkisi-ve-guncel-gelismeler","status":"publish","type":"post","link":"https:\/\/www.esin.av.tr\/tr\/2020\/09\/16\/saglik-sektorunde-yeni-normal-ii-covid-19un-saglik-sektorune-etkisi-ve-guncel-gelismeler\/","title":{"rendered":"Sa\u011fl\u0131k Sekt\u00f6r\u00fcnde Yeni Normal &#8211; II: COVID-19&#8217;un Sa\u011fl\u0131k Sekt\u00f6r\u00fcne Etkisi ve G\u00fcncel Geli\u015fmeler"},"content":{"rendered":"<p>29 Eyl\u00fcl 2020 Sal\u0131 g\u00fcn\u00fc 14:00 ila 15:00 aras\u0131nda Zoom arac\u0131l\u0131\u011f\u0131yla ger\u00e7ekle\u015ftirece\u011fimiz #EvdenHukuk Webinar serimizin yeni toplant\u0131s\u0131nda sizi aram\u0131zda g\u00f6rmek isteriz.<\/p>\n<p>\u0130lkini May\u0131s ay\u0131nda ger\u00e7ekle\u015ftirmi\u015f oldu\u011fumuz &#8220;Sa\u011fl\u0131k Sekt\u00f6r\u00fcnde Yeni Normal&#8221; konulu webinar serimizin ikincisinde a\u015fa\u011f\u0131daki konu ba\u015fl\u0131klar\u0131n\u0131 ele alaca\u011f\u0131z:<\/p>\n<ul>\n<li>COVID-19 d\u00f6neminde sa\u011fl\u0131k hukukunda al\u0131nan yeni \u00f6nlemler ila\u00e7 ve t\u0131bbi cihaz \u015firketlerini nas\u0131l etkiledi?<\/li>\n<li>\u0130la\u00e7 ve t\u0131bbi cihaz \u015firketlerinin &#8220;yeni normal&#8221; d\u00f6nemde faaliyetleri hukuken nas\u0131l etkilenecek?<\/li>\n<li>Uzaktan \u00e7al\u0131\u015fma d\u00fczeninde e-imza kullanabilir miyiz ve hangi e-imzay\u0131 kullanmal\u0131y\u0131z?<\/li>\n<li>Tan\u0131t\u0131m faaliyetleri ve klinik ara\u015ft\u0131rmalar hangi ko\u015fullarda ger\u00e7ekle\u015ftirilebilir?<\/li>\n<li>\u0130la\u00e7 ve t\u0131bbi cihaz \u015firketlerinin \u0130YS&#8217;ye kaydolmas\u0131 gerekiyor mu?<\/li>\n<\/ul>\n<p>Sayg\u0131lar\u0131m\u0131zla,<\/p>\n<p>Esin Avukatl\u0131k Ortakl\u0131\u011f\u0131<\/p>\n","protected":false},"excerpt":{"rendered":"<p>29 Eyl\u00fcl 2020 Sal\u0131 g\u00fcn\u00fc 14:00 ila 15:00 aras\u0131nda Zoom arac\u0131l\u0131\u011f\u0131yla ger\u00e7ekle\u015ftirece\u011fimiz #EvdenHukuk Webinar serimizin yeni toplant\u0131s\u0131nda sizi aram\u0131zda g\u00f6rmek [&hellip;]<\/p>\n","protected":false},"author":4,"featured_media":0,"comment_status":"closed","ping_status":"closed","sticky":false,"template":"","format":"standard","meta":{"_acf_changed":false,"_stopmodifiedupdate":false,"_modified_date":"","footnotes":""},"categories":[117,149],"tags":[],"class_list":["post-17382","post","type-post","status-publish","format-standard","hentry","category-webinar","category-covid-19-tr"],"acf":[],"yoast_head":"<!-- This site is optimized with the Yoast SEO plugin v24.0 - https:\/\/yoast.com\/wordpress\/plugins\/seo\/ -->\n<title>Sa\u011fl\u0131k Sekt\u00f6r\u00fcnde Yeni Normal - II: COVID-19&#039;un Sa\u011fl\u0131k Sekt\u00f6r\u00fcne Etkisi ve G\u00fcncel Geli\u015fmeler<\/title>\n<meta name=\"description\" content=\"29 Eyl\u00fcl 2020 Sal\u0131 g\u00fcn\u00fc 14:00 ila 15:00 aras\u0131nda Zoom arac\u0131l\u0131\u011f\u0131yla ger\u00e7ekle\u015ftirece\u011fimiz #EvdenHukuk Webinar serimizin yeni toplant\u0131s\u0131nda sizi aram\u0131zda\" \/>\n<meta name=\"robots\" content=\"index, follow, max-snippet:-1, max-image-preview:large, max-video-preview:-1\" \/>\n<link rel=\"canonical\" href=\"https:\/\/www.esin.av.tr\/tr\/2020\/09\/16\/saglik-sektorunde-yeni-normal-ii-covid-19un-saglik-sektorune-etkisi-ve-guncel-gelismeler\/\" \/>\n<meta property=\"og:locale\" content=\"tr_TR\" \/>\n<meta property=\"og:type\" content=\"article\" \/>\n<meta property=\"og:title\" content=\"Sa\u011fl\u0131k Sekt\u00f6r\u00fcnde Yeni Normal - II: COVID-19&#039;un Sa\u011fl\u0131k Sekt\u00f6r\u00fcne Etkisi ve G\u00fcncel Geli\u015fmeler\" \/>\n<meta property=\"og:description\" content=\"29 Eyl\u00fcl 2020 Sal\u0131 g\u00fcn\u00fc 14:00 ila 15:00 aras\u0131nda Zoom arac\u0131l\u0131\u011f\u0131yla ger\u00e7ekle\u015ftirece\u011fimiz #EvdenHukuk Webinar serimizin yeni toplant\u0131s\u0131nda sizi aram\u0131zda\" \/>\n<meta property=\"og:url\" content=\"https:\/\/www.esin.av.tr\/tr\/2020\/09\/16\/saglik-sektorunde-yeni-normal-ii-covid-19un-saglik-sektorune-etkisi-ve-guncel-gelismeler\/\" \/>\n<meta property=\"og:site_name\" content=\"Esin Avukatl\u0131k Ortakl\u0131\u011f\u0131\" \/>\n<meta property=\"article:published_time\" content=\"2020-09-16T07:07:51+00:00\" \/>\n<meta property=\"article:modified_time\" content=\"2022-06-09T13:10:52+00:00\" \/>\n<meta name=\"author\" content=\"R\u0131dvan Konrat\" \/>\n<meta name=\"twitter:card\" content=\"summary_large_image\" \/>\n<meta name=\"twitter:label1\" content=\"Written by\" \/>\n\t<meta name=\"twitter:data1\" content=\"R\u0131dvan Konrat\" \/>\n\t<meta name=\"twitter:label2\" content=\"Est. reading time\" \/>\n\t<meta name=\"twitter:data2\" content=\"1 minute\" \/>\n<script type=\"application\/ld+json\" class=\"yoast-schema-graph\">{\"@context\":\"https:\/\/schema.org\",\"@graph\":[{\"@type\":\"Article\",\"@id\":\"https:\/\/www.esin.av.tr\/tr\/2020\/09\/16\/saglik-sektorunde-yeni-normal-ii-covid-19un-saglik-sektorune-etkisi-ve-guncel-gelismeler\/#article\",\"isPartOf\":{\"@id\":\"https:\/\/www.esin.av.tr\/tr\/2020\/09\/16\/saglik-sektorunde-yeni-normal-ii-covid-19un-saglik-sektorune-etkisi-ve-guncel-gelismeler\/\"},\"author\":{\"name\":\"R\u0131dvan Konrat\",\"@id\":\"https:\/\/www.esin.av.tr\/tr\/#\/schema\/person\/42c8e616aab56b8622fa365ad63282ae\"},\"headline\":\"Sa\u011fl\u0131k Sekt\u00f6r\u00fcnde Yeni Normal &#8211; II: COVID-19&#8217;un Sa\u011fl\u0131k Sekt\u00f6r\u00fcne Etkisi ve G\u00fcncel Geli\u015fmeler\",\"datePublished\":\"2020-09-16T07:07:51+00:00\",\"dateModified\":\"2022-06-09T13:10:52+00:00\",\"mainEntityOfPage\":{\"@id\":\"https:\/\/www.esin.av.tr\/tr\/2020\/09\/16\/saglik-sektorunde-yeni-normal-ii-covid-19un-saglik-sektorune-etkisi-ve-guncel-gelismeler\/\"},\"wordCount\":169,\"publisher\":{\"@id\":\"https:\/\/www.esin.av.tr\/tr\/#organization\"},\"articleSection\":[\"Webinarlar\",\"Covid-19\"],\"inLanguage\":\"tr\"},{\"@type\":\"WebPage\",\"@id\":\"https:\/\/www.esin.av.tr\/tr\/2020\/09\/16\/saglik-sektorunde-yeni-normal-ii-covid-19un-saglik-sektorune-etkisi-ve-guncel-gelismeler\/\",\"url\":\"https:\/\/www.esin.av.tr\/tr\/2020\/09\/16\/saglik-sektorunde-yeni-normal-ii-covid-19un-saglik-sektorune-etkisi-ve-guncel-gelismeler\/\",\"name\":\"Sa\u011fl\u0131k Sekt\u00f6r\u00fcnde Yeni Normal - II: COVID-19'un Sa\u011fl\u0131k Sekt\u00f6r\u00fcne Etkisi ve G\u00fcncel Geli\u015fmeler\",\"isPartOf\":{\"@id\":\"https:\/\/www.esin.av.tr\/tr\/#website\"},\"datePublished\":\"2020-09-16T07:07:51+00:00\",\"dateModified\":\"2022-06-09T13:10:52+00:00\",\"description\":\"29 Eyl\u00fcl 2020 Sal\u0131 g\u00fcn\u00fc 14:00 ila 15:00 aras\u0131nda Zoom arac\u0131l\u0131\u011f\u0131yla ger\u00e7ekle\u015ftirece\u011fimiz #EvdenHukuk Webinar serimizin yeni toplant\u0131s\u0131nda sizi aram\u0131zda\",\"breadcrumb\":{\"@id\":\"https:\/\/www.esin.av.tr\/tr\/2020\/09\/16\/saglik-sektorunde-yeni-normal-ii-covid-19un-saglik-sektorune-etkisi-ve-guncel-gelismeler\/#breadcrumb\"},\"inLanguage\":\"tr\",\"potentialAction\":[{\"@type\":\"ReadAction\",\"target\":[\"https:\/\/www.esin.av.tr\/tr\/2020\/09\/16\/saglik-sektorunde-yeni-normal-ii-covid-19un-saglik-sektorune-etkisi-ve-guncel-gelismeler\/\"]}]},{\"@type\":\"BreadcrumbList\",\"@id\":\"https:\/\/www.esin.av.tr\/tr\/2020\/09\/16\/saglik-sektorunde-yeni-normal-ii-covid-19un-saglik-sektorune-etkisi-ve-guncel-gelismeler\/#breadcrumb\",\"itemListElement\":[{\"@type\":\"ListItem\",\"position\":1,\"name\":\"Home\",\"item\":\"https:\/\/www.esin.av.tr\/tr\/\"},{\"@type\":\"ListItem\",\"position\":2,\"name\":\"Sa\u011fl\u0131k Sekt\u00f6r\u00fcnde Yeni Normal &#8211; II: COVID-19&#8217;un Sa\u011fl\u0131k Sekt\u00f6r\u00fcne Etkisi ve G\u00fcncel Geli\u015fmeler\"}]},{\"@type\":\"WebSite\",\"@id\":\"https:\/\/www.esin.av.tr\/tr\/#website\",\"url\":\"https:\/\/www.esin.av.tr\/tr\/\",\"name\":\"Esin Avukatl\u0131k Ortakl\u0131\u011f\u0131\",\"description\":\"\",\"publisher\":{\"@id\":\"https:\/\/www.esin.av.tr\/tr\/#organization\"},\"potentialAction\":[{\"@type\":\"SearchAction\",\"target\":{\"@type\":\"EntryPoint\",\"urlTemplate\":\"https:\/\/www.esin.av.tr\/tr\/?s={search_term_string}\"},\"query-input\":{\"@type\":\"PropertyValueSpecification\",\"valueRequired\":true,\"valueName\":\"search_term_string\"}}],\"inLanguage\":\"tr\"},{\"@type\":\"Organization\",\"@id\":\"https:\/\/www.esin.av.tr\/tr\/#organization\",\"name\":\"Esin Avukatl\u0131k Ortakl\u0131\u011f\u0131\",\"url\":\"https:\/\/www.esin.av.tr\/tr\/\",\"logo\":{\"@type\":\"ImageObject\",\"inLanguage\":\"tr\",\"@id\":\"https:\/\/www.esin.av.tr\/tr\/#\/schema\/logo\/image\/\",\"url\":\"https:\/\/www.esin.av.tr\/wp-content\/uploads\/2021\/09\/esin-2.jpg\",\"contentUrl\":\"https:\/\/www.esin.av.tr\/wp-content\/uploads\/2021\/09\/esin-2.jpg\",\"width\":800,\"height\":460,\"caption\":\"Esin Avukatl\u0131k Ortakl\u0131\u011f\u0131\"},\"image\":{\"@id\":\"https:\/\/www.esin.av.tr\/tr\/#\/schema\/logo\/image\/\"}},{\"@type\":\"Person\",\"@id\":\"https:\/\/www.esin.av.tr\/tr\/#\/schema\/person\/42c8e616aab56b8622fa365ad63282ae\",\"name\":\"R\u0131dvan Konrat\",\"image\":{\"@type\":\"ImageObject\",\"inLanguage\":\"tr\",\"@id\":\"https:\/\/www.esin.av.tr\/tr\/#\/schema\/person\/image\/\",\"url\":\"https:\/\/secure.gravatar.com\/avatar\/b20c6c583be38ed4e76e32f69fccc676?s=96&d=mm&r=g\",\"contentUrl\":\"https:\/\/secure.gravatar.com\/avatar\/b20c6c583be38ed4e76e32f69fccc676?s=96&d=mm&r=g\",\"caption\":\"R\u0131dvan Konrat\"},\"sameAs\":[\"http:\/\/www.esin.av.tr\"],\"url\":\"https:\/\/www.esin.av.tr\/tr\/author\/rkonrat\/\"}]}<\/script>\n<!-- \/ Yoast SEO plugin. -->","yoast_head_json":{"title":"Sa\u011fl\u0131k Sekt\u00f6r\u00fcnde Yeni Normal - II: COVID-19'un Sa\u011fl\u0131k Sekt\u00f6r\u00fcne Etkisi ve G\u00fcncel Geli\u015fmeler","description":"29 Eyl\u00fcl 2020 Sal\u0131 g\u00fcn\u00fc 14:00 ila 15:00 aras\u0131nda Zoom arac\u0131l\u0131\u011f\u0131yla ger\u00e7ekle\u015ftirece\u011fimiz #EvdenHukuk Webinar serimizin yeni toplant\u0131s\u0131nda sizi aram\u0131zda","robots":{"index":"index","follow":"follow","max-snippet":"max-snippet:-1","max-image-preview":"max-image-preview:large","max-video-preview":"max-video-preview:-1"},"canonical":"https:\/\/www.esin.av.tr\/tr\/2020\/09\/16\/saglik-sektorunde-yeni-normal-ii-covid-19un-saglik-sektorune-etkisi-ve-guncel-gelismeler\/","og_locale":"tr_TR","og_type":"article","og_title":"Sa\u011fl\u0131k Sekt\u00f6r\u00fcnde Yeni Normal - II: COVID-19'un Sa\u011fl\u0131k Sekt\u00f6r\u00fcne Etkisi ve G\u00fcncel Geli\u015fmeler","og_description":"29 Eyl\u00fcl 2020 Sal\u0131 g\u00fcn\u00fc 14:00 ila 15:00 aras\u0131nda Zoom arac\u0131l\u0131\u011f\u0131yla ger\u00e7ekle\u015ftirece\u011fimiz #EvdenHukuk Webinar serimizin yeni toplant\u0131s\u0131nda sizi aram\u0131zda","og_url":"https:\/\/www.esin.av.tr\/tr\/2020\/09\/16\/saglik-sektorunde-yeni-normal-ii-covid-19un-saglik-sektorune-etkisi-ve-guncel-gelismeler\/","og_site_name":"Esin Avukatl\u0131k Ortakl\u0131\u011f\u0131","article_published_time":"2020-09-16T07:07:51+00:00","article_modified_time":"2022-06-09T13:10:52+00:00","author":"R\u0131dvan Konrat","twitter_card":"summary_large_image","twitter_misc":{"Written by":"R\u0131dvan Konrat","Est. reading time":"1 minute"},"schema":{"@context":"https:\/\/schema.org","@graph":[{"@type":"Article","@id":"https:\/\/www.esin.av.tr\/tr\/2020\/09\/16\/saglik-sektorunde-yeni-normal-ii-covid-19un-saglik-sektorune-etkisi-ve-guncel-gelismeler\/#article","isPartOf":{"@id":"https:\/\/www.esin.av.tr\/tr\/2020\/09\/16\/saglik-sektorunde-yeni-normal-ii-covid-19un-saglik-sektorune-etkisi-ve-guncel-gelismeler\/"},"author":{"name":"R\u0131dvan Konrat","@id":"https:\/\/www.esin.av.tr\/tr\/#\/schema\/person\/42c8e616aab56b8622fa365ad63282ae"},"headline":"Sa\u011fl\u0131k Sekt\u00f6r\u00fcnde Yeni Normal &#8211; II: COVID-19&#8217;un Sa\u011fl\u0131k Sekt\u00f6r\u00fcne Etkisi ve G\u00fcncel Geli\u015fmeler","datePublished":"2020-09-16T07:07:51+00:00","dateModified":"2022-06-09T13:10:52+00:00","mainEntityOfPage":{"@id":"https:\/\/www.esin.av.tr\/tr\/2020\/09\/16\/saglik-sektorunde-yeni-normal-ii-covid-19un-saglik-sektorune-etkisi-ve-guncel-gelismeler\/"},"wordCount":169,"publisher":{"@id":"https:\/\/www.esin.av.tr\/tr\/#organization"},"articleSection":["Webinarlar","Covid-19"],"inLanguage":"tr"},{"@type":"WebPage","@id":"https:\/\/www.esin.av.tr\/tr\/2020\/09\/16\/saglik-sektorunde-yeni-normal-ii-covid-19un-saglik-sektorune-etkisi-ve-guncel-gelismeler\/","url":"https:\/\/www.esin.av.tr\/tr\/2020\/09\/16\/saglik-sektorunde-yeni-normal-ii-covid-19un-saglik-sektorune-etkisi-ve-guncel-gelismeler\/","name":"Sa\u011fl\u0131k Sekt\u00f6r\u00fcnde Yeni Normal - II: COVID-19'un Sa\u011fl\u0131k Sekt\u00f6r\u00fcne Etkisi ve G\u00fcncel Geli\u015fmeler","isPartOf":{"@id":"https:\/\/www.esin.av.tr\/tr\/#website"},"datePublished":"2020-09-16T07:07:51+00:00","dateModified":"2022-06-09T13:10:52+00:00","description":"29 Eyl\u00fcl 2020 Sal\u0131 g\u00fcn\u00fc 14:00 ila 15:00 aras\u0131nda Zoom arac\u0131l\u0131\u011f\u0131yla ger\u00e7ekle\u015ftirece\u011fimiz #EvdenHukuk Webinar serimizin yeni toplant\u0131s\u0131nda sizi aram\u0131zda","breadcrumb":{"@id":"https:\/\/www.esin.av.tr\/tr\/2020\/09\/16\/saglik-sektorunde-yeni-normal-ii-covid-19un-saglik-sektorune-etkisi-ve-guncel-gelismeler\/#breadcrumb"},"inLanguage":"tr","potentialAction":[{"@type":"ReadAction","target":["https:\/\/www.esin.av.tr\/tr\/2020\/09\/16\/saglik-sektorunde-yeni-normal-ii-covid-19un-saglik-sektorune-etkisi-ve-guncel-gelismeler\/"]}]},{"@type":"BreadcrumbList","@id":"https:\/\/www.esin.av.tr\/tr\/2020\/09\/16\/saglik-sektorunde-yeni-normal-ii-covid-19un-saglik-sektorune-etkisi-ve-guncel-gelismeler\/#breadcrumb","itemListElement":[{"@type":"ListItem","position":1,"name":"Home","item":"https:\/\/www.esin.av.tr\/tr\/"},{"@type":"ListItem","position":2,"name":"Sa\u011fl\u0131k Sekt\u00f6r\u00fcnde Yeni Normal &#8211; II: COVID-19&#8217;un Sa\u011fl\u0131k Sekt\u00f6r\u00fcne Etkisi ve G\u00fcncel Geli\u015fmeler"}]},{"@type":"WebSite","@id":"https:\/\/www.esin.av.tr\/tr\/#website","url":"https:\/\/www.esin.av.tr\/tr\/","name":"Esin Avukatl\u0131k Ortakl\u0131\u011f\u0131","description":"","publisher":{"@id":"https:\/\/www.esin.av.tr\/tr\/#organization"},"potentialAction":[{"@type":"SearchAction","target":{"@type":"EntryPoint","urlTemplate":"https:\/\/www.esin.av.tr\/tr\/?s={search_term_string}"},"query-input":{"@type":"PropertyValueSpecification","valueRequired":true,"valueName":"search_term_string"}}],"inLanguage":"tr"},{"@type":"Organization","@id":"https:\/\/www.esin.av.tr\/tr\/#organization","name":"Esin Avukatl\u0131k Ortakl\u0131\u011f\u0131","url":"https:\/\/www.esin.av.tr\/tr\/","logo":{"@type":"ImageObject","inLanguage":"tr","@id":"https:\/\/www.esin.av.tr\/tr\/#\/schema\/logo\/image\/","url":"https:\/\/www.esin.av.tr\/wp-content\/uploads\/2021\/09\/esin-2.jpg","contentUrl":"https:\/\/www.esin.av.tr\/wp-content\/uploads\/2021\/09\/esin-2.jpg","width":800,"height":460,"caption":"Esin Avukatl\u0131k Ortakl\u0131\u011f\u0131"},"image":{"@id":"https:\/\/www.esin.av.tr\/tr\/#\/schema\/logo\/image\/"}},{"@type":"Person","@id":"https:\/\/www.esin.av.tr\/tr\/#\/schema\/person\/42c8e616aab56b8622fa365ad63282ae","name":"R\u0131dvan Konrat","image":{"@type":"ImageObject","inLanguage":"tr","@id":"https:\/\/www.esin.av.tr\/tr\/#\/schema\/person\/image\/","url":"https:\/\/secure.gravatar.com\/avatar\/b20c6c583be38ed4e76e32f69fccc676?s=96&d=mm&r=g","contentUrl":"https:\/\/secure.gravatar.com\/avatar\/b20c6c583be38ed4e76e32f69fccc676?s=96&d=mm&r=g","caption":"R\u0131dvan Konrat"},"sameAs":["http:\/\/www.esin.av.tr"],"url":"https:\/\/www.esin.av.tr\/tr\/author\/rkonrat\/"}]}},"_links":{"self":[{"href":"https:\/\/www.esin.av.tr\/tr\/wp-json\/wp\/v2\/posts\/17382","targetHints":{"allow":["GET"]}}],"collection":[{"href":"https:\/\/www.esin.av.tr\/tr\/wp-json\/wp\/v2\/posts"}],"about":[{"href":"https:\/\/www.esin.av.tr\/tr\/wp-json\/wp\/v2\/types\/post"}],"author":[{"embeddable":true,"href":"https:\/\/www.esin.av.tr\/tr\/wp-json\/wp\/v2\/users\/4"}],"replies":[{"embeddable":true,"href":"https:\/\/www.esin.av.tr\/tr\/wp-json\/wp\/v2\/comments?post=17382"}],"version-history":[{"count":1,"href":"https:\/\/www.esin.av.tr\/tr\/wp-json\/wp\/v2\/posts\/17382\/revisions"}],"predecessor-version":[{"id":17383,"href":"https:\/\/www.esin.av.tr\/tr\/wp-json\/wp\/v2\/posts\/17382\/revisions\/17383"}],"wp:attachment":[{"href":"https:\/\/www.esin.av.tr\/tr\/wp-json\/wp\/v2\/media?parent=17382"}],"wp:term":[{"taxonomy":"category","embeddable":true,"href":"https:\/\/www.esin.av.tr\/tr\/wp-json\/wp\/v2\/categories?post=17382"},{"taxonomy":"post_tag","embeddable":true,"href":"https:\/\/www.esin.av.tr\/tr\/wp-json\/wp\/v2\/tags?post=17382"}],"curies":[{"name":"wp","href":"https:\/\/api.w.org\/{rel}","templated":true}]}}