{"id":17304,"date":"2020-09-03T21:12:25","date_gmt":"2020-09-03T21:12:25","guid":{"rendered":"https:\/\/www.esin.av.tr\/?p=17304"},"modified":"2021-09-14T22:36:52","modified_gmt":"2021-09-14T22:36:52","slug":"turk-kambiyo-mevzuati-sermaye-hareketleri-genelgesinde-degisiklik","status":"publish","type":"post","link":"https:\/\/www.esin.av.tr\/tr\/2020\/09\/03\/turk-kambiyo-mevzuati-sermaye-hareketleri-genelgesinde-degisiklik\/","title":{"rendered":"T\u00fcrk Kambiyo Mevzuat\u0131: Sermaye Hareketleri Genelgesi&#8217;nde De\u011fi\u015fiklik"},"content":{"rendered":"<p><strong>Yeni Geli\u015fme<\/strong><\/p>\n<p>T\u00fcrkiye Cumhuriyet Merkez Bankas\u0131 (&#8220;<strong>TCMB<\/strong>&#8220;), kredi bakiyesinin hesaplanmas\u0131na ili\u015fkin olarak 26 A\u011fustos 2020 tarihinde Sermaye Hareketleri Genelgesi&#8217;nde de\u011fi\u015fiklik (&#8220;<strong>De\u011fi\u015fiklik<\/strong>&#8220;) yapt\u0131.<\/p>\n<p><strong>De\u011fi\u015fiklik Ne Getiriyor?<\/strong><\/p>\n<p>De\u011fi\u015fiklik uyar\u0131nca, T\u00fcrkiye&#8217;de yerle\u015fik ki\u015filere, mevzuata ayk\u0131r\u0131 olarak kulland\u0131r\u0131lan d\u00f6viz kredilerine ili\u015fkin tutarlar, ilgili ki\u015finin d\u00f6viz kredisi bakiyesi hesaplamas\u0131na d\u00e2hil edilecek.<\/p>\n<p>Bununla birlikte, ayk\u0131r\u0131 kullan\u0131ma ili\u015fkin tutar\u0131n eklenmesi sonucunda kredi bakiyesinin 15 milyon ABD dolar\u0131n\u0131 a\u015fmas\u0131 halinde, ayk\u0131r\u0131 kullan\u0131mdan kaynaklanan tutar\u0131n a\u015f\u0131ma neden olan k\u0131sm\u0131 kredi bakiyesi hesaplamas\u0131nda dikkate al\u0131nmayacak.<\/p>\n<p><strong>Sonu\u00e7<\/strong><\/p>\n<p>De\u011fi\u015fiklik ile birlikte, yeni kredi kullan\u0131m\u0131 kapsam\u0131nda, 15 milyon ABD dolar\u0131 d\u00f6viz kredisi bakiyesi bulundurmaya ili\u015fkin hesaplama yap\u0131l\u0131rken, mevzuata ayk\u0131r\u0131 \u015fekilde kullan\u0131lan d\u00f6viz kredilerinden faydalan\u0131lamayaca\u011f\u0131 netle\u015ftirildi.<\/p>\n","protected":false},"excerpt":{"rendered":"<p>Yeni Geli\u015fme T\u00fcrkiye Cumhuriyet Merkez Bankas\u0131 (&#8220;TCMB&#8220;), kredi bakiyesinin hesaplanmas\u0131na ili\u015fkin olarak 26 A\u011fustos 2020 tarihinde Sermaye Hareketleri Genelgesi&#8217;nde de\u011fi\u015fiklik [&hellip;]<\/p>\n","protected":false},"author":4,"featured_media":0,"comment_status":"closed","ping_status":"closed","sticky":false,"template":"","format":"standard","meta":{"_acf_changed":false,"_stopmodifiedupdate":false,"_modified_date":"","footnotes":""},"categories":[120],"tags":[90],"class_list":["post-17304","post","type-post","status-publish","format-standard","hentry","category-legal-alerts","tag-banking-finance-tr"],"acf":[],"yoast_head":"<!-- This site is optimized with the Yoast SEO plugin v24.0 - https:\/\/yoast.com\/wordpress\/plugins\/seo\/ -->\n<title>T\u00fcrk Kambiyo Mevzuat\u0131: Sermaye Hareketleri Genelgesi&#039;nde De\u011fi\u015fiklik<\/title>\n<meta name=\"description\" content=\"Yeni Geli\u015fme T\u00fcrkiye Cumhuriyet Merkez Bankas\u0131 (&quot;TCMB&quot;), kredi bakiyesinin hesaplanmas\u0131na ili\u015fkin olarak 26 A\u011fustos 2020 tarihinde Sermaye Hareketleri\" \/>\n<meta name=\"robots\" content=\"index, follow, max-snippet:-1, max-image-preview:large, max-video-preview:-1\" \/>\n<link rel=\"canonical\" href=\"https:\/\/www.esin.av.tr\/tr\/2020\/09\/03\/turk-kambiyo-mevzuati-sermaye-hareketleri-genelgesinde-degisiklik\/\" \/>\n<meta property=\"og:locale\" content=\"tr_TR\" \/>\n<meta property=\"og:type\" content=\"article\" \/>\n<meta property=\"og:title\" content=\"T\u00fcrk Kambiyo Mevzuat\u0131: Sermaye Hareketleri Genelgesi&#039;nde De\u011fi\u015fiklik\" \/>\n<meta property=\"og:description\" content=\"Yeni Geli\u015fme T\u00fcrkiye Cumhuriyet Merkez Bankas\u0131 (&quot;TCMB&quot;), kredi bakiyesinin hesaplanmas\u0131na ili\u015fkin olarak 26 A\u011fustos 2020 tarihinde Sermaye Hareketleri\" \/>\n<meta property=\"og:url\" content=\"https:\/\/www.esin.av.tr\/tr\/2020\/09\/03\/turk-kambiyo-mevzuati-sermaye-hareketleri-genelgesinde-degisiklik\/\" \/>\n<meta property=\"og:site_name\" content=\"Esin Avukatl\u0131k Ortakl\u0131\u011f\u0131\" \/>\n<meta property=\"article:published_time\" content=\"2020-09-03T21:12:25+00:00\" \/>\n<meta property=\"article:modified_time\" content=\"2021-09-14T22:36:52+00:00\" \/>\n<meta name=\"author\" content=\"R\u0131dvan Konrat\" \/>\n<meta name=\"twitter:card\" content=\"summary_large_image\" \/>\n<meta name=\"twitter:label1\" content=\"Written by\" \/>\n\t<meta name=\"twitter:data1\" content=\"R\u0131dvan Konrat\" \/>\n\t<meta name=\"twitter:label2\" content=\"Est. reading time\" \/>\n\t<meta name=\"twitter:data2\" content=\"1 minute\" \/>\n<script type=\"application\/ld+json\" class=\"yoast-schema-graph\">{\"@context\":\"https:\/\/schema.org\",\"@graph\":[{\"@type\":\"Article\",\"@id\":\"https:\/\/www.esin.av.tr\/tr\/2020\/09\/03\/turk-kambiyo-mevzuati-sermaye-hareketleri-genelgesinde-degisiklik\/#article\",\"isPartOf\":{\"@id\":\"https:\/\/www.esin.av.tr\/tr\/2020\/09\/03\/turk-kambiyo-mevzuati-sermaye-hareketleri-genelgesinde-degisiklik\/\"},\"author\":{\"name\":\"R\u0131dvan Konrat\",\"@id\":\"https:\/\/www.esin.av.tr\/tr\/#\/schema\/person\/42c8e616aab56b8622fa365ad63282ae\"},\"headline\":\"T\u00fcrk Kambiyo Mevzuat\u0131: Sermaye Hareketleri Genelgesi&#8217;nde De\u011fi\u015fiklik\",\"datePublished\":\"2020-09-03T21:12:25+00:00\",\"dateModified\":\"2021-09-14T22:36:52+00:00\",\"mainEntityOfPage\":{\"@id\":\"https:\/\/www.esin.av.tr\/tr\/2020\/09\/03\/turk-kambiyo-mevzuati-sermaye-hareketleri-genelgesinde-degisiklik\/\"},\"wordCount\":163,\"publisher\":{\"@id\":\"https:\/\/www.esin.av.tr\/tr\/#organization\"},\"keywords\":[\"Bankac\u0131l\u0131k ve Finans\"],\"articleSection\":[\"Hukuk B\u00fcltenleri\"],\"inLanguage\":\"tr\"},{\"@type\":\"WebPage\",\"@id\":\"https:\/\/www.esin.av.tr\/tr\/2020\/09\/03\/turk-kambiyo-mevzuati-sermaye-hareketleri-genelgesinde-degisiklik\/\",\"url\":\"https:\/\/www.esin.av.tr\/tr\/2020\/09\/03\/turk-kambiyo-mevzuati-sermaye-hareketleri-genelgesinde-degisiklik\/\",\"name\":\"T\u00fcrk Kambiyo Mevzuat\u0131: Sermaye Hareketleri Genelgesi'nde De\u011fi\u015fiklik\",\"isPartOf\":{\"@id\":\"https:\/\/www.esin.av.tr\/tr\/#website\"},\"datePublished\":\"2020-09-03T21:12:25+00:00\",\"dateModified\":\"2021-09-14T22:36:52+00:00\",\"description\":\"Yeni Geli\u015fme T\u00fcrkiye Cumhuriyet Merkez Bankas\u0131 (\\\"TCMB\\\"), kredi bakiyesinin hesaplanmas\u0131na ili\u015fkin olarak 26 A\u011fustos 2020 tarihinde Sermaye Hareketleri\",\"breadcrumb\":{\"@id\":\"https:\/\/www.esin.av.tr\/tr\/2020\/09\/03\/turk-kambiyo-mevzuati-sermaye-hareketleri-genelgesinde-degisiklik\/#breadcrumb\"},\"inLanguage\":\"tr\",\"potentialAction\":[{\"@type\":\"ReadAction\",\"target\":[\"https:\/\/www.esin.av.tr\/tr\/2020\/09\/03\/turk-kambiyo-mevzuati-sermaye-hareketleri-genelgesinde-degisiklik\/\"]}]},{\"@type\":\"BreadcrumbList\",\"@id\":\"https:\/\/www.esin.av.tr\/tr\/2020\/09\/03\/turk-kambiyo-mevzuati-sermaye-hareketleri-genelgesinde-degisiklik\/#breadcrumb\",\"itemListElement\":[{\"@type\":\"ListItem\",\"position\":1,\"name\":\"Home\",\"item\":\"https:\/\/www.esin.av.tr\/tr\/\"},{\"@type\":\"ListItem\",\"position\":2,\"name\":\"T\u00fcrk Kambiyo Mevzuat\u0131: Sermaye Hareketleri Genelgesi&#8217;nde De\u011fi\u015fiklik\"}]},{\"@type\":\"WebSite\",\"@id\":\"https:\/\/www.esin.av.tr\/tr\/#website\",\"url\":\"https:\/\/www.esin.av.tr\/tr\/\",\"name\":\"Esin Avukatl\u0131k Ortakl\u0131\u011f\u0131\",\"description\":\"\",\"publisher\":{\"@id\":\"https:\/\/www.esin.av.tr\/tr\/#organization\"},\"potentialAction\":[{\"@type\":\"SearchAction\",\"target\":{\"@type\":\"EntryPoint\",\"urlTemplate\":\"https:\/\/www.esin.av.tr\/tr\/?s={search_term_string}\"},\"query-input\":{\"@type\":\"PropertyValueSpecification\",\"valueRequired\":true,\"valueName\":\"search_term_string\"}}],\"inLanguage\":\"tr\"},{\"@type\":\"Organization\",\"@id\":\"https:\/\/www.esin.av.tr\/tr\/#organization\",\"name\":\"Esin Avukatl\u0131k Ortakl\u0131\u011f\u0131\",\"url\":\"https:\/\/www.esin.av.tr\/tr\/\",\"logo\":{\"@type\":\"ImageObject\",\"inLanguage\":\"tr\",\"@id\":\"https:\/\/www.esin.av.tr\/tr\/#\/schema\/logo\/image\/\",\"url\":\"https:\/\/www.esin.av.tr\/wp-content\/uploads\/2021\/09\/esin-2.jpg\",\"contentUrl\":\"https:\/\/www.esin.av.tr\/wp-content\/uploads\/2021\/09\/esin-2.jpg\",\"width\":800,\"height\":460,\"caption\":\"Esin Avukatl\u0131k Ortakl\u0131\u011f\u0131\"},\"image\":{\"@id\":\"https:\/\/www.esin.av.tr\/tr\/#\/schema\/logo\/image\/\"}},{\"@type\":\"Person\",\"@id\":\"https:\/\/www.esin.av.tr\/tr\/#\/schema\/person\/42c8e616aab56b8622fa365ad63282ae\",\"name\":\"R\u0131dvan Konrat\",\"image\":{\"@type\":\"ImageObject\",\"inLanguage\":\"tr\",\"@id\":\"https:\/\/www.esin.av.tr\/tr\/#\/schema\/person\/image\/\",\"url\":\"https:\/\/secure.gravatar.com\/avatar\/b20c6c583be38ed4e76e32f69fccc676?s=96&d=mm&r=g\",\"contentUrl\":\"https:\/\/secure.gravatar.com\/avatar\/b20c6c583be38ed4e76e32f69fccc676?s=96&d=mm&r=g\",\"caption\":\"R\u0131dvan Konrat\"},\"sameAs\":[\"http:\/\/www.esin.av.tr\"],\"url\":\"https:\/\/www.esin.av.tr\/tr\/author\/rkonrat\/\"}]}<\/script>\n<!-- \/ Yoast SEO plugin. -->","yoast_head_json":{"title":"T\u00fcrk Kambiyo Mevzuat\u0131: Sermaye Hareketleri Genelgesi'nde De\u011fi\u015fiklik","description":"Yeni Geli\u015fme T\u00fcrkiye Cumhuriyet Merkez Bankas\u0131 (\"TCMB\"), kredi bakiyesinin hesaplanmas\u0131na ili\u015fkin olarak 26 A\u011fustos 2020 tarihinde Sermaye Hareketleri","robots":{"index":"index","follow":"follow","max-snippet":"max-snippet:-1","max-image-preview":"max-image-preview:large","max-video-preview":"max-video-preview:-1"},"canonical":"https:\/\/www.esin.av.tr\/tr\/2020\/09\/03\/turk-kambiyo-mevzuati-sermaye-hareketleri-genelgesinde-degisiklik\/","og_locale":"tr_TR","og_type":"article","og_title":"T\u00fcrk Kambiyo Mevzuat\u0131: Sermaye Hareketleri Genelgesi'nde De\u011fi\u015fiklik","og_description":"Yeni Geli\u015fme T\u00fcrkiye Cumhuriyet Merkez Bankas\u0131 (\"TCMB\"), kredi bakiyesinin hesaplanmas\u0131na ili\u015fkin olarak 26 A\u011fustos 2020 tarihinde Sermaye Hareketleri","og_url":"https:\/\/www.esin.av.tr\/tr\/2020\/09\/03\/turk-kambiyo-mevzuati-sermaye-hareketleri-genelgesinde-degisiklik\/","og_site_name":"Esin Avukatl\u0131k Ortakl\u0131\u011f\u0131","article_published_time":"2020-09-03T21:12:25+00:00","article_modified_time":"2021-09-14T22:36:52+00:00","author":"R\u0131dvan Konrat","twitter_card":"summary_large_image","twitter_misc":{"Written by":"R\u0131dvan Konrat","Est. reading time":"1 minute"},"schema":{"@context":"https:\/\/schema.org","@graph":[{"@type":"Article","@id":"https:\/\/www.esin.av.tr\/tr\/2020\/09\/03\/turk-kambiyo-mevzuati-sermaye-hareketleri-genelgesinde-degisiklik\/#article","isPartOf":{"@id":"https:\/\/www.esin.av.tr\/tr\/2020\/09\/03\/turk-kambiyo-mevzuati-sermaye-hareketleri-genelgesinde-degisiklik\/"},"author":{"name":"R\u0131dvan Konrat","@id":"https:\/\/www.esin.av.tr\/tr\/#\/schema\/person\/42c8e616aab56b8622fa365ad63282ae"},"headline":"T\u00fcrk Kambiyo Mevzuat\u0131: Sermaye Hareketleri Genelgesi&#8217;nde De\u011fi\u015fiklik","datePublished":"2020-09-03T21:12:25+00:00","dateModified":"2021-09-14T22:36:52+00:00","mainEntityOfPage":{"@id":"https:\/\/www.esin.av.tr\/tr\/2020\/09\/03\/turk-kambiyo-mevzuati-sermaye-hareketleri-genelgesinde-degisiklik\/"},"wordCount":163,"publisher":{"@id":"https:\/\/www.esin.av.tr\/tr\/#organization"},"keywords":["Bankac\u0131l\u0131k ve Finans"],"articleSection":["Hukuk B\u00fcltenleri"],"inLanguage":"tr"},{"@type":"WebPage","@id":"https:\/\/www.esin.av.tr\/tr\/2020\/09\/03\/turk-kambiyo-mevzuati-sermaye-hareketleri-genelgesinde-degisiklik\/","url":"https:\/\/www.esin.av.tr\/tr\/2020\/09\/03\/turk-kambiyo-mevzuati-sermaye-hareketleri-genelgesinde-degisiklik\/","name":"T\u00fcrk Kambiyo Mevzuat\u0131: Sermaye Hareketleri Genelgesi'nde De\u011fi\u015fiklik","isPartOf":{"@id":"https:\/\/www.esin.av.tr\/tr\/#website"},"datePublished":"2020-09-03T21:12:25+00:00","dateModified":"2021-09-14T22:36:52+00:00","description":"Yeni Geli\u015fme T\u00fcrkiye Cumhuriyet Merkez Bankas\u0131 (\"TCMB\"), kredi bakiyesinin hesaplanmas\u0131na ili\u015fkin olarak 26 A\u011fustos 2020 tarihinde Sermaye Hareketleri","breadcrumb":{"@id":"https:\/\/www.esin.av.tr\/tr\/2020\/09\/03\/turk-kambiyo-mevzuati-sermaye-hareketleri-genelgesinde-degisiklik\/#breadcrumb"},"inLanguage":"tr","potentialAction":[{"@type":"ReadAction","target":["https:\/\/www.esin.av.tr\/tr\/2020\/09\/03\/turk-kambiyo-mevzuati-sermaye-hareketleri-genelgesinde-degisiklik\/"]}]},{"@type":"BreadcrumbList","@id":"https:\/\/www.esin.av.tr\/tr\/2020\/09\/03\/turk-kambiyo-mevzuati-sermaye-hareketleri-genelgesinde-degisiklik\/#breadcrumb","itemListElement":[{"@type":"ListItem","position":1,"name":"Home","item":"https:\/\/www.esin.av.tr\/tr\/"},{"@type":"ListItem","position":2,"name":"T\u00fcrk Kambiyo Mevzuat\u0131: Sermaye Hareketleri Genelgesi&#8217;nde De\u011fi\u015fiklik"}]},{"@type":"WebSite","@id":"https:\/\/www.esin.av.tr\/tr\/#website","url":"https:\/\/www.esin.av.tr\/tr\/","name":"Esin Avukatl\u0131k Ortakl\u0131\u011f\u0131","description":"","publisher":{"@id":"https:\/\/www.esin.av.tr\/tr\/#organization"},"potentialAction":[{"@type":"SearchAction","target":{"@type":"EntryPoint","urlTemplate":"https:\/\/www.esin.av.tr\/tr\/?s={search_term_string}"},"query-input":{"@type":"PropertyValueSpecification","valueRequired":true,"valueName":"search_term_string"}}],"inLanguage":"tr"},{"@type":"Organization","@id":"https:\/\/www.esin.av.tr\/tr\/#organization","name":"Esin Avukatl\u0131k Ortakl\u0131\u011f\u0131","url":"https:\/\/www.esin.av.tr\/tr\/","logo":{"@type":"ImageObject","inLanguage":"tr","@id":"https:\/\/www.esin.av.tr\/tr\/#\/schema\/logo\/image\/","url":"https:\/\/www.esin.av.tr\/wp-content\/uploads\/2021\/09\/esin-2.jpg","contentUrl":"https:\/\/www.esin.av.tr\/wp-content\/uploads\/2021\/09\/esin-2.jpg","width":800,"height":460,"caption":"Esin Avukatl\u0131k Ortakl\u0131\u011f\u0131"},"image":{"@id":"https:\/\/www.esin.av.tr\/tr\/#\/schema\/logo\/image\/"}},{"@type":"Person","@id":"https:\/\/www.esin.av.tr\/tr\/#\/schema\/person\/42c8e616aab56b8622fa365ad63282ae","name":"R\u0131dvan Konrat","image":{"@type":"ImageObject","inLanguage":"tr","@id":"https:\/\/www.esin.av.tr\/tr\/#\/schema\/person\/image\/","url":"https:\/\/secure.gravatar.com\/avatar\/b20c6c583be38ed4e76e32f69fccc676?s=96&d=mm&r=g","contentUrl":"https:\/\/secure.gravatar.com\/avatar\/b20c6c583be38ed4e76e32f69fccc676?s=96&d=mm&r=g","caption":"R\u0131dvan Konrat"},"sameAs":["http:\/\/www.esin.av.tr"],"url":"https:\/\/www.esin.av.tr\/tr\/author\/rkonrat\/"}]}},"_links":{"self":[{"href":"https:\/\/www.esin.av.tr\/tr\/wp-json\/wp\/v2\/posts\/17304","targetHints":{"allow":["GET"]}}],"collection":[{"href":"https:\/\/www.esin.av.tr\/tr\/wp-json\/wp\/v2\/posts"}],"about":[{"href":"https:\/\/www.esin.av.tr\/tr\/wp-json\/wp\/v2\/types\/post"}],"author":[{"embeddable":true,"href":"https:\/\/www.esin.av.tr\/tr\/wp-json\/wp\/v2\/users\/4"}],"replies":[{"embeddable":true,"href":"https:\/\/www.esin.av.tr\/tr\/wp-json\/wp\/v2\/comments?post=17304"}],"version-history":[{"count":1,"href":"https:\/\/www.esin.av.tr\/tr\/wp-json\/wp\/v2\/posts\/17304\/revisions"}],"predecessor-version":[{"id":17305,"href":"https:\/\/www.esin.av.tr\/tr\/wp-json\/wp\/v2\/posts\/17304\/revisions\/17305"}],"wp:attachment":[{"href":"https:\/\/www.esin.av.tr\/tr\/wp-json\/wp\/v2\/media?parent=17304"}],"wp:term":[{"taxonomy":"category","embeddable":true,"href":"https:\/\/www.esin.av.tr\/tr\/wp-json\/wp\/v2\/categories?post=17304"},{"taxonomy":"post_tag","embeddable":true,"href":"https:\/\/www.esin.av.tr\/tr\/wp-json\/wp\/v2\/tags?post=17304"}],"curies":[{"name":"wp","href":"https:\/\/api.w.org\/{rel}","templated":true}]}}