{"id":17276,"date":"2020-09-01T14:26:05","date_gmt":"2020-09-01T14:26:05","guid":{"rendered":"https:\/\/www.esin.av.tr\/?p=17276"},"modified":"2022-06-09T13:11:05","modified_gmt":"2022-06-09T13:11:05","slug":"covid-19-kisa-calisma-iki-ay-uzatildi","status":"publish","type":"post","link":"https:\/\/www.esin.av.tr\/tr\/2020\/09\/01\/covid-19-kisa-calisma-iki-ay-uzatildi\/","title":{"rendered":"COVID-19: K\u0131sa \u00c7al\u0131\u015fma \u0130ki Ay Uzat\u0131ld\u0131"},"content":{"rendered":"<p><strong>Yeni Geli\u015fme<\/strong><\/p>\n<p>COVID-19 salg\u0131n\u0131 nedeniyle al\u0131nan \u00f6nlemler kapsam\u0131nda k\u0131sa \u00e7al\u0131\u015fma \u00f6dene\u011fi 2706 say\u0131l\u0131 ve 2810 say\u0131l\u0131 Cumhurba\u015fkan\u0131 Kararlar\u0131 ile iki defa uzat\u0131lm\u0131\u015ft\u0131.<\/p>\n<p>31 A\u011fustos 2020 tarihli ve 31230 say\u0131l\u0131 Resmi Gazete&#8217;de yay\u0131nlanan 2915 say\u0131l\u0131 Cumhurba\u015fkan\u0131 Karar\u0131 ile k\u0131sa \u00e7al\u0131\u015fma \u00f6dene\u011fi, bu sefer iki ayl\u0131k bir s\u00fcre i\u00e7in olmak \u00fczere yeniden uzat\u0131lm\u0131\u015ft\u0131r.<\/p>\n<p><strong>Cumhurba\u015fkan\u0131 Karar\u0131 Neleri D\u00fczenliyor?<\/strong><\/p>\n<p>COVID-19&#8217;dan kaynaklanan zorlay\u0131c\u0131 nedenler y\u00fcz\u00fcnden 30 Haziran 2020 tarihine kadar (ve bu tarih d\u00e2hil olmak \u00fczere) k\u0131sa \u00e7al\u0131\u015fma \u00f6dene\u011finden yararlanmak i\u00e7in ba\u015fvuran i\u015fyerleri i\u00e7in k\u0131sa \u00e7al\u0131\u015fma \u00f6dene\u011fi, yeni bir ba\u015fvuru ve uygunluk tespiti yap\u0131lmas\u0131na gerek bulunmaks\u0131z\u0131n, daha \u00f6nce k\u0131sa \u00e7al\u0131\u015fmadan yararlanan ayn\u0131 i\u015f\u00e7iler i\u00e7in ve ayn\u0131 \u015fartlar\u0131 a\u015fmamak kayd\u0131yla 2706 say\u0131l\u0131 Cumhurba\u015fkan\u0131 Karar\u0131 ile bir ay uzat\u0131lm\u0131\u015ft\u0131.<\/p>\n<ol>\n<li>30 Haziran 2020 tarihinden \u00f6nce k\u0131sa \u00e7al\u0131\u015fma uygulamas\u0131n\u0131n sona ermi\u015f oldu\u011fu i\u015fyerleri i\u00e7in bir ayl\u0131k uzatma s\u00fcresi 1 Temmuz 2020 tarihinden itibaren ba\u015flam\u0131\u015ft\u0131.<\/li>\n<li>30 Haziran 2020 tarihi itibariyle k\u0131sa \u00e7al\u0131\u015fma uygulamas\u0131n\u0131n devam etti\u011fi i\u015fyerleri i\u00e7in bir ayl\u0131k uzatma s\u00fcresi k\u0131sa \u00e7al\u0131\u015fman\u0131n ilgili i\u015fyeri i\u00e7in sona erdi\u011fi tarihten itibaren ba\u015flam\u0131\u015ft\u0131.<\/li>\n<\/ol>\n<p>2810 say\u0131l\u0131 Cumhurba\u015fkan\u0131 Karar\u0131 ile k\u0131sa \u00e7al\u0131\u015fma \u00f6dene\u011finin s\u00fcresi yukar\u0131da belirtilen esaslar \u00e7er\u00e7evesinde bir ay daha uzat\u0131lm\u0131\u015ft\u0131. S\u00f6z konusu ikinci uzatma s\u00fcresi, yukar\u0131da (i) ve (ii) kapsam\u0131nda a\u00e7\u0131klanan ilk bir ayl\u0131k uzatma s\u00fcresinden sonra ba\u015flam\u0131\u015ft\u0131.<\/p>\n<p>\u015eimdi ise 2915 say\u0131l\u0131 Cumhurba\u015fkan\u0131 Karar\u0131 ile k\u0131sa \u00e7al\u0131\u015fma \u00f6dene\u011finin s\u00fcresi ayn\u0131 esaslar \u00e7er\u00e7evesinde iki ay daha uzat\u0131lm\u0131\u015ft\u0131r. \u0130ki ayl\u0131k uzatma s\u00fcresi, yukar\u0131da bahsi ge\u00e7en ikinci bir ayl\u0131k uzatma s\u00fcresinin bitiminden itibaren ba\u015flayacakt\u0131r.<\/p>\n<p><strong>Sonu\u00e7 <\/strong><\/p>\n<p>COVID-19 salg\u0131n\u0131, T\u00fcrkiye&#8217;yi ve T\u00fcrkiye&#8217;deki \u00e7al\u0131\u015fma ya\u015fam\u0131na dair uygulamalar\u0131 esasl\u0131 bir \u015fekilde etkilemi\u015ftir. \u0130\u015fverenlere destek olmak ve \u00e7al\u0131\u015fanlar\u0131 korumak amac\u0131yla baz\u0131 uygulamalar\u0131n y\u00fcr\u00fcrl\u00fc\u011fe konulmas\u0131na devam edilmektedir. \u0130\u015fverenlerin COVID-19 salg\u0131n\u0131na ili\u015fkin geli\u015fmeler olduk\u00e7a konu ile ilgili t\u00fcm hukuki de\u011fi\u015fiklikleri yak\u0131ndan takip etmelerini tavsiye ederiz.<\/p>\n<p><strong>COVID-19 salg\u0131n\u0131 ile ilgili hukuki d\u00fczenlemelerle ilgili bilgilere <u><a href=\"https:\/\/urldefense.com\/v3\/__https:\/esinxchange.com\/collect\/click.aspx?u=Q2pFSWhuM3lPeHNwcVh4UFNVN3ZtL3I1emFNcjJLS25KYnEwMUZBdkgzb0VQeTI5RXdZNnZ0UHRqekV1MEdDK3kyNUtRekc3MzhTZ3FBQ096cDhDVEEwZE03WjgySW1nRTI4TjFENU1GTHlobFNQbnA4Z3E4eFkyZDZIaS92VFYxQVZpdmtwNmRNU0pPSzkvK3dEYXF4M0g5dmRlY2hmM0R5bTloS0FNaUowRGo1OTJRNXZRdkd4SWhjeTdmczgzTXVZUW9pZ21YcjU0cGFYc2FMSFF6UT09&amp;rh=ff00684125ed6372b03a63468040a09146030e81__;!!Hj9Y_P0nvg!DLZTgaqdsai6AX9p9LK1sy8ekdDY-StcAmUCsve1Rea6LGlr1r1apRR_M0KsfBsY82kxAQ$\">Esin Avukatl\u0131k Ortakl\u0131\u011f\u0131 Coronavir\u00fcs Masas\u0131<\/a><\/u>&#8216;ndan ula\u015fabilirsiniz.<\/strong><\/p>\n","protected":false},"excerpt":{"rendered":"<p>Yeni Geli\u015fme COVID-19 salg\u0131n\u0131 nedeniyle al\u0131nan \u00f6nlemler kapsam\u0131nda k\u0131sa \u00e7al\u0131\u015fma \u00f6dene\u011fi 2706 say\u0131l\u0131 ve 2810 say\u0131l\u0131 Cumhurba\u015fkan\u0131 Kararlar\u0131 ile iki [&hellip;]<\/p>\n","protected":false},"author":4,"featured_media":0,"comment_status":"closed","ping_status":"closed","sticky":false,"template":"","format":"standard","meta":{"_acf_changed":false,"_stopmodifiedupdate":false,"_modified_date":"","footnotes":""},"categories":[120,149],"tags":[101],"class_list":["post-17276","post","type-post","status-publish","format-standard","hentry","category-legal-alerts","category-covid-19-tr","tag-employment-tr"],"acf":[],"yoast_head":"<!-- This site is optimized with the Yoast SEO plugin v24.0 - https:\/\/yoast.com\/wordpress\/plugins\/seo\/ -->\n<title>COVID-19: K\u0131sa \u00c7al\u0131\u015fma \u0130ki Ay Uzat\u0131ld\u0131<\/title>\n<meta name=\"description\" content=\"Yeni Geli\u015fme COVID-19 salg\u0131n\u0131 nedeniyle al\u0131nan \u00f6nlemler kapsam\u0131nda k\u0131sa \u00e7al\u0131\u015fma \u00f6dene\u011fi 2706 say\u0131l\u0131 ve 2810 say\u0131l\u0131 Cumhurba\u015fkan\u0131 Kararlar\u0131 ile iki defa\" \/>\n<meta name=\"robots\" content=\"index, follow, max-snippet:-1, max-image-preview:large, max-video-preview:-1\" \/>\n<link rel=\"canonical\" href=\"https:\/\/www.esin.av.tr\/tr\/2020\/09\/01\/covid-19-kisa-calisma-iki-ay-uzatildi\/\" \/>\n<meta property=\"og:locale\" content=\"tr_TR\" \/>\n<meta property=\"og:type\" content=\"article\" \/>\n<meta property=\"og:title\" content=\"COVID-19: K\u0131sa \u00c7al\u0131\u015fma \u0130ki Ay Uzat\u0131ld\u0131\" \/>\n<meta property=\"og:description\" content=\"Yeni Geli\u015fme COVID-19 salg\u0131n\u0131 nedeniyle al\u0131nan \u00f6nlemler kapsam\u0131nda k\u0131sa \u00e7al\u0131\u015fma \u00f6dene\u011fi 2706 say\u0131l\u0131 ve 2810 say\u0131l\u0131 Cumhurba\u015fkan\u0131 Kararlar\u0131 ile iki defa\" \/>\n<meta property=\"og:url\" content=\"https:\/\/www.esin.av.tr\/tr\/2020\/09\/01\/covid-19-kisa-calisma-iki-ay-uzatildi\/\" \/>\n<meta property=\"og:site_name\" content=\"Esin Avukatl\u0131k Ortakl\u0131\u011f\u0131\" \/>\n<meta property=\"article:published_time\" content=\"2020-09-01T14:26:05+00:00\" \/>\n<meta property=\"article:modified_time\" content=\"2022-06-09T13:11:05+00:00\" \/>\n<meta name=\"author\" content=\"R\u0131dvan Konrat\" \/>\n<meta name=\"twitter:card\" content=\"summary_large_image\" \/>\n<meta name=\"twitter:label1\" content=\"Written by\" \/>\n\t<meta name=\"twitter:data1\" content=\"R\u0131dvan Konrat\" \/>\n\t<meta name=\"twitter:label2\" content=\"Est. reading time\" \/>\n\t<meta name=\"twitter:data2\" content=\"2 minutes\" \/>\n<script type=\"application\/ld+json\" class=\"yoast-schema-graph\">{\"@context\":\"https:\/\/schema.org\",\"@graph\":[{\"@type\":\"Article\",\"@id\":\"https:\/\/www.esin.av.tr\/tr\/2020\/09\/01\/covid-19-kisa-calisma-iki-ay-uzatildi\/#article\",\"isPartOf\":{\"@id\":\"https:\/\/www.esin.av.tr\/tr\/2020\/09\/01\/covid-19-kisa-calisma-iki-ay-uzatildi\/\"},\"author\":{\"name\":\"R\u0131dvan Konrat\",\"@id\":\"https:\/\/www.esin.av.tr\/tr\/#\/schema\/person\/42c8e616aab56b8622fa365ad63282ae\"},\"headline\":\"COVID-19: K\u0131sa \u00c7al\u0131\u015fma \u0130ki Ay Uzat\u0131ld\u0131\",\"datePublished\":\"2020-09-01T14:26:05+00:00\",\"dateModified\":\"2022-06-09T13:11:05+00:00\",\"mainEntityOfPage\":{\"@id\":\"https:\/\/www.esin.av.tr\/tr\/2020\/09\/01\/covid-19-kisa-calisma-iki-ay-uzatildi\/\"},\"wordCount\":434,\"publisher\":{\"@id\":\"https:\/\/www.esin.av.tr\/tr\/#organization\"},\"keywords\":[\"\u0130\u015f Hukuku\"],\"articleSection\":[\"Hukuk B\u00fcltenleri\",\"Covid-19\"],\"inLanguage\":\"tr\"},{\"@type\":\"WebPage\",\"@id\":\"https:\/\/www.esin.av.tr\/tr\/2020\/09\/01\/covid-19-kisa-calisma-iki-ay-uzatildi\/\",\"url\":\"https:\/\/www.esin.av.tr\/tr\/2020\/09\/01\/covid-19-kisa-calisma-iki-ay-uzatildi\/\",\"name\":\"COVID-19: K\u0131sa \u00c7al\u0131\u015fma \u0130ki Ay Uzat\u0131ld\u0131\",\"isPartOf\":{\"@id\":\"https:\/\/www.esin.av.tr\/tr\/#website\"},\"datePublished\":\"2020-09-01T14:26:05+00:00\",\"dateModified\":\"2022-06-09T13:11:05+00:00\",\"description\":\"Yeni Geli\u015fme COVID-19 salg\u0131n\u0131 nedeniyle al\u0131nan \u00f6nlemler kapsam\u0131nda k\u0131sa \u00e7al\u0131\u015fma \u00f6dene\u011fi 2706 say\u0131l\u0131 ve 2810 say\u0131l\u0131 Cumhurba\u015fkan\u0131 Kararlar\u0131 ile iki defa\",\"breadcrumb\":{\"@id\":\"https:\/\/www.esin.av.tr\/tr\/2020\/09\/01\/covid-19-kisa-calisma-iki-ay-uzatildi\/#breadcrumb\"},\"inLanguage\":\"tr\",\"potentialAction\":[{\"@type\":\"ReadAction\",\"target\":[\"https:\/\/www.esin.av.tr\/tr\/2020\/09\/01\/covid-19-kisa-calisma-iki-ay-uzatildi\/\"]}]},{\"@type\":\"BreadcrumbList\",\"@id\":\"https:\/\/www.esin.av.tr\/tr\/2020\/09\/01\/covid-19-kisa-calisma-iki-ay-uzatildi\/#breadcrumb\",\"itemListElement\":[{\"@type\":\"ListItem\",\"position\":1,\"name\":\"Home\",\"item\":\"https:\/\/www.esin.av.tr\/tr\/\"},{\"@type\":\"ListItem\",\"position\":2,\"name\":\"COVID-19: K\u0131sa \u00c7al\u0131\u015fma \u0130ki Ay Uzat\u0131ld\u0131\"}]},{\"@type\":\"WebSite\",\"@id\":\"https:\/\/www.esin.av.tr\/tr\/#website\",\"url\":\"https:\/\/www.esin.av.tr\/tr\/\",\"name\":\"Esin Avukatl\u0131k Ortakl\u0131\u011f\u0131\",\"description\":\"\",\"publisher\":{\"@id\":\"https:\/\/www.esin.av.tr\/tr\/#organization\"},\"potentialAction\":[{\"@type\":\"SearchAction\",\"target\":{\"@type\":\"EntryPoint\",\"urlTemplate\":\"https:\/\/www.esin.av.tr\/tr\/?s={search_term_string}\"},\"query-input\":{\"@type\":\"PropertyValueSpecification\",\"valueRequired\":true,\"valueName\":\"search_term_string\"}}],\"inLanguage\":\"tr\"},{\"@type\":\"Organization\",\"@id\":\"https:\/\/www.esin.av.tr\/tr\/#organization\",\"name\":\"Esin Avukatl\u0131k Ortakl\u0131\u011f\u0131\",\"url\":\"https:\/\/www.esin.av.tr\/tr\/\",\"logo\":{\"@type\":\"ImageObject\",\"inLanguage\":\"tr\",\"@id\":\"https:\/\/www.esin.av.tr\/tr\/#\/schema\/logo\/image\/\",\"url\":\"https:\/\/www.esin.av.tr\/wp-content\/uploads\/2021\/09\/esin-2.jpg\",\"contentUrl\":\"https:\/\/www.esin.av.tr\/wp-content\/uploads\/2021\/09\/esin-2.jpg\",\"width\":800,\"height\":460,\"caption\":\"Esin Avukatl\u0131k Ortakl\u0131\u011f\u0131\"},\"image\":{\"@id\":\"https:\/\/www.esin.av.tr\/tr\/#\/schema\/logo\/image\/\"}},{\"@type\":\"Person\",\"@id\":\"https:\/\/www.esin.av.tr\/tr\/#\/schema\/person\/42c8e616aab56b8622fa365ad63282ae\",\"name\":\"R\u0131dvan Konrat\",\"image\":{\"@type\":\"ImageObject\",\"inLanguage\":\"tr\",\"@id\":\"https:\/\/www.esin.av.tr\/tr\/#\/schema\/person\/image\/\",\"url\":\"https:\/\/secure.gravatar.com\/avatar\/b20c6c583be38ed4e76e32f69fccc676?s=96&d=mm&r=g\",\"contentUrl\":\"https:\/\/secure.gravatar.com\/avatar\/b20c6c583be38ed4e76e32f69fccc676?s=96&d=mm&r=g\",\"caption\":\"R\u0131dvan Konrat\"},\"sameAs\":[\"http:\/\/www.esin.av.tr\"],\"url\":\"https:\/\/www.esin.av.tr\/tr\/author\/rkonrat\/\"}]}<\/script>\n<!-- \/ Yoast SEO plugin. -->","yoast_head_json":{"title":"COVID-19: K\u0131sa \u00c7al\u0131\u015fma \u0130ki Ay Uzat\u0131ld\u0131","description":"Yeni Geli\u015fme COVID-19 salg\u0131n\u0131 nedeniyle al\u0131nan \u00f6nlemler kapsam\u0131nda k\u0131sa \u00e7al\u0131\u015fma \u00f6dene\u011fi 2706 say\u0131l\u0131 ve 2810 say\u0131l\u0131 Cumhurba\u015fkan\u0131 Kararlar\u0131 ile iki defa","robots":{"index":"index","follow":"follow","max-snippet":"max-snippet:-1","max-image-preview":"max-image-preview:large","max-video-preview":"max-video-preview:-1"},"canonical":"https:\/\/www.esin.av.tr\/tr\/2020\/09\/01\/covid-19-kisa-calisma-iki-ay-uzatildi\/","og_locale":"tr_TR","og_type":"article","og_title":"COVID-19: K\u0131sa \u00c7al\u0131\u015fma \u0130ki Ay Uzat\u0131ld\u0131","og_description":"Yeni Geli\u015fme COVID-19 salg\u0131n\u0131 nedeniyle al\u0131nan \u00f6nlemler kapsam\u0131nda k\u0131sa \u00e7al\u0131\u015fma \u00f6dene\u011fi 2706 say\u0131l\u0131 ve 2810 say\u0131l\u0131 Cumhurba\u015fkan\u0131 Kararlar\u0131 ile iki defa","og_url":"https:\/\/www.esin.av.tr\/tr\/2020\/09\/01\/covid-19-kisa-calisma-iki-ay-uzatildi\/","og_site_name":"Esin Avukatl\u0131k Ortakl\u0131\u011f\u0131","article_published_time":"2020-09-01T14:26:05+00:00","article_modified_time":"2022-06-09T13:11:05+00:00","author":"R\u0131dvan Konrat","twitter_card":"summary_large_image","twitter_misc":{"Written by":"R\u0131dvan Konrat","Est. reading time":"2 minutes"},"schema":{"@context":"https:\/\/schema.org","@graph":[{"@type":"Article","@id":"https:\/\/www.esin.av.tr\/tr\/2020\/09\/01\/covid-19-kisa-calisma-iki-ay-uzatildi\/#article","isPartOf":{"@id":"https:\/\/www.esin.av.tr\/tr\/2020\/09\/01\/covid-19-kisa-calisma-iki-ay-uzatildi\/"},"author":{"name":"R\u0131dvan Konrat","@id":"https:\/\/www.esin.av.tr\/tr\/#\/schema\/person\/42c8e616aab56b8622fa365ad63282ae"},"headline":"COVID-19: K\u0131sa \u00c7al\u0131\u015fma \u0130ki Ay Uzat\u0131ld\u0131","datePublished":"2020-09-01T14:26:05+00:00","dateModified":"2022-06-09T13:11:05+00:00","mainEntityOfPage":{"@id":"https:\/\/www.esin.av.tr\/tr\/2020\/09\/01\/covid-19-kisa-calisma-iki-ay-uzatildi\/"},"wordCount":434,"publisher":{"@id":"https:\/\/www.esin.av.tr\/tr\/#organization"},"keywords":["\u0130\u015f Hukuku"],"articleSection":["Hukuk B\u00fcltenleri","Covid-19"],"inLanguage":"tr"},{"@type":"WebPage","@id":"https:\/\/www.esin.av.tr\/tr\/2020\/09\/01\/covid-19-kisa-calisma-iki-ay-uzatildi\/","url":"https:\/\/www.esin.av.tr\/tr\/2020\/09\/01\/covid-19-kisa-calisma-iki-ay-uzatildi\/","name":"COVID-19: K\u0131sa \u00c7al\u0131\u015fma \u0130ki Ay Uzat\u0131ld\u0131","isPartOf":{"@id":"https:\/\/www.esin.av.tr\/tr\/#website"},"datePublished":"2020-09-01T14:26:05+00:00","dateModified":"2022-06-09T13:11:05+00:00","description":"Yeni Geli\u015fme COVID-19 salg\u0131n\u0131 nedeniyle al\u0131nan \u00f6nlemler kapsam\u0131nda k\u0131sa \u00e7al\u0131\u015fma \u00f6dene\u011fi 2706 say\u0131l\u0131 ve 2810 say\u0131l\u0131 Cumhurba\u015fkan\u0131 Kararlar\u0131 ile iki defa","breadcrumb":{"@id":"https:\/\/www.esin.av.tr\/tr\/2020\/09\/01\/covid-19-kisa-calisma-iki-ay-uzatildi\/#breadcrumb"},"inLanguage":"tr","potentialAction":[{"@type":"ReadAction","target":["https:\/\/www.esin.av.tr\/tr\/2020\/09\/01\/covid-19-kisa-calisma-iki-ay-uzatildi\/"]}]},{"@type":"BreadcrumbList","@id":"https:\/\/www.esin.av.tr\/tr\/2020\/09\/01\/covid-19-kisa-calisma-iki-ay-uzatildi\/#breadcrumb","itemListElement":[{"@type":"ListItem","position":1,"name":"Home","item":"https:\/\/www.esin.av.tr\/tr\/"},{"@type":"ListItem","position":2,"name":"COVID-19: K\u0131sa \u00c7al\u0131\u015fma \u0130ki Ay Uzat\u0131ld\u0131"}]},{"@type":"WebSite","@id":"https:\/\/www.esin.av.tr\/tr\/#website","url":"https:\/\/www.esin.av.tr\/tr\/","name":"Esin Avukatl\u0131k Ortakl\u0131\u011f\u0131","description":"","publisher":{"@id":"https:\/\/www.esin.av.tr\/tr\/#organization"},"potentialAction":[{"@type":"SearchAction","target":{"@type":"EntryPoint","urlTemplate":"https:\/\/www.esin.av.tr\/tr\/?s={search_term_string}"},"query-input":{"@type":"PropertyValueSpecification","valueRequired":true,"valueName":"search_term_string"}}],"inLanguage":"tr"},{"@type":"Organization","@id":"https:\/\/www.esin.av.tr\/tr\/#organization","name":"Esin Avukatl\u0131k Ortakl\u0131\u011f\u0131","url":"https:\/\/www.esin.av.tr\/tr\/","logo":{"@type":"ImageObject","inLanguage":"tr","@id":"https:\/\/www.esin.av.tr\/tr\/#\/schema\/logo\/image\/","url":"https:\/\/www.esin.av.tr\/wp-content\/uploads\/2021\/09\/esin-2.jpg","contentUrl":"https:\/\/www.esin.av.tr\/wp-content\/uploads\/2021\/09\/esin-2.jpg","width":800,"height":460,"caption":"Esin Avukatl\u0131k Ortakl\u0131\u011f\u0131"},"image":{"@id":"https:\/\/www.esin.av.tr\/tr\/#\/schema\/logo\/image\/"}},{"@type":"Person","@id":"https:\/\/www.esin.av.tr\/tr\/#\/schema\/person\/42c8e616aab56b8622fa365ad63282ae","name":"R\u0131dvan Konrat","image":{"@type":"ImageObject","inLanguage":"tr","@id":"https:\/\/www.esin.av.tr\/tr\/#\/schema\/person\/image\/","url":"https:\/\/secure.gravatar.com\/avatar\/b20c6c583be38ed4e76e32f69fccc676?s=96&d=mm&r=g","contentUrl":"https:\/\/secure.gravatar.com\/avatar\/b20c6c583be38ed4e76e32f69fccc676?s=96&d=mm&r=g","caption":"R\u0131dvan Konrat"},"sameAs":["http:\/\/www.esin.av.tr"],"url":"https:\/\/www.esin.av.tr\/tr\/author\/rkonrat\/"}]}},"_links":{"self":[{"href":"https:\/\/www.esin.av.tr\/tr\/wp-json\/wp\/v2\/posts\/17276","targetHints":{"allow":["GET"]}}],"collection":[{"href":"https:\/\/www.esin.av.tr\/tr\/wp-json\/wp\/v2\/posts"}],"about":[{"href":"https:\/\/www.esin.av.tr\/tr\/wp-json\/wp\/v2\/types\/post"}],"author":[{"embeddable":true,"href":"https:\/\/www.esin.av.tr\/tr\/wp-json\/wp\/v2\/users\/4"}],"replies":[{"embeddable":true,"href":"https:\/\/www.esin.av.tr\/tr\/wp-json\/wp\/v2\/comments?post=17276"}],"version-history":[{"count":1,"href":"https:\/\/www.esin.av.tr\/tr\/wp-json\/wp\/v2\/posts\/17276\/revisions"}],"predecessor-version":[{"id":17277,"href":"https:\/\/www.esin.av.tr\/tr\/wp-json\/wp\/v2\/posts\/17276\/revisions\/17277"}],"wp:attachment":[{"href":"https:\/\/www.esin.av.tr\/tr\/wp-json\/wp\/v2\/media?parent=17276"}],"wp:term":[{"taxonomy":"category","embeddable":true,"href":"https:\/\/www.esin.av.tr\/tr\/wp-json\/wp\/v2\/categories?post=17276"},{"taxonomy":"post_tag","embeddable":true,"href":"https:\/\/www.esin.av.tr\/tr\/wp-json\/wp\/v2\/tags?post=17276"}],"curies":[{"name":"wp","href":"https:\/\/api.w.org\/{rel}","templated":true}]}}