{"id":16723,"date":"2020-08-10T11:28:22","date_gmt":"2020-08-10T11:28:22","guid":{"rendered":"https:\/\/www.esin.av.tr\/?p=16723"},"modified":"2022-06-09T13:05:08","modified_gmt":"2022-06-09T13:05:08","slug":"yargi-reformu-3-paketi-ile-hukuk-muhakemeleri-kanununda-onemli-degisiklikler-yapildi","status":"publish","type":"post","link":"https:\/\/www.esin.av.tr\/tr\/2020\/08\/10\/yargi-reformu-3-paketi-ile-hukuk-muhakemeleri-kanununda-onemli-degisiklikler-yapildi\/","title":{"rendered":"Yarg\u0131 Reformu 3. Paketi ile Hukuk Muhakemeleri Kanunu&#8217;nda \u00d6nemli De\u011fi\u015fiklikler Yap\u0131ld\u0131"},"content":{"rendered":"<p><strong>Yeni Geli\u015fme<\/strong><\/p>\n<p>Yarg\u0131 Reformu Strateji Belgesi&#8217;nin \u00fc\u00e7\u00fcnc\u00fc paketi olan 7251 say\u0131l\u0131 Hukuk Muhakemeleri Kanunu ile Baz\u0131 Kanunlarda De\u011fi\u015fiklik Yap\u0131lmas\u0131 Hakk\u0131nda Kanun (&#8220;<strong>Kanun <\/strong>&#8220;), 28 Temmuz 2020 tarihinde Resmi Gazete\u2019de yay\u0131mland\u0131. Yarg\u0131 Reformu Strateji Belgesi kapsam\u0131nda belirlenen ama\u00e7 ve hedefler do\u011frultusunda d\u00fczenlemeler i\u00e7eren bu Kanun ile Hukuk Muhakemeleri Kanunu&#8217;nda (&#8220;<strong>HMK<\/strong>&#8220;) \u00f6nemli de\u011fi\u015fiklikler yap\u0131ld\u0131.<\/p>\n<p><strong>Getirilen Yenilikler<\/strong><\/p>\n<p>Kanun ile HMK&#8217;da yap\u0131lan en \u00f6nemli de\u011fi\u015fiklikler \u015fu \u015fekilde s\u0131ralanabilir:<\/p>\n<ul>\n<li><strong>Ki\u015filerin korunmaya de\u011fer \u00fcst\u00fcn menfaatleri olmas\u0131 durumunda h\u00e2kim yarg\u0131laman\u0131n gizli yap\u0131lmas\u0131na karar verilebilecek<\/strong><\/li>\n<\/ul>\n<p>HMK&#8217;n\u0131n &#8220;Aleniyet ilkesi&#8221; ba\u015fl\u0131kl\u0131 28. maddesinde yap\u0131lan de\u011fi\u015fiklikle, hukuk yarg\u0131lamalar\u0131nda h\u00e2kimin gizlilik karar\u0131 verebilece\u011fi durumlar\u0131n kapsam\u0131 geni\u015fletilmi\u015ftir. Eski d\u00fczenlemede hukuk yarg\u0131lamalar\u0131n\u0131n gizli yap\u0131lmas\u0131na ancak genel ahlak\u0131n veya kamu g\u00fcvenli\u011finin kesin olarak gerekli k\u0131ld\u0131\u011f\u0131 hallerde karar verilebiliyordu. Bu yenilikle birlikte, h\u00e2kim, ilgili ki\u015filerin korunmaya de\u011fer \u00fcst\u00fcn menfaatlerinin gerekli k\u0131ld\u0131\u011f\u0131 durumlarda da yarg\u0131laman\u0131n gizli yap\u0131lmas\u0131na karar verebilecektir.<\/p>\n<ul>\n<li><strong>Belirsiz alacak davalar\u0131nda alaca\u011f\u0131n miktar\u0131 veya de\u011ferinin kesin olarak belirlenebilmesi m\u00fcmk\u00fcn oldu\u011funda, davac\u0131n\u0131n talebini kesin olarak belirlemesi i\u00e7in iki haftal\u0131k s\u00fcre verilecek<\/strong><\/li>\n<\/ul>\n<p>HMK&#8217;n\u0131n &#8220;Belirsiz alacak davas\u0131&#8221; ba\u015fl\u0131kl\u0131 107. maddesinde yap\u0131lan de\u011fi\u015fiklikle, belirsiz alacak davalar\u0131nda alaca\u011f\u0131n miktar\u0131n\u0131n veya de\u011ferinin tam ve kesin olarak belirlenebilmesi m\u00fcmk\u00fcn oldu\u011funda davac\u0131n\u0131n talebini kesin olarak belirlemesi tahkikat sona ermeden verilecek iki haftal\u0131k s\u00fcreye tabi tutulmu\u015ftur. De\u011fi\u015fiklik \u00f6ncesi, davac\u0131n\u0131n talebini belirlemesi bir s\u00fcreye tabi de\u011fildi. Buna g\u00f6re, davac\u0131, h\u00e2kim taraf\u0131ndan tahkikat sona ermeden verilecek bu iki haftal\u0131k s\u00fcre i\u00e7inde talebini kesin olarak belirlemekle y\u00fck\u00fcml\u00fc olacak ve e\u011fer bu s\u00fcrede belirleyemezse, dava, dava dilek\u00e7esinde belirtilen miktar ve de\u011fer \u00fczerinden g\u00f6r\u00fclmeye devam edip karara ba\u011flanacakt\u0131r.<\/p>\n<ul>\n<li><strong>Taraflar, dilek\u00e7elerin kar\u015f\u0131l\u0131kl\u0131 verilmesinden sonra iddia veya savunmalar\u0131n\u0131 geni\u015fletemeyecek<\/strong><\/li>\n<\/ul>\n<p>HMK&#8217;n\u0131n &#8220;\u0130ddia ve savunman\u0131n geni\u015fletilmesi veya de\u011fi\u015ftirilmesi&#8221; ba\u015fl\u0131kl\u0131 141. maddesinde yap\u0131lan de\u011fi\u015fiklik \u00f6ncesinde, taraflar\u0131n iddia veya savunmalar\u0131 \u00f6n inceleme a\u015famas\u0131nda kar\u015f\u0131 taraf\u0131n a\u00e7\u0131k r\u0131zas\u0131 ile veya bir taraf \u00f6n inceleme duru\u015fmas\u0131na mazeretsiz olarak kat\u0131lmam\u0131\u015f ise ilgili taraf\u0131n r\u0131zas\u0131 aranmaks\u0131z\u0131n di\u011fer taraf\u00e7a geni\u015fletilebiliyordu. De\u011fi\u015fiklik ile birlikte iddia veya savunman\u0131n geni\u015fletilmesine imk\u00e2n tan\u0131yan bu iki durum HMK&#8217;dan \u00e7\u0131kar\u0131lm\u0131\u015f ve dilek\u00e7elerin kar\u015f\u0131l\u0131kl\u0131 verilmesinden sonra taraflar\u0131n iddia veya savunmalar\u0131n\u0131 geni\u015fletemeyece\u011fi ya da de\u011fi\u015ftiremeyece\u011fi h\u00fck\u00fcm alt\u0131na al\u0131nm\u0131\u015ft\u0131r. Belirtmek isteriz ki, taraflar\u0131n \u0131slah hakk\u0131 sakl\u0131d\u0131r ve a\u015fa\u011f\u0131da a\u00e7\u0131klanaca\u011f\u0131 \u00fczere, Kanun ile birlikte, taraflar\u0131n \u0131slah yapabilece\u011fi durumlar\u0131n kapsam\u0131 geni\u015fletilmi\u015ftir.<\/p>\n<ul>\n<li><strong>Taraflar duru\u015fmaya elektronik ortamdan kat\u0131lma talebinde bulunabilecek<\/strong><\/li>\n<\/ul>\n<p>HMK&#8217;n\u0131n &#8220;Ses ve g\u00f6r\u00fcnt\u00fc nakledilmesi yoluyla duru\u015fma icras\u0131&#8221; ba\u015fl\u0131kl\u0131 149. maddesinde yap\u0131lan de\u011fi\u015fiklik \u00f6ncesinde, taraflar\u0131n ses ve g\u00f6r\u00fcnt\u00fc nakledilmesi yoluyla duru\u015fmaya kat\u0131lmalar\u0131 ve usul i\u015flemleri yapabilmelerine ancak taraflar\u0131n r\u0131zas\u0131yla mahkeme taraf\u0131ndan izin verilebiliyordu. Bu maddede yap\u0131lan de\u011fi\u015fikle art\u0131k taraflardan birinin talebiyle, talepte bulunan taraf\u0131n veya vekilinin bu imk\u00e2ndan yararlanmas\u0131na mahkemece karar verilebilecektir. Ayr\u0131ca, tan\u0131k, bilirki\u015fi veya uzman ses ve g\u00f6r\u00fcnt\u00fc nakli yoluyla duru\u015fmada dinlenebilmesi ve mahkemenin engel veya g\u00fcvenlik sebebiyle Adalet Komisyonu&#8217;nun onay\u0131n\u0131 alarak duru\u015fman\u0131n ba\u015fka bir yerde yap\u0131lmas\u0131na karar verebilmesi m\u00fcmk\u00fcn k\u0131l\u0131nm\u0131\u015ft\u0131r. Bu konudaki usul ve esaslar daha sonra \u00e7\u0131kar\u0131lacak bir y\u00f6netmelik ile belirlenecektir.<\/p>\n<ul>\n<li><strong>Yarg\u0131tay&#8217;\u0131n bozma karar\u0131 veya b\u00f6lge adliye mahkemesinin kald\u0131rma karar\u0131 sonras\u0131 ilk derece mahkemesinin esasa ili\u015fkin i\u015flem yapmas\u0131 halinde tahkikat sona erinceye kadar \u0131slah yap\u0131labilecek<\/strong><\/li>\n<\/ul>\n<p>HMK&#8217;n\u0131n &#8220;Islah\u0131n zaman\u0131 ve \u015fekli&#8221; ba\u015fl\u0131kl\u0131 177. maddesinde yap\u0131lan de\u011fi\u015fiklikle, Yarg\u0131tay&#8217;\u0131n bozma karar\u0131 veya b\u00f6lge adliye mahkemesinin kald\u0131rma karar\u0131 sonras\u0131 dosya ilk derece mahkemesine g\u00f6nderildi\u011finde, ilk derece mahkemesinin tahkikata ili\u015fkin bir i\u015flem yapmas\u0131 halinde tahkikat sona erinceye kadar \u0131slah yap\u0131labilmesi imk\u00e2n\u0131 getirilmi\u015ftir. Ancak de\u011fi\u015fiklik uyar\u0131nca \u0131slah ile Yarg\u0131tay&#8217;\u0131n bozma karar\u0131na uyulmakla ortaya \u00e7\u0131kan hukuki durumun ortadan kald\u0131r\u0131lamayaca\u011f\u0131 vurgulanm\u0131\u015ft\u0131r. B\u00f6ylece T\u00fcrk usul hukuku doktrinini yakla\u015f\u0131k 75 senedir me\u015fgul eden bu konu a\u00e7\u0131k bir yasal d\u00fczenlemeye kavu\u015fmu\u015ftur.<\/p>\n<ul>\n<li><strong>Bir taraf\u0131n kendi ticari defterlerinde yer alan bir kayd\u0131n, kar\u015f\u0131 taraf\u0131n ticari defterlerinde hi\u00e7 bulunmamas\u0131 durumunda ticari defterleri sahibi lehine delil olarak kullan\u0131lamayacak<\/strong><\/li>\n<\/ul>\n<p>HMK&#8217;n\u0131n &#8220;Ticari defterlerin ibraz\u0131 ve delil olmas\u0131&#8221; ba\u015fl\u0131kl\u0131 222. maddesinde yap\u0131lan de\u011fi\u015fiklikle, kar\u015f\u0131 taraf ticari defterlerinin ilgili hususta hi\u00e7bir kay\u0131t i\u00e7ermemesi h\u00e2linde, ticari defterler sahibi lehine delil olarak kullan\u0131lamayacakt\u0131r. Yap\u0131lan di\u011fer de\u011fi\u015fiklikle kar\u015f\u0131 taraf\u0131n ticari defterlerini ibraz etmemesi durumunda ticari defterlerin sahibi lehine delil olarak kabul edilebilece\u011fi d\u00fczenlenmi\u015ftir.<\/p>\n<ul>\n<li><strong>Bilirki\u015fi raporuna kar\u015f\u0131 itiraz s\u00fcresinin uzat\u0131lmas\u0131 talep edilebilecek <\/strong><\/li>\n<\/ul>\n<p>HMK&#8217;n\u0131n &#8220;Bilirki\u015fi raporuna itiraz&#8221; ba\u015fl\u0131kl\u0131 281. maddesinde yap\u0131lan de\u011fi\u015fiklikle, bilirki\u015fi raporuna kar\u015f\u0131 itiraz\u0131n yasal iki haftal\u0131k s\u00fcre i\u00e7inde haz\u0131rlanmas\u0131n\u0131n \u00e7ok zor veya imk\u00e2ns\u0131z olmas\u0131 ya da \u00f6zel\/teknik bir \u00e7al\u0131\u015fmay\u0131 gerektirmesi halinde, taraflara ek s\u00fcre talep etme imk\u00e2n\u0131 getirilmi\u015f ve mahkemenin taraflara bir defaya mahsus olmak \u00fczere en fazla iki haftal\u0131k ek s\u00fcre verebilmesi m\u00fcmk\u00fcn k\u0131l\u0131nm\u0131\u015ft\u0131r.<\/p>\n<ul>\n<li><strong>Taraflar, Mahkemece h\u00fckme ba\u011flanmayan hususlarda ek karar verilmesini talep edebilecek<\/strong><\/li>\n<\/ul>\n<p>Kanun ile HMK&#8217;ya eklenen &#8220;H\u00fckm\u00fcn tamamlanmas\u0131&#8221; ba\u015fl\u0131kl\u0131 305\/A maddesi uyar\u0131nca, taraflardan her biri, kesin karar\u0131n tebli\u011finden itibaren 1 (bir) ay i\u00e7inde yarg\u0131lamada ileri s\u00fcr\u00fclmesine veya mahkemece kendili\u011finden h\u00fckme ba\u011flanmas\u0131 gerekli olmas\u0131na ra\u011fmen tamamen veya k\u0131smen karar verilmeyen hususlarda ek karar verilmesini isteyebilecek ve mahkemenin bu talebe y\u00f6nelik verdi\u011fi karara kar\u015f\u0131 kanun yoluna ba\u015fvurabilecektir.<\/p>\n<ul>\n<li><strong>Temyiz yoluna ba\u015fvurulabilecek davalar\u0131n kapsam\u0131 geni\u015fletilmi\u015ftir<\/strong><\/li>\n<\/ul>\n<p>HMK&#8217;n\u0131n &#8220;Temyiz edilemeyen kararlar&#8221; ba\u015fl\u0131kl\u0131 362. maddesinde yap\u0131lan de\u011fi\u015fiklik \u00f6ncesi, kiraya ili\u015fkin olarak, b\u00f6lge adliye mahkemelerinin sadece kira ili\u015fkisinden do\u011fan ve miktar veya de\u011feri itibar\u0131yla temyiz edilebilen alacak davalar\u0131na ili\u015fkin kararlar\u0131na kar\u015f\u0131 temyiz yoluna ba\u015fvurulabilirken, bu de\u011fi\u015fiklikle birlikte, kira ili\u015fkisinden do\u011fan di\u011fer davalardan \u00fc\u00e7 ayl\u0131k kira tutar\u0131 temyiz s\u0131n\u0131r\u0131n\u0131n \u00fczerinde olanlar hakk\u0131ndaki kararlara kar\u015f\u0131 da temyiz yoluna ba\u015fvurabilme imk\u00e2n\u0131 getirilmi\u015ftir. Ayr\u0131ca, b\u00f6lge adliye mahkemelerinin esas\u0131 incelemeden karar\u0131n kald\u0131r\u0131lmas\u0131na ve davan\u0131n yeniden g\u00f6r\u00fclmesi i\u00e7in dosyan\u0131n g\u00f6revli ve yetkili mahkemeye g\u00f6nderilmesine ili\u015fin duru\u015fma yapmadan kesin olarak verdi\u011fi kararlara kar\u015f\u0131 da temyiz yolu a\u00e7\u0131lm\u0131\u015ft\u0131r.<\/p>\n<ul>\n<li><strong>\u0130htiyati tedbir karar\u0131n\u0131n uygulanmas\u0131n\u0131 talep etmek i\u00e7in \u00f6ng\u00f6r\u00fclen bir haftal\u0131k s\u00fcre tedbir karar\u0131n\u0131n tefhim veya tebli\u011finden itibaren ba\u015flayacakt\u0131r<\/strong><\/li>\n<\/ul>\n<p>HMK&#8217;n\u0131n &#8220;\u0130htiyati tedbir karar\u0131n\u0131n uygulanmas\u0131&#8221; ba\u015fl\u0131kl\u0131 393. maddesinde yap\u0131lan de\u011fi\u015fiklikle, ihtiyati tedbir karar\u0131n\u0131n uygulanmas\u0131n\u0131 talep etmek i\u00e7in \u00f6ng\u00f6r\u00fclen bir haftal\u0131k s\u00fcrenin, tedbir talep eden tarafa ihtiyati tedbir karar\u0131n\u0131n tefhim veya tebli\u011finden itibaren ba\u015flayaca\u011f\u0131 \u00f6ng\u00f6r\u00fclm\u00fc\u015ft\u00fcr. De\u011fi\u015fiklik \u00f6ncesi HMK, bu s\u00fcrenin karar\u0131n verildi\u011fi tarihten itibaren ba\u015flayaca\u011f\u0131n\u0131 d\u00fczenlemekteydi.<\/p>\n<ul>\n<li><strong>\u0130htiyati tedbir karar\u0131na uymayanlar\u0131n tabi oldu\u011fu alt\u0131 aya kadar olan disiplin cezas\u0131 \u015fik\u00e2yete tabi tutulmu\u015ftur ve bu \u015fik\u00e2yet, ihlalin \u00f6\u011frenildi\u011fi tarihten itibaren alt\u0131 ay i\u00e7inde yap\u0131lmal\u0131d\u0131r<\/strong><\/li>\n<\/ul>\n<p>HMK&#8217;n\u0131n &#8220;Tedbire muhalefetin cezas\u0131&#8221; ba\u015fl\u0131kl\u0131 398. maddesinde yap\u0131lan de\u011fi\u015fiklik uyar\u0131nca, ihtiyati tedbir karar\u0131n\u0131n uygulanmas\u0131na ili\u015fkin emre uymayan veya tedbir karar\u0131na ayk\u0131r\u0131 davrananlar\u0131n, ihlalin \u00f6\u011frenildi\u011fi tarihten itibaren alt\u0131 ay i\u00e7inde \u015fik\u00e2yet edilmesi \u00fczerine, alt\u0131 aya kadar disiplin hapsi ile cezaland\u0131r\u0131lmas\u0131 m\u00fcmk\u00fcn k\u0131l\u0131nm\u0131\u015ft\u0131r. De\u011fi\u015fiklik \u00f6ncesi Anayasa Mahkemesi, ilgili maddenin disiplin cezas\u0131n\u0131 \u00f6ng\u00f6ren h\u00fckm\u00fcn\u00fc Anayasa&#8217;ya ayk\u0131r\u0131l\u0131ktan iptal etmi\u015f ve ihtiyati tedbire muhalefet a\u00e7\u0131s\u0131ndan disiplin hapsi yapt\u0131r\u0131m\u0131n\u0131 kald\u0131rm\u0131\u015ft\u0131.<\/p>\n<p><strong>Sonu\u00e7<\/strong><\/p>\n<p>Yarg\u0131 Reformu Strateji Belgesi kapsam\u0131nda belirlenen ama\u00e7 ve hedefler do\u011frultusunda d\u00fczenlemeler i\u00e7eren Kanun ile HMK&#8217;da \u00f6nemli ve k\u00f6kl\u00fc de\u011fi\u015fiklikler yap\u0131lm\u0131\u015ft\u0131r. Kanaatimizce, yap\u0131lan bu de\u011fi\u015fikliklerle hukuk yarg\u0131lamalar\u0131n\u0131n daha etkin ve verimli bir \u015fekilde y\u00fcr\u00fct\u00fclebilmesi, makul s\u00fcrede sonu\u00e7land\u0131r\u0131lmas\u0131 ve yarg\u0131sal i\u015fleyi\u015fin h\u0131zland\u0131r\u0131lmas\u0131 yolunda \u00f6nemli ad\u0131mlar at\u0131lm\u0131\u015ft\u0131r.<\/p>\n","protected":false},"excerpt":{"rendered":"<p>Yeni Geli\u015fme Yarg\u0131 Reformu Strateji Belgesi&#8217;nin \u00fc\u00e7\u00fcnc\u00fc paketi olan 7251 say\u0131l\u0131 Hukuk Muhakemeleri Kanunu ile Baz\u0131 Kanunlarda De\u011fi\u015fiklik Yap\u0131lmas\u0131 Hakk\u0131nda [&hellip;]<\/p>\n","protected":false},"author":4,"featured_media":0,"comment_status":"closed","ping_status":"closed","sticky":false,"template":"","format":"standard","meta":{"_acf_changed":false,"_stopmodifiedupdate":false,"_modified_date":"","footnotes":""},"categories":[120,149],"tags":[96],"class_list":["post-16723","post","type-post","status-publish","format-standard","hentry","category-legal-alerts","category-covid-19-tr","tag-dispute-resolution-tr"],"acf":[],"yoast_head":"<!-- This site is optimized with the Yoast SEO plugin v24.0 - https:\/\/yoast.com\/wordpress\/plugins\/seo\/ -->\n<title>Yarg\u0131 Reformu 3. Paketi ile Hukuk Muhakemeleri Kanunu&#039;nda \u00d6nemli De\u011fi\u015fiklikler Yap\u0131ld\u0131<\/title>\n<meta name=\"description\" content=\"HMK ile yarg\u0131lamalar\u0131n daha etkin ve verimli bir \u015fekilde y\u00fcr\u00fct\u00fclebilmesi yolunda \u00f6nemli ad\u0131mlar at\u0131lm\u0131\u015ft\u0131r.\" \/>\n<meta name=\"robots\" content=\"index, follow, max-snippet:-1, max-image-preview:large, max-video-preview:-1\" \/>\n<link rel=\"canonical\" href=\"https:\/\/www.esin.av.tr\/tr\/2020\/08\/10\/yargi-reformu-3-paketi-ile-hukuk-muhakemeleri-kanununda-onemli-degisiklikler-yapildi\/\" \/>\n<meta property=\"og:locale\" content=\"tr_TR\" \/>\n<meta property=\"og:type\" content=\"article\" \/>\n<meta property=\"og:title\" content=\"Yarg\u0131 Reformu 3. Paketi ile Hukuk Muhakemeleri Kanunu&#039;nda \u00d6nemli De\u011fi\u015fiklikler Yap\u0131ld\u0131\" \/>\n<meta property=\"og:description\" content=\"HMK ile yarg\u0131lamalar\u0131n daha etkin ve verimli bir \u015fekilde y\u00fcr\u00fct\u00fclebilmesi yolunda \u00f6nemli ad\u0131mlar at\u0131lm\u0131\u015ft\u0131r.\" \/>\n<meta property=\"og:url\" content=\"https:\/\/www.esin.av.tr\/tr\/2020\/08\/10\/yargi-reformu-3-paketi-ile-hukuk-muhakemeleri-kanununda-onemli-degisiklikler-yapildi\/\" \/>\n<meta property=\"og:site_name\" content=\"Esin Avukatl\u0131k Ortakl\u0131\u011f\u0131\" \/>\n<meta property=\"article:published_time\" content=\"2020-08-10T11:28:22+00:00\" \/>\n<meta property=\"article:modified_time\" content=\"2022-06-09T13:05:08+00:00\" \/>\n<meta name=\"author\" content=\"R\u0131dvan Konrat\" \/>\n<meta name=\"twitter:card\" content=\"summary_large_image\" \/>\n<meta name=\"twitter:label1\" content=\"Written by\" \/>\n\t<meta name=\"twitter:data1\" content=\"R\u0131dvan Konrat\" \/>\n\t<meta name=\"twitter:label2\" content=\"Est. reading time\" \/>\n\t<meta name=\"twitter:data2\" content=\"8 minutes\" \/>\n<script type=\"application\/ld+json\" class=\"yoast-schema-graph\">{\"@context\":\"https:\/\/schema.org\",\"@graph\":[{\"@type\":\"Article\",\"@id\":\"https:\/\/www.esin.av.tr\/tr\/2020\/08\/10\/yargi-reformu-3-paketi-ile-hukuk-muhakemeleri-kanununda-onemli-degisiklikler-yapildi\/#article\",\"isPartOf\":{\"@id\":\"https:\/\/www.esin.av.tr\/tr\/2020\/08\/10\/yargi-reformu-3-paketi-ile-hukuk-muhakemeleri-kanununda-onemli-degisiklikler-yapildi\/\"},\"author\":{\"name\":\"R\u0131dvan Konrat\",\"@id\":\"https:\/\/www.esin.av.tr\/tr\/#\/schema\/person\/42c8e616aab56b8622fa365ad63282ae\"},\"headline\":\"Yarg\u0131 Reformu 3. Paketi ile Hukuk Muhakemeleri Kanunu&#8217;nda \u00d6nemli De\u011fi\u015fiklikler Yap\u0131ld\u0131\",\"datePublished\":\"2020-08-10T11:28:22+00:00\",\"dateModified\":\"2022-06-09T13:05:08+00:00\",\"mainEntityOfPage\":{\"@id\":\"https:\/\/www.esin.av.tr\/tr\/2020\/08\/10\/yargi-reformu-3-paketi-ile-hukuk-muhakemeleri-kanununda-onemli-degisiklikler-yapildi\/\"},\"wordCount\":1576,\"publisher\":{\"@id\":\"https:\/\/www.esin.av.tr\/tr\/#organization\"},\"keywords\":[\"Uyu\u015fmazl\u0131k \u00c7\u00f6z\u00fcm\u00fc\"],\"articleSection\":[\"Hukuk B\u00fcltenleri\",\"Covid-19\"],\"inLanguage\":\"tr\"},{\"@type\":\"WebPage\",\"@id\":\"https:\/\/www.esin.av.tr\/tr\/2020\/08\/10\/yargi-reformu-3-paketi-ile-hukuk-muhakemeleri-kanununda-onemli-degisiklikler-yapildi\/\",\"url\":\"https:\/\/www.esin.av.tr\/tr\/2020\/08\/10\/yargi-reformu-3-paketi-ile-hukuk-muhakemeleri-kanununda-onemli-degisiklikler-yapildi\/\",\"name\":\"Yarg\u0131 Reformu 3. Paketi ile Hukuk Muhakemeleri Kanunu'nda \u00d6nemli De\u011fi\u015fiklikler Yap\u0131ld\u0131\",\"isPartOf\":{\"@id\":\"https:\/\/www.esin.av.tr\/tr\/#website\"},\"datePublished\":\"2020-08-10T11:28:22+00:00\",\"dateModified\":\"2022-06-09T13:05:08+00:00\",\"description\":\"HMK ile yarg\u0131lamalar\u0131n daha etkin ve verimli bir \u015fekilde y\u00fcr\u00fct\u00fclebilmesi yolunda \u00f6nemli ad\u0131mlar at\u0131lm\u0131\u015ft\u0131r.\",\"breadcrumb\":{\"@id\":\"https:\/\/www.esin.av.tr\/tr\/2020\/08\/10\/yargi-reformu-3-paketi-ile-hukuk-muhakemeleri-kanununda-onemli-degisiklikler-yapildi\/#breadcrumb\"},\"inLanguage\":\"tr\",\"potentialAction\":[{\"@type\":\"ReadAction\",\"target\":[\"https:\/\/www.esin.av.tr\/tr\/2020\/08\/10\/yargi-reformu-3-paketi-ile-hukuk-muhakemeleri-kanununda-onemli-degisiklikler-yapildi\/\"]}]},{\"@type\":\"BreadcrumbList\",\"@id\":\"https:\/\/www.esin.av.tr\/tr\/2020\/08\/10\/yargi-reformu-3-paketi-ile-hukuk-muhakemeleri-kanununda-onemli-degisiklikler-yapildi\/#breadcrumb\",\"itemListElement\":[{\"@type\":\"ListItem\",\"position\":1,\"name\":\"Home\",\"item\":\"https:\/\/www.esin.av.tr\/tr\/\"},{\"@type\":\"ListItem\",\"position\":2,\"name\":\"Yarg\u0131 Reformu 3. Paketi ile Hukuk Muhakemeleri Kanunu&#8217;nda \u00d6nemli De\u011fi\u015fiklikler Yap\u0131ld\u0131\"}]},{\"@type\":\"WebSite\",\"@id\":\"https:\/\/www.esin.av.tr\/tr\/#website\",\"url\":\"https:\/\/www.esin.av.tr\/tr\/\",\"name\":\"Esin Avukatl\u0131k Ortakl\u0131\u011f\u0131\",\"description\":\"\",\"publisher\":{\"@id\":\"https:\/\/www.esin.av.tr\/tr\/#organization\"},\"potentialAction\":[{\"@type\":\"SearchAction\",\"target\":{\"@type\":\"EntryPoint\",\"urlTemplate\":\"https:\/\/www.esin.av.tr\/tr\/?s={search_term_string}\"},\"query-input\":{\"@type\":\"PropertyValueSpecification\",\"valueRequired\":true,\"valueName\":\"search_term_string\"}}],\"inLanguage\":\"tr\"},{\"@type\":\"Organization\",\"@id\":\"https:\/\/www.esin.av.tr\/tr\/#organization\",\"name\":\"Esin Avukatl\u0131k Ortakl\u0131\u011f\u0131\",\"url\":\"https:\/\/www.esin.av.tr\/tr\/\",\"logo\":{\"@type\":\"ImageObject\",\"inLanguage\":\"tr\",\"@id\":\"https:\/\/www.esin.av.tr\/tr\/#\/schema\/logo\/image\/\",\"url\":\"https:\/\/www.esin.av.tr\/wp-content\/uploads\/2021\/09\/esin-2.jpg\",\"contentUrl\":\"https:\/\/www.esin.av.tr\/wp-content\/uploads\/2021\/09\/esin-2.jpg\",\"width\":800,\"height\":460,\"caption\":\"Esin Avukatl\u0131k Ortakl\u0131\u011f\u0131\"},\"image\":{\"@id\":\"https:\/\/www.esin.av.tr\/tr\/#\/schema\/logo\/image\/\"}},{\"@type\":\"Person\",\"@id\":\"https:\/\/www.esin.av.tr\/tr\/#\/schema\/person\/42c8e616aab56b8622fa365ad63282ae\",\"name\":\"R\u0131dvan Konrat\",\"image\":{\"@type\":\"ImageObject\",\"inLanguage\":\"tr\",\"@id\":\"https:\/\/www.esin.av.tr\/tr\/#\/schema\/person\/image\/\",\"url\":\"https:\/\/secure.gravatar.com\/avatar\/b20c6c583be38ed4e76e32f69fccc676?s=96&d=mm&r=g\",\"contentUrl\":\"https:\/\/secure.gravatar.com\/avatar\/b20c6c583be38ed4e76e32f69fccc676?s=96&d=mm&r=g\",\"caption\":\"R\u0131dvan Konrat\"},\"sameAs\":[\"http:\/\/www.esin.av.tr\"],\"url\":\"https:\/\/www.esin.av.tr\/tr\/author\/rkonrat\/\"}]}<\/script>\n<!-- \/ Yoast SEO plugin. -->","yoast_head_json":{"title":"Yarg\u0131 Reformu 3. Paketi ile Hukuk Muhakemeleri Kanunu'nda \u00d6nemli De\u011fi\u015fiklikler Yap\u0131ld\u0131","description":"HMK ile yarg\u0131lamalar\u0131n daha etkin ve verimli bir \u015fekilde y\u00fcr\u00fct\u00fclebilmesi yolunda \u00f6nemli ad\u0131mlar at\u0131lm\u0131\u015ft\u0131r.","robots":{"index":"index","follow":"follow","max-snippet":"max-snippet:-1","max-image-preview":"max-image-preview:large","max-video-preview":"max-video-preview:-1"},"canonical":"https:\/\/www.esin.av.tr\/tr\/2020\/08\/10\/yargi-reformu-3-paketi-ile-hukuk-muhakemeleri-kanununda-onemli-degisiklikler-yapildi\/","og_locale":"tr_TR","og_type":"article","og_title":"Yarg\u0131 Reformu 3. Paketi ile Hukuk Muhakemeleri Kanunu'nda \u00d6nemli De\u011fi\u015fiklikler Yap\u0131ld\u0131","og_description":"HMK ile yarg\u0131lamalar\u0131n daha etkin ve verimli bir \u015fekilde y\u00fcr\u00fct\u00fclebilmesi yolunda \u00f6nemli ad\u0131mlar at\u0131lm\u0131\u015ft\u0131r.","og_url":"https:\/\/www.esin.av.tr\/tr\/2020\/08\/10\/yargi-reformu-3-paketi-ile-hukuk-muhakemeleri-kanununda-onemli-degisiklikler-yapildi\/","og_site_name":"Esin Avukatl\u0131k Ortakl\u0131\u011f\u0131","article_published_time":"2020-08-10T11:28:22+00:00","article_modified_time":"2022-06-09T13:05:08+00:00","author":"R\u0131dvan Konrat","twitter_card":"summary_large_image","twitter_misc":{"Written by":"R\u0131dvan Konrat","Est. reading time":"8 minutes"},"schema":{"@context":"https:\/\/schema.org","@graph":[{"@type":"Article","@id":"https:\/\/www.esin.av.tr\/tr\/2020\/08\/10\/yargi-reformu-3-paketi-ile-hukuk-muhakemeleri-kanununda-onemli-degisiklikler-yapildi\/#article","isPartOf":{"@id":"https:\/\/www.esin.av.tr\/tr\/2020\/08\/10\/yargi-reformu-3-paketi-ile-hukuk-muhakemeleri-kanununda-onemli-degisiklikler-yapildi\/"},"author":{"name":"R\u0131dvan Konrat","@id":"https:\/\/www.esin.av.tr\/tr\/#\/schema\/person\/42c8e616aab56b8622fa365ad63282ae"},"headline":"Yarg\u0131 Reformu 3. Paketi ile Hukuk Muhakemeleri Kanunu&#8217;nda \u00d6nemli De\u011fi\u015fiklikler Yap\u0131ld\u0131","datePublished":"2020-08-10T11:28:22+00:00","dateModified":"2022-06-09T13:05:08+00:00","mainEntityOfPage":{"@id":"https:\/\/www.esin.av.tr\/tr\/2020\/08\/10\/yargi-reformu-3-paketi-ile-hukuk-muhakemeleri-kanununda-onemli-degisiklikler-yapildi\/"},"wordCount":1576,"publisher":{"@id":"https:\/\/www.esin.av.tr\/tr\/#organization"},"keywords":["Uyu\u015fmazl\u0131k \u00c7\u00f6z\u00fcm\u00fc"],"articleSection":["Hukuk B\u00fcltenleri","Covid-19"],"inLanguage":"tr"},{"@type":"WebPage","@id":"https:\/\/www.esin.av.tr\/tr\/2020\/08\/10\/yargi-reformu-3-paketi-ile-hukuk-muhakemeleri-kanununda-onemli-degisiklikler-yapildi\/","url":"https:\/\/www.esin.av.tr\/tr\/2020\/08\/10\/yargi-reformu-3-paketi-ile-hukuk-muhakemeleri-kanununda-onemli-degisiklikler-yapildi\/","name":"Yarg\u0131 Reformu 3. Paketi ile Hukuk Muhakemeleri Kanunu'nda \u00d6nemli De\u011fi\u015fiklikler Yap\u0131ld\u0131","isPartOf":{"@id":"https:\/\/www.esin.av.tr\/tr\/#website"},"datePublished":"2020-08-10T11:28:22+00:00","dateModified":"2022-06-09T13:05:08+00:00","description":"HMK ile yarg\u0131lamalar\u0131n daha etkin ve verimli bir \u015fekilde y\u00fcr\u00fct\u00fclebilmesi yolunda \u00f6nemli ad\u0131mlar at\u0131lm\u0131\u015ft\u0131r.","breadcrumb":{"@id":"https:\/\/www.esin.av.tr\/tr\/2020\/08\/10\/yargi-reformu-3-paketi-ile-hukuk-muhakemeleri-kanununda-onemli-degisiklikler-yapildi\/#breadcrumb"},"inLanguage":"tr","potentialAction":[{"@type":"ReadAction","target":["https:\/\/www.esin.av.tr\/tr\/2020\/08\/10\/yargi-reformu-3-paketi-ile-hukuk-muhakemeleri-kanununda-onemli-degisiklikler-yapildi\/"]}]},{"@type":"BreadcrumbList","@id":"https:\/\/www.esin.av.tr\/tr\/2020\/08\/10\/yargi-reformu-3-paketi-ile-hukuk-muhakemeleri-kanununda-onemli-degisiklikler-yapildi\/#breadcrumb","itemListElement":[{"@type":"ListItem","position":1,"name":"Home","item":"https:\/\/www.esin.av.tr\/tr\/"},{"@type":"ListItem","position":2,"name":"Yarg\u0131 Reformu 3. Paketi ile Hukuk Muhakemeleri Kanunu&#8217;nda \u00d6nemli De\u011fi\u015fiklikler Yap\u0131ld\u0131"}]},{"@type":"WebSite","@id":"https:\/\/www.esin.av.tr\/tr\/#website","url":"https:\/\/www.esin.av.tr\/tr\/","name":"Esin Avukatl\u0131k Ortakl\u0131\u011f\u0131","description":"","publisher":{"@id":"https:\/\/www.esin.av.tr\/tr\/#organization"},"potentialAction":[{"@type":"SearchAction","target":{"@type":"EntryPoint","urlTemplate":"https:\/\/www.esin.av.tr\/tr\/?s={search_term_string}"},"query-input":{"@type":"PropertyValueSpecification","valueRequired":true,"valueName":"search_term_string"}}],"inLanguage":"tr"},{"@type":"Organization","@id":"https:\/\/www.esin.av.tr\/tr\/#organization","name":"Esin Avukatl\u0131k Ortakl\u0131\u011f\u0131","url":"https:\/\/www.esin.av.tr\/tr\/","logo":{"@type":"ImageObject","inLanguage":"tr","@id":"https:\/\/www.esin.av.tr\/tr\/#\/schema\/logo\/image\/","url":"https:\/\/www.esin.av.tr\/wp-content\/uploads\/2021\/09\/esin-2.jpg","contentUrl":"https:\/\/www.esin.av.tr\/wp-content\/uploads\/2021\/09\/esin-2.jpg","width":800,"height":460,"caption":"Esin Avukatl\u0131k Ortakl\u0131\u011f\u0131"},"image":{"@id":"https:\/\/www.esin.av.tr\/tr\/#\/schema\/logo\/image\/"}},{"@type":"Person","@id":"https:\/\/www.esin.av.tr\/tr\/#\/schema\/person\/42c8e616aab56b8622fa365ad63282ae","name":"R\u0131dvan Konrat","image":{"@type":"ImageObject","inLanguage":"tr","@id":"https:\/\/www.esin.av.tr\/tr\/#\/schema\/person\/image\/","url":"https:\/\/secure.gravatar.com\/avatar\/b20c6c583be38ed4e76e32f69fccc676?s=96&d=mm&r=g","contentUrl":"https:\/\/secure.gravatar.com\/avatar\/b20c6c583be38ed4e76e32f69fccc676?s=96&d=mm&r=g","caption":"R\u0131dvan Konrat"},"sameAs":["http:\/\/www.esin.av.tr"],"url":"https:\/\/www.esin.av.tr\/tr\/author\/rkonrat\/"}]}},"_links":{"self":[{"href":"https:\/\/www.esin.av.tr\/tr\/wp-json\/wp\/v2\/posts\/16723","targetHints":{"allow":["GET"]}}],"collection":[{"href":"https:\/\/www.esin.av.tr\/tr\/wp-json\/wp\/v2\/posts"}],"about":[{"href":"https:\/\/www.esin.av.tr\/tr\/wp-json\/wp\/v2\/types\/post"}],"author":[{"embeddable":true,"href":"https:\/\/www.esin.av.tr\/tr\/wp-json\/wp\/v2\/users\/4"}],"replies":[{"embeddable":true,"href":"https:\/\/www.esin.av.tr\/tr\/wp-json\/wp\/v2\/comments?post=16723"}],"version-history":[{"count":3,"href":"https:\/\/www.esin.av.tr\/tr\/wp-json\/wp\/v2\/posts\/16723\/revisions"}],"predecessor-version":[{"id":20590,"href":"https:\/\/www.esin.av.tr\/tr\/wp-json\/wp\/v2\/posts\/16723\/revisions\/20590"}],"wp:attachment":[{"href":"https:\/\/www.esin.av.tr\/tr\/wp-json\/wp\/v2\/media?parent=16723"}],"wp:term":[{"taxonomy":"category","embeddable":true,"href":"https:\/\/www.esin.av.tr\/tr\/wp-json\/wp\/v2\/categories?post=16723"},{"taxonomy":"post_tag","embeddable":true,"href":"https:\/\/www.esin.av.tr\/tr\/wp-json\/wp\/v2\/tags?post=16723"}],"curies":[{"name":"wp","href":"https:\/\/api.w.org\/{rel}","templated":true}]}}