{"id":16660,"date":"2020-07-28T10:29:38","date_gmt":"2020-07-28T10:29:38","guid":{"rendered":"https:\/\/www.esin.av.tr\/?p=16660"},"modified":"2022-06-09T13:05:27","modified_gmt":"2022-06-09T13:05:27","slug":"dijital-mecralar-komisyonu-kuruldu","status":"publish","type":"post","link":"https:\/\/www.esin.av.tr\/tr\/2020\/07\/28\/dijital-mecralar-komisyonu-kuruldu\/","title":{"rendered":"Dijital Mecralar Komisyonu Kuruldu"},"content":{"rendered":"<p><strong>Yeni Geli\u015fmeler<\/strong><\/p>\n<p>7252 say\u0131l\u0131 Dijital Mecralar Komisyonu Kurulmas\u0131 ile Baz\u0131 Kanunlarda De\u011fi\u015fiklik Yap\u0131lmas\u0131 Hakk\u0131nda Kanun (&#8220;<strong>Kanun<\/strong>&#8220;) 28 Temmuz 2020 tarihli ve 31199 numaral\u0131 Resmi Gazete&#8217;de yay\u0131mland\u0131. Kanun uyar\u0131nca, i\u00e7erik, yer ve eri\u015fim sa\u011flay\u0131c\u0131lar\u0131 ilgilendiren birtak\u0131m g\u00f6rev ve yetkileri b\u00fcnyesinde bar\u0131nd\u0131ran, meclise ba\u011fl\u0131 bir Dijital Mecralar Komisyonunun kurulmas\u0131 \u00f6ng\u00f6r\u00fcl\u00fcyor. \u0130lgili kanun metnine <a href=\"https:\/\/urldefense.com\/v3\/__https:\/esinxchange.com\/collect\/click.aspx?u=RzZzZnBWVTI1eU1Ja055a1B1aUhXZklzYytJYVg1NnlUR0tkd2VBclA0ZkdPMlRrak1raDl6RjA5d1RvMXZQRmpTaFZrV3FlUjFVd3dySjkzeHRzRFBVMlJ2Tm0yMG1EMUd3ZzQ1Rmx4TjdwUytLNHAyUnY0QTUxMnR5cVBFY2o=&amp;rh=ff00661a17e4de232acc79d34340bebcb5e823e0__;!!Hj9Y_P0nvg!GQj8t0XJ0QVCCCQ4YAnCJmgHY_CSg4_T-a5sG7LAG3SLH0hnaqzerC6xOVCAXOrVKiLCQQ$\"><strong>buradan<\/strong><\/a> ula\u015fabilirsiniz.<\/p>\n<p><strong>Ne Oldu?<\/strong><\/p>\n<p>Kanun uyar\u0131nca; kanunlara, bireylerin ki\u015filik haklar\u0131na, \u00f6zel hayat\u0131n gizlili\u011fine ve di\u011fer temel hak ve \u00f6zg\u00fcrl\u00fcklere ayk\u0131r\u0131 veya \u00e7ocuklar\u0131n fiziksel ve psikolojik geli\u015fimlerine zarar verici \u015fekilde internet kullan\u0131m\u0131n\u0131n \u00f6nlenmesi amac\u0131yla al\u0131nan tedbirler ile yap\u0131lan i\u015f ve i\u015flemler hakk\u0131nda inceleme, g\u00f6r\u00fc\u015fme, raporlama, tavsiye ve g\u00f6r\u00fc\u015f bildirme i\u015flemlerini y\u00fcr\u00fctmek \u00fczere bir Dijital Mecralar Komisyonu kurulmas\u0131 \u00f6ng\u00f6r\u00fclmektedir.<\/p>\n<p>Dijital Mecralar Komisyonunun g\u00f6revleri a\u015fa\u011f\u0131daki gibi belirlenmi\u015ftir:<\/p>\n<ul>\n<li>Kendisine havale edilen i\u015fleri g\u00f6r\u00fc\u015fmek; Bilgi Teknolojileri ve \u0130leti\u015fim Kurumu Ba\u015fkanl\u0131\u011f\u0131n\u0131n talebi \u00fczerine ya da istenildi\u011finde meclise sunulan kanun teklifleri ile ola\u011fan\u00fcst\u00fc hal s\u0131ras\u0131nda \u00e7\u0131kar\u0131lan Cumhurba\u015fkanl\u0131\u011f\u0131 kararnamelerini g\u00f6rev alan\u0131 y\u00f6n\u00fcnden incelemek ve ihtisas komisyonlar\u0131na g\u00f6r\u00fc\u015f sunmak.<\/li>\n<li>\u0130nternet kullan\u0131m\u0131n\u0131n kanunlara, bireylerin ki\u015filik haklar\u0131na, \u00f6zel hayat\u0131n gizlili\u011fine ve di\u011fer temel hak ve \u00f6zg\u00fcrl\u00fcklere ayk\u0131r\u0131 veya \u00e7ocuklar\u0131n fiziksel ve psikolojik geli\u015fimlerine zarar verici \u015fekilde ger\u00e7ekle\u015fmesinin \u00f6nlenmesi konular\u0131nda g\u00f6r\u00fc\u015f ve \u00f6neriler sunmak.<\/li>\n<li>\u0130nternet kullan\u0131m\u0131 yoluyla i\u015flenen su\u00e7larla etkin \u015fekilde m\u00fccadele edilmesi konusunda g\u00f6r\u00fc\u015f ve \u00f6neriler sunmak.<\/li>\n<li>Yukar\u0131da konularda uluslararas\u0131 alanda kabul g\u00f6ren geli\u015fmeleri izlemek, bu konular hakk\u0131n da gerekti\u011finde yurt d\u0131\u015f\u0131nda incelemelerde bulunmak ve bu geli\u015fmeler konusunda g\u00f6r\u00fc\u015f ve \u00f6neriler sunmak.<\/li>\n<li>\u0130nternetin hukuka uygun kullan\u0131m\u0131 konusunda kamuoyunu bilgilendirici etkinlik ve projeler yapmak.<\/li>\n<\/ul>\n<p>Dijital Mecralar Komisyonunun yetkileri a\u015fa\u011f\u0131daki gibi belirlenmi\u015ftir:<\/p>\n<ul>\n<li>G\u00f6revleri ile ilgili olarak kamu kurum ve kurulu\u015flar\u0131ndan, bu Kanun kapsam\u0131nda faaliyet g\u00f6steren i\u00e7erik sa\u011flay\u0131c\u0131lar, eri\u015fim sa\u011flay\u0131c\u0131lar, yer sa\u011flay\u0131c\u0131lar ile yerli veya yabanc\u0131 di\u011fer ger\u00e7ek ve t\u00fczel ki\u015filerden bilgi ve belge istemek ve ilgililerden bilgi almak.<\/li>\n<li>G\u00f6rev alan\u0131yla ilgili faaliyet g\u00f6steren kamu kurum ve kurulu\u015flar\u0131, \u00fcniversiteler, sivil toplum kurulu\u015flar\u0131 ile kamu kurumu niteli\u011findeki meslek kurulu\u015flar\u0131n\u0131n \u00e7al\u0131\u015fmalar\u0131ndan yararlanmak.<\/li>\n<li>Gerekli g\u00f6rd\u00fc\u011f\u00fcnde uygun bulaca\u011f\u0131 uzmanlar\u0131 fikirlerini almak \u00fczere \u00e7a\u011f\u0131rmak.<\/li>\n<\/ul>\n<p>Kanunun gerek\u00e7esinde, yap\u0131lmas\u0131 planlan de\u011fi\u015fikliklerin internetin hukuka uygun kullan\u0131lmas\u0131n\u0131n temini noktas\u0131nda y\u00fcr\u00fct\u00fclen faaliyet ve \u00e7al\u0131\u015fmalara yasama organ\u0131n\u0131n g\u00f6r\u00fc\u015f, \u00f6neri ve y\u00f6nlendirmeleriyle katk\u0131 sunmas\u0131n\u0131n sa\u011flanmas\u0131n\u0131n ama\u00e7land\u0131\u011f\u0131 belirtilmektedir.<\/p>\n<p><strong>Sonu\u00e7<\/strong><\/p>\n<p>Dijital mecralar \u00fczerinde k\u00fcresel anlamda artan odaklanmayla paralel olarak s\u00f6z konusu platformlar\u0131n ve vatanda\u015flar taraf\u0131ndan bu platformlar\u0131n kullan\u0131m\u0131n\u0131n yeni kurulan Dijital Mecralar Komisyonu yoluyla yasama organ\u0131 g\u00f6z\u00fcnde de daha b\u00fcy\u00fck bir odak noktas\u0131 haline geldi\u011fi g\u00f6r\u00fclmektedir. Yeni komisyonun yasama faaliyeti ve dijital mecralar\u0131n d\u00fczenlenmesi konusundaki etkileri uygulamayla anla\u015f\u0131lacakt\u0131r.<\/p>\n<p>COVID-19 salg\u0131n\u0131 ile ilgili hukuki d\u00fczenlemelerle ilgili bilgilere <a href=\"https:\/\/urldefense.com\/v3\/__https:\/esinxchange.com\/collect\/click.aspx?u=RzZzZnBWVTI1eU1Ja055a1B1aUhXZklzYytJYVg1NnlUR0tkd2VBclA0ZUkwd05KOTZTbjZrR0NoaUFGd3dUTTR5bHl4R291YXFHb0tpdjlmdmJkeUZUaWFwbGVHWDZER0tjaEtJcURwUHZCZVZ2U3FiNnhXR3AxT29LVDJ0aTBpRzJTUXlBSzM4SHVrdzZ6WDZTZUJsS21XS0RSVWZRRWMwalkraVdPZ0E5b1gxejVPQy80UWNzV044WXVTeU5hVmxNd2dHZzBuUGg3ZzlDbG0wdWJhdz09&amp;rh=ff00661a17e4de232acc79d34340bebcb5e823e0__;!!Hj9Y_P0nvg!GQj8t0XJ0QVCCCQ4YAnCJmgHY_CSg4_T-a5sG7LAG3SLH0hnaqzerC6xOVCAXOrrURFV5Q$\"><strong>Esin Avukatl\u0131k Ortakl\u0131\u011f\u0131 Coronavir\u00fcs Masas\u0131<\/strong><\/a>&#8216;ndan ula\u015fabilirsiniz.<\/p>\n","protected":false},"excerpt":{"rendered":"<p>Yeni Geli\u015fmeler 7252 say\u0131l\u0131 Dijital Mecralar Komisyonu Kurulmas\u0131 ile Baz\u0131 Kanunlarda De\u011fi\u015fiklik Yap\u0131lmas\u0131 Hakk\u0131nda Kanun (&#8220;Kanun&#8220;) 28 Temmuz 2020 tarihli [&hellip;]<\/p>\n","protected":false},"author":4,"featured_media":0,"comment_status":"closed","ping_status":"closed","sticky":false,"template":"","format":"standard","meta":{"_acf_changed":false,"_stopmodifiedupdate":false,"_modified_date":"","footnotes":""},"categories":[120,149],"tags":[93],"class_list":["post-16660","post","type-post","status-publish","format-standard","hentry","category-legal-alerts","category-covid-19-tr","tag-information-technology-communications-tr"],"acf":[],"yoast_head":"<!-- This site is optimized with the Yoast SEO plugin v24.0 - https:\/\/yoast.com\/wordpress\/plugins\/seo\/ -->\n<title>Dijital Mecralar Komisyonu Kuruldu<\/title>\n<meta name=\"description\" content=\"Yeni Geli\u015fmeler 7252 say\u0131l\u0131 Dijital Mecralar Komisyonu Kurulmas\u0131 ile Baz\u0131 Kanunlarda De\u011fi\u015fiklik Yap\u0131lmas\u0131 Hakk\u0131nda Kanun (&quot;Kanun&quot;) 28 Temmuz 2020 tarihli\" \/>\n<meta name=\"robots\" content=\"index, follow, max-snippet:-1, max-image-preview:large, max-video-preview:-1\" \/>\n<link rel=\"canonical\" href=\"https:\/\/www.esin.av.tr\/tr\/2020\/07\/28\/dijital-mecralar-komisyonu-kuruldu\/\" \/>\n<meta property=\"og:locale\" content=\"tr_TR\" \/>\n<meta property=\"og:type\" content=\"article\" \/>\n<meta property=\"og:title\" content=\"Dijital Mecralar Komisyonu Kuruldu\" \/>\n<meta property=\"og:description\" content=\"Yeni Geli\u015fmeler 7252 say\u0131l\u0131 Dijital Mecralar Komisyonu Kurulmas\u0131 ile Baz\u0131 Kanunlarda De\u011fi\u015fiklik Yap\u0131lmas\u0131 Hakk\u0131nda Kanun (&quot;Kanun&quot;) 28 Temmuz 2020 tarihli\" \/>\n<meta property=\"og:url\" content=\"https:\/\/www.esin.av.tr\/tr\/2020\/07\/28\/dijital-mecralar-komisyonu-kuruldu\/\" \/>\n<meta property=\"og:site_name\" content=\"Esin Avukatl\u0131k Ortakl\u0131\u011f\u0131\" \/>\n<meta property=\"article:published_time\" content=\"2020-07-28T10:29:38+00:00\" \/>\n<meta property=\"article:modified_time\" content=\"2022-06-09T13:05:27+00:00\" \/>\n<meta name=\"author\" content=\"R\u0131dvan Konrat\" \/>\n<meta name=\"twitter:card\" content=\"summary_large_image\" \/>\n<meta name=\"twitter:label1\" content=\"Written by\" \/>\n\t<meta name=\"twitter:data1\" content=\"R\u0131dvan Konrat\" \/>\n\t<meta name=\"twitter:label2\" content=\"Est. reading time\" \/>\n\t<meta name=\"twitter:data2\" content=\"3 minutes\" \/>\n<script type=\"application\/ld+json\" class=\"yoast-schema-graph\">{\"@context\":\"https:\/\/schema.org\",\"@graph\":[{\"@type\":\"Article\",\"@id\":\"https:\/\/www.esin.av.tr\/tr\/2020\/07\/28\/dijital-mecralar-komisyonu-kuruldu\/#article\",\"isPartOf\":{\"@id\":\"https:\/\/www.esin.av.tr\/tr\/2020\/07\/28\/dijital-mecralar-komisyonu-kuruldu\/\"},\"author\":{\"name\":\"R\u0131dvan Konrat\",\"@id\":\"https:\/\/www.esin.av.tr\/tr\/#\/schema\/person\/42c8e616aab56b8622fa365ad63282ae\"},\"headline\":\"Dijital Mecralar Komisyonu Kuruldu\",\"datePublished\":\"2020-07-28T10:29:38+00:00\",\"dateModified\":\"2022-06-09T13:05:27+00:00\",\"mainEntityOfPage\":{\"@id\":\"https:\/\/www.esin.av.tr\/tr\/2020\/07\/28\/dijital-mecralar-komisyonu-kuruldu\/\"},\"wordCount\":585,\"publisher\":{\"@id\":\"https:\/\/www.esin.av.tr\/tr\/#organization\"},\"keywords\":[\"Bilgi Teknolojileri ve Telekom\u00fcnikasyon\"],\"articleSection\":[\"Hukuk B\u00fcltenleri\",\"Covid-19\"],\"inLanguage\":\"tr\"},{\"@type\":\"WebPage\",\"@id\":\"https:\/\/www.esin.av.tr\/tr\/2020\/07\/28\/dijital-mecralar-komisyonu-kuruldu\/\",\"url\":\"https:\/\/www.esin.av.tr\/tr\/2020\/07\/28\/dijital-mecralar-komisyonu-kuruldu\/\",\"name\":\"Dijital Mecralar Komisyonu Kuruldu\",\"isPartOf\":{\"@id\":\"https:\/\/www.esin.av.tr\/tr\/#website\"},\"datePublished\":\"2020-07-28T10:29:38+00:00\",\"dateModified\":\"2022-06-09T13:05:27+00:00\",\"description\":\"Yeni Geli\u015fmeler 7252 say\u0131l\u0131 Dijital Mecralar Komisyonu Kurulmas\u0131 ile Baz\u0131 Kanunlarda De\u011fi\u015fiklik Yap\u0131lmas\u0131 Hakk\u0131nda Kanun (\\\"Kanun\\\") 28 Temmuz 2020 tarihli\",\"breadcrumb\":{\"@id\":\"https:\/\/www.esin.av.tr\/tr\/2020\/07\/28\/dijital-mecralar-komisyonu-kuruldu\/#breadcrumb\"},\"inLanguage\":\"tr\",\"potentialAction\":[{\"@type\":\"ReadAction\",\"target\":[\"https:\/\/www.esin.av.tr\/tr\/2020\/07\/28\/dijital-mecralar-komisyonu-kuruldu\/\"]}]},{\"@type\":\"BreadcrumbList\",\"@id\":\"https:\/\/www.esin.av.tr\/tr\/2020\/07\/28\/dijital-mecralar-komisyonu-kuruldu\/#breadcrumb\",\"itemListElement\":[{\"@type\":\"ListItem\",\"position\":1,\"name\":\"Home\",\"item\":\"https:\/\/www.esin.av.tr\/tr\/\"},{\"@type\":\"ListItem\",\"position\":2,\"name\":\"Dijital Mecralar Komisyonu Kuruldu\"}]},{\"@type\":\"WebSite\",\"@id\":\"https:\/\/www.esin.av.tr\/tr\/#website\",\"url\":\"https:\/\/www.esin.av.tr\/tr\/\",\"name\":\"Esin Avukatl\u0131k Ortakl\u0131\u011f\u0131\",\"description\":\"\",\"publisher\":{\"@id\":\"https:\/\/www.esin.av.tr\/tr\/#organization\"},\"potentialAction\":[{\"@type\":\"SearchAction\",\"target\":{\"@type\":\"EntryPoint\",\"urlTemplate\":\"https:\/\/www.esin.av.tr\/tr\/?s={search_term_string}\"},\"query-input\":{\"@type\":\"PropertyValueSpecification\",\"valueRequired\":true,\"valueName\":\"search_term_string\"}}],\"inLanguage\":\"tr\"},{\"@type\":\"Organization\",\"@id\":\"https:\/\/www.esin.av.tr\/tr\/#organization\",\"name\":\"Esin Avukatl\u0131k Ortakl\u0131\u011f\u0131\",\"url\":\"https:\/\/www.esin.av.tr\/tr\/\",\"logo\":{\"@type\":\"ImageObject\",\"inLanguage\":\"tr\",\"@id\":\"https:\/\/www.esin.av.tr\/tr\/#\/schema\/logo\/image\/\",\"url\":\"https:\/\/www.esin.av.tr\/wp-content\/uploads\/2021\/09\/esin-2.jpg\",\"contentUrl\":\"https:\/\/www.esin.av.tr\/wp-content\/uploads\/2021\/09\/esin-2.jpg\",\"width\":800,\"height\":460,\"caption\":\"Esin Avukatl\u0131k Ortakl\u0131\u011f\u0131\"},\"image\":{\"@id\":\"https:\/\/www.esin.av.tr\/tr\/#\/schema\/logo\/image\/\"}},{\"@type\":\"Person\",\"@id\":\"https:\/\/www.esin.av.tr\/tr\/#\/schema\/person\/42c8e616aab56b8622fa365ad63282ae\",\"name\":\"R\u0131dvan Konrat\",\"image\":{\"@type\":\"ImageObject\",\"inLanguage\":\"tr\",\"@id\":\"https:\/\/www.esin.av.tr\/tr\/#\/schema\/person\/image\/\",\"url\":\"https:\/\/secure.gravatar.com\/avatar\/b20c6c583be38ed4e76e32f69fccc676?s=96&d=mm&r=g\",\"contentUrl\":\"https:\/\/secure.gravatar.com\/avatar\/b20c6c583be38ed4e76e32f69fccc676?s=96&d=mm&r=g\",\"caption\":\"R\u0131dvan Konrat\"},\"sameAs\":[\"http:\/\/www.esin.av.tr\"],\"url\":\"https:\/\/www.esin.av.tr\/tr\/author\/rkonrat\/\"}]}<\/script>\n<!-- \/ Yoast SEO plugin. -->","yoast_head_json":{"title":"Dijital Mecralar Komisyonu Kuruldu","description":"Yeni Geli\u015fmeler 7252 say\u0131l\u0131 Dijital Mecralar Komisyonu Kurulmas\u0131 ile Baz\u0131 Kanunlarda De\u011fi\u015fiklik Yap\u0131lmas\u0131 Hakk\u0131nda Kanun (\"Kanun\") 28 Temmuz 2020 tarihli","robots":{"index":"index","follow":"follow","max-snippet":"max-snippet:-1","max-image-preview":"max-image-preview:large","max-video-preview":"max-video-preview:-1"},"canonical":"https:\/\/www.esin.av.tr\/tr\/2020\/07\/28\/dijital-mecralar-komisyonu-kuruldu\/","og_locale":"tr_TR","og_type":"article","og_title":"Dijital Mecralar Komisyonu Kuruldu","og_description":"Yeni Geli\u015fmeler 7252 say\u0131l\u0131 Dijital Mecralar Komisyonu Kurulmas\u0131 ile Baz\u0131 Kanunlarda De\u011fi\u015fiklik Yap\u0131lmas\u0131 Hakk\u0131nda Kanun (\"Kanun\") 28 Temmuz 2020 tarihli","og_url":"https:\/\/www.esin.av.tr\/tr\/2020\/07\/28\/dijital-mecralar-komisyonu-kuruldu\/","og_site_name":"Esin Avukatl\u0131k Ortakl\u0131\u011f\u0131","article_published_time":"2020-07-28T10:29:38+00:00","article_modified_time":"2022-06-09T13:05:27+00:00","author":"R\u0131dvan Konrat","twitter_card":"summary_large_image","twitter_misc":{"Written by":"R\u0131dvan Konrat","Est. reading time":"3 minutes"},"schema":{"@context":"https:\/\/schema.org","@graph":[{"@type":"Article","@id":"https:\/\/www.esin.av.tr\/tr\/2020\/07\/28\/dijital-mecralar-komisyonu-kuruldu\/#article","isPartOf":{"@id":"https:\/\/www.esin.av.tr\/tr\/2020\/07\/28\/dijital-mecralar-komisyonu-kuruldu\/"},"author":{"name":"R\u0131dvan Konrat","@id":"https:\/\/www.esin.av.tr\/tr\/#\/schema\/person\/42c8e616aab56b8622fa365ad63282ae"},"headline":"Dijital Mecralar Komisyonu Kuruldu","datePublished":"2020-07-28T10:29:38+00:00","dateModified":"2022-06-09T13:05:27+00:00","mainEntityOfPage":{"@id":"https:\/\/www.esin.av.tr\/tr\/2020\/07\/28\/dijital-mecralar-komisyonu-kuruldu\/"},"wordCount":585,"publisher":{"@id":"https:\/\/www.esin.av.tr\/tr\/#organization"},"keywords":["Bilgi Teknolojileri ve Telekom\u00fcnikasyon"],"articleSection":["Hukuk B\u00fcltenleri","Covid-19"],"inLanguage":"tr"},{"@type":"WebPage","@id":"https:\/\/www.esin.av.tr\/tr\/2020\/07\/28\/dijital-mecralar-komisyonu-kuruldu\/","url":"https:\/\/www.esin.av.tr\/tr\/2020\/07\/28\/dijital-mecralar-komisyonu-kuruldu\/","name":"Dijital Mecralar Komisyonu Kuruldu","isPartOf":{"@id":"https:\/\/www.esin.av.tr\/tr\/#website"},"datePublished":"2020-07-28T10:29:38+00:00","dateModified":"2022-06-09T13:05:27+00:00","description":"Yeni Geli\u015fmeler 7252 say\u0131l\u0131 Dijital Mecralar Komisyonu Kurulmas\u0131 ile Baz\u0131 Kanunlarda De\u011fi\u015fiklik Yap\u0131lmas\u0131 Hakk\u0131nda Kanun (\"Kanun\") 28 Temmuz 2020 tarihli","breadcrumb":{"@id":"https:\/\/www.esin.av.tr\/tr\/2020\/07\/28\/dijital-mecralar-komisyonu-kuruldu\/#breadcrumb"},"inLanguage":"tr","potentialAction":[{"@type":"ReadAction","target":["https:\/\/www.esin.av.tr\/tr\/2020\/07\/28\/dijital-mecralar-komisyonu-kuruldu\/"]}]},{"@type":"BreadcrumbList","@id":"https:\/\/www.esin.av.tr\/tr\/2020\/07\/28\/dijital-mecralar-komisyonu-kuruldu\/#breadcrumb","itemListElement":[{"@type":"ListItem","position":1,"name":"Home","item":"https:\/\/www.esin.av.tr\/tr\/"},{"@type":"ListItem","position":2,"name":"Dijital Mecralar Komisyonu Kuruldu"}]},{"@type":"WebSite","@id":"https:\/\/www.esin.av.tr\/tr\/#website","url":"https:\/\/www.esin.av.tr\/tr\/","name":"Esin Avukatl\u0131k Ortakl\u0131\u011f\u0131","description":"","publisher":{"@id":"https:\/\/www.esin.av.tr\/tr\/#organization"},"potentialAction":[{"@type":"SearchAction","target":{"@type":"EntryPoint","urlTemplate":"https:\/\/www.esin.av.tr\/tr\/?s={search_term_string}"},"query-input":{"@type":"PropertyValueSpecification","valueRequired":true,"valueName":"search_term_string"}}],"inLanguage":"tr"},{"@type":"Organization","@id":"https:\/\/www.esin.av.tr\/tr\/#organization","name":"Esin Avukatl\u0131k Ortakl\u0131\u011f\u0131","url":"https:\/\/www.esin.av.tr\/tr\/","logo":{"@type":"ImageObject","inLanguage":"tr","@id":"https:\/\/www.esin.av.tr\/tr\/#\/schema\/logo\/image\/","url":"https:\/\/www.esin.av.tr\/wp-content\/uploads\/2021\/09\/esin-2.jpg","contentUrl":"https:\/\/www.esin.av.tr\/wp-content\/uploads\/2021\/09\/esin-2.jpg","width":800,"height":460,"caption":"Esin Avukatl\u0131k Ortakl\u0131\u011f\u0131"},"image":{"@id":"https:\/\/www.esin.av.tr\/tr\/#\/schema\/logo\/image\/"}},{"@type":"Person","@id":"https:\/\/www.esin.av.tr\/tr\/#\/schema\/person\/42c8e616aab56b8622fa365ad63282ae","name":"R\u0131dvan Konrat","image":{"@type":"ImageObject","inLanguage":"tr","@id":"https:\/\/www.esin.av.tr\/tr\/#\/schema\/person\/image\/","url":"https:\/\/secure.gravatar.com\/avatar\/b20c6c583be38ed4e76e32f69fccc676?s=96&d=mm&r=g","contentUrl":"https:\/\/secure.gravatar.com\/avatar\/b20c6c583be38ed4e76e32f69fccc676?s=96&d=mm&r=g","caption":"R\u0131dvan Konrat"},"sameAs":["http:\/\/www.esin.av.tr"],"url":"https:\/\/www.esin.av.tr\/tr\/author\/rkonrat\/"}]}},"_links":{"self":[{"href":"https:\/\/www.esin.av.tr\/tr\/wp-json\/wp\/v2\/posts\/16660","targetHints":{"allow":["GET"]}}],"collection":[{"href":"https:\/\/www.esin.av.tr\/tr\/wp-json\/wp\/v2\/posts"}],"about":[{"href":"https:\/\/www.esin.av.tr\/tr\/wp-json\/wp\/v2\/types\/post"}],"author":[{"embeddable":true,"href":"https:\/\/www.esin.av.tr\/tr\/wp-json\/wp\/v2\/users\/4"}],"replies":[{"embeddable":true,"href":"https:\/\/www.esin.av.tr\/tr\/wp-json\/wp\/v2\/comments?post=16660"}],"version-history":[{"count":1,"href":"https:\/\/www.esin.av.tr\/tr\/wp-json\/wp\/v2\/posts\/16660\/revisions"}],"predecessor-version":[{"id":16661,"href":"https:\/\/www.esin.av.tr\/tr\/wp-json\/wp\/v2\/posts\/16660\/revisions\/16661"}],"wp:attachment":[{"href":"https:\/\/www.esin.av.tr\/tr\/wp-json\/wp\/v2\/media?parent=16660"}],"wp:term":[{"taxonomy":"category","embeddable":true,"href":"https:\/\/www.esin.av.tr\/tr\/wp-json\/wp\/v2\/categories?post=16660"},{"taxonomy":"post_tag","embeddable":true,"href":"https:\/\/www.esin.av.tr\/tr\/wp-json\/wp\/v2\/tags?post=16660"}],"curies":[{"name":"wp","href":"https:\/\/api.w.org\/{rel}","templated":true}]}}