{"id":16608,"date":"2020-07-06T09:15:07","date_gmt":"2020-07-06T09:15:07","guid":{"rendered":"https:\/\/www.esin.av.tr\/?p=16608"},"modified":"2021-09-14T22:36:54","modified_gmt":"2021-09-14T22:36:54","slug":"turk-patent-ve-marka-kurumu-calisan-buluslari-ve-yuksekogretim-kurumlarinda-gerceklestirilen-buluslar-ile-ilgili-kilavuzlar-yayimladi","status":"publish","type":"post","link":"https:\/\/www.esin.av.tr\/tr\/2020\/07\/06\/turk-patent-ve-marka-kurumu-calisan-buluslari-ve-yuksekogretim-kurumlarinda-gerceklestirilen-buluslar-ile-ilgili-kilavuzlar-yayimladi\/","title":{"rendered":"T\u00fcrk Patent ve Marka Kurumu, \u00c7al\u0131\u015fan Bulu\u015flar\u0131 ve Y\u00fcksek\u00f6\u011fretim Kurumlar\u0131nda Ger\u00e7ekle\u015ftirilen Bulu\u015flar ile \u0130lgili K\u0131lavuzlar Yay\u0131mlad\u0131"},"content":{"rendered":"<p><strong>Yeni Geli\u015fme<\/strong><\/p>\n<p>6769 say\u0131l\u0131 S\u0131nai M\u00fclkiyet Kanunu&#8217;nun (&#8220;<strong>SMK<\/strong>&#8220;) 5. k\u0131sm\u0131 ve 30195 say\u0131l\u0131 \u00c7al\u0131\u015fan Bulu\u015flar\u0131na, Y\u00fcksek \u00d6\u011fretim Kurumlar\u0131nda Ger\u00e7ekle\u015ftirilen Bulu\u015flara ve Kamu Destekli Projelerde Ortaya \u00c7\u0131kan Bulu\u015flara Dair Y\u00f6netmelik (&#8220;<strong>Y\u00f6netmelik<\/strong>&#8220;) ile d\u00fczenlenen \u00e7al\u0131\u015fan bulu\u015flar\u0131 ve y\u00fcksek\u00f6\u011fretim kurumlar\u0131nda ger\u00e7ekle\u015ftirilen bulu\u015flara (&#8220;<strong>Bulu\u015flar<\/strong>&#8220;) ili\u015fkin uygulama k\u0131lavuzlar\u0131 30 Haziran 2020 tarihinde T\u00fcrk Patent ve Marka Kurumu&#8217;nun (&#8220;<strong>TPMK<\/strong>&#8220;) resmi internet sitesinde yay\u0131mland\u0131.<\/p>\n<p><strong><u><a href=\"https:\/\/urldefense.com\/v3\/__https:\/esinxchange.com\/collect\/click.aspx?u=TnZ5RjFlbjlqNXp6b0J4VDNQOXd6N3I5Q2M3ZXZHTGJXWFpUNkJsR0FjaElkbHREemIrLyt0NjIrMG5PN2dvOERBN2pkbkdvUS9YaTBHUFlvelVIVVFCbVdYU0xRYWpDNlJKR0JPM2tuVTRCZGhxY3YzdFFOWDA5UTYzNHU4a2luY0xRVVlSVE80eWtUSUsxS09XWFI5MjBPUDBIZEZsN0hQeUZVNENSR0c0PQ==&amp;rh=ff0064855580bc613e03c4ceeb47bb826f28f176__;!!Hj9Y_P0nvg!EJ5hGkwsN7O964ZmanowVxrlbSnNUTa67CymMcECG9TRp0ELsWPDoDpaTzI-BJ-3cVdGXw$\">\u00c7al\u0131\u015fan Bulu\u015flar\u0131 Uygulama K\u0131lavuzu<\/a><\/u><\/strong> ve <strong><u><a href=\"https:\/\/urldefense.com\/v3\/__https:\/esinxchange.com\/collect\/click.aspx?u=TnZ5RjFlbjlqNXp6b0J4VDNQOXd6N3I5Q2M3ZXZHTGJXWFpUNkJsR0FjaElkbHREemIrLyt0NjIrMG5PN2dvOERBN2pkbkdvUS9YaTBHUFlvelVIVVFCbVdYU0xRYWpDNlJKR0JPM2tuVTRuTWN4M0hKL2kxZktiVWd5WGlNa3VtTDNPS3BpVmNkbFpjam5Zd244K3dtL0dIMVpIa012ektyOVZCVUM2R2pNPQ==&amp;rh=ff0064855580bc613e03c4ceeb47bb826f28f176__;!!Hj9Y_P0nvg!EJ5hGkwsN7O964ZmanowVxrlbSnNUTa67CymMcECG9TRp0ELsWPDoDpaTzI-BJ9TFVyAnQ$\">Y\u00fcksek\u00f6\u011fretim Kurumlar\u0131nda Ger\u00e7ekle\u015ftirilen Bulu\u015flar Uygulama K\u0131lavuzu<\/a><\/u><\/strong>&#8216;na (&#8220;<strong>K\u0131lavuzlar<\/strong>&#8220;) TPMK&#8217;n\u0131n resmi internet sayfas\u0131ndan eri\u015filebilmektedir. K\u0131lavuzlar sadece T\u00fcrk\u00e7e dilinde yay\u0131mlanm\u0131\u015ft\u0131r.<\/p>\n<p><strong>K\u0131lavuzlar Neleri D\u00fczenliyor?<\/strong><\/p>\n<p>K\u0131lavuzlar, ilgili payda\u015flar\u0131n kat\u0131l\u0131m\u0131 ve \u00e7al\u0131\u015fma gruplar\u0131n\u0131n katk\u0131lar\u0131yla TPMK taraf\u0131ndan haz\u0131rlanm\u0131\u015ft\u0131r. K\u0131lavuzlar ile SMK ve Y\u00f6netmelik ile d\u00fczenlenen Bulu\u015flar&#8217;a ili\u015fkin uygulamalar hakk\u0131nda bilgi vermek ve bu uygulamalara rehberlik sa\u011flamak ama\u00e7lanm\u0131\u015ft\u0131r. K\u0131lavuzlar, Bulu\u015flar&#8217;a ili\u015fkin h\u00fck\u00fcmler hakk\u0131nda herhangi bir hukuki yorum getirmemektedir; yasal olarak ba\u011flay\u0131c\u0131l\u0131klar\u0131 yoktur ve sadece tavsiye niteli\u011findedir.<\/p>\n<p>K\u0131lavuzlar&#8217;da Bulu\u015flar&#8217;a ili\u015fkin pek \u00e7ok ana ba\u015fl\u0131k detayl\u0131ca incelenmi\u015ftir; K\u0131lavuzlar&#8217;da dikkat \u00e7eken baz\u0131 ba\u015fl\u0131klar \u015funlard\u0131r:<\/p>\n<ul>\n<li>\u00c7al\u0131\u015fan taraf\u0131ndan i\u015fverene yap\u0131lacak bildirime ili\u015fkin d\u00fczenlemelerde yer alan &#8220;bulu\u015fun <em>geciktirmeksizin<\/em> i\u015fverene bildirilmesi&#8221; ifadesi detayl\u0131 bir \u015fekilde incelenmi\u015ftir. K\u0131lavuzlar, bu konuda ortaya \u00e7\u0131kabilecek uyu\u015fmazl\u0131klar\u0131n yorumlanmas\u0131nda yol g\u00f6sterici olacakt\u0131r.<\/li>\n<li>Bununla birlikte, \u00f6denecek bedelin belirlenmesine ili\u015fkin uygulamada kar\u0131\u015f\u0131kl\u0131\u011fa sebep olan konular K\u0131lavuzlar ile netlik kazanm\u0131\u015ft\u0131r.<\/li>\n<li>K\u0131lavuzlar ile, birden \u00e7ok kurumu ilgilendiren Bulu\u015flar&#8217;da kurumlar aras\u0131nda hak sahipli\u011fine ili\u015fkin belirsizlikler netle\u015ftirilmi\u015ftir.<\/li>\n<\/ul>\n<p><strong>Sonu\u00e7<\/strong><\/p>\n<p>Hi\u00e7 \u015f\u00fcphesiz, Bulu\u015flar&#8217;a ili\u015fkin SMK ve Y\u00f6netmelik d\u00fczenlemelerinin uygulanmas\u0131nda K\u0131lavuzlar \u00f6nemli kaynaklar olacaklard\u0131r. TPMK, K\u0131lavuzlar&#8217;\u0131n, ilgili payda\u015flardan gelecek g\u00f6r\u00fc\u015f, \u00f6neri ve uygulama \u00f6rnekleri \u00e7er\u00e7evesinde ilerleyen zamanlarda g\u00fcncellenmesini, i\u00e7eriklerinin zenginle\u015ftirilmesini ve K\u0131lavuzlar&#8217;\u0131n dinamik yap\u0131larda olmalar\u0131n\u0131 hedeflemektedir.<\/p>\n","protected":false},"excerpt":{"rendered":"<p>Yeni Geli\u015fme 6769 say\u0131l\u0131 S\u0131nai M\u00fclkiyet Kanunu&#8217;nun (&#8220;SMK&#8220;) 5. k\u0131sm\u0131 ve 30195 say\u0131l\u0131 \u00c7al\u0131\u015fan Bulu\u015flar\u0131na, Y\u00fcksek \u00d6\u011fretim Kurumlar\u0131nda Ger\u00e7ekle\u015ftirilen Bulu\u015flara [&hellip;]<\/p>\n","protected":false},"author":4,"featured_media":0,"comment_status":"closed","ping_status":"closed","sticky":false,"template":"","format":"standard","meta":{"_acf_changed":false,"_stopmodifiedupdate":false,"_modified_date":"","footnotes":""},"categories":[120],"tags":[91],"class_list":["post-16608","post","type-post","status-publish","format-standard","hentry","category-legal-alerts","tag-intellectual-property-tr"],"acf":[],"yoast_head":"<!-- This site is optimized with the Yoast SEO plugin v24.0 - https:\/\/yoast.com\/wordpress\/plugins\/seo\/ -->\n<title>T\u00fcrk Patent ve Marka Kurumu, \u00c7al\u0131\u015fan Bulu\u015flar\u0131 ve Y\u00fcksek\u00f6\u011fretim Kurumlar\u0131nda Ger\u00e7ekle\u015ftirilen Bulu\u015flar ile \u0130lgili K\u0131lavuzlar Yay\u0131mlad\u0131<\/title>\n<meta name=\"description\" content=\"Yeni Geli\u015fme 6769 say\u0131l\u0131 S\u0131nai M\u00fclkiyet Kanunu&#039;nun (&quot;SMK&quot;) 5. k\u0131sm\u0131 ve 30195 say\u0131l\u0131 \u00c7al\u0131\u015fan Bulu\u015flar\u0131na, Y\u00fcksek \u00d6\u011fretim Kurumlar\u0131nda Ger\u00e7ekle\u015ftirilen\" \/>\n<meta name=\"robots\" content=\"index, follow, max-snippet:-1, max-image-preview:large, max-video-preview:-1\" \/>\n<link rel=\"canonical\" href=\"https:\/\/www.esin.av.tr\/tr\/2020\/07\/06\/turk-patent-ve-marka-kurumu-calisan-buluslari-ve-yuksekogretim-kurumlarinda-gerceklestirilen-buluslar-ile-ilgili-kilavuzlar-yayimladi\/\" \/>\n<meta property=\"og:locale\" content=\"tr_TR\" \/>\n<meta property=\"og:type\" content=\"article\" \/>\n<meta property=\"og:title\" content=\"T\u00fcrk Patent ve Marka Kurumu, \u00c7al\u0131\u015fan Bulu\u015flar\u0131 ve Y\u00fcksek\u00f6\u011fretim Kurumlar\u0131nda Ger\u00e7ekle\u015ftirilen Bulu\u015flar ile \u0130lgili K\u0131lavuzlar Yay\u0131mlad\u0131\" \/>\n<meta property=\"og:description\" content=\"Yeni Geli\u015fme 6769 say\u0131l\u0131 S\u0131nai M\u00fclkiyet Kanunu&#039;nun (&quot;SMK&quot;) 5. k\u0131sm\u0131 ve 30195 say\u0131l\u0131 \u00c7al\u0131\u015fan Bulu\u015flar\u0131na, Y\u00fcksek \u00d6\u011fretim Kurumlar\u0131nda Ger\u00e7ekle\u015ftirilen\" \/>\n<meta property=\"og:url\" content=\"https:\/\/www.esin.av.tr\/tr\/2020\/07\/06\/turk-patent-ve-marka-kurumu-calisan-buluslari-ve-yuksekogretim-kurumlarinda-gerceklestirilen-buluslar-ile-ilgili-kilavuzlar-yayimladi\/\" \/>\n<meta property=\"og:site_name\" content=\"Esin Avukatl\u0131k Ortakl\u0131\u011f\u0131\" \/>\n<meta property=\"article:published_time\" content=\"2020-07-06T09:15:07+00:00\" \/>\n<meta property=\"article:modified_time\" content=\"2021-09-14T22:36:54+00:00\" \/>\n<meta name=\"author\" content=\"R\u0131dvan Konrat\" \/>\n<meta name=\"twitter:card\" content=\"summary_large_image\" \/>\n<meta name=\"twitter:label1\" content=\"Written by\" \/>\n\t<meta name=\"twitter:data1\" content=\"R\u0131dvan Konrat\" \/>\n\t<meta name=\"twitter:label2\" content=\"Est. reading time\" \/>\n\t<meta name=\"twitter:data2\" content=\"2 minutes\" \/>\n<script type=\"application\/ld+json\" class=\"yoast-schema-graph\">{\"@context\":\"https:\/\/schema.org\",\"@graph\":[{\"@type\":\"Article\",\"@id\":\"https:\/\/www.esin.av.tr\/tr\/2020\/07\/06\/turk-patent-ve-marka-kurumu-calisan-buluslari-ve-yuksekogretim-kurumlarinda-gerceklestirilen-buluslar-ile-ilgili-kilavuzlar-yayimladi\/#article\",\"isPartOf\":{\"@id\":\"https:\/\/www.esin.av.tr\/tr\/2020\/07\/06\/turk-patent-ve-marka-kurumu-calisan-buluslari-ve-yuksekogretim-kurumlarinda-gerceklestirilen-buluslar-ile-ilgili-kilavuzlar-yayimladi\/\"},\"author\":{\"name\":\"R\u0131dvan Konrat\",\"@id\":\"https:\/\/www.esin.av.tr\/tr\/#\/schema\/person\/42c8e616aab56b8622fa365ad63282ae\"},\"headline\":\"T\u00fcrk Patent ve Marka Kurumu, \u00c7al\u0131\u015fan Bulu\u015flar\u0131 ve Y\u00fcksek\u00f6\u011fretim Kurumlar\u0131nda Ger\u00e7ekle\u015ftirilen Bulu\u015flar ile \u0130lgili K\u0131lavuzlar Yay\u0131mlad\u0131\",\"datePublished\":\"2020-07-06T09:15:07+00:00\",\"dateModified\":\"2021-09-14T22:36:54+00:00\",\"mainEntityOfPage\":{\"@id\":\"https:\/\/www.esin.av.tr\/tr\/2020\/07\/06\/turk-patent-ve-marka-kurumu-calisan-buluslari-ve-yuksekogretim-kurumlarinda-gerceklestirilen-buluslar-ile-ilgili-kilavuzlar-yayimladi\/\"},\"wordCount\":418,\"publisher\":{\"@id\":\"https:\/\/www.esin.av.tr\/tr\/#organization\"},\"keywords\":[\"Fikri ve S\u0131nai M\u00fclkiyet\"],\"articleSection\":[\"Hukuk B\u00fcltenleri\"],\"inLanguage\":\"tr\"},{\"@type\":\"WebPage\",\"@id\":\"https:\/\/www.esin.av.tr\/tr\/2020\/07\/06\/turk-patent-ve-marka-kurumu-calisan-buluslari-ve-yuksekogretim-kurumlarinda-gerceklestirilen-buluslar-ile-ilgili-kilavuzlar-yayimladi\/\",\"url\":\"https:\/\/www.esin.av.tr\/tr\/2020\/07\/06\/turk-patent-ve-marka-kurumu-calisan-buluslari-ve-yuksekogretim-kurumlarinda-gerceklestirilen-buluslar-ile-ilgili-kilavuzlar-yayimladi\/\",\"name\":\"T\u00fcrk Patent ve Marka Kurumu, \u00c7al\u0131\u015fan Bulu\u015flar\u0131 ve Y\u00fcksek\u00f6\u011fretim Kurumlar\u0131nda Ger\u00e7ekle\u015ftirilen Bulu\u015flar ile \u0130lgili K\u0131lavuzlar Yay\u0131mlad\u0131\",\"isPartOf\":{\"@id\":\"https:\/\/www.esin.av.tr\/tr\/#website\"},\"datePublished\":\"2020-07-06T09:15:07+00:00\",\"dateModified\":\"2021-09-14T22:36:54+00:00\",\"description\":\"Yeni Geli\u015fme 6769 say\u0131l\u0131 S\u0131nai M\u00fclkiyet Kanunu'nun (\\\"SMK\\\") 5. k\u0131sm\u0131 ve 30195 say\u0131l\u0131 \u00c7al\u0131\u015fan Bulu\u015flar\u0131na, Y\u00fcksek \u00d6\u011fretim Kurumlar\u0131nda Ger\u00e7ekle\u015ftirilen\",\"breadcrumb\":{\"@id\":\"https:\/\/www.esin.av.tr\/tr\/2020\/07\/06\/turk-patent-ve-marka-kurumu-calisan-buluslari-ve-yuksekogretim-kurumlarinda-gerceklestirilen-buluslar-ile-ilgili-kilavuzlar-yayimladi\/#breadcrumb\"},\"inLanguage\":\"tr\",\"potentialAction\":[{\"@type\":\"ReadAction\",\"target\":[\"https:\/\/www.esin.av.tr\/tr\/2020\/07\/06\/turk-patent-ve-marka-kurumu-calisan-buluslari-ve-yuksekogretim-kurumlarinda-gerceklestirilen-buluslar-ile-ilgili-kilavuzlar-yayimladi\/\"]}]},{\"@type\":\"BreadcrumbList\",\"@id\":\"https:\/\/www.esin.av.tr\/tr\/2020\/07\/06\/turk-patent-ve-marka-kurumu-calisan-buluslari-ve-yuksekogretim-kurumlarinda-gerceklestirilen-buluslar-ile-ilgili-kilavuzlar-yayimladi\/#breadcrumb\",\"itemListElement\":[{\"@type\":\"ListItem\",\"position\":1,\"name\":\"Home\",\"item\":\"https:\/\/www.esin.av.tr\/tr\/\"},{\"@type\":\"ListItem\",\"position\":2,\"name\":\"T\u00fcrk Patent ve Marka Kurumu, \u00c7al\u0131\u015fan Bulu\u015flar\u0131 ve Y\u00fcksek\u00f6\u011fretim Kurumlar\u0131nda Ger\u00e7ekle\u015ftirilen Bulu\u015flar ile \u0130lgili K\u0131lavuzlar Yay\u0131mlad\u0131\"}]},{\"@type\":\"WebSite\",\"@id\":\"https:\/\/www.esin.av.tr\/tr\/#website\",\"url\":\"https:\/\/www.esin.av.tr\/tr\/\",\"name\":\"Esin Avukatl\u0131k Ortakl\u0131\u011f\u0131\",\"description\":\"\",\"publisher\":{\"@id\":\"https:\/\/www.esin.av.tr\/tr\/#organization\"},\"potentialAction\":[{\"@type\":\"SearchAction\",\"target\":{\"@type\":\"EntryPoint\",\"urlTemplate\":\"https:\/\/www.esin.av.tr\/tr\/?s={search_term_string}\"},\"query-input\":{\"@type\":\"PropertyValueSpecification\",\"valueRequired\":true,\"valueName\":\"search_term_string\"}}],\"inLanguage\":\"tr\"},{\"@type\":\"Organization\",\"@id\":\"https:\/\/www.esin.av.tr\/tr\/#organization\",\"name\":\"Esin Avukatl\u0131k Ortakl\u0131\u011f\u0131\",\"url\":\"https:\/\/www.esin.av.tr\/tr\/\",\"logo\":{\"@type\":\"ImageObject\",\"inLanguage\":\"tr\",\"@id\":\"https:\/\/www.esin.av.tr\/tr\/#\/schema\/logo\/image\/\",\"url\":\"https:\/\/www.esin.av.tr\/wp-content\/uploads\/2021\/09\/esin-2.jpg\",\"contentUrl\":\"https:\/\/www.esin.av.tr\/wp-content\/uploads\/2021\/09\/esin-2.jpg\",\"width\":800,\"height\":460,\"caption\":\"Esin Avukatl\u0131k Ortakl\u0131\u011f\u0131\"},\"image\":{\"@id\":\"https:\/\/www.esin.av.tr\/tr\/#\/schema\/logo\/image\/\"}},{\"@type\":\"Person\",\"@id\":\"https:\/\/www.esin.av.tr\/tr\/#\/schema\/person\/42c8e616aab56b8622fa365ad63282ae\",\"name\":\"R\u0131dvan Konrat\",\"image\":{\"@type\":\"ImageObject\",\"inLanguage\":\"tr\",\"@id\":\"https:\/\/www.esin.av.tr\/tr\/#\/schema\/person\/image\/\",\"url\":\"https:\/\/secure.gravatar.com\/avatar\/b20c6c583be38ed4e76e32f69fccc676?s=96&d=mm&r=g\",\"contentUrl\":\"https:\/\/secure.gravatar.com\/avatar\/b20c6c583be38ed4e76e32f69fccc676?s=96&d=mm&r=g\",\"caption\":\"R\u0131dvan Konrat\"},\"sameAs\":[\"http:\/\/www.esin.av.tr\"],\"url\":\"https:\/\/www.esin.av.tr\/tr\/author\/rkonrat\/\"}]}<\/script>\n<!-- \/ Yoast SEO plugin. -->","yoast_head_json":{"title":"T\u00fcrk Patent ve Marka Kurumu, \u00c7al\u0131\u015fan Bulu\u015flar\u0131 ve Y\u00fcksek\u00f6\u011fretim Kurumlar\u0131nda Ger\u00e7ekle\u015ftirilen Bulu\u015flar ile \u0130lgili K\u0131lavuzlar Yay\u0131mlad\u0131","description":"Yeni Geli\u015fme 6769 say\u0131l\u0131 S\u0131nai M\u00fclkiyet Kanunu'nun (\"SMK\") 5. k\u0131sm\u0131 ve 30195 say\u0131l\u0131 \u00c7al\u0131\u015fan Bulu\u015flar\u0131na, Y\u00fcksek \u00d6\u011fretim Kurumlar\u0131nda Ger\u00e7ekle\u015ftirilen","robots":{"index":"index","follow":"follow","max-snippet":"max-snippet:-1","max-image-preview":"max-image-preview:large","max-video-preview":"max-video-preview:-1"},"canonical":"https:\/\/www.esin.av.tr\/tr\/2020\/07\/06\/turk-patent-ve-marka-kurumu-calisan-buluslari-ve-yuksekogretim-kurumlarinda-gerceklestirilen-buluslar-ile-ilgili-kilavuzlar-yayimladi\/","og_locale":"tr_TR","og_type":"article","og_title":"T\u00fcrk Patent ve Marka Kurumu, \u00c7al\u0131\u015fan Bulu\u015flar\u0131 ve Y\u00fcksek\u00f6\u011fretim Kurumlar\u0131nda Ger\u00e7ekle\u015ftirilen Bulu\u015flar ile \u0130lgili K\u0131lavuzlar Yay\u0131mlad\u0131","og_description":"Yeni Geli\u015fme 6769 say\u0131l\u0131 S\u0131nai M\u00fclkiyet Kanunu'nun (\"SMK\") 5. k\u0131sm\u0131 ve 30195 say\u0131l\u0131 \u00c7al\u0131\u015fan Bulu\u015flar\u0131na, Y\u00fcksek \u00d6\u011fretim Kurumlar\u0131nda Ger\u00e7ekle\u015ftirilen","og_url":"https:\/\/www.esin.av.tr\/tr\/2020\/07\/06\/turk-patent-ve-marka-kurumu-calisan-buluslari-ve-yuksekogretim-kurumlarinda-gerceklestirilen-buluslar-ile-ilgili-kilavuzlar-yayimladi\/","og_site_name":"Esin Avukatl\u0131k Ortakl\u0131\u011f\u0131","article_published_time":"2020-07-06T09:15:07+00:00","article_modified_time":"2021-09-14T22:36:54+00:00","author":"R\u0131dvan Konrat","twitter_card":"summary_large_image","twitter_misc":{"Written by":"R\u0131dvan Konrat","Est. reading time":"2 minutes"},"schema":{"@context":"https:\/\/schema.org","@graph":[{"@type":"Article","@id":"https:\/\/www.esin.av.tr\/tr\/2020\/07\/06\/turk-patent-ve-marka-kurumu-calisan-buluslari-ve-yuksekogretim-kurumlarinda-gerceklestirilen-buluslar-ile-ilgili-kilavuzlar-yayimladi\/#article","isPartOf":{"@id":"https:\/\/www.esin.av.tr\/tr\/2020\/07\/06\/turk-patent-ve-marka-kurumu-calisan-buluslari-ve-yuksekogretim-kurumlarinda-gerceklestirilen-buluslar-ile-ilgili-kilavuzlar-yayimladi\/"},"author":{"name":"R\u0131dvan Konrat","@id":"https:\/\/www.esin.av.tr\/tr\/#\/schema\/person\/42c8e616aab56b8622fa365ad63282ae"},"headline":"T\u00fcrk Patent ve Marka Kurumu, \u00c7al\u0131\u015fan Bulu\u015flar\u0131 ve Y\u00fcksek\u00f6\u011fretim Kurumlar\u0131nda Ger\u00e7ekle\u015ftirilen Bulu\u015flar ile \u0130lgili K\u0131lavuzlar Yay\u0131mlad\u0131","datePublished":"2020-07-06T09:15:07+00:00","dateModified":"2021-09-14T22:36:54+00:00","mainEntityOfPage":{"@id":"https:\/\/www.esin.av.tr\/tr\/2020\/07\/06\/turk-patent-ve-marka-kurumu-calisan-buluslari-ve-yuksekogretim-kurumlarinda-gerceklestirilen-buluslar-ile-ilgili-kilavuzlar-yayimladi\/"},"wordCount":418,"publisher":{"@id":"https:\/\/www.esin.av.tr\/tr\/#organization"},"keywords":["Fikri ve S\u0131nai M\u00fclkiyet"],"articleSection":["Hukuk B\u00fcltenleri"],"inLanguage":"tr"},{"@type":"WebPage","@id":"https:\/\/www.esin.av.tr\/tr\/2020\/07\/06\/turk-patent-ve-marka-kurumu-calisan-buluslari-ve-yuksekogretim-kurumlarinda-gerceklestirilen-buluslar-ile-ilgili-kilavuzlar-yayimladi\/","url":"https:\/\/www.esin.av.tr\/tr\/2020\/07\/06\/turk-patent-ve-marka-kurumu-calisan-buluslari-ve-yuksekogretim-kurumlarinda-gerceklestirilen-buluslar-ile-ilgili-kilavuzlar-yayimladi\/","name":"T\u00fcrk Patent ve Marka Kurumu, \u00c7al\u0131\u015fan Bulu\u015flar\u0131 ve Y\u00fcksek\u00f6\u011fretim Kurumlar\u0131nda Ger\u00e7ekle\u015ftirilen Bulu\u015flar ile \u0130lgili K\u0131lavuzlar Yay\u0131mlad\u0131","isPartOf":{"@id":"https:\/\/www.esin.av.tr\/tr\/#website"},"datePublished":"2020-07-06T09:15:07+00:00","dateModified":"2021-09-14T22:36:54+00:00","description":"Yeni Geli\u015fme 6769 say\u0131l\u0131 S\u0131nai M\u00fclkiyet Kanunu'nun (\"SMK\") 5. k\u0131sm\u0131 ve 30195 say\u0131l\u0131 \u00c7al\u0131\u015fan Bulu\u015flar\u0131na, Y\u00fcksek \u00d6\u011fretim Kurumlar\u0131nda Ger\u00e7ekle\u015ftirilen","breadcrumb":{"@id":"https:\/\/www.esin.av.tr\/tr\/2020\/07\/06\/turk-patent-ve-marka-kurumu-calisan-buluslari-ve-yuksekogretim-kurumlarinda-gerceklestirilen-buluslar-ile-ilgili-kilavuzlar-yayimladi\/#breadcrumb"},"inLanguage":"tr","potentialAction":[{"@type":"ReadAction","target":["https:\/\/www.esin.av.tr\/tr\/2020\/07\/06\/turk-patent-ve-marka-kurumu-calisan-buluslari-ve-yuksekogretim-kurumlarinda-gerceklestirilen-buluslar-ile-ilgili-kilavuzlar-yayimladi\/"]}]},{"@type":"BreadcrumbList","@id":"https:\/\/www.esin.av.tr\/tr\/2020\/07\/06\/turk-patent-ve-marka-kurumu-calisan-buluslari-ve-yuksekogretim-kurumlarinda-gerceklestirilen-buluslar-ile-ilgili-kilavuzlar-yayimladi\/#breadcrumb","itemListElement":[{"@type":"ListItem","position":1,"name":"Home","item":"https:\/\/www.esin.av.tr\/tr\/"},{"@type":"ListItem","position":2,"name":"T\u00fcrk Patent ve Marka Kurumu, \u00c7al\u0131\u015fan Bulu\u015flar\u0131 ve Y\u00fcksek\u00f6\u011fretim Kurumlar\u0131nda Ger\u00e7ekle\u015ftirilen Bulu\u015flar ile \u0130lgili K\u0131lavuzlar Yay\u0131mlad\u0131"}]},{"@type":"WebSite","@id":"https:\/\/www.esin.av.tr\/tr\/#website","url":"https:\/\/www.esin.av.tr\/tr\/","name":"Esin Avukatl\u0131k Ortakl\u0131\u011f\u0131","description":"","publisher":{"@id":"https:\/\/www.esin.av.tr\/tr\/#organization"},"potentialAction":[{"@type":"SearchAction","target":{"@type":"EntryPoint","urlTemplate":"https:\/\/www.esin.av.tr\/tr\/?s={search_term_string}"},"query-input":{"@type":"PropertyValueSpecification","valueRequired":true,"valueName":"search_term_string"}}],"inLanguage":"tr"},{"@type":"Organization","@id":"https:\/\/www.esin.av.tr\/tr\/#organization","name":"Esin Avukatl\u0131k Ortakl\u0131\u011f\u0131","url":"https:\/\/www.esin.av.tr\/tr\/","logo":{"@type":"ImageObject","inLanguage":"tr","@id":"https:\/\/www.esin.av.tr\/tr\/#\/schema\/logo\/image\/","url":"https:\/\/www.esin.av.tr\/wp-content\/uploads\/2021\/09\/esin-2.jpg","contentUrl":"https:\/\/www.esin.av.tr\/wp-content\/uploads\/2021\/09\/esin-2.jpg","width":800,"height":460,"caption":"Esin Avukatl\u0131k Ortakl\u0131\u011f\u0131"},"image":{"@id":"https:\/\/www.esin.av.tr\/tr\/#\/schema\/logo\/image\/"}},{"@type":"Person","@id":"https:\/\/www.esin.av.tr\/tr\/#\/schema\/person\/42c8e616aab56b8622fa365ad63282ae","name":"R\u0131dvan Konrat","image":{"@type":"ImageObject","inLanguage":"tr","@id":"https:\/\/www.esin.av.tr\/tr\/#\/schema\/person\/image\/","url":"https:\/\/secure.gravatar.com\/avatar\/b20c6c583be38ed4e76e32f69fccc676?s=96&d=mm&r=g","contentUrl":"https:\/\/secure.gravatar.com\/avatar\/b20c6c583be38ed4e76e32f69fccc676?s=96&d=mm&r=g","caption":"R\u0131dvan Konrat"},"sameAs":["http:\/\/www.esin.av.tr"],"url":"https:\/\/www.esin.av.tr\/tr\/author\/rkonrat\/"}]}},"_links":{"self":[{"href":"https:\/\/www.esin.av.tr\/tr\/wp-json\/wp\/v2\/posts\/16608","targetHints":{"allow":["GET"]}}],"collection":[{"href":"https:\/\/www.esin.av.tr\/tr\/wp-json\/wp\/v2\/posts"}],"about":[{"href":"https:\/\/www.esin.av.tr\/tr\/wp-json\/wp\/v2\/types\/post"}],"author":[{"embeddable":true,"href":"https:\/\/www.esin.av.tr\/tr\/wp-json\/wp\/v2\/users\/4"}],"replies":[{"embeddable":true,"href":"https:\/\/www.esin.av.tr\/tr\/wp-json\/wp\/v2\/comments?post=16608"}],"version-history":[{"count":1,"href":"https:\/\/www.esin.av.tr\/tr\/wp-json\/wp\/v2\/posts\/16608\/revisions"}],"predecessor-version":[{"id":16609,"href":"https:\/\/www.esin.av.tr\/tr\/wp-json\/wp\/v2\/posts\/16608\/revisions\/16609"}],"wp:attachment":[{"href":"https:\/\/www.esin.av.tr\/tr\/wp-json\/wp\/v2\/media?parent=16608"}],"wp:term":[{"taxonomy":"category","embeddable":true,"href":"https:\/\/www.esin.av.tr\/tr\/wp-json\/wp\/v2\/categories?post=16608"},{"taxonomy":"post_tag","embeddable":true,"href":"https:\/\/www.esin.av.tr\/tr\/wp-json\/wp\/v2\/tags?post=16608"}],"curies":[{"name":"wp","href":"https:\/\/api.w.org\/{rel}","templated":true}]}}