{"id":16592,"date":"2020-06-30T16:26:35","date_gmt":"2020-06-30T16:26:35","guid":{"rendered":"https:\/\/www.esin.av.tr\/?p=16592"},"modified":"2022-06-09T13:05:54","modified_gmt":"2022-06-09T13:05:54","slug":"covid-19-kisa-calisma-fesih-yasagi-ve-ucretsiz-izin-sureleri-uzatildi","status":"publish","type":"post","link":"https:\/\/www.esin.av.tr\/tr\/2020\/06\/30\/covid-19-kisa-calisma-fesih-yasagi-ve-ucretsiz-izin-sureleri-uzatildi\/","title":{"rendered":"COVID-19: K\u0131sa \u00c7al\u0131\u015fma, Fesih Yasa\u011f\u0131 ve \u00dccretsiz \u0130zin S\u00fcreleri Uzat\u0131ld\u0131"},"content":{"rendered":"<p><strong>Yeni Geli\u015fme<\/strong><\/p>\n<p>COVID-19 salg\u0131n\u0131na ili\u015fkin olarak devlet taraf\u0131ndan al\u0131nan \u00f6nlemler kapsam\u0131nda T\u00fcrkiye Cumhuriyeti Say\u0131n Cumhurba\u015fkan\u0131 29 Haziran 2020 tarihli konu\u015fmas\u0131nda k\u0131sa \u00e7al\u0131\u015fma \u00f6dene\u011finden yararlanma s\u00fcresinin ve i\u015f s\u00f6zle\u015fmelerinin feshi yasa\u011f\u0131 ile \u00fccretsiz izin uygulamas\u0131na ili\u015fkin s\u00fcrelerin bir ay uzat\u0131laca\u011f\u0131n\u0131 a\u00e7\u0131klam\u0131\u015ft\u0131r.<\/p>\n<p>Bu ba\u011flamda, 30 Haziran 2020 tarihli ve 31171 say\u0131l\u0131 Resmi Gazete&#8217;de 2706 ile 2707 say\u0131l\u0131 Cumhurba\u015fkan\u0131 Kararlar\u0131 yay\u0131mlanm\u0131\u015ft\u0131r.<\/p>\n<p><strong>Cumhurba\u015fkan\u0131 Kararlar\u0131 Neleri D\u00fczenliyor?<\/strong><\/p>\n<p><strong><u>Fesih Yasa\u011f\u0131 ve \u00dccretsiz \u0130zin<\/u><\/strong><\/p>\n<p>7244 say\u0131l\u0131 Yeni Coronavir\u00fcs (COVID-19) Salg\u0131n\u0131n\u0131n Ekonomik ve Sosyal Hayata Etkilerinin Azalt\u0131lmas\u0131 Hakk\u0131nda Kanun ile Baz\u0131 Kanunlarda De\u011fi\u015fiklik Yap\u0131lmas\u0131na Dair Kanun uyar\u0131nca 17 Nisan 2020 tarihinden 17 Temmuz 2020 tarihine kadar, \u0130\u015f Kanunu&#8217;nun kapsam\u0131nda olup olmad\u0131\u011f\u0131na bak\u0131lmaks\u0131z\u0131n her t\u00fcrl\u00fc i\u015f veya hizmet s\u00f6zle\u015fmesinin, \u0130\u015f Kanunu&#8217;nun 25. maddesinin birinci f\u0131kras\u0131n\u0131n (II) numaral\u0131 bendinde ve di\u011fer kanunlar\u0131n ilgili h\u00fck\u00fcmlerinde yer alan ahlak ve iyi niyet kurallar\u0131na uymayan haller ve benzeri sebepler d\u0131\u015f\u0131nda i\u015fverenler taraf\u0131ndan feshedilmesi yasaklanm\u0131\u015ft\u0131. Ayn\u0131 kanun, fesih yasa\u011f\u0131 s\u0131ras\u0131nda i\u015fverenin i\u015f\u00e7iyi tamamen veya k\u0131smen \u00fccretsiz izne g\u00f6nderebilece\u011fini d\u00fczenlemi\u015fti.<\/p>\n<p>2707 say\u0131l\u0131 Cumhurba\u015fkan\u0131 Karar\u0131 fesih yasa\u011f\u0131 s\u00fcresini ve fesih yasa\u011f\u0131 boyunca i\u015fverenlerin \u00e7al\u0131\u015fanlar\u0131n\u0131 \u00fccretsiz izne g\u00f6nderme imk\u00e2n\u0131n\u0131 17 A\u011fustos 2020 tarihine dek uzatm\u0131\u015ft\u0131r.<\/p>\n<p><strong><u>K\u0131sa \u00c7al\u0131\u015fma \u00d6dene\u011fi<\/u><\/strong><\/p>\n<p>2706 say\u0131l\u0131 Cumhurba\u015fkan\u0131 Karar\u0131, COVID-19 salg\u0131n\u0131ndan kaynaklanan zorlay\u0131c\u0131 nedenler y\u00fcz\u00fcnden 30 Haziran 2020 tarihine kadar (ve bu tarih d\u00e2hil olmak \u00fczere) k\u0131sa \u00e7al\u0131\u015fma \u00f6dene\u011finden yararlanmak i\u00e7in ba\u015fvuran i\u015fyerleri i\u00e7in k\u0131sa \u00e7al\u0131\u015fma \u00f6dene\u011finin s\u00fcresini, yeni bir ba\u015fvuru ve uygunluk tespiti yap\u0131lmas\u0131na gerek bulunmaks\u0131z\u0131n, daha \u00f6nce k\u0131sa \u00e7al\u0131\u015fmadan yararlanan ayn\u0131 i\u015f\u00e7iler i\u00e7in ve ayn\u0131 \u015fartlar\u0131 a\u015fmamak kayd\u0131yla bir ay uzatm\u0131\u015ft\u0131r. Bir ayl\u0131k d\u00f6nemin ba\u015flang\u0131c\u0131 a\u015fa\u011f\u0131daki \u015fekilde belirlenmi\u015ftir:<\/p>\n<ol>\n<li>30 Haziran 2020 tarihinden \u00f6nce k\u0131sa \u00e7al\u0131\u015fma uygulamas\u0131n\u0131n sona ermi\u015f oldu\u011fu i\u015fyerleri i\u00e7in bir ayl\u0131k s\u00fcre 1 Temmuz 2020 tarihinden itibaren ba\u015flayacakt\u0131r.<\/li>\n<li>30 Haziran 2020 tarihi itibariyle k\u0131sa \u00e7al\u0131\u015fma uygulamas\u0131n\u0131n devam etti\u011fi i\u015fyerleri i\u00e7in bir ayl\u0131k s\u00fcre k\u0131sa \u00e7al\u0131\u015fman\u0131n ilgili i\u015fyeri i\u00e7in sona erdi\u011fi tarihten itibaren ba\u015flayacakt\u0131r.<\/li>\n<\/ol>\n<p>Buna ek olarak, COVID-19 salg\u0131n\u0131ndan kaynaklanan zorlay\u0131c\u0131 nedenler y\u00fcz\u00fcnden yap\u0131lan k\u0131sa \u00e7al\u0131\u015fma \u00f6dene\u011fi \u00f6demeleri \u00e7al\u0131\u015fanlar\u0131n ba\u015flang\u0131\u00e7ta belirlenen i\u015fsizlik \u00f6dene\u011fi s\u00fcrelerinden d\u00fc\u015f\u00fclmeyecektir.<\/p>\n<p><strong>Sonu\u00e7 <\/strong><\/p>\n<p>COVID-19 salg\u0131n\u0131, T\u00fcrkiye&#8217;yi ve T\u00fcrkiye&#8217;deki \u00e7al\u0131\u015fma ya\u015fam\u0131na dair uygulamalar\u0131 esasl\u0131 bir \u015fekilde etkilemi\u015ftir. H\u00fck\u00fcmet, i\u015fverenlere destek olmak ve \u00e7al\u0131\u015fanlar\u0131 korumak amac\u0131yla baz\u0131 uygulamalar y\u00fcr\u00fcrl\u00fc\u011fe koymaya devam etmektedir. \u0130\u015fverenlerin COVID-19 salg\u0131n\u0131na ili\u015fkin geli\u015fmeler olduk\u00e7a konu ile ilgili t\u00fcm de\u011fi\u015fiklikleri yak\u0131ndan takip etmelerini tavsiye ederiz.<\/p>\n<p><strong>COVID-19 salg\u0131n\u0131 ile ilgili hukuki d\u00fczenlemelerle ilgili bilgilere\u00a0<\/strong><a href=\"https:\/\/urldefense.com\/v3\/__https:\/esinxchange.com\/collect\/click.aspx?u=a1g2eTlLdXpWWjBYOG5JRXlDWkRaMmNsNDdhUDh3cmNaa2RrTVpZNk5mMGllOG9NTWpnekQzUUhnK1hEMmhqVzBmVUpYWlkvaXNxNTIzNTJ6bVF0K0NsaW4vb0RiLzlzRHhweUpnT2k4UDhhSDhOMCtNMHRvTkNBK1pwNE1hMExwV1lVb0NzQU0yanpjNTR1OVpVM2lMVWpqamhDUUxGRS95dzNoaUgzajZUUy81T3FEU1FDU2g5R1dVOXZvT0hNdDNQUXpHMHVucHZsMG9hVnBXUXIvaExDcDhUNllGZi9GQVpacVRIbHNnWlF2cGh3bFlxVzdDU1h3OFBCckZsNmFTcWxYRUI2QXdLc01HQlQ4UmdmMGs2UHMvYVlVTm1oN0EzcG9mL2cxdWZ5YnFEcVpJN1FIV0ZSSmxtR3grTk9MQ1J5TFR6enpjQT0=&amp;rh=ff00643fac0af050f67a19138b4999cd8f0c5c0a__;!!Hj9Y_P0nvg!Cx_QREa7gLqPJVDGROzDfVK1_U3OK-Hzxab0Xvr6L2_vKkUKUc9O7oGATeYy9It6RS6ufQ$\"><strong>Esin Avukatl\u0131k Ortakl\u0131\u011f\u0131 Coronavir\u00fcs Masas\u0131<\/strong><\/a><strong>\u2018ndan ula\u015fabilirsiniz.<\/strong><\/p>\n","protected":false},"excerpt":{"rendered":"<p>Yeni Geli\u015fme COVID-19 salg\u0131n\u0131na ili\u015fkin olarak devlet taraf\u0131ndan al\u0131nan \u00f6nlemler kapsam\u0131nda T\u00fcrkiye Cumhuriyeti Say\u0131n Cumhurba\u015fkan\u0131 29 Haziran 2020 tarihli konu\u015fmas\u0131nda [&hellip;]<\/p>\n","protected":false},"author":4,"featured_media":0,"comment_status":"closed","ping_status":"closed","sticky":false,"template":"","format":"standard","meta":{"_acf_changed":false,"_stopmodifiedupdate":false,"_modified_date":"","footnotes":""},"categories":[120,149],"tags":[101],"class_list":["post-16592","post","type-post","status-publish","format-standard","hentry","category-legal-alerts","category-covid-19-tr","tag-employment-tr"],"acf":[],"yoast_head":"<!-- This site is optimized with the Yoast SEO plugin v24.0 - https:\/\/yoast.com\/wordpress\/plugins\/seo\/ -->\n<title>COVID-19: K\u0131sa \u00c7al\u0131\u015fma, Fesih Yasa\u011f\u0131 ve \u00dccretsiz \u0130zin S\u00fcreleri Uzat\u0131ld\u0131<\/title>\n<meta name=\"description\" content=\"Yeni Geli\u015fme COVID-19 salg\u0131n\u0131na ili\u015fkin olarak devlet taraf\u0131ndan al\u0131nan \u00f6nlemler kapsam\u0131nda T\u00fcrkiye Cumhuriyeti Say\u0131n Cumhurba\u015fkan\u0131 29 Haziran 2020\" \/>\n<meta name=\"robots\" content=\"index, follow, max-snippet:-1, max-image-preview:large, max-video-preview:-1\" \/>\n<link rel=\"canonical\" href=\"https:\/\/www.esin.av.tr\/tr\/2020\/06\/30\/covid-19-kisa-calisma-fesih-yasagi-ve-ucretsiz-izin-sureleri-uzatildi\/\" \/>\n<meta property=\"og:locale\" content=\"tr_TR\" \/>\n<meta property=\"og:type\" content=\"article\" \/>\n<meta property=\"og:title\" content=\"COVID-19: K\u0131sa \u00c7al\u0131\u015fma, Fesih Yasa\u011f\u0131 ve \u00dccretsiz \u0130zin S\u00fcreleri Uzat\u0131ld\u0131\" \/>\n<meta property=\"og:description\" content=\"Yeni Geli\u015fme COVID-19 salg\u0131n\u0131na ili\u015fkin olarak devlet taraf\u0131ndan al\u0131nan \u00f6nlemler kapsam\u0131nda T\u00fcrkiye Cumhuriyeti Say\u0131n Cumhurba\u015fkan\u0131 29 Haziran 2020\" \/>\n<meta property=\"og:url\" content=\"https:\/\/www.esin.av.tr\/tr\/2020\/06\/30\/covid-19-kisa-calisma-fesih-yasagi-ve-ucretsiz-izin-sureleri-uzatildi\/\" \/>\n<meta property=\"og:site_name\" content=\"Esin Avukatl\u0131k Ortakl\u0131\u011f\u0131\" \/>\n<meta property=\"article:published_time\" content=\"2020-06-30T16:26:35+00:00\" \/>\n<meta property=\"article:modified_time\" content=\"2022-06-09T13:05:54+00:00\" \/>\n<meta name=\"author\" content=\"R\u0131dvan Konrat\" \/>\n<meta name=\"twitter:card\" content=\"summary_large_image\" \/>\n<meta name=\"twitter:label1\" content=\"Written by\" \/>\n\t<meta name=\"twitter:data1\" content=\"R\u0131dvan Konrat\" \/>\n\t<meta name=\"twitter:label2\" content=\"Est. reading time\" \/>\n\t<meta name=\"twitter:data2\" content=\"3 minutes\" \/>\n<script type=\"application\/ld+json\" class=\"yoast-schema-graph\">{\"@context\":\"https:\/\/schema.org\",\"@graph\":[{\"@type\":\"Article\",\"@id\":\"https:\/\/www.esin.av.tr\/tr\/2020\/06\/30\/covid-19-kisa-calisma-fesih-yasagi-ve-ucretsiz-izin-sureleri-uzatildi\/#article\",\"isPartOf\":{\"@id\":\"https:\/\/www.esin.av.tr\/tr\/2020\/06\/30\/covid-19-kisa-calisma-fesih-yasagi-ve-ucretsiz-izin-sureleri-uzatildi\/\"},\"author\":{\"name\":\"R\u0131dvan Konrat\",\"@id\":\"https:\/\/www.esin.av.tr\/tr\/#\/schema\/person\/42c8e616aab56b8622fa365ad63282ae\"},\"headline\":\"COVID-19: K\u0131sa \u00c7al\u0131\u015fma, Fesih Yasa\u011f\u0131 ve \u00dccretsiz \u0130zin S\u00fcreleri Uzat\u0131ld\u0131\",\"datePublished\":\"2020-06-30T16:26:35+00:00\",\"dateModified\":\"2022-06-09T13:05:54+00:00\",\"mainEntityOfPage\":{\"@id\":\"https:\/\/www.esin.av.tr\/tr\/2020\/06\/30\/covid-19-kisa-calisma-fesih-yasagi-ve-ucretsiz-izin-sureleri-uzatildi\/\"},\"wordCount\":569,\"publisher\":{\"@id\":\"https:\/\/www.esin.av.tr\/tr\/#organization\"},\"keywords\":[\"\u0130\u015f Hukuku\"],\"articleSection\":[\"Hukuk B\u00fcltenleri\",\"Covid-19\"],\"inLanguage\":\"tr\"},{\"@type\":\"WebPage\",\"@id\":\"https:\/\/www.esin.av.tr\/tr\/2020\/06\/30\/covid-19-kisa-calisma-fesih-yasagi-ve-ucretsiz-izin-sureleri-uzatildi\/\",\"url\":\"https:\/\/www.esin.av.tr\/tr\/2020\/06\/30\/covid-19-kisa-calisma-fesih-yasagi-ve-ucretsiz-izin-sureleri-uzatildi\/\",\"name\":\"COVID-19: K\u0131sa \u00c7al\u0131\u015fma, Fesih Yasa\u011f\u0131 ve \u00dccretsiz \u0130zin S\u00fcreleri Uzat\u0131ld\u0131\",\"isPartOf\":{\"@id\":\"https:\/\/www.esin.av.tr\/tr\/#website\"},\"datePublished\":\"2020-06-30T16:26:35+00:00\",\"dateModified\":\"2022-06-09T13:05:54+00:00\",\"description\":\"Yeni Geli\u015fme COVID-19 salg\u0131n\u0131na ili\u015fkin olarak devlet taraf\u0131ndan al\u0131nan \u00f6nlemler kapsam\u0131nda T\u00fcrkiye Cumhuriyeti Say\u0131n Cumhurba\u015fkan\u0131 29 Haziran 2020\",\"breadcrumb\":{\"@id\":\"https:\/\/www.esin.av.tr\/tr\/2020\/06\/30\/covid-19-kisa-calisma-fesih-yasagi-ve-ucretsiz-izin-sureleri-uzatildi\/#breadcrumb\"},\"inLanguage\":\"tr\",\"potentialAction\":[{\"@type\":\"ReadAction\",\"target\":[\"https:\/\/www.esin.av.tr\/tr\/2020\/06\/30\/covid-19-kisa-calisma-fesih-yasagi-ve-ucretsiz-izin-sureleri-uzatildi\/\"]}]},{\"@type\":\"BreadcrumbList\",\"@id\":\"https:\/\/www.esin.av.tr\/tr\/2020\/06\/30\/covid-19-kisa-calisma-fesih-yasagi-ve-ucretsiz-izin-sureleri-uzatildi\/#breadcrumb\",\"itemListElement\":[{\"@type\":\"ListItem\",\"position\":1,\"name\":\"Home\",\"item\":\"https:\/\/www.esin.av.tr\/tr\/\"},{\"@type\":\"ListItem\",\"position\":2,\"name\":\"COVID-19: K\u0131sa \u00c7al\u0131\u015fma, Fesih Yasa\u011f\u0131 ve \u00dccretsiz \u0130zin S\u00fcreleri Uzat\u0131ld\u0131\"}]},{\"@type\":\"WebSite\",\"@id\":\"https:\/\/www.esin.av.tr\/tr\/#website\",\"url\":\"https:\/\/www.esin.av.tr\/tr\/\",\"name\":\"Esin Avukatl\u0131k Ortakl\u0131\u011f\u0131\",\"description\":\"\",\"publisher\":{\"@id\":\"https:\/\/www.esin.av.tr\/tr\/#organization\"},\"potentialAction\":[{\"@type\":\"SearchAction\",\"target\":{\"@type\":\"EntryPoint\",\"urlTemplate\":\"https:\/\/www.esin.av.tr\/tr\/?s={search_term_string}\"},\"query-input\":{\"@type\":\"PropertyValueSpecification\",\"valueRequired\":true,\"valueName\":\"search_term_string\"}}],\"inLanguage\":\"tr\"},{\"@type\":\"Organization\",\"@id\":\"https:\/\/www.esin.av.tr\/tr\/#organization\",\"name\":\"Esin Avukatl\u0131k Ortakl\u0131\u011f\u0131\",\"url\":\"https:\/\/www.esin.av.tr\/tr\/\",\"logo\":{\"@type\":\"ImageObject\",\"inLanguage\":\"tr\",\"@id\":\"https:\/\/www.esin.av.tr\/tr\/#\/schema\/logo\/image\/\",\"url\":\"https:\/\/www.esin.av.tr\/wp-content\/uploads\/2021\/09\/esin-2.jpg\",\"contentUrl\":\"https:\/\/www.esin.av.tr\/wp-content\/uploads\/2021\/09\/esin-2.jpg\",\"width\":800,\"height\":460,\"caption\":\"Esin Avukatl\u0131k Ortakl\u0131\u011f\u0131\"},\"image\":{\"@id\":\"https:\/\/www.esin.av.tr\/tr\/#\/schema\/logo\/image\/\"}},{\"@type\":\"Person\",\"@id\":\"https:\/\/www.esin.av.tr\/tr\/#\/schema\/person\/42c8e616aab56b8622fa365ad63282ae\",\"name\":\"R\u0131dvan Konrat\",\"image\":{\"@type\":\"ImageObject\",\"inLanguage\":\"tr\",\"@id\":\"https:\/\/www.esin.av.tr\/tr\/#\/schema\/person\/image\/\",\"url\":\"https:\/\/secure.gravatar.com\/avatar\/b20c6c583be38ed4e76e32f69fccc676?s=96&d=mm&r=g\",\"contentUrl\":\"https:\/\/secure.gravatar.com\/avatar\/b20c6c583be38ed4e76e32f69fccc676?s=96&d=mm&r=g\",\"caption\":\"R\u0131dvan Konrat\"},\"sameAs\":[\"http:\/\/www.esin.av.tr\"],\"url\":\"https:\/\/www.esin.av.tr\/tr\/author\/rkonrat\/\"}]}<\/script>\n<!-- \/ Yoast SEO plugin. -->","yoast_head_json":{"title":"COVID-19: K\u0131sa \u00c7al\u0131\u015fma, Fesih Yasa\u011f\u0131 ve \u00dccretsiz \u0130zin S\u00fcreleri Uzat\u0131ld\u0131","description":"Yeni Geli\u015fme COVID-19 salg\u0131n\u0131na ili\u015fkin olarak devlet taraf\u0131ndan al\u0131nan \u00f6nlemler kapsam\u0131nda T\u00fcrkiye Cumhuriyeti Say\u0131n Cumhurba\u015fkan\u0131 29 Haziran 2020","robots":{"index":"index","follow":"follow","max-snippet":"max-snippet:-1","max-image-preview":"max-image-preview:large","max-video-preview":"max-video-preview:-1"},"canonical":"https:\/\/www.esin.av.tr\/tr\/2020\/06\/30\/covid-19-kisa-calisma-fesih-yasagi-ve-ucretsiz-izin-sureleri-uzatildi\/","og_locale":"tr_TR","og_type":"article","og_title":"COVID-19: K\u0131sa \u00c7al\u0131\u015fma, Fesih Yasa\u011f\u0131 ve \u00dccretsiz \u0130zin S\u00fcreleri Uzat\u0131ld\u0131","og_description":"Yeni Geli\u015fme COVID-19 salg\u0131n\u0131na ili\u015fkin olarak devlet taraf\u0131ndan al\u0131nan \u00f6nlemler kapsam\u0131nda T\u00fcrkiye Cumhuriyeti Say\u0131n Cumhurba\u015fkan\u0131 29 Haziran 2020","og_url":"https:\/\/www.esin.av.tr\/tr\/2020\/06\/30\/covid-19-kisa-calisma-fesih-yasagi-ve-ucretsiz-izin-sureleri-uzatildi\/","og_site_name":"Esin Avukatl\u0131k Ortakl\u0131\u011f\u0131","article_published_time":"2020-06-30T16:26:35+00:00","article_modified_time":"2022-06-09T13:05:54+00:00","author":"R\u0131dvan Konrat","twitter_card":"summary_large_image","twitter_misc":{"Written by":"R\u0131dvan Konrat","Est. reading time":"3 minutes"},"schema":{"@context":"https:\/\/schema.org","@graph":[{"@type":"Article","@id":"https:\/\/www.esin.av.tr\/tr\/2020\/06\/30\/covid-19-kisa-calisma-fesih-yasagi-ve-ucretsiz-izin-sureleri-uzatildi\/#article","isPartOf":{"@id":"https:\/\/www.esin.av.tr\/tr\/2020\/06\/30\/covid-19-kisa-calisma-fesih-yasagi-ve-ucretsiz-izin-sureleri-uzatildi\/"},"author":{"name":"R\u0131dvan Konrat","@id":"https:\/\/www.esin.av.tr\/tr\/#\/schema\/person\/42c8e616aab56b8622fa365ad63282ae"},"headline":"COVID-19: K\u0131sa \u00c7al\u0131\u015fma, Fesih Yasa\u011f\u0131 ve \u00dccretsiz \u0130zin S\u00fcreleri Uzat\u0131ld\u0131","datePublished":"2020-06-30T16:26:35+00:00","dateModified":"2022-06-09T13:05:54+00:00","mainEntityOfPage":{"@id":"https:\/\/www.esin.av.tr\/tr\/2020\/06\/30\/covid-19-kisa-calisma-fesih-yasagi-ve-ucretsiz-izin-sureleri-uzatildi\/"},"wordCount":569,"publisher":{"@id":"https:\/\/www.esin.av.tr\/tr\/#organization"},"keywords":["\u0130\u015f Hukuku"],"articleSection":["Hukuk B\u00fcltenleri","Covid-19"],"inLanguage":"tr"},{"@type":"WebPage","@id":"https:\/\/www.esin.av.tr\/tr\/2020\/06\/30\/covid-19-kisa-calisma-fesih-yasagi-ve-ucretsiz-izin-sureleri-uzatildi\/","url":"https:\/\/www.esin.av.tr\/tr\/2020\/06\/30\/covid-19-kisa-calisma-fesih-yasagi-ve-ucretsiz-izin-sureleri-uzatildi\/","name":"COVID-19: K\u0131sa \u00c7al\u0131\u015fma, Fesih Yasa\u011f\u0131 ve \u00dccretsiz \u0130zin S\u00fcreleri Uzat\u0131ld\u0131","isPartOf":{"@id":"https:\/\/www.esin.av.tr\/tr\/#website"},"datePublished":"2020-06-30T16:26:35+00:00","dateModified":"2022-06-09T13:05:54+00:00","description":"Yeni Geli\u015fme COVID-19 salg\u0131n\u0131na ili\u015fkin olarak devlet taraf\u0131ndan al\u0131nan \u00f6nlemler kapsam\u0131nda T\u00fcrkiye Cumhuriyeti Say\u0131n Cumhurba\u015fkan\u0131 29 Haziran 2020","breadcrumb":{"@id":"https:\/\/www.esin.av.tr\/tr\/2020\/06\/30\/covid-19-kisa-calisma-fesih-yasagi-ve-ucretsiz-izin-sureleri-uzatildi\/#breadcrumb"},"inLanguage":"tr","potentialAction":[{"@type":"ReadAction","target":["https:\/\/www.esin.av.tr\/tr\/2020\/06\/30\/covid-19-kisa-calisma-fesih-yasagi-ve-ucretsiz-izin-sureleri-uzatildi\/"]}]},{"@type":"BreadcrumbList","@id":"https:\/\/www.esin.av.tr\/tr\/2020\/06\/30\/covid-19-kisa-calisma-fesih-yasagi-ve-ucretsiz-izin-sureleri-uzatildi\/#breadcrumb","itemListElement":[{"@type":"ListItem","position":1,"name":"Home","item":"https:\/\/www.esin.av.tr\/tr\/"},{"@type":"ListItem","position":2,"name":"COVID-19: K\u0131sa \u00c7al\u0131\u015fma, Fesih Yasa\u011f\u0131 ve \u00dccretsiz \u0130zin S\u00fcreleri Uzat\u0131ld\u0131"}]},{"@type":"WebSite","@id":"https:\/\/www.esin.av.tr\/tr\/#website","url":"https:\/\/www.esin.av.tr\/tr\/","name":"Esin Avukatl\u0131k Ortakl\u0131\u011f\u0131","description":"","publisher":{"@id":"https:\/\/www.esin.av.tr\/tr\/#organization"},"potentialAction":[{"@type":"SearchAction","target":{"@type":"EntryPoint","urlTemplate":"https:\/\/www.esin.av.tr\/tr\/?s={search_term_string}"},"query-input":{"@type":"PropertyValueSpecification","valueRequired":true,"valueName":"search_term_string"}}],"inLanguage":"tr"},{"@type":"Organization","@id":"https:\/\/www.esin.av.tr\/tr\/#organization","name":"Esin Avukatl\u0131k Ortakl\u0131\u011f\u0131","url":"https:\/\/www.esin.av.tr\/tr\/","logo":{"@type":"ImageObject","inLanguage":"tr","@id":"https:\/\/www.esin.av.tr\/tr\/#\/schema\/logo\/image\/","url":"https:\/\/www.esin.av.tr\/wp-content\/uploads\/2021\/09\/esin-2.jpg","contentUrl":"https:\/\/www.esin.av.tr\/wp-content\/uploads\/2021\/09\/esin-2.jpg","width":800,"height":460,"caption":"Esin Avukatl\u0131k Ortakl\u0131\u011f\u0131"},"image":{"@id":"https:\/\/www.esin.av.tr\/tr\/#\/schema\/logo\/image\/"}},{"@type":"Person","@id":"https:\/\/www.esin.av.tr\/tr\/#\/schema\/person\/42c8e616aab56b8622fa365ad63282ae","name":"R\u0131dvan Konrat","image":{"@type":"ImageObject","inLanguage":"tr","@id":"https:\/\/www.esin.av.tr\/tr\/#\/schema\/person\/image\/","url":"https:\/\/secure.gravatar.com\/avatar\/b20c6c583be38ed4e76e32f69fccc676?s=96&d=mm&r=g","contentUrl":"https:\/\/secure.gravatar.com\/avatar\/b20c6c583be38ed4e76e32f69fccc676?s=96&d=mm&r=g","caption":"R\u0131dvan Konrat"},"sameAs":["http:\/\/www.esin.av.tr"],"url":"https:\/\/www.esin.av.tr\/tr\/author\/rkonrat\/"}]}},"_links":{"self":[{"href":"https:\/\/www.esin.av.tr\/tr\/wp-json\/wp\/v2\/posts\/16592","targetHints":{"allow":["GET"]}}],"collection":[{"href":"https:\/\/www.esin.av.tr\/tr\/wp-json\/wp\/v2\/posts"}],"about":[{"href":"https:\/\/www.esin.av.tr\/tr\/wp-json\/wp\/v2\/types\/post"}],"author":[{"embeddable":true,"href":"https:\/\/www.esin.av.tr\/tr\/wp-json\/wp\/v2\/users\/4"}],"replies":[{"embeddable":true,"href":"https:\/\/www.esin.av.tr\/tr\/wp-json\/wp\/v2\/comments?post=16592"}],"version-history":[{"count":1,"href":"https:\/\/www.esin.av.tr\/tr\/wp-json\/wp\/v2\/posts\/16592\/revisions"}],"predecessor-version":[{"id":16593,"href":"https:\/\/www.esin.av.tr\/tr\/wp-json\/wp\/v2\/posts\/16592\/revisions\/16593"}],"wp:attachment":[{"href":"https:\/\/www.esin.av.tr\/tr\/wp-json\/wp\/v2\/media?parent=16592"}],"wp:term":[{"taxonomy":"category","embeddable":true,"href":"https:\/\/www.esin.av.tr\/tr\/wp-json\/wp\/v2\/categories?post=16592"},{"taxonomy":"post_tag","embeddable":true,"href":"https:\/\/www.esin.av.tr\/tr\/wp-json\/wp\/v2\/tags?post=16592"}],"curies":[{"name":"wp","href":"https:\/\/api.w.org\/{rel}","templated":true}]}}