{"id":16584,"date":"2020-06-30T07:13:58","date_gmt":"2020-06-30T07:13:58","guid":{"rendered":"https:\/\/www.esin.av.tr\/?p=16584"},"modified":"2022-06-09T13:05:57","modified_gmt":"2022-06-09T13:05:57","slug":"aydinlatma-yukumlulugunun-yerine-getirilmesi-hakkinda-kvkk-duyurusu","status":"publish","type":"post","link":"https:\/\/www.esin.av.tr\/tr\/2020\/06\/30\/aydinlatma-yukumlulugunun-yerine-getirilmesi-hakkinda-kvkk-duyurusu\/","title":{"rendered":"Ayd\u0131nlatma Y\u00fck\u00fcml\u00fcl\u00fc\u011f\u00fcn\u00fcn Yerine Getirilmesi Hakk\u0131nda KVKK Duyurusu"},"content":{"rendered":"<p><strong>Yeni Geli\u015fmeler<\/strong><\/p>\n<p>Ki\u015fisel Verileri Koruma Kurumu (&#8220;<strong>Kurum<\/strong>&#8220;), 26 Haziran 2020 tarihli duyurusunda, ayd\u0131nlatma y\u00fck\u00fcml\u00fcl\u00fc\u011f\u00fc yerine getirilirken dikkat edilmesi gereken hususlar\u0131 duyurdu. Kurum, yapt\u0131\u011f\u0131 incelemeler sonucunda veri sorumlular\u0131n\u0131n ayd\u0131nlatma y\u00fck\u00fcml\u00fcl\u00fc\u011f\u00fcn\u00fcn yerine getirilmesi konusunda baz\u0131 eksiklik ve ayk\u0131r\u0131l\u0131klar tespit etti\u011fini, bu kapsamda veri sorumlular\u0131n\u0131n yapt\u0131r\u0131mlarla kar\u015f\u0131la\u015fmamalar\u0131 i\u00e7in ayd\u0131nlatma y\u00fck\u00fcml\u00fcl\u00fc\u011f\u00fcn\u00fc yerine getirirken belirli hususlara \u00f6zellikle dikkat etmeleri gerekti\u011fini belirtti.<\/p>\n<p>Kurum&#8217;un duyurusuna <a href=\"https:\/\/urldefense.com\/v3\/__https:\/esinxchange.com\/collect\/click.aspx?u=aXNHVHZDaFh0TERNWWVsbUJ5Y3E2SVJoVWJlSzRES1dOQ09VRnB1VzEzMGs3eG1yOGZqR0VJZGFYQlhPMUpiSUVVejRkWm5rVzkvVnZsYncrejRhT0NmT2tKZkVtUnJPemNITThwWlJaUzNVUjYyQWIyQXhQNTBaQTE0bEd5alh3ZUljaTQ1eTNoN1JKc3RsQUJTaDFhVFJaYzErRDJ2VG5zR1Vod1RTVzJITHBQSjEyUWNWaXc9PQ==&amp;rh=ff006437af3a29d21ced2f4ac14184420ecd1e85__;!!Hj9Y_P0nvg!AjQ7bX9pJehlWa5ZZlolzPvQ-AGjnIRoy1fAD-Uu-AF3VKGKGEhWghDXOxa3pKIvadET9g$\"><strong>buradan<\/strong><\/a> ula\u015fabilirsiniz.<\/p>\n<p><strong>Kurum Ne Diyor?<\/strong><\/p>\n<p>Ki\u015fisel Verileri Koruma Kanunu&#8217;nun (&#8220;<strong>Kanun<\/strong>&#8220;) 10. maddesi uyar\u0131nca veri sorumlular\u0131n\u0131n, ilgili ki\u015fileri i\u015fledikleri ki\u015fisel veriler hakk\u0131nda bilgilendirme y\u00fck\u00fcml\u00fcl\u00fc\u011f\u00fc (ayd\u0131nlatma y\u00fck\u00fcml\u00fcl\u00fc\u011f\u00fc) bulunmaktad\u0131r. Bu kapsamda veri sorumlular\u0131n\u0131n, ayd\u0131nlatma y\u00fck\u00fcml\u00fcl\u00fc\u011f\u00fcn\u00fc yerine getirirken, ba\u015fta Kanun, Ayd\u0131nlatma Y\u00fck\u00fcml\u00fcl\u00fc\u011f\u00fcn\u00fcn Yerine Getirilmesinde Uyulacak Usul ve Esaslar Tebli\u011fi, Kurul karar ve rehberleri olmak \u00fczere, a\u015fa\u011f\u0131daki hususlara dikkat etmesi gerekmektedir:<\/p>\n<ul>\n<li>Ayd\u0131nlatma y\u00fck\u00fcml\u00fcl\u00fc\u011f\u00fc, ki\u015fisel verilerin elde edilmesi esnas\u0131nda yerine getirilmelidir. Ayd\u0131nlatma y\u00fck\u00fcml\u00fcl\u00fc\u011f\u00fcn\u00fcn yerine getirildi\u011finin ispat\u0131 veri sorumlusundad\u0131r.<\/li>\n<li>Ayd\u0131nlatma y\u00fck\u00fcml\u00fcl\u00fc\u011f\u00fc kapsam\u0131nda yap\u0131lacak bilgilendirmenin asgari olarak Kanun&#8217;un 10. maddesindeki hususlar\u0131 (veri sorumlusunun ve varsa temsilcisinin kimli\u011fi, ki\u015fisel verilerin hangi ama\u00e7la i\u015flenece\u011fi, i\u015flenen ki\u015fisel verilerin kimlere ve hangi ama\u00e7la aktar\u0131labilece\u011fi, ki\u015fisel veri toplaman\u0131n y\u00f6ntemi ve hukuki sebebi ile ilgili ki\u015finin haklar\u0131) i\u00e7ermesi gerekmektedir.<\/li>\n<li>Ki\u015fisel verilerin fiili imk\u00e2ns\u0131zl\u0131k veya ilgili ki\u015fiye ula\u015f\u0131lamamas\u0131 nedeniyle ilgili ki\u015fiden elde edilmemesi durumunda, ayd\u0131nlatma y\u00fck\u00fcml\u00fcl\u00fc\u011f\u00fc ki\u015fisel verilerin elde edilmesinden itibaren makul bir s\u00fcre i\u00e7erisinde yerine getirilmelidir.<\/li>\n<li>Ki\u015fisel verinin ilgili ki\u015fiyle ileti\u015fim amac\u0131yla kullan\u0131lacak olmas\u0131 durumunda ilk ileti\u015fim kurulmas\u0131 esnas\u0131nda, ki\u015fisel verilerin aktar\u0131lacak olmas\u0131 halinde ise, en ge\u00e7 ki\u015fisel verilerin ilk kez aktar\u0131m\u0131n\u0131n yap\u0131laca\u011f\u0131 esnada ayd\u0131nlatma y\u00fck\u00fcml\u00fcl\u00fc\u011f\u00fcn\u00fcn yerine getirilmesi gerekmektedir.<\/li>\n<li>Ayd\u0131nlatma s\u0131ras\u0131nda a\u00e7\u0131klanan ki\u015fisel veri i\u015fleme amac\u0131 bak\u0131m\u0131ndan, gelecekte g\u00fcndeme gelmesi muhtemel ba\u015fka ama\u00e7lar i\u00e7in ki\u015fisel verilerin i\u015flenebilece\u011fi kanaatini uyand\u0131ran ifadeler kullan\u0131lmamal\u0131d\u0131r.<\/li>\n<li>Ayd\u0131nlatma y\u00fck\u00fcml\u00fcl\u00fc\u011f\u00fc yerine getirilirken kullan\u0131lacak metinlerde genel nitelikte, mu\u011flak, eksik, yan\u0131lt\u0131c\u0131 ve yanl\u0131\u015f bilgilere yer verilmemelidir.<\/li>\n<li>Ayd\u0131nlatma metninde yer alan i\u015fleme amac\u0131 ve hukuki sebebi hususlar\u0131 birbirinden ayr\u0131 unsurlard\u0131r. Veri toplaman\u0131n hukuki sebebi, Kanun&#8217;un 5. ve 6. maddesinde yer alan i\u015fleme \u015fartlar\u0131n\u0131 ifade etmektedir.<\/li>\n<li>Belirli bir i\u015fleme faaliyeti ile s\u0131n\u0131rl\u0131 olmayan, genel veri i\u015fleme belgesi niteli\u011finde olan gizlilik politikalar\u0131 veya veri i\u015fleme politikalar\u0131, ayd\u0131nlatma metinleri olarak kullan\u0131lmamal\u0131d\u0131r.<\/li>\n<li>Ayd\u0131nlatma metni kolayca eri\u015filebilir ve fark edilebilir olmal\u0131d\u0131r. \u0130lgili ki\u015filerin ayd\u0131nlatmaya eri\u015fimini zorla\u015ft\u0131racak y\u00f6ntemler kullan\u0131lmamal\u0131d\u0131r.<\/li>\n<li>Ki\u015fisel verilerin aktar\u0131lmas\u0131 halinde, aktar\u0131m\u0131n amac\u0131na ve aktar\u0131lan al\u0131c\u0131 grubu ya da gruplar\u0131na ayd\u0131nlatmada ayr\u0131ca yer verilmelidir.<\/li>\n<li>Katmanl\u0131 ayd\u0131nlatma y\u00f6nteminin kullan\u0131lmas\u0131 halinde, ilgili ki\u015filer ayr\u0131nt\u0131l\u0131 bilgi i\u00e7in di\u011fer bir mecraya y\u00f6nlendirilmeden \u00f6nce ilk a\u015famada temel bilgilerin (\u00f6rne\u011fin veri sorumlusunun kimli\u011fi ve veri i\u015flemenin amac\u0131) sunulmas\u0131 gerekmektedir. Y\u00f6nlendirilen metnin ise ilgili i\u015fleme faaliyeti ile s\u0131n\u0131rl\u0131 olmas\u0131na dikkat edilmelidir.<\/li>\n<\/ul>\n<p><strong>Sonu\u00e7<\/strong><\/p>\n<p>Bilindi\u011fi \u00fczere, ayd\u0131nlatma y\u00fck\u00fcml\u00fcl\u00fc\u011f\u00fcn\u00fc Kanun&#8217;a uygun \u015fekilde yerine getirmeyenler hakk\u0131nda idari para cezas\u0131 uygulanabilmektedir. Kurum&#8217;un yukar\u0131daki duyurusu kapsam\u0131nda t\u00fcm veri sorumlular\u0131n\u0131n s\u00fcre\u00e7lerini g\u00f6zden ge\u00e7irmeleri uygun olacakt\u0131r.<\/p>\n<p>COVID-19 salg\u0131n\u0131 ile ilgili hukuki d\u00fczenlemelerle ilgili bilgilere <a href=\"https:\/\/urldefense.com\/v3\/__https:\/esinxchange.com\/collect\/click.aspx?u=aXNHVHZDaFh0TERNWWVsbUJ5Y3E2SVJoVWJlSzRES1dOQ09VRnB1VzEzMGs3eG1yOGZqR0VER0J5SEgzWTJ1WTk0K0t5VmxxamFZOENhbjJjSGI3RmZyR01NRXFqcGNkejg2TmtNbVB0N0tabUJ4a3ludUUycXVLK2VSL2JTVzJpSjFJeWl1dTkrQllZUFJWY1lSYkcxNlpSVVB3eXVtZGxSejhHcEEzZkJzYlg5TDAwZGtocy84b1FxMUU2WkFpRlZ4K3VkcWdycjN4QUczV0ptcko1UT09&amp;rh=ff006437af3a29d21ced2f4ac14184420ecd1e85__;!!Hj9Y_P0nvg!AjQ7bX9pJehlWa5ZZlolzPvQ-AGjnIRoy1fAD-Uu-AF3VKGKGEhWghDXOxa3pKJyz13s4g$\"><strong>Esin Avukatl\u0131k Ortakl\u0131\u011f\u0131 Coronavir\u00fcs Masas\u0131<\/strong><\/a>&#8216;ndan ula\u015fabilirsiniz.<\/p>\n","protected":false},"excerpt":{"rendered":"<p>Yeni Geli\u015fmeler Ki\u015fisel Verileri Koruma Kurumu (&#8220;Kurum&#8220;), 26 Haziran 2020 tarihli duyurusunda, ayd\u0131nlatma y\u00fck\u00fcml\u00fcl\u00fc\u011f\u00fc yerine getirilirken dikkat edilmesi gereken hususlar\u0131 [&hellip;]<\/p>\n","protected":false},"author":4,"featured_media":0,"comment_status":"closed","ping_status":"closed","sticky":false,"template":"","format":"standard","meta":{"_acf_changed":false,"_stopmodifiedupdate":false,"_modified_date":"","footnotes":""},"categories":[120,149],"tags":[],"class_list":["post-16584","post","type-post","status-publish","format-standard","hentry","category-legal-alerts","category-covid-19-tr"],"acf":[],"yoast_head":"<!-- This site is optimized with the Yoast SEO plugin v24.0 - https:\/\/yoast.com\/wordpress\/plugins\/seo\/ -->\n<title>Ayd\u0131nlatma Y\u00fck\u00fcml\u00fcl\u00fc\u011f\u00fcn\u00fcn Yerine Getirilmesi Hakk\u0131nda KVKK Duyurusu<\/title>\n<meta name=\"description\" content=\"Yeni Geli\u015fmeler Ki\u015fisel Verileri Koruma Kurumu (&quot;Kurum&quot;), 26 Haziran 2020 tarihli duyurusunda, ayd\u0131nlatma y\u00fck\u00fcml\u00fcl\u00fc\u011f\u00fc yerine getirilirken dikkat edilmesi\" \/>\n<meta name=\"robots\" content=\"index, follow, max-snippet:-1, max-image-preview:large, max-video-preview:-1\" \/>\n<link rel=\"canonical\" href=\"https:\/\/www.esin.av.tr\/tr\/2020\/06\/30\/aydinlatma-yukumlulugunun-yerine-getirilmesi-hakkinda-kvkk-duyurusu\/\" \/>\n<meta property=\"og:locale\" content=\"tr_TR\" \/>\n<meta property=\"og:type\" content=\"article\" \/>\n<meta property=\"og:title\" content=\"Ayd\u0131nlatma Y\u00fck\u00fcml\u00fcl\u00fc\u011f\u00fcn\u00fcn Yerine Getirilmesi Hakk\u0131nda KVKK Duyurusu\" \/>\n<meta property=\"og:description\" content=\"Yeni Geli\u015fmeler Ki\u015fisel Verileri Koruma Kurumu (&quot;Kurum&quot;), 26 Haziran 2020 tarihli duyurusunda, ayd\u0131nlatma y\u00fck\u00fcml\u00fcl\u00fc\u011f\u00fc yerine getirilirken dikkat edilmesi\" \/>\n<meta property=\"og:url\" content=\"https:\/\/www.esin.av.tr\/tr\/2020\/06\/30\/aydinlatma-yukumlulugunun-yerine-getirilmesi-hakkinda-kvkk-duyurusu\/\" \/>\n<meta property=\"og:site_name\" content=\"Esin Avukatl\u0131k Ortakl\u0131\u011f\u0131\" \/>\n<meta property=\"article:published_time\" content=\"2020-06-30T07:13:58+00:00\" \/>\n<meta property=\"article:modified_time\" content=\"2022-06-09T13:05:57+00:00\" \/>\n<meta name=\"author\" content=\"R\u0131dvan Konrat\" \/>\n<meta name=\"twitter:card\" content=\"summary_large_image\" \/>\n<meta name=\"twitter:label1\" content=\"Written by\" \/>\n\t<meta name=\"twitter:data1\" content=\"R\u0131dvan Konrat\" \/>\n\t<meta name=\"twitter:label2\" content=\"Est. reading time\" \/>\n\t<meta name=\"twitter:data2\" content=\"3 minutes\" \/>\n<script type=\"application\/ld+json\" class=\"yoast-schema-graph\">{\"@context\":\"https:\/\/schema.org\",\"@graph\":[{\"@type\":\"Article\",\"@id\":\"https:\/\/www.esin.av.tr\/tr\/2020\/06\/30\/aydinlatma-yukumlulugunun-yerine-getirilmesi-hakkinda-kvkk-duyurusu\/#article\",\"isPartOf\":{\"@id\":\"https:\/\/www.esin.av.tr\/tr\/2020\/06\/30\/aydinlatma-yukumlulugunun-yerine-getirilmesi-hakkinda-kvkk-duyurusu\/\"},\"author\":{\"name\":\"R\u0131dvan Konrat\",\"@id\":\"https:\/\/www.esin.av.tr\/tr\/#\/schema\/person\/42c8e616aab56b8622fa365ad63282ae\"},\"headline\":\"Ayd\u0131nlatma Y\u00fck\u00fcml\u00fcl\u00fc\u011f\u00fcn\u00fcn Yerine Getirilmesi Hakk\u0131nda KVKK Duyurusu\",\"datePublished\":\"2020-06-30T07:13:58+00:00\",\"dateModified\":\"2022-06-09T13:05:57+00:00\",\"mainEntityOfPage\":{\"@id\":\"https:\/\/www.esin.av.tr\/tr\/2020\/06\/30\/aydinlatma-yukumlulugunun-yerine-getirilmesi-hakkinda-kvkk-duyurusu\/\"},\"wordCount\":690,\"publisher\":{\"@id\":\"https:\/\/www.esin.av.tr\/tr\/#organization\"},\"articleSection\":[\"Hukuk B\u00fcltenleri\",\"Covid-19\"],\"inLanguage\":\"tr\"},{\"@type\":\"WebPage\",\"@id\":\"https:\/\/www.esin.av.tr\/tr\/2020\/06\/30\/aydinlatma-yukumlulugunun-yerine-getirilmesi-hakkinda-kvkk-duyurusu\/\",\"url\":\"https:\/\/www.esin.av.tr\/tr\/2020\/06\/30\/aydinlatma-yukumlulugunun-yerine-getirilmesi-hakkinda-kvkk-duyurusu\/\",\"name\":\"Ayd\u0131nlatma Y\u00fck\u00fcml\u00fcl\u00fc\u011f\u00fcn\u00fcn Yerine Getirilmesi Hakk\u0131nda KVKK Duyurusu\",\"isPartOf\":{\"@id\":\"https:\/\/www.esin.av.tr\/tr\/#website\"},\"datePublished\":\"2020-06-30T07:13:58+00:00\",\"dateModified\":\"2022-06-09T13:05:57+00:00\",\"description\":\"Yeni Geli\u015fmeler Ki\u015fisel Verileri Koruma Kurumu (\\\"Kurum\\\"), 26 Haziran 2020 tarihli duyurusunda, ayd\u0131nlatma y\u00fck\u00fcml\u00fcl\u00fc\u011f\u00fc yerine getirilirken dikkat edilmesi\",\"breadcrumb\":{\"@id\":\"https:\/\/www.esin.av.tr\/tr\/2020\/06\/30\/aydinlatma-yukumlulugunun-yerine-getirilmesi-hakkinda-kvkk-duyurusu\/#breadcrumb\"},\"inLanguage\":\"tr\",\"potentialAction\":[{\"@type\":\"ReadAction\",\"target\":[\"https:\/\/www.esin.av.tr\/tr\/2020\/06\/30\/aydinlatma-yukumlulugunun-yerine-getirilmesi-hakkinda-kvkk-duyurusu\/\"]}]},{\"@type\":\"BreadcrumbList\",\"@id\":\"https:\/\/www.esin.av.tr\/tr\/2020\/06\/30\/aydinlatma-yukumlulugunun-yerine-getirilmesi-hakkinda-kvkk-duyurusu\/#breadcrumb\",\"itemListElement\":[{\"@type\":\"ListItem\",\"position\":1,\"name\":\"Home\",\"item\":\"https:\/\/www.esin.av.tr\/tr\/\"},{\"@type\":\"ListItem\",\"position\":2,\"name\":\"Ayd\u0131nlatma Y\u00fck\u00fcml\u00fcl\u00fc\u011f\u00fcn\u00fcn Yerine Getirilmesi Hakk\u0131nda KVKK Duyurusu\"}]},{\"@type\":\"WebSite\",\"@id\":\"https:\/\/www.esin.av.tr\/tr\/#website\",\"url\":\"https:\/\/www.esin.av.tr\/tr\/\",\"name\":\"Esin Avukatl\u0131k Ortakl\u0131\u011f\u0131\",\"description\":\"\",\"publisher\":{\"@id\":\"https:\/\/www.esin.av.tr\/tr\/#organization\"},\"potentialAction\":[{\"@type\":\"SearchAction\",\"target\":{\"@type\":\"EntryPoint\",\"urlTemplate\":\"https:\/\/www.esin.av.tr\/tr\/?s={search_term_string}\"},\"query-input\":{\"@type\":\"PropertyValueSpecification\",\"valueRequired\":true,\"valueName\":\"search_term_string\"}}],\"inLanguage\":\"tr\"},{\"@type\":\"Organization\",\"@id\":\"https:\/\/www.esin.av.tr\/tr\/#organization\",\"name\":\"Esin Avukatl\u0131k Ortakl\u0131\u011f\u0131\",\"url\":\"https:\/\/www.esin.av.tr\/tr\/\",\"logo\":{\"@type\":\"ImageObject\",\"inLanguage\":\"tr\",\"@id\":\"https:\/\/www.esin.av.tr\/tr\/#\/schema\/logo\/image\/\",\"url\":\"https:\/\/www.esin.av.tr\/wp-content\/uploads\/2021\/09\/esin-2.jpg\",\"contentUrl\":\"https:\/\/www.esin.av.tr\/wp-content\/uploads\/2021\/09\/esin-2.jpg\",\"width\":800,\"height\":460,\"caption\":\"Esin Avukatl\u0131k Ortakl\u0131\u011f\u0131\"},\"image\":{\"@id\":\"https:\/\/www.esin.av.tr\/tr\/#\/schema\/logo\/image\/\"}},{\"@type\":\"Person\",\"@id\":\"https:\/\/www.esin.av.tr\/tr\/#\/schema\/person\/42c8e616aab56b8622fa365ad63282ae\",\"name\":\"R\u0131dvan Konrat\",\"image\":{\"@type\":\"ImageObject\",\"inLanguage\":\"tr\",\"@id\":\"https:\/\/www.esin.av.tr\/tr\/#\/schema\/person\/image\/\",\"url\":\"https:\/\/secure.gravatar.com\/avatar\/b20c6c583be38ed4e76e32f69fccc676?s=96&d=mm&r=g\",\"contentUrl\":\"https:\/\/secure.gravatar.com\/avatar\/b20c6c583be38ed4e76e32f69fccc676?s=96&d=mm&r=g\",\"caption\":\"R\u0131dvan Konrat\"},\"sameAs\":[\"http:\/\/www.esin.av.tr\"],\"url\":\"https:\/\/www.esin.av.tr\/tr\/author\/rkonrat\/\"}]}<\/script>\n<!-- \/ Yoast SEO plugin. -->","yoast_head_json":{"title":"Ayd\u0131nlatma Y\u00fck\u00fcml\u00fcl\u00fc\u011f\u00fcn\u00fcn Yerine Getirilmesi Hakk\u0131nda KVKK Duyurusu","description":"Yeni Geli\u015fmeler Ki\u015fisel Verileri Koruma Kurumu (\"Kurum\"), 26 Haziran 2020 tarihli duyurusunda, ayd\u0131nlatma y\u00fck\u00fcml\u00fcl\u00fc\u011f\u00fc yerine getirilirken dikkat edilmesi","robots":{"index":"index","follow":"follow","max-snippet":"max-snippet:-1","max-image-preview":"max-image-preview:large","max-video-preview":"max-video-preview:-1"},"canonical":"https:\/\/www.esin.av.tr\/tr\/2020\/06\/30\/aydinlatma-yukumlulugunun-yerine-getirilmesi-hakkinda-kvkk-duyurusu\/","og_locale":"tr_TR","og_type":"article","og_title":"Ayd\u0131nlatma Y\u00fck\u00fcml\u00fcl\u00fc\u011f\u00fcn\u00fcn Yerine Getirilmesi Hakk\u0131nda KVKK Duyurusu","og_description":"Yeni Geli\u015fmeler Ki\u015fisel Verileri Koruma Kurumu (\"Kurum\"), 26 Haziran 2020 tarihli duyurusunda, ayd\u0131nlatma y\u00fck\u00fcml\u00fcl\u00fc\u011f\u00fc yerine getirilirken dikkat edilmesi","og_url":"https:\/\/www.esin.av.tr\/tr\/2020\/06\/30\/aydinlatma-yukumlulugunun-yerine-getirilmesi-hakkinda-kvkk-duyurusu\/","og_site_name":"Esin Avukatl\u0131k Ortakl\u0131\u011f\u0131","article_published_time":"2020-06-30T07:13:58+00:00","article_modified_time":"2022-06-09T13:05:57+00:00","author":"R\u0131dvan Konrat","twitter_card":"summary_large_image","twitter_misc":{"Written by":"R\u0131dvan Konrat","Est. reading time":"3 minutes"},"schema":{"@context":"https:\/\/schema.org","@graph":[{"@type":"Article","@id":"https:\/\/www.esin.av.tr\/tr\/2020\/06\/30\/aydinlatma-yukumlulugunun-yerine-getirilmesi-hakkinda-kvkk-duyurusu\/#article","isPartOf":{"@id":"https:\/\/www.esin.av.tr\/tr\/2020\/06\/30\/aydinlatma-yukumlulugunun-yerine-getirilmesi-hakkinda-kvkk-duyurusu\/"},"author":{"name":"R\u0131dvan Konrat","@id":"https:\/\/www.esin.av.tr\/tr\/#\/schema\/person\/42c8e616aab56b8622fa365ad63282ae"},"headline":"Ayd\u0131nlatma Y\u00fck\u00fcml\u00fcl\u00fc\u011f\u00fcn\u00fcn Yerine Getirilmesi Hakk\u0131nda KVKK Duyurusu","datePublished":"2020-06-30T07:13:58+00:00","dateModified":"2022-06-09T13:05:57+00:00","mainEntityOfPage":{"@id":"https:\/\/www.esin.av.tr\/tr\/2020\/06\/30\/aydinlatma-yukumlulugunun-yerine-getirilmesi-hakkinda-kvkk-duyurusu\/"},"wordCount":690,"publisher":{"@id":"https:\/\/www.esin.av.tr\/tr\/#organization"},"articleSection":["Hukuk B\u00fcltenleri","Covid-19"],"inLanguage":"tr"},{"@type":"WebPage","@id":"https:\/\/www.esin.av.tr\/tr\/2020\/06\/30\/aydinlatma-yukumlulugunun-yerine-getirilmesi-hakkinda-kvkk-duyurusu\/","url":"https:\/\/www.esin.av.tr\/tr\/2020\/06\/30\/aydinlatma-yukumlulugunun-yerine-getirilmesi-hakkinda-kvkk-duyurusu\/","name":"Ayd\u0131nlatma Y\u00fck\u00fcml\u00fcl\u00fc\u011f\u00fcn\u00fcn Yerine Getirilmesi Hakk\u0131nda KVKK Duyurusu","isPartOf":{"@id":"https:\/\/www.esin.av.tr\/tr\/#website"},"datePublished":"2020-06-30T07:13:58+00:00","dateModified":"2022-06-09T13:05:57+00:00","description":"Yeni Geli\u015fmeler Ki\u015fisel Verileri Koruma Kurumu (\"Kurum\"), 26 Haziran 2020 tarihli duyurusunda, ayd\u0131nlatma y\u00fck\u00fcml\u00fcl\u00fc\u011f\u00fc yerine getirilirken dikkat edilmesi","breadcrumb":{"@id":"https:\/\/www.esin.av.tr\/tr\/2020\/06\/30\/aydinlatma-yukumlulugunun-yerine-getirilmesi-hakkinda-kvkk-duyurusu\/#breadcrumb"},"inLanguage":"tr","potentialAction":[{"@type":"ReadAction","target":["https:\/\/www.esin.av.tr\/tr\/2020\/06\/30\/aydinlatma-yukumlulugunun-yerine-getirilmesi-hakkinda-kvkk-duyurusu\/"]}]},{"@type":"BreadcrumbList","@id":"https:\/\/www.esin.av.tr\/tr\/2020\/06\/30\/aydinlatma-yukumlulugunun-yerine-getirilmesi-hakkinda-kvkk-duyurusu\/#breadcrumb","itemListElement":[{"@type":"ListItem","position":1,"name":"Home","item":"https:\/\/www.esin.av.tr\/tr\/"},{"@type":"ListItem","position":2,"name":"Ayd\u0131nlatma Y\u00fck\u00fcml\u00fcl\u00fc\u011f\u00fcn\u00fcn Yerine Getirilmesi Hakk\u0131nda KVKK Duyurusu"}]},{"@type":"WebSite","@id":"https:\/\/www.esin.av.tr\/tr\/#website","url":"https:\/\/www.esin.av.tr\/tr\/","name":"Esin Avukatl\u0131k Ortakl\u0131\u011f\u0131","description":"","publisher":{"@id":"https:\/\/www.esin.av.tr\/tr\/#organization"},"potentialAction":[{"@type":"SearchAction","target":{"@type":"EntryPoint","urlTemplate":"https:\/\/www.esin.av.tr\/tr\/?s={search_term_string}"},"query-input":{"@type":"PropertyValueSpecification","valueRequired":true,"valueName":"search_term_string"}}],"inLanguage":"tr"},{"@type":"Organization","@id":"https:\/\/www.esin.av.tr\/tr\/#organization","name":"Esin Avukatl\u0131k Ortakl\u0131\u011f\u0131","url":"https:\/\/www.esin.av.tr\/tr\/","logo":{"@type":"ImageObject","inLanguage":"tr","@id":"https:\/\/www.esin.av.tr\/tr\/#\/schema\/logo\/image\/","url":"https:\/\/www.esin.av.tr\/wp-content\/uploads\/2021\/09\/esin-2.jpg","contentUrl":"https:\/\/www.esin.av.tr\/wp-content\/uploads\/2021\/09\/esin-2.jpg","width":800,"height":460,"caption":"Esin Avukatl\u0131k Ortakl\u0131\u011f\u0131"},"image":{"@id":"https:\/\/www.esin.av.tr\/tr\/#\/schema\/logo\/image\/"}},{"@type":"Person","@id":"https:\/\/www.esin.av.tr\/tr\/#\/schema\/person\/42c8e616aab56b8622fa365ad63282ae","name":"R\u0131dvan Konrat","image":{"@type":"ImageObject","inLanguage":"tr","@id":"https:\/\/www.esin.av.tr\/tr\/#\/schema\/person\/image\/","url":"https:\/\/secure.gravatar.com\/avatar\/b20c6c583be38ed4e76e32f69fccc676?s=96&d=mm&r=g","contentUrl":"https:\/\/secure.gravatar.com\/avatar\/b20c6c583be38ed4e76e32f69fccc676?s=96&d=mm&r=g","caption":"R\u0131dvan Konrat"},"sameAs":["http:\/\/www.esin.av.tr"],"url":"https:\/\/www.esin.av.tr\/tr\/author\/rkonrat\/"}]}},"_links":{"self":[{"href":"https:\/\/www.esin.av.tr\/tr\/wp-json\/wp\/v2\/posts\/16584","targetHints":{"allow":["GET"]}}],"collection":[{"href":"https:\/\/www.esin.av.tr\/tr\/wp-json\/wp\/v2\/posts"}],"about":[{"href":"https:\/\/www.esin.av.tr\/tr\/wp-json\/wp\/v2\/types\/post"}],"author":[{"embeddable":true,"href":"https:\/\/www.esin.av.tr\/tr\/wp-json\/wp\/v2\/users\/4"}],"replies":[{"embeddable":true,"href":"https:\/\/www.esin.av.tr\/tr\/wp-json\/wp\/v2\/comments?post=16584"}],"version-history":[{"count":1,"href":"https:\/\/www.esin.av.tr\/tr\/wp-json\/wp\/v2\/posts\/16584\/revisions"}],"predecessor-version":[{"id":16585,"href":"https:\/\/www.esin.av.tr\/tr\/wp-json\/wp\/v2\/posts\/16584\/revisions\/16585"}],"wp:attachment":[{"href":"https:\/\/www.esin.av.tr\/tr\/wp-json\/wp\/v2\/media?parent=16584"}],"wp:term":[{"taxonomy":"category","embeddable":true,"href":"https:\/\/www.esin.av.tr\/tr\/wp-json\/wp\/v2\/categories?post=16584"},{"taxonomy":"post_tag","embeddable":true,"href":"https:\/\/www.esin.av.tr\/tr\/wp-json\/wp\/v2\/tags?post=16584"}],"curies":[{"name":"wp","href":"https:\/\/api.w.org\/{rel}","templated":true}]}}