{"id":16568,"date":"2020-06-26T08:29:43","date_gmt":"2020-06-26T08:29:43","guid":{"rendered":"https:\/\/www.esin.av.tr\/coronahelpdesk\/16559-2\/"},"modified":"2022-06-09T13:06:05","modified_gmt":"2022-06-09T13:06:05","slug":"16559-2","status":"publish","type":"post","link":"https:\/\/www.esin.av.tr\/tr\/2020\/06\/26\/16559-2\/","title":{"rendered":"COVID-19 Sonras\u0131 Ofis D\u00fczeni \/ Post COVID-19 Real Estate Operations"},"content":{"rendered":"<p>Normalle\u015fmeye ba\u015flad\u0131\u011f\u0131m\u0131z bu d\u00f6nemde, bir\u00e7ok \u015firket ofis ya\u015fam\u0131na yeniden d\u00f6nd\u00fc veya d\u00f6nmek i\u00e7in haz\u0131rl\u0131k yap\u0131yor. Bu kapsamda, \u015firketler \u00e7al\u0131\u015fanlar\u0131n\u0131n sa\u011fl\u0131\u011f\u0131n\u0131 korumak ve verimliliklerini art\u0131rmak i\u00e7in \u00e7e\u015fitli senaryolar haz\u0131rlad\u0131. Ancak mevcut ofisler, \u015firketlerin haz\u0131rlad\u0131\u011f\u0131 senaryo ve planlara her zaman uymayabiliyor.<\/p>\n<p>Bizler, \u015firketlerin farkl\u0131l\u0131klar\u0131n\u0131 da g\u00f6z \u00f6n\u00fcne alarak \u00e7e\u015fitli senaryolar\u0131 d\u00fc\u015f\u00fcnd\u00fck. Bu senaryolar kapsam\u0131nda ofis ta\u015f\u0131ma, ofis k\u00fc\u00e7\u00fcltme ve ofis alan\u0131n\u0131 b\u00fcy\u00fctme konular\u0131nda rehberler haz\u0131rlad\u0131k. Bu rehberlerde farkl\u0131 senaryolar hakk\u0131nda hukuki de\u011ferlendirmelerde bulunduk. Haz\u0131rlad\u0131\u011f\u0131m\u0131z bu rehberleri ekte dikkatinize sunar\u0131z.<\/p>\n<p>Gayrimenkul departman\u0131m\u0131z ofis de\u011fi\u015ftirme, b\u00fcy\u00fctme ve k\u00fc\u00e7\u00fcltme ile ilgili sorular\u0131n\u0131za cevap vermekten memnuniyet duyacakt\u0131r.<\/p>\n<p>&#8212;&#8212;&#8212;&#8212;&#8212;&#8212;&#8212;&#8212;&#8212;&#8212;&#8212;&#8212;&#8212;&#8212;&#8212;&#8212;&#8212;&#8212;&#8212;&#8212;&#8212;&#8212;&#8212;&#8212;&#8212;&#8212;&#8212;&#8212;&#8212;&#8212;&#8212;&#8212;&#8212;&#8212;&#8212;&#8212;&#8212;&#8212;&#8212;&#8212;&#8212;&#8212;&#8212;&#8212;&#8212;&#8212;&#8212;&#8212;&#8212;&#8212;&#8212;&#8212;&#8212;&#8212;&#8212;&#8212;&#8212;<br \/>\nIn the normalisation period following COVID-19, most companies have returned or are preparing to return to office life. Companies prepared various scenarios to ensure the health and safety of their employees while maintaining productivity. However, companies&#8217; existing offices may be unable to accommodate the envisaged scenarios and plans.<\/p>\n<p>No company is alike: each has their own culture, vision, and purpose. With this in mind, we prepared our office guidelines to address companies&#8217; current necessities: office relocation, office downsizing and upsizing office areas.<\/p>\n<p>Our real estate department is happy to help you with any questions about office relocation, downsizing and upsizing in the same immovable.<\/p>\n<p><a href=\"https:\/\/f.datasrvr.com\/fr1\/420\/25410\/Ofisinizi_K\u00fc\u00e7\u00fcltmeyi_Mi_D\u00fc\u015f\u00fcn\u00fcyorsunuz.pdf\" target=\"_blank\" rel=\"noopener noreferrer\"><img fetchpriority=\"high\" decoding=\"async\" class=\"alignnone wp-image-16560\" src=\"https:\/\/www.esin.av.tr\/wp-content\/uploads\/2020\/06\/1-300x58.jpg\" alt=\"\" width=\"517\" height=\"100\" srcset=\"https:\/\/www.esin.av.tr\/wp-content\/uploads\/2020\/06\/1-300x58.jpg 300w, https:\/\/www.esin.av.tr\/wp-content\/uploads\/2020\/06\/1.jpg 752w\" sizes=\"(max-width: 517px) 100vw, 517px\" \/><\/a><\/p>\n<p>&nbsp;<\/p>\n<p><a href=\"https:\/\/f.datasrvr.com\/fr1\/520\/96567\/Ofisinizi_De\u011fi\u015ftirmeyi_Mi_D\u00fc\u015f\u00fcn\u00fcyorsunuz.pdf\" target=\"_blank\" rel=\"noopener noreferrer\"><img decoding=\"async\" class=\"alignnone wp-image-16562\" src=\"https:\/\/www.esin.av.tr\/wp-content\/uploads\/2020\/06\/2-300x58.jpg\" alt=\"\" width=\"512\" height=\"99\" srcset=\"https:\/\/www.esin.av.tr\/wp-content\/uploads\/2020\/06\/2-300x58.jpg 300w, https:\/\/www.esin.av.tr\/wp-content\/uploads\/2020\/06\/2.jpg 754w\" sizes=\"(max-width: 512px) 100vw, 512px\" \/><\/a><\/p>\n<p>&nbsp;<\/p>\n<p><a href=\"https:\/\/f.datasrvr.com\/fr1\/620\/30916\/Ofisinizi_B\u00fcy\u00fctmeyi_Mi_D\u00fc\u015f\u00fcn\u00fcyorsunuz.pdf\" target=\"_blank\" rel=\"noopener noreferrer\"><img decoding=\"async\" class=\"alignnone wp-image-16564\" src=\"https:\/\/www.esin.av.tr\/wp-content\/uploads\/2020\/06\/3-300x57.jpg\" alt=\"\" width=\"516\" height=\"98\" srcset=\"https:\/\/www.esin.av.tr\/wp-content\/uploads\/2020\/06\/3-300x57.jpg 300w, https:\/\/www.esin.av.tr\/wp-content\/uploads\/2020\/06\/3.jpg 753w\" sizes=\"(max-width: 516px) 100vw, 516px\" \/><\/a><\/p>\n","protected":false},"excerpt":{"rendered":"<p>Normalle\u015fmeye ba\u015flad\u0131\u011f\u0131m\u0131z bu d\u00f6nemde, bir\u00e7ok \u015firket ofis ya\u015fam\u0131na yeniden d\u00f6nd\u00fc veya d\u00f6nmek i\u00e7in haz\u0131rl\u0131k yap\u0131yor. Bu kapsamda, \u015firketler \u00e7al\u0131\u015fanlar\u0131n\u0131n sa\u011fl\u0131\u011f\u0131n\u0131 [&hellip;]<\/p>\n","protected":false},"author":4,"featured_media":0,"comment_status":"closed","ping_status":"closed","sticky":false,"template":"","format":"standard","meta":{"_acf_changed":false,"_stopmodifiedupdate":false,"_modified_date":"","footnotes":""},"categories":[120],"tags":[],"class_list":["post-16568","post","type-post","status-publish","format-standard","hentry","category-legal-alerts"],"acf":[],"yoast_head":"<!-- This site is optimized with the Yoast SEO plugin v24.0 - https:\/\/yoast.com\/wordpress\/plugins\/seo\/ -->\n<title>COVID-19 Sonras\u0131 Ofis D\u00fczeni \/ Post COVID-19 Real Estate Operations<\/title>\n<meta name=\"description\" content=\"Normalle\u015fmeye ba\u015flad\u0131\u011f\u0131m\u0131z bu d\u00f6nemde, bir\u00e7ok \u015firket ofis ya\u015fam\u0131na yeniden d\u00f6nd\u00fc veya d\u00f6nmek i\u00e7in haz\u0131rl\u0131k yap\u0131yor. Bu kapsamda, \u015firketler \u00e7al\u0131\u015fanlar\u0131n\u0131n\" \/>\n<meta name=\"robots\" content=\"index, follow, max-snippet:-1, max-image-preview:large, max-video-preview:-1\" \/>\n<link rel=\"canonical\" href=\"https:\/\/www.esin.av.tr\/tr\/2020\/06\/26\/16559-2\/\" \/>\n<meta property=\"og:locale\" content=\"tr_TR\" \/>\n<meta property=\"og:type\" content=\"article\" \/>\n<meta property=\"og:title\" content=\"COVID-19 Sonras\u0131 Ofis D\u00fczeni \/ Post COVID-19 Real Estate Operations\" \/>\n<meta property=\"og:description\" content=\"Normalle\u015fmeye ba\u015flad\u0131\u011f\u0131m\u0131z bu d\u00f6nemde, bir\u00e7ok \u015firket ofis ya\u015fam\u0131na yeniden d\u00f6nd\u00fc veya d\u00f6nmek i\u00e7in haz\u0131rl\u0131k yap\u0131yor. Bu kapsamda, \u015firketler \u00e7al\u0131\u015fanlar\u0131n\u0131n\" \/>\n<meta property=\"og:url\" content=\"https:\/\/www.esin.av.tr\/tr\/2020\/06\/26\/16559-2\/\" \/>\n<meta property=\"og:site_name\" content=\"Esin Avukatl\u0131k Ortakl\u0131\u011f\u0131\" \/>\n<meta property=\"article:published_time\" content=\"2020-06-26T08:29:43+00:00\" \/>\n<meta property=\"article:modified_time\" content=\"2022-06-09T13:06:05+00:00\" \/>\n<meta property=\"og:image\" content=\"https:\/\/www.esin.av.tr\/wp-content\/uploads\/2020\/06\/1-300x58.jpg\" \/>\n<meta name=\"author\" content=\"R\u0131dvan Konrat\" \/>\n<meta name=\"twitter:card\" content=\"summary_large_image\" \/>\n<meta name=\"twitter:label1\" content=\"Written by\" \/>\n\t<meta name=\"twitter:data1\" content=\"R\u0131dvan Konrat\" \/>\n\t<meta name=\"twitter:label2\" content=\"Est. reading time\" \/>\n\t<meta name=\"twitter:data2\" content=\"1 minute\" \/>\n<script type=\"application\/ld+json\" class=\"yoast-schema-graph\">{\"@context\":\"https:\/\/schema.org\",\"@graph\":[{\"@type\":\"Article\",\"@id\":\"https:\/\/www.esin.av.tr\/tr\/2020\/06\/26\/16559-2\/#article\",\"isPartOf\":{\"@id\":\"https:\/\/www.esin.av.tr\/tr\/2020\/06\/26\/16559-2\/\"},\"author\":{\"name\":\"R\u0131dvan Konrat\",\"@id\":\"https:\/\/www.esin.av.tr\/tr\/#\/schema\/person\/42c8e616aab56b8622fa365ad63282ae\"},\"headline\":\"COVID-19 Sonras\u0131 Ofis D\u00fczeni \/ Post COVID-19 Real Estate Operations\",\"datePublished\":\"2020-06-26T08:29:43+00:00\",\"dateModified\":\"2022-06-09T13:06:05+00:00\",\"mainEntityOfPage\":{\"@id\":\"https:\/\/www.esin.av.tr\/tr\/2020\/06\/26\/16559-2\/\"},\"wordCount\":265,\"publisher\":{\"@id\":\"https:\/\/www.esin.av.tr\/tr\/#organization\"},\"image\":{\"@id\":\"https:\/\/www.esin.av.tr\/tr\/2020\/06\/26\/16559-2\/#primaryimage\"},\"thumbnailUrl\":\"https:\/\/www.esin.av.tr\/wp-content\/uploads\/2020\/06\/1-300x58.jpg\",\"articleSection\":[\"Hukuk B\u00fcltenleri\"],\"inLanguage\":\"tr\"},{\"@type\":\"WebPage\",\"@id\":\"https:\/\/www.esin.av.tr\/tr\/2020\/06\/26\/16559-2\/\",\"url\":\"https:\/\/www.esin.av.tr\/tr\/2020\/06\/26\/16559-2\/\",\"name\":\"COVID-19 Sonras\u0131 Ofis D\u00fczeni \/ Post COVID-19 Real Estate Operations\",\"isPartOf\":{\"@id\":\"https:\/\/www.esin.av.tr\/tr\/#website\"},\"primaryImageOfPage\":{\"@id\":\"https:\/\/www.esin.av.tr\/tr\/2020\/06\/26\/16559-2\/#primaryimage\"},\"image\":{\"@id\":\"https:\/\/www.esin.av.tr\/tr\/2020\/06\/26\/16559-2\/#primaryimage\"},\"thumbnailUrl\":\"https:\/\/www.esin.av.tr\/wp-content\/uploads\/2020\/06\/1-300x58.jpg\",\"datePublished\":\"2020-06-26T08:29:43+00:00\",\"dateModified\":\"2022-06-09T13:06:05+00:00\",\"description\":\"Normalle\u015fmeye ba\u015flad\u0131\u011f\u0131m\u0131z bu d\u00f6nemde, bir\u00e7ok \u015firket ofis ya\u015fam\u0131na yeniden d\u00f6nd\u00fc veya d\u00f6nmek i\u00e7in haz\u0131rl\u0131k yap\u0131yor. Bu kapsamda, \u015firketler \u00e7al\u0131\u015fanlar\u0131n\u0131n\",\"breadcrumb\":{\"@id\":\"https:\/\/www.esin.av.tr\/tr\/2020\/06\/26\/16559-2\/#breadcrumb\"},\"inLanguage\":\"tr\",\"potentialAction\":[{\"@type\":\"ReadAction\",\"target\":[\"https:\/\/www.esin.av.tr\/tr\/2020\/06\/26\/16559-2\/\"]}]},{\"@type\":\"ImageObject\",\"inLanguage\":\"tr\",\"@id\":\"https:\/\/www.esin.av.tr\/tr\/2020\/06\/26\/16559-2\/#primaryimage\",\"url\":\"https:\/\/www.esin.av.tr\/wp-content\/uploads\/2020\/06\/1-300x58.jpg\",\"contentUrl\":\"https:\/\/www.esin.av.tr\/wp-content\/uploads\/2020\/06\/1-300x58.jpg\"},{\"@type\":\"BreadcrumbList\",\"@id\":\"https:\/\/www.esin.av.tr\/tr\/2020\/06\/26\/16559-2\/#breadcrumb\",\"itemListElement\":[{\"@type\":\"ListItem\",\"position\":1,\"name\":\"Home\",\"item\":\"https:\/\/www.esin.av.tr\/tr\/\"},{\"@type\":\"ListItem\",\"position\":2,\"name\":\"COVID-19 Sonras\u0131 Ofis D\u00fczeni \/ Post COVID-19 Real Estate Operations\"}]},{\"@type\":\"WebSite\",\"@id\":\"https:\/\/www.esin.av.tr\/tr\/#website\",\"url\":\"https:\/\/www.esin.av.tr\/tr\/\",\"name\":\"Esin Avukatl\u0131k Ortakl\u0131\u011f\u0131\",\"description\":\"\",\"publisher\":{\"@id\":\"https:\/\/www.esin.av.tr\/tr\/#organization\"},\"potentialAction\":[{\"@type\":\"SearchAction\",\"target\":{\"@type\":\"EntryPoint\",\"urlTemplate\":\"https:\/\/www.esin.av.tr\/tr\/?s={search_term_string}\"},\"query-input\":{\"@type\":\"PropertyValueSpecification\",\"valueRequired\":true,\"valueName\":\"search_term_string\"}}],\"inLanguage\":\"tr\"},{\"@type\":\"Organization\",\"@id\":\"https:\/\/www.esin.av.tr\/tr\/#organization\",\"name\":\"Esin Avukatl\u0131k Ortakl\u0131\u011f\u0131\",\"url\":\"https:\/\/www.esin.av.tr\/tr\/\",\"logo\":{\"@type\":\"ImageObject\",\"inLanguage\":\"tr\",\"@id\":\"https:\/\/www.esin.av.tr\/tr\/#\/schema\/logo\/image\/\",\"url\":\"https:\/\/www.esin.av.tr\/wp-content\/uploads\/2021\/09\/esin-2.jpg\",\"contentUrl\":\"https:\/\/www.esin.av.tr\/wp-content\/uploads\/2021\/09\/esin-2.jpg\",\"width\":800,\"height\":460,\"caption\":\"Esin Avukatl\u0131k Ortakl\u0131\u011f\u0131\"},\"image\":{\"@id\":\"https:\/\/www.esin.av.tr\/tr\/#\/schema\/logo\/image\/\"}},{\"@type\":\"Person\",\"@id\":\"https:\/\/www.esin.av.tr\/tr\/#\/schema\/person\/42c8e616aab56b8622fa365ad63282ae\",\"name\":\"R\u0131dvan Konrat\",\"image\":{\"@type\":\"ImageObject\",\"inLanguage\":\"tr\",\"@id\":\"https:\/\/www.esin.av.tr\/tr\/#\/schema\/person\/image\/\",\"url\":\"https:\/\/secure.gravatar.com\/avatar\/b20c6c583be38ed4e76e32f69fccc676?s=96&d=mm&r=g\",\"contentUrl\":\"https:\/\/secure.gravatar.com\/avatar\/b20c6c583be38ed4e76e32f69fccc676?s=96&d=mm&r=g\",\"caption\":\"R\u0131dvan Konrat\"},\"sameAs\":[\"http:\/\/www.esin.av.tr\"],\"url\":\"https:\/\/www.esin.av.tr\/tr\/author\/rkonrat\/\"}]}<\/script>\n<!-- \/ Yoast SEO plugin. -->","yoast_head_json":{"title":"COVID-19 Sonras\u0131 Ofis D\u00fczeni \/ Post COVID-19 Real Estate Operations","description":"Normalle\u015fmeye ba\u015flad\u0131\u011f\u0131m\u0131z bu d\u00f6nemde, bir\u00e7ok \u015firket ofis ya\u015fam\u0131na yeniden d\u00f6nd\u00fc veya d\u00f6nmek i\u00e7in haz\u0131rl\u0131k yap\u0131yor. Bu kapsamda, \u015firketler \u00e7al\u0131\u015fanlar\u0131n\u0131n","robots":{"index":"index","follow":"follow","max-snippet":"max-snippet:-1","max-image-preview":"max-image-preview:large","max-video-preview":"max-video-preview:-1"},"canonical":"https:\/\/www.esin.av.tr\/tr\/2020\/06\/26\/16559-2\/","og_locale":"tr_TR","og_type":"article","og_title":"COVID-19 Sonras\u0131 Ofis D\u00fczeni \/ Post COVID-19 Real Estate Operations","og_description":"Normalle\u015fmeye ba\u015flad\u0131\u011f\u0131m\u0131z bu d\u00f6nemde, bir\u00e7ok \u015firket ofis ya\u015fam\u0131na yeniden d\u00f6nd\u00fc veya d\u00f6nmek i\u00e7in haz\u0131rl\u0131k yap\u0131yor. Bu kapsamda, \u015firketler \u00e7al\u0131\u015fanlar\u0131n\u0131n","og_url":"https:\/\/www.esin.av.tr\/tr\/2020\/06\/26\/16559-2\/","og_site_name":"Esin Avukatl\u0131k Ortakl\u0131\u011f\u0131","article_published_time":"2020-06-26T08:29:43+00:00","article_modified_time":"2022-06-09T13:06:05+00:00","og_image":[{"url":"https:\/\/www.esin.av.tr\/wp-content\/uploads\/2020\/06\/1-300x58.jpg","type":"","width":"","height":""}],"author":"R\u0131dvan Konrat","twitter_card":"summary_large_image","twitter_misc":{"Written by":"R\u0131dvan Konrat","Est. reading time":"1 minute"},"schema":{"@context":"https:\/\/schema.org","@graph":[{"@type":"Article","@id":"https:\/\/www.esin.av.tr\/tr\/2020\/06\/26\/16559-2\/#article","isPartOf":{"@id":"https:\/\/www.esin.av.tr\/tr\/2020\/06\/26\/16559-2\/"},"author":{"name":"R\u0131dvan Konrat","@id":"https:\/\/www.esin.av.tr\/tr\/#\/schema\/person\/42c8e616aab56b8622fa365ad63282ae"},"headline":"COVID-19 Sonras\u0131 Ofis D\u00fczeni \/ Post COVID-19 Real Estate Operations","datePublished":"2020-06-26T08:29:43+00:00","dateModified":"2022-06-09T13:06:05+00:00","mainEntityOfPage":{"@id":"https:\/\/www.esin.av.tr\/tr\/2020\/06\/26\/16559-2\/"},"wordCount":265,"publisher":{"@id":"https:\/\/www.esin.av.tr\/tr\/#organization"},"image":{"@id":"https:\/\/www.esin.av.tr\/tr\/2020\/06\/26\/16559-2\/#primaryimage"},"thumbnailUrl":"https:\/\/www.esin.av.tr\/wp-content\/uploads\/2020\/06\/1-300x58.jpg","articleSection":["Hukuk B\u00fcltenleri"],"inLanguage":"tr"},{"@type":"WebPage","@id":"https:\/\/www.esin.av.tr\/tr\/2020\/06\/26\/16559-2\/","url":"https:\/\/www.esin.av.tr\/tr\/2020\/06\/26\/16559-2\/","name":"COVID-19 Sonras\u0131 Ofis D\u00fczeni \/ Post COVID-19 Real Estate Operations","isPartOf":{"@id":"https:\/\/www.esin.av.tr\/tr\/#website"},"primaryImageOfPage":{"@id":"https:\/\/www.esin.av.tr\/tr\/2020\/06\/26\/16559-2\/#primaryimage"},"image":{"@id":"https:\/\/www.esin.av.tr\/tr\/2020\/06\/26\/16559-2\/#primaryimage"},"thumbnailUrl":"https:\/\/www.esin.av.tr\/wp-content\/uploads\/2020\/06\/1-300x58.jpg","datePublished":"2020-06-26T08:29:43+00:00","dateModified":"2022-06-09T13:06:05+00:00","description":"Normalle\u015fmeye ba\u015flad\u0131\u011f\u0131m\u0131z bu d\u00f6nemde, bir\u00e7ok \u015firket ofis ya\u015fam\u0131na yeniden d\u00f6nd\u00fc veya d\u00f6nmek i\u00e7in haz\u0131rl\u0131k yap\u0131yor. Bu kapsamda, \u015firketler \u00e7al\u0131\u015fanlar\u0131n\u0131n","breadcrumb":{"@id":"https:\/\/www.esin.av.tr\/tr\/2020\/06\/26\/16559-2\/#breadcrumb"},"inLanguage":"tr","potentialAction":[{"@type":"ReadAction","target":["https:\/\/www.esin.av.tr\/tr\/2020\/06\/26\/16559-2\/"]}]},{"@type":"ImageObject","inLanguage":"tr","@id":"https:\/\/www.esin.av.tr\/tr\/2020\/06\/26\/16559-2\/#primaryimage","url":"https:\/\/www.esin.av.tr\/wp-content\/uploads\/2020\/06\/1-300x58.jpg","contentUrl":"https:\/\/www.esin.av.tr\/wp-content\/uploads\/2020\/06\/1-300x58.jpg"},{"@type":"BreadcrumbList","@id":"https:\/\/www.esin.av.tr\/tr\/2020\/06\/26\/16559-2\/#breadcrumb","itemListElement":[{"@type":"ListItem","position":1,"name":"Home","item":"https:\/\/www.esin.av.tr\/tr\/"},{"@type":"ListItem","position":2,"name":"COVID-19 Sonras\u0131 Ofis D\u00fczeni \/ Post COVID-19 Real Estate Operations"}]},{"@type":"WebSite","@id":"https:\/\/www.esin.av.tr\/tr\/#website","url":"https:\/\/www.esin.av.tr\/tr\/","name":"Esin Avukatl\u0131k Ortakl\u0131\u011f\u0131","description":"","publisher":{"@id":"https:\/\/www.esin.av.tr\/tr\/#organization"},"potentialAction":[{"@type":"SearchAction","target":{"@type":"EntryPoint","urlTemplate":"https:\/\/www.esin.av.tr\/tr\/?s={search_term_string}"},"query-input":{"@type":"PropertyValueSpecification","valueRequired":true,"valueName":"search_term_string"}}],"inLanguage":"tr"},{"@type":"Organization","@id":"https:\/\/www.esin.av.tr\/tr\/#organization","name":"Esin Avukatl\u0131k Ortakl\u0131\u011f\u0131","url":"https:\/\/www.esin.av.tr\/tr\/","logo":{"@type":"ImageObject","inLanguage":"tr","@id":"https:\/\/www.esin.av.tr\/tr\/#\/schema\/logo\/image\/","url":"https:\/\/www.esin.av.tr\/wp-content\/uploads\/2021\/09\/esin-2.jpg","contentUrl":"https:\/\/www.esin.av.tr\/wp-content\/uploads\/2021\/09\/esin-2.jpg","width":800,"height":460,"caption":"Esin Avukatl\u0131k Ortakl\u0131\u011f\u0131"},"image":{"@id":"https:\/\/www.esin.av.tr\/tr\/#\/schema\/logo\/image\/"}},{"@type":"Person","@id":"https:\/\/www.esin.av.tr\/tr\/#\/schema\/person\/42c8e616aab56b8622fa365ad63282ae","name":"R\u0131dvan Konrat","image":{"@type":"ImageObject","inLanguage":"tr","@id":"https:\/\/www.esin.av.tr\/tr\/#\/schema\/person\/image\/","url":"https:\/\/secure.gravatar.com\/avatar\/b20c6c583be38ed4e76e32f69fccc676?s=96&d=mm&r=g","contentUrl":"https:\/\/secure.gravatar.com\/avatar\/b20c6c583be38ed4e76e32f69fccc676?s=96&d=mm&r=g","caption":"R\u0131dvan Konrat"},"sameAs":["http:\/\/www.esin.av.tr"],"url":"https:\/\/www.esin.av.tr\/tr\/author\/rkonrat\/"}]}},"_links":{"self":[{"href":"https:\/\/www.esin.av.tr\/tr\/wp-json\/wp\/v2\/posts\/16568","targetHints":{"allow":["GET"]}}],"collection":[{"href":"https:\/\/www.esin.av.tr\/tr\/wp-json\/wp\/v2\/posts"}],"about":[{"href":"https:\/\/www.esin.av.tr\/tr\/wp-json\/wp\/v2\/types\/post"}],"author":[{"embeddable":true,"href":"https:\/\/www.esin.av.tr\/tr\/wp-json\/wp\/v2\/users\/4"}],"replies":[{"embeddable":true,"href":"https:\/\/www.esin.av.tr\/tr\/wp-json\/wp\/v2\/comments?post=16568"}],"version-history":[{"count":2,"href":"https:\/\/www.esin.av.tr\/tr\/wp-json\/wp\/v2\/posts\/16568\/revisions"}],"predecessor-version":[{"id":16572,"href":"https:\/\/www.esin.av.tr\/tr\/wp-json\/wp\/v2\/posts\/16568\/revisions\/16572"}],"wp:attachment":[{"href":"https:\/\/www.esin.av.tr\/tr\/wp-json\/wp\/v2\/media?parent=16568"}],"wp:term":[{"taxonomy":"category","embeddable":true,"href":"https:\/\/www.esin.av.tr\/tr\/wp-json\/wp\/v2\/categories?post=16568"},{"taxonomy":"post_tag","embeddable":true,"href":"https:\/\/www.esin.av.tr\/tr\/wp-json\/wp\/v2\/tags?post=16568"}],"curies":[{"name":"wp","href":"https:\/\/api.w.org\/{rel}","templated":true}]}}