{"id":16533,"date":"2020-06-23T14:51:33","date_gmt":"2020-06-23T14:51:33","guid":{"rendered":"https:\/\/www.esin.av.tr\/?p=16533"},"modified":"2022-06-09T13:06:12","modified_gmt":"2022-06-09T13:06:12","slug":"verbis-kayit-suresi-uzatildi-haziran-2020","status":"publish","type":"post","link":"https:\/\/www.esin.av.tr\/tr\/2020\/06\/23\/verbis-kayit-suresi-uzatildi-haziran-2020\/","title":{"rendered":"VERB\u0130S Kay\u0131t S\u00fcresi Uzat\u0131ld\u0131 &#8211; Haziran 2020"},"content":{"rendered":"<p>6698 say\u0131l\u0131 Ki\u015fisel Verilerin Korunmas\u0131 Kanunu&#8217;nun 16. maddesi uyar\u0131nca, ki\u015fisel verileri i\u015fleyen ger\u00e7ek ve t\u00fczel ki\u015filerin, veri i\u015flemeye ba\u015flamadan \u00f6nce Veri Sorumlular\u0131 Sicili&#8217;ne (VERB\u0130S) kaydolmas\u0131 gerekmektedir.<\/p>\n<p>Ki\u015fisel Verileri Koruma Kurulu (&#8220;<strong>Kurul<\/strong>&#8220;), COVID-19 vir\u00fcs salg\u0131n\u0131 s\u00fcrecinde ilgili veri sorumlular\u0131n\u0131n VERB\u0130S&#8217;e kay\u0131t i\u00e7in gerekli haz\u0131rl\u0131k \u00e7al\u0131\u015fmalar\u0131n\u0131 yapamad\u0131klar\u0131 ve VERB\u0130S&#8217;e kay\u0131t y\u00fck\u00fcml\u00fcl\u00fc\u011f\u00fcn\u00fc s\u00fcresinde yerine getiremedikleri gerek\u00e7esiyle, VERB\u0130S kay\u0131t y\u00fck\u00fcml\u00fcl\u00fc\u011f\u00fcn\u00fcn uzat\u0131lmas\u0131na ili\u015fkin sekt\u00f6r temsilcileri taraf\u0131ndan yap\u0131lan taleplerin de\u011ferlendirilmesi neticesinde, VERB\u0130S kay\u0131t s\u00fcrelerinin uzat\u0131lmas\u0131na karar verdi.<\/p>\n<p>Kurul&#8217;un 23 Haziran 2020 tarihli 2020\/482 say\u0131l\u0131 karar\u0131 uyar\u0131nca VERB\u0130S kay\u0131t s\u00fcreleri a\u015fa\u011f\u0131daki \u015fekilde uzat\u0131ld\u0131. \u0130lgili duyuruya <strong><u><a href=\"https:\/\/urldefense.com\/v3\/__https:\/esinxchange.com\/collect\/click.aspx?u=eFZUdGtVZmt6WFBBa3dkcG1nSzM2S203NGNNYm9XWVd4aHlOUnFyampIb3REemFGK3M3VDQ0bVpJNFBkZ3lBd3NGYkVoVFJTRUU3YnhyK1A1SDhNbjV1eHhZaUpIaUxoL3h3WThtaGhuME50TWhIbUc3d1FxeDNpSXJ5RVBEaWVSaEcxWVVPMXRTN01abFpmeko4Kzl2S1h5aGZEVUI2RQ==&amp;rh=ff0063c40e2cabf5748bcb21af41b8907f943500__;!!Hj9Y_P0nvg!CGoso1pOSYOuUPhIGS0MFbfItlZZA3olP6CdRNfP31a4ZK9T7IFJzkIhTAnRAXXtqiseGw$\">buradan<\/a><\/u><\/strong> ula\u015fabilirsiniz.<\/p>\n<table>\n<tbody>\n<tr>\n<td width=\"211\"><strong>Veri Sorumlular\u0131<\/strong><\/td>\n<td width=\"124\"><strong>Kay\u0131t Y\u00fck\u00fcml\u00fcl\u00fc\u011f\u00fcn\u00fcn Ba\u015flama Tarihi<\/strong><\/td>\n<td width=\"159\"><strong>\u00d6nceki Son Tarih<\/strong><\/td>\n<td width=\"157\"><strong>G\u00fcncel Son Tarih<\/strong><\/td>\n<\/tr>\n<tr>\n<td width=\"211\">Y\u0131ll\u0131k \u00e7al\u0131\u015fan say\u0131s\u0131 50\u2019den \u00e7ok veya y\u0131ll\u0131k mali bilan\u00e7o toplam\u0131 25 milyon TL\u2019den \u00e7ok olan veri sorumlular\u0131<\/p>\n<p>&nbsp;<\/td>\n<td width=\"124\">\u00a0 \u00a001.10.2018<\/td>\n<td width=\"159\">30.06.2020<\/td>\n<td width=\"157\">30.09.2020<\/td>\n<\/tr>\n<tr>\n<td width=\"211\">&nbsp;<\/p>\n<p>Yurtd\u0131\u015f\u0131nda yerle\u015fik veri sorumlular\u0131<\/p>\n<p>&nbsp;<\/td>\n<td width=\"124\">\u00a0 \u00a001.10.2018<\/td>\n<td width=\"159\">30.06.2020<\/td>\n<td width=\"157\">30.09.2020<\/td>\n<\/tr>\n<tr>\n<td width=\"211\">Y\u0131ll\u0131k \u00e7al\u0131\u015fan say\u0131s\u0131 50\u2019den az ve y\u0131ll\u0131k mali bilan\u00e7o toplam\u0131 25 milyon TL\u2019den az olup ana faaliyet konusu \u00f6zel nitelikli ki\u015fisel veri i\u015fleme olan veri sorumlular\u0131<\/p>\n<p>&nbsp;<\/td>\n<td width=\"124\">\u00a0 \u00a001.01.2019<\/td>\n<td width=\"159\">30.09.2020<\/td>\n<td width=\"157\">31.03.2021<\/td>\n<\/tr>\n<tr>\n<td width=\"211\">&nbsp;<\/p>\n<p>Kamu kurum ve kurulu\u015fu veri sorumlular\u0131<\/p>\n<p>&nbsp;<\/td>\n<td width=\"124\">\u00a0 \u00a001.04.2019<\/td>\n<td width=\"159\">31.12.2020<\/td>\n<td width=\"157\">31.03.2021<\/td>\n<\/tr>\n<\/tbody>\n<\/table>\n<p>Bu kapsamda ilgili veri sorumlular\u0131, VERB\u0130S kay\u0131tlar\u0131nda Ki\u015fisel Verileri Koruma Kurumu taraf\u0131ndan haz\u0131rlanan &#8220;Veri Sorumlular\u0131 Sicil Bilgi Sistemi K\u0131lavuzu&#8217;ndan&#8221; faydalanabilirler. K\u0131lavuz&#8217;a <strong><u><a href=\"https:\/\/urldefense.com\/v3\/__https:\/esinxchange.com\/collect\/click.aspx?u=eFZUdGtVZmt6WFBBa3dkcG1nSzM2S203NGNNYm9XWVd4aHlOUnFyampIcHhZRy9jOW50TjY1Z3ZQZHdUcE5qYS8yV0xwMi83YWpJM0JGVjhJVG9pZWYwVXdDREdXL3ArSU0xR2wzK05uV1R1TzFtZy8vTXdneUJIWHhiMFJuZFdMZXFSWmpXdmljSFRZeWU5REltVkJNN2xSRmhwUThab3dUUUZ4cTh2VEtMbXoxeHVSWkd6YWxXSUFlLzdsVWw3T1NVcGQ5OUNyL3BWbnNobVk1QkJyUDB5c1lLYThUaU0wOGVldUVhWmpVcz0=&amp;rh=ff0063c40e2cabf5748bcb21af41b8907f943500__;!!Hj9Y_P0nvg!CGoso1pOSYOuUPhIGS0MFbfItlZZA3olP6CdRNfP31a4ZK9T7IFJzkIhTAnRAXVuPyvX8w$\">buradan<\/a><\/u><\/strong> ula\u015fabilirsiniz.<\/p>\n<p><strong>Sonu\u00e7<\/strong><\/p>\n<p>Bilindi\u011fi \u00fczere, Kanun&#8217;un 18. maddesi uyar\u0131nca VERB\u0130S&#8217;e kay\u0131t ve bildirim y\u00fck\u00fcml\u00fcl\u00fc\u011f\u00fcn\u00fc yerine getirmeyen veri sorumlular\u0131 hakk\u0131nda mevzuatta \u00f6ng\u00f6r\u00fclen idari para cezalar\u0131 uygulanabilecektir. Bu kapsamda ilgili veri sorumlular\u0131n\u0131n yukar\u0131da \u00f6ng\u00f6r\u00fclen tarihlere kadar VERB\u0130S kay\u0131tlar\u0131n\u0131 tamamlamalar\u0131 gerekmektedir.<\/p>\n","protected":false},"excerpt":{"rendered":"<p>6698 say\u0131l\u0131 Ki\u015fisel Verilerin Korunmas\u0131 Kanunu&#8217;nun 16. maddesi uyar\u0131nca, ki\u015fisel verileri i\u015fleyen ger\u00e7ek ve t\u00fczel ki\u015filerin, veri i\u015flemeye ba\u015flamadan \u00f6nce [&hellip;]<\/p>\n","protected":false},"author":4,"featured_media":0,"comment_status":"closed","ping_status":"closed","sticky":false,"template":"","format":"standard","meta":{"_acf_changed":false,"_stopmodifiedupdate":false,"_modified_date":"","footnotes":""},"categories":[120,149],"tags":[93],"class_list":["post-16533","post","type-post","status-publish","format-standard","hentry","category-legal-alerts","category-covid-19-tr","tag-information-technology-communications-tr"],"acf":[],"yoast_head":"<!-- This site is optimized with the Yoast SEO plugin v24.0 - https:\/\/yoast.com\/wordpress\/plugins\/seo\/ -->\n<title>VERB\u0130S Kay\u0131t S\u00fcresi Uzat\u0131ld\u0131 - Haziran 2020<\/title>\n<meta name=\"description\" content=\"Kurul&#039;un 23 Haziran 2020 tarihli 2020\/482 say\u0131l\u0131 karar\u0131 uyar\u0131nca VERB\u0130S kay\u0131t s\u00fcreleri a\u015fa\u011f\u0131daki \u015fekilde uzat\u0131ld\u0131.\" \/>\n<meta name=\"robots\" content=\"index, follow, max-snippet:-1, max-image-preview:large, max-video-preview:-1\" \/>\n<link rel=\"canonical\" href=\"https:\/\/www.esin.av.tr\/tr\/2020\/06\/23\/verbis-kayit-suresi-uzatildi-haziran-2020\/\" \/>\n<meta property=\"og:locale\" content=\"tr_TR\" \/>\n<meta property=\"og:type\" content=\"article\" \/>\n<meta property=\"og:title\" content=\"VERB\u0130S Kay\u0131t S\u00fcresi Uzat\u0131ld\u0131 - Haziran 2020\" \/>\n<meta property=\"og:description\" content=\"Kurul&#039;un 23 Haziran 2020 tarihli 2020\/482 say\u0131l\u0131 karar\u0131 uyar\u0131nca VERB\u0130S kay\u0131t s\u00fcreleri a\u015fa\u011f\u0131daki \u015fekilde uzat\u0131ld\u0131.\" \/>\n<meta property=\"og:url\" content=\"https:\/\/www.esin.av.tr\/tr\/2020\/06\/23\/verbis-kayit-suresi-uzatildi-haziran-2020\/\" \/>\n<meta property=\"og:site_name\" content=\"Esin Avukatl\u0131k Ortakl\u0131\u011f\u0131\" \/>\n<meta property=\"article:published_time\" content=\"2020-06-23T14:51:33+00:00\" \/>\n<meta property=\"article:modified_time\" content=\"2022-06-09T13:06:12+00:00\" \/>\n<meta name=\"author\" content=\"R\u0131dvan Konrat\" \/>\n<meta name=\"twitter:card\" content=\"summary_large_image\" \/>\n<meta name=\"twitter:label1\" content=\"Written by\" \/>\n\t<meta name=\"twitter:data1\" content=\"R\u0131dvan Konrat\" \/>\n\t<meta name=\"twitter:label2\" content=\"Est. reading time\" \/>\n\t<meta name=\"twitter:data2\" content=\"2 minutes\" \/>\n<script type=\"application\/ld+json\" class=\"yoast-schema-graph\">{\"@context\":\"https:\/\/schema.org\",\"@graph\":[{\"@type\":\"Article\",\"@id\":\"https:\/\/www.esin.av.tr\/tr\/2020\/06\/23\/verbis-kayit-suresi-uzatildi-haziran-2020\/#article\",\"isPartOf\":{\"@id\":\"https:\/\/www.esin.av.tr\/tr\/2020\/06\/23\/verbis-kayit-suresi-uzatildi-haziran-2020\/\"},\"author\":{\"name\":\"R\u0131dvan Konrat\",\"@id\":\"https:\/\/www.esin.av.tr\/tr\/#\/schema\/person\/42c8e616aab56b8622fa365ad63282ae\"},\"headline\":\"VERB\u0130S Kay\u0131t S\u00fcresi Uzat\u0131ld\u0131 &#8211; Haziran 2020\",\"datePublished\":\"2020-06-23T14:51:33+00:00\",\"dateModified\":\"2022-06-09T13:06:12+00:00\",\"mainEntityOfPage\":{\"@id\":\"https:\/\/www.esin.av.tr\/tr\/2020\/06\/23\/verbis-kayit-suresi-uzatildi-haziran-2020\/\"},\"wordCount\":349,\"publisher\":{\"@id\":\"https:\/\/www.esin.av.tr\/tr\/#organization\"},\"keywords\":[\"Bilgi Teknolojileri ve Telekom\u00fcnikasyon\"],\"articleSection\":[\"Hukuk B\u00fcltenleri\",\"Covid-19\"],\"inLanguage\":\"tr\"},{\"@type\":\"WebPage\",\"@id\":\"https:\/\/www.esin.av.tr\/tr\/2020\/06\/23\/verbis-kayit-suresi-uzatildi-haziran-2020\/\",\"url\":\"https:\/\/www.esin.av.tr\/tr\/2020\/06\/23\/verbis-kayit-suresi-uzatildi-haziran-2020\/\",\"name\":\"VERB\u0130S Kay\u0131t S\u00fcresi Uzat\u0131ld\u0131 - Haziran 2020\",\"isPartOf\":{\"@id\":\"https:\/\/www.esin.av.tr\/tr\/#website\"},\"datePublished\":\"2020-06-23T14:51:33+00:00\",\"dateModified\":\"2022-06-09T13:06:12+00:00\",\"description\":\"Kurul'un 23 Haziran 2020 tarihli 2020\/482 say\u0131l\u0131 karar\u0131 uyar\u0131nca VERB\u0130S kay\u0131t s\u00fcreleri a\u015fa\u011f\u0131daki \u015fekilde uzat\u0131ld\u0131.\",\"breadcrumb\":{\"@id\":\"https:\/\/www.esin.av.tr\/tr\/2020\/06\/23\/verbis-kayit-suresi-uzatildi-haziran-2020\/#breadcrumb\"},\"inLanguage\":\"tr\",\"potentialAction\":[{\"@type\":\"ReadAction\",\"target\":[\"https:\/\/www.esin.av.tr\/tr\/2020\/06\/23\/verbis-kayit-suresi-uzatildi-haziran-2020\/\"]}]},{\"@type\":\"BreadcrumbList\",\"@id\":\"https:\/\/www.esin.av.tr\/tr\/2020\/06\/23\/verbis-kayit-suresi-uzatildi-haziran-2020\/#breadcrumb\",\"itemListElement\":[{\"@type\":\"ListItem\",\"position\":1,\"name\":\"Home\",\"item\":\"https:\/\/www.esin.av.tr\/tr\/\"},{\"@type\":\"ListItem\",\"position\":2,\"name\":\"VERB\u0130S Kay\u0131t S\u00fcresi Uzat\u0131ld\u0131 &#8211; Haziran 2020\"}]},{\"@type\":\"WebSite\",\"@id\":\"https:\/\/www.esin.av.tr\/tr\/#website\",\"url\":\"https:\/\/www.esin.av.tr\/tr\/\",\"name\":\"Esin Avukatl\u0131k Ortakl\u0131\u011f\u0131\",\"description\":\"\",\"publisher\":{\"@id\":\"https:\/\/www.esin.av.tr\/tr\/#organization\"},\"potentialAction\":[{\"@type\":\"SearchAction\",\"target\":{\"@type\":\"EntryPoint\",\"urlTemplate\":\"https:\/\/www.esin.av.tr\/tr\/?s={search_term_string}\"},\"query-input\":{\"@type\":\"PropertyValueSpecification\",\"valueRequired\":true,\"valueName\":\"search_term_string\"}}],\"inLanguage\":\"tr\"},{\"@type\":\"Organization\",\"@id\":\"https:\/\/www.esin.av.tr\/tr\/#organization\",\"name\":\"Esin Avukatl\u0131k Ortakl\u0131\u011f\u0131\",\"url\":\"https:\/\/www.esin.av.tr\/tr\/\",\"logo\":{\"@type\":\"ImageObject\",\"inLanguage\":\"tr\",\"@id\":\"https:\/\/www.esin.av.tr\/tr\/#\/schema\/logo\/image\/\",\"url\":\"https:\/\/www.esin.av.tr\/wp-content\/uploads\/2021\/09\/esin-2.jpg\",\"contentUrl\":\"https:\/\/www.esin.av.tr\/wp-content\/uploads\/2021\/09\/esin-2.jpg\",\"width\":800,\"height\":460,\"caption\":\"Esin Avukatl\u0131k Ortakl\u0131\u011f\u0131\"},\"image\":{\"@id\":\"https:\/\/www.esin.av.tr\/tr\/#\/schema\/logo\/image\/\"}},{\"@type\":\"Person\",\"@id\":\"https:\/\/www.esin.av.tr\/tr\/#\/schema\/person\/42c8e616aab56b8622fa365ad63282ae\",\"name\":\"R\u0131dvan Konrat\",\"image\":{\"@type\":\"ImageObject\",\"inLanguage\":\"tr\",\"@id\":\"https:\/\/www.esin.av.tr\/tr\/#\/schema\/person\/image\/\",\"url\":\"https:\/\/secure.gravatar.com\/avatar\/b20c6c583be38ed4e76e32f69fccc676?s=96&d=mm&r=g\",\"contentUrl\":\"https:\/\/secure.gravatar.com\/avatar\/b20c6c583be38ed4e76e32f69fccc676?s=96&d=mm&r=g\",\"caption\":\"R\u0131dvan Konrat\"},\"sameAs\":[\"http:\/\/www.esin.av.tr\"],\"url\":\"https:\/\/www.esin.av.tr\/tr\/author\/rkonrat\/\"}]}<\/script>\n<!-- \/ Yoast SEO plugin. -->","yoast_head_json":{"title":"VERB\u0130S Kay\u0131t S\u00fcresi Uzat\u0131ld\u0131 - Haziran 2020","description":"Kurul'un 23 Haziran 2020 tarihli 2020\/482 say\u0131l\u0131 karar\u0131 uyar\u0131nca VERB\u0130S kay\u0131t s\u00fcreleri a\u015fa\u011f\u0131daki \u015fekilde uzat\u0131ld\u0131.","robots":{"index":"index","follow":"follow","max-snippet":"max-snippet:-1","max-image-preview":"max-image-preview:large","max-video-preview":"max-video-preview:-1"},"canonical":"https:\/\/www.esin.av.tr\/tr\/2020\/06\/23\/verbis-kayit-suresi-uzatildi-haziran-2020\/","og_locale":"tr_TR","og_type":"article","og_title":"VERB\u0130S Kay\u0131t S\u00fcresi Uzat\u0131ld\u0131 - Haziran 2020","og_description":"Kurul'un 23 Haziran 2020 tarihli 2020\/482 say\u0131l\u0131 karar\u0131 uyar\u0131nca VERB\u0130S kay\u0131t s\u00fcreleri a\u015fa\u011f\u0131daki \u015fekilde uzat\u0131ld\u0131.","og_url":"https:\/\/www.esin.av.tr\/tr\/2020\/06\/23\/verbis-kayit-suresi-uzatildi-haziran-2020\/","og_site_name":"Esin Avukatl\u0131k Ortakl\u0131\u011f\u0131","article_published_time":"2020-06-23T14:51:33+00:00","article_modified_time":"2022-06-09T13:06:12+00:00","author":"R\u0131dvan Konrat","twitter_card":"summary_large_image","twitter_misc":{"Written by":"R\u0131dvan Konrat","Est. reading time":"2 minutes"},"schema":{"@context":"https:\/\/schema.org","@graph":[{"@type":"Article","@id":"https:\/\/www.esin.av.tr\/tr\/2020\/06\/23\/verbis-kayit-suresi-uzatildi-haziran-2020\/#article","isPartOf":{"@id":"https:\/\/www.esin.av.tr\/tr\/2020\/06\/23\/verbis-kayit-suresi-uzatildi-haziran-2020\/"},"author":{"name":"R\u0131dvan Konrat","@id":"https:\/\/www.esin.av.tr\/tr\/#\/schema\/person\/42c8e616aab56b8622fa365ad63282ae"},"headline":"VERB\u0130S Kay\u0131t S\u00fcresi Uzat\u0131ld\u0131 &#8211; Haziran 2020","datePublished":"2020-06-23T14:51:33+00:00","dateModified":"2022-06-09T13:06:12+00:00","mainEntityOfPage":{"@id":"https:\/\/www.esin.av.tr\/tr\/2020\/06\/23\/verbis-kayit-suresi-uzatildi-haziran-2020\/"},"wordCount":349,"publisher":{"@id":"https:\/\/www.esin.av.tr\/tr\/#organization"},"keywords":["Bilgi Teknolojileri ve Telekom\u00fcnikasyon"],"articleSection":["Hukuk B\u00fcltenleri","Covid-19"],"inLanguage":"tr"},{"@type":"WebPage","@id":"https:\/\/www.esin.av.tr\/tr\/2020\/06\/23\/verbis-kayit-suresi-uzatildi-haziran-2020\/","url":"https:\/\/www.esin.av.tr\/tr\/2020\/06\/23\/verbis-kayit-suresi-uzatildi-haziran-2020\/","name":"VERB\u0130S Kay\u0131t S\u00fcresi Uzat\u0131ld\u0131 - Haziran 2020","isPartOf":{"@id":"https:\/\/www.esin.av.tr\/tr\/#website"},"datePublished":"2020-06-23T14:51:33+00:00","dateModified":"2022-06-09T13:06:12+00:00","description":"Kurul'un 23 Haziran 2020 tarihli 2020\/482 say\u0131l\u0131 karar\u0131 uyar\u0131nca VERB\u0130S kay\u0131t s\u00fcreleri a\u015fa\u011f\u0131daki \u015fekilde uzat\u0131ld\u0131.","breadcrumb":{"@id":"https:\/\/www.esin.av.tr\/tr\/2020\/06\/23\/verbis-kayit-suresi-uzatildi-haziran-2020\/#breadcrumb"},"inLanguage":"tr","potentialAction":[{"@type":"ReadAction","target":["https:\/\/www.esin.av.tr\/tr\/2020\/06\/23\/verbis-kayit-suresi-uzatildi-haziran-2020\/"]}]},{"@type":"BreadcrumbList","@id":"https:\/\/www.esin.av.tr\/tr\/2020\/06\/23\/verbis-kayit-suresi-uzatildi-haziran-2020\/#breadcrumb","itemListElement":[{"@type":"ListItem","position":1,"name":"Home","item":"https:\/\/www.esin.av.tr\/tr\/"},{"@type":"ListItem","position":2,"name":"VERB\u0130S Kay\u0131t S\u00fcresi Uzat\u0131ld\u0131 &#8211; Haziran 2020"}]},{"@type":"WebSite","@id":"https:\/\/www.esin.av.tr\/tr\/#website","url":"https:\/\/www.esin.av.tr\/tr\/","name":"Esin Avukatl\u0131k Ortakl\u0131\u011f\u0131","description":"","publisher":{"@id":"https:\/\/www.esin.av.tr\/tr\/#organization"},"potentialAction":[{"@type":"SearchAction","target":{"@type":"EntryPoint","urlTemplate":"https:\/\/www.esin.av.tr\/tr\/?s={search_term_string}"},"query-input":{"@type":"PropertyValueSpecification","valueRequired":true,"valueName":"search_term_string"}}],"inLanguage":"tr"},{"@type":"Organization","@id":"https:\/\/www.esin.av.tr\/tr\/#organization","name":"Esin Avukatl\u0131k Ortakl\u0131\u011f\u0131","url":"https:\/\/www.esin.av.tr\/tr\/","logo":{"@type":"ImageObject","inLanguage":"tr","@id":"https:\/\/www.esin.av.tr\/tr\/#\/schema\/logo\/image\/","url":"https:\/\/www.esin.av.tr\/wp-content\/uploads\/2021\/09\/esin-2.jpg","contentUrl":"https:\/\/www.esin.av.tr\/wp-content\/uploads\/2021\/09\/esin-2.jpg","width":800,"height":460,"caption":"Esin Avukatl\u0131k Ortakl\u0131\u011f\u0131"},"image":{"@id":"https:\/\/www.esin.av.tr\/tr\/#\/schema\/logo\/image\/"}},{"@type":"Person","@id":"https:\/\/www.esin.av.tr\/tr\/#\/schema\/person\/42c8e616aab56b8622fa365ad63282ae","name":"R\u0131dvan Konrat","image":{"@type":"ImageObject","inLanguage":"tr","@id":"https:\/\/www.esin.av.tr\/tr\/#\/schema\/person\/image\/","url":"https:\/\/secure.gravatar.com\/avatar\/b20c6c583be38ed4e76e32f69fccc676?s=96&d=mm&r=g","contentUrl":"https:\/\/secure.gravatar.com\/avatar\/b20c6c583be38ed4e76e32f69fccc676?s=96&d=mm&r=g","caption":"R\u0131dvan Konrat"},"sameAs":["http:\/\/www.esin.av.tr"],"url":"https:\/\/www.esin.av.tr\/tr\/author\/rkonrat\/"}]}},"_links":{"self":[{"href":"https:\/\/www.esin.av.tr\/tr\/wp-json\/wp\/v2\/posts\/16533","targetHints":{"allow":["GET"]}}],"collection":[{"href":"https:\/\/www.esin.av.tr\/tr\/wp-json\/wp\/v2\/posts"}],"about":[{"href":"https:\/\/www.esin.av.tr\/tr\/wp-json\/wp\/v2\/types\/post"}],"author":[{"embeddable":true,"href":"https:\/\/www.esin.av.tr\/tr\/wp-json\/wp\/v2\/users\/4"}],"replies":[{"embeddable":true,"href":"https:\/\/www.esin.av.tr\/tr\/wp-json\/wp\/v2\/comments?post=16533"}],"version-history":[{"count":9,"href":"https:\/\/www.esin.av.tr\/tr\/wp-json\/wp\/v2\/posts\/16533\/revisions"}],"predecessor-version":[{"id":20308,"href":"https:\/\/www.esin.av.tr\/tr\/wp-json\/wp\/v2\/posts\/16533\/revisions\/20308"}],"wp:attachment":[{"href":"https:\/\/www.esin.av.tr\/tr\/wp-json\/wp\/v2\/media?parent=16533"}],"wp:term":[{"taxonomy":"category","embeddable":true,"href":"https:\/\/www.esin.av.tr\/tr\/wp-json\/wp\/v2\/categories?post=16533"},{"taxonomy":"post_tag","embeddable":true,"href":"https:\/\/www.esin.av.tr\/tr\/wp-json\/wp\/v2\/tags?post=16533"}],"curies":[{"name":"wp","href":"https:\/\/api.w.org\/{rel}","templated":true}]}}