{"id":16475,"date":"2020-06-03T14:46:26","date_gmt":"2020-06-03T14:46:26","guid":{"rendered":"https:\/\/www.esin.av.tr\/?p=16475"},"modified":"2022-06-09T13:06:34","modified_gmt":"2022-06-09T13:06:34","slug":"covid-19-doneminde-ic-sorusturmalar","status":"publish","type":"post","link":"https:\/\/www.esin.av.tr\/tr\/2020\/06\/03\/covid-19-doneminde-ic-sorusturmalar\/","title":{"rendered":"COVID-19 D\u00f6neminde \u0130\u00e7 Soru\u015fturmalar"},"content":{"rendered":"<p>TE\u0130D i\u015fbirli\u011fi ile 15 Haziran 2020 Pazartesi g\u00fcn\u00fc 14:00 ila 15:30 aras\u0131nda Zoom arac\u0131l\u0131\u011f\u0131yla Av. Birt\u00fcrk Ayd\u0131n&#8217;\u0131n konu\u015fmac\u0131 olarak kat\u0131l\u0131m\u0131yla ger\u00e7ekle\u015ftirece\u011fimiz \u201c<em>COVID-19 D\u00f6neminde \u0130\u00e7 Soru\u015fturmalar<\/em>\u201d webinar\u0131m\u0131zda sizi aram\u0131zda g\u00f6rmek isteriz.<\/p>\n<p>COVID-19 salg\u0131n\u0131 etik ve uyum programlar\u0131n\u0131n en \u00f6nemli unsurlar\u0131ndan biri olan i\u00e7 soru\u015fturmalar\u0131 olumsuz etkiliyor. COVID-19\u2019un i\u015f ortamlar\u0131nda yaratt\u0131\u011f\u0131 de\u011fi\u015fim i\u00e7 soru\u015fturmalar\u0131n y\u00fcr\u00fct\u00fclmesinde soru\u015fturmac\u0131lara ba\u015f edilmesi gereken bir\u00e7ok zorlu\u011fu da beraberinde getiriyor. Sosyal mesafe ve evden \u00e7al\u0131\u015fma kurallar\u0131 geleneksel soru\u015fturma y\u00f6ntemlerini s\u0131n\u0131rland\u0131r\u0131rken, i\u00e7inde bulundu\u011fumuz durumda kan\u0131t toplama ve sorgulama s\u00fcre\u00e7lerinin nas\u0131l y\u00fcr\u00fct\u00fclebilece\u011finin yeniden d\u00fc\u015f\u00fcn\u00fclmesi gerekiyor. Bu webinar\u2019da salg\u0131n d\u00f6neminde i\u00e7 soru\u015fturmalarda ya\u015fanan zorluklar\u0131 ve bu zorluklar\u0131n etkilerinin asgari d\u00fczeye indirilmesi amac\u0131yla al\u0131nabilecek \u00f6nlemleri tart\u0131\u015faca\u011f\u0131z.<\/p>\n<p><strong><u>Konu\u015fmac\u0131lar:<\/u><\/strong><\/p>\n<p><strong>Av. Birt\u00fcrk Ayd\u0131n, <\/strong>Esin Avukatl\u0131k Ortakl\u0131\u011f\u0131, Ortak<br \/>\n<strong>Dr. G\u00f6khan Y\u0131lmaz<\/strong>, TE\u0130D Denetim Kurulu \u00dcyesi, PwC,\u00a0Suistimal, Uyum ve Kriz Y\u00f6netimi Dan\u0131\u015fmanl\u0131\u011f\u0131 Lideri, ACFE T\u00fcrkiye Ba\u015fkan\u0131<br \/>\n<strong>Umut Turan<\/strong>, OTIS Orta Do\u011fu, B\u00f6lge Etik &amp; Uyum Y\u00f6neticisi<\/p>\n<p><strong><u>Moderat\u00f6r:\u00a0<\/u><\/strong><\/p>\n<p><strong>Fikret Sebilcio\u011flu, SMMM, CFE, TRACE R\u00fc\u015fvetle M\u00fccadele Uzman\u0131<\/strong><br \/>\nTE\u0130D Y\u00f6netim Kurulu \u00dcyesi, Cerebra CPAs &amp; Advisors<\/p>\n<p>A\u015fa\u011f\u0131daki \u201cKAYIT\u201d k\u0131sm\u0131ndan kay\u0131t olabilirsiniz. Kay\u0131tlar TE\u0130D taraf\u0131ndan al\u0131nacakt\u0131r.<\/p>\n<p>M\u00fcvekkillerimize ve dostlar\u0131m\u0131za destek olmak \u00fczere olu\u015fturdu\u011fumuz Coronavirus Ba\u015fvuru Masas\u0131 i\u00e7eriklerimize\u00a0<a href=\"https:\/\/urldefense.com\/v3\/__https:\/esinxchange.com\/collect\/click.aspx?u=OHBpcVFEMFQwM2xkY2RCT3crY2dNd0NucUVvSUxJR3VsZ0xadTRwOHF5SDNqVFgrWkp5RDBHUXdZYmpiYVlXQUE5WHBGbzgrZUVSWGFYc21IZnRXMDB3RlR6elp2QWFR&amp;rh=ff0062652b971c909cfc6464ff4a9b155abca18f__;!!Hj9Y_P0nvg!B6mGO-jjdjeS3gSrV4OzQN3EdaEBzhT2n5qUaLgwzBKfU1HTRjMYgNhMLiKyDO8VCQYdbw$\">https:\/\/www.esin.av.tr\/tr\/coronavirus-desk\/<\/a>\u00a0adresinden her zaman ula\u015fabilirsiniz.<\/p>\n<p>Sayg\u0131lar\u0131m\u0131zla,<\/p>\n<p>Esin Avukatl\u0131k Ortakl\u0131\u011f\u0131<\/p>\n","protected":false},"excerpt":{"rendered":"<p>TE\u0130D i\u015fbirli\u011fi ile 15 Haziran 2020 Pazartesi g\u00fcn\u00fc 14:00 ila 15:30 aras\u0131nda Zoom arac\u0131l\u0131\u011f\u0131yla Av. Birt\u00fcrk Ayd\u0131n&#8217;\u0131n konu\u015fmac\u0131 olarak kat\u0131l\u0131m\u0131yla [&hellip;]<\/p>\n","protected":false},"author":4,"featured_media":0,"comment_status":"closed","ping_status":"closed","sticky":false,"template":"","format":"standard","meta":{"_acf_changed":false,"_stopmodifiedupdate":false,"_modified_date":"","footnotes":""},"categories":[117,149],"tags":[],"class_list":["post-16475","post","type-post","status-publish","format-standard","hentry","category-webinar","category-covid-19-tr"],"acf":[],"yoast_head":"<!-- This site is optimized with the Yoast SEO plugin v24.0 - https:\/\/yoast.com\/wordpress\/plugins\/seo\/ -->\n<title>COVID-19 D\u00f6neminde \u0130\u00e7 Soru\u015fturmalar<\/title>\n<meta name=\"description\" content=\"TE\u0130D i\u015fbirli\u011fi ile 15 Haziran 2020 Pazartesi g\u00fcn\u00fc 14:00 ila 15:30 aras\u0131nda Zoom arac\u0131l\u0131\u011f\u0131yla Av. Birt\u00fcrk Ayd\u0131n&#039;\u0131n konu\u015fmac\u0131 olarak kat\u0131l\u0131m\u0131yla\" \/>\n<meta name=\"robots\" content=\"index, follow, max-snippet:-1, max-image-preview:large, max-video-preview:-1\" \/>\n<link rel=\"canonical\" href=\"https:\/\/www.esin.av.tr\/tr\/2020\/06\/03\/covid-19-doneminde-ic-sorusturmalar\/\" \/>\n<meta property=\"og:locale\" content=\"tr_TR\" \/>\n<meta property=\"og:type\" content=\"article\" \/>\n<meta property=\"og:title\" content=\"COVID-19 D\u00f6neminde \u0130\u00e7 Soru\u015fturmalar\" \/>\n<meta property=\"og:description\" content=\"TE\u0130D i\u015fbirli\u011fi ile 15 Haziran 2020 Pazartesi g\u00fcn\u00fc 14:00 ila 15:30 aras\u0131nda Zoom arac\u0131l\u0131\u011f\u0131yla Av. Birt\u00fcrk Ayd\u0131n&#039;\u0131n konu\u015fmac\u0131 olarak kat\u0131l\u0131m\u0131yla\" \/>\n<meta property=\"og:url\" content=\"https:\/\/www.esin.av.tr\/tr\/2020\/06\/03\/covid-19-doneminde-ic-sorusturmalar\/\" \/>\n<meta property=\"og:site_name\" content=\"Esin Avukatl\u0131k Ortakl\u0131\u011f\u0131\" \/>\n<meta property=\"article:published_time\" content=\"2020-06-03T14:46:26+00:00\" \/>\n<meta property=\"article:modified_time\" content=\"2022-06-09T13:06:34+00:00\" \/>\n<meta name=\"author\" content=\"R\u0131dvan Konrat\" \/>\n<meta name=\"twitter:card\" content=\"summary_large_image\" \/>\n<meta name=\"twitter:label1\" content=\"Written by\" \/>\n\t<meta name=\"twitter:data1\" content=\"R\u0131dvan Konrat\" \/>\n\t<meta name=\"twitter:label2\" content=\"Est. reading time\" \/>\n\t<meta name=\"twitter:data2\" content=\"2 minutes\" \/>\n<script type=\"application\/ld+json\" class=\"yoast-schema-graph\">{\"@context\":\"https:\/\/schema.org\",\"@graph\":[{\"@type\":\"Article\",\"@id\":\"https:\/\/www.esin.av.tr\/tr\/2020\/06\/03\/covid-19-doneminde-ic-sorusturmalar\/#article\",\"isPartOf\":{\"@id\":\"https:\/\/www.esin.av.tr\/tr\/2020\/06\/03\/covid-19-doneminde-ic-sorusturmalar\/\"},\"author\":{\"name\":\"R\u0131dvan Konrat\",\"@id\":\"https:\/\/www.esin.av.tr\/tr\/#\/schema\/person\/42c8e616aab56b8622fa365ad63282ae\"},\"headline\":\"COVID-19 D\u00f6neminde \u0130\u00e7 Soru\u015fturmalar\",\"datePublished\":\"2020-06-03T14:46:26+00:00\",\"dateModified\":\"2022-06-09T13:06:34+00:00\",\"mainEntityOfPage\":{\"@id\":\"https:\/\/www.esin.av.tr\/tr\/2020\/06\/03\/covid-19-doneminde-ic-sorusturmalar\/\"},\"wordCount\":306,\"publisher\":{\"@id\":\"https:\/\/www.esin.av.tr\/tr\/#organization\"},\"articleSection\":[\"Webinarlar\",\"Covid-19\"],\"inLanguage\":\"tr\"},{\"@type\":\"WebPage\",\"@id\":\"https:\/\/www.esin.av.tr\/tr\/2020\/06\/03\/covid-19-doneminde-ic-sorusturmalar\/\",\"url\":\"https:\/\/www.esin.av.tr\/tr\/2020\/06\/03\/covid-19-doneminde-ic-sorusturmalar\/\",\"name\":\"COVID-19 D\u00f6neminde \u0130\u00e7 Soru\u015fturmalar\",\"isPartOf\":{\"@id\":\"https:\/\/www.esin.av.tr\/tr\/#website\"},\"datePublished\":\"2020-06-03T14:46:26+00:00\",\"dateModified\":\"2022-06-09T13:06:34+00:00\",\"description\":\"TE\u0130D i\u015fbirli\u011fi ile 15 Haziran 2020 Pazartesi g\u00fcn\u00fc 14:00 ila 15:30 aras\u0131nda Zoom arac\u0131l\u0131\u011f\u0131yla Av. Birt\u00fcrk Ayd\u0131n'\u0131n konu\u015fmac\u0131 olarak kat\u0131l\u0131m\u0131yla\",\"breadcrumb\":{\"@id\":\"https:\/\/www.esin.av.tr\/tr\/2020\/06\/03\/covid-19-doneminde-ic-sorusturmalar\/#breadcrumb\"},\"inLanguage\":\"tr\",\"potentialAction\":[{\"@type\":\"ReadAction\",\"target\":[\"https:\/\/www.esin.av.tr\/tr\/2020\/06\/03\/covid-19-doneminde-ic-sorusturmalar\/\"]}]},{\"@type\":\"BreadcrumbList\",\"@id\":\"https:\/\/www.esin.av.tr\/tr\/2020\/06\/03\/covid-19-doneminde-ic-sorusturmalar\/#breadcrumb\",\"itemListElement\":[{\"@type\":\"ListItem\",\"position\":1,\"name\":\"Home\",\"item\":\"https:\/\/www.esin.av.tr\/tr\/\"},{\"@type\":\"ListItem\",\"position\":2,\"name\":\"COVID-19 D\u00f6neminde \u0130\u00e7 Soru\u015fturmalar\"}]},{\"@type\":\"WebSite\",\"@id\":\"https:\/\/www.esin.av.tr\/tr\/#website\",\"url\":\"https:\/\/www.esin.av.tr\/tr\/\",\"name\":\"Esin Avukatl\u0131k Ortakl\u0131\u011f\u0131\",\"description\":\"\",\"publisher\":{\"@id\":\"https:\/\/www.esin.av.tr\/tr\/#organization\"},\"potentialAction\":[{\"@type\":\"SearchAction\",\"target\":{\"@type\":\"EntryPoint\",\"urlTemplate\":\"https:\/\/www.esin.av.tr\/tr\/?s={search_term_string}\"},\"query-input\":{\"@type\":\"PropertyValueSpecification\",\"valueRequired\":true,\"valueName\":\"search_term_string\"}}],\"inLanguage\":\"tr\"},{\"@type\":\"Organization\",\"@id\":\"https:\/\/www.esin.av.tr\/tr\/#organization\",\"name\":\"Esin Avukatl\u0131k Ortakl\u0131\u011f\u0131\",\"url\":\"https:\/\/www.esin.av.tr\/tr\/\",\"logo\":{\"@type\":\"ImageObject\",\"inLanguage\":\"tr\",\"@id\":\"https:\/\/www.esin.av.tr\/tr\/#\/schema\/logo\/image\/\",\"url\":\"https:\/\/www.esin.av.tr\/wp-content\/uploads\/2021\/09\/esin-2.jpg\",\"contentUrl\":\"https:\/\/www.esin.av.tr\/wp-content\/uploads\/2021\/09\/esin-2.jpg\",\"width\":800,\"height\":460,\"caption\":\"Esin Avukatl\u0131k Ortakl\u0131\u011f\u0131\"},\"image\":{\"@id\":\"https:\/\/www.esin.av.tr\/tr\/#\/schema\/logo\/image\/\"}},{\"@type\":\"Person\",\"@id\":\"https:\/\/www.esin.av.tr\/tr\/#\/schema\/person\/42c8e616aab56b8622fa365ad63282ae\",\"name\":\"R\u0131dvan Konrat\",\"image\":{\"@type\":\"ImageObject\",\"inLanguage\":\"tr\",\"@id\":\"https:\/\/www.esin.av.tr\/tr\/#\/schema\/person\/image\/\",\"url\":\"https:\/\/secure.gravatar.com\/avatar\/b20c6c583be38ed4e76e32f69fccc676?s=96&d=mm&r=g\",\"contentUrl\":\"https:\/\/secure.gravatar.com\/avatar\/b20c6c583be38ed4e76e32f69fccc676?s=96&d=mm&r=g\",\"caption\":\"R\u0131dvan Konrat\"},\"sameAs\":[\"http:\/\/www.esin.av.tr\"],\"url\":\"https:\/\/www.esin.av.tr\/tr\/author\/rkonrat\/\"}]}<\/script>\n<!-- \/ Yoast SEO plugin. -->","yoast_head_json":{"title":"COVID-19 D\u00f6neminde \u0130\u00e7 Soru\u015fturmalar","description":"TE\u0130D i\u015fbirli\u011fi ile 15 Haziran 2020 Pazartesi g\u00fcn\u00fc 14:00 ila 15:30 aras\u0131nda Zoom arac\u0131l\u0131\u011f\u0131yla Av. Birt\u00fcrk Ayd\u0131n'\u0131n konu\u015fmac\u0131 olarak kat\u0131l\u0131m\u0131yla","robots":{"index":"index","follow":"follow","max-snippet":"max-snippet:-1","max-image-preview":"max-image-preview:large","max-video-preview":"max-video-preview:-1"},"canonical":"https:\/\/www.esin.av.tr\/tr\/2020\/06\/03\/covid-19-doneminde-ic-sorusturmalar\/","og_locale":"tr_TR","og_type":"article","og_title":"COVID-19 D\u00f6neminde \u0130\u00e7 Soru\u015fturmalar","og_description":"TE\u0130D i\u015fbirli\u011fi ile 15 Haziran 2020 Pazartesi g\u00fcn\u00fc 14:00 ila 15:30 aras\u0131nda Zoom arac\u0131l\u0131\u011f\u0131yla Av. Birt\u00fcrk Ayd\u0131n'\u0131n konu\u015fmac\u0131 olarak kat\u0131l\u0131m\u0131yla","og_url":"https:\/\/www.esin.av.tr\/tr\/2020\/06\/03\/covid-19-doneminde-ic-sorusturmalar\/","og_site_name":"Esin Avukatl\u0131k Ortakl\u0131\u011f\u0131","article_published_time":"2020-06-03T14:46:26+00:00","article_modified_time":"2022-06-09T13:06:34+00:00","author":"R\u0131dvan Konrat","twitter_card":"summary_large_image","twitter_misc":{"Written by":"R\u0131dvan Konrat","Est. reading time":"2 minutes"},"schema":{"@context":"https:\/\/schema.org","@graph":[{"@type":"Article","@id":"https:\/\/www.esin.av.tr\/tr\/2020\/06\/03\/covid-19-doneminde-ic-sorusturmalar\/#article","isPartOf":{"@id":"https:\/\/www.esin.av.tr\/tr\/2020\/06\/03\/covid-19-doneminde-ic-sorusturmalar\/"},"author":{"name":"R\u0131dvan Konrat","@id":"https:\/\/www.esin.av.tr\/tr\/#\/schema\/person\/42c8e616aab56b8622fa365ad63282ae"},"headline":"COVID-19 D\u00f6neminde \u0130\u00e7 Soru\u015fturmalar","datePublished":"2020-06-03T14:46:26+00:00","dateModified":"2022-06-09T13:06:34+00:00","mainEntityOfPage":{"@id":"https:\/\/www.esin.av.tr\/tr\/2020\/06\/03\/covid-19-doneminde-ic-sorusturmalar\/"},"wordCount":306,"publisher":{"@id":"https:\/\/www.esin.av.tr\/tr\/#organization"},"articleSection":["Webinarlar","Covid-19"],"inLanguage":"tr"},{"@type":"WebPage","@id":"https:\/\/www.esin.av.tr\/tr\/2020\/06\/03\/covid-19-doneminde-ic-sorusturmalar\/","url":"https:\/\/www.esin.av.tr\/tr\/2020\/06\/03\/covid-19-doneminde-ic-sorusturmalar\/","name":"COVID-19 D\u00f6neminde \u0130\u00e7 Soru\u015fturmalar","isPartOf":{"@id":"https:\/\/www.esin.av.tr\/tr\/#website"},"datePublished":"2020-06-03T14:46:26+00:00","dateModified":"2022-06-09T13:06:34+00:00","description":"TE\u0130D i\u015fbirli\u011fi ile 15 Haziran 2020 Pazartesi g\u00fcn\u00fc 14:00 ila 15:30 aras\u0131nda Zoom arac\u0131l\u0131\u011f\u0131yla Av. Birt\u00fcrk Ayd\u0131n'\u0131n konu\u015fmac\u0131 olarak kat\u0131l\u0131m\u0131yla","breadcrumb":{"@id":"https:\/\/www.esin.av.tr\/tr\/2020\/06\/03\/covid-19-doneminde-ic-sorusturmalar\/#breadcrumb"},"inLanguage":"tr","potentialAction":[{"@type":"ReadAction","target":["https:\/\/www.esin.av.tr\/tr\/2020\/06\/03\/covid-19-doneminde-ic-sorusturmalar\/"]}]},{"@type":"BreadcrumbList","@id":"https:\/\/www.esin.av.tr\/tr\/2020\/06\/03\/covid-19-doneminde-ic-sorusturmalar\/#breadcrumb","itemListElement":[{"@type":"ListItem","position":1,"name":"Home","item":"https:\/\/www.esin.av.tr\/tr\/"},{"@type":"ListItem","position":2,"name":"COVID-19 D\u00f6neminde \u0130\u00e7 Soru\u015fturmalar"}]},{"@type":"WebSite","@id":"https:\/\/www.esin.av.tr\/tr\/#website","url":"https:\/\/www.esin.av.tr\/tr\/","name":"Esin Avukatl\u0131k Ortakl\u0131\u011f\u0131","description":"","publisher":{"@id":"https:\/\/www.esin.av.tr\/tr\/#organization"},"potentialAction":[{"@type":"SearchAction","target":{"@type":"EntryPoint","urlTemplate":"https:\/\/www.esin.av.tr\/tr\/?s={search_term_string}"},"query-input":{"@type":"PropertyValueSpecification","valueRequired":true,"valueName":"search_term_string"}}],"inLanguage":"tr"},{"@type":"Organization","@id":"https:\/\/www.esin.av.tr\/tr\/#organization","name":"Esin Avukatl\u0131k Ortakl\u0131\u011f\u0131","url":"https:\/\/www.esin.av.tr\/tr\/","logo":{"@type":"ImageObject","inLanguage":"tr","@id":"https:\/\/www.esin.av.tr\/tr\/#\/schema\/logo\/image\/","url":"https:\/\/www.esin.av.tr\/wp-content\/uploads\/2021\/09\/esin-2.jpg","contentUrl":"https:\/\/www.esin.av.tr\/wp-content\/uploads\/2021\/09\/esin-2.jpg","width":800,"height":460,"caption":"Esin Avukatl\u0131k Ortakl\u0131\u011f\u0131"},"image":{"@id":"https:\/\/www.esin.av.tr\/tr\/#\/schema\/logo\/image\/"}},{"@type":"Person","@id":"https:\/\/www.esin.av.tr\/tr\/#\/schema\/person\/42c8e616aab56b8622fa365ad63282ae","name":"R\u0131dvan Konrat","image":{"@type":"ImageObject","inLanguage":"tr","@id":"https:\/\/www.esin.av.tr\/tr\/#\/schema\/person\/image\/","url":"https:\/\/secure.gravatar.com\/avatar\/b20c6c583be38ed4e76e32f69fccc676?s=96&d=mm&r=g","contentUrl":"https:\/\/secure.gravatar.com\/avatar\/b20c6c583be38ed4e76e32f69fccc676?s=96&d=mm&r=g","caption":"R\u0131dvan Konrat"},"sameAs":["http:\/\/www.esin.av.tr"],"url":"https:\/\/www.esin.av.tr\/tr\/author\/rkonrat\/"}]}},"_links":{"self":[{"href":"https:\/\/www.esin.av.tr\/tr\/wp-json\/wp\/v2\/posts\/16475","targetHints":{"allow":["GET"]}}],"collection":[{"href":"https:\/\/www.esin.av.tr\/tr\/wp-json\/wp\/v2\/posts"}],"about":[{"href":"https:\/\/www.esin.av.tr\/tr\/wp-json\/wp\/v2\/types\/post"}],"author":[{"embeddable":true,"href":"https:\/\/www.esin.av.tr\/tr\/wp-json\/wp\/v2\/users\/4"}],"replies":[{"embeddable":true,"href":"https:\/\/www.esin.av.tr\/tr\/wp-json\/wp\/v2\/comments?post=16475"}],"version-history":[{"count":2,"href":"https:\/\/www.esin.av.tr\/tr\/wp-json\/wp\/v2\/posts\/16475\/revisions"}],"predecessor-version":[{"id":16479,"href":"https:\/\/www.esin.av.tr\/tr\/wp-json\/wp\/v2\/posts\/16475\/revisions\/16479"}],"wp:attachment":[{"href":"https:\/\/www.esin.av.tr\/tr\/wp-json\/wp\/v2\/media?parent=16475"}],"wp:term":[{"taxonomy":"category","embeddable":true,"href":"https:\/\/www.esin.av.tr\/tr\/wp-json\/wp\/v2\/categories?post=16475"},{"taxonomy":"post_tag","embeddable":true,"href":"https:\/\/www.esin.av.tr\/tr\/wp-json\/wp\/v2\/tags?post=16475"}],"curies":[{"name":"wp","href":"https:\/\/api.w.org\/{rel}","templated":true}]}}