{"id":16388,"date":"2020-05-18T11:34:11","date_gmt":"2020-05-18T11:34:11","guid":{"rendered":"https:\/\/www.esin.av.tr\/?p=16388"},"modified":"2022-06-09T13:01:52","modified_gmt":"2022-06-09T13:01:52","slug":"covid-19-doneminde-nakit-yonetimi-turk-sirketler-icin-alternatif-finansman-yontemleri","status":"publish","type":"post","link":"https:\/\/www.esin.av.tr\/tr\/2020\/05\/18\/covid-19-doneminde-nakit-yonetimi-turk-sirketler-icin-alternatif-finansman-yontemleri\/","title":{"rendered":"COVID-19 D\u00f6neminde Nakit Y\u00f6netimi: T\u00fcrk \u015eirketler i\u00e7in Alternatif Finansman Y\u00f6ntemleri"},"content":{"rendered":"<p><strong>Giri\u015f<\/strong><\/p>\n<p>COVID-19, t\u00fcm d\u00fcnyada oldu\u011fu gibi \u00fclkemizde de etkisini g\u00f6stermektedir ve \u015firketlerin g\u00fcndemindeki en \u00f6nemli konu haline gelmi\u015ftir. Nakit ak\u0131\u015f\u0131ndaki kopukluklar ve geleneksel finansman kaynaklar\u0131n\u0131n daralmas\u0131, alternatif finansman y\u00f6ntemlerinin, \u015firketlerin g\u00fcndemlerinin en tepesine eklenmesini gerektirecek.<\/p>\n<p><em><strong><u>Sermaye Piyasalar\u0131<\/u><\/strong><\/em><\/p>\n<p>Mevcut piyasa ko\u015fullar\u0131 g\u00f6z \u00f6n\u00fcne al\u0131nd\u0131\u011f\u0131nda, \u015firketler i\u00e7in yeni halka arzlar veya geleneksel tahvil ihra\u00e7lar\u0131 reva\u00e7ta olan alternatifler olarak g\u00f6r\u00fclmeyecek. Ancak \u015firketlerin, sermaye piyasalar\u0131nda finansman i\u00e7in ba\u015fvurabilece\u011fi pek \u00e7ok di\u011fer alternatif bulundu\u011fu unutulmamal\u0131.<\/p>\n<p><u>Sermaye Katk\u0131s\u0131<\/u><\/p>\n<p>Sermaye katk\u0131s\u0131, r\u00fc\u00e7han haklar\u0131n\u0131n k\u0131s\u0131tlanmad\u0131\u011f\u0131 sermaye art\u0131\u015f\u0131 veya r\u00fc\u00e7han haklar\u0131n\u0131n k\u0131smen veya tamamen k\u0131s\u0131tland\u0131\u011f\u0131 sermaye art\u0131\u015f\u0131 yoluyla yap\u0131labilir.<\/p>\n<p>R\u00fc\u00e7han haklar\u0131n\u0131n k\u0131s\u0131tlanmad\u0131\u011f\u0131 sermaye art\u0131\u015f\u0131nda t\u00fcm hissedarlar, hisseleri oran\u0131nda sermaye art\u0131\u015f\u0131na kat\u0131lma hakk\u0131na sahiptir. Bu \u015fekilde art\u0131\u015f, izahname haz\u0131rlanmas\u0131 ve izahnamenin Sermaye Piyasas\u0131 Kurulu (&#8220;<strong>SPK<\/strong>&#8220;) taraf\u0131ndan onaylanmas\u0131n\u0131 gerektirir. T\u00fcm hissedarlara yeni paylar\u0131 hisseleri oran\u0131nda alma hakk\u0131 veren r\u00fc\u00e7han hakk\u0131, ayr\u0131ca sat\u0131labilir bir hakt\u0131r.<\/p>\n<p>R\u00fc\u00e7han hakk\u0131n\u0131n k\u0131s\u0131tland\u0131\u011f\u0131 sermaye art\u0131\u015f\u0131, yeni paylar halka arz edilmeksizin nitelikli yat\u0131r\u0131mc\u0131lara sat\u0131\u015f ve tahsisli sat\u0131\u015f yoluyla yap\u0131labilir. Bu art\u0131\u015f y\u00f6nteminde ihra\u00e7\u00e7\u0131n\u0131n izahname haz\u0131rlamas\u0131 gerekmezken; ihra\u00e7 belgesi haz\u0131rlanmas\u0131 ve SPK&#8217;ya onaylat\u0131lmas\u0131 gerekmektedir.<\/p>\n<p>Sermaye art\u0131\u015f\u0131n\u0131n ayr\u0131ca r\u00fc\u00e7han haklar\u0131 tamamen k\u0131s\u0131tlan\u0131p, yeni paylar\u0131n halka arz edilerek yap\u0131lmas\u0131 da m\u00fcmk\u00fcnd\u00fcr. Bu y\u00f6ntemde izahname haz\u0131rlan\u0131p SPK&#8217;ya onaylat\u0131lmas\u0131 gerekir.<\/p>\n<p><u>Paya D\u00f6n\u00fc\u015ft\u00fcrebilir Tahviller<\/u><\/p>\n<p>Paya d\u00f6n\u00fc\u015ft\u00fcrebilir tahviller, tahvil sahiplerine vade sonunda ellerinde bulunan tahvili hisseye d\u00f6n\u00fc\u015ft\u00fcrme hakk\u0131 veren bor\u00e7lanma ara\u00e7lar\u0131d\u0131r. Bu nedenle paya d\u00f6n\u00fc\u015ft\u00fcr\u00fclebilir tahviller hibrit bor\u00e7lanma ara\u00e7lar\u0131 olarak kabul edilmektedir.<\/p>\n<p>\u015eirketler, vadesi bir y\u0131ldan az olmamak ko\u015fuluyla paya d\u00f6n\u00fc\u015ft\u00fcrebilir tahvilleri; halka arz, nitelikli yat\u0131r\u0131mc\u0131lara sat\u0131\u015f veya tahsisli sat\u0131\u015f olarak piyasaya s\u00fcrebilir.<\/p>\n<p>Paya d\u00f6n\u00fc\u015ft\u00fcrebilir tahvilin faiz oran\u0131 geleneksel tahvillere oranla genellikle daha d\u00fc\u015f\u00fckt\u00fcr. Zira paya d\u00f6n\u00fc\u015ft\u00fcr\u00fclebilir tahvil, sahibine vade sonunda tahvilini hisseye d\u00f6n\u00fc\u015ft\u00fcrme imk\u00e2n\u0131 sa\u011flamakta ve bu sayede tahvil sahibi, hem \u015firket de\u011ferinin art\u0131\u015f\u0131 ile yarar sa\u011flayabilmekte hem de tahvilden faiz geliri elde etmektedir.<\/p>\n<p><u>Halka Kapal\u0131 \u015eirket ile Halka A\u00e7\u0131k \u015eirket Birle\u015fmeleri \/ Ters Birle\u015fmeler<\/u><\/p>\n<p>Halka kapal\u0131 ve finansman yap\u0131s\u0131 g\u00fc\u00e7l\u00fc bir \u015firketin, halka a\u00e7\u0131k di\u011fer bir \u015firketi devralmas\u0131 suretiyle birle\u015fmesi yoluyla da finansman sa\u011flanmas\u0131 g\u00fcndeme gelebilir.<\/p>\n<p>Toplam sermaye birle\u015fme ile art\u0131r\u0131lm\u0131\u015f olacak ve mevcut piyasa dalgalanmalar\u0131ndan en az \u015fekilde etkilenmesi sa\u011flanacakt\u0131r.<\/p>\n<p>Bu sayede halka kapal\u0131 \u015firketler, klasik bir halka arz s\u00fcreci izlemeden halka a\u00e7\u0131lm\u0131\u015f olacakt\u0131r. Normal \u015fartlar alt\u0131nda halka a\u00e7\u0131k bir \u015firketin halk arz yolu ile sermaye art\u0131r\u0131m\u0131 s\u00fcreci veya ikincil halka arz\u0131n\u0131n ger\u00e7ekle\u015fmesi aylar s\u00fcrse de, ters birle\u015fmelerin tamamlanmas\u0131 bundan \u00e7ok daha k\u0131sa s\u00fcrede m\u00fcmk\u00fcn olmaktad\u0131r. Bu sayede s\u00fcre\u00e7 y\u00f6netiminden ve harcanacak enerjiden tasarruf sa\u011flanacak ve \u015firketlerin yeniden organizasyonu ile operasyonel masraflar\u0131n azalt\u0131lmas\u0131 ve merkezi y\u00f6netimin g\u00fc\u00e7lendirilmesi i\u00e7in yeterli zaman ayr\u0131lacakt\u0131r.<\/p>\n<p><u>Paya Dayal\u0131 Kitle Fonlamas\u0131<\/u><\/p>\n<p>Paya dayal\u0131 kitle fonlamas\u0131nda \u015firketler, finansmana ihtiya\u00e7 duyulan tutar kar\u015f\u0131l\u0131\u011f\u0131nda \u015firket hisselerinin bir k\u0131sm\u0131n\u0131 sat\u0131\u015fa sunarak finansman sa\u011flamaktad\u0131r.<\/p>\n<p>Kitle fonlamas\u0131 i\u015flemleri, SPK taraf\u0131ndan yetkilendirilmi\u015f olan kitle fonlama platformlar\u0131 arac\u0131l\u0131\u011f\u0131yla sa\u011flan\u0131r.<\/p>\n<p>Kitle fonlamas\u0131 ile finansman sa\u011flamak isteyen \u015firketlerin, teknoloji veya \u00fcretim faaliyetlerinde bulunan ve son be\u015f y\u0131l i\u00e7inde kurulan \u015firketler olmas\u0131 gerekmektedir.<\/p>\n<p>Kitle fonlamas\u0131 ile ilgili daha geni\u015f bilgi almak i\u00e7in \u201c<strong><u><a href=\"https:\/\/urldefense.com\/v3\/__https:\/esinxchange.com\/collect\/click.aspx?u=MUdNTEtNSmlPNFNjWWkxb00rclFmR1RTR1RQZEJnQVNiNVBCNHl4UHhlNTBiMzQ0dnE5dGxKRVhQamlSRy9hbzVVbEdxNndCV1RPWVRYSHNKbVM2bGcveVF4L2V2SzhuVEhRVGdFNUN1dXVXcTQwQmhTZFo4MGFRbkpaMmV1OUFUeGdyTzlmYU8xREdUSFhpcG1yc28raVpIa0NUajc2SElzb01BekduRy95d1JJc3pwWFZ3VEE9PQ==&amp;rh=ff00614ee26e1b701bf4c248c34797ba745d2fb3__;!!Hj9Y_P0nvg!GACUVu3r2GEeSbo6o_1UgAZUooqVrBmN0B1GgKG6qphKp59QNWETzjktGCHq0L_zk48N$\">Paya Dayal\u0131 Kitle Fonlamas\u0131: Yat\u0131r\u0131mc\u0131lar \u0130\u00e7in Alternatif Bir Y\u00f6ntem<\/a><\/u><\/strong>\u201d adl\u0131 mevzuat b\u00fcltenimize g\u00f6z atabilirsiniz.<\/p>\n<p><u>Varl\u0131\u011fa veya \u0130pote\u011fe Dayal\u0131 Menkul K\u0131ymetler<\/u><\/p>\n<p>Genellikle, finans kurulu\u015flar\u0131 taraf\u0131ndan tercih edilen bu finansman y\u00f6ntemi uzun vadeli teminatl\u0131 veya teminats\u0131z alacaklara kar\u015f\u0131l\u0131k olarak bor\u00e7lanma arac\u0131 \u00e7\u0131karma imk\u00e2n\u0131 sunmaktad\u0131r.<\/p>\n<p>Tahvillerin teminat\u0131 baz\u0131 alacaklar oldu\u011fundan s\u00f6z konusu menkul k\u0131ymetler, yat\u0131r\u0131mc\u0131lar i\u00e7in risk oran\u0131 d\u00fc\u015f\u00fck olan bir yat\u0131r\u0131m arac\u0131d\u0131r.<\/p>\n<p>Mal ve hizmet \u00fcretimi faaliyetlerinde bulunan \u015firketler, b\u00f6ylece uzun vadeli birtak\u0131m alacaklar\u0131n\u0131 varl\u0131\u011fa dayal\u0131 menkul k\u0131ymet fonlar\u0131 arac\u0131l\u0131\u011f\u0131yla vadesinden \u00f6nce nakde d\u00f6n\u00fc\u015ft\u00fcrme imk\u00e2n\u0131na sahip olacaklar.<\/p>\n<p><em><strong><u>Finans Piyasalar\u0131<\/u><\/strong><\/em><\/p>\n<p>\u015eirketlerin, h\u0131zl\u0131 bir \u015fekilde finansmana ula\u015fma ihtiyac\u0131 nedeniyle sermaye piyasas\u0131 enstr\u00fcmanlar\u0131 yerine finans piyasas\u0131ndaki alternatif ara\u00e7lara da y\u00f6nelmeleri s\u00f6z konusu olabilecektir. Bu kapsamda \u015firketler, mevcut bor\u00e7lar\u0131n\u0131 yeniden yap\u0131land\u0131rmay\u0131, faktoring ve di\u011fer alacak finansman\u0131 i\u015flemlerini veya grup i\u00e7i bor\u00e7lanmay\u0131 da bir se\u00e7enek olarak tercih edebilir.<\/p>\n<p><u>Alacak Finansman\u0131: Faktoring ve Fatura \u0130skontosu<\/u><\/p>\n<p>Mal ve hizmet \u00fcretimi ve sat\u0131\u015f\u0131 yapan \u015firketlerin k\u0131sa vadeli nakit ihtiya\u00e7lar\u0131n\u0131 kar\u015f\u0131lamak i\u00e7in uzun vadeli olan alacaklar\u0131n\u0131 faktoring kurulu\u015flar\u0131 ve bankalara satmas\u0131, her zaman tercih edilebilecek bir yoldur.<\/p>\n<p>Bu t\u00fcr alacak finansman\u0131 i\u015flemleri, k\u0131sa vadede nakit ak\u0131\u015f\u0131n\u0131n sa\u011flanmas\u0131 ve bu yolla \u00f6demeler dengesinin kurulmas\u0131n\u0131 sa\u011flar. Ayn\u0131 zamanda s\u00f6z konusu alacaklar\u0131n tahsilat y\u00f6netimi i\u00e7in yap\u0131lacak masraflar ve gerekli i\u015fg\u00fcc\u00fcnden de tasarruf ettirir.<\/p>\n<p>\u00c7ok say\u0131da tedarik\u00e7isi olan b\u00fcy\u00fck \u015firketler de sahip olduklar\u0131 kredibiliteyi ve finansal kurulu\u015f ili\u015fkilerini, tedarik\u00e7ilerinin alacaklar\u0131n\u0131 vadesinden \u00f6nce sat\u0131p nakde \u00e7evirebilece\u011fi tedarik\u00e7i finansman\u0131 program\u0131 kurmada kullanabilir. Bu sayede, daha k\u00fc\u00e7\u00fck \u00e7apl\u0131 tedarik\u00e7ilerinin nakit ak\u0131\u015f\u0131 optimize edilerek, tedarik zincirinin s\u0131hhati sa\u011flan\u0131r.<\/p>\n<p><u>Grup \u0130\u00e7i Bor\u00e7lanma<\/u><\/p>\n<p>\u015eirketlerin nakit ak\u0131\u015f dengesinin sa\u011flanmas\u0131, d\u00fc\u015f\u00fck masrafl\u0131 ve h\u0131zl\u0131 bir \u015fekilde finansman olu\u015fturulmas\u0131 i\u00e7in grup i\u00e7i bor\u00e7lanma ihtimali de s\u00f6z konusu olabilecek.<\/p>\n<p>T\u00fcrk \u015firketleri grup \u015firketlerine kredi kulland\u0131ramad\u0131\u011f\u0131 ve yurt d\u0131\u015f\u0131ndan kullan\u0131lacak grup i\u00e7i krediler \u00e7e\u015fitli d\u00f6vizle bor\u00e7lanma s\u0131n\u0131rlamas\u0131na tabi oldu\u011fu i\u00e7in i\u015flemin detayl\u0131 olarak de\u011ferlendirilmesi ve k\u0131s\u0131tlamalara uygun \u015fekilde yap\u0131land\u0131r\u0131lmas\u0131 gerekecek.<\/p>\n<p><u>Finansal Yeniden Yap\u0131land\u0131rma<\/u><\/p>\n<p>\u015eirketlerin, mali yap\u0131lar\u0131n\u0131n g\u00fc\u00e7lendirilmesi ad\u0131na en \u00f6nemli alternatiflerden biri de finansal yeniden yap\u0131land\u0131rmad\u0131r.<\/p>\n<p>Finansal yeniden yap\u0131land\u0131rma, mali s\u0131k\u0131nt\u0131 ya\u015fayan \u015firketlere bir\u00e7ok fayda sa\u011flar. \u015eirketler; kredilerinin vadelerinin uzat\u0131lmas\u0131, kredilerin yenilenmesi, faiz veya anaparadan vazge\u00e7ilmesi gibi bir\u00e7ok yap\u0131land\u0131rma arac\u0131 ile nakit ak\u0131\u015flar\u0131n\u0131 dengeleyebilecek.<\/p>\n<p>Yeniden yap\u0131land\u0131rma kapsam\u0131ndaki i\u015flemler ve ile haz\u0131rlanacak belgeler, damga vergisi, kaynak kullan\u0131m\u0131 destekleme fonu, banka ve sigorta muameleleri vergisi ve di\u011fer resim ve har\u00e7lardan muaf olmak da d\u00e2hil, ancak bunlarla s\u0131n\u0131rl\u0131 olmamak \u00fczere bir\u00e7ok vergi istisnas\u0131ndan da yararlanacak.<\/p>\n<p>Finansal yeniden yap\u0131land\u0131rmayla ilgili daha geni\u015f bilgi almak i\u00e7in <strong><u><a href=\"https:\/\/urldefense.com\/v3\/__https:\/esinxchange.com\/collect\/click.aspx?u=MUdNTEtNSmlPNFNjWWkxb00rclFmR1RTR1RQZEJnQVNiNVBCNHl4UHhlNTBiMzQ0dnE5dGxKRVhQamlSRy9hb0VKeFIwaVI4Sm02S0hGV0pRdzROd3poU0ZmRHBJRzIwZU9FcUFBNkdwSWx5Q20rbmZ1QnBnUkJjTzVHYW16OW1xZ2FjY0lqUzhRVVZaNm9UbnVENWkvbUJMMFVyOHRDVmk5dWt4MkVrVUJzM2ZRK2QwamNXRk4raUI0SFNZcGxxR3lvOHVGVml0dHRGa0t2Q0U4bjl6dz09&amp;rh=ff00614ee26e1b701bf4c248c34797ba745d2fb3__;!!Hj9Y_P0nvg!GACUVu3r2GEeSbo6o_1UgAZUooqVrBmN0B1GgKG6qphKp59QNWETzjktGCHq0O3hYJgP$\">yap\u0131land\u0131rmaya ili\u015fkin mevzuat b\u00fcltenlerimizi<\/a><\/u><\/strong> inceleyebilirsiniz.<\/p>\n<p><strong>Sonu\u00e7<\/strong><\/p>\n<p>Yeni normalin sadece finans piyasalar\u0131nda de\u011fil d\u00fcnya \u00fczerinde konu\u015fuldu\u011fu bir ortamda \u015firketlerin, finansman se\u00e7eneklerini yeniden g\u00f6zden ge\u00e7irmesi, finans ve hukuk dan\u0131\u015fmanlar\u0131 ile mali yap\u0131lar\u0131 ve y\u00fck\u00fcml\u00fcl\u00fcklerinin de\u011ferlendirmesi ve yeni normal kapsam\u0131ndaki ad\u0131mlar\u0131 bir an \u00f6nce atmas\u0131 gerekecek.<\/p>\n<p><strong>COVID-19 salg\u0131n\u0131 ile ilgili hukuki d\u00fczenlemelerle ilgili bilgilere <\/strong><a href=\"https:\/\/urldefense.com\/v3\/__https:\/esinxchange.com\/collect\/click.aspx?u=ZE9tY0p0YUNLTmt4TkhVeXF4UFNPUkgwV2ZmSlhhY2JReVpjY0xNbldLYmFoVllNV25zRHUzZnVhd0dTQS9sWGZKSHM4a0Rqc3R4V2d2Ym1FcmJpNVFCbWtmU05kTU5j&amp;rh=ff005f13e061a310c0e56622ef41bd806c46eb5c__;!!Hj9Y_P0nvg!AsO5e9VQh8Zoqx5O5JiylnO7xIep-89L7TO3OWYTi_MUr391q6BB5z8Xdqj7jUAaxerrcw$\"><strong>Esin Avukatl\u0131k Ortakl\u0131\u011f\u0131 Coronavir\u00fcs Masas\u0131<\/strong><\/a><strong>&#8216;ndan ula\u015fabilirsiniz.<\/strong><\/p>\n","protected":false},"excerpt":{"rendered":"<p>Giri\u015f COVID-19, t\u00fcm d\u00fcnyada oldu\u011fu gibi \u00fclkemizde de etkisini g\u00f6stermektedir ve \u015firketlerin g\u00fcndemindeki en \u00f6nemli konu haline gelmi\u015ftir. Nakit ak\u0131\u015f\u0131ndaki [&hellip;]<\/p>\n","protected":false},"author":4,"featured_media":0,"comment_status":"closed","ping_status":"closed","sticky":false,"template":"","format":"standard","meta":{"_acf_changed":false,"_stopmodifiedupdate":false,"_modified_date":"","footnotes":""},"categories":[120,149],"tags":[90,97],"class_list":["post-16388","post","type-post","status-publish","format-standard","hentry","category-legal-alerts","category-covid-19-tr","tag-banking-finance-tr","tag-capital-markets-tr"],"acf":[],"yoast_head":"<!-- This site is optimized with the Yoast SEO plugin v24.0 - https:\/\/yoast.com\/wordpress\/plugins\/seo\/ -->\n<title>COVID-19 D\u00f6neminde Nakit Y\u00f6netimi: T\u00fcrk \u015eirketler i\u00e7in Alternatif Finansman Y\u00f6ntemleri<\/title>\n<meta name=\"description\" content=\"Giri\u015f COVID-19, t\u00fcm d\u00fcnyada oldu\u011fu gibi \u00fclkemizde de etkisini g\u00f6stermektedir ve \u015firketlerin g\u00fcndemindeki en \u00f6nemli konu haline gelmi\u015ftir. Nakit ak\u0131\u015f\u0131ndaki\" \/>\n<meta name=\"robots\" content=\"index, follow, max-snippet:-1, max-image-preview:large, max-video-preview:-1\" \/>\n<link rel=\"canonical\" href=\"https:\/\/www.esin.av.tr\/tr\/2020\/05\/18\/covid-19-doneminde-nakit-yonetimi-turk-sirketler-icin-alternatif-finansman-yontemleri\/\" \/>\n<meta property=\"og:locale\" content=\"tr_TR\" \/>\n<meta property=\"og:type\" content=\"article\" \/>\n<meta property=\"og:title\" content=\"COVID-19 D\u00f6neminde Nakit Y\u00f6netimi: T\u00fcrk \u015eirketler i\u00e7in Alternatif Finansman Y\u00f6ntemleri\" \/>\n<meta property=\"og:description\" content=\"Giri\u015f COVID-19, t\u00fcm d\u00fcnyada oldu\u011fu gibi \u00fclkemizde de etkisini g\u00f6stermektedir ve \u015firketlerin g\u00fcndemindeki en \u00f6nemli konu haline gelmi\u015ftir. Nakit ak\u0131\u015f\u0131ndaki\" \/>\n<meta property=\"og:url\" content=\"https:\/\/www.esin.av.tr\/tr\/2020\/05\/18\/covid-19-doneminde-nakit-yonetimi-turk-sirketler-icin-alternatif-finansman-yontemleri\/\" \/>\n<meta property=\"og:site_name\" content=\"Esin Avukatl\u0131k Ortakl\u0131\u011f\u0131\" \/>\n<meta property=\"article:published_time\" content=\"2020-05-18T11:34:11+00:00\" \/>\n<meta property=\"article:modified_time\" content=\"2022-06-09T13:01:52+00:00\" \/>\n<meta name=\"author\" content=\"R\u0131dvan Konrat\" \/>\n<meta name=\"twitter:card\" content=\"summary_large_image\" \/>\n<meta name=\"twitter:label1\" content=\"Written by\" \/>\n\t<meta name=\"twitter:data1\" content=\"R\u0131dvan Konrat\" \/>\n\t<meta name=\"twitter:label2\" content=\"Est. reading time\" \/>\n\t<meta name=\"twitter:data2\" content=\"6 minutes\" \/>\n<script type=\"application\/ld+json\" class=\"yoast-schema-graph\">{\"@context\":\"https:\/\/schema.org\",\"@graph\":[{\"@type\":\"Article\",\"@id\":\"https:\/\/www.esin.av.tr\/tr\/2020\/05\/18\/covid-19-doneminde-nakit-yonetimi-turk-sirketler-icin-alternatif-finansman-yontemleri\/#article\",\"isPartOf\":{\"@id\":\"https:\/\/www.esin.av.tr\/tr\/2020\/05\/18\/covid-19-doneminde-nakit-yonetimi-turk-sirketler-icin-alternatif-finansman-yontemleri\/\"},\"author\":{\"name\":\"R\u0131dvan Konrat\",\"@id\":\"https:\/\/www.esin.av.tr\/tr\/#\/schema\/person\/42c8e616aab56b8622fa365ad63282ae\"},\"headline\":\"COVID-19 D\u00f6neminde Nakit Y\u00f6netimi: T\u00fcrk \u015eirketler i\u00e7in Alternatif Finansman Y\u00f6ntemleri\",\"datePublished\":\"2020-05-18T11:34:11+00:00\",\"dateModified\":\"2022-06-09T13:01:52+00:00\",\"mainEntityOfPage\":{\"@id\":\"https:\/\/www.esin.av.tr\/tr\/2020\/05\/18\/covid-19-doneminde-nakit-yonetimi-turk-sirketler-icin-alternatif-finansman-yontemleri\/\"},\"wordCount\":1312,\"publisher\":{\"@id\":\"https:\/\/www.esin.av.tr\/tr\/#organization\"},\"keywords\":[\"Bankac\u0131l\u0131k ve Finans\",\"Sermaye Piyasas\u0131 Hukuku\"],\"articleSection\":[\"Hukuk B\u00fcltenleri\",\"Covid-19\"],\"inLanguage\":\"tr\"},{\"@type\":\"WebPage\",\"@id\":\"https:\/\/www.esin.av.tr\/tr\/2020\/05\/18\/covid-19-doneminde-nakit-yonetimi-turk-sirketler-icin-alternatif-finansman-yontemleri\/\",\"url\":\"https:\/\/www.esin.av.tr\/tr\/2020\/05\/18\/covid-19-doneminde-nakit-yonetimi-turk-sirketler-icin-alternatif-finansman-yontemleri\/\",\"name\":\"COVID-19 D\u00f6neminde Nakit Y\u00f6netimi: T\u00fcrk \u015eirketler i\u00e7in Alternatif Finansman Y\u00f6ntemleri\",\"isPartOf\":{\"@id\":\"https:\/\/www.esin.av.tr\/tr\/#website\"},\"datePublished\":\"2020-05-18T11:34:11+00:00\",\"dateModified\":\"2022-06-09T13:01:52+00:00\",\"description\":\"Giri\u015f COVID-19, t\u00fcm d\u00fcnyada oldu\u011fu gibi \u00fclkemizde de etkisini g\u00f6stermektedir ve \u015firketlerin g\u00fcndemindeki en \u00f6nemli konu haline gelmi\u015ftir. Nakit ak\u0131\u015f\u0131ndaki\",\"breadcrumb\":{\"@id\":\"https:\/\/www.esin.av.tr\/tr\/2020\/05\/18\/covid-19-doneminde-nakit-yonetimi-turk-sirketler-icin-alternatif-finansman-yontemleri\/#breadcrumb\"},\"inLanguage\":\"tr\",\"potentialAction\":[{\"@type\":\"ReadAction\",\"target\":[\"https:\/\/www.esin.av.tr\/tr\/2020\/05\/18\/covid-19-doneminde-nakit-yonetimi-turk-sirketler-icin-alternatif-finansman-yontemleri\/\"]}]},{\"@type\":\"BreadcrumbList\",\"@id\":\"https:\/\/www.esin.av.tr\/tr\/2020\/05\/18\/covid-19-doneminde-nakit-yonetimi-turk-sirketler-icin-alternatif-finansman-yontemleri\/#breadcrumb\",\"itemListElement\":[{\"@type\":\"ListItem\",\"position\":1,\"name\":\"Home\",\"item\":\"https:\/\/www.esin.av.tr\/tr\/\"},{\"@type\":\"ListItem\",\"position\":2,\"name\":\"COVID-19 D\u00f6neminde Nakit Y\u00f6netimi: T\u00fcrk \u015eirketler i\u00e7in Alternatif Finansman Y\u00f6ntemleri\"}]},{\"@type\":\"WebSite\",\"@id\":\"https:\/\/www.esin.av.tr\/tr\/#website\",\"url\":\"https:\/\/www.esin.av.tr\/tr\/\",\"name\":\"Esin Avukatl\u0131k Ortakl\u0131\u011f\u0131\",\"description\":\"\",\"publisher\":{\"@id\":\"https:\/\/www.esin.av.tr\/tr\/#organization\"},\"potentialAction\":[{\"@type\":\"SearchAction\",\"target\":{\"@type\":\"EntryPoint\",\"urlTemplate\":\"https:\/\/www.esin.av.tr\/tr\/?s={search_term_string}\"},\"query-input\":{\"@type\":\"PropertyValueSpecification\",\"valueRequired\":true,\"valueName\":\"search_term_string\"}}],\"inLanguage\":\"tr\"},{\"@type\":\"Organization\",\"@id\":\"https:\/\/www.esin.av.tr\/tr\/#organization\",\"name\":\"Esin Avukatl\u0131k Ortakl\u0131\u011f\u0131\",\"url\":\"https:\/\/www.esin.av.tr\/tr\/\",\"logo\":{\"@type\":\"ImageObject\",\"inLanguage\":\"tr\",\"@id\":\"https:\/\/www.esin.av.tr\/tr\/#\/schema\/logo\/image\/\",\"url\":\"https:\/\/www.esin.av.tr\/wp-content\/uploads\/2021\/09\/esin-2.jpg\",\"contentUrl\":\"https:\/\/www.esin.av.tr\/wp-content\/uploads\/2021\/09\/esin-2.jpg\",\"width\":800,\"height\":460,\"caption\":\"Esin Avukatl\u0131k Ortakl\u0131\u011f\u0131\"},\"image\":{\"@id\":\"https:\/\/www.esin.av.tr\/tr\/#\/schema\/logo\/image\/\"}},{\"@type\":\"Person\",\"@id\":\"https:\/\/www.esin.av.tr\/tr\/#\/schema\/person\/42c8e616aab56b8622fa365ad63282ae\",\"name\":\"R\u0131dvan Konrat\",\"image\":{\"@type\":\"ImageObject\",\"inLanguage\":\"tr\",\"@id\":\"https:\/\/www.esin.av.tr\/tr\/#\/schema\/person\/image\/\",\"url\":\"https:\/\/secure.gravatar.com\/avatar\/b20c6c583be38ed4e76e32f69fccc676?s=96&d=mm&r=g\",\"contentUrl\":\"https:\/\/secure.gravatar.com\/avatar\/b20c6c583be38ed4e76e32f69fccc676?s=96&d=mm&r=g\",\"caption\":\"R\u0131dvan Konrat\"},\"sameAs\":[\"http:\/\/www.esin.av.tr\"],\"url\":\"https:\/\/www.esin.av.tr\/tr\/author\/rkonrat\/\"}]}<\/script>\n<!-- \/ Yoast SEO plugin. -->","yoast_head_json":{"title":"COVID-19 D\u00f6neminde Nakit Y\u00f6netimi: T\u00fcrk \u015eirketler i\u00e7in Alternatif Finansman Y\u00f6ntemleri","description":"Giri\u015f COVID-19, t\u00fcm d\u00fcnyada oldu\u011fu gibi \u00fclkemizde de etkisini g\u00f6stermektedir ve \u015firketlerin g\u00fcndemindeki en \u00f6nemli konu haline gelmi\u015ftir. Nakit ak\u0131\u015f\u0131ndaki","robots":{"index":"index","follow":"follow","max-snippet":"max-snippet:-1","max-image-preview":"max-image-preview:large","max-video-preview":"max-video-preview:-1"},"canonical":"https:\/\/www.esin.av.tr\/tr\/2020\/05\/18\/covid-19-doneminde-nakit-yonetimi-turk-sirketler-icin-alternatif-finansman-yontemleri\/","og_locale":"tr_TR","og_type":"article","og_title":"COVID-19 D\u00f6neminde Nakit Y\u00f6netimi: T\u00fcrk \u015eirketler i\u00e7in Alternatif Finansman Y\u00f6ntemleri","og_description":"Giri\u015f COVID-19, t\u00fcm d\u00fcnyada oldu\u011fu gibi \u00fclkemizde de etkisini g\u00f6stermektedir ve \u015firketlerin g\u00fcndemindeki en \u00f6nemli konu haline gelmi\u015ftir. Nakit ak\u0131\u015f\u0131ndaki","og_url":"https:\/\/www.esin.av.tr\/tr\/2020\/05\/18\/covid-19-doneminde-nakit-yonetimi-turk-sirketler-icin-alternatif-finansman-yontemleri\/","og_site_name":"Esin Avukatl\u0131k Ortakl\u0131\u011f\u0131","article_published_time":"2020-05-18T11:34:11+00:00","article_modified_time":"2022-06-09T13:01:52+00:00","author":"R\u0131dvan Konrat","twitter_card":"summary_large_image","twitter_misc":{"Written by":"R\u0131dvan Konrat","Est. reading time":"6 minutes"},"schema":{"@context":"https:\/\/schema.org","@graph":[{"@type":"Article","@id":"https:\/\/www.esin.av.tr\/tr\/2020\/05\/18\/covid-19-doneminde-nakit-yonetimi-turk-sirketler-icin-alternatif-finansman-yontemleri\/#article","isPartOf":{"@id":"https:\/\/www.esin.av.tr\/tr\/2020\/05\/18\/covid-19-doneminde-nakit-yonetimi-turk-sirketler-icin-alternatif-finansman-yontemleri\/"},"author":{"name":"R\u0131dvan Konrat","@id":"https:\/\/www.esin.av.tr\/tr\/#\/schema\/person\/42c8e616aab56b8622fa365ad63282ae"},"headline":"COVID-19 D\u00f6neminde Nakit Y\u00f6netimi: T\u00fcrk \u015eirketler i\u00e7in Alternatif Finansman Y\u00f6ntemleri","datePublished":"2020-05-18T11:34:11+00:00","dateModified":"2022-06-09T13:01:52+00:00","mainEntityOfPage":{"@id":"https:\/\/www.esin.av.tr\/tr\/2020\/05\/18\/covid-19-doneminde-nakit-yonetimi-turk-sirketler-icin-alternatif-finansman-yontemleri\/"},"wordCount":1312,"publisher":{"@id":"https:\/\/www.esin.av.tr\/tr\/#organization"},"keywords":["Bankac\u0131l\u0131k ve Finans","Sermaye Piyasas\u0131 Hukuku"],"articleSection":["Hukuk B\u00fcltenleri","Covid-19"],"inLanguage":"tr"},{"@type":"WebPage","@id":"https:\/\/www.esin.av.tr\/tr\/2020\/05\/18\/covid-19-doneminde-nakit-yonetimi-turk-sirketler-icin-alternatif-finansman-yontemleri\/","url":"https:\/\/www.esin.av.tr\/tr\/2020\/05\/18\/covid-19-doneminde-nakit-yonetimi-turk-sirketler-icin-alternatif-finansman-yontemleri\/","name":"COVID-19 D\u00f6neminde Nakit Y\u00f6netimi: T\u00fcrk \u015eirketler i\u00e7in Alternatif Finansman Y\u00f6ntemleri","isPartOf":{"@id":"https:\/\/www.esin.av.tr\/tr\/#website"},"datePublished":"2020-05-18T11:34:11+00:00","dateModified":"2022-06-09T13:01:52+00:00","description":"Giri\u015f COVID-19, t\u00fcm d\u00fcnyada oldu\u011fu gibi \u00fclkemizde de etkisini g\u00f6stermektedir ve \u015firketlerin g\u00fcndemindeki en \u00f6nemli konu haline gelmi\u015ftir. Nakit ak\u0131\u015f\u0131ndaki","breadcrumb":{"@id":"https:\/\/www.esin.av.tr\/tr\/2020\/05\/18\/covid-19-doneminde-nakit-yonetimi-turk-sirketler-icin-alternatif-finansman-yontemleri\/#breadcrumb"},"inLanguage":"tr","potentialAction":[{"@type":"ReadAction","target":["https:\/\/www.esin.av.tr\/tr\/2020\/05\/18\/covid-19-doneminde-nakit-yonetimi-turk-sirketler-icin-alternatif-finansman-yontemleri\/"]}]},{"@type":"BreadcrumbList","@id":"https:\/\/www.esin.av.tr\/tr\/2020\/05\/18\/covid-19-doneminde-nakit-yonetimi-turk-sirketler-icin-alternatif-finansman-yontemleri\/#breadcrumb","itemListElement":[{"@type":"ListItem","position":1,"name":"Home","item":"https:\/\/www.esin.av.tr\/tr\/"},{"@type":"ListItem","position":2,"name":"COVID-19 D\u00f6neminde Nakit Y\u00f6netimi: T\u00fcrk \u015eirketler i\u00e7in Alternatif Finansman Y\u00f6ntemleri"}]},{"@type":"WebSite","@id":"https:\/\/www.esin.av.tr\/tr\/#website","url":"https:\/\/www.esin.av.tr\/tr\/","name":"Esin Avukatl\u0131k Ortakl\u0131\u011f\u0131","description":"","publisher":{"@id":"https:\/\/www.esin.av.tr\/tr\/#organization"},"potentialAction":[{"@type":"SearchAction","target":{"@type":"EntryPoint","urlTemplate":"https:\/\/www.esin.av.tr\/tr\/?s={search_term_string}"},"query-input":{"@type":"PropertyValueSpecification","valueRequired":true,"valueName":"search_term_string"}}],"inLanguage":"tr"},{"@type":"Organization","@id":"https:\/\/www.esin.av.tr\/tr\/#organization","name":"Esin Avukatl\u0131k Ortakl\u0131\u011f\u0131","url":"https:\/\/www.esin.av.tr\/tr\/","logo":{"@type":"ImageObject","inLanguage":"tr","@id":"https:\/\/www.esin.av.tr\/tr\/#\/schema\/logo\/image\/","url":"https:\/\/www.esin.av.tr\/wp-content\/uploads\/2021\/09\/esin-2.jpg","contentUrl":"https:\/\/www.esin.av.tr\/wp-content\/uploads\/2021\/09\/esin-2.jpg","width":800,"height":460,"caption":"Esin Avukatl\u0131k Ortakl\u0131\u011f\u0131"},"image":{"@id":"https:\/\/www.esin.av.tr\/tr\/#\/schema\/logo\/image\/"}},{"@type":"Person","@id":"https:\/\/www.esin.av.tr\/tr\/#\/schema\/person\/42c8e616aab56b8622fa365ad63282ae","name":"R\u0131dvan Konrat","image":{"@type":"ImageObject","inLanguage":"tr","@id":"https:\/\/www.esin.av.tr\/tr\/#\/schema\/person\/image\/","url":"https:\/\/secure.gravatar.com\/avatar\/b20c6c583be38ed4e76e32f69fccc676?s=96&d=mm&r=g","contentUrl":"https:\/\/secure.gravatar.com\/avatar\/b20c6c583be38ed4e76e32f69fccc676?s=96&d=mm&r=g","caption":"R\u0131dvan Konrat"},"sameAs":["http:\/\/www.esin.av.tr"],"url":"https:\/\/www.esin.av.tr\/tr\/author\/rkonrat\/"}]}},"_links":{"self":[{"href":"https:\/\/www.esin.av.tr\/tr\/wp-json\/wp\/v2\/posts\/16388","targetHints":{"allow":["GET"]}}],"collection":[{"href":"https:\/\/www.esin.av.tr\/tr\/wp-json\/wp\/v2\/posts"}],"about":[{"href":"https:\/\/www.esin.av.tr\/tr\/wp-json\/wp\/v2\/types\/post"}],"author":[{"embeddable":true,"href":"https:\/\/www.esin.av.tr\/tr\/wp-json\/wp\/v2\/users\/4"}],"replies":[{"embeddable":true,"href":"https:\/\/www.esin.av.tr\/tr\/wp-json\/wp\/v2\/comments?post=16388"}],"version-history":[{"count":1,"href":"https:\/\/www.esin.av.tr\/tr\/wp-json\/wp\/v2\/posts\/16388\/revisions"}],"predecessor-version":[{"id":16389,"href":"https:\/\/www.esin.av.tr\/tr\/wp-json\/wp\/v2\/posts\/16388\/revisions\/16389"}],"wp:attachment":[{"href":"https:\/\/www.esin.av.tr\/tr\/wp-json\/wp\/v2\/media?parent=16388"}],"wp:term":[{"taxonomy":"category","embeddable":true,"href":"https:\/\/www.esin.av.tr\/tr\/wp-json\/wp\/v2\/categories?post=16388"},{"taxonomy":"post_tag","embeddable":true,"href":"https:\/\/www.esin.av.tr\/tr\/wp-json\/wp\/v2\/tags?post=16388"}],"curies":[{"name":"wp","href":"https:\/\/api.w.org\/{rel}","templated":true}]}}