{"id":16374,"date":"2020-04-30T15:21:25","date_gmt":"2020-04-30T15:21:25","guid":{"rendered":"https:\/\/www.esin.av.tr\/?p=16374"},"modified":"2022-06-09T13:01:00","modified_gmt":"2022-06-09T13:01:00","slug":"covid-19-salgininin-tedarik-zincirine-etkisi","status":"publish","type":"post","link":"https:\/\/www.esin.av.tr\/tr\/2020\/04\/30\/covid-19-salgininin-tedarik-zincirine-etkisi\/","title":{"rendered":"COVID-19 Salg\u0131n\u0131n\u0131n Tedarik Zincirine Etkisi"},"content":{"rendered":"<p>AmCham T\u00fcrkiye i\u015fbirli\u011fi ile 30 Nisan 2020 Per\u015fembe g\u00fcn\u00fc 11:00 ila 12:30 aras\u0131nda Zoom arac\u0131l\u0131\u011f\u0131yla Av. Birt\u00fcrk Ayd\u0131n&#8217;\u0131n sunumuyla ger\u00e7ekle\u015ftirece\u011fimiz \u201c<em>COVID-19 Salg\u0131n\u0131n\u0131n Tedarik Zincirine Etkisi<\/em>\u201d webinar\u0131m\u0131zda sizi aram\u0131zda g\u00f6rmek isteriz.<\/p>\n<p>Bu webinar\u0131m\u0131z\u0131n konu ba\u015fl\u0131klar\u0131 \u015fu \u015fekildedir:<\/p>\n<ul>\n<li>Tedarik zincirine genel bak\u0131\u015f<\/li>\n<li>Firmalar COVID-19 salg\u0131n\u0131 alt\u0131nda s\u0131k\u0131nt\u0131lar\u0131 azaltmak i\u00e7in daha esnek ve dayanakl\u0131 tedarik zincirleri olu\u015fturmak i\u00e7in neler yapabilir?<\/li>\n<li>COVID-19 salg\u0131n\u0131n tedarik zincirinde olu\u015fturdu\u011fu hukuki zorluklar ve dezavantajlar<\/li>\n<li>Belirli end\u00fcstrilere etkisi: \u00f6zellikle gayrimenkul, t\u00fcketim mallar\u0131, perakende ve sanayi<\/li>\n<li>Tedarik zincirindeki uyumluluk sorunlar\u0131n\u0131 ve \u00fc\u00e7\u00fcnc\u00fc taraf risklerini y\u00f6netme<\/li>\n<li>Soru &amp; Cevap<\/li>\n<\/ul>\n<p>A\u015fa\u011f\u0131daki \u201cKAYIT\u201d k\u0131sm\u0131ndan kay\u0131t olabilirsiniz. Kay\u0131t oldu\u011funuz e-posta adresine etkinlik \u00f6ncesinde webinar linki iletilecektir.<\/p>\n<p>M\u00fcvekkillerimize ve dostlar\u0131m\u0131za destek olmak \u00fczere olu\u015fturdu\u011fumuz Coronavirus Ba\u015fvuru Masas\u0131 i\u00e7eriklerimize\u00a0<a href=\"https:\/\/urldefense.com\/v3\/__https:\/esinxchange.com\/collect\/click.aspx?u=bm95RThEUUZOUk4zMFJENmwxcFFqbmtDQmxwdFZnNm9OenEzbm1HZFlOV0FmT1VtRlJOcWd2Nk5BQlp0WDFhbTJhYytUSDZuaXpUZngwZTFnUlJPTWo3RitDUHRZdTRW&amp;rh=ff005ebc2c3f7712966bd2867a46b33d148511a4__;!!Hj9Y_P0nvg!D-JFiBraVYBPbBD8_j429eIds-YwPRv3Af7cVSFAr6rFhFih0ED3vHKN0FG_ESB-Qpci-w$\">https:\/\/www.esin.av.tr\/tr\/coronavirus-desk\/<\/a>\u00a0adresinden her zaman ula\u015fabilirsiniz.<\/p>\n<p>Sayg\u0131lar\u0131m\u0131zla,<\/p>\n<p>Esin Avukatl\u0131k Ortakl\u0131\u011f\u0131<\/p>\n<p>&nbsp;<\/p>\n","protected":false},"excerpt":{"rendered":"<p>AmCham T\u00fcrkiye i\u015fbirli\u011fi ile 30 Nisan 2020 Per\u015fembe g\u00fcn\u00fc 11:00 ila 12:30 aras\u0131nda Zoom arac\u0131l\u0131\u011f\u0131yla Av. Birt\u00fcrk Ayd\u0131n&#8217;\u0131n sunumuyla ger\u00e7ekle\u015ftirece\u011fimiz [&hellip;]<\/p>\n","protected":false},"author":4,"featured_media":0,"comment_status":"closed","ping_status":"closed","sticky":false,"template":"","format":"standard","meta":{"_acf_changed":false,"_stopmodifiedupdate":false,"_modified_date":"","footnotes":""},"categories":[117,149],"tags":[],"class_list":["post-16374","post","type-post","status-publish","format-standard","hentry","category-webinar","category-covid-19-tr"],"acf":[],"yoast_head":"<!-- This site is optimized with the Yoast SEO plugin v24.0 - https:\/\/yoast.com\/wordpress\/plugins\/seo\/ -->\n<title>COVID-19 Salg\u0131n\u0131n\u0131n Tedarik Zincirine Etkisi<\/title>\n<meta name=\"description\" content=\"AmCham T\u00fcrkiye i\u015fbirli\u011fi ile 30 Nisan 2020 Per\u015fembe g\u00fcn\u00fc 11:00 ila 12:30 aras\u0131nda Zoom arac\u0131l\u0131\u011f\u0131yla Av. Birt\u00fcrk Ayd\u0131n&#039;\u0131n sunumuyla ger\u00e7ekle\u015ftirece\u011fimiz\" \/>\n<meta name=\"robots\" content=\"index, follow, max-snippet:-1, max-image-preview:large, max-video-preview:-1\" \/>\n<link rel=\"canonical\" href=\"https:\/\/www.esin.av.tr\/tr\/2020\/04\/30\/covid-19-salgininin-tedarik-zincirine-etkisi\/\" \/>\n<meta property=\"og:locale\" content=\"tr_TR\" \/>\n<meta property=\"og:type\" content=\"article\" \/>\n<meta property=\"og:title\" content=\"COVID-19 Salg\u0131n\u0131n\u0131n Tedarik Zincirine Etkisi\" \/>\n<meta property=\"og:description\" content=\"AmCham T\u00fcrkiye i\u015fbirli\u011fi ile 30 Nisan 2020 Per\u015fembe g\u00fcn\u00fc 11:00 ila 12:30 aras\u0131nda Zoom arac\u0131l\u0131\u011f\u0131yla Av. Birt\u00fcrk Ayd\u0131n&#039;\u0131n sunumuyla ger\u00e7ekle\u015ftirece\u011fimiz\" \/>\n<meta property=\"og:url\" content=\"https:\/\/www.esin.av.tr\/tr\/2020\/04\/30\/covid-19-salgininin-tedarik-zincirine-etkisi\/\" \/>\n<meta property=\"og:site_name\" content=\"Esin Avukatl\u0131k Ortakl\u0131\u011f\u0131\" \/>\n<meta property=\"article:published_time\" content=\"2020-04-30T15:21:25+00:00\" \/>\n<meta property=\"article:modified_time\" content=\"2022-06-09T13:01:00+00:00\" \/>\n<meta name=\"author\" content=\"R\u0131dvan Konrat\" \/>\n<meta name=\"twitter:card\" content=\"summary_large_image\" \/>\n<meta name=\"twitter:label1\" content=\"Written by\" \/>\n\t<meta name=\"twitter:data1\" content=\"R\u0131dvan Konrat\" \/>\n\t<meta name=\"twitter:label2\" content=\"Est. reading time\" \/>\n\t<meta name=\"twitter:data2\" content=\"1 minute\" \/>\n<script type=\"application\/ld+json\" class=\"yoast-schema-graph\">{\"@context\":\"https:\/\/schema.org\",\"@graph\":[{\"@type\":\"Article\",\"@id\":\"https:\/\/www.esin.av.tr\/tr\/2020\/04\/30\/covid-19-salgininin-tedarik-zincirine-etkisi\/#article\",\"isPartOf\":{\"@id\":\"https:\/\/www.esin.av.tr\/tr\/2020\/04\/30\/covid-19-salgininin-tedarik-zincirine-etkisi\/\"},\"author\":{\"name\":\"R\u0131dvan Konrat\",\"@id\":\"https:\/\/www.esin.av.tr\/tr\/#\/schema\/person\/42c8e616aab56b8622fa365ad63282ae\"},\"headline\":\"COVID-19 Salg\u0131n\u0131n\u0131n Tedarik Zincirine Etkisi\",\"datePublished\":\"2020-04-30T15:21:25+00:00\",\"dateModified\":\"2022-06-09T13:01:00+00:00\",\"mainEntityOfPage\":{\"@id\":\"https:\/\/www.esin.av.tr\/tr\/2020\/04\/30\/covid-19-salgininin-tedarik-zincirine-etkisi\/\"},\"wordCount\":194,\"publisher\":{\"@id\":\"https:\/\/www.esin.av.tr\/tr\/#organization\"},\"articleSection\":[\"Webinarlar\",\"Covid-19\"],\"inLanguage\":\"tr\"},{\"@type\":\"WebPage\",\"@id\":\"https:\/\/www.esin.av.tr\/tr\/2020\/04\/30\/covid-19-salgininin-tedarik-zincirine-etkisi\/\",\"url\":\"https:\/\/www.esin.av.tr\/tr\/2020\/04\/30\/covid-19-salgininin-tedarik-zincirine-etkisi\/\",\"name\":\"COVID-19 Salg\u0131n\u0131n\u0131n Tedarik Zincirine Etkisi\",\"isPartOf\":{\"@id\":\"https:\/\/www.esin.av.tr\/tr\/#website\"},\"datePublished\":\"2020-04-30T15:21:25+00:00\",\"dateModified\":\"2022-06-09T13:01:00+00:00\",\"description\":\"AmCham T\u00fcrkiye i\u015fbirli\u011fi ile 30 Nisan 2020 Per\u015fembe g\u00fcn\u00fc 11:00 ila 12:30 aras\u0131nda Zoom arac\u0131l\u0131\u011f\u0131yla Av. Birt\u00fcrk Ayd\u0131n'\u0131n sunumuyla ger\u00e7ekle\u015ftirece\u011fimiz\",\"breadcrumb\":{\"@id\":\"https:\/\/www.esin.av.tr\/tr\/2020\/04\/30\/covid-19-salgininin-tedarik-zincirine-etkisi\/#breadcrumb\"},\"inLanguage\":\"tr\",\"potentialAction\":[{\"@type\":\"ReadAction\",\"target\":[\"https:\/\/www.esin.av.tr\/tr\/2020\/04\/30\/covid-19-salgininin-tedarik-zincirine-etkisi\/\"]}]},{\"@type\":\"BreadcrumbList\",\"@id\":\"https:\/\/www.esin.av.tr\/tr\/2020\/04\/30\/covid-19-salgininin-tedarik-zincirine-etkisi\/#breadcrumb\",\"itemListElement\":[{\"@type\":\"ListItem\",\"position\":1,\"name\":\"Home\",\"item\":\"https:\/\/www.esin.av.tr\/tr\/\"},{\"@type\":\"ListItem\",\"position\":2,\"name\":\"COVID-19 Salg\u0131n\u0131n\u0131n Tedarik Zincirine Etkisi\"}]},{\"@type\":\"WebSite\",\"@id\":\"https:\/\/www.esin.av.tr\/tr\/#website\",\"url\":\"https:\/\/www.esin.av.tr\/tr\/\",\"name\":\"Esin Avukatl\u0131k Ortakl\u0131\u011f\u0131\",\"description\":\"\",\"publisher\":{\"@id\":\"https:\/\/www.esin.av.tr\/tr\/#organization\"},\"potentialAction\":[{\"@type\":\"SearchAction\",\"target\":{\"@type\":\"EntryPoint\",\"urlTemplate\":\"https:\/\/www.esin.av.tr\/tr\/?s={search_term_string}\"},\"query-input\":{\"@type\":\"PropertyValueSpecification\",\"valueRequired\":true,\"valueName\":\"search_term_string\"}}],\"inLanguage\":\"tr\"},{\"@type\":\"Organization\",\"@id\":\"https:\/\/www.esin.av.tr\/tr\/#organization\",\"name\":\"Esin Avukatl\u0131k Ortakl\u0131\u011f\u0131\",\"url\":\"https:\/\/www.esin.av.tr\/tr\/\",\"logo\":{\"@type\":\"ImageObject\",\"inLanguage\":\"tr\",\"@id\":\"https:\/\/www.esin.av.tr\/tr\/#\/schema\/logo\/image\/\",\"url\":\"https:\/\/www.esin.av.tr\/wp-content\/uploads\/2021\/09\/esin-2.jpg\",\"contentUrl\":\"https:\/\/www.esin.av.tr\/wp-content\/uploads\/2021\/09\/esin-2.jpg\",\"width\":800,\"height\":460,\"caption\":\"Esin Avukatl\u0131k Ortakl\u0131\u011f\u0131\"},\"image\":{\"@id\":\"https:\/\/www.esin.av.tr\/tr\/#\/schema\/logo\/image\/\"}},{\"@type\":\"Person\",\"@id\":\"https:\/\/www.esin.av.tr\/tr\/#\/schema\/person\/42c8e616aab56b8622fa365ad63282ae\",\"name\":\"R\u0131dvan Konrat\",\"image\":{\"@type\":\"ImageObject\",\"inLanguage\":\"tr\",\"@id\":\"https:\/\/www.esin.av.tr\/tr\/#\/schema\/person\/image\/\",\"url\":\"https:\/\/secure.gravatar.com\/avatar\/b20c6c583be38ed4e76e32f69fccc676?s=96&d=mm&r=g\",\"contentUrl\":\"https:\/\/secure.gravatar.com\/avatar\/b20c6c583be38ed4e76e32f69fccc676?s=96&d=mm&r=g\",\"caption\":\"R\u0131dvan Konrat\"},\"sameAs\":[\"http:\/\/www.esin.av.tr\"],\"url\":\"https:\/\/www.esin.av.tr\/tr\/author\/rkonrat\/\"}]}<\/script>\n<!-- \/ Yoast SEO plugin. -->","yoast_head_json":{"title":"COVID-19 Salg\u0131n\u0131n\u0131n Tedarik Zincirine Etkisi","description":"AmCham T\u00fcrkiye i\u015fbirli\u011fi ile 30 Nisan 2020 Per\u015fembe g\u00fcn\u00fc 11:00 ila 12:30 aras\u0131nda Zoom arac\u0131l\u0131\u011f\u0131yla Av. Birt\u00fcrk Ayd\u0131n'\u0131n sunumuyla ger\u00e7ekle\u015ftirece\u011fimiz","robots":{"index":"index","follow":"follow","max-snippet":"max-snippet:-1","max-image-preview":"max-image-preview:large","max-video-preview":"max-video-preview:-1"},"canonical":"https:\/\/www.esin.av.tr\/tr\/2020\/04\/30\/covid-19-salgininin-tedarik-zincirine-etkisi\/","og_locale":"tr_TR","og_type":"article","og_title":"COVID-19 Salg\u0131n\u0131n\u0131n Tedarik Zincirine Etkisi","og_description":"AmCham T\u00fcrkiye i\u015fbirli\u011fi ile 30 Nisan 2020 Per\u015fembe g\u00fcn\u00fc 11:00 ila 12:30 aras\u0131nda Zoom arac\u0131l\u0131\u011f\u0131yla Av. Birt\u00fcrk Ayd\u0131n'\u0131n sunumuyla ger\u00e7ekle\u015ftirece\u011fimiz","og_url":"https:\/\/www.esin.av.tr\/tr\/2020\/04\/30\/covid-19-salgininin-tedarik-zincirine-etkisi\/","og_site_name":"Esin Avukatl\u0131k Ortakl\u0131\u011f\u0131","article_published_time":"2020-04-30T15:21:25+00:00","article_modified_time":"2022-06-09T13:01:00+00:00","author":"R\u0131dvan Konrat","twitter_card":"summary_large_image","twitter_misc":{"Written by":"R\u0131dvan Konrat","Est. reading time":"1 minute"},"schema":{"@context":"https:\/\/schema.org","@graph":[{"@type":"Article","@id":"https:\/\/www.esin.av.tr\/tr\/2020\/04\/30\/covid-19-salgininin-tedarik-zincirine-etkisi\/#article","isPartOf":{"@id":"https:\/\/www.esin.av.tr\/tr\/2020\/04\/30\/covid-19-salgininin-tedarik-zincirine-etkisi\/"},"author":{"name":"R\u0131dvan Konrat","@id":"https:\/\/www.esin.av.tr\/tr\/#\/schema\/person\/42c8e616aab56b8622fa365ad63282ae"},"headline":"COVID-19 Salg\u0131n\u0131n\u0131n Tedarik Zincirine Etkisi","datePublished":"2020-04-30T15:21:25+00:00","dateModified":"2022-06-09T13:01:00+00:00","mainEntityOfPage":{"@id":"https:\/\/www.esin.av.tr\/tr\/2020\/04\/30\/covid-19-salgininin-tedarik-zincirine-etkisi\/"},"wordCount":194,"publisher":{"@id":"https:\/\/www.esin.av.tr\/tr\/#organization"},"articleSection":["Webinarlar","Covid-19"],"inLanguage":"tr"},{"@type":"WebPage","@id":"https:\/\/www.esin.av.tr\/tr\/2020\/04\/30\/covid-19-salgininin-tedarik-zincirine-etkisi\/","url":"https:\/\/www.esin.av.tr\/tr\/2020\/04\/30\/covid-19-salgininin-tedarik-zincirine-etkisi\/","name":"COVID-19 Salg\u0131n\u0131n\u0131n Tedarik Zincirine Etkisi","isPartOf":{"@id":"https:\/\/www.esin.av.tr\/tr\/#website"},"datePublished":"2020-04-30T15:21:25+00:00","dateModified":"2022-06-09T13:01:00+00:00","description":"AmCham T\u00fcrkiye i\u015fbirli\u011fi ile 30 Nisan 2020 Per\u015fembe g\u00fcn\u00fc 11:00 ila 12:30 aras\u0131nda Zoom arac\u0131l\u0131\u011f\u0131yla Av. Birt\u00fcrk Ayd\u0131n'\u0131n sunumuyla ger\u00e7ekle\u015ftirece\u011fimiz","breadcrumb":{"@id":"https:\/\/www.esin.av.tr\/tr\/2020\/04\/30\/covid-19-salgininin-tedarik-zincirine-etkisi\/#breadcrumb"},"inLanguage":"tr","potentialAction":[{"@type":"ReadAction","target":["https:\/\/www.esin.av.tr\/tr\/2020\/04\/30\/covid-19-salgininin-tedarik-zincirine-etkisi\/"]}]},{"@type":"BreadcrumbList","@id":"https:\/\/www.esin.av.tr\/tr\/2020\/04\/30\/covid-19-salgininin-tedarik-zincirine-etkisi\/#breadcrumb","itemListElement":[{"@type":"ListItem","position":1,"name":"Home","item":"https:\/\/www.esin.av.tr\/tr\/"},{"@type":"ListItem","position":2,"name":"COVID-19 Salg\u0131n\u0131n\u0131n Tedarik Zincirine Etkisi"}]},{"@type":"WebSite","@id":"https:\/\/www.esin.av.tr\/tr\/#website","url":"https:\/\/www.esin.av.tr\/tr\/","name":"Esin Avukatl\u0131k Ortakl\u0131\u011f\u0131","description":"","publisher":{"@id":"https:\/\/www.esin.av.tr\/tr\/#organization"},"potentialAction":[{"@type":"SearchAction","target":{"@type":"EntryPoint","urlTemplate":"https:\/\/www.esin.av.tr\/tr\/?s={search_term_string}"},"query-input":{"@type":"PropertyValueSpecification","valueRequired":true,"valueName":"search_term_string"}}],"inLanguage":"tr"},{"@type":"Organization","@id":"https:\/\/www.esin.av.tr\/tr\/#organization","name":"Esin Avukatl\u0131k Ortakl\u0131\u011f\u0131","url":"https:\/\/www.esin.av.tr\/tr\/","logo":{"@type":"ImageObject","inLanguage":"tr","@id":"https:\/\/www.esin.av.tr\/tr\/#\/schema\/logo\/image\/","url":"https:\/\/www.esin.av.tr\/wp-content\/uploads\/2021\/09\/esin-2.jpg","contentUrl":"https:\/\/www.esin.av.tr\/wp-content\/uploads\/2021\/09\/esin-2.jpg","width":800,"height":460,"caption":"Esin Avukatl\u0131k Ortakl\u0131\u011f\u0131"},"image":{"@id":"https:\/\/www.esin.av.tr\/tr\/#\/schema\/logo\/image\/"}},{"@type":"Person","@id":"https:\/\/www.esin.av.tr\/tr\/#\/schema\/person\/42c8e616aab56b8622fa365ad63282ae","name":"R\u0131dvan Konrat","image":{"@type":"ImageObject","inLanguage":"tr","@id":"https:\/\/www.esin.av.tr\/tr\/#\/schema\/person\/image\/","url":"https:\/\/secure.gravatar.com\/avatar\/b20c6c583be38ed4e76e32f69fccc676?s=96&d=mm&r=g","contentUrl":"https:\/\/secure.gravatar.com\/avatar\/b20c6c583be38ed4e76e32f69fccc676?s=96&d=mm&r=g","caption":"R\u0131dvan Konrat"},"sameAs":["http:\/\/www.esin.av.tr"],"url":"https:\/\/www.esin.av.tr\/tr\/author\/rkonrat\/"}]}},"_links":{"self":[{"href":"https:\/\/www.esin.av.tr\/tr\/wp-json\/wp\/v2\/posts\/16374","targetHints":{"allow":["GET"]}}],"collection":[{"href":"https:\/\/www.esin.av.tr\/tr\/wp-json\/wp\/v2\/posts"}],"about":[{"href":"https:\/\/www.esin.av.tr\/tr\/wp-json\/wp\/v2\/types\/post"}],"author":[{"embeddable":true,"href":"https:\/\/www.esin.av.tr\/tr\/wp-json\/wp\/v2\/users\/4"}],"replies":[{"embeddable":true,"href":"https:\/\/www.esin.av.tr\/tr\/wp-json\/wp\/v2\/comments?post=16374"}],"version-history":[{"count":1,"href":"https:\/\/www.esin.av.tr\/tr\/wp-json\/wp\/v2\/posts\/16374\/revisions"}],"predecessor-version":[{"id":16375,"href":"https:\/\/www.esin.av.tr\/tr\/wp-json\/wp\/v2\/posts\/16374\/revisions\/16375"}],"wp:attachment":[{"href":"https:\/\/www.esin.av.tr\/tr\/wp-json\/wp\/v2\/media?parent=16374"}],"wp:term":[{"taxonomy":"category","embeddable":true,"href":"https:\/\/www.esin.av.tr\/tr\/wp-json\/wp\/v2\/categories?post=16374"},{"taxonomy":"post_tag","embeddable":true,"href":"https:\/\/www.esin.av.tr\/tr\/wp-json\/wp\/v2\/tags?post=16374"}],"curies":[{"name":"wp","href":"https:\/\/api.w.org\/{rel}","templated":true}]}}