{"id":16292,"date":"2020-05-13T07:45:32","date_gmt":"2020-05-13T07:45:32","guid":{"rendered":"https:\/\/www.esin.av.tr\/?post_type=coronahelpdesk&#038;p=16292"},"modified":"2022-06-09T13:02:34","modified_gmt":"2022-06-09T13:02:34","slug":"covid-19-ihraci-kayda-bagli-yasak-veya-on-izne-bagli-mallara-iliskin-degisiklikler-yayimlandi","status":"publish","type":"post","link":"https:\/\/www.esin.av.tr\/tr\/2020\/05\/13\/covid-19-ihraci-kayda-bagli-yasak-veya-on-izne-bagli-mallara-iliskin-degisiklikler-yayimlandi\/","title":{"rendered":"COVID-19: \u0130hrac\u0131 Kayda Ba\u011fl\u0131, Yasak Veya \u00d6n \u0130zne Ba\u011fl\u0131 Mallara \u0130li\u015fkin De\u011fi\u015fiklikler Yay\u0131mland\u0131"},"content":{"rendered":"<p>\u0130hrac\u0131 Yasak Ve \u00d6n \u0130zne Ba\u011fl\u0131 Mallara \u0130li\u015fkin Tebli\u011f (\u0130hracat 96\/31)\u2019de De\u011fi\u015fiklik Yap\u0131lmas\u0131na Dair Tebli\u011f (\u0130hracat: 2020\/8) ve \u0130hrac\u0131 Kayda Ba\u011fl\u0131 Mallara \u0130li\u015fkin Tebli\u011f (Tebli\u011f No: \u0130hracat 2006\/7)\u2019De De\u011fi\u015fiklik Yap\u0131lmas\u0131na Dair Tebli\u011f (\u0130hracat: 2020\/9) (&#8220;Tebli\u011fler&#8221;) 02.05.2020 tarih ve 31115 say\u0131l\u0131 Resmi Gazete\u2019de yay\u0131mland\u0131. Tebli\u011fler, COVID-19 tedbirleri nedeniyle ihracat i\u015flemlerine getirilen \u00e7e\u015fitli \u00f6n izin y\u00fck\u00fcml\u00fcl\u00fcklerini kald\u0131rmaktad\u0131r.<\/p>\n<p><strong>Yenilikler nelerdir?<\/strong><\/p>\n<p>Hat\u0131rlanaca\u011f\u0131 \u00fczere, Mart ve Nisan aylar\u0131 boyunca COVID-19 ile m\u00fccadele amac\u0131yla \u00e7e\u015fitli tedbirler Resmi Gazete&#8217;de yay\u0131mlanm\u0131\u015ft\u0131r. Bu tedbirlere ili\u015fkin T\u00fcrkiye \u0130la\u00e7 ve T\u0131bbi Cihaz Kurumu&#8217;nun a\u00e7\u0131klamalar\u0131ndan faydalan\u0131larak haz\u0131rlanan \u00f6zet tablo a\u015fa\u011f\u0131da sunulmaktad\u0131r.<\/p>\n<table>\n<tbody>\n<tr>\n<td><strong>Tarih ve Resmi Gazete Say\u0131s\u0131<\/strong><\/td>\n<td><strong>D\u00fczenlemenin \u0130smi<\/strong><\/td>\n<td><strong>D\u00fczenlemenin \u0130hracat Yasa\u011f\u0131, \u00d6n \u0130zin veya Kay\u0131t Y\u00fck\u00fcml\u00fcl\u00fc\u011f\u00fc Getirdi\u011fi \u00dcr\u00fcnler<\/strong><\/td>\n<\/tr>\n<tr>\n<td><strong>04.03.2020, 31058<\/strong><\/td>\n<td>\u0130hrac\u0131 Yasak Ve \u00d6n \u0130zne Ba\u011fl\u0131 Mallara \u0130li\u015fkin Tebli\u011f (\u0130hracat: 96\/31)\u2019de De\u011fi\u015fiklik Yap\u0131lmas\u0131na Dair Tebli\u011f (\u0130hracat: 2020\/4)<\/td>\n<td>Koruyucu Maske, Tulum, S\u0131v\u0131 Ge\u00e7irmez \u00d6nl\u00fck, G\u00f6zl\u00fck, T\u0131bbi ve Cerrahi Maske, T\u0131bbi Steril\/Nonsteril Eldiven<\/td>\n<\/tr>\n<tr>\n<td><strong>18.03.2020, 31072<\/strong><\/td>\n<td>\u0130hrac\u0131 Kayda Ba\u011fl\u0131 Mallara \u0130li\u015fkin Tebli\u011f (Tebli\u011f No: \u0130hracat 2006\/7)\u2019De De\u011fi\u015fiklik Yap\u0131lmas\u0131na Dair Tebli\u011f (\u0130hracat: 2020\/5)<\/td>\n<td>Etil Alkol, Kolonya, Dezenfektan, Hidrojen Peroksit, Meltblown Kuma\u015f<\/td>\n<\/tr>\n<tr>\n<td><strong>26.03.2020, 31080<\/strong><\/td>\n<td>\u0130hrac\u0131 Yasak Ve \u00d6n \u0130zne Ba\u011fl\u0131 Mallara \u0130li\u015fkin Tebli\u011f (\u0130hracat 96\/31)\u2019de De\u011fi\u015fiklik Yap\u0131lmas\u0131na Dair Tebli\u011f (\u0130hracat: 2020\/6)<\/td>\n<td>Ventilat\u00f6r, ECMO, Oksijen Konsantrat\u00f6r\u00fc, Flow Sens\u00f6r, Ekspirasyon Valfi, Oksijen Sens\u00f6r\u00fc, Ventilat\u00f6r Devreleri, Hasta Devreleri (Anestezi\/Ventilat\u00f6r devresi), IV Kan\u00fcl, Ent\u00fcbasyon T\u00fcp\u00fc ve Yo\u011fun Bak\u0131m Monit\u00f6r\u00fc<\/td>\n<\/tr>\n<tr>\n<td><strong>02.04.2020, 31087<\/strong><\/td>\n<td>T\u0131bbi Tan\u0131 Kitlerinin \u0130thaline \u0130li\u015fkin Tebli\u011f<\/td>\n<td>3822.00 ve 3002.15 G\u00fcmr\u00fck Tarife Pozisyonlar\u0131ndaki insanlar i\u00e7in kullan\u0131lan t\u0131bbi tan\u0131 kitleri<\/td>\n<\/tr>\n<\/tbody>\n<\/table>\n<p>&nbsp;<\/p>\n<p>Yukar\u0131daki tabloda ikinci ve \u00fc\u00e7\u00fcnc\u00fc s\u0131rada bulunan, 18.03.2020 tarih ve 31072 say\u0131l\u0131 Resmi Gazete ve 26.03.2020 tarih ve 31080 say\u0131l\u0131 Resmi Gazete\u2019de yay\u0131mlanan ihracat s\u0131n\u0131rlamalar\u0131 02.05.2020 tarih ve 31115 say\u0131l\u0131 Resmi Gazete\u2019de yay\u0131mlanan Tebli\u011fler ile (Yaln\u0131z Meltblown Kuma\u015f istisna olmak \u00fczere) kald\u0131r\u0131lm\u0131\u015ft\u0131r. Buna g\u00f6re T\u0131bbi Cihaz Y\u00f6netmeli\u011fi kapsam\u0131nda piyasaya arz edilen Ventilat\u00f6r, ECMO, Oksijen Konsantrat\u00f6r\u00fc, Flow Sens\u00f6r, Ekspirasyon Valfi, Oksijen Sens\u00f6r\u00fc, Ventilat\u00f6r Devreleri, Hasta Devreleri (Anestezi\/Ventilat\u00f6r devresi), IV Kan\u00fcl, Ent\u00fcbasyon T\u00fcp\u00fc ve Yo\u011fun Bak\u0131m Monit\u00f6r\u00fc ile Etil Alkol, Kolonya, Dezenfektan ve Hidrojen Peroksit isimli \u00fcr\u00fcnlerin ihracat\u0131nda \u00f6n izin veya kay\u0131t \u015fart\u0131 kald\u0131r\u0131lm\u0131\u015ft\u0131r.<\/p>\n<p><strong>Nelere Dikkat Edilmesi Gerekli?<\/strong><\/p>\n<p>Yukar\u0131daki tablodan g\u00f6r\u00fclece\u011fi \u00fczere, \u00e7e\u015fitli ihracat k\u0131s\u0131tlamalar\u0131 halen y\u00fcr\u00fcrl\u00fckte kalmaya devam etmektedir. COVID-19&#8217;a ili\u015fkin tedbirler y\u00fcr\u00fcrl\u00fckte kald\u0131\u011f\u0131 s\u00fcrece \u00f6zellikle ki\u015fisel koruyu donan\u0131m gibi \u00fcr\u00fcnlere ili\u015fkin ihracat i\u015flemlerinde T\u00fcrkiye \u0130la\u00e7 ve T\u0131bbi Cihaz Kurumu&#8217;nun \u00f6n izni arand\u0131\u011f\u0131 hat\u0131rlanmal\u0131d\u0131r. Yerel ve yabanc\u0131 bas\u0131na yans\u0131yan pek \u00e7ok haberde g\u00f6r\u00fclebilece\u011fi \u00fczere \u00f6zellikle ki\u015fisel koruyucu donan\u0131mlara olan yurtd\u0131\u015f\u0131 talepleri yerine getirilirken T\u00fcrkiye \u0130la\u00e7 ve T\u0131bbi Cihaz Kurumu ve Devlet Malzeme Ofisi ile erken ve d\u00fczenli olarak irtibata ge\u00e7ilmesinde fayda bulunmaktad\u0131r.<\/p>\n<p><strong>COVID-19&#8217;un ihracat ve ticari operasyonlar \u00fczerindeki hukuki etkilerine y\u00f6nelik mevzuat b\u00fcltenlerimiz ve di\u011fer b\u00fcltenlerimize <\/strong><a href=\"https:\/\/urldefense.com\/v3\/__https:\/esinxchange.com\/collect\/click.aspx?u=K1d0Sk81VjhQU3g3R1dPRXlGTDJxOU5WREY2MEo4Tzl0M3F6T3NEQUFFdHVFYWJLUjlHZk0vOFhBcmk0WGtaNSt3a0NFKzV1MDY1SWk4dkdCejl6OXpXUkxyVjgwaHJV&amp;rh=ff005d3612b7cb104102d66711459731454aadcb__;!!Hj9Y_P0nvg!DrGnikyNw68s3tVd_hiPqfDZsBFFY_g_yCv7YqWDJY1kyEL1BloeEKhTul1k2zYNa4_ZeA$\"><strong>https:\/\/www.esin.av.tr\/tr\/coronavirus-desk\/<\/strong><\/a><strong> adresinden ula\u015fabilirsiniz.<\/strong><\/p>\n","protected":false},"excerpt":{"rendered":"<p>\u0130hrac\u0131 Yasak Ve \u00d6n \u0130zne Ba\u011fl\u0131 Mallara \u0130li\u015fkin Tebli\u011f (\u0130hracat 96\/31)\u2019de De\u011fi\u015fiklik Yap\u0131lmas\u0131na Dair Tebli\u011f (\u0130hracat: 2020\/8) ve \u0130hrac\u0131 Kayda [&hellip;]<\/p>\n","protected":false},"author":4,"featured_media":0,"comment_status":"closed","ping_status":"closed","sticky":false,"template":"","format":"standard","meta":{"_acf_changed":false,"_stopmodifiedupdate":false,"_modified_date":"","footnotes":""},"categories":[120],"tags":[152],"class_list":["post-16292","post","type-post","status-publish","format-standard","hentry","category-legal-alerts","tag-covid-19-tr"],"acf":[],"yoast_head":"<!-- This site is optimized with the Yoast SEO plugin v24.0 - https:\/\/yoast.com\/wordpress\/plugins\/seo\/ -->\n<title>COVID-19: \u0130hrac\u0131 Kayda Ba\u011fl\u0131, Yasak Veya \u00d6n \u0130zne Ba\u011fl\u0131 Mallara \u0130li\u015fkin De\u011fi\u015fiklikler Yay\u0131mland\u0131<\/title>\n<meta name=\"description\" content=\"\u0130hrac\u0131 Yasak Ve \u00d6n \u0130zne Ba\u011fl\u0131 Mallara \u0130li\u015fkin Tebli\u011f (\u0130hracat 96\/31)\u2019de De\u011fi\u015fiklik Yap\u0131lmas\u0131na Dair Tebli\u011f (\u0130hracat: 2020\/8) ve \u0130hrac\u0131 Kayda Ba\u011fl\u0131 Mallara\" \/>\n<meta name=\"robots\" content=\"index, follow, max-snippet:-1, max-image-preview:large, max-video-preview:-1\" \/>\n<link rel=\"canonical\" href=\"https:\/\/www.esin.av.tr\/tr\/2020\/05\/13\/covid-19-ihraci-kayda-bagli-yasak-veya-on-izne-bagli-mallara-iliskin-degisiklikler-yayimlandi\/\" \/>\n<meta property=\"og:locale\" content=\"tr_TR\" \/>\n<meta property=\"og:type\" content=\"article\" \/>\n<meta property=\"og:title\" content=\"COVID-19: \u0130hrac\u0131 Kayda Ba\u011fl\u0131, Yasak Veya \u00d6n \u0130zne Ba\u011fl\u0131 Mallara \u0130li\u015fkin De\u011fi\u015fiklikler Yay\u0131mland\u0131\" \/>\n<meta property=\"og:description\" content=\"\u0130hrac\u0131 Yasak Ve \u00d6n \u0130zne Ba\u011fl\u0131 Mallara \u0130li\u015fkin Tebli\u011f (\u0130hracat 96\/31)\u2019de De\u011fi\u015fiklik Yap\u0131lmas\u0131na Dair Tebli\u011f (\u0130hracat: 2020\/8) ve \u0130hrac\u0131 Kayda Ba\u011fl\u0131 Mallara\" \/>\n<meta property=\"og:url\" content=\"https:\/\/www.esin.av.tr\/tr\/2020\/05\/13\/covid-19-ihraci-kayda-bagli-yasak-veya-on-izne-bagli-mallara-iliskin-degisiklikler-yayimlandi\/\" \/>\n<meta property=\"og:site_name\" content=\"Esin Avukatl\u0131k Ortakl\u0131\u011f\u0131\" \/>\n<meta property=\"article:published_time\" content=\"2020-05-13T07:45:32+00:00\" \/>\n<meta property=\"article:modified_time\" content=\"2022-06-09T13:02:34+00:00\" \/>\n<meta name=\"author\" content=\"R\u0131dvan Konrat\" \/>\n<meta name=\"twitter:card\" content=\"summary_large_image\" \/>\n<meta name=\"twitter:label1\" content=\"Written by\" \/>\n\t<meta name=\"twitter:data1\" content=\"R\u0131dvan Konrat\" \/>\n\t<meta name=\"twitter:label2\" content=\"Est. reading time\" \/>\n\t<meta name=\"twitter:data2\" content=\"3 minutes\" \/>\n<script type=\"application\/ld+json\" class=\"yoast-schema-graph\">{\"@context\":\"https:\/\/schema.org\",\"@graph\":[{\"@type\":\"Article\",\"@id\":\"https:\/\/www.esin.av.tr\/tr\/2020\/05\/13\/covid-19-ihraci-kayda-bagli-yasak-veya-on-izne-bagli-mallara-iliskin-degisiklikler-yayimlandi\/#article\",\"isPartOf\":{\"@id\":\"https:\/\/www.esin.av.tr\/tr\/2020\/05\/13\/covid-19-ihraci-kayda-bagli-yasak-veya-on-izne-bagli-mallara-iliskin-degisiklikler-yayimlandi\/\"},\"author\":{\"name\":\"R\u0131dvan Konrat\",\"@id\":\"https:\/\/www.esin.av.tr\/tr\/#\/schema\/person\/42c8e616aab56b8622fa365ad63282ae\"},\"headline\":\"COVID-19: \u0130hrac\u0131 Kayda Ba\u011fl\u0131, Yasak Veya \u00d6n \u0130zne Ba\u011fl\u0131 Mallara \u0130li\u015fkin De\u011fi\u015fiklikler Yay\u0131mland\u0131\",\"datePublished\":\"2020-05-13T07:45:32+00:00\",\"dateModified\":\"2022-06-09T13:02:34+00:00\",\"mainEntityOfPage\":{\"@id\":\"https:\/\/www.esin.av.tr\/tr\/2020\/05\/13\/covid-19-ihraci-kayda-bagli-yasak-veya-on-izne-bagli-mallara-iliskin-degisiklikler-yayimlandi\/\"},\"wordCount\":606,\"publisher\":{\"@id\":\"https:\/\/www.esin.av.tr\/tr\/#organization\"},\"keywords\":[\"Covid-19\"],\"articleSection\":[\"Hukuk B\u00fcltenleri\"],\"inLanguage\":\"tr\"},{\"@type\":\"WebPage\",\"@id\":\"https:\/\/www.esin.av.tr\/tr\/2020\/05\/13\/covid-19-ihraci-kayda-bagli-yasak-veya-on-izne-bagli-mallara-iliskin-degisiklikler-yayimlandi\/\",\"url\":\"https:\/\/www.esin.av.tr\/tr\/2020\/05\/13\/covid-19-ihraci-kayda-bagli-yasak-veya-on-izne-bagli-mallara-iliskin-degisiklikler-yayimlandi\/\",\"name\":\"COVID-19: \u0130hrac\u0131 Kayda Ba\u011fl\u0131, Yasak Veya \u00d6n \u0130zne Ba\u011fl\u0131 Mallara \u0130li\u015fkin De\u011fi\u015fiklikler Yay\u0131mland\u0131\",\"isPartOf\":{\"@id\":\"https:\/\/www.esin.av.tr\/tr\/#website\"},\"datePublished\":\"2020-05-13T07:45:32+00:00\",\"dateModified\":\"2022-06-09T13:02:34+00:00\",\"description\":\"\u0130hrac\u0131 Yasak Ve \u00d6n \u0130zne Ba\u011fl\u0131 Mallara \u0130li\u015fkin Tebli\u011f (\u0130hracat 96\/31)\u2019de De\u011fi\u015fiklik Yap\u0131lmas\u0131na Dair Tebli\u011f (\u0130hracat: 2020\/8) ve \u0130hrac\u0131 Kayda Ba\u011fl\u0131 Mallara\",\"breadcrumb\":{\"@id\":\"https:\/\/www.esin.av.tr\/tr\/2020\/05\/13\/covid-19-ihraci-kayda-bagli-yasak-veya-on-izne-bagli-mallara-iliskin-degisiklikler-yayimlandi\/#breadcrumb\"},\"inLanguage\":\"tr\",\"potentialAction\":[{\"@type\":\"ReadAction\",\"target\":[\"https:\/\/www.esin.av.tr\/tr\/2020\/05\/13\/covid-19-ihraci-kayda-bagli-yasak-veya-on-izne-bagli-mallara-iliskin-degisiklikler-yayimlandi\/\"]}]},{\"@type\":\"BreadcrumbList\",\"@id\":\"https:\/\/www.esin.av.tr\/tr\/2020\/05\/13\/covid-19-ihraci-kayda-bagli-yasak-veya-on-izne-bagli-mallara-iliskin-degisiklikler-yayimlandi\/#breadcrumb\",\"itemListElement\":[{\"@type\":\"ListItem\",\"position\":1,\"name\":\"Home\",\"item\":\"https:\/\/www.esin.av.tr\/tr\/\"},{\"@type\":\"ListItem\",\"position\":2,\"name\":\"COVID-19: \u0130hrac\u0131 Kayda Ba\u011fl\u0131, Yasak Veya \u00d6n \u0130zne Ba\u011fl\u0131 Mallara \u0130li\u015fkin De\u011fi\u015fiklikler Yay\u0131mland\u0131\"}]},{\"@type\":\"WebSite\",\"@id\":\"https:\/\/www.esin.av.tr\/tr\/#website\",\"url\":\"https:\/\/www.esin.av.tr\/tr\/\",\"name\":\"Esin Avukatl\u0131k Ortakl\u0131\u011f\u0131\",\"description\":\"\",\"publisher\":{\"@id\":\"https:\/\/www.esin.av.tr\/tr\/#organization\"},\"potentialAction\":[{\"@type\":\"SearchAction\",\"target\":{\"@type\":\"EntryPoint\",\"urlTemplate\":\"https:\/\/www.esin.av.tr\/tr\/?s={search_term_string}\"},\"query-input\":{\"@type\":\"PropertyValueSpecification\",\"valueRequired\":true,\"valueName\":\"search_term_string\"}}],\"inLanguage\":\"tr\"},{\"@type\":\"Organization\",\"@id\":\"https:\/\/www.esin.av.tr\/tr\/#organization\",\"name\":\"Esin Avukatl\u0131k Ortakl\u0131\u011f\u0131\",\"url\":\"https:\/\/www.esin.av.tr\/tr\/\",\"logo\":{\"@type\":\"ImageObject\",\"inLanguage\":\"tr\",\"@id\":\"https:\/\/www.esin.av.tr\/tr\/#\/schema\/logo\/image\/\",\"url\":\"https:\/\/www.esin.av.tr\/wp-content\/uploads\/2021\/09\/esin-2.jpg\",\"contentUrl\":\"https:\/\/www.esin.av.tr\/wp-content\/uploads\/2021\/09\/esin-2.jpg\",\"width\":800,\"height\":460,\"caption\":\"Esin Avukatl\u0131k Ortakl\u0131\u011f\u0131\"},\"image\":{\"@id\":\"https:\/\/www.esin.av.tr\/tr\/#\/schema\/logo\/image\/\"}},{\"@type\":\"Person\",\"@id\":\"https:\/\/www.esin.av.tr\/tr\/#\/schema\/person\/42c8e616aab56b8622fa365ad63282ae\",\"name\":\"R\u0131dvan Konrat\",\"image\":{\"@type\":\"ImageObject\",\"inLanguage\":\"tr\",\"@id\":\"https:\/\/www.esin.av.tr\/tr\/#\/schema\/person\/image\/\",\"url\":\"https:\/\/secure.gravatar.com\/avatar\/b20c6c583be38ed4e76e32f69fccc676?s=96&d=mm&r=g\",\"contentUrl\":\"https:\/\/secure.gravatar.com\/avatar\/b20c6c583be38ed4e76e32f69fccc676?s=96&d=mm&r=g\",\"caption\":\"R\u0131dvan Konrat\"},\"sameAs\":[\"http:\/\/www.esin.av.tr\"],\"url\":\"https:\/\/www.esin.av.tr\/tr\/author\/rkonrat\/\"}]}<\/script>\n<!-- \/ Yoast SEO plugin. -->","yoast_head_json":{"title":"COVID-19: \u0130hrac\u0131 Kayda Ba\u011fl\u0131, Yasak Veya \u00d6n \u0130zne Ba\u011fl\u0131 Mallara \u0130li\u015fkin De\u011fi\u015fiklikler Yay\u0131mland\u0131","description":"\u0130hrac\u0131 Yasak Ve \u00d6n \u0130zne Ba\u011fl\u0131 Mallara \u0130li\u015fkin Tebli\u011f (\u0130hracat 96\/31)\u2019de De\u011fi\u015fiklik Yap\u0131lmas\u0131na Dair Tebli\u011f (\u0130hracat: 2020\/8) ve \u0130hrac\u0131 Kayda Ba\u011fl\u0131 Mallara","robots":{"index":"index","follow":"follow","max-snippet":"max-snippet:-1","max-image-preview":"max-image-preview:large","max-video-preview":"max-video-preview:-1"},"canonical":"https:\/\/www.esin.av.tr\/tr\/2020\/05\/13\/covid-19-ihraci-kayda-bagli-yasak-veya-on-izne-bagli-mallara-iliskin-degisiklikler-yayimlandi\/","og_locale":"tr_TR","og_type":"article","og_title":"COVID-19: \u0130hrac\u0131 Kayda Ba\u011fl\u0131, Yasak Veya \u00d6n \u0130zne Ba\u011fl\u0131 Mallara \u0130li\u015fkin De\u011fi\u015fiklikler Yay\u0131mland\u0131","og_description":"\u0130hrac\u0131 Yasak Ve \u00d6n \u0130zne Ba\u011fl\u0131 Mallara \u0130li\u015fkin Tebli\u011f (\u0130hracat 96\/31)\u2019de De\u011fi\u015fiklik Yap\u0131lmas\u0131na Dair Tebli\u011f (\u0130hracat: 2020\/8) ve \u0130hrac\u0131 Kayda Ba\u011fl\u0131 Mallara","og_url":"https:\/\/www.esin.av.tr\/tr\/2020\/05\/13\/covid-19-ihraci-kayda-bagli-yasak-veya-on-izne-bagli-mallara-iliskin-degisiklikler-yayimlandi\/","og_site_name":"Esin Avukatl\u0131k Ortakl\u0131\u011f\u0131","article_published_time":"2020-05-13T07:45:32+00:00","article_modified_time":"2022-06-09T13:02:34+00:00","author":"R\u0131dvan Konrat","twitter_card":"summary_large_image","twitter_misc":{"Written by":"R\u0131dvan Konrat","Est. reading time":"3 minutes"},"schema":{"@context":"https:\/\/schema.org","@graph":[{"@type":"Article","@id":"https:\/\/www.esin.av.tr\/tr\/2020\/05\/13\/covid-19-ihraci-kayda-bagli-yasak-veya-on-izne-bagli-mallara-iliskin-degisiklikler-yayimlandi\/#article","isPartOf":{"@id":"https:\/\/www.esin.av.tr\/tr\/2020\/05\/13\/covid-19-ihraci-kayda-bagli-yasak-veya-on-izne-bagli-mallara-iliskin-degisiklikler-yayimlandi\/"},"author":{"name":"R\u0131dvan Konrat","@id":"https:\/\/www.esin.av.tr\/tr\/#\/schema\/person\/42c8e616aab56b8622fa365ad63282ae"},"headline":"COVID-19: \u0130hrac\u0131 Kayda Ba\u011fl\u0131, Yasak Veya \u00d6n \u0130zne Ba\u011fl\u0131 Mallara \u0130li\u015fkin De\u011fi\u015fiklikler Yay\u0131mland\u0131","datePublished":"2020-05-13T07:45:32+00:00","dateModified":"2022-06-09T13:02:34+00:00","mainEntityOfPage":{"@id":"https:\/\/www.esin.av.tr\/tr\/2020\/05\/13\/covid-19-ihraci-kayda-bagli-yasak-veya-on-izne-bagli-mallara-iliskin-degisiklikler-yayimlandi\/"},"wordCount":606,"publisher":{"@id":"https:\/\/www.esin.av.tr\/tr\/#organization"},"keywords":["Covid-19"],"articleSection":["Hukuk B\u00fcltenleri"],"inLanguage":"tr"},{"@type":"WebPage","@id":"https:\/\/www.esin.av.tr\/tr\/2020\/05\/13\/covid-19-ihraci-kayda-bagli-yasak-veya-on-izne-bagli-mallara-iliskin-degisiklikler-yayimlandi\/","url":"https:\/\/www.esin.av.tr\/tr\/2020\/05\/13\/covid-19-ihraci-kayda-bagli-yasak-veya-on-izne-bagli-mallara-iliskin-degisiklikler-yayimlandi\/","name":"COVID-19: \u0130hrac\u0131 Kayda Ba\u011fl\u0131, Yasak Veya \u00d6n \u0130zne Ba\u011fl\u0131 Mallara \u0130li\u015fkin De\u011fi\u015fiklikler Yay\u0131mland\u0131","isPartOf":{"@id":"https:\/\/www.esin.av.tr\/tr\/#website"},"datePublished":"2020-05-13T07:45:32+00:00","dateModified":"2022-06-09T13:02:34+00:00","description":"\u0130hrac\u0131 Yasak Ve \u00d6n \u0130zne Ba\u011fl\u0131 Mallara \u0130li\u015fkin Tebli\u011f (\u0130hracat 96\/31)\u2019de De\u011fi\u015fiklik Yap\u0131lmas\u0131na Dair Tebli\u011f (\u0130hracat: 2020\/8) ve \u0130hrac\u0131 Kayda Ba\u011fl\u0131 Mallara","breadcrumb":{"@id":"https:\/\/www.esin.av.tr\/tr\/2020\/05\/13\/covid-19-ihraci-kayda-bagli-yasak-veya-on-izne-bagli-mallara-iliskin-degisiklikler-yayimlandi\/#breadcrumb"},"inLanguage":"tr","potentialAction":[{"@type":"ReadAction","target":["https:\/\/www.esin.av.tr\/tr\/2020\/05\/13\/covid-19-ihraci-kayda-bagli-yasak-veya-on-izne-bagli-mallara-iliskin-degisiklikler-yayimlandi\/"]}]},{"@type":"BreadcrumbList","@id":"https:\/\/www.esin.av.tr\/tr\/2020\/05\/13\/covid-19-ihraci-kayda-bagli-yasak-veya-on-izne-bagli-mallara-iliskin-degisiklikler-yayimlandi\/#breadcrumb","itemListElement":[{"@type":"ListItem","position":1,"name":"Home","item":"https:\/\/www.esin.av.tr\/tr\/"},{"@type":"ListItem","position":2,"name":"COVID-19: \u0130hrac\u0131 Kayda Ba\u011fl\u0131, Yasak Veya \u00d6n \u0130zne Ba\u011fl\u0131 Mallara \u0130li\u015fkin De\u011fi\u015fiklikler Yay\u0131mland\u0131"}]},{"@type":"WebSite","@id":"https:\/\/www.esin.av.tr\/tr\/#website","url":"https:\/\/www.esin.av.tr\/tr\/","name":"Esin Avukatl\u0131k Ortakl\u0131\u011f\u0131","description":"","publisher":{"@id":"https:\/\/www.esin.av.tr\/tr\/#organization"},"potentialAction":[{"@type":"SearchAction","target":{"@type":"EntryPoint","urlTemplate":"https:\/\/www.esin.av.tr\/tr\/?s={search_term_string}"},"query-input":{"@type":"PropertyValueSpecification","valueRequired":true,"valueName":"search_term_string"}}],"inLanguage":"tr"},{"@type":"Organization","@id":"https:\/\/www.esin.av.tr\/tr\/#organization","name":"Esin Avukatl\u0131k Ortakl\u0131\u011f\u0131","url":"https:\/\/www.esin.av.tr\/tr\/","logo":{"@type":"ImageObject","inLanguage":"tr","@id":"https:\/\/www.esin.av.tr\/tr\/#\/schema\/logo\/image\/","url":"https:\/\/www.esin.av.tr\/wp-content\/uploads\/2021\/09\/esin-2.jpg","contentUrl":"https:\/\/www.esin.av.tr\/wp-content\/uploads\/2021\/09\/esin-2.jpg","width":800,"height":460,"caption":"Esin Avukatl\u0131k Ortakl\u0131\u011f\u0131"},"image":{"@id":"https:\/\/www.esin.av.tr\/tr\/#\/schema\/logo\/image\/"}},{"@type":"Person","@id":"https:\/\/www.esin.av.tr\/tr\/#\/schema\/person\/42c8e616aab56b8622fa365ad63282ae","name":"R\u0131dvan Konrat","image":{"@type":"ImageObject","inLanguage":"tr","@id":"https:\/\/www.esin.av.tr\/tr\/#\/schema\/person\/image\/","url":"https:\/\/secure.gravatar.com\/avatar\/b20c6c583be38ed4e76e32f69fccc676?s=96&d=mm&r=g","contentUrl":"https:\/\/secure.gravatar.com\/avatar\/b20c6c583be38ed4e76e32f69fccc676?s=96&d=mm&r=g","caption":"R\u0131dvan Konrat"},"sameAs":["http:\/\/www.esin.av.tr"],"url":"https:\/\/www.esin.av.tr\/tr\/author\/rkonrat\/"}]}},"_links":{"self":[{"href":"https:\/\/www.esin.av.tr\/tr\/wp-json\/wp\/v2\/posts\/16292","targetHints":{"allow":["GET"]}}],"collection":[{"href":"https:\/\/www.esin.av.tr\/tr\/wp-json\/wp\/v2\/posts"}],"about":[{"href":"https:\/\/www.esin.av.tr\/tr\/wp-json\/wp\/v2\/types\/post"}],"author":[{"embeddable":true,"href":"https:\/\/www.esin.av.tr\/tr\/wp-json\/wp\/v2\/users\/4"}],"replies":[{"embeddable":true,"href":"https:\/\/www.esin.av.tr\/tr\/wp-json\/wp\/v2\/comments?post=16292"}],"version-history":[{"count":4,"href":"https:\/\/www.esin.av.tr\/tr\/wp-json\/wp\/v2\/posts\/16292\/revisions"}],"predecessor-version":[{"id":20487,"href":"https:\/\/www.esin.av.tr\/tr\/wp-json\/wp\/v2\/posts\/16292\/revisions\/20487"}],"wp:attachment":[{"href":"https:\/\/www.esin.av.tr\/tr\/wp-json\/wp\/v2\/media?parent=16292"}],"wp:term":[{"taxonomy":"category","embeddable":true,"href":"https:\/\/www.esin.av.tr\/tr\/wp-json\/wp\/v2\/categories?post=16292"},{"taxonomy":"post_tag","embeddable":true,"href":"https:\/\/www.esin.av.tr\/tr\/wp-json\/wp\/v2\/tags?post=16292"}],"curies":[{"name":"wp","href":"https:\/\/api.w.org\/{rel}","templated":true}]}}