{"id":16278,"date":"2020-05-11T15:02:43","date_gmt":"2020-05-11T15:02:43","guid":{"rendered":"https:\/\/www.esin.av.tr\/?p=16278"},"modified":"2022-06-09T13:02:36","modified_gmt":"2022-06-09T13:02:36","slug":"covid-19-alisveris-merkezlerinde-alinmasi-gereken-tedbirlerle-ilgili-aciklamalar","status":"publish","type":"post","link":"https:\/\/www.esin.av.tr\/tr\/2020\/05\/11\/covid-19-alisveris-merkezlerinde-alinmasi-gereken-tedbirlerle-ilgili-aciklamalar\/","title":{"rendered":"COVID-19: Al\u0131\u015fveri\u015f Merkezlerinde Al\u0131nmas\u0131 Gereken Tedbirlerle \u0130lgili A\u00e7\u0131klamalar"},"content":{"rendered":"<p><strong>Yeni Geli\u015fme<\/strong><\/p>\n<p>Sa\u011fl\u0131k Bakanl\u0131\u011f\u0131 (\u201c<strong>Bakanl\u0131k<\/strong>\u201d) taraf\u0131ndan ge\u00e7ti\u011fimiz hafta a\u00e7\u0131klanan normalle\u015fme plan\u0131 kapsam\u0131nda 11 May\u0131s&#8217;tan itibaren tekrar a\u00e7\u0131lmas\u0131 g\u00fcndeme gelen al\u0131\u015fveri\u015f merkezleri (\u201c<strong>AVM<\/strong>\u201d) ve AVM\u2019de bulunan ma\u011fazalarda al\u0131nmas\u0131 gereken tedbirler a\u00e7\u0131kland\u0131. A\u00e7\u0131klamada belirtilen \u00f6nlemlere ili\u015fkin hen\u00fcz Resmi Gazete\u2019de yay\u0131mlanan bir d\u00fczenleme bulunmamaktad\u0131r. Bu a\u00e7\u0131dan belirtilen \u00f6nlemleri \u015fimdilik rehber (\u201c<strong>Rehber<\/strong>\u201d) olarak adland\u0131rmay\u0131 tercih ediyoruz.<\/p>\n<p>H\u00e2lihaz\u0131rda ve sadece eczane ve hipermarketler gibi ma\u011fazalar\u0131n a\u00e7\u0131k oldu\u011fu az say\u0131daki AVM&#8217;nin ve kirac\u0131lar\u0131n\u0131n da en k\u0131sa s\u00fcrede Rehber&#8217;de yer alan \u00f6nlemlere uyarak faaliyetlerine devam etmesi mevzuata uyum ve toplum sa\u011fl\u0131\u011f\u0131 a\u00e7\u0131s\u0131ndan \u00f6nemlidir.<\/p>\n<p>Bilindi\u011fi \u00fczere AVM&#8217;lerin belirli \u00fcniteleri (\u00f6rn. restoran, sinema, tiyatro oyun alanlar\u0131 gibi) haricinde AVM&#8217;lerin kapat\u0131lmas\u0131na ili\u015fkin bir yasal d\u00fczenleme bulunmamaktayd\u0131. COVID-19 salg\u0131n\u0131yla m\u00fccadele kapsam\u0131nda hem AVM yat\u0131r\u0131mc\u0131lar\u0131 hem de perakendeciler toplum sa\u011fl\u0131\u011f\u0131n\u0131 dikkate alarak ortak bir paydada bulu\u015fmu\u015flar, \u00f6zellikle perakendecilerin ma\u011fazalar\u0131n\u0131 kapatma y\u00f6n\u00fcndeki e\u011filimleri, AVM yat\u0131r\u0131mc\u0131lar\u0131n\u0131n kendi inisiyatifleriyle AVM\u2019lerini kapatma karar\u0131 almas\u0131na yard\u0131mc\u0131 olmu\u015ftu. Ge\u00e7en &#8220;yeni anormal&#8221; d\u00f6nem i\u00e7inde, \u00f6zellikle fazla say\u0131da ma\u011fazas\u0131 olan ve anchor kirac\u0131 (AVM&#8217;ye ziyaret\u00e7i \u00e7eken \u00f6nemli marka ve ma\u011faza) say\u0131lan baz\u0131 yerli perakendeciler AVM&#8217;lerdeki ma\u011fazalar\u0131n\u0131 a\u00e7ma y\u00f6n\u00fcndeki taleplerini belirtti. Bunun yan\u0131 s\u0131ra, baz\u0131 anchor kirac\u0131lar ve ma\u011fazalarsa daha temkinli davranmak istedi\u011fini dile getirdi.<\/p>\n<p>\u00dcretim, tedarik zinciri, t\u00fcketim ve istihdam gibi bir\u00e7ok alan\u0131 etkileyen ve ekonomik hareketlili\u011fin T\u00fcrkiye\u2019de yo\u011fun bir \u015fekilde ya\u015fand\u0131\u011f\u0131 AVM\u2019ler normalle\u015fme plan\u0131nda \u00f6nceliklendirildi. Tekrar faaliyete ge\u00e7meye haz\u0131rlanan AVM ve perakendecilerin Rehber\u2019deki tedbirlere eksiksiz uymalar\u0131, kendi aralar\u0131ndaki \u201c<em>kiralanan yeri elveri\u015fli durumda bulundurma<\/em>\u201d veya \u201c<em>mesai saatlerinde ma\u011fazay\u0131 a\u00e7\u0131k bulundurma<\/em>\u201d gibi s\u00f6zle\u015fmesel y\u00fck\u00fcml\u00fcl\u00fcklerinin yan\u0131 s\u0131ra, COVID-19 ile m\u00fccadele a\u00e7\u0131s\u0131ndan toplum sa\u011fl\u0131\u011f\u0131na kar\u015f\u0131 sorumluluklar\u0131n\u0131n yerine getirilmesi i\u00e7in de \u00f6nem kazand\u0131. Zira tedbirlerin uygulanmas\u0131nda ya\u015fanacak eksiklik veya hatalar, ileride AVM ve perakendecilerin itibarlar\u0131n\u0131 \u00e7e\u015fitli \u015fekillerde olumsuz y\u00f6nde etkileyebilir.<\/p>\n<p>Bu tedbirlerin al\u0131nmas\u0131, AVM yat\u0131r\u0131mc\u0131lar\u0131 i\u00e7in ek masraflara sebebiyet verecektir. Bu ek masraflar\u0131n ne oranda ortak gider olarak kirac\u0131lara yans\u0131t\u0131laca\u011f\u0131n\u0131n tespit edilmesi \u00f6n\u00fcm\u00fczdeki g\u00fcnlerde hukuki ve ekonomik a\u00e7\u0131dan de\u011ferlendirilmesi gereken konular\u0131ndan biri olacakt\u0131r. Bu eksende perakende birliklerinin kira ve ortak alan bedeline ili\u015fkin \u00f6demesiz d\u00f6nem gibi talepleri AVM&#8217;ler taraf\u0131nda ek maliyetler do\u011furmaktad\u0131r. En az\u0131ndan maliyetlerin bilinir olmas\u0131 sayesinde, taraflar aras\u0131nda daha ger\u00e7ek\u00e7i bir platformda tart\u0131\u015f\u0131labilece\u011fini \u00fcmit ediyoruz.<\/p>\n<p>Ziyaret\u00e7i say\u0131s\u0131na ve ma\u011faza i\u00e7erisinde bulunabilecek m\u00fc\u015fteri say\u0131s\u0131na ili\u015fkin, giyim ve kozmetik sekt\u00f6r\u00fcnde faaliyet g\u00f6steren perakendecilere ili\u015fkin ve yeme-i\u00e7me (fast food, yerinde t\u00fcketim) alanlar\u0131nda faaliyet g\u00f6steren kirac\u0131lara ili\u015fkin masa ve sandalyelerin kullan\u0131m\u0131n\u0131n yasaklanmas\u0131 gibi tedbirler AVM\u2019de yer alan kirac\u0131lar\u0131n kira uyarlamas\u0131 talebinde bulunma ihtimalini de g\u00fcndeme getirmektedir.<\/p>\n<p>Her ne kadar art\u0131k perakende ve AVM&#8217;ler i\u00e7 i\u00e7e ge\u00e7mi\u015f olsa ve bu anlamda dostane \u00e7\u00f6z\u00fcmlere \u00f6ncelik vermeyi tercih etseler bile taraflar\u0131n uyu\u015fmazl\u0131k sebebiyle mahkemelerde yasal yollara ba\u015fvurulmas\u0131 halinde dava s\u00fcrecinin \u00e7ok uzun s\u00fcrece\u011fi ve taraflar aras\u0131ndaki dostane ticari ve s\u00f6zle\u015fmesel ili\u015fkiye zarar verece\u011fi dikkate al\u0131nmal\u0131d\u0131r. Bu noktada, s\u00f6z konusu s\u00fcre\u00e7lerin m\u00fcmk\u00fcn olan en k\u0131sa s\u00fcrede tamamlanabilmesi i\u00e7in, \u0130stanbul Tahkim Merkezi (ISTAC) gibi alternatif uyu\u015fmazl\u0131k \u00e7\u00f6z\u00fcm\u00fc y\u00f6ntemleri hakk\u0131nda yap\u0131lacak yeni protokollerle \u00f6nceden anla\u015fmaya var\u0131lmas\u0131n\u0131, olas\u0131 ihtilaflar\u0131 h\u0131zl\u0131 ve daha az masrafl\u0131 sonland\u0131rmak ad\u0131na tavsiye ediyoruz.<\/p>\n<p>AVM ve ma\u011fazalar aras\u0131ndaki ili\u015fkiye ek olarak, g\u00fcvenlik, temizlik ve bak\u0131m gibi hizmetlere y\u00f6nelik ek tedbirler kapsam\u0131nda alty\u00fcklenicilerden al\u0131nan hizmetlere ili\u015fkin s\u00f6zle\u015fmelerin de tekrar g\u00f6zden ge\u00e7irilmesi gerekecektir.<\/p>\n<p><strong>Rehber, AVM ve perakendeciler i\u00e7in hangi tedbirlerin al\u0131nmas\u0131n\u0131 \u00f6ng\u00f6r\u00fcyor?<\/strong><\/p>\n<p>Rehber\u2019de al\u0131\u015fveri\u015f merkezlerinin ve perakendecilerin almas\u0131 gereken \u00f6nlemler ve yeni &#8220;anormal&#8221; d\u00f6nemde al\u0131\u015fveri\u015f merkezleri i\u00e7inde uyulmas\u0131 gereken kurallar a\u015fa\u011f\u0131daki \u015fekilde belirlendi:<\/p>\n<p><strong>1. Al\u0131\u015fveri\u015f Merkezlerinin Alaca\u011f\u0131 Tedbirler:<\/strong><\/p>\n<p><em>(a)\u00a0<u>Al\u0131\u015fveri\u015f Merkezi Giri\u015f-\u00c7\u0131k\u0131\u015flar\u0131na \u0130li\u015fkin \u00d6nlemler<\/u><\/em><\/p>\n<ul>\n<li>AVM i\u00e7erisine COVID-19 \u00f6nlemleriyle ilgili bilgilendirme afi\u015fler as\u0131lmas\u0131 ve uyulmas\u0131 gereken kurallar video veya anons ile duyurulmas\u0131;<\/li>\n<li>AVM i\u00e7erisindeki uygun yerlerde ve giri\u015flerde el dezenfektan\u0131 bulundurulmas\u0131;<\/li>\n<li>AVM giri\u015finde bulunan hava perdelerinin kapat\u0131lmas\u0131 (mevcutsa);<\/li>\n<li>Giri\u015f ve \u00e7\u0131k\u0131\u015flar\u0131n, ziyaret\u00e7ilerin birbirleriyle temas etmeyece\u011fi \u015fekilde d\u00fczenlenmesi;<\/li>\n<li>Giri\u015f ve \u00e7\u0131k\u0131\u015flar i\u00e7in zemine tek y\u00f6nl\u00fc gidi\u015f-geli\u015f i\u015faretleri konulmas\u0131;<\/li>\n<li>Ki\u015filerin birbirlerine yak\u0131n olabilece\u011fi yerlerde sosyal mesafenin korunabilmesi i\u00e7in en az bir metre mesafe ile zemine i\u015faretleme yap\u0131lmas\u0131;<\/li>\n<li>Giri\u015f kap\u0131lar\u0131n\u0131n say\u0131lar\u0131n\u0131n art\u0131r\u0131lmas\u0131;<\/li>\n<li>AVM\u2019den \u00e7\u0131k\u0131\u015f yapan ki\u015fi say\u0131s\u0131 kadar ki\u015fiye giri\u015f izni verilmesi;<\/li>\n<li>AVM i\u00e7erisinde t\u0131bbi maske tak\u0131lmas\u0131n\u0131n zorunlu tutulmas\u0131 ve t\u0131bbi maskesi olmayan ziyaret\u00e7ilerin AVM\u2019ye al\u0131nmamas\u0131;<\/li>\n<li>AVM giri\u015finde ate\u015f \u00f6l\u00e7\u00fcm\u00fc yap\u0131lmas\u0131, 38 dereceden fazla ate\u015fi olan ziyaret\u00e7ilerin i\u00e7eri al\u0131nmamas\u0131 ve sa\u011fl\u0131k birimlerine y\u00f6nlendirilmesi;<\/li>\n<li>Ziyaret\u00e7ilerin s\u0131ra ile i\u00e7eri al\u0131nmas\u0131;<\/li>\n<li>Ziyaret\u00e7ilerin AVM i\u00e7erisinde grup halinde dola\u015fmamas\u0131 ve 3 saatten fazla bulunulmamas\u0131na ili\u015fkin anons veya video yay\u0131n\u0131 yap\u0131lmas\u0131;<\/li>\n<\/ul>\n<p><em>(b) Ortak Alanlara \u0130li\u015fkin \u00d6nlemler<\/em><\/p>\n<ul>\n<li>Yemek kat\u0131nda bulunan masa ve sandalyelerin kullan\u0131m\u0131n\u0131n engellenmesi;<\/li>\n<li>Toplu etkinlikler, promosyon uygulamalar\u0131, bro\u015f\u00fcr da\u011f\u0131t\u0131m\u0131, dinlenme alanlar\u0131n\u0131n kullan\u0131m\u0131, \u00e7ocuk oyun alanlar\u0131 ve sinemalar, mescitler, oto y\u0131kama, vale hizmetleri, genel alanlarda yemek ve g\u0131da t\u00fcketimi, tekerlekli sandalye kullan\u0131lmas\u0131, sigara i\u00e7me alanlar\u0131n\u0131n kullan\u0131lmas\u0131, mama sandalyesi kullan\u0131m\u0131 ve bebek arabas\u0131 kiralanmas\u0131 gibi durumlara izin verilmemesi;<\/li>\n<li>Asans\u00f6r kapasitesi 1\/3 oran\u0131nda azalt\u0131lmas\u0131 ve bu say\u0131n\u0131n asans\u00f6r kap\u0131s\u0131nda belirtilmesi;<\/li>\n<li>AVM i\u00e7erisinde bulunan ki\u015fi say\u0131s\u0131n\u0131n her 10 metrekare i\u00e7in 1 ki\u015fiyi ge\u00e7meyecek \u015fekilde s\u0131n\u0131rland\u0131r\u0131lmas\u0131;<\/li>\n<\/ul>\n<p><em>(c) Al\u0131\u015fveri\u015f Merkezlerinde Al\u0131nacak Hijyen \u00d6nlemleri<\/em><\/p>\n<ul>\n<li>Y\u00fcr\u00fcyen merdiven bantlar\u0131, ortak alan kap\u0131 kollar\u0131, t\u0131rabzanlar ve asans\u00f6r d\u00fc\u011fmeleri gibi alanlar\u0131n g\u00fcnde en az 3 kez dezenfekte edilmesi;<\/li>\n<li>Dezenfektan p\u00fcsk\u00fcrtme t\u00fcneli uygulamalar\u0131ndan ka\u00e7\u0131n\u0131lmas\u0131;<\/li>\n<li>Tuvaletlere el y\u0131kama ve maske kullan\u0131m\u0131 ile ilgili afi\u015fler as\u0131lmas\u0131;<\/li>\n<li>Tuvaletlerde tek kullan\u0131ml\u0131k k\u00e2\u011f\u0131t havlu sistemine ge\u00e7ilmesi;<\/li>\n<li>Tuvaletlerde s\u0131v\u0131 sabun bulundurulmas\u0131 ve devaml\u0131l\u0131\u011f\u0131 sa\u011flanmas\u0131;<\/li>\n<li>Tuvalette kullan\u0131lan musluk ve sabunun m\u00fcmk\u00fcnse fotoselli olmas\u0131;<\/li>\n<li>Tuvalet kap\u0131lar\u0131n\u0131n elle a\u00e7\u0131lmas\u0131n\u0131n engellenmesi, kap\u0131 yerine mahremiyeti sa\u011flayacak \u00e7\u00f6z\u00fcmler bulunmas\u0131;<\/li>\n<li>Tuvalet temizli\u011fi i\u00e7in 1\/10 suland\u0131r\u0131lm\u0131\u015f Sodyum Hiporklorit Cas No: 7681-52-9 kullan\u0131lmas\u0131.<\/li>\n<\/ul>\n<p><em>(d)\u00a0<u>Havaland\u0131rmaya \u0130li\u015fkin Tedbirler<\/u><\/em><\/p>\n<ul>\n<li>Etkin havaland\u0131rma sa\u011flanmas\u0131 (Buna ili\u015fkin bir tan\u0131m bulunmamaktad\u0131r ancak a\u015fa\u011f\u0131daki hususlar\u0131n ger\u00e7ekle\u015ftirilmesi halinde bu kriterin sa\u011fland\u0131\u011f\u0131na ili\u015fkin arg\u00fcman olabilir.);<\/li>\n<li>Havaland\u0131rma sisteminin filtre de\u011fi\u015fimleri ve kontrollerinin d\u00fczenli yap\u0131lmas\u0131;<\/li>\n<li>Filtre de\u011fi\u015fimi yapan personelin N95 veya FFFP2 maske, eldiven ve y\u00fcz siperli\u011fi kullanmas\u0131;<\/li>\n<li>\u00c7\u0131kart\u0131lan filtrelerin iki kez po\u015fetlenerek at\u0131lmas\u0131;<\/li>\n<li>Klima santrallerinin normal temizlik periyotlar\u0131n\u0131n k\u0131salt\u0131lmas\u0131;<\/li>\n<li>Merkezi havaland\u0131rma d\u0131\u015f\u0131nda klima sistemlerinin kullan\u0131lmamas\u0131;<\/li>\n<li>Havaland\u0131rman\u0131n 7\/24 \u00e7al\u0131\u015fmaya devam etmesi;<\/li>\n<li>Kirli hava \u00e7\u0131k\u0131\u015f\u0131n\u0131n yap\u0131ld\u0131\u011f\u0131 alanlardan insan ge\u00e7i\u015finin engellenmesi;<\/li>\n<li>S\u0131k kullan\u0131lan alanlar\u0131n su ve sabunla temizli\u011finden sonra dezenfekte i\u015flemi yap\u0131lmas\u0131.<\/li>\n<\/ul>\n<ol start=\"2\">\n<li><strong> Perakendecilerin Alacaklar\u0131 Tedbirler,<\/strong><\/li>\n<\/ol>\n<ul>\n<li>\u0130\u015fyerleri i\u00e7erisine COVID-19 tedbirleri ile ilgili afi\u015fler as\u0131lmas\u0131;<\/li>\n<li>\u0130\u015fyeri i\u00e7erisinde, kasalarda ve giri\u015f \u00e7\u0131k\u0131\u015flarda, el dezenfektan\u0131 bulundurulmas\u0131;<\/li>\n<li>Personelin maske kullanmas\u0131;<\/li>\n<li>\u0130\u015fyeri i\u00e7inde kalabal\u0131\u011f\u0131n \u00f6nlenmesi i\u00e7in kap\u0131 \u00f6n\u00fcne basit \u00f6nleyici\/engelleyici konulmas\u0131 (k\u0131rm\u0131z\u0131 bir bant, plastik duba gibi);<\/li>\n<li>\u0130\u015fyerine, \u00e7al\u0131\u015fanlar dahil 8 metrekareye 1 ki\u015fi d\u00fc\u015fecek \u015fekilde ziyaret\u00e7i al\u0131nmas\u0131 (\u00f6r. 32 metrekarelik bir ma\u011fazada 2 \u00e7al\u0131\u015fan varsa i\u00e7eri ancak 2 m\u00fc\u015fteri ayn\u0131 anda al\u0131nabilir);<\/li>\n<li>Sosyal mesafe tedbirlerinin i\u015fyeri i\u00e7inde ve d\u0131\u015f\u0131nda (\u00f6rn. ma\u011faza giri\u015fi) da al\u0131nmas\u0131 ve zemine en az bir metre mesafe ile i\u015faretler konulmas\u0131;<\/li>\n<li>Deneme kabinlerinin m\u00fcmk\u00fcn oldu\u011funca az kulland\u0131r\u0131lmas\u0131;<\/li>\n<li>Deneme kabini kullan\u0131m s\u00fcresinin 10 dakikay\u0131 ge\u00e7memesi, maskelerin \u00e7\u0131kart\u0131lmamas\u0131 y\u00f6n\u00fcnde uyar\u0131lar yap\u0131lmas\u0131 ve her bir m\u00fc\u015fteriden sonra havaland\u0131r\u0131lmas\u0131 ve s\u0131k kullan\u0131lan y\u00fczeylerin dezenfekte edilmesi;<\/li>\n<li>Kullan\u0131lmad\u0131\u011f\u0131 zamanlarda kabinlerin kap\u0131lar\u0131n\u0131n a\u00e7\u0131k b\u0131rak\u0131larak havaland\u0131r\u0131lmas\u0131;<\/li>\n<li>\u0130kiden fazla deneme kabini bulunan i\u015fletmelerde, kabinlerin birer atlanarak d\u00f6n\u00fc\u015f\u00fcml\u00fc kullan\u0131lmas\u0131 ( ilk seferde 1,3,5 numaral\u0131 kabinler sonraki seferde 2,4,6 numaral\u0131 kabinler gibi);<\/li>\n<li>Denenen \u00fcr\u00fcnlerin insan sa\u011fl\u0131\u011f\u0131na zararl\u0131 ultraviyole \u0131\u015f\u0131nlar\u0131 uygulamas\u0131 yap\u0131lmamas\u0131;<\/li>\n<li>Kozmetik \u00fcr\u00fcnlerin ve parf\u00fcmlerin denetilmemesi;<\/li>\n<li>Temass\u0131z \u00f6deme y\u00f6ntemlerinin te\u015fvik edilmesi, nakit kullan\u0131m\u0131ndan ka\u00e7\u0131n\u0131lmas\u0131;<\/li>\n<li>\u0130\u015fyeri temizli\u011finin g\u00fcnl\u00fck olarak yap\u0131lmas\u0131;<\/li>\n<li>S\u0131k kullan\u0131lan alanlar\u0131n su ve sabunla temizli\u011finden sonra dezenfekte i\u015flemi yap\u0131lmas\u0131;<\/li>\n<li>\u00c7al\u0131\u015fma tezgahlar\u0131n\u0131n en az %70 alkol bar\u0131nd\u0131ran dezenfektanlarla dezenfekte edilmesi.<\/li>\n<\/ul>\n<ol start=\"3\">\n<li><strong> Hem AVM\u2019nin Hem Perakendecilerin Personellerine \u0130li\u015fkin Tedbirler<\/strong><\/li>\n<\/ol>\n<ul>\n<li>Mal kabul b\u00f6l\u00fcm\u00fcnde el dezenfektan\u0131 bulundurulmas\u0131;<\/li>\n<li>Mal kabul b\u00f6l\u00fcm\u00fcnde \u00e7al\u0131\u015fan say\u0131s\u0131n\u0131n azalt\u0131lmas\u0131;<\/li>\n<li>Dezenfektan p\u00fcsk\u00fcrtme i\u015flemi yap\u0131lmamas\u0131;<\/li>\n<li>Berber, kuaf\u00f6r ve g\u00fczellik salonlar\u0131nda al\u0131nmas\u0131 gereken tedbirlere, bu i\u015fletmelerin de uymas\u0131;<\/li>\n<li>COVID-19 belirtisi g\u00f6steren, tan\u0131s\u0131 olan veya temasl\u0131 olan personelin en az 14 g\u00fcn \u00e7al\u0131\u015ft\u0131r\u0131lmamas\u0131;<\/li>\n<li>Belirti g\u00f6steren personelin izole edilmesi ve sa\u011fl\u0131k birimlerine y\u00f6nlendirilmesi;<\/li>\n<li>Vardiyal\u0131 \u00e7al\u0131\u015fma ile ayn\u0131 anda bulunacak personel say\u0131s\u0131n\u0131n en aza indirilmesi;<\/li>\n<li>Personelin maske takmas\u0131 ve nemlendi\u011finde veya kirlendi\u011finde de\u011fi\u015ftirilmesi sa\u011flanmas\u0131;<\/li>\n<li>Yeni maske tak\u0131l\u0131rken ellerin dezenfekte edilmesi;<\/li>\n<li>AVM ve i\u015f yerlerinde yemeklerin \u00e7al\u0131\u015fanlara kumanya \u015feklinde verilmesi ve bunun organizasyonunun AVM y\u00f6netimi taraf\u0131ndan yap\u0131lmas\u0131;<\/li>\n<li>Toplu halde yemek yenmemesi;<\/li>\n<li>G\u00fcvenlik personeli i\u00e7in caml\u0131 kabin kurulmas\u0131, b\u00f6yle bir imk\u00e2n yoksa sosyal mesafeye uyulmas\u0131;<\/li>\n<li>G\u00fcvenlik personelinin, yak\u0131n temasta bulunulacaksa (\u00fcst aramas\u0131 gibi), ki\u015fisel koruyucu ekipman kullanmas\u0131;<\/li>\n<li>V\u00fccut salg\u0131lar\u0131yla g\u00f6zle g\u00f6r\u00fcl\u00fcr bir kirlenme olas\u0131l\u0131\u011f\u0131 yoksa eldiven kullan\u0131lmamas\u0131;<\/li>\n<li>Ki\u015fisel koruyucu ekipman kullan\u0131m\u0131 konusunda e\u011fitim verilmesi, bu ekipmanlar\u0131n g\u00f6rev s\u00fcresince kesintisiz kullan\u0131lmas\u0131;<\/li>\n<li>Eldiven ve maskelerin at\u0131l\u0131rken iki kat po\u015fetlenmesi, y\u00fcz koruyucu ve g\u00f6zl\u00fc\u011f\u00fcn ise en az 70 derece alkolle dezenfekte edilmesi;<\/li>\n<li>Temizlik personelinin t\u0131bbi maske ve eldiven kullanmas\u0131.<\/li>\n<\/ul>\n<p>Getirilen tedbirler ile alakal\u0131 farkl\u0131 hukuk dallar\u0131n\u0131 ilgilendiren ve tedbirlerden etkilenen her bir taraf a\u00e7\u0131s\u0131ndan de\u011ferlendirmesi gereken sorular\u0131 a\u015fa\u011f\u0131da s\u0131ral\u0131yoruz:<\/p>\n<table>\n<tbody>\n<tr>\n<td width=\"463\">Her kira s\u00f6zle\u015fmesinin kendi dinamikleri i\u00e7inde de\u011ferlendirilmesi gereken konular:<\/p>\n<ul>\n<li>Kiraya verenin \u00f6nlemlere ili\u015fkin katlanmak zorunda oldu\u011fu masraflar nelerdir? Ortak giderler nas\u0131l payla\u015ft\u0131r\u0131lmal\u0131 ve d\u00fczenlenmelidir?<\/li>\n<li>\u00d6nceden de \u00f6deme g\u00fc\u00e7l\u00fc\u011f\u00fc \u00e7eken ma\u011fazalar i\u00e7in fesih prosed\u00fcr\u00fc \u015fimdiden nas\u0131l tasarlanmal\u0131d\u0131r?<\/li>\n<li>Perakendeci olarak art\u0131k ihtiya\u00e7 duymad\u0131\u011f\u0131m bir AVM ma\u011fazas\u0131n\u0131n s\u00f6zle\u015fmesini en az masrafla ve en do\u011fru y\u00f6ntemle nas\u0131l feshedebilirim?<\/li>\n<li>Hangi ek \u00f6nlemlerin masraflar\u0131 ortak alan masraf\u0131 olarak perakendecilere yans\u0131t\u0131labilir?<\/li>\n<li>A\u00e7\u0131klanan \u00f6nlemler \u00e7er\u00e7evesinde kafe, restoran, oyun alanlar\u0131 ve spor salonlar\u0131 a\u00e7\u0131s\u0131ndan akde vefa s\u00fcresi yeniden de\u011ferlendirilmeli midir?<\/li>\n<li>A\u00e7\u0131lan AVM&#8217;lerde ma\u011faza a\u00e7mayan perakendeciler veya AVM&#8217;ler a\u00e7\u0131s\u0131ndan ba\u015fvurulabilecek s\u00f6zle\u015fme h\u00fck\u00fcmleri ve tamamlay\u0131c\u0131 hukuk kurallar\u0131 nelerdir?<\/li>\n<li>Al\u0131nan tedbirleri yerine getirmeyen AVM veya perakendeciler birbirlerine kar\u015f\u0131 hangi taleplerde bulunabilir? Bu konuda nas\u0131l bir analiz yap\u0131labilir ve gerekti\u011finde h\u0131zl\u0131 m\u00fcdahale m\u00fcmk\u00fcn m\u00fc?<\/li>\n<li>Proje finansman\u0131 \u00e7er\u00e7evesinde a\u00e7\u0131lan AVM&#8217;lerin banka kredi s\u00f6zle\u015fmeleri kirac\u0131larla olan pazarl\u0131klar\u0131 nas\u0131l etkileyecek? Finansman s\u00f6zle\u015fmelerinde bu de\u011ferlendirmeyi etkileyebilecek h\u00fck\u00fcmler yer al\u0131yor mu?<\/li>\n<li>Rehber&#8217;de yer alan \u00f6nlemler \u00e7er\u00e7evesinde alty\u00fcklenici sisteminin yeniden g\u00f6zden ge\u00e7irilmesi s\u00f6zle\u015fmenin tadilini gerektirir mi? Fesih bir alternatif mi?<\/li>\n<\/ul>\n<\/td>\n<td width=\"164\">\u00a0 \u00a0 \u00a0(Kira Hukuku)<\/td>\n<\/tr>\n<tr>\n<td width=\"463\">\u0130\u015f hukuku anlam\u0131nda sorulabilecek sorular:<\/p>\n<ul>\n<li>\u00c7al\u0131\u015fan say\u0131s\u0131nda ve vardiyalarda d\u00fczenleme yap\u0131lmas\u0131n\u0131n i\u015f hukukuna etkileri nelerdir?<\/li>\n<li>Al\u0131nan tedbirlere uymayan personele ili\u015fkin uygulanabilecek m\u00fceyyideler neler olabilir?<\/li>\n<li>Vardiyal\u0131 \u00e7al\u0131\u015fma ile ayn\u0131 anda bulunacak personel say\u0131s\u0131n\u0131n en aza indirilmesi konusunda i\u015f\u00e7ilerin faaliyet alanlar\u0131n\u0131n de\u011fi\u015ftirilmesi m\u00fcmk\u00fcn m\u00fc?<\/li>\n<\/ul>\n<\/td>\n<td width=\"164\">\u00a0 \u00a0 \u00a0(\u0130\u015f hukuku)<\/td>\n<\/tr>\n<tr>\n<td width=\"463\">Ki\u015fisel verilerin korunmas\u0131 hukuku a\u00e7\u0131s\u0131ndan sorulabilecek sorular:<\/p>\n<ul>\n<li>Ziyaret\u00e7ilerin AVM veya ma\u011faza giri\u015flerinde ate\u015f \u00f6l\u00e7\u00fcm\u00fc yap\u0131lmas\u0131 m\u00fcmk\u00fcn m\u00fc? Ate\u015f \u00f6l\u00e7\u00fcmlerine ili\u015fkin kay\u0131t tutulabilir mi? Bunun i\u00e7in a\u00e7\u0131k r\u0131za almak gerekir mi?<\/li>\n<li>20 ya\u015f alt\u0131 ve 65 ya\u015f \u00fcst\u00fc soka\u011fa \u00e7\u0131kma yasa\u011f\u0131 oldu\u011fu dikkate al\u0131nd\u0131\u011f\u0131nda giri\u015flerde kimlik kontrol\u00fc yap\u0131lmas\u0131 m\u00fcmk\u00fcn m\u00fcd\u00fcr? Bunlar\u0131n kopyalar\u0131n\u0131n al\u0131nmas\u0131 ki\u015fisel verilerin korunmas\u0131 hukuku a\u00e7\u0131s\u0131ndan sorun yaratacak m\u0131d\u0131r?<\/li>\n<li>Sa\u011fl\u0131k birimlerine y\u00f6nlendirme konusu dikkate al\u0131nd\u0131\u011f\u0131nda s\u00f6z konusu sa\u011fl\u0131k verisinin de aktar\u0131lmas\u0131 ve dolay\u0131s\u0131yla i\u015flenmesi gerekmekte midir? Bu verilerin yurt d\u0131\u015f\u0131na aktar\u0131m\u0131 konusunda herhangi bir s\u0131n\u0131rlama bulunmakta m\u0131d\u0131r?<\/li>\n<li>AVM giri\u015flerinde yer alacak bilgilendirme yaz\u0131s\u0131nda ki\u015fisel verilerin korunmas\u0131 hukuku a\u00e7\u0131s\u0131ndan hangi hususlara yer verilmelidir?<\/li>\n<li>A\u00e7\u0131k r\u0131za al\u0131nmas\u0131 gerekti\u011fi hallerde bu a\u00e7\u0131k hangi y\u00f6ntemlerle al\u0131nabilir?<\/li>\n<\/ul>\n<\/td>\n<td width=\"164\">\u00a0 \u00a0 \u00a0(Ki\u015fisel Verilerin Korunmas\u0131 Hukuku)<\/td>\n<\/tr>\n<tr>\n<td width=\"463\">Uyu\u015fmazl\u0131k \u00c7\u00f6z\u00fcmleri hakk\u0131nda olas\u0131 sorular:<\/p>\n<ul>\n<li>Perakendeciler, uyarlama davalar\u0131na ili\u015fkin \u015fimdiden ne gibi haz\u0131rl\u0131klar yapabilir? AVM&#8217;ler uyarlama davalar\u0131yla kar\u015f\u0131la\u015ft\u0131klar\u0131nda ne gibi arg\u00fcmanlar ileri s\u00fcrebilirler? Bu arg\u00fcmanlar i\u00e7inde Rehber&#8217;de yer alan \u00f6nlemlerin yerine getirilmesi ya da getirilmemesi nas\u0131l bir rol oynar?<\/li>\n<li>Mahkemelerin y\u00fck\u00fc ve uzunca bir s\u00fcredir tam kapasite ile \u00e7al\u0131\u015fmad\u0131klar\u0131 dikkate ald\u0131\u011f\u0131nda, tahkim yarg\u0131lamas\u0131n\u0131n taraflar i\u00e7in avantajlar\u0131 nelerdir?<\/li>\n<\/ul>\n<\/td>\n<td width=\"164\">\u00a0 \u00a0 \u00a0(Uyu\u015fmazl\u0131k \u00c7\u00f6z\u00fcm\u00fc)<\/td>\n<\/tr>\n<\/tbody>\n<\/table>\n<p><strong>Sonu\u00e7<\/strong><\/p>\n<p>Yukar\u0131da yer verdi\u011fimiz Rehber&#8217;de yer alan \u00f6nlemlerin uygulanmas\u0131nda en \u00f6nemli rollerden biri halk\u0131m\u0131za d\u00fc\u015fmektedir. Halk\u0131m\u0131z bu \u00f6nlemlere \u00fcstlerine d\u00fc\u015fen kadar uyarsa al\u0131nacak t\u00fcm bu masrafl\u0131 \u00f6nlemlerin bir anlam ifade edece\u011fi gerek AVM&#8217;ler gerekse perakendeciler taraf\u0131ndan dile getirilmektedir.<\/p>\n<p>Rehber&#8217;in hali haz\u0131rda asl\u0131nda bas\u0131nda yer alan haberlerde a\u00e7\u0131kland\u0131\u011f\u0131 ve hen\u00fcz yay\u0131nlanan resmi bir a\u00e7\u0131klama bulunmad\u0131\u011f\u0131 dikkate al\u0131nd\u0131\u011f\u0131nda, \u015fu an i\u00e7in \u00f6nlemlere uymayan AVM ve perakendecilerin bir yapt\u0131r\u0131m ile kar\u015f\u0131la\u015fmas\u0131n\u0131n m\u00fcmk\u00fcn olmad\u0131\u011f\u0131 kan\u0131s\u0131nday\u0131z. Bu nedenle resmi kanallardan yap\u0131lmas\u0131 beklenen a\u00e7\u0131klamalar\u0131n \u00f6nemle takip edilmesi gerekmektedir. \u00d6te yandan toplum sa\u011fl\u0131\u011f\u0131 ve itibar a\u00e7\u0131s\u0131ndan, bu \u00f6nlemlere uyma iradesinin en \u00fcst seviyede oldu\u011funa inan\u0131yor ve g\u00f6r\u00fcyoruz.<\/p>\n<p>\u00d6te yandan, konu kamu sa\u011fl\u0131\u011f\u0131 oldu\u011funda, kamu kurumlar\u0131n\u0131n baz\u0131 kanun ve y\u00f6netmeliklerdeki takdir ve yorum yetkisini geni\u015f kullanarak idari para cezalar\u0131n\u0131n AVM&#8217;ler, perakendeciler ve vatanda\u015flar bak\u0131m\u0131ndan s\u00f6z konusu olabilece\u011finin atlanmamas\u0131 gereken bir husus oldu\u011funu d\u00fc\u015f\u00fcn\u00fcyoruz. Ayr\u0131ca bu \u00f6nlemlerin \u0130\u00e7 \u0130\u015fleri Bakanl\u0131\u011f\u0131 veya Sa\u011fl\u0131k Bakanl\u0131\u011f\u0131\u2019n\u0131n genelgelerinde yer almas\u0131 durumunda, genel kolluk ve belediye zab\u0131talar\u0131n\u0131n denetimlerinde ayk\u0131r\u0131l\u0131k tespit edilirse, \u0130l H\u0131fz\u0131ss\u0131hha Kurulu kararlar\u0131 do\u011frultusunda idari para cezas\u0131 uygulanabilecek ve ayr\u0131ca kararlara uymayan i\u015fletmeler hakk\u0131nda kapatma\/ruhsat iptali ve sair mevzuatta belirtilen sair cezalar\u0131n uygulanmas\u0131n\u0131n s\u00f6z konusu olabilece\u011finin alt\u0131n\u0131 \u00e7iziyoruz.<\/p>\n<p>\u00d6rne\u011fin, \u0130zmir B\u00fcy\u00fck\u015fehir Belediyesi Zab\u0131ta Dairesi Ba\u015fkanl\u0131\u011f\u0131 taraf\u0131ndan AVM\u2019lere g\u00f6nderilen \u201cHizmete a\u00e7\u0131lacak olan AVM\u2019erin uymas\u0131 gereken kurallar\u201d konulu 08.05.2020 tarihli yaz\u0131da Rehber\u2019de yer alan \u00f6nlemlere paralel \u00f6nlemlere yer verilmi\u015f, kurallara ayk\u0131r\u0131l\u0131k halinde 1593 say\u0131l\u0131 Umumi H\u0131fz\u0131s\u0131hha Kanunu\u2019nun 282. Maddesi <em>(Ceza H\u00fck\u00fcmleri \u2013 \u0130dari Para Cezas\u0131 &#8211; 289 TL ile 3180 TL aras\u0131)<\/em> ve 5326 say\u0131l\u0131 Kabahatler Kanunu\u2019nun 32. Maddesi <em>(Genel sa\u011fl\u0131\u011f\u0131n korunmas\u0131 amac\u0131yla hukuka uygun olarak verilen emre ayk\u0131r\u0131 hareket etme &#8211; 392 TL)<\/em> uyar\u0131nca idari para cezas\u0131 uygulanaca\u011f\u0131, ayr\u0131ca 5393 say\u0131l\u0131 Belediye Kanunu\u2019nda su\u00e7 te\u015fkil eden fiiler i\u00e7in de 5237 say\u0131l\u0131 T\u00fcrk Ceza Kanunu\u2019nun 195. Maddesi (<em>Bula\u015f\u0131c\u0131 hastal\u0131klara ili\u015fkin tedbirlere ayk\u0131r\u0131 davranma &#8211; iki aydan bir y\u0131la kadar hapis cezas\u0131<\/em>) gere\u011fince i\u015flem tesis edilece\u011fi vurgulanm\u0131\u015ft\u0131r.\u00a0Bununla birlikte idarenin, yukar\u0131da yer verilen ve belediyeler taraf\u0131ndan AVM&#8217;lere iletilen yaz\u0131da yer alan yapt\u0131r\u0131mlara ili\u015fkin yetkisi konusunda uygulamada \u00e7e\u015fitli tart\u0131\u015fmalar s\u00fcregelmektedir.<\/p>\n<p><strong>COVID-19 salg\u0131n\u0131 ile ilgili hukuki d\u00fczenlemelerle ilgili bilgilere <u><a href=\"https:\/\/urldefense.com\/v3\/__https:\/esinxchange.com\/collect\/click.aspx?u=ZE9tY0p0YUNLTmt4TkhVeXF4UFNPUkgwV2ZmSlhhY2JReVpjY0xNbldLYmFoVllNV25zRHUzZnVhd0dTQS9sWGZKSHM4a0Rqc3R4V2d2Ym1FcmJpNVFCbWtmU05kTU5j&amp;rh=ff005f13e061a310c0e56622ef41bd806c46eb5c__;!!Hj9Y_P0nvg!AsO5e9VQh8Zoqx5O5JiylnO7xIep-89L7TO3OWYTi_MUr391q6BB5z8Xdqj7jUAaxerrcw$\">Esin Avukatl\u0131k Ortakl\u0131\u011f\u0131 Coronavir\u00fcs Masas\u0131<\/a><\/u>&#8216;ndan ula\u015fabilirsiniz.<\/strong><\/p>\n","protected":false},"excerpt":{"rendered":"<p>Yeni Geli\u015fme Sa\u011fl\u0131k Bakanl\u0131\u011f\u0131 (\u201cBakanl\u0131k\u201d) taraf\u0131ndan ge\u00e7ti\u011fimiz hafta a\u00e7\u0131klanan normalle\u015fme plan\u0131 kapsam\u0131nda 11 May\u0131s&#8217;tan itibaren tekrar a\u00e7\u0131lmas\u0131 g\u00fcndeme gelen al\u0131\u015fveri\u015f [&hellip;]<\/p>\n","protected":false},"author":4,"featured_media":0,"comment_status":"closed","ping_status":"closed","sticky":false,"template":"","format":"standard","meta":{"_acf_changed":false,"_stopmodifiedupdate":false,"_modified_date":"","footnotes":""},"categories":[120,149],"tags":[100],"class_list":["post-16278","post","type-post","status-publish","format-standard","hentry","category-legal-alerts","category-covid-19-tr","tag-real-estate-tr"],"acf":[],"yoast_head":"<!-- This site is optimized with the Yoast SEO plugin v24.0 - https:\/\/yoast.com\/wordpress\/plugins\/seo\/ -->\n<title>COVID-19: Al\u0131\u015fveri\u015f Merkezlerinde Al\u0131nmas\u0131 Gereken Tedbirlerle \u0130lgili A\u00e7\u0131klamalar<\/title>\n<meta name=\"description\" content=\"Yeni Geli\u015fme Sa\u011fl\u0131k Bakanl\u0131\u011f\u0131 (\u201cBakanl\u0131k\u201d) taraf\u0131ndan ge\u00e7ti\u011fimiz hafta a\u00e7\u0131klanan normalle\u015fme plan\u0131 kapsam\u0131nda 11 May\u0131s&#039;tan itibaren tekrar a\u00e7\u0131lmas\u0131\" \/>\n<meta name=\"robots\" content=\"index, follow, max-snippet:-1, max-image-preview:large, max-video-preview:-1\" \/>\n<link rel=\"canonical\" href=\"https:\/\/www.esin.av.tr\/tr\/2020\/05\/11\/covid-19-alisveris-merkezlerinde-alinmasi-gereken-tedbirlerle-ilgili-aciklamalar\/\" \/>\n<meta property=\"og:locale\" content=\"tr_TR\" \/>\n<meta property=\"og:type\" content=\"article\" \/>\n<meta property=\"og:title\" content=\"COVID-19: Al\u0131\u015fveri\u015f Merkezlerinde Al\u0131nmas\u0131 Gereken Tedbirlerle \u0130lgili A\u00e7\u0131klamalar\" \/>\n<meta property=\"og:description\" content=\"Yeni Geli\u015fme Sa\u011fl\u0131k Bakanl\u0131\u011f\u0131 (\u201cBakanl\u0131k\u201d) taraf\u0131ndan ge\u00e7ti\u011fimiz hafta a\u00e7\u0131klanan normalle\u015fme plan\u0131 kapsam\u0131nda 11 May\u0131s&#039;tan itibaren tekrar a\u00e7\u0131lmas\u0131\" \/>\n<meta property=\"og:url\" content=\"https:\/\/www.esin.av.tr\/tr\/2020\/05\/11\/covid-19-alisveris-merkezlerinde-alinmasi-gereken-tedbirlerle-ilgili-aciklamalar\/\" \/>\n<meta property=\"og:site_name\" content=\"Esin Avukatl\u0131k Ortakl\u0131\u011f\u0131\" \/>\n<meta property=\"article:published_time\" content=\"2020-05-11T15:02:43+00:00\" \/>\n<meta property=\"article:modified_time\" content=\"2022-06-09T13:02:36+00:00\" \/>\n<meta name=\"author\" content=\"R\u0131dvan Konrat\" \/>\n<meta name=\"twitter:card\" content=\"summary_large_image\" \/>\n<meta name=\"twitter:label1\" content=\"Written by\" \/>\n\t<meta name=\"twitter:data1\" content=\"R\u0131dvan Konrat\" \/>\n\t<meta name=\"twitter:label2\" content=\"Est. reading time\" \/>\n\t<meta name=\"twitter:data2\" content=\"15 minutes\" \/>\n<script type=\"application\/ld+json\" class=\"yoast-schema-graph\">{\"@context\":\"https:\/\/schema.org\",\"@graph\":[{\"@type\":\"Article\",\"@id\":\"https:\/\/www.esin.av.tr\/tr\/2020\/05\/11\/covid-19-alisveris-merkezlerinde-alinmasi-gereken-tedbirlerle-ilgili-aciklamalar\/#article\",\"isPartOf\":{\"@id\":\"https:\/\/www.esin.av.tr\/tr\/2020\/05\/11\/covid-19-alisveris-merkezlerinde-alinmasi-gereken-tedbirlerle-ilgili-aciklamalar\/\"},\"author\":{\"name\":\"R\u0131dvan Konrat\",\"@id\":\"https:\/\/www.esin.av.tr\/tr\/#\/schema\/person\/42c8e616aab56b8622fa365ad63282ae\"},\"headline\":\"COVID-19: Al\u0131\u015fveri\u015f Merkezlerinde Al\u0131nmas\u0131 Gereken Tedbirlerle \u0130lgili A\u00e7\u0131klamalar\",\"datePublished\":\"2020-05-11T15:02:43+00:00\",\"dateModified\":\"2022-06-09T13:02:36+00:00\",\"mainEntityOfPage\":{\"@id\":\"https:\/\/www.esin.av.tr\/tr\/2020\/05\/11\/covid-19-alisveris-merkezlerinde-alinmasi-gereken-tedbirlerle-ilgili-aciklamalar\/\"},\"wordCount\":2992,\"publisher\":{\"@id\":\"https:\/\/www.esin.av.tr\/tr\/#organization\"},\"keywords\":[\"Gayrimenkul Hukuku\"],\"articleSection\":[\"Hukuk B\u00fcltenleri\",\"Covid-19\"],\"inLanguage\":\"tr\"},{\"@type\":\"WebPage\",\"@id\":\"https:\/\/www.esin.av.tr\/tr\/2020\/05\/11\/covid-19-alisveris-merkezlerinde-alinmasi-gereken-tedbirlerle-ilgili-aciklamalar\/\",\"url\":\"https:\/\/www.esin.av.tr\/tr\/2020\/05\/11\/covid-19-alisveris-merkezlerinde-alinmasi-gereken-tedbirlerle-ilgili-aciklamalar\/\",\"name\":\"COVID-19: Al\u0131\u015fveri\u015f Merkezlerinde Al\u0131nmas\u0131 Gereken Tedbirlerle \u0130lgili A\u00e7\u0131klamalar\",\"isPartOf\":{\"@id\":\"https:\/\/www.esin.av.tr\/tr\/#website\"},\"datePublished\":\"2020-05-11T15:02:43+00:00\",\"dateModified\":\"2022-06-09T13:02:36+00:00\",\"description\":\"Yeni Geli\u015fme Sa\u011fl\u0131k Bakanl\u0131\u011f\u0131 (\u201cBakanl\u0131k\u201d) taraf\u0131ndan ge\u00e7ti\u011fimiz hafta a\u00e7\u0131klanan normalle\u015fme plan\u0131 kapsam\u0131nda 11 May\u0131s'tan itibaren tekrar a\u00e7\u0131lmas\u0131\",\"breadcrumb\":{\"@id\":\"https:\/\/www.esin.av.tr\/tr\/2020\/05\/11\/covid-19-alisveris-merkezlerinde-alinmasi-gereken-tedbirlerle-ilgili-aciklamalar\/#breadcrumb\"},\"inLanguage\":\"tr\",\"potentialAction\":[{\"@type\":\"ReadAction\",\"target\":[\"https:\/\/www.esin.av.tr\/tr\/2020\/05\/11\/covid-19-alisveris-merkezlerinde-alinmasi-gereken-tedbirlerle-ilgili-aciklamalar\/\"]}]},{\"@type\":\"BreadcrumbList\",\"@id\":\"https:\/\/www.esin.av.tr\/tr\/2020\/05\/11\/covid-19-alisveris-merkezlerinde-alinmasi-gereken-tedbirlerle-ilgili-aciklamalar\/#breadcrumb\",\"itemListElement\":[{\"@type\":\"ListItem\",\"position\":1,\"name\":\"Home\",\"item\":\"https:\/\/www.esin.av.tr\/tr\/\"},{\"@type\":\"ListItem\",\"position\":2,\"name\":\"COVID-19: Al\u0131\u015fveri\u015f Merkezlerinde Al\u0131nmas\u0131 Gereken Tedbirlerle \u0130lgili A\u00e7\u0131klamalar\"}]},{\"@type\":\"WebSite\",\"@id\":\"https:\/\/www.esin.av.tr\/tr\/#website\",\"url\":\"https:\/\/www.esin.av.tr\/tr\/\",\"name\":\"Esin Avukatl\u0131k Ortakl\u0131\u011f\u0131\",\"description\":\"\",\"publisher\":{\"@id\":\"https:\/\/www.esin.av.tr\/tr\/#organization\"},\"potentialAction\":[{\"@type\":\"SearchAction\",\"target\":{\"@type\":\"EntryPoint\",\"urlTemplate\":\"https:\/\/www.esin.av.tr\/tr\/?s={search_term_string}\"},\"query-input\":{\"@type\":\"PropertyValueSpecification\",\"valueRequired\":true,\"valueName\":\"search_term_string\"}}],\"inLanguage\":\"tr\"},{\"@type\":\"Organization\",\"@id\":\"https:\/\/www.esin.av.tr\/tr\/#organization\",\"name\":\"Esin Avukatl\u0131k Ortakl\u0131\u011f\u0131\",\"url\":\"https:\/\/www.esin.av.tr\/tr\/\",\"logo\":{\"@type\":\"ImageObject\",\"inLanguage\":\"tr\",\"@id\":\"https:\/\/www.esin.av.tr\/tr\/#\/schema\/logo\/image\/\",\"url\":\"https:\/\/www.esin.av.tr\/wp-content\/uploads\/2021\/09\/esin-2.jpg\",\"contentUrl\":\"https:\/\/www.esin.av.tr\/wp-content\/uploads\/2021\/09\/esin-2.jpg\",\"width\":800,\"height\":460,\"caption\":\"Esin Avukatl\u0131k Ortakl\u0131\u011f\u0131\"},\"image\":{\"@id\":\"https:\/\/www.esin.av.tr\/tr\/#\/schema\/logo\/image\/\"}},{\"@type\":\"Person\",\"@id\":\"https:\/\/www.esin.av.tr\/tr\/#\/schema\/person\/42c8e616aab56b8622fa365ad63282ae\",\"name\":\"R\u0131dvan Konrat\",\"image\":{\"@type\":\"ImageObject\",\"inLanguage\":\"tr\",\"@id\":\"https:\/\/www.esin.av.tr\/tr\/#\/schema\/person\/image\/\",\"url\":\"https:\/\/secure.gravatar.com\/avatar\/b20c6c583be38ed4e76e32f69fccc676?s=96&d=mm&r=g\",\"contentUrl\":\"https:\/\/secure.gravatar.com\/avatar\/b20c6c583be38ed4e76e32f69fccc676?s=96&d=mm&r=g\",\"caption\":\"R\u0131dvan Konrat\"},\"sameAs\":[\"http:\/\/www.esin.av.tr\"],\"url\":\"https:\/\/www.esin.av.tr\/tr\/author\/rkonrat\/\"}]}<\/script>\n<!-- \/ Yoast SEO plugin. -->","yoast_head_json":{"title":"COVID-19: Al\u0131\u015fveri\u015f Merkezlerinde Al\u0131nmas\u0131 Gereken Tedbirlerle \u0130lgili A\u00e7\u0131klamalar","description":"Yeni Geli\u015fme Sa\u011fl\u0131k Bakanl\u0131\u011f\u0131 (\u201cBakanl\u0131k\u201d) taraf\u0131ndan ge\u00e7ti\u011fimiz hafta a\u00e7\u0131klanan normalle\u015fme plan\u0131 kapsam\u0131nda 11 May\u0131s'tan itibaren tekrar a\u00e7\u0131lmas\u0131","robots":{"index":"index","follow":"follow","max-snippet":"max-snippet:-1","max-image-preview":"max-image-preview:large","max-video-preview":"max-video-preview:-1"},"canonical":"https:\/\/www.esin.av.tr\/tr\/2020\/05\/11\/covid-19-alisveris-merkezlerinde-alinmasi-gereken-tedbirlerle-ilgili-aciklamalar\/","og_locale":"tr_TR","og_type":"article","og_title":"COVID-19: Al\u0131\u015fveri\u015f Merkezlerinde Al\u0131nmas\u0131 Gereken Tedbirlerle \u0130lgili A\u00e7\u0131klamalar","og_description":"Yeni Geli\u015fme Sa\u011fl\u0131k Bakanl\u0131\u011f\u0131 (\u201cBakanl\u0131k\u201d) taraf\u0131ndan ge\u00e7ti\u011fimiz hafta a\u00e7\u0131klanan normalle\u015fme plan\u0131 kapsam\u0131nda 11 May\u0131s'tan itibaren tekrar a\u00e7\u0131lmas\u0131","og_url":"https:\/\/www.esin.av.tr\/tr\/2020\/05\/11\/covid-19-alisveris-merkezlerinde-alinmasi-gereken-tedbirlerle-ilgili-aciklamalar\/","og_site_name":"Esin Avukatl\u0131k Ortakl\u0131\u011f\u0131","article_published_time":"2020-05-11T15:02:43+00:00","article_modified_time":"2022-06-09T13:02:36+00:00","author":"R\u0131dvan Konrat","twitter_card":"summary_large_image","twitter_misc":{"Written by":"R\u0131dvan Konrat","Est. reading time":"15 minutes"},"schema":{"@context":"https:\/\/schema.org","@graph":[{"@type":"Article","@id":"https:\/\/www.esin.av.tr\/tr\/2020\/05\/11\/covid-19-alisveris-merkezlerinde-alinmasi-gereken-tedbirlerle-ilgili-aciklamalar\/#article","isPartOf":{"@id":"https:\/\/www.esin.av.tr\/tr\/2020\/05\/11\/covid-19-alisveris-merkezlerinde-alinmasi-gereken-tedbirlerle-ilgili-aciklamalar\/"},"author":{"name":"R\u0131dvan Konrat","@id":"https:\/\/www.esin.av.tr\/tr\/#\/schema\/person\/42c8e616aab56b8622fa365ad63282ae"},"headline":"COVID-19: Al\u0131\u015fveri\u015f Merkezlerinde Al\u0131nmas\u0131 Gereken Tedbirlerle \u0130lgili A\u00e7\u0131klamalar","datePublished":"2020-05-11T15:02:43+00:00","dateModified":"2022-06-09T13:02:36+00:00","mainEntityOfPage":{"@id":"https:\/\/www.esin.av.tr\/tr\/2020\/05\/11\/covid-19-alisveris-merkezlerinde-alinmasi-gereken-tedbirlerle-ilgili-aciklamalar\/"},"wordCount":2992,"publisher":{"@id":"https:\/\/www.esin.av.tr\/tr\/#organization"},"keywords":["Gayrimenkul Hukuku"],"articleSection":["Hukuk B\u00fcltenleri","Covid-19"],"inLanguage":"tr"},{"@type":"WebPage","@id":"https:\/\/www.esin.av.tr\/tr\/2020\/05\/11\/covid-19-alisveris-merkezlerinde-alinmasi-gereken-tedbirlerle-ilgili-aciklamalar\/","url":"https:\/\/www.esin.av.tr\/tr\/2020\/05\/11\/covid-19-alisveris-merkezlerinde-alinmasi-gereken-tedbirlerle-ilgili-aciklamalar\/","name":"COVID-19: Al\u0131\u015fveri\u015f Merkezlerinde Al\u0131nmas\u0131 Gereken Tedbirlerle \u0130lgili A\u00e7\u0131klamalar","isPartOf":{"@id":"https:\/\/www.esin.av.tr\/tr\/#website"},"datePublished":"2020-05-11T15:02:43+00:00","dateModified":"2022-06-09T13:02:36+00:00","description":"Yeni Geli\u015fme Sa\u011fl\u0131k Bakanl\u0131\u011f\u0131 (\u201cBakanl\u0131k\u201d) taraf\u0131ndan ge\u00e7ti\u011fimiz hafta a\u00e7\u0131klanan normalle\u015fme plan\u0131 kapsam\u0131nda 11 May\u0131s'tan itibaren tekrar a\u00e7\u0131lmas\u0131","breadcrumb":{"@id":"https:\/\/www.esin.av.tr\/tr\/2020\/05\/11\/covid-19-alisveris-merkezlerinde-alinmasi-gereken-tedbirlerle-ilgili-aciklamalar\/#breadcrumb"},"inLanguage":"tr","potentialAction":[{"@type":"ReadAction","target":["https:\/\/www.esin.av.tr\/tr\/2020\/05\/11\/covid-19-alisveris-merkezlerinde-alinmasi-gereken-tedbirlerle-ilgili-aciklamalar\/"]}]},{"@type":"BreadcrumbList","@id":"https:\/\/www.esin.av.tr\/tr\/2020\/05\/11\/covid-19-alisveris-merkezlerinde-alinmasi-gereken-tedbirlerle-ilgili-aciklamalar\/#breadcrumb","itemListElement":[{"@type":"ListItem","position":1,"name":"Home","item":"https:\/\/www.esin.av.tr\/tr\/"},{"@type":"ListItem","position":2,"name":"COVID-19: Al\u0131\u015fveri\u015f Merkezlerinde Al\u0131nmas\u0131 Gereken Tedbirlerle \u0130lgili A\u00e7\u0131klamalar"}]},{"@type":"WebSite","@id":"https:\/\/www.esin.av.tr\/tr\/#website","url":"https:\/\/www.esin.av.tr\/tr\/","name":"Esin Avukatl\u0131k Ortakl\u0131\u011f\u0131","description":"","publisher":{"@id":"https:\/\/www.esin.av.tr\/tr\/#organization"},"potentialAction":[{"@type":"SearchAction","target":{"@type":"EntryPoint","urlTemplate":"https:\/\/www.esin.av.tr\/tr\/?s={search_term_string}"},"query-input":{"@type":"PropertyValueSpecification","valueRequired":true,"valueName":"search_term_string"}}],"inLanguage":"tr"},{"@type":"Organization","@id":"https:\/\/www.esin.av.tr\/tr\/#organization","name":"Esin Avukatl\u0131k Ortakl\u0131\u011f\u0131","url":"https:\/\/www.esin.av.tr\/tr\/","logo":{"@type":"ImageObject","inLanguage":"tr","@id":"https:\/\/www.esin.av.tr\/tr\/#\/schema\/logo\/image\/","url":"https:\/\/www.esin.av.tr\/wp-content\/uploads\/2021\/09\/esin-2.jpg","contentUrl":"https:\/\/www.esin.av.tr\/wp-content\/uploads\/2021\/09\/esin-2.jpg","width":800,"height":460,"caption":"Esin Avukatl\u0131k Ortakl\u0131\u011f\u0131"},"image":{"@id":"https:\/\/www.esin.av.tr\/tr\/#\/schema\/logo\/image\/"}},{"@type":"Person","@id":"https:\/\/www.esin.av.tr\/tr\/#\/schema\/person\/42c8e616aab56b8622fa365ad63282ae","name":"R\u0131dvan Konrat","image":{"@type":"ImageObject","inLanguage":"tr","@id":"https:\/\/www.esin.av.tr\/tr\/#\/schema\/person\/image\/","url":"https:\/\/secure.gravatar.com\/avatar\/b20c6c583be38ed4e76e32f69fccc676?s=96&d=mm&r=g","contentUrl":"https:\/\/secure.gravatar.com\/avatar\/b20c6c583be38ed4e76e32f69fccc676?s=96&d=mm&r=g","caption":"R\u0131dvan Konrat"},"sameAs":["http:\/\/www.esin.av.tr"],"url":"https:\/\/www.esin.av.tr\/tr\/author\/rkonrat\/"}]}},"_links":{"self":[{"href":"https:\/\/www.esin.av.tr\/tr\/wp-json\/wp\/v2\/posts\/16278","targetHints":{"allow":["GET"]}}],"collection":[{"href":"https:\/\/www.esin.av.tr\/tr\/wp-json\/wp\/v2\/posts"}],"about":[{"href":"https:\/\/www.esin.av.tr\/tr\/wp-json\/wp\/v2\/types\/post"}],"author":[{"embeddable":true,"href":"https:\/\/www.esin.av.tr\/tr\/wp-json\/wp\/v2\/users\/4"}],"replies":[{"embeddable":true,"href":"https:\/\/www.esin.av.tr\/tr\/wp-json\/wp\/v2\/comments?post=16278"}],"version-history":[{"count":2,"href":"https:\/\/www.esin.av.tr\/tr\/wp-json\/wp\/v2\/posts\/16278\/revisions"}],"predecessor-version":[{"id":16280,"href":"https:\/\/www.esin.av.tr\/tr\/wp-json\/wp\/v2\/posts\/16278\/revisions\/16280"}],"wp:attachment":[{"href":"https:\/\/www.esin.av.tr\/tr\/wp-json\/wp\/v2\/media?parent=16278"}],"wp:term":[{"taxonomy":"category","embeddable":true,"href":"https:\/\/www.esin.av.tr\/tr\/wp-json\/wp\/v2\/categories?post=16278"},{"taxonomy":"post_tag","embeddable":true,"href":"https:\/\/www.esin.av.tr\/tr\/wp-json\/wp\/v2\/tags?post=16278"}],"curies":[{"name":"wp","href":"https:\/\/api.w.org\/{rel}","templated":true}]}}