{"id":16274,"date":"2020-05-11T13:09:41","date_gmt":"2020-05-11T13:09:41","guid":{"rendered":"https:\/\/www.esin.av.tr\/?p=16274"},"modified":"2022-06-09T13:02:40","modified_gmt":"2022-06-09T13:02:40","slug":"rekabet-kurumundan-yeni-bir-adim-dijital-ekonomi-mercek-altinda","status":"publish","type":"post","link":"https:\/\/www.esin.av.tr\/tr\/2020\/05\/11\/rekabet-kurumundan-yeni-bir-adim-dijital-ekonomi-mercek-altinda\/","title":{"rendered":"Rekabet Kurumu&#8217;ndan Yeni Bir Ad\u0131m: Dijital Ekonomi Mercek Alt\u0131nda"},"content":{"rendered":"<p><strong>Yeni Geli\u015fme<\/strong><\/p>\n<p>Rekabet Kurulu, (&#8220;<strong>Kurul<\/strong>&#8220;) internet sitesinde yay\u0131mlad\u0131\u011f\u0131 duyuru ile dijital ekonomi, \u00e7ok tarafl\u0131 platformlar, algoritma ve b\u00fcy\u00fck veri kullan\u0131mlar\u0131na ili\u015fkin gelecek d\u00f6nemde uygulayaca\u011f\u0131 politikalar\u0131 belirlemek ve bu alanlar\u0131 yak\u0131ndan takip edebilmek \u00fczere 07.05.2020 tarihli ve 20-23\/307 say\u0131l\u0131 karar\u0131 ile yeni g\u00f6rev tan\u0131mlar\u0131 belirlemi\u015ftir. \u00a0Karar kapsam\u0131nda, a\u015fa\u011f\u0131daki faaliyetler Strateji Geli\u015ftirme Dairesi Ba\u015fkanl\u0131\u011f\u0131&#8217;n\u0131n g\u00f6rev tan\u0131m\u0131na dahil edilerek Rekabet Kurumu&#8217;nun (&#8220;<strong>Kurum<\/strong>&#8220;) proaktif hareket etmesinin hedeflendi\u011fi ifade edilmi\u015ftir:<\/p>\n<ul>\n<li>Denetim ve Uygulama Daireleri b\u00fcnyesinde y\u00fcr\u00fct\u00fclmekte olan dijital ekonomi konulu birle\u015fme\/devralma, sekt\u00f6r raporu, soru\u015fturma ve \u00f6n ara\u015ft\u0131rmalara katk\u0131 sunmak.<\/li>\n<li>Kurul&#8217;a dijital ekonomi konulu soru\u015fturmalar i\u00e7in gerekti\u011finde g\u00f6r\u00fc\u015f vermek.<\/li>\n<li>Denetim ve Uygulama Daireleri taraf\u0131ndan y\u00fcr\u00fct\u00fclmekte olan dijital ekonomi konulu rekabet incelemelerine gerekti\u011finde meslek personeli deste\u011fi vermek.<\/li>\n<li>Dijital ekonomi konular\u0131nda meslek personelinin e\u011fitimi ve bilgilendirilmesi faaliyetlerinde bulunmak.<\/li>\n<li>Dijital ekonominin ve \u00e7ok tarafl\u0131 platformlar\u0131n ulusal s\u0131n\u0131rlar\u0131 a\u015fan etkileri de g\u00f6z \u00f6n\u00fcne al\u0131narak, uluslararas\u0131 kurulu\u015flarla ve di\u011fer rekabet otoriteleriyle konuyla ilgili bilgi birikimi ve tecr\u00fcbe payla\u015f\u0131m\u0131nda bulunmak.<\/li>\n<li>Piyasalarda bu alandaki sorunlar\u0131n g\u00f6r\u00fcn\u00fcr hale gelmesini ve rekabet ihlali kapsam\u0131nda ele al\u0131nabilmesini teminen yerel ve uluslararas\u0131 d\u00fczeyde e\u011fitim faaliyetlerinde bulunmak.<\/li>\n<li>Dijital ekonomi ve algoritmalar\u0131n piyasalar ve t\u00fcketiciler \u00fczerindeki etkileri konusunda fark\u0131ndal\u0131k yaratmak ve bu konuda ilgili Bakanl\u0131klar, kurum ve kurulu\u015flar nezdinde ileti\u015fimi sa\u011flayarak, karar al\u0131c\u0131lar\u0131n bu konularda kamu politikalar\u0131 geli\u015ftirmesine katk\u0131da bulunmak.<\/li>\n<\/ul>\n<p>Kurul, yapt\u0131\u011f\u0131 duyuruda yukar\u0131daki unsurlara ek olarak b\u00fcy\u00fck veri ve algoritma tabanl\u0131 rekabet ihlallerinin etki alanlar\u0131n\u0131n boyutunun belirlenmesi ve ihlallerin tespitinin g\u00fc\u00e7 oldu\u011funu belirterek al\u0131\u015fageldik uygulama ve yakla\u015f\u0131mlar\u0131n bu alanlardaki sorunlarla ba\u015fa \u00e7\u0131kmada yetersiz kalaca\u011f\u0131n\u0131n g\u00f6zlemlendi\u011fini ifade etmi\u015ftir.<\/p>\n<p><strong>De\u011fi\u015fiklik Ne Anlama Geliyor?<\/strong><\/p>\n<p>Dijital ekonomi alan\u0131nda k\u00fcresel d\u00fczeyde ya\u015fanan \u00f6nemli geli\u015fmelere paralel olarak bir\u00e7ok rekabet otoritesinin son d\u00f6nemde \u00e7ok tarafl\u0131 platformlar, algoritma ve b\u00fcy\u00fck veri kullan\u0131mlar\u0131n\u0131n hem pazar hem de t\u00fcketici \u00fczerindeki etkilerinin denetlenmesi hem de bu alandaki optimum rekabet hukuku uygulamas\u0131 d\u00fczeyinin belirlenmesi i\u00e7in \u00e7al\u0131\u015fmalar y\u00fcr\u00fctt\u00fc\u011f\u00fc bilinmektedir. \u00d6zellikle Birle\u015fik Krall\u0131k rekabet otoritesi Competition and Markets Authority ba\u015fta olmak \u00fczere Amerika Birle\u015fik Devletleri ve bir\u00e7ok Avrupa \u00fclkesinde rekabet otoritelerinin dijital pazarlara ili\u015fkin \u00e7al\u0131\u015fmalar\u0131n\u0131 yo\u011funla\u015ft\u0131rd\u0131\u011f\u0131 veya ayr\u0131 bir g\u00f6rev g\u00fcc\u00fc olu\u015fturdu\u011fu g\u00f6r\u00fclmektedir.<\/p>\n<p>Kurum&#8217;un 2020 y\u0131l\u0131 ba\u015f\u0131nda dijital ekonomi sekt\u00f6r\u00fcnde temel politikalar\u0131 belirleyecek olan <em>Dijitalle\u015fme ve Rekabet Politikas\u0131<\/em> i\u00e7in haz\u0131rl\u0131k \u00e7al\u0131\u015fmalar\u0131n\u0131 ba\u015flatmas\u0131 ve akabinde bahse konu kararla g\u00f6rev tan\u0131mlar\u0131n\u0131 belirlemesi Kurum&#8217;un rekabet hukuku uygulamas\u0131n\u0131 d\u00fcnyadaki dijitalle\u015fme y\u00f6nelimi i\u00e7erisinde k\u00fcresel geli\u015fmelere paralel bi\u00e7imde y\u00fcr\u00fctece\u011finin sinyalini vermektedir. \u00d6zellikle, Kurum taraf\u0131ndan konuya ili\u015fkin yap\u0131lan duyuruda, b\u00fcy\u00fck veri ve algoritma tabanl\u0131 rekabet ihlallerinin al\u0131\u015f\u0131lageldik uygulama ve yakla\u015f\u0131mlar\u0131 yetersiz b\u0131rakt\u0131\u011f\u0131n\u0131n alt\u0131 \u00e7izildi\u011fi d\u00fc\u015f\u00fcn\u00fcld\u00fc\u011f\u00fcnde Kurum&#8217;un bu alandaki uygulamas\u0131n\u0131 zaman i\u00e7erisinde altyap\u0131y\u0131 olu\u015fturan teknoloji ile uyumlu hale getirmeyi hedefledi\u011fi s\u00f6ylenebilecektir. Kurul&#8217;un son d\u00f6nemde \u00e7ok tarafl\u0131 platform ve \u00e7evrimi\u00e7i pazarlara ili\u015fkin verdi\u011fi kararlar\u0131 <em>(\u00f6rn. 07.11.2019 tarihli ve 19-38\/575-243 say\u0131l\u0131 Google Shopping karar\u0131 ile 19.09.2018 tarihli ve 18-33\/555-273 say\u0131l\u0131 Google Android karar\u0131)<\/em> ve sene ba\u015f\u0131ndan beri bu alanda att\u0131\u011f\u0131 ad\u0131mlar g\u00f6z \u00f6n\u00fcnde bulunduruldu\u011funda Kurum&#8217;un dijital pazarlardaki aktif tutumunun devam edece\u011fi ortadad\u0131r.<\/p>\n<p><strong>Sonu\u00e7<\/strong><\/p>\n<p>Kurum&#8217;un son d\u00f6nemde dijital ekonomi alan\u0131nda k\u00fcresel ve yerel d\u00fczeyde giderek artan geli\u015fmeleri yak\u0131ndan takip etmekte ve buna y\u00f6nelik \u00e7al\u0131\u015fmalar y\u00fcr\u00fctmektedir. Kurum&#8217;un duyurusu platform, algoritma ve b\u00fcy\u00fck veri gibi yenilik\u00e7i teknolojilerin ortaya \u00e7\u0131karabilece\u011fi potansiyel rekabet ihlallerinin etki alan\u0131 ve tespitinin \u00e7ok daha derin bir \u015fekilde analiz edece\u011fini g\u00f6stermektedir. Bu kapsamda, Kurum b\u00fcnyesindeki i\u015f tan\u0131m\u0131 geni\u015fletilen Strateji Geli\u015ftirme Dairesi Ba\u015fkanl\u0131\u011f\u0131&#8217;n\u0131n, \u00f6n\u00fcm\u00fczdeki s\u00fcre\u00e7te dijital pazarlarda ge\u00e7erli olacak rekabet politikas\u0131n\u0131n \u015fekillenmesinde \u00f6nemli rol oynamas\u0131 beklenmektedir.<\/p>\n<p><strong>COVID-19 salg\u0131n\u0131 ile ilgili hukuki d\u00fczenlemelerle ilgili bilgilere <\/strong><a href=\"https:\/\/urldefense.com\/v3\/__https:\/esinxchange.com\/collect\/click.aspx?u=ZE9tY0p0YUNLTmt4TkhVeXF4UFNPUkgwV2ZmSlhhY2JReVpjY0xNbldLYmFoVllNV25zRHUzZnVhd0dTQS9sWGZKSHM4a0Rqc3R4V2d2Ym1FcmJpNVFCbWtmU05kTU5j&amp;rh=ff005f13e061a310c0e56622ef41bd806c46eb5c__;!!Hj9Y_P0nvg!AsO5e9VQh8Zoqx5O5JiylnO7xIep-89L7TO3OWYTi_MUr391q6BB5z8Xdqj7jUAaxerrcw$\"><strong>Esin Avukatl\u0131k Ortakl\u0131\u011f\u0131 Coronavir\u00fcs Masas\u0131<\/strong><\/a><strong>&#8216;ndan ula\u015fabilirsiniz.<\/strong><\/p>\n","protected":false},"excerpt":{"rendered":"<p>Yeni Geli\u015fme Rekabet Kurulu, (&#8220;Kurul&#8220;) internet sitesinde yay\u0131mlad\u0131\u011f\u0131 duyuru ile dijital ekonomi, \u00e7ok tarafl\u0131 platformlar, algoritma ve b\u00fcy\u00fck veri kullan\u0131mlar\u0131na [&hellip;]<\/p>\n","protected":false},"author":4,"featured_media":0,"comment_status":"closed","ping_status":"closed","sticky":false,"template":"","format":"standard","meta":{"_acf_changed":false,"_stopmodifiedupdate":false,"_modified_date":"","footnotes":""},"categories":[120,149],"tags":[108],"class_list":["post-16274","post","type-post","status-publish","format-standard","hentry","category-legal-alerts","category-covid-19-tr","tag-competition-tr"],"acf":[],"yoast_head":"<!-- This site is optimized with the Yoast SEO plugin v24.0 - https:\/\/yoast.com\/wordpress\/plugins\/seo\/ -->\n<title>Rekabet Kurumu&#039;ndan Yeni Bir Ad\u0131m: Dijital Ekonomi Mercek Alt\u0131nda<\/title>\n<meta name=\"description\" content=\"Yeni Geli\u015fme Rekabet Kurulu, (&quot;Kurul&quot;) internet sitesinde yay\u0131mlad\u0131\u011f\u0131 duyuru ile dijital ekonomi, \u00e7ok tarafl\u0131 platformlar, algoritma ve b\u00fcy\u00fck veri\" \/>\n<meta name=\"robots\" content=\"index, follow, max-snippet:-1, max-image-preview:large, max-video-preview:-1\" \/>\n<link rel=\"canonical\" href=\"https:\/\/www.esin.av.tr\/tr\/2020\/05\/11\/rekabet-kurumundan-yeni-bir-adim-dijital-ekonomi-mercek-altinda\/\" \/>\n<meta property=\"og:locale\" content=\"tr_TR\" \/>\n<meta property=\"og:type\" content=\"article\" \/>\n<meta property=\"og:title\" content=\"Rekabet Kurumu&#039;ndan Yeni Bir Ad\u0131m: Dijital Ekonomi Mercek Alt\u0131nda\" \/>\n<meta property=\"og:description\" content=\"Yeni Geli\u015fme Rekabet Kurulu, (&quot;Kurul&quot;) internet sitesinde yay\u0131mlad\u0131\u011f\u0131 duyuru ile dijital ekonomi, \u00e7ok tarafl\u0131 platformlar, algoritma ve b\u00fcy\u00fck veri\" \/>\n<meta property=\"og:url\" content=\"https:\/\/www.esin.av.tr\/tr\/2020\/05\/11\/rekabet-kurumundan-yeni-bir-adim-dijital-ekonomi-mercek-altinda\/\" \/>\n<meta property=\"og:site_name\" content=\"Esin Avukatl\u0131k Ortakl\u0131\u011f\u0131\" \/>\n<meta property=\"article:published_time\" content=\"2020-05-11T13:09:41+00:00\" \/>\n<meta property=\"article:modified_time\" content=\"2022-06-09T13:02:40+00:00\" \/>\n<meta name=\"author\" content=\"R\u0131dvan Konrat\" \/>\n<meta name=\"twitter:card\" content=\"summary_large_image\" \/>\n<meta name=\"twitter:label1\" content=\"Written by\" \/>\n\t<meta name=\"twitter:data1\" content=\"R\u0131dvan Konrat\" \/>\n\t<meta name=\"twitter:label2\" content=\"Est. reading time\" \/>\n\t<meta name=\"twitter:data2\" content=\"4 minutes\" \/>\n<script type=\"application\/ld+json\" class=\"yoast-schema-graph\">{\"@context\":\"https:\/\/schema.org\",\"@graph\":[{\"@type\":\"Article\",\"@id\":\"https:\/\/www.esin.av.tr\/tr\/2020\/05\/11\/rekabet-kurumundan-yeni-bir-adim-dijital-ekonomi-mercek-altinda\/#article\",\"isPartOf\":{\"@id\":\"https:\/\/www.esin.av.tr\/tr\/2020\/05\/11\/rekabet-kurumundan-yeni-bir-adim-dijital-ekonomi-mercek-altinda\/\"},\"author\":{\"name\":\"R\u0131dvan Konrat\",\"@id\":\"https:\/\/www.esin.av.tr\/tr\/#\/schema\/person\/42c8e616aab56b8622fa365ad63282ae\"},\"headline\":\"Rekabet Kurumu&#8217;ndan Yeni Bir Ad\u0131m: Dijital Ekonomi Mercek Alt\u0131nda\",\"datePublished\":\"2020-05-11T13:09:41+00:00\",\"dateModified\":\"2022-06-09T13:02:40+00:00\",\"mainEntityOfPage\":{\"@id\":\"https:\/\/www.esin.av.tr\/tr\/2020\/05\/11\/rekabet-kurumundan-yeni-bir-adim-dijital-ekonomi-mercek-altinda\/\"},\"wordCount\":782,\"publisher\":{\"@id\":\"https:\/\/www.esin.av.tr\/tr\/#organization\"},\"keywords\":[\"Rekabet Hukuku\"],\"articleSection\":[\"Hukuk B\u00fcltenleri\",\"Covid-19\"],\"inLanguage\":\"tr\"},{\"@type\":\"WebPage\",\"@id\":\"https:\/\/www.esin.av.tr\/tr\/2020\/05\/11\/rekabet-kurumundan-yeni-bir-adim-dijital-ekonomi-mercek-altinda\/\",\"url\":\"https:\/\/www.esin.av.tr\/tr\/2020\/05\/11\/rekabet-kurumundan-yeni-bir-adim-dijital-ekonomi-mercek-altinda\/\",\"name\":\"Rekabet Kurumu'ndan Yeni Bir Ad\u0131m: Dijital Ekonomi Mercek Alt\u0131nda\",\"isPartOf\":{\"@id\":\"https:\/\/www.esin.av.tr\/tr\/#website\"},\"datePublished\":\"2020-05-11T13:09:41+00:00\",\"dateModified\":\"2022-06-09T13:02:40+00:00\",\"description\":\"Yeni Geli\u015fme Rekabet Kurulu, (\\\"Kurul\\\") internet sitesinde yay\u0131mlad\u0131\u011f\u0131 duyuru ile dijital ekonomi, \u00e7ok tarafl\u0131 platformlar, algoritma ve b\u00fcy\u00fck veri\",\"breadcrumb\":{\"@id\":\"https:\/\/www.esin.av.tr\/tr\/2020\/05\/11\/rekabet-kurumundan-yeni-bir-adim-dijital-ekonomi-mercek-altinda\/#breadcrumb\"},\"inLanguage\":\"tr\",\"potentialAction\":[{\"@type\":\"ReadAction\",\"target\":[\"https:\/\/www.esin.av.tr\/tr\/2020\/05\/11\/rekabet-kurumundan-yeni-bir-adim-dijital-ekonomi-mercek-altinda\/\"]}]},{\"@type\":\"BreadcrumbList\",\"@id\":\"https:\/\/www.esin.av.tr\/tr\/2020\/05\/11\/rekabet-kurumundan-yeni-bir-adim-dijital-ekonomi-mercek-altinda\/#breadcrumb\",\"itemListElement\":[{\"@type\":\"ListItem\",\"position\":1,\"name\":\"Home\",\"item\":\"https:\/\/www.esin.av.tr\/tr\/\"},{\"@type\":\"ListItem\",\"position\":2,\"name\":\"Rekabet Kurumu&#8217;ndan Yeni Bir Ad\u0131m: Dijital Ekonomi Mercek Alt\u0131nda\"}]},{\"@type\":\"WebSite\",\"@id\":\"https:\/\/www.esin.av.tr\/tr\/#website\",\"url\":\"https:\/\/www.esin.av.tr\/tr\/\",\"name\":\"Esin Avukatl\u0131k Ortakl\u0131\u011f\u0131\",\"description\":\"\",\"publisher\":{\"@id\":\"https:\/\/www.esin.av.tr\/tr\/#organization\"},\"potentialAction\":[{\"@type\":\"SearchAction\",\"target\":{\"@type\":\"EntryPoint\",\"urlTemplate\":\"https:\/\/www.esin.av.tr\/tr\/?s={search_term_string}\"},\"query-input\":{\"@type\":\"PropertyValueSpecification\",\"valueRequired\":true,\"valueName\":\"search_term_string\"}}],\"inLanguage\":\"tr\"},{\"@type\":\"Organization\",\"@id\":\"https:\/\/www.esin.av.tr\/tr\/#organization\",\"name\":\"Esin Avukatl\u0131k Ortakl\u0131\u011f\u0131\",\"url\":\"https:\/\/www.esin.av.tr\/tr\/\",\"logo\":{\"@type\":\"ImageObject\",\"inLanguage\":\"tr\",\"@id\":\"https:\/\/www.esin.av.tr\/tr\/#\/schema\/logo\/image\/\",\"url\":\"https:\/\/www.esin.av.tr\/wp-content\/uploads\/2021\/09\/esin-2.jpg\",\"contentUrl\":\"https:\/\/www.esin.av.tr\/wp-content\/uploads\/2021\/09\/esin-2.jpg\",\"width\":800,\"height\":460,\"caption\":\"Esin Avukatl\u0131k Ortakl\u0131\u011f\u0131\"},\"image\":{\"@id\":\"https:\/\/www.esin.av.tr\/tr\/#\/schema\/logo\/image\/\"}},{\"@type\":\"Person\",\"@id\":\"https:\/\/www.esin.av.tr\/tr\/#\/schema\/person\/42c8e616aab56b8622fa365ad63282ae\",\"name\":\"R\u0131dvan Konrat\",\"image\":{\"@type\":\"ImageObject\",\"inLanguage\":\"tr\",\"@id\":\"https:\/\/www.esin.av.tr\/tr\/#\/schema\/person\/image\/\",\"url\":\"https:\/\/secure.gravatar.com\/avatar\/b20c6c583be38ed4e76e32f69fccc676?s=96&d=mm&r=g\",\"contentUrl\":\"https:\/\/secure.gravatar.com\/avatar\/b20c6c583be38ed4e76e32f69fccc676?s=96&d=mm&r=g\",\"caption\":\"R\u0131dvan Konrat\"},\"sameAs\":[\"http:\/\/www.esin.av.tr\"],\"url\":\"https:\/\/www.esin.av.tr\/tr\/author\/rkonrat\/\"}]}<\/script>\n<!-- \/ Yoast SEO plugin. -->","yoast_head_json":{"title":"Rekabet Kurumu'ndan Yeni Bir Ad\u0131m: Dijital Ekonomi Mercek Alt\u0131nda","description":"Yeni Geli\u015fme Rekabet Kurulu, (\"Kurul\") internet sitesinde yay\u0131mlad\u0131\u011f\u0131 duyuru ile dijital ekonomi, \u00e7ok tarafl\u0131 platformlar, algoritma ve b\u00fcy\u00fck veri","robots":{"index":"index","follow":"follow","max-snippet":"max-snippet:-1","max-image-preview":"max-image-preview:large","max-video-preview":"max-video-preview:-1"},"canonical":"https:\/\/www.esin.av.tr\/tr\/2020\/05\/11\/rekabet-kurumundan-yeni-bir-adim-dijital-ekonomi-mercek-altinda\/","og_locale":"tr_TR","og_type":"article","og_title":"Rekabet Kurumu'ndan Yeni Bir Ad\u0131m: Dijital Ekonomi Mercek Alt\u0131nda","og_description":"Yeni Geli\u015fme Rekabet Kurulu, (\"Kurul\") internet sitesinde yay\u0131mlad\u0131\u011f\u0131 duyuru ile dijital ekonomi, \u00e7ok tarafl\u0131 platformlar, algoritma ve b\u00fcy\u00fck veri","og_url":"https:\/\/www.esin.av.tr\/tr\/2020\/05\/11\/rekabet-kurumundan-yeni-bir-adim-dijital-ekonomi-mercek-altinda\/","og_site_name":"Esin Avukatl\u0131k Ortakl\u0131\u011f\u0131","article_published_time":"2020-05-11T13:09:41+00:00","article_modified_time":"2022-06-09T13:02:40+00:00","author":"R\u0131dvan Konrat","twitter_card":"summary_large_image","twitter_misc":{"Written by":"R\u0131dvan Konrat","Est. reading time":"4 minutes"},"schema":{"@context":"https:\/\/schema.org","@graph":[{"@type":"Article","@id":"https:\/\/www.esin.av.tr\/tr\/2020\/05\/11\/rekabet-kurumundan-yeni-bir-adim-dijital-ekonomi-mercek-altinda\/#article","isPartOf":{"@id":"https:\/\/www.esin.av.tr\/tr\/2020\/05\/11\/rekabet-kurumundan-yeni-bir-adim-dijital-ekonomi-mercek-altinda\/"},"author":{"name":"R\u0131dvan Konrat","@id":"https:\/\/www.esin.av.tr\/tr\/#\/schema\/person\/42c8e616aab56b8622fa365ad63282ae"},"headline":"Rekabet Kurumu&#8217;ndan Yeni Bir Ad\u0131m: Dijital Ekonomi Mercek Alt\u0131nda","datePublished":"2020-05-11T13:09:41+00:00","dateModified":"2022-06-09T13:02:40+00:00","mainEntityOfPage":{"@id":"https:\/\/www.esin.av.tr\/tr\/2020\/05\/11\/rekabet-kurumundan-yeni-bir-adim-dijital-ekonomi-mercek-altinda\/"},"wordCount":782,"publisher":{"@id":"https:\/\/www.esin.av.tr\/tr\/#organization"},"keywords":["Rekabet Hukuku"],"articleSection":["Hukuk B\u00fcltenleri","Covid-19"],"inLanguage":"tr"},{"@type":"WebPage","@id":"https:\/\/www.esin.av.tr\/tr\/2020\/05\/11\/rekabet-kurumundan-yeni-bir-adim-dijital-ekonomi-mercek-altinda\/","url":"https:\/\/www.esin.av.tr\/tr\/2020\/05\/11\/rekabet-kurumundan-yeni-bir-adim-dijital-ekonomi-mercek-altinda\/","name":"Rekabet Kurumu'ndan Yeni Bir Ad\u0131m: Dijital Ekonomi Mercek Alt\u0131nda","isPartOf":{"@id":"https:\/\/www.esin.av.tr\/tr\/#website"},"datePublished":"2020-05-11T13:09:41+00:00","dateModified":"2022-06-09T13:02:40+00:00","description":"Yeni Geli\u015fme Rekabet Kurulu, (\"Kurul\") internet sitesinde yay\u0131mlad\u0131\u011f\u0131 duyuru ile dijital ekonomi, \u00e7ok tarafl\u0131 platformlar, algoritma ve b\u00fcy\u00fck veri","breadcrumb":{"@id":"https:\/\/www.esin.av.tr\/tr\/2020\/05\/11\/rekabet-kurumundan-yeni-bir-adim-dijital-ekonomi-mercek-altinda\/#breadcrumb"},"inLanguage":"tr","potentialAction":[{"@type":"ReadAction","target":["https:\/\/www.esin.av.tr\/tr\/2020\/05\/11\/rekabet-kurumundan-yeni-bir-adim-dijital-ekonomi-mercek-altinda\/"]}]},{"@type":"BreadcrumbList","@id":"https:\/\/www.esin.av.tr\/tr\/2020\/05\/11\/rekabet-kurumundan-yeni-bir-adim-dijital-ekonomi-mercek-altinda\/#breadcrumb","itemListElement":[{"@type":"ListItem","position":1,"name":"Home","item":"https:\/\/www.esin.av.tr\/tr\/"},{"@type":"ListItem","position":2,"name":"Rekabet Kurumu&#8217;ndan Yeni Bir Ad\u0131m: Dijital Ekonomi Mercek Alt\u0131nda"}]},{"@type":"WebSite","@id":"https:\/\/www.esin.av.tr\/tr\/#website","url":"https:\/\/www.esin.av.tr\/tr\/","name":"Esin Avukatl\u0131k Ortakl\u0131\u011f\u0131","description":"","publisher":{"@id":"https:\/\/www.esin.av.tr\/tr\/#organization"},"potentialAction":[{"@type":"SearchAction","target":{"@type":"EntryPoint","urlTemplate":"https:\/\/www.esin.av.tr\/tr\/?s={search_term_string}"},"query-input":{"@type":"PropertyValueSpecification","valueRequired":true,"valueName":"search_term_string"}}],"inLanguage":"tr"},{"@type":"Organization","@id":"https:\/\/www.esin.av.tr\/tr\/#organization","name":"Esin Avukatl\u0131k Ortakl\u0131\u011f\u0131","url":"https:\/\/www.esin.av.tr\/tr\/","logo":{"@type":"ImageObject","inLanguage":"tr","@id":"https:\/\/www.esin.av.tr\/tr\/#\/schema\/logo\/image\/","url":"https:\/\/www.esin.av.tr\/wp-content\/uploads\/2021\/09\/esin-2.jpg","contentUrl":"https:\/\/www.esin.av.tr\/wp-content\/uploads\/2021\/09\/esin-2.jpg","width":800,"height":460,"caption":"Esin Avukatl\u0131k Ortakl\u0131\u011f\u0131"},"image":{"@id":"https:\/\/www.esin.av.tr\/tr\/#\/schema\/logo\/image\/"}},{"@type":"Person","@id":"https:\/\/www.esin.av.tr\/tr\/#\/schema\/person\/42c8e616aab56b8622fa365ad63282ae","name":"R\u0131dvan Konrat","image":{"@type":"ImageObject","inLanguage":"tr","@id":"https:\/\/www.esin.av.tr\/tr\/#\/schema\/person\/image\/","url":"https:\/\/secure.gravatar.com\/avatar\/b20c6c583be38ed4e76e32f69fccc676?s=96&d=mm&r=g","contentUrl":"https:\/\/secure.gravatar.com\/avatar\/b20c6c583be38ed4e76e32f69fccc676?s=96&d=mm&r=g","caption":"R\u0131dvan Konrat"},"sameAs":["http:\/\/www.esin.av.tr"],"url":"https:\/\/www.esin.av.tr\/tr\/author\/rkonrat\/"}]}},"_links":{"self":[{"href":"https:\/\/www.esin.av.tr\/tr\/wp-json\/wp\/v2\/posts\/16274","targetHints":{"allow":["GET"]}}],"collection":[{"href":"https:\/\/www.esin.av.tr\/tr\/wp-json\/wp\/v2\/posts"}],"about":[{"href":"https:\/\/www.esin.av.tr\/tr\/wp-json\/wp\/v2\/types\/post"}],"author":[{"embeddable":true,"href":"https:\/\/www.esin.av.tr\/tr\/wp-json\/wp\/v2\/users\/4"}],"replies":[{"embeddable":true,"href":"https:\/\/www.esin.av.tr\/tr\/wp-json\/wp\/v2\/comments?post=16274"}],"version-history":[{"count":1,"href":"https:\/\/www.esin.av.tr\/tr\/wp-json\/wp\/v2\/posts\/16274\/revisions"}],"predecessor-version":[{"id":16275,"href":"https:\/\/www.esin.av.tr\/tr\/wp-json\/wp\/v2\/posts\/16274\/revisions\/16275"}],"wp:attachment":[{"href":"https:\/\/www.esin.av.tr\/tr\/wp-json\/wp\/v2\/media?parent=16274"}],"wp:term":[{"taxonomy":"category","embeddable":true,"href":"https:\/\/www.esin.av.tr\/tr\/wp-json\/wp\/v2\/categories?post=16274"},{"taxonomy":"post_tag","embeddable":true,"href":"https:\/\/www.esin.av.tr\/tr\/wp-json\/wp\/v2\/tags?post=16274"}],"curies":[{"name":"wp","href":"https:\/\/api.w.org\/{rel}","templated":true}]}}