{"id":16243,"date":"2020-05-06T12:44:48","date_gmt":"2020-05-06T12:44:48","guid":{"rendered":"https:\/\/www.esin.av.tr\/?p=16243"},"modified":"2022-06-09T13:00:41","modified_gmt":"2022-06-09T13:00:41","slug":"anayasa-mahkemesinden-ifade-ve-basin-ozgurlugune-dair-yeni-karar","status":"publish","type":"post","link":"https:\/\/www.esin.av.tr\/tr\/2020\/05\/06\/anayasa-mahkemesinden-ifade-ve-basin-ozgurlugune-dair-yeni-karar\/","title":{"rendered":"Anayasa Mahkemesinden \u0130fade ve Bas\u0131n \u00d6zg\u00fcrl\u00fc\u011f\u00fcne Dair Yeni Karar"},"content":{"rendered":"<p><strong>Yeni Geli\u015fme<\/strong><\/p>\n<p>Anayasa Mahkemesi&#8217;nin bir internet haber sitesi hakk\u0131nda verilen eri\u015fim tedbirine ili\u015fkin verdi\u011fi 2015\/16368 say\u0131l\u0131 karar\u0131, 2 May\u0131s 2020 tarihli Resmi Gazete&#8217;de yay\u0131mland\u0131. Mahkeme, internet sitesinin tamam\u0131n\u0131n engellenmesinin bas\u0131n \u00f6zg\u00fcrl\u00fc\u011f\u00fcn\u00fc ihlal etti\u011fine karar verdi. Karara <a href=\"https:\/\/urldefense.com\/v3\/__https:\/esinxchange.com\/collect\/click.aspx?u=ajFKWUgrbUtaTERDOGd3VlZ4cWtyc3ZlbUd2djFySHVVNkxQVVlReTR0K0ZxZUFjeU9TTDUzQ2dTNW9ESjl6dTVrSDh3NW5ONEpKR2RDVWZETVBHYUhBMUFiSzg1T1ZPWE02ai92ajkySytxQVNUdGk0ZzRKVkxwb0Evb0J5bUU=&amp;rh=ff00607fdb95481f8fdbd02015439467ded30cab__;!!Hj9Y_P0nvg!FnE0yvprTquYpzv7G0UjFIshos3V_GWTblF_KcROrr4HtzIVoOFGJZfyzdKQwxhUykhKYQ$\">buradan<\/a> ula\u015fabilirsiniz.<\/p>\n<p><strong>\u0130hlal Konusu Ba\u015fvuru<\/strong><\/p>\n<p>Ba\u015fvuruya konu internet sitesi, emek\u00e7ilerin penceresinden bakarak toplumsal hareketlerin g\u00fcndemini tutmaya \u00e7al\u0131\u015fan, geni\u015f tart\u0131\u015fmalara yer veren bir internet sitesi olarak tan\u0131mlanmaktad\u0131r. Ba\u015fvuruda ayr\u0131ca internet sitesinin \u00e7ok say\u0131da telifli makale ve \u00e7eviriler bar\u0131nd\u0131rd\u0131\u011f\u0131 ve akademisyenler i\u00e7in referans kabul edildi\u011fi belirtilmi\u015ftir. \u0130lgili internet sitesinin de aralar\u0131nda bulundu\u011fu 118 internet sitesi, &#8220;<em>bahse konu i\u00e7eriklerin ya\u015fam hakk\u0131 ile ki\u015filerin can ve mal g\u00fcvenli\u011finin ihlaline sebebiyet verdi\u011fi gerek\u00e7esiyle<\/em>&#8221; Ba\u015fbakanl\u0131k talebi ve Telekom\u00fcnikasyon \u0130leti\u015fim Ba\u015fkanl\u0131\u011f\u0131<a href=\"#_ftn1\"><sup>[1]<\/sup><\/a> (T\u0130B) karar\u0131 ile eri\u015fime engellenmi\u015ftir. Adalet Bakanl\u0131\u011f\u0131 karara ili\u015fkin verdi\u011fi g\u00f6r\u00fc\u015fte eri\u015fime kapat\u0131lan websitesinin &#8220;<em>ter\u00f6r\u00fc \u00f6ven, \u015fiddete ve su\u00e7a te\u015fvik eden ve kamu d\u00fczeninin ve milli g\u00fcvenli\u011fi tehdit eden nitelikte&#8221; <\/em>yay\u0131nlar\u0131 oldu\u011funu belirtmi\u015ftir. Karar, ilgili sulh ceza hakimli\u011fi taraf\u0131ndan onaylanm\u0131\u015f ve onay karar\u0131na yap\u0131lan itiraz\u0131n reddi \u00fczerine kesinle\u015fmi\u015ftir. \u0130nternet sitesinin temsilcisi olan ba\u015fvurucu, al\u0131nan tedbirin hangi gerek\u00e7eyle al\u0131nd\u0131\u011f\u0131n\u0131n a\u00e7\u0131klanmad\u0131\u011f\u0131n\u0131 ve tedbirinin orant\u0131s\u0131z oldu\u011funu belirterek eri\u015fim engeli tedbirinin Anayasa taraf\u0131ndan g\u00fcvence alt\u0131na al\u0131nan ifade ve bas\u0131n \u00f6zg\u00fcrl\u00fc\u011f\u00fcn\u00fc ihlale etti\u011fini ileri s\u00fcrm\u00fc\u015ft\u00fcr.<\/p>\n<p><strong>Karar Ne Diyor?<\/strong><\/p>\n<p>Anayasa Mahkemesi, eldeki olay bak\u0131m\u0131ndan bu t\u00fcr bir eri\u015fim engeli karar\u0131 verilebilmesi i\u00e7in hukuka ayk\u0131r\u0131l\u0131\u011f\u0131n ve kamusal menfaatlere m\u00fcdahalenin ilk bak\u0131\u015fta anla\u015f\u0131labilecek kadar belirgin olmas\u0131, zarar\u0131n s\u00fcratle giderilmesinin zorunlu olmas\u0131 gerekti\u011fini ifade etmi\u015ftir. S\u00f6z konusu i\u00e7erikler tek bir gerek\u00e7e ile engellendi\u011finden i\u00e7eriklerin hangi k\u0131s\u0131mlar\u0131n\u0131n ne \u015fekilde ya\u015fam hakk\u0131 ve ki\u015filerin can ve mal g\u00fcvenli\u011finin ihlaline sebebiyet verdi\u011fi de eri\u015fim engeli kararlar\u0131nda yer almamaktad\u0131r. Bu kapsamda Mahkeme, idari makamlar\u0131n ve mahkemelerin i\u00e7erikler ile s\u0131n\u0131rlama gerek\u00e7esi aras\u0131ndaki ili\u015fkiyi ortaya koyamad\u0131\u011f\u0131n\u0131 belirtmi\u015ftir.<\/p>\n<p>Anayasa Mahkemesi ayr\u0131ca, internet sitesinin eri\u015fimin t\u00fcm\u00fcyle engellendi\u011fine dikkat \u00e7ekerek, 5651 say\u0131l\u0131 Kanun&#8217;da \u00f6ng\u00f6r\u00fclen eri\u015fim engeli kararlar\u0131 i\u00e7in \u00f6ng\u00f6r\u00fclen s\u00fcre\u00e7leri ve dikkat edilmesi gereken hususlar\u0131 hat\u0131rlatt\u0131. Bu kapsamda Mahkeme, verilen eri\u015fim engeli karar\u0131nda bu hususta bir gerek\u00e7elendirme yap\u0131lmad\u0131\u011f\u0131n\u0131 ve engel karar\u0131n\u0131n ifade ve bas\u0131n \u00f6zg\u00fcrl\u00fc\u011f\u00fc bak\u0131m\u0131ndan orant\u0131s\u0131z m\u00fcdahale te\u015fkil etti\u011fini de\u011ferlendirmi\u015ftir.<\/p>\n<p>Yap\u0131lan de\u011ferlendirmeler sonucunda Mahkeme, idari ve\/veya yarg\u0131sal makamlar\u0131n internet sitesinin t\u00fcm\u00fcne eri\u015fimin engellenmesi tedbirinin zorunlu bir toplumsal ihtiyac\u0131 kar\u015f\u0131lad\u0131\u011f\u0131, orant\u0131l\u0131 oldu\u011fu ve demokratik toplum d\u00fczeninin gereklerine uygun oldu\u011fu y\u00f6n\u00fcnde yeterli bir gerek\u00e7e g\u00f6steremediklerini belirterek eri\u015fim engeli karar\u0131n\u0131n ifade ve bas\u0131n \u00f6zg\u00fcrl\u00fc\u011f\u00fcn\u00fc ihlal etti\u011fine karar vermi\u015ftir.<\/p>\n<p><strong>Sonu\u00e7<\/strong><\/p>\n<p>Eri\u015fimin engellenmesi tedbirleri vas\u0131tas\u0131yla ifade \u00f6zg\u00fcrl\u00fc\u011f\u00fcne y\u00f6nelik yap\u0131lan m\u00fcdahalelerde, tedbirin gerek\u00e7esi ile tedbir konusu i\u00e7erik aras\u0131ndaki ili\u015fkinin ortaya konmas\u0131 gerekmektedir. Anayasa Mahkemesi, \u00f6zellikle internet sitesinin tamam\u0131na y\u00f6nelik verilen eri\u015fim engeli kararlar\u0131nda, tedbir karar\u0131n\u0131n orant\u0131l\u0131l\u0131k ve zorunlu bir toplumsal ihtiyac\u0131 kar\u015f\u0131lama unsurlar\u0131 bak\u0131m\u0131ndan yeterli \u015fekilde gerek\u00e7elendirilmesi gerekti\u011fini ifade etmi\u015ftir. 2016 y\u0131l\u0131nda kapat\u0131lan ve yetkileri BTK&#8217;ya devredilen T\u0130B&#8217;in uygulad\u0131\u011f\u0131 bir karar\u0131n uygulamas\u0131n\u0131n g\u00fcn\u00fcm\u00fcze kadar devam etti\u011fi d\u00fc\u015f\u00fcn\u00fcld\u00fc\u011f\u00fcnde, eri\u015fim engelleme tedbirlerinin al\u0131nmas\u0131nda Anayasa Mahkemesi&#8217;nin kararlar\u0131n\u0131n ve \u00f6ng\u00f6rd\u00fc\u011f\u00fc prensiplerin g\u00f6z \u00f6n\u00fcnde bulundurulmas\u0131 \u00f6nem arz etmektedir.<\/p>\n<p><strong>COVID-19 salg\u0131n\u0131 ile ilgili hukuki d\u00fczenlemelerle ilgili bilgilere <\/strong><a href=\"https:\/\/urldefense.com\/v3\/__https:\/esinxchange.com\/collect\/click.aspx?u=ZE9tY0p0YUNLTmt4TkhVeXF4UFNPUkgwV2ZmSlhhY2JReVpjY0xNbldLYmFoVllNV25zRHUzZnVhd0dTQS9sWGZKSHM4a0Rqc3R4V2d2Ym1FcmJpNVFCbWtmU05kTU5j&amp;rh=ff005f13e061a310c0e56622ef41bd806c46eb5c__;!!Hj9Y_P0nvg!AsO5e9VQh8Zoqx5O5JiylnO7xIep-89L7TO3OWYTi_MUr391q6BB5z8Xdqj7jUAaxerrcw$\"><strong>Esin Avukatl\u0131k Ortakl\u0131\u011f\u0131 Coronavir\u00fcs Masas\u0131<\/strong><\/a><strong>&#8216;ndan ula\u015fabilirsiniz.<\/strong><\/p>\n<p><a href=\"#_ftnref1\">[1]<\/a> T\u0130B, 2016 y\u0131l\u0131nda kapat\u0131ld\u0131 ve yetkileri Bilgi Teknolojileri ve \u0130leti\u015fim Kurumu&#8217;na devredildi.<\/p>\n","protected":false},"excerpt":{"rendered":"<p>Yeni Geli\u015fme Anayasa Mahkemesi&#8217;nin bir internet haber sitesi hakk\u0131nda verilen eri\u015fim tedbirine ili\u015fkin verdi\u011fi 2015\/16368 say\u0131l\u0131 karar\u0131, 2 May\u0131s 2020 [&hellip;]<\/p>\n","protected":false},"author":4,"featured_media":0,"comment_status":"closed","ping_status":"closed","sticky":false,"template":"","format":"standard","meta":{"_acf_changed":false,"_stopmodifiedupdate":false,"_modified_date":"","footnotes":""},"categories":[120,149],"tags":[93],"class_list":["post-16243","post","type-post","status-publish","format-standard","hentry","category-legal-alerts","category-covid-19-tr","tag-information-technology-communications-tr"],"acf":[],"yoast_head":"<!-- This site is optimized with the Yoast SEO plugin v24.0 - https:\/\/yoast.com\/wordpress\/plugins\/seo\/ -->\n<title>Anayasa Mahkemesinden \u0130fade ve Bas\u0131n \u00d6zg\u00fcrl\u00fc\u011f\u00fcne Dair Yeni Karar<\/title>\n<meta name=\"description\" content=\"Yeni Geli\u015fme Anayasa Mahkemesi&#039;nin bir internet haber sitesi hakk\u0131nda verilen eri\u015fim tedbirine ili\u015fkin verdi\u011fi 2015\/16368 say\u0131l\u0131 karar\u0131, 2 May\u0131s 2020\" \/>\n<meta name=\"robots\" content=\"index, follow, max-snippet:-1, max-image-preview:large, max-video-preview:-1\" \/>\n<link rel=\"canonical\" href=\"https:\/\/www.esin.av.tr\/tr\/2020\/05\/06\/anayasa-mahkemesinden-ifade-ve-basin-ozgurlugune-dair-yeni-karar\/\" \/>\n<meta property=\"og:locale\" content=\"tr_TR\" \/>\n<meta property=\"og:type\" content=\"article\" \/>\n<meta property=\"og:title\" content=\"Anayasa Mahkemesinden \u0130fade ve Bas\u0131n \u00d6zg\u00fcrl\u00fc\u011f\u00fcne Dair Yeni Karar\" \/>\n<meta property=\"og:description\" content=\"Yeni Geli\u015fme Anayasa Mahkemesi&#039;nin bir internet haber sitesi hakk\u0131nda verilen eri\u015fim tedbirine ili\u015fkin verdi\u011fi 2015\/16368 say\u0131l\u0131 karar\u0131, 2 May\u0131s 2020\" \/>\n<meta property=\"og:url\" content=\"https:\/\/www.esin.av.tr\/tr\/2020\/05\/06\/anayasa-mahkemesinden-ifade-ve-basin-ozgurlugune-dair-yeni-karar\/\" \/>\n<meta property=\"og:site_name\" content=\"Esin Avukatl\u0131k Ortakl\u0131\u011f\u0131\" \/>\n<meta property=\"article:published_time\" content=\"2020-05-06T12:44:48+00:00\" \/>\n<meta property=\"article:modified_time\" content=\"2022-06-09T13:00:41+00:00\" \/>\n<meta name=\"author\" content=\"R\u0131dvan Konrat\" \/>\n<meta name=\"twitter:card\" content=\"summary_large_image\" \/>\n<meta name=\"twitter:label1\" content=\"Written by\" \/>\n\t<meta name=\"twitter:data1\" content=\"R\u0131dvan Konrat\" \/>\n\t<meta name=\"twitter:label2\" content=\"Est. reading time\" \/>\n\t<meta name=\"twitter:data2\" content=\"4 minutes\" \/>\n<script type=\"application\/ld+json\" class=\"yoast-schema-graph\">{\"@context\":\"https:\/\/schema.org\",\"@graph\":[{\"@type\":\"Article\",\"@id\":\"https:\/\/www.esin.av.tr\/tr\/2020\/05\/06\/anayasa-mahkemesinden-ifade-ve-basin-ozgurlugune-dair-yeni-karar\/#article\",\"isPartOf\":{\"@id\":\"https:\/\/www.esin.av.tr\/tr\/2020\/05\/06\/anayasa-mahkemesinden-ifade-ve-basin-ozgurlugune-dair-yeni-karar\/\"},\"author\":{\"name\":\"R\u0131dvan Konrat\",\"@id\":\"https:\/\/www.esin.av.tr\/tr\/#\/schema\/person\/42c8e616aab56b8622fa365ad63282ae\"},\"headline\":\"Anayasa Mahkemesinden \u0130fade ve Bas\u0131n \u00d6zg\u00fcrl\u00fc\u011f\u00fcne Dair Yeni Karar\",\"datePublished\":\"2020-05-06T12:44:48+00:00\",\"dateModified\":\"2022-06-09T13:00:41+00:00\",\"mainEntityOfPage\":{\"@id\":\"https:\/\/www.esin.av.tr\/tr\/2020\/05\/06\/anayasa-mahkemesinden-ifade-ve-basin-ozgurlugune-dair-yeni-karar\/\"},\"wordCount\":740,\"publisher\":{\"@id\":\"https:\/\/www.esin.av.tr\/tr\/#organization\"},\"keywords\":[\"Bilgi Teknolojileri ve Telekom\u00fcnikasyon\"],\"articleSection\":[\"Hukuk B\u00fcltenleri\",\"Covid-19\"],\"inLanguage\":\"tr\"},{\"@type\":\"WebPage\",\"@id\":\"https:\/\/www.esin.av.tr\/tr\/2020\/05\/06\/anayasa-mahkemesinden-ifade-ve-basin-ozgurlugune-dair-yeni-karar\/\",\"url\":\"https:\/\/www.esin.av.tr\/tr\/2020\/05\/06\/anayasa-mahkemesinden-ifade-ve-basin-ozgurlugune-dair-yeni-karar\/\",\"name\":\"Anayasa Mahkemesinden \u0130fade ve Bas\u0131n \u00d6zg\u00fcrl\u00fc\u011f\u00fcne Dair Yeni Karar\",\"isPartOf\":{\"@id\":\"https:\/\/www.esin.av.tr\/tr\/#website\"},\"datePublished\":\"2020-05-06T12:44:48+00:00\",\"dateModified\":\"2022-06-09T13:00:41+00:00\",\"description\":\"Yeni Geli\u015fme Anayasa Mahkemesi'nin bir internet haber sitesi hakk\u0131nda verilen eri\u015fim tedbirine ili\u015fkin verdi\u011fi 2015\/16368 say\u0131l\u0131 karar\u0131, 2 May\u0131s 2020\",\"breadcrumb\":{\"@id\":\"https:\/\/www.esin.av.tr\/tr\/2020\/05\/06\/anayasa-mahkemesinden-ifade-ve-basin-ozgurlugune-dair-yeni-karar\/#breadcrumb\"},\"inLanguage\":\"tr\",\"potentialAction\":[{\"@type\":\"ReadAction\",\"target\":[\"https:\/\/www.esin.av.tr\/tr\/2020\/05\/06\/anayasa-mahkemesinden-ifade-ve-basin-ozgurlugune-dair-yeni-karar\/\"]}]},{\"@type\":\"BreadcrumbList\",\"@id\":\"https:\/\/www.esin.av.tr\/tr\/2020\/05\/06\/anayasa-mahkemesinden-ifade-ve-basin-ozgurlugune-dair-yeni-karar\/#breadcrumb\",\"itemListElement\":[{\"@type\":\"ListItem\",\"position\":1,\"name\":\"Home\",\"item\":\"https:\/\/www.esin.av.tr\/tr\/\"},{\"@type\":\"ListItem\",\"position\":2,\"name\":\"Anayasa Mahkemesinden \u0130fade ve Bas\u0131n \u00d6zg\u00fcrl\u00fc\u011f\u00fcne Dair Yeni Karar\"}]},{\"@type\":\"WebSite\",\"@id\":\"https:\/\/www.esin.av.tr\/tr\/#website\",\"url\":\"https:\/\/www.esin.av.tr\/tr\/\",\"name\":\"Esin Avukatl\u0131k Ortakl\u0131\u011f\u0131\",\"description\":\"\",\"publisher\":{\"@id\":\"https:\/\/www.esin.av.tr\/tr\/#organization\"},\"potentialAction\":[{\"@type\":\"SearchAction\",\"target\":{\"@type\":\"EntryPoint\",\"urlTemplate\":\"https:\/\/www.esin.av.tr\/tr\/?s={search_term_string}\"},\"query-input\":{\"@type\":\"PropertyValueSpecification\",\"valueRequired\":true,\"valueName\":\"search_term_string\"}}],\"inLanguage\":\"tr\"},{\"@type\":\"Organization\",\"@id\":\"https:\/\/www.esin.av.tr\/tr\/#organization\",\"name\":\"Esin Avukatl\u0131k Ortakl\u0131\u011f\u0131\",\"url\":\"https:\/\/www.esin.av.tr\/tr\/\",\"logo\":{\"@type\":\"ImageObject\",\"inLanguage\":\"tr\",\"@id\":\"https:\/\/www.esin.av.tr\/tr\/#\/schema\/logo\/image\/\",\"url\":\"https:\/\/www.esin.av.tr\/wp-content\/uploads\/2021\/09\/esin-2.jpg\",\"contentUrl\":\"https:\/\/www.esin.av.tr\/wp-content\/uploads\/2021\/09\/esin-2.jpg\",\"width\":800,\"height\":460,\"caption\":\"Esin Avukatl\u0131k Ortakl\u0131\u011f\u0131\"},\"image\":{\"@id\":\"https:\/\/www.esin.av.tr\/tr\/#\/schema\/logo\/image\/\"}},{\"@type\":\"Person\",\"@id\":\"https:\/\/www.esin.av.tr\/tr\/#\/schema\/person\/42c8e616aab56b8622fa365ad63282ae\",\"name\":\"R\u0131dvan Konrat\",\"image\":{\"@type\":\"ImageObject\",\"inLanguage\":\"tr\",\"@id\":\"https:\/\/www.esin.av.tr\/tr\/#\/schema\/person\/image\/\",\"url\":\"https:\/\/secure.gravatar.com\/avatar\/b20c6c583be38ed4e76e32f69fccc676?s=96&d=mm&r=g\",\"contentUrl\":\"https:\/\/secure.gravatar.com\/avatar\/b20c6c583be38ed4e76e32f69fccc676?s=96&d=mm&r=g\",\"caption\":\"R\u0131dvan Konrat\"},\"sameAs\":[\"http:\/\/www.esin.av.tr\"],\"url\":\"https:\/\/www.esin.av.tr\/tr\/author\/rkonrat\/\"}]}<\/script>\n<!-- \/ Yoast SEO plugin. -->","yoast_head_json":{"title":"Anayasa Mahkemesinden \u0130fade ve Bas\u0131n \u00d6zg\u00fcrl\u00fc\u011f\u00fcne Dair Yeni Karar","description":"Yeni Geli\u015fme Anayasa Mahkemesi'nin bir internet haber sitesi hakk\u0131nda verilen eri\u015fim tedbirine ili\u015fkin verdi\u011fi 2015\/16368 say\u0131l\u0131 karar\u0131, 2 May\u0131s 2020","robots":{"index":"index","follow":"follow","max-snippet":"max-snippet:-1","max-image-preview":"max-image-preview:large","max-video-preview":"max-video-preview:-1"},"canonical":"https:\/\/www.esin.av.tr\/tr\/2020\/05\/06\/anayasa-mahkemesinden-ifade-ve-basin-ozgurlugune-dair-yeni-karar\/","og_locale":"tr_TR","og_type":"article","og_title":"Anayasa Mahkemesinden \u0130fade ve Bas\u0131n \u00d6zg\u00fcrl\u00fc\u011f\u00fcne Dair Yeni Karar","og_description":"Yeni Geli\u015fme Anayasa Mahkemesi'nin bir internet haber sitesi hakk\u0131nda verilen eri\u015fim tedbirine ili\u015fkin verdi\u011fi 2015\/16368 say\u0131l\u0131 karar\u0131, 2 May\u0131s 2020","og_url":"https:\/\/www.esin.av.tr\/tr\/2020\/05\/06\/anayasa-mahkemesinden-ifade-ve-basin-ozgurlugune-dair-yeni-karar\/","og_site_name":"Esin Avukatl\u0131k Ortakl\u0131\u011f\u0131","article_published_time":"2020-05-06T12:44:48+00:00","article_modified_time":"2022-06-09T13:00:41+00:00","author":"R\u0131dvan Konrat","twitter_card":"summary_large_image","twitter_misc":{"Written by":"R\u0131dvan Konrat","Est. reading time":"4 minutes"},"schema":{"@context":"https:\/\/schema.org","@graph":[{"@type":"Article","@id":"https:\/\/www.esin.av.tr\/tr\/2020\/05\/06\/anayasa-mahkemesinden-ifade-ve-basin-ozgurlugune-dair-yeni-karar\/#article","isPartOf":{"@id":"https:\/\/www.esin.av.tr\/tr\/2020\/05\/06\/anayasa-mahkemesinden-ifade-ve-basin-ozgurlugune-dair-yeni-karar\/"},"author":{"name":"R\u0131dvan Konrat","@id":"https:\/\/www.esin.av.tr\/tr\/#\/schema\/person\/42c8e616aab56b8622fa365ad63282ae"},"headline":"Anayasa Mahkemesinden \u0130fade ve Bas\u0131n \u00d6zg\u00fcrl\u00fc\u011f\u00fcne Dair Yeni Karar","datePublished":"2020-05-06T12:44:48+00:00","dateModified":"2022-06-09T13:00:41+00:00","mainEntityOfPage":{"@id":"https:\/\/www.esin.av.tr\/tr\/2020\/05\/06\/anayasa-mahkemesinden-ifade-ve-basin-ozgurlugune-dair-yeni-karar\/"},"wordCount":740,"publisher":{"@id":"https:\/\/www.esin.av.tr\/tr\/#organization"},"keywords":["Bilgi Teknolojileri ve Telekom\u00fcnikasyon"],"articleSection":["Hukuk B\u00fcltenleri","Covid-19"],"inLanguage":"tr"},{"@type":"WebPage","@id":"https:\/\/www.esin.av.tr\/tr\/2020\/05\/06\/anayasa-mahkemesinden-ifade-ve-basin-ozgurlugune-dair-yeni-karar\/","url":"https:\/\/www.esin.av.tr\/tr\/2020\/05\/06\/anayasa-mahkemesinden-ifade-ve-basin-ozgurlugune-dair-yeni-karar\/","name":"Anayasa Mahkemesinden \u0130fade ve Bas\u0131n \u00d6zg\u00fcrl\u00fc\u011f\u00fcne Dair Yeni Karar","isPartOf":{"@id":"https:\/\/www.esin.av.tr\/tr\/#website"},"datePublished":"2020-05-06T12:44:48+00:00","dateModified":"2022-06-09T13:00:41+00:00","description":"Yeni Geli\u015fme Anayasa Mahkemesi'nin bir internet haber sitesi hakk\u0131nda verilen eri\u015fim tedbirine ili\u015fkin verdi\u011fi 2015\/16368 say\u0131l\u0131 karar\u0131, 2 May\u0131s 2020","breadcrumb":{"@id":"https:\/\/www.esin.av.tr\/tr\/2020\/05\/06\/anayasa-mahkemesinden-ifade-ve-basin-ozgurlugune-dair-yeni-karar\/#breadcrumb"},"inLanguage":"tr","potentialAction":[{"@type":"ReadAction","target":["https:\/\/www.esin.av.tr\/tr\/2020\/05\/06\/anayasa-mahkemesinden-ifade-ve-basin-ozgurlugune-dair-yeni-karar\/"]}]},{"@type":"BreadcrumbList","@id":"https:\/\/www.esin.av.tr\/tr\/2020\/05\/06\/anayasa-mahkemesinden-ifade-ve-basin-ozgurlugune-dair-yeni-karar\/#breadcrumb","itemListElement":[{"@type":"ListItem","position":1,"name":"Home","item":"https:\/\/www.esin.av.tr\/tr\/"},{"@type":"ListItem","position":2,"name":"Anayasa Mahkemesinden \u0130fade ve Bas\u0131n \u00d6zg\u00fcrl\u00fc\u011f\u00fcne Dair Yeni Karar"}]},{"@type":"WebSite","@id":"https:\/\/www.esin.av.tr\/tr\/#website","url":"https:\/\/www.esin.av.tr\/tr\/","name":"Esin Avukatl\u0131k Ortakl\u0131\u011f\u0131","description":"","publisher":{"@id":"https:\/\/www.esin.av.tr\/tr\/#organization"},"potentialAction":[{"@type":"SearchAction","target":{"@type":"EntryPoint","urlTemplate":"https:\/\/www.esin.av.tr\/tr\/?s={search_term_string}"},"query-input":{"@type":"PropertyValueSpecification","valueRequired":true,"valueName":"search_term_string"}}],"inLanguage":"tr"},{"@type":"Organization","@id":"https:\/\/www.esin.av.tr\/tr\/#organization","name":"Esin Avukatl\u0131k Ortakl\u0131\u011f\u0131","url":"https:\/\/www.esin.av.tr\/tr\/","logo":{"@type":"ImageObject","inLanguage":"tr","@id":"https:\/\/www.esin.av.tr\/tr\/#\/schema\/logo\/image\/","url":"https:\/\/www.esin.av.tr\/wp-content\/uploads\/2021\/09\/esin-2.jpg","contentUrl":"https:\/\/www.esin.av.tr\/wp-content\/uploads\/2021\/09\/esin-2.jpg","width":800,"height":460,"caption":"Esin Avukatl\u0131k Ortakl\u0131\u011f\u0131"},"image":{"@id":"https:\/\/www.esin.av.tr\/tr\/#\/schema\/logo\/image\/"}},{"@type":"Person","@id":"https:\/\/www.esin.av.tr\/tr\/#\/schema\/person\/42c8e616aab56b8622fa365ad63282ae","name":"R\u0131dvan Konrat","image":{"@type":"ImageObject","inLanguage":"tr","@id":"https:\/\/www.esin.av.tr\/tr\/#\/schema\/person\/image\/","url":"https:\/\/secure.gravatar.com\/avatar\/b20c6c583be38ed4e76e32f69fccc676?s=96&d=mm&r=g","contentUrl":"https:\/\/secure.gravatar.com\/avatar\/b20c6c583be38ed4e76e32f69fccc676?s=96&d=mm&r=g","caption":"R\u0131dvan Konrat"},"sameAs":["http:\/\/www.esin.av.tr"],"url":"https:\/\/www.esin.av.tr\/tr\/author\/rkonrat\/"}]}},"_links":{"self":[{"href":"https:\/\/www.esin.av.tr\/tr\/wp-json\/wp\/v2\/posts\/16243","targetHints":{"allow":["GET"]}}],"collection":[{"href":"https:\/\/www.esin.av.tr\/tr\/wp-json\/wp\/v2\/posts"}],"about":[{"href":"https:\/\/www.esin.av.tr\/tr\/wp-json\/wp\/v2\/types\/post"}],"author":[{"embeddable":true,"href":"https:\/\/www.esin.av.tr\/tr\/wp-json\/wp\/v2\/users\/4"}],"replies":[{"embeddable":true,"href":"https:\/\/www.esin.av.tr\/tr\/wp-json\/wp\/v2\/comments?post=16243"}],"version-history":[{"count":1,"href":"https:\/\/www.esin.av.tr\/tr\/wp-json\/wp\/v2\/posts\/16243\/revisions"}],"predecessor-version":[{"id":16244,"href":"https:\/\/www.esin.av.tr\/tr\/wp-json\/wp\/v2\/posts\/16243\/revisions\/16244"}],"wp:attachment":[{"href":"https:\/\/www.esin.av.tr\/tr\/wp-json\/wp\/v2\/media?parent=16243"}],"wp:term":[{"taxonomy":"category","embeddable":true,"href":"https:\/\/www.esin.av.tr\/tr\/wp-json\/wp\/v2\/categories?post=16243"},{"taxonomy":"post_tag","embeddable":true,"href":"https:\/\/www.esin.av.tr\/tr\/wp-json\/wp\/v2\/tags?post=16243"}],"curies":[{"name":"wp","href":"https:\/\/api.w.org\/{rel}","templated":true}]}}