{"id":16005,"date":"2020-04-17T08:06:08","date_gmt":"2020-04-17T08:06:08","guid":{"rendered":"https:\/\/www.esin.av.tr\/?p=16005"},"modified":"2022-06-09T13:01:23","modified_gmt":"2022-06-09T13:01:23","slug":"covid-19-is-sozlesmelerinin-feshi-3-ay-yasaklandi","status":"publish","type":"post","link":"https:\/\/www.esin.av.tr\/tr\/2020\/04\/17\/covid-19-is-sozlesmelerinin-feshi-3-ay-yasaklandi\/","title":{"rendered":"COVID-19: \u0130\u015f S\u00f6zle\u015fmelerinin Feshi 3 Ay Yasakland\u0131"},"content":{"rendered":"<p><strong>Yeni Geli\u015fme<\/strong><\/p>\n<p>COVID-19 nedeniyle al\u0131nan \u00f6nlemler kapsam\u0131nda, 17 Nisan 2020 tarihli, 31102 say\u0131l\u0131 Resmi Gazetede yay\u0131mlanan 7244 Say\u0131l\u0131 Yeni Koronavir\u00fcs (COVID-19) Salg\u0131n\u0131n\u0131n Ekonomik ve Sosyal Hayata Etkilerinin Azalt\u0131lmas\u0131 Hakk\u0131nda Kanun \u0130le Baz\u0131 Kanunlarda De\u011fi\u015fiklik Yap\u0131lmas\u0131na Dair Kanun (\u201c<strong>Kanun<\/strong>\u201d) uyar\u0131nca, 3 ayl\u0131k s\u00fcreyle \u00e7al\u0131\u015fanlar\u0131n i\u015f s\u00f6zle\u015fmelerinin i\u015fveren taraf\u0131ndan feshi yasaklanm\u0131\u015ft\u0131r.<\/p>\n<p>Bununla birlikte, i\u015fverenlerin \u00e7al\u0131\u015fanlar\u0131 tek tarafl\u0131 olarak 3 ayl\u0131k s\u00fcreyi ge\u00e7memek \u00fczere \u00fccretsiz izne ay\u0131rabilece\u011fine ili\u015fkin de d\u00fczenleme yap\u0131lm\u0131\u015ft\u0131r. Kanun kapsam\u0131nda belirtilen \u00e7al\u0131\u015fanlara a\u015fa\u011f\u0131da anlat\u0131ld\u0131\u011f\u0131 \u00fczere nakdi \u00fccret deste\u011fi sa\u011flanacakt\u0131r. Ayr\u0131ca k\u0131sa \u00e7al\u0131\u015fmaya y\u00f6nelik de ba\u015fvurularda kolayl\u0131k sa\u011flanm\u0131\u015ft\u0131r. Son olarak, Sendikalar ve Toplu \u0130\u015f S\u00f6zle\u015fmesi Kanunu kapsam\u0131nda baz\u0131 s\u00fcreler 3 ay s\u00fcre ile uzat\u0131lm\u0131\u015ft\u0131r.<\/p>\n<p><strong>De\u011fi\u015fiklik ne getiriyor?<\/strong><\/p>\n<p><strong><u>Fesih yasa\u011f\u0131<\/u><\/strong><\/p>\n<p>Kanun ile birlikte 17 Nisan 2020 tarihinden ba\u015flayarak 17 Temmuz 2020 tarihine kadar 3 ayl\u0131k s\u00fcreyle, \u0130\u015f Kanunu\u2019nun kapsam\u0131nda olup olmad\u0131\u011f\u0131na bak\u0131lmaks\u0131z\u0131n her t\u00fcrl\u00fc i\u015f veya hizmet s\u00f6zle\u015fmesi, \u0130\u015f Kanunu\u2019nun 25. maddesinin birinci f\u0131kras\u0131n\u0131n (II) numaral\u0131 bendinde ve di\u011fer kanunlar\u0131n ilgili h\u00fck\u00fcmlerinde yer alan ahlak ve iyi niyet kurallar\u0131na uymayan haller ve benzeri sebepler d\u0131\u015f\u0131nda i\u015fveren taraf\u0131ndan feshedilemeyecektir.<\/p>\n<p>17 Nisan 2020 tarihinden itibaren \u00fc\u00e7 ayl\u0131k s\u00fcreyi ge\u00e7memek \u00fczere i\u015fveren i\u015f\u00e7iyi tamamen veya k\u0131smen \u00fccretsiz izne ay\u0131rabilir. \u0130\u015fverenin i\u015f\u00e7iyi \u00fccretsiz izne ay\u0131rmas\u0131, i\u015f\u00e7iye hakl\u0131 nedene dayanarak s\u00f6zle\u015fmeyi fesih hakk\u0131 vermeyecektir.<\/p>\n<p>Kanun kapsam\u0131nda yasak h\u00fck\u00fcmlerine ayk\u0131r\u0131 olarak i\u015f s\u00f6zle\u015fmesini fesheden i\u015fveren veya i\u015fveren vekiline, s\u00f6zle\u015fmesi feshedilen her i\u015f\u00e7i i\u00e7in feshin yap\u0131ld\u0131\u011f\u0131 tarihteki ayl\u0131k br\u00fct asgari \u00fccret tutar\u0131nda idari para cezas\u0131 \u00f6ng\u00f6r\u00fclm\u00fc\u015ft\u00fcr.<\/p>\n<p>Cumhurba\u015fkan\u0131 fesih yasa\u011f\u0131 ve azami \u00fccretsiz izin s\u00fcrelerini alt\u0131 aya kadar uzatmaya yetkili k\u0131l\u0131nm\u0131\u015ft\u0131r.<\/p>\n<p><strong><u>Nakdi \u00fccret deste\u011fi<\/u><\/strong><\/p>\n<p>A\u015fa\u011f\u0131da say\u0131lan i\u015f\u00e7ilere herhangi bir sosyal g\u00fcvenlik kurulu\u015fundan ya\u015fl\u0131l\u0131k ayl\u0131\u011f\u0131 almamak kayd\u0131yla ve fesih yasa\u011f\u0131 s\u00fcresini ge\u00e7memek \u00fczere, bu s\u00fcre i\u00e7inde \u00fccretsiz izinde bulunduklar\u0131 veya i\u015fsiz kald\u0131klar\u0131 s\u00fcre kadar i\u015fsizlik fonundan g\u00fcnl\u00fck 39,24 TL nakdi \u00fccret deste\u011fi verilecektir:<\/p>\n<ul>\n<li>Kanun kapsam\u0131nda \u00fccretsiz izne ayr\u0131lan ve k\u0131sa \u00e7al\u0131\u015fma \u00f6dene\u011finden yararlanamayan i\u015f\u00e7iler ile<\/li>\n<li>15 Mart 2020 tarihinden sonra \u0130\u015fsizlik Sigortas\u0131 Kanunu\u2019nun 51. Maddesi kapsam\u0131nda olup i\u015f s\u00f6zle\u015fmesi feshedilen ve i\u015fsizlik \u00f6dene\u011finden yararlanamayan i\u015f\u00e7iler.<\/li>\n<\/ul>\n<p>Yap\u0131lan \u00f6demelerden damga vergisi hari\u00e7 herhangi bir kesinti yap\u0131lmayacakt\u0131r.<\/p>\n<p>\u00dccretsiz izne ayr\u0131larak nakdi \u00fccret deste\u011finden yararlanan i\u015f\u00e7inin fiilen \u00e7al\u0131\u015ft\u0131r\u0131ld\u0131\u011f\u0131n\u0131n tespiti halinde i\u015fverene, bu \u015fekilde \u00e7al\u0131\u015ft\u0131r\u0131lan her i\u015f\u00e7i ve \u00e7al\u0131\u015ft\u0131r\u0131ld\u0131\u011f\u0131 her ay i\u00e7in ayr\u0131 ayr\u0131 olmak \u00fczere fiilin i\u015flendi\u011fi tarihteki ayl\u0131k br\u00fct asgari \u00fccret tutar\u0131nda idari para cezas\u0131 uygulan\u0131r ve \u00f6denen nakdi \u00fccret deste\u011fi \u00f6deme tarihinden itibaren i\u015fleyecek kanuni faizi ile birlikte i\u015fverenden tahsil edilir.<\/p>\n<p><strong><u>K\u0131sa \u00e7al\u0131\u015fma ba\u015fvurular\u0131<\/u><\/strong><\/p>\n<p>Yeni koronavir\u00fcs (COVID-19) sebebiyle i\u015fverenlerin yapt\u0131klar\u0131 zorlay\u0131c\u0131 sebep gerek\u00e7eli k\u0131sa \u00e7al\u0131\u015fma ba\u015fvurular\u0131 i\u00e7in, uygunluk tespitinin tamamlanmas\u0131 beklenmeksizin, i\u015fverenlerin beyan\u0131 do\u011frultusunda k\u0131sa \u00e7al\u0131\u015fma \u00f6demesi ger\u00e7ekle\u015ftirilecektir. \u0130\u015fverenin hatal\u0131 bilgi ve belge vermesi nedeniyle yap\u0131lan fazla ve yersiz \u00f6demeler, yasal faizi ile birlikte i\u015fverenden tahsil edilecektir.<\/p>\n<p>K\u0131sa \u00e7al\u0131\u015fma uygulamas\u0131 ba\u015fvurular\u0131na getirilen bu de\u011fi\u015fiklikler 29 \u015eubat 2020 tarihinden itibaren geriye etkili olarak y\u00fcr\u00fcrl\u00fc\u011fe girmi\u015ftir.<\/p>\n<p><strong><u>Sendikalar ve Toplu \u0130\u015f S\u00f6zle\u015fmesi Kanunu\u2019ndaki s\u00fcrelerin uzat\u0131lmas\u0131<\/u><\/strong><\/p>\n<p>Sendikalar ve Toplu \u0130\u015f S\u00f6zle\u015fmesi Kanunu kapsam\u0131ndaki yetki tespitlerinin verilmesi, toplu i\u015f s\u00f6zle\u015fmelerinin yap\u0131lmas\u0131, toplu i\u015f uyu\u015fmazl\u0131klar\u0131n\u0131n \u00e7\u00f6z\u00fcm\u00fc ile grev ve lokavta ili\u015fkin s\u00fcreler 3 ay s\u00fcreyle uzat\u0131lm\u0131\u015ft\u0131r. Cumhurba\u015fkan\u0131, 3 ayl\u0131k s\u00fcreyi bitiminden itibaren 3 aya kadar uzatmaya yetkili k\u0131l\u0131nm\u0131\u015ft\u0131r.<\/p>\n<p><strong>Sonu\u00e7<\/strong><\/p>\n<p>COVID-19 nedeniyle al\u0131nan \u00f6nlemler kapsam\u0131nda, fesih yasa\u011f\u0131, \u00fccretsiz izin uygulamas\u0131, nakdi \u00fccret deste\u011fi, k\u0131sa \u00e7al\u0131\u015fma uygulamas\u0131 ve baz\u0131 s\u00fcrelerin uzat\u0131lmas\u0131 konular\u0131nda \u00f6nemli de\u011fi\u015fiklikler yap\u0131lm\u0131\u015ft\u0131r.<\/p>\n<p><strong>COVID-19 salg\u0131n\u0131 ile ilgili hukuki d\u00fczenlemelerle ilgili bilgilere <u><a href=\"https:\/\/urldefense.com\/v3\/__https:\/esinxchange.com\/collect\/click.aspx?u=ZE9tY0p0YUNLTmt4TkhVeXF4UFNPUkgwV2ZmSlhhY2JReVpjY0xNbldLYmFoVllNV25zRHUzZnVhd0dTQS9sWGZKSHM4a0Rqc3R4V2d2Ym1FcmJpNVFCbWtmU05kTU5j&amp;rh=ff005f13e061a310c0e56622ef41bd806c46eb5c__;!!Hj9Y_P0nvg!AsO5e9VQh8Zoqx5O5JiylnO7xIep-89L7TO3OWYTi_MUr391q6BB5z8Xdqj7jUAaxerrcw$\">Esin Avukatl\u0131k Ortakl\u0131\u011f\u0131 Coronavir\u00fcs Masas\u0131<\/a><\/u>&#8216;ndan ula\u015fabilirsiniz.<\/strong><\/p>\n","protected":false},"excerpt":{"rendered":"<p>Yeni Geli\u015fme COVID-19 nedeniyle al\u0131nan \u00f6nlemler kapsam\u0131nda, 17 Nisan 2020 tarihli, 31102 say\u0131l\u0131 Resmi Gazetede yay\u0131mlanan 7244 Say\u0131l\u0131 Yeni Koronavir\u00fcs [&hellip;]<\/p>\n","protected":false},"author":4,"featured_media":0,"comment_status":"closed","ping_status":"closed","sticky":false,"template":"","format":"standard","meta":{"_acf_changed":false,"_stopmodifiedupdate":false,"_modified_date":"","footnotes":""},"categories":[120,149],"tags":[101],"class_list":["post-16005","post","type-post","status-publish","format-standard","hentry","category-legal-alerts","category-covid-19-tr","tag-employment-tr"],"acf":[],"yoast_head":"<!-- This site is optimized with the Yoast SEO plugin v24.0 - https:\/\/yoast.com\/wordpress\/plugins\/seo\/ -->\n<title>COVID-19: \u0130\u015f S\u00f6zle\u015fmelerinin Feshi 3 Ay Yasakland\u0131<\/title>\n<meta name=\"description\" content=\"Yeni Geli\u015fme COVID-19 nedeniyle al\u0131nan \u00f6nlemler kapsam\u0131nda, 17 Nisan 2020 tarihli, 31102 say\u0131l\u0131 Resmi Gazetede yay\u0131mlanan 7244 Say\u0131l\u0131 Yeni Koronavir\u00fcs\" \/>\n<meta name=\"robots\" content=\"index, follow, max-snippet:-1, max-image-preview:large, max-video-preview:-1\" \/>\n<link rel=\"canonical\" href=\"https:\/\/www.esin.av.tr\/tr\/2020\/04\/17\/covid-19-is-sozlesmelerinin-feshi-3-ay-yasaklandi\/\" \/>\n<meta property=\"og:locale\" content=\"tr_TR\" \/>\n<meta property=\"og:type\" content=\"article\" \/>\n<meta property=\"og:title\" content=\"COVID-19: \u0130\u015f S\u00f6zle\u015fmelerinin Feshi 3 Ay Yasakland\u0131\" \/>\n<meta property=\"og:description\" content=\"Yeni Geli\u015fme COVID-19 nedeniyle al\u0131nan \u00f6nlemler kapsam\u0131nda, 17 Nisan 2020 tarihli, 31102 say\u0131l\u0131 Resmi Gazetede yay\u0131mlanan 7244 Say\u0131l\u0131 Yeni Koronavir\u00fcs\" \/>\n<meta property=\"og:url\" content=\"https:\/\/www.esin.av.tr\/tr\/2020\/04\/17\/covid-19-is-sozlesmelerinin-feshi-3-ay-yasaklandi\/\" \/>\n<meta property=\"og:site_name\" content=\"Esin Avukatl\u0131k Ortakl\u0131\u011f\u0131\" \/>\n<meta property=\"article:published_time\" content=\"2020-04-17T08:06:08+00:00\" \/>\n<meta property=\"article:modified_time\" content=\"2022-06-09T13:01:23+00:00\" \/>\n<meta name=\"author\" content=\"R\u0131dvan Konrat\" \/>\n<meta name=\"twitter:card\" content=\"summary_large_image\" \/>\n<meta name=\"twitter:label1\" content=\"Written by\" \/>\n\t<meta name=\"twitter:data1\" content=\"R\u0131dvan Konrat\" \/>\n\t<meta name=\"twitter:label2\" content=\"Est. reading time\" \/>\n\t<meta name=\"twitter:data2\" content=\"4 minutes\" \/>\n<script type=\"application\/ld+json\" class=\"yoast-schema-graph\">{\"@context\":\"https:\/\/schema.org\",\"@graph\":[{\"@type\":\"Article\",\"@id\":\"https:\/\/www.esin.av.tr\/tr\/2020\/04\/17\/covid-19-is-sozlesmelerinin-feshi-3-ay-yasaklandi\/#article\",\"isPartOf\":{\"@id\":\"https:\/\/www.esin.av.tr\/tr\/2020\/04\/17\/covid-19-is-sozlesmelerinin-feshi-3-ay-yasaklandi\/\"},\"author\":{\"name\":\"R\u0131dvan Konrat\",\"@id\":\"https:\/\/www.esin.av.tr\/tr\/#\/schema\/person\/42c8e616aab56b8622fa365ad63282ae\"},\"headline\":\"COVID-19: \u0130\u015f S\u00f6zle\u015fmelerinin Feshi 3 Ay Yasakland\u0131\",\"datePublished\":\"2020-04-17T08:06:08+00:00\",\"dateModified\":\"2022-06-09T13:01:23+00:00\",\"mainEntityOfPage\":{\"@id\":\"https:\/\/www.esin.av.tr\/tr\/2020\/04\/17\/covid-19-is-sozlesmelerinin-feshi-3-ay-yasaklandi\/\"},\"wordCount\":775,\"publisher\":{\"@id\":\"https:\/\/www.esin.av.tr\/tr\/#organization\"},\"keywords\":[\"\u0130\u015f Hukuku\"],\"articleSection\":[\"Hukuk B\u00fcltenleri\",\"Covid-19\"],\"inLanguage\":\"tr\"},{\"@type\":\"WebPage\",\"@id\":\"https:\/\/www.esin.av.tr\/tr\/2020\/04\/17\/covid-19-is-sozlesmelerinin-feshi-3-ay-yasaklandi\/\",\"url\":\"https:\/\/www.esin.av.tr\/tr\/2020\/04\/17\/covid-19-is-sozlesmelerinin-feshi-3-ay-yasaklandi\/\",\"name\":\"COVID-19: \u0130\u015f S\u00f6zle\u015fmelerinin Feshi 3 Ay Yasakland\u0131\",\"isPartOf\":{\"@id\":\"https:\/\/www.esin.av.tr\/tr\/#website\"},\"datePublished\":\"2020-04-17T08:06:08+00:00\",\"dateModified\":\"2022-06-09T13:01:23+00:00\",\"description\":\"Yeni Geli\u015fme COVID-19 nedeniyle al\u0131nan \u00f6nlemler kapsam\u0131nda, 17 Nisan 2020 tarihli, 31102 say\u0131l\u0131 Resmi Gazetede yay\u0131mlanan 7244 Say\u0131l\u0131 Yeni Koronavir\u00fcs\",\"breadcrumb\":{\"@id\":\"https:\/\/www.esin.av.tr\/tr\/2020\/04\/17\/covid-19-is-sozlesmelerinin-feshi-3-ay-yasaklandi\/#breadcrumb\"},\"inLanguage\":\"tr\",\"potentialAction\":[{\"@type\":\"ReadAction\",\"target\":[\"https:\/\/www.esin.av.tr\/tr\/2020\/04\/17\/covid-19-is-sozlesmelerinin-feshi-3-ay-yasaklandi\/\"]}]},{\"@type\":\"BreadcrumbList\",\"@id\":\"https:\/\/www.esin.av.tr\/tr\/2020\/04\/17\/covid-19-is-sozlesmelerinin-feshi-3-ay-yasaklandi\/#breadcrumb\",\"itemListElement\":[{\"@type\":\"ListItem\",\"position\":1,\"name\":\"Home\",\"item\":\"https:\/\/www.esin.av.tr\/tr\/\"},{\"@type\":\"ListItem\",\"position\":2,\"name\":\"COVID-19: \u0130\u015f S\u00f6zle\u015fmelerinin Feshi 3 Ay Yasakland\u0131\"}]},{\"@type\":\"WebSite\",\"@id\":\"https:\/\/www.esin.av.tr\/tr\/#website\",\"url\":\"https:\/\/www.esin.av.tr\/tr\/\",\"name\":\"Esin Avukatl\u0131k Ortakl\u0131\u011f\u0131\",\"description\":\"\",\"publisher\":{\"@id\":\"https:\/\/www.esin.av.tr\/tr\/#organization\"},\"potentialAction\":[{\"@type\":\"SearchAction\",\"target\":{\"@type\":\"EntryPoint\",\"urlTemplate\":\"https:\/\/www.esin.av.tr\/tr\/?s={search_term_string}\"},\"query-input\":{\"@type\":\"PropertyValueSpecification\",\"valueRequired\":true,\"valueName\":\"search_term_string\"}}],\"inLanguage\":\"tr\"},{\"@type\":\"Organization\",\"@id\":\"https:\/\/www.esin.av.tr\/tr\/#organization\",\"name\":\"Esin Avukatl\u0131k Ortakl\u0131\u011f\u0131\",\"url\":\"https:\/\/www.esin.av.tr\/tr\/\",\"logo\":{\"@type\":\"ImageObject\",\"inLanguage\":\"tr\",\"@id\":\"https:\/\/www.esin.av.tr\/tr\/#\/schema\/logo\/image\/\",\"url\":\"https:\/\/www.esin.av.tr\/wp-content\/uploads\/2021\/09\/esin-2.jpg\",\"contentUrl\":\"https:\/\/www.esin.av.tr\/wp-content\/uploads\/2021\/09\/esin-2.jpg\",\"width\":800,\"height\":460,\"caption\":\"Esin Avukatl\u0131k Ortakl\u0131\u011f\u0131\"},\"image\":{\"@id\":\"https:\/\/www.esin.av.tr\/tr\/#\/schema\/logo\/image\/\"}},{\"@type\":\"Person\",\"@id\":\"https:\/\/www.esin.av.tr\/tr\/#\/schema\/person\/42c8e616aab56b8622fa365ad63282ae\",\"name\":\"R\u0131dvan Konrat\",\"image\":{\"@type\":\"ImageObject\",\"inLanguage\":\"tr\",\"@id\":\"https:\/\/www.esin.av.tr\/tr\/#\/schema\/person\/image\/\",\"url\":\"https:\/\/secure.gravatar.com\/avatar\/b20c6c583be38ed4e76e32f69fccc676?s=96&d=mm&r=g\",\"contentUrl\":\"https:\/\/secure.gravatar.com\/avatar\/b20c6c583be38ed4e76e32f69fccc676?s=96&d=mm&r=g\",\"caption\":\"R\u0131dvan Konrat\"},\"sameAs\":[\"http:\/\/www.esin.av.tr\"],\"url\":\"https:\/\/www.esin.av.tr\/tr\/author\/rkonrat\/\"}]}<\/script>\n<!-- \/ Yoast SEO plugin. -->","yoast_head_json":{"title":"COVID-19: \u0130\u015f S\u00f6zle\u015fmelerinin Feshi 3 Ay Yasakland\u0131","description":"Yeni Geli\u015fme COVID-19 nedeniyle al\u0131nan \u00f6nlemler kapsam\u0131nda, 17 Nisan 2020 tarihli, 31102 say\u0131l\u0131 Resmi Gazetede yay\u0131mlanan 7244 Say\u0131l\u0131 Yeni Koronavir\u00fcs","robots":{"index":"index","follow":"follow","max-snippet":"max-snippet:-1","max-image-preview":"max-image-preview:large","max-video-preview":"max-video-preview:-1"},"canonical":"https:\/\/www.esin.av.tr\/tr\/2020\/04\/17\/covid-19-is-sozlesmelerinin-feshi-3-ay-yasaklandi\/","og_locale":"tr_TR","og_type":"article","og_title":"COVID-19: \u0130\u015f S\u00f6zle\u015fmelerinin Feshi 3 Ay Yasakland\u0131","og_description":"Yeni Geli\u015fme COVID-19 nedeniyle al\u0131nan \u00f6nlemler kapsam\u0131nda, 17 Nisan 2020 tarihli, 31102 say\u0131l\u0131 Resmi Gazetede yay\u0131mlanan 7244 Say\u0131l\u0131 Yeni Koronavir\u00fcs","og_url":"https:\/\/www.esin.av.tr\/tr\/2020\/04\/17\/covid-19-is-sozlesmelerinin-feshi-3-ay-yasaklandi\/","og_site_name":"Esin Avukatl\u0131k Ortakl\u0131\u011f\u0131","article_published_time":"2020-04-17T08:06:08+00:00","article_modified_time":"2022-06-09T13:01:23+00:00","author":"R\u0131dvan Konrat","twitter_card":"summary_large_image","twitter_misc":{"Written by":"R\u0131dvan Konrat","Est. reading time":"4 minutes"},"schema":{"@context":"https:\/\/schema.org","@graph":[{"@type":"Article","@id":"https:\/\/www.esin.av.tr\/tr\/2020\/04\/17\/covid-19-is-sozlesmelerinin-feshi-3-ay-yasaklandi\/#article","isPartOf":{"@id":"https:\/\/www.esin.av.tr\/tr\/2020\/04\/17\/covid-19-is-sozlesmelerinin-feshi-3-ay-yasaklandi\/"},"author":{"name":"R\u0131dvan Konrat","@id":"https:\/\/www.esin.av.tr\/tr\/#\/schema\/person\/42c8e616aab56b8622fa365ad63282ae"},"headline":"COVID-19: \u0130\u015f S\u00f6zle\u015fmelerinin Feshi 3 Ay Yasakland\u0131","datePublished":"2020-04-17T08:06:08+00:00","dateModified":"2022-06-09T13:01:23+00:00","mainEntityOfPage":{"@id":"https:\/\/www.esin.av.tr\/tr\/2020\/04\/17\/covid-19-is-sozlesmelerinin-feshi-3-ay-yasaklandi\/"},"wordCount":775,"publisher":{"@id":"https:\/\/www.esin.av.tr\/tr\/#organization"},"keywords":["\u0130\u015f Hukuku"],"articleSection":["Hukuk B\u00fcltenleri","Covid-19"],"inLanguage":"tr"},{"@type":"WebPage","@id":"https:\/\/www.esin.av.tr\/tr\/2020\/04\/17\/covid-19-is-sozlesmelerinin-feshi-3-ay-yasaklandi\/","url":"https:\/\/www.esin.av.tr\/tr\/2020\/04\/17\/covid-19-is-sozlesmelerinin-feshi-3-ay-yasaklandi\/","name":"COVID-19: \u0130\u015f S\u00f6zle\u015fmelerinin Feshi 3 Ay Yasakland\u0131","isPartOf":{"@id":"https:\/\/www.esin.av.tr\/tr\/#website"},"datePublished":"2020-04-17T08:06:08+00:00","dateModified":"2022-06-09T13:01:23+00:00","description":"Yeni Geli\u015fme COVID-19 nedeniyle al\u0131nan \u00f6nlemler kapsam\u0131nda, 17 Nisan 2020 tarihli, 31102 say\u0131l\u0131 Resmi Gazetede yay\u0131mlanan 7244 Say\u0131l\u0131 Yeni Koronavir\u00fcs","breadcrumb":{"@id":"https:\/\/www.esin.av.tr\/tr\/2020\/04\/17\/covid-19-is-sozlesmelerinin-feshi-3-ay-yasaklandi\/#breadcrumb"},"inLanguage":"tr","potentialAction":[{"@type":"ReadAction","target":["https:\/\/www.esin.av.tr\/tr\/2020\/04\/17\/covid-19-is-sozlesmelerinin-feshi-3-ay-yasaklandi\/"]}]},{"@type":"BreadcrumbList","@id":"https:\/\/www.esin.av.tr\/tr\/2020\/04\/17\/covid-19-is-sozlesmelerinin-feshi-3-ay-yasaklandi\/#breadcrumb","itemListElement":[{"@type":"ListItem","position":1,"name":"Home","item":"https:\/\/www.esin.av.tr\/tr\/"},{"@type":"ListItem","position":2,"name":"COVID-19: \u0130\u015f S\u00f6zle\u015fmelerinin Feshi 3 Ay Yasakland\u0131"}]},{"@type":"WebSite","@id":"https:\/\/www.esin.av.tr\/tr\/#website","url":"https:\/\/www.esin.av.tr\/tr\/","name":"Esin Avukatl\u0131k Ortakl\u0131\u011f\u0131","description":"","publisher":{"@id":"https:\/\/www.esin.av.tr\/tr\/#organization"},"potentialAction":[{"@type":"SearchAction","target":{"@type":"EntryPoint","urlTemplate":"https:\/\/www.esin.av.tr\/tr\/?s={search_term_string}"},"query-input":{"@type":"PropertyValueSpecification","valueRequired":true,"valueName":"search_term_string"}}],"inLanguage":"tr"},{"@type":"Organization","@id":"https:\/\/www.esin.av.tr\/tr\/#organization","name":"Esin Avukatl\u0131k Ortakl\u0131\u011f\u0131","url":"https:\/\/www.esin.av.tr\/tr\/","logo":{"@type":"ImageObject","inLanguage":"tr","@id":"https:\/\/www.esin.av.tr\/tr\/#\/schema\/logo\/image\/","url":"https:\/\/www.esin.av.tr\/wp-content\/uploads\/2021\/09\/esin-2.jpg","contentUrl":"https:\/\/www.esin.av.tr\/wp-content\/uploads\/2021\/09\/esin-2.jpg","width":800,"height":460,"caption":"Esin Avukatl\u0131k Ortakl\u0131\u011f\u0131"},"image":{"@id":"https:\/\/www.esin.av.tr\/tr\/#\/schema\/logo\/image\/"}},{"@type":"Person","@id":"https:\/\/www.esin.av.tr\/tr\/#\/schema\/person\/42c8e616aab56b8622fa365ad63282ae","name":"R\u0131dvan Konrat","image":{"@type":"ImageObject","inLanguage":"tr","@id":"https:\/\/www.esin.av.tr\/tr\/#\/schema\/person\/image\/","url":"https:\/\/secure.gravatar.com\/avatar\/b20c6c583be38ed4e76e32f69fccc676?s=96&d=mm&r=g","contentUrl":"https:\/\/secure.gravatar.com\/avatar\/b20c6c583be38ed4e76e32f69fccc676?s=96&d=mm&r=g","caption":"R\u0131dvan Konrat"},"sameAs":["http:\/\/www.esin.av.tr"],"url":"https:\/\/www.esin.av.tr\/tr\/author\/rkonrat\/"}]}},"_links":{"self":[{"href":"https:\/\/www.esin.av.tr\/tr\/wp-json\/wp\/v2\/posts\/16005","targetHints":{"allow":["GET"]}}],"collection":[{"href":"https:\/\/www.esin.av.tr\/tr\/wp-json\/wp\/v2\/posts"}],"about":[{"href":"https:\/\/www.esin.av.tr\/tr\/wp-json\/wp\/v2\/types\/post"}],"author":[{"embeddable":true,"href":"https:\/\/www.esin.av.tr\/tr\/wp-json\/wp\/v2\/users\/4"}],"replies":[{"embeddable":true,"href":"https:\/\/www.esin.av.tr\/tr\/wp-json\/wp\/v2\/comments?post=16005"}],"version-history":[{"count":1,"href":"https:\/\/www.esin.av.tr\/tr\/wp-json\/wp\/v2\/posts\/16005\/revisions"}],"predecessor-version":[{"id":16006,"href":"https:\/\/www.esin.av.tr\/tr\/wp-json\/wp\/v2\/posts\/16005\/revisions\/16006"}],"wp:attachment":[{"href":"https:\/\/www.esin.av.tr\/tr\/wp-json\/wp\/v2\/media?parent=16005"}],"wp:term":[{"taxonomy":"category","embeddable":true,"href":"https:\/\/www.esin.av.tr\/tr\/wp-json\/wp\/v2\/categories?post=16005"},{"taxonomy":"post_tag","embeddable":true,"href":"https:\/\/www.esin.av.tr\/tr\/wp-json\/wp\/v2\/tags?post=16005"}],"curies":[{"name":"wp","href":"https:\/\/api.w.org\/{rel}","templated":true}]}}