{"id":15991,"date":"2020-04-16T13:53:36","date_gmt":"2020-04-16T13:53:36","guid":{"rendered":"https:\/\/www.esin.av.tr\/?p=15991"},"modified":"2022-06-09T13:01:31","modified_gmt":"2022-06-09T13:01:31","slug":"kisisel-verileri-koruma-kurulundan-iki-yeni-karar","status":"publish","type":"post","link":"https:\/\/www.esin.av.tr\/tr\/2020\/04\/16\/kisisel-verileri-koruma-kurulundan-iki-yeni-karar\/","title":{"rendered":"Ki\u015fisel Verileri Koruma Kurulu&#8217;ndan \u0130ki Yeni Karar"},"content":{"rendered":"<p><strong>Yeni Geli\u015fme<\/strong><\/p>\n<p>Ki\u015fisel Verileri Koruma Kurulu&#8217;nun (&#8220;<strong>Kurul<\/strong>&#8220;), u\u00e7ak bileti sat\u0131\u015f firmas\u0131 olan veri sorumlusu hakk\u0131ndaki \u015fikayetle ilgili 6 \u015eubat 2020 tarihli ve 2020\/86 say\u0131l\u0131 karar\u0131 (&#8220;<strong>1. Karar<\/strong>&#8220;) ve bir bankan\u0131n potansiyel m\u00fc\u015fteri kazan\u0131m\u0131 amac\u0131yla ki\u015fisel veri i\u015flenmesine ili\u015fkin 2020\/103 say\u0131l\u0131 karar\u0131 (&#8220;<strong>2. Karar<\/strong>&#8220;) Kurul&#8217;un internet sitesinde yay\u0131mland\u0131. \u0130lgili veri sorumlular\u0131na, Kurul karar\u0131n\u0131 yerine getirmeme ve uygun g\u00fcvenlik d\u00fczeyini temin etmeye y\u00f6nelik gerekli idari ve teknik tedbirlerin al\u0131nmad\u0131\u011f\u0131 gerek\u00e7eleriyle idari para cezas\u0131 kesildi.<\/p>\n<p><strong>Kararlar Ne Diyor?<\/strong><\/p>\n<p>1. Karar&#8217;da ilgili ki\u015fi, u\u00e7ak bileti sat\u0131\u015f firmas\u0131 olan veri sorumlusunun sistemlerinde kay\u0131tl\u0131 olan \u00fcyelik e-posta adresinin de\u011fi\u015ftirilmesini talep etmi\u015ftir. \u0130lgili ki\u015fi, talebi yerine getirilmedi\u011fi gerek\u00e7esiyle Kurul&#8217;a ba\u015fvurmu\u015f ve Kurul, veri sorumlusunu ilgili ki\u015fi ba\u015fvurular\u0131n\u0131 etkin, hukuka ve d\u00fcr\u00fcstl\u00fck kural\u0131na uygun olarak sonu\u00e7land\u0131rmak \u00fczere gerekli idari ve teknik tedbirleri almas\u0131 y\u00f6n\u00fcnde talimatland\u0131rm\u0131\u015ft\u0131r. Bunun \u00fczerine ilgili ki\u015fi, veri sorumlusunun KEP adresi \u00fczerinden tekrar talepte bulunmu\u015f ancak veri sorumlusundan cevap alamam\u0131\u015ft\u0131r. Kurul, yapt\u0131\u011f\u0131 ikinci incelemede veri sorumlusunun Kurul&#8217;un talimat\u0131na ra\u011fmen ilgili ki\u015finin KEP adresinden yapt\u0131\u011f\u0131 ikinci ba\u015fvurusunun cevapland\u0131rmad\u0131\u011f\u0131, bu hususta ba\u015fvurular\u0131n sonu\u00e7land\u0131r\u0131lmas\u0131na y\u00f6nelik gerekli idari tedbirlerin al\u0131nmad\u0131\u011f\u0131 ve Kurul&#8217;un verdi\u011fi talimata uygun davran\u0131lmad\u0131\u011f\u0131 gerek\u00e7esiyle, veri sorumlusu firmaya 50.000 TL idari para cezas\u0131 vermi\u015ftir. Karar \u00f6zetine <strong><u><a href=\"https:\/\/urldefense.com\/v3\/__https:\/esinxchange.com\/collect\/click.aspx?u=ZE9tY0p0YUNLTmt4TkhVeXF4UFNPUkgwV2ZmSlhhY2JReVpjY0xNbldLWkh6SmFWS3NPUU5jMnBEWGxBLzY5ekpvdFdhazJSM2t1ekNzTGd2c3FaclFhREZ3Q3ljVU8y&amp;rh=ff005f13e061a310c0e56622ef41bd806c46eb5c__;!!Hj9Y_P0nvg!AsO5e9VQh8Zoqx5O5JiylnO7xIep-89L7TO3OWYTi_MUr391q6BB5z8Xdqj7jUAaLiKcAw$\">buradan<\/a><\/u><\/strong> ula\u015fabilirsiniz.<\/p>\n<p>2. Karar&#8217;da ilgili ki\u015fi, mevduat hesab\u0131 a\u00e7t\u0131rmak i\u00e7in gitti\u011fi bankan\u0131n di\u011fer bir \u015fubesinde a\u00e7\u0131lm\u0131\u015f bir ticari hesab\u0131n\u0131n bulundu\u011fu, s\u00f6z konusu hesapta t\u00fcm kimlik bilgilerinin g\u00f6r\u00fcld\u00fc\u011f\u00fc ve ilgili \u015fubede hi\u00e7bir i\u015flem yapmam\u0131\u015f olmamas\u0131na ra\u011fmen ki\u015fisel verilerin hukuka ayk\u0131r\u0131 olarak i\u015flendi\u011fi gerek\u00e7esiyle Kurul&#8217;a \u015fikayette bulunmu\u015ftur. Veri sorumlusu banka, s\u00f6z konusu ki\u015fisel verilerin potansiyel m\u00fc\u015fteri kazan\u0131m\u0131 amac\u0131yla \u00fc\u00e7\u00fcnc\u00fc bir taraftan temin edildi\u011fi ve ilgili ki\u015fi ad\u0131na m\u00fc\u015fteri numaras\u0131 olu\u015fturuldu\u011funu ifade etmi\u015ftir. Bu kapsamda Kurul, ilgili ki\u015fiye y\u00f6nelik i\u015fleme faaliyetinin a\u00e7\u0131k r\u0131za veya di\u011fer i\u015fleme \u015fartlar\u0131 olmaks\u0131z\u0131n ger\u00e7ekle\u015ftirildi\u011fi, buna ra\u011fmen ki\u015fisel verilerin silinmedi\u011fi,\u00a0 yok etmedi\u011fi veya anonim hale getirmedi\u011fini belirterek veri sorumlusu bankaya uygun g\u00fcvenlik d\u00fczeyini temin etmeye y\u00f6nelik idari ve teknik tedbirleri almad\u0131\u011f\u0131 gerek\u00e7esiyle 210.000 TL idari para cezas\u0131 vermi\u015ftir. Karar \u00f6zetine <strong><u><a href=\"https:\/\/urldefense.com\/v3\/__https:\/esinxchange.com\/collect\/click.aspx?u=ZE9tY0p0YUNLTmt4TkhVeXF4UFNPUkgwV2ZmSlhhY2JReVpjY0xNbldLWkh6SmFWS3NPUU5jMnBEWGxBLzY5ekpvdFdhazJSM2tzaW8xYVduSTdHVW16dlVSN054bUNK&amp;rh=ff005f13e061a310c0e56622ef41bd806c46eb5c__;!!Hj9Y_P0nvg!AsO5e9VQh8Zoqx5O5JiylnO7xIep-89L7TO3OWYTi_MUr391q6BB5z8Xdqj7jUC5p9mpPA$\">buradan<\/a><\/u><\/strong> ula\u015fabilirsiniz.<\/p>\n<p><strong>Sonu\u00e7<\/strong><\/p>\n<p>Kurul, veri sorumlular\u0131na Ki\u015fisel Verilerin Korunmas\u0131 Hakk\u0131nda Kanun kapsam\u0131nda sahip olduklar\u0131 y\u00fck\u00fcml\u00fcl\u00fcklere ili\u015fkin kararlar\u0131yla rehberlik etmeye devam ediyor. Kurul son bir ayda 17 karar yay\u0131mlad\u0131<strong>. <\/strong>Kurul&#8217;un son derece aktif olmas\u0131 dolay\u0131s\u0131yla veri sorumlular\u0131 Kurul kararlar\u0131n\u0131 yak\u0131ndan takip etmeli ve kararlar \u0131\u015f\u0131\u011f\u0131nda s\u00fcre\u00e7lerini Karar&#8217;a uygun olacak \u015fekilde g\u00f6zden ge\u00e7irmelidir.<\/p>\n<p><strong>COVID-19 salg\u0131n\u0131 ile ilgili hukuki d\u00fczenlemelerle ilgili bilgilere <u><a href=\"https:\/\/urldefense.com\/v3\/__https:\/esinxchange.com\/collect\/click.aspx?u=ZE9tY0p0YUNLTmt4TkhVeXF4UFNPUkgwV2ZmSlhhY2JReVpjY0xNbldLYmFoVllNV25zRHUzZnVhd0dTQS9sWGZKSHM4a0Rqc3R4V2d2Ym1FcmJpNVFCbWtmU05kTU5j&amp;rh=ff005f13e061a310c0e56622ef41bd806c46eb5c__;!!Hj9Y_P0nvg!AsO5e9VQh8Zoqx5O5JiylnO7xIep-89L7TO3OWYTi_MUr391q6BB5z8Xdqj7jUAaxerrcw$\">Esin Avukatl\u0131k Ortakl\u0131\u011f\u0131 Coronavir\u00fcs Masas\u0131<\/a><\/u>&#8216;ndan ula\u015fabilirsiniz.<\/strong><\/p>\n","protected":false},"excerpt":{"rendered":"<p>Yeni Geli\u015fme Ki\u015fisel Verileri Koruma Kurulu&#8217;nun (&#8220;Kurul&#8220;), u\u00e7ak bileti sat\u0131\u015f firmas\u0131 olan veri sorumlusu hakk\u0131ndaki \u015fikayetle ilgili 6 \u015eubat 2020 [&hellip;]<\/p>\n","protected":false},"author":4,"featured_media":0,"comment_status":"closed","ping_status":"closed","sticky":false,"template":"","format":"standard","meta":{"_acf_changed":false,"_stopmodifiedupdate":false,"_modified_date":"","footnotes":""},"categories":[120,149],"tags":[93],"class_list":["post-15991","post","type-post","status-publish","format-standard","hentry","category-legal-alerts","category-covid-19-tr","tag-information-technology-communications-tr"],"acf":[],"yoast_head":"<!-- This site is optimized with the Yoast SEO plugin v24.0 - https:\/\/yoast.com\/wordpress\/plugins\/seo\/ -->\n<title>Ki\u015fisel Verileri Koruma Kurulu&#039;ndan \u0130ki Yeni Karar<\/title>\n<meta name=\"description\" content=\"Yeni Geli\u015fme Ki\u015fisel Verileri Koruma Kurulu&#039;nun (&quot;Kurul&quot;), u\u00e7ak bileti sat\u0131\u015f firmas\u0131 olan veri sorumlusu hakk\u0131ndaki \u015fikayetle ilgili 6 \u015eubat 2020 tarihli\" \/>\n<meta name=\"robots\" content=\"index, follow, max-snippet:-1, max-image-preview:large, max-video-preview:-1\" \/>\n<link rel=\"canonical\" href=\"https:\/\/www.esin.av.tr\/tr\/2020\/04\/16\/kisisel-verileri-koruma-kurulundan-iki-yeni-karar\/\" \/>\n<meta property=\"og:locale\" content=\"tr_TR\" \/>\n<meta property=\"og:type\" content=\"article\" \/>\n<meta property=\"og:title\" content=\"Ki\u015fisel Verileri Koruma Kurulu&#039;ndan \u0130ki Yeni Karar\" \/>\n<meta property=\"og:description\" content=\"Yeni Geli\u015fme Ki\u015fisel Verileri Koruma Kurulu&#039;nun (&quot;Kurul&quot;), u\u00e7ak bileti sat\u0131\u015f firmas\u0131 olan veri sorumlusu hakk\u0131ndaki \u015fikayetle ilgili 6 \u015eubat 2020 tarihli\" \/>\n<meta property=\"og:url\" content=\"https:\/\/www.esin.av.tr\/tr\/2020\/04\/16\/kisisel-verileri-koruma-kurulundan-iki-yeni-karar\/\" \/>\n<meta property=\"og:site_name\" content=\"Esin Avukatl\u0131k Ortakl\u0131\u011f\u0131\" \/>\n<meta property=\"article:published_time\" content=\"2020-04-16T13:53:36+00:00\" \/>\n<meta property=\"article:modified_time\" content=\"2022-06-09T13:01:31+00:00\" \/>\n<meta name=\"author\" content=\"R\u0131dvan Konrat\" \/>\n<meta name=\"twitter:card\" content=\"summary_large_image\" \/>\n<meta name=\"twitter:label1\" content=\"Written by\" \/>\n\t<meta name=\"twitter:data1\" content=\"R\u0131dvan Konrat\" \/>\n\t<meta name=\"twitter:label2\" content=\"Est. reading time\" \/>\n\t<meta name=\"twitter:data2\" content=\"3 minutes\" \/>\n<script type=\"application\/ld+json\" class=\"yoast-schema-graph\">{\"@context\":\"https:\/\/schema.org\",\"@graph\":[{\"@type\":\"Article\",\"@id\":\"https:\/\/www.esin.av.tr\/tr\/2020\/04\/16\/kisisel-verileri-koruma-kurulundan-iki-yeni-karar\/#article\",\"isPartOf\":{\"@id\":\"https:\/\/www.esin.av.tr\/tr\/2020\/04\/16\/kisisel-verileri-koruma-kurulundan-iki-yeni-karar\/\"},\"author\":{\"name\":\"R\u0131dvan Konrat\",\"@id\":\"https:\/\/www.esin.av.tr\/tr\/#\/schema\/person\/42c8e616aab56b8622fa365ad63282ae\"},\"headline\":\"Ki\u015fisel Verileri Koruma Kurulu&#8217;ndan \u0130ki Yeni Karar\",\"datePublished\":\"2020-04-16T13:53:36+00:00\",\"dateModified\":\"2022-06-09T13:01:31+00:00\",\"mainEntityOfPage\":{\"@id\":\"https:\/\/www.esin.av.tr\/tr\/2020\/04\/16\/kisisel-verileri-koruma-kurulundan-iki-yeni-karar\/\"},\"wordCount\":533,\"publisher\":{\"@id\":\"https:\/\/www.esin.av.tr\/tr\/#organization\"},\"keywords\":[\"Bilgi Teknolojileri ve Telekom\u00fcnikasyon\"],\"articleSection\":[\"Hukuk B\u00fcltenleri\",\"Covid-19\"],\"inLanguage\":\"tr\"},{\"@type\":\"WebPage\",\"@id\":\"https:\/\/www.esin.av.tr\/tr\/2020\/04\/16\/kisisel-verileri-koruma-kurulundan-iki-yeni-karar\/\",\"url\":\"https:\/\/www.esin.av.tr\/tr\/2020\/04\/16\/kisisel-verileri-koruma-kurulundan-iki-yeni-karar\/\",\"name\":\"Ki\u015fisel Verileri Koruma Kurulu'ndan \u0130ki Yeni Karar\",\"isPartOf\":{\"@id\":\"https:\/\/www.esin.av.tr\/tr\/#website\"},\"datePublished\":\"2020-04-16T13:53:36+00:00\",\"dateModified\":\"2022-06-09T13:01:31+00:00\",\"description\":\"Yeni Geli\u015fme Ki\u015fisel Verileri Koruma Kurulu'nun (\\\"Kurul\\\"), u\u00e7ak bileti sat\u0131\u015f firmas\u0131 olan veri sorumlusu hakk\u0131ndaki \u015fikayetle ilgili 6 \u015eubat 2020 tarihli\",\"breadcrumb\":{\"@id\":\"https:\/\/www.esin.av.tr\/tr\/2020\/04\/16\/kisisel-verileri-koruma-kurulundan-iki-yeni-karar\/#breadcrumb\"},\"inLanguage\":\"tr\",\"potentialAction\":[{\"@type\":\"ReadAction\",\"target\":[\"https:\/\/www.esin.av.tr\/tr\/2020\/04\/16\/kisisel-verileri-koruma-kurulundan-iki-yeni-karar\/\"]}]},{\"@type\":\"BreadcrumbList\",\"@id\":\"https:\/\/www.esin.av.tr\/tr\/2020\/04\/16\/kisisel-verileri-koruma-kurulundan-iki-yeni-karar\/#breadcrumb\",\"itemListElement\":[{\"@type\":\"ListItem\",\"position\":1,\"name\":\"Home\",\"item\":\"https:\/\/www.esin.av.tr\/tr\/\"},{\"@type\":\"ListItem\",\"position\":2,\"name\":\"Ki\u015fisel Verileri Koruma Kurulu&#8217;ndan \u0130ki Yeni Karar\"}]},{\"@type\":\"WebSite\",\"@id\":\"https:\/\/www.esin.av.tr\/tr\/#website\",\"url\":\"https:\/\/www.esin.av.tr\/tr\/\",\"name\":\"Esin Avukatl\u0131k Ortakl\u0131\u011f\u0131\",\"description\":\"\",\"publisher\":{\"@id\":\"https:\/\/www.esin.av.tr\/tr\/#organization\"},\"potentialAction\":[{\"@type\":\"SearchAction\",\"target\":{\"@type\":\"EntryPoint\",\"urlTemplate\":\"https:\/\/www.esin.av.tr\/tr\/?s={search_term_string}\"},\"query-input\":{\"@type\":\"PropertyValueSpecification\",\"valueRequired\":true,\"valueName\":\"search_term_string\"}}],\"inLanguage\":\"tr\"},{\"@type\":\"Organization\",\"@id\":\"https:\/\/www.esin.av.tr\/tr\/#organization\",\"name\":\"Esin Avukatl\u0131k Ortakl\u0131\u011f\u0131\",\"url\":\"https:\/\/www.esin.av.tr\/tr\/\",\"logo\":{\"@type\":\"ImageObject\",\"inLanguage\":\"tr\",\"@id\":\"https:\/\/www.esin.av.tr\/tr\/#\/schema\/logo\/image\/\",\"url\":\"https:\/\/www.esin.av.tr\/wp-content\/uploads\/2021\/09\/esin-2.jpg\",\"contentUrl\":\"https:\/\/www.esin.av.tr\/wp-content\/uploads\/2021\/09\/esin-2.jpg\",\"width\":800,\"height\":460,\"caption\":\"Esin Avukatl\u0131k Ortakl\u0131\u011f\u0131\"},\"image\":{\"@id\":\"https:\/\/www.esin.av.tr\/tr\/#\/schema\/logo\/image\/\"}},{\"@type\":\"Person\",\"@id\":\"https:\/\/www.esin.av.tr\/tr\/#\/schema\/person\/42c8e616aab56b8622fa365ad63282ae\",\"name\":\"R\u0131dvan Konrat\",\"image\":{\"@type\":\"ImageObject\",\"inLanguage\":\"tr\",\"@id\":\"https:\/\/www.esin.av.tr\/tr\/#\/schema\/person\/image\/\",\"url\":\"https:\/\/secure.gravatar.com\/avatar\/b20c6c583be38ed4e76e32f69fccc676?s=96&d=mm&r=g\",\"contentUrl\":\"https:\/\/secure.gravatar.com\/avatar\/b20c6c583be38ed4e76e32f69fccc676?s=96&d=mm&r=g\",\"caption\":\"R\u0131dvan Konrat\"},\"sameAs\":[\"http:\/\/www.esin.av.tr\"],\"url\":\"https:\/\/www.esin.av.tr\/tr\/author\/rkonrat\/\"}]}<\/script>\n<!-- \/ Yoast SEO plugin. -->","yoast_head_json":{"title":"Ki\u015fisel Verileri Koruma Kurulu'ndan \u0130ki Yeni Karar","description":"Yeni Geli\u015fme Ki\u015fisel Verileri Koruma Kurulu'nun (\"Kurul\"), u\u00e7ak bileti sat\u0131\u015f firmas\u0131 olan veri sorumlusu hakk\u0131ndaki \u015fikayetle ilgili 6 \u015eubat 2020 tarihli","robots":{"index":"index","follow":"follow","max-snippet":"max-snippet:-1","max-image-preview":"max-image-preview:large","max-video-preview":"max-video-preview:-1"},"canonical":"https:\/\/www.esin.av.tr\/tr\/2020\/04\/16\/kisisel-verileri-koruma-kurulundan-iki-yeni-karar\/","og_locale":"tr_TR","og_type":"article","og_title":"Ki\u015fisel Verileri Koruma Kurulu'ndan \u0130ki Yeni Karar","og_description":"Yeni Geli\u015fme Ki\u015fisel Verileri Koruma Kurulu'nun (\"Kurul\"), u\u00e7ak bileti sat\u0131\u015f firmas\u0131 olan veri sorumlusu hakk\u0131ndaki \u015fikayetle ilgili 6 \u015eubat 2020 tarihli","og_url":"https:\/\/www.esin.av.tr\/tr\/2020\/04\/16\/kisisel-verileri-koruma-kurulundan-iki-yeni-karar\/","og_site_name":"Esin Avukatl\u0131k Ortakl\u0131\u011f\u0131","article_published_time":"2020-04-16T13:53:36+00:00","article_modified_time":"2022-06-09T13:01:31+00:00","author":"R\u0131dvan Konrat","twitter_card":"summary_large_image","twitter_misc":{"Written by":"R\u0131dvan Konrat","Est. reading time":"3 minutes"},"schema":{"@context":"https:\/\/schema.org","@graph":[{"@type":"Article","@id":"https:\/\/www.esin.av.tr\/tr\/2020\/04\/16\/kisisel-verileri-koruma-kurulundan-iki-yeni-karar\/#article","isPartOf":{"@id":"https:\/\/www.esin.av.tr\/tr\/2020\/04\/16\/kisisel-verileri-koruma-kurulundan-iki-yeni-karar\/"},"author":{"name":"R\u0131dvan Konrat","@id":"https:\/\/www.esin.av.tr\/tr\/#\/schema\/person\/42c8e616aab56b8622fa365ad63282ae"},"headline":"Ki\u015fisel Verileri Koruma Kurulu&#8217;ndan \u0130ki Yeni Karar","datePublished":"2020-04-16T13:53:36+00:00","dateModified":"2022-06-09T13:01:31+00:00","mainEntityOfPage":{"@id":"https:\/\/www.esin.av.tr\/tr\/2020\/04\/16\/kisisel-verileri-koruma-kurulundan-iki-yeni-karar\/"},"wordCount":533,"publisher":{"@id":"https:\/\/www.esin.av.tr\/tr\/#organization"},"keywords":["Bilgi Teknolojileri ve Telekom\u00fcnikasyon"],"articleSection":["Hukuk B\u00fcltenleri","Covid-19"],"inLanguage":"tr"},{"@type":"WebPage","@id":"https:\/\/www.esin.av.tr\/tr\/2020\/04\/16\/kisisel-verileri-koruma-kurulundan-iki-yeni-karar\/","url":"https:\/\/www.esin.av.tr\/tr\/2020\/04\/16\/kisisel-verileri-koruma-kurulundan-iki-yeni-karar\/","name":"Ki\u015fisel Verileri Koruma Kurulu'ndan \u0130ki Yeni Karar","isPartOf":{"@id":"https:\/\/www.esin.av.tr\/tr\/#website"},"datePublished":"2020-04-16T13:53:36+00:00","dateModified":"2022-06-09T13:01:31+00:00","description":"Yeni Geli\u015fme Ki\u015fisel Verileri Koruma Kurulu'nun (\"Kurul\"), u\u00e7ak bileti sat\u0131\u015f firmas\u0131 olan veri sorumlusu hakk\u0131ndaki \u015fikayetle ilgili 6 \u015eubat 2020 tarihli","breadcrumb":{"@id":"https:\/\/www.esin.av.tr\/tr\/2020\/04\/16\/kisisel-verileri-koruma-kurulundan-iki-yeni-karar\/#breadcrumb"},"inLanguage":"tr","potentialAction":[{"@type":"ReadAction","target":["https:\/\/www.esin.av.tr\/tr\/2020\/04\/16\/kisisel-verileri-koruma-kurulundan-iki-yeni-karar\/"]}]},{"@type":"BreadcrumbList","@id":"https:\/\/www.esin.av.tr\/tr\/2020\/04\/16\/kisisel-verileri-koruma-kurulundan-iki-yeni-karar\/#breadcrumb","itemListElement":[{"@type":"ListItem","position":1,"name":"Home","item":"https:\/\/www.esin.av.tr\/tr\/"},{"@type":"ListItem","position":2,"name":"Ki\u015fisel Verileri Koruma Kurulu&#8217;ndan \u0130ki Yeni Karar"}]},{"@type":"WebSite","@id":"https:\/\/www.esin.av.tr\/tr\/#website","url":"https:\/\/www.esin.av.tr\/tr\/","name":"Esin Avukatl\u0131k Ortakl\u0131\u011f\u0131","description":"","publisher":{"@id":"https:\/\/www.esin.av.tr\/tr\/#organization"},"potentialAction":[{"@type":"SearchAction","target":{"@type":"EntryPoint","urlTemplate":"https:\/\/www.esin.av.tr\/tr\/?s={search_term_string}"},"query-input":{"@type":"PropertyValueSpecification","valueRequired":true,"valueName":"search_term_string"}}],"inLanguage":"tr"},{"@type":"Organization","@id":"https:\/\/www.esin.av.tr\/tr\/#organization","name":"Esin Avukatl\u0131k Ortakl\u0131\u011f\u0131","url":"https:\/\/www.esin.av.tr\/tr\/","logo":{"@type":"ImageObject","inLanguage":"tr","@id":"https:\/\/www.esin.av.tr\/tr\/#\/schema\/logo\/image\/","url":"https:\/\/www.esin.av.tr\/wp-content\/uploads\/2021\/09\/esin-2.jpg","contentUrl":"https:\/\/www.esin.av.tr\/wp-content\/uploads\/2021\/09\/esin-2.jpg","width":800,"height":460,"caption":"Esin Avukatl\u0131k Ortakl\u0131\u011f\u0131"},"image":{"@id":"https:\/\/www.esin.av.tr\/tr\/#\/schema\/logo\/image\/"}},{"@type":"Person","@id":"https:\/\/www.esin.av.tr\/tr\/#\/schema\/person\/42c8e616aab56b8622fa365ad63282ae","name":"R\u0131dvan Konrat","image":{"@type":"ImageObject","inLanguage":"tr","@id":"https:\/\/www.esin.av.tr\/tr\/#\/schema\/person\/image\/","url":"https:\/\/secure.gravatar.com\/avatar\/b20c6c583be38ed4e76e32f69fccc676?s=96&d=mm&r=g","contentUrl":"https:\/\/secure.gravatar.com\/avatar\/b20c6c583be38ed4e76e32f69fccc676?s=96&d=mm&r=g","caption":"R\u0131dvan Konrat"},"sameAs":["http:\/\/www.esin.av.tr"],"url":"https:\/\/www.esin.av.tr\/tr\/author\/rkonrat\/"}]}},"_links":{"self":[{"href":"https:\/\/www.esin.av.tr\/tr\/wp-json\/wp\/v2\/posts\/15991","targetHints":{"allow":["GET"]}}],"collection":[{"href":"https:\/\/www.esin.av.tr\/tr\/wp-json\/wp\/v2\/posts"}],"about":[{"href":"https:\/\/www.esin.av.tr\/tr\/wp-json\/wp\/v2\/types\/post"}],"author":[{"embeddable":true,"href":"https:\/\/www.esin.av.tr\/tr\/wp-json\/wp\/v2\/users\/4"}],"replies":[{"embeddable":true,"href":"https:\/\/www.esin.av.tr\/tr\/wp-json\/wp\/v2\/comments?post=15991"}],"version-history":[{"count":1,"href":"https:\/\/www.esin.av.tr\/tr\/wp-json\/wp\/v2\/posts\/15991\/revisions"}],"predecessor-version":[{"id":15992,"href":"https:\/\/www.esin.av.tr\/tr\/wp-json\/wp\/v2\/posts\/15991\/revisions\/15992"}],"wp:attachment":[{"href":"https:\/\/www.esin.av.tr\/tr\/wp-json\/wp\/v2\/media?parent=15991"}],"wp:term":[{"taxonomy":"category","embeddable":true,"href":"https:\/\/www.esin.av.tr\/tr\/wp-json\/wp\/v2\/categories?post=15991"},{"taxonomy":"post_tag","embeddable":true,"href":"https:\/\/www.esin.av.tr\/tr\/wp-json\/wp\/v2\/tags?post=15991"}],"curies":[{"name":"wp","href":"https:\/\/api.w.org\/{rel}","templated":true}]}}