{"id":15845,"date":"2020-04-04T07:46:57","date_gmt":"2020-04-04T07:46:57","guid":{"rendered":"https:\/\/www.esin.av.tr\/?p=15845"},"modified":"2021-09-29T18:04:47","modified_gmt":"2021-09-29T18:04:47","slug":"covid-19-enerji-piyasasi-denetleme-kurumu-covid-19-salginini-mucbir-sebep-olarak-kabul-ettigini-acikladi","status":"publish","type":"post","link":"https:\/\/www.esin.av.tr\/tr\/2020\/04\/04\/covid-19-enerji-piyasasi-denetleme-kurumu-covid-19-salginini-mucbir-sebep-olarak-kabul-ettigini-acikladi\/","title":{"rendered":"COVID-19: Enerji Piyasas\u0131 Denetleme Kurumu Covid-19 Salg\u0131n\u0131n\u0131 M\u00fccbir Sebep Olarak Kabul Etti\u011fini A\u00e7\u0131klad\u0131"},"content":{"rendered":"<p><strong>Yeni Geli\u015fmeler<\/strong><\/p>\n<p>Enerji Piyasas\u0131 D\u00fczenleme Kurumu (&#8220;<strong>EPDK<\/strong>&#8220;) 2 Nisan 2020 tarihinde ald\u0131\u011f\u0131 kararla COVID-19 salg\u0131n\u0131n\u0131 Elektrik Piyasas\u0131 Lisans Y\u00f6netmeli\u011fi&#8217;nin 35. maddesi ve Elektrik Piyasas\u0131nda Lisanss\u0131z Elektrik \u00dcretim Y\u00f6netmeli\u011fi&#8217;nin 19. maddesi kapsam\u0131nda m\u00fccbir sebep olarak kabul etmi\u015ftir. EPDK&#8217;n\u0131n karar\u0131 31089 say\u0131l\u0131 Resmi Gazete&#8217;de 6 Nisan 2020 tarihinde yay\u0131mlanm\u0131\u015f ve ayn\u0131 g\u00fcn y\u00fcr\u00fcrl\u00fc\u011fe girmi\u015ftir.<\/p>\n<p><strong>Karar Ne Getiriyor?<\/strong><\/p>\n<p><strong>Lisansl\u0131 Elektrik \u00dcreticileri A\u00e7\u0131s\u0131ndan<\/strong><\/p>\n<p>\u00d6nlisans veya lisans sahibi t\u00fczel ki\u015filerin Elektrik Piyasas\u0131 Lisans Y\u00f6netmeli\u011fi kapsam\u0131nda belirlenmi\u015f a\u015fa\u011f\u0131da yer alan s\u00fcreli y\u00fck\u00fcml\u00fcl\u00fckleri, bu y\u00fck\u00fcml\u00fcl\u00fcklerin 10 Mart 2020 veya sonras\u0131nda sona erecek olmalar\u0131 ko\u015fuluna ba\u011fl\u0131 olarak, herhangi bir i\u015fleme gerek olmaks\u0131z\u0131n, bir defaya mahsus 3 ayl\u0131k s\u00fcre uzat\u0131m\u0131na tabi tutulmu\u015ftur:<\/p>\n<ol>\n<li>\u00d6nlisans s\u00fcreleri ile \u00fcretim lisans\u0131 kapsam\u0131nda in\u015faat \u00f6ncesi d\u00f6nem ile in\u015faat d\u00f6nemi ya da Elektrik Piyasas\u0131 Lisans Y\u00f6netmeli\u011fi&#8217;nin Ge\u00e7ici 15. maddesi kapsam\u0131ndaki y\u00fck\u00fcml\u00fcl\u00fck erteleme s\u00fcreleri,<\/li>\n<li>\u00d6nlisans veya \u00fcretim lisans\u0131 tadil i\u015fleri kapsam\u0131nda belirlenen y\u00fck\u00fcml\u00fcl\u00fcklere ili\u015fkin s\u00fcreler,<\/li>\n<li>Birle\u015fme veya b\u00f6l\u00fcnme i\u015flemleri kapsam\u0131nda belirlenen y\u00fck\u00fcml\u00fcl\u00fcklere ili\u015fkin s\u00fcreler<\/li>\n<li>Eskisinin devam\u0131 mahiyetinde \u00fcretim lisans\u0131 verilmesi kapsam\u0131nda belirlenen y\u00fck\u00fcml\u00fcl\u00fcklere ili\u015fkin s\u00fcreler,<\/li>\n<li>\u00d6nlisans veya lisans ba\u015fvurular\u0131 kapsam\u0131nda gerekli bilgi ve belgelerin tamamlanmas\u0131 i\u00e7in verilen s\u00fcreler, ve<\/li>\n<li>Y\u00f6netmeli\u011fin 18 inci maddesinin ikinci f\u0131kras\u0131 kapsam\u0131nda yap\u0131lmas\u0131 \u00f6ng\u00f6r\u00fclen ba\u015fvurulara ili\u015fkin s\u00fcreler.<\/li>\n<\/ol>\n<p><strong>Lisanss\u0131z Elektrik \u00dcreticileri A\u00e7\u0131s\u0131ndan<\/strong><\/p>\n<p>Elektrik Piyasas\u0131nda Lisanss\u0131z Elektrik \u00dcretim Y\u00f6netmeli\u011fi kapsam\u0131nda kurulmas\u0131 \u00f6ng\u00f6r\u00fclen \u00fcretim tesislerinden ba\u011flant\u0131 anla\u015fma s\u00fcresi 10 Mart 2020 tarihinde veya sonras\u0131nda sonra erecek olan ger\u00e7ek ve t\u00fczel ki\u015filere, herhangi bir i\u015fleme gerek olmaks\u0131z\u0131n ve bir defaya mahsus olmak \u00fczere 3 ayl\u0131k s\u00fcre uzat\u0131m\u0131 sa\u011flanm\u0131\u015ft\u0131r.<\/p>\n<p><strong>Sonu\u00e7<\/strong><\/p>\n<p>EPDK, \u00e7\u0131kard\u0131\u011f\u0131 idari tedbirler ile COVID-19 salg\u0131n\u0131 s\u00fcresince enerji yat\u0131r\u0131mlar\u0131n\u0131n devaml\u0131l\u0131\u011f\u0131n\u0131 sa\u011flamak i\u00e7in enerji \u015firketlerine esneklik sa\u011flamay\u0131 ama\u00e7lamaktad\u0131r. Bu idari tedbirler ile COVID-19 salg\u0131n\u0131 nedeniyle ortaya \u00e7\u0131kan operasyonel gecikmelerin sebep olabilece\u011fi zamansal sorunlar\u0131n en aza indirilmesi hedeflenmektedir. Bu kapsamda elektrik \u00fcreticilerinin, EPDK\u2019n\u0131n karar\u0131 kapsam\u0131nda mevcut y\u00fck\u00fcml\u00fcl\u00fckleri var ise 3 ayl\u0131k s\u00fcre uzat\u0131m\u0131n\u0131 dikkate almalar\u0131 uygun olacakt\u0131r.<\/p>\n<p><strong>COVID-19&#8217;un hukuki etkilerine y\u00f6nelik mevzuat b\u00fcltenlerimize <\/strong><a href=\"https:\/\/urldefense.com\/v3\/__https:\/esinxchange.com\/collect\/click.aspx?u=K1d0Sk81VjhQU3g3R1dPRXlGTDJxOU5WREY2MEo4Tzl0M3F6T3NEQUFFdHVFYWJLUjlHZk0vOFhBcmk0WGtaNSt3a0NFKzV1MDY1SWk4dkdCejl6OXpXUkxyVjgwaHJV&amp;rh=ff005d3612b7cb104102d66711459731454aadcb__;!!Hj9Y_P0nvg!DrGnikyNw68s3tVd_hiPqfDZsBFFY_g_yCv7YqWDJY1kyEL1BloeEKhTul1k2zYNa4_ZeA$\"><strong>https:\/\/www.esin.av.tr\/tr\/coronavirus-desk\/<\/strong><\/a><strong> adresinden ula\u015fabilirsiniz.<\/strong><\/p>\n","protected":false},"excerpt":{"rendered":"<p>Yeni Geli\u015fmeler Enerji Piyasas\u0131 D\u00fczenleme Kurumu (&#8220;EPDK&#8220;) 2 Nisan 2020 tarihinde ald\u0131\u011f\u0131 kararla COVID-19 salg\u0131n\u0131n\u0131 Elektrik Piyasas\u0131 Lisans Y\u00f6netmeli\u011fi&#8217;nin 35. [&hellip;]<\/p>\n","protected":false},"author":4,"featured_media":0,"comment_status":"closed","ping_status":"closed","sticky":false,"template":"","format":"standard","meta":{"_acf_changed":false,"_stopmodifiedupdate":false,"_modified_date":"","footnotes":""},"categories":[120,149],"tags":[],"class_list":["post-15845","post","type-post","status-publish","format-standard","hentry","category-legal-alerts","category-covid-19-tr"],"acf":[],"yoast_head":"<!-- This site is optimized with the Yoast SEO plugin v24.0 - https:\/\/yoast.com\/wordpress\/plugins\/seo\/ -->\n<title>COVID-19: Enerji Piyasas\u0131 Denetleme Kurumu Covid-19 Salg\u0131n\u0131n\u0131 M\u00fccbir Sebep Olarak Kabul Etti\u011fini A\u00e7\u0131klad\u0131<\/title>\n<meta name=\"description\" content=\"Yeni Geli\u015fmeler Enerji Piyasas\u0131 D\u00fczenleme Kurumu (&quot;EPDK&quot;) 2 Nisan 2020 tarihinde ald\u0131\u011f\u0131 kararla COVID-19 salg\u0131n\u0131n\u0131 Elektrik Piyasas\u0131 Lisans\" \/>\n<meta name=\"robots\" content=\"index, follow, max-snippet:-1, max-image-preview:large, max-video-preview:-1\" \/>\n<link rel=\"canonical\" href=\"https:\/\/www.esin.av.tr\/tr\/2020\/04\/04\/covid-19-enerji-piyasasi-denetleme-kurumu-covid-19-salginini-mucbir-sebep-olarak-kabul-ettigini-acikladi\/\" \/>\n<meta property=\"og:locale\" content=\"tr_TR\" \/>\n<meta property=\"og:type\" content=\"article\" \/>\n<meta property=\"og:title\" content=\"COVID-19: Enerji Piyasas\u0131 Denetleme Kurumu Covid-19 Salg\u0131n\u0131n\u0131 M\u00fccbir Sebep Olarak Kabul Etti\u011fini A\u00e7\u0131klad\u0131\" \/>\n<meta property=\"og:description\" content=\"Yeni Geli\u015fmeler Enerji Piyasas\u0131 D\u00fczenleme Kurumu (&quot;EPDK&quot;) 2 Nisan 2020 tarihinde ald\u0131\u011f\u0131 kararla COVID-19 salg\u0131n\u0131n\u0131 Elektrik Piyasas\u0131 Lisans\" \/>\n<meta property=\"og:url\" content=\"https:\/\/www.esin.av.tr\/tr\/2020\/04\/04\/covid-19-enerji-piyasasi-denetleme-kurumu-covid-19-salginini-mucbir-sebep-olarak-kabul-ettigini-acikladi\/\" \/>\n<meta property=\"og:site_name\" content=\"Esin Avukatl\u0131k Ortakl\u0131\u011f\u0131\" \/>\n<meta property=\"article:published_time\" content=\"2020-04-04T07:46:57+00:00\" \/>\n<meta property=\"article:modified_time\" content=\"2021-09-29T18:04:47+00:00\" \/>\n<meta name=\"author\" content=\"R\u0131dvan Konrat\" \/>\n<meta name=\"twitter:card\" content=\"summary_large_image\" \/>\n<meta name=\"twitter:label1\" content=\"Written by\" \/>\n\t<meta name=\"twitter:data1\" content=\"R\u0131dvan Konrat\" \/>\n\t<meta name=\"twitter:label2\" content=\"Est. reading time\" \/>\n\t<meta name=\"twitter:data2\" content=\"2 minutes\" \/>\n<script type=\"application\/ld+json\" class=\"yoast-schema-graph\">{\"@context\":\"https:\/\/schema.org\",\"@graph\":[{\"@type\":\"Article\",\"@id\":\"https:\/\/www.esin.av.tr\/tr\/2020\/04\/04\/covid-19-enerji-piyasasi-denetleme-kurumu-covid-19-salginini-mucbir-sebep-olarak-kabul-ettigini-acikladi\/#article\",\"isPartOf\":{\"@id\":\"https:\/\/www.esin.av.tr\/tr\/2020\/04\/04\/covid-19-enerji-piyasasi-denetleme-kurumu-covid-19-salginini-mucbir-sebep-olarak-kabul-ettigini-acikladi\/\"},\"author\":{\"name\":\"R\u0131dvan Konrat\",\"@id\":\"https:\/\/www.esin.av.tr\/tr\/#\/schema\/person\/42c8e616aab56b8622fa365ad63282ae\"},\"headline\":\"COVID-19: Enerji Piyasas\u0131 Denetleme Kurumu Covid-19 Salg\u0131n\u0131n\u0131 M\u00fccbir Sebep Olarak Kabul Etti\u011fini A\u00e7\u0131klad\u0131\",\"datePublished\":\"2020-04-04T07:46:57+00:00\",\"dateModified\":\"2021-09-29T18:04:47+00:00\",\"mainEntityOfPage\":{\"@id\":\"https:\/\/www.esin.av.tr\/tr\/2020\/04\/04\/covid-19-enerji-piyasasi-denetleme-kurumu-covid-19-salginini-mucbir-sebep-olarak-kabul-ettigini-acikladi\/\"},\"wordCount\":474,\"publisher\":{\"@id\":\"https:\/\/www.esin.av.tr\/tr\/#organization\"},\"articleSection\":[\"Hukuk B\u00fcltenleri\",\"Covid-19\"],\"inLanguage\":\"tr\"},{\"@type\":\"WebPage\",\"@id\":\"https:\/\/www.esin.av.tr\/tr\/2020\/04\/04\/covid-19-enerji-piyasasi-denetleme-kurumu-covid-19-salginini-mucbir-sebep-olarak-kabul-ettigini-acikladi\/\",\"url\":\"https:\/\/www.esin.av.tr\/tr\/2020\/04\/04\/covid-19-enerji-piyasasi-denetleme-kurumu-covid-19-salginini-mucbir-sebep-olarak-kabul-ettigini-acikladi\/\",\"name\":\"COVID-19: Enerji Piyasas\u0131 Denetleme Kurumu Covid-19 Salg\u0131n\u0131n\u0131 M\u00fccbir Sebep Olarak Kabul Etti\u011fini A\u00e7\u0131klad\u0131\",\"isPartOf\":{\"@id\":\"https:\/\/www.esin.av.tr\/tr\/#website\"},\"datePublished\":\"2020-04-04T07:46:57+00:00\",\"dateModified\":\"2021-09-29T18:04:47+00:00\",\"description\":\"Yeni Geli\u015fmeler Enerji Piyasas\u0131 D\u00fczenleme Kurumu (\\\"EPDK\\\") 2 Nisan 2020 tarihinde ald\u0131\u011f\u0131 kararla COVID-19 salg\u0131n\u0131n\u0131 Elektrik Piyasas\u0131 Lisans\",\"breadcrumb\":{\"@id\":\"https:\/\/www.esin.av.tr\/tr\/2020\/04\/04\/covid-19-enerji-piyasasi-denetleme-kurumu-covid-19-salginini-mucbir-sebep-olarak-kabul-ettigini-acikladi\/#breadcrumb\"},\"inLanguage\":\"tr\",\"potentialAction\":[{\"@type\":\"ReadAction\",\"target\":[\"https:\/\/www.esin.av.tr\/tr\/2020\/04\/04\/covid-19-enerji-piyasasi-denetleme-kurumu-covid-19-salginini-mucbir-sebep-olarak-kabul-ettigini-acikladi\/\"]}]},{\"@type\":\"BreadcrumbList\",\"@id\":\"https:\/\/www.esin.av.tr\/tr\/2020\/04\/04\/covid-19-enerji-piyasasi-denetleme-kurumu-covid-19-salginini-mucbir-sebep-olarak-kabul-ettigini-acikladi\/#breadcrumb\",\"itemListElement\":[{\"@type\":\"ListItem\",\"position\":1,\"name\":\"Home\",\"item\":\"https:\/\/www.esin.av.tr\/tr\/\"},{\"@type\":\"ListItem\",\"position\":2,\"name\":\"COVID-19: Enerji Piyasas\u0131 Denetleme Kurumu Covid-19 Salg\u0131n\u0131n\u0131 M\u00fccbir Sebep Olarak Kabul Etti\u011fini A\u00e7\u0131klad\u0131\"}]},{\"@type\":\"WebSite\",\"@id\":\"https:\/\/www.esin.av.tr\/tr\/#website\",\"url\":\"https:\/\/www.esin.av.tr\/tr\/\",\"name\":\"Esin Avukatl\u0131k Ortakl\u0131\u011f\u0131\",\"description\":\"\",\"publisher\":{\"@id\":\"https:\/\/www.esin.av.tr\/tr\/#organization\"},\"potentialAction\":[{\"@type\":\"SearchAction\",\"target\":{\"@type\":\"EntryPoint\",\"urlTemplate\":\"https:\/\/www.esin.av.tr\/tr\/?s={search_term_string}\"},\"query-input\":{\"@type\":\"PropertyValueSpecification\",\"valueRequired\":true,\"valueName\":\"search_term_string\"}}],\"inLanguage\":\"tr\"},{\"@type\":\"Organization\",\"@id\":\"https:\/\/www.esin.av.tr\/tr\/#organization\",\"name\":\"Esin Avukatl\u0131k Ortakl\u0131\u011f\u0131\",\"url\":\"https:\/\/www.esin.av.tr\/tr\/\",\"logo\":{\"@type\":\"ImageObject\",\"inLanguage\":\"tr\",\"@id\":\"https:\/\/www.esin.av.tr\/tr\/#\/schema\/logo\/image\/\",\"url\":\"https:\/\/www.esin.av.tr\/wp-content\/uploads\/2021\/09\/esin-2.jpg\",\"contentUrl\":\"https:\/\/www.esin.av.tr\/wp-content\/uploads\/2021\/09\/esin-2.jpg\",\"width\":800,\"height\":460,\"caption\":\"Esin Avukatl\u0131k Ortakl\u0131\u011f\u0131\"},\"image\":{\"@id\":\"https:\/\/www.esin.av.tr\/tr\/#\/schema\/logo\/image\/\"}},{\"@type\":\"Person\",\"@id\":\"https:\/\/www.esin.av.tr\/tr\/#\/schema\/person\/42c8e616aab56b8622fa365ad63282ae\",\"name\":\"R\u0131dvan Konrat\",\"image\":{\"@type\":\"ImageObject\",\"inLanguage\":\"tr\",\"@id\":\"https:\/\/www.esin.av.tr\/tr\/#\/schema\/person\/image\/\",\"url\":\"https:\/\/secure.gravatar.com\/avatar\/b20c6c583be38ed4e76e32f69fccc676?s=96&d=mm&r=g\",\"contentUrl\":\"https:\/\/secure.gravatar.com\/avatar\/b20c6c583be38ed4e76e32f69fccc676?s=96&d=mm&r=g\",\"caption\":\"R\u0131dvan Konrat\"},\"sameAs\":[\"http:\/\/www.esin.av.tr\"],\"url\":\"https:\/\/www.esin.av.tr\/tr\/author\/rkonrat\/\"}]}<\/script>\n<!-- \/ Yoast SEO plugin. -->","yoast_head_json":{"title":"COVID-19: Enerji Piyasas\u0131 Denetleme Kurumu Covid-19 Salg\u0131n\u0131n\u0131 M\u00fccbir Sebep Olarak Kabul Etti\u011fini A\u00e7\u0131klad\u0131","description":"Yeni Geli\u015fmeler Enerji Piyasas\u0131 D\u00fczenleme Kurumu (\"EPDK\") 2 Nisan 2020 tarihinde ald\u0131\u011f\u0131 kararla COVID-19 salg\u0131n\u0131n\u0131 Elektrik Piyasas\u0131 Lisans","robots":{"index":"index","follow":"follow","max-snippet":"max-snippet:-1","max-image-preview":"max-image-preview:large","max-video-preview":"max-video-preview:-1"},"canonical":"https:\/\/www.esin.av.tr\/tr\/2020\/04\/04\/covid-19-enerji-piyasasi-denetleme-kurumu-covid-19-salginini-mucbir-sebep-olarak-kabul-ettigini-acikladi\/","og_locale":"tr_TR","og_type":"article","og_title":"COVID-19: Enerji Piyasas\u0131 Denetleme Kurumu Covid-19 Salg\u0131n\u0131n\u0131 M\u00fccbir Sebep Olarak Kabul Etti\u011fini A\u00e7\u0131klad\u0131","og_description":"Yeni Geli\u015fmeler Enerji Piyasas\u0131 D\u00fczenleme Kurumu (\"EPDK\") 2 Nisan 2020 tarihinde ald\u0131\u011f\u0131 kararla COVID-19 salg\u0131n\u0131n\u0131 Elektrik Piyasas\u0131 Lisans","og_url":"https:\/\/www.esin.av.tr\/tr\/2020\/04\/04\/covid-19-enerji-piyasasi-denetleme-kurumu-covid-19-salginini-mucbir-sebep-olarak-kabul-ettigini-acikladi\/","og_site_name":"Esin Avukatl\u0131k Ortakl\u0131\u011f\u0131","article_published_time":"2020-04-04T07:46:57+00:00","article_modified_time":"2021-09-29T18:04:47+00:00","author":"R\u0131dvan Konrat","twitter_card":"summary_large_image","twitter_misc":{"Written by":"R\u0131dvan Konrat","Est. reading time":"2 minutes"},"schema":{"@context":"https:\/\/schema.org","@graph":[{"@type":"Article","@id":"https:\/\/www.esin.av.tr\/tr\/2020\/04\/04\/covid-19-enerji-piyasasi-denetleme-kurumu-covid-19-salginini-mucbir-sebep-olarak-kabul-ettigini-acikladi\/#article","isPartOf":{"@id":"https:\/\/www.esin.av.tr\/tr\/2020\/04\/04\/covid-19-enerji-piyasasi-denetleme-kurumu-covid-19-salginini-mucbir-sebep-olarak-kabul-ettigini-acikladi\/"},"author":{"name":"R\u0131dvan Konrat","@id":"https:\/\/www.esin.av.tr\/tr\/#\/schema\/person\/42c8e616aab56b8622fa365ad63282ae"},"headline":"COVID-19: Enerji Piyasas\u0131 Denetleme Kurumu Covid-19 Salg\u0131n\u0131n\u0131 M\u00fccbir Sebep Olarak Kabul Etti\u011fini A\u00e7\u0131klad\u0131","datePublished":"2020-04-04T07:46:57+00:00","dateModified":"2021-09-29T18:04:47+00:00","mainEntityOfPage":{"@id":"https:\/\/www.esin.av.tr\/tr\/2020\/04\/04\/covid-19-enerji-piyasasi-denetleme-kurumu-covid-19-salginini-mucbir-sebep-olarak-kabul-ettigini-acikladi\/"},"wordCount":474,"publisher":{"@id":"https:\/\/www.esin.av.tr\/tr\/#organization"},"articleSection":["Hukuk B\u00fcltenleri","Covid-19"],"inLanguage":"tr"},{"@type":"WebPage","@id":"https:\/\/www.esin.av.tr\/tr\/2020\/04\/04\/covid-19-enerji-piyasasi-denetleme-kurumu-covid-19-salginini-mucbir-sebep-olarak-kabul-ettigini-acikladi\/","url":"https:\/\/www.esin.av.tr\/tr\/2020\/04\/04\/covid-19-enerji-piyasasi-denetleme-kurumu-covid-19-salginini-mucbir-sebep-olarak-kabul-ettigini-acikladi\/","name":"COVID-19: Enerji Piyasas\u0131 Denetleme Kurumu Covid-19 Salg\u0131n\u0131n\u0131 M\u00fccbir Sebep Olarak Kabul Etti\u011fini A\u00e7\u0131klad\u0131","isPartOf":{"@id":"https:\/\/www.esin.av.tr\/tr\/#website"},"datePublished":"2020-04-04T07:46:57+00:00","dateModified":"2021-09-29T18:04:47+00:00","description":"Yeni Geli\u015fmeler Enerji Piyasas\u0131 D\u00fczenleme Kurumu (\"EPDK\") 2 Nisan 2020 tarihinde ald\u0131\u011f\u0131 kararla COVID-19 salg\u0131n\u0131n\u0131 Elektrik Piyasas\u0131 Lisans","breadcrumb":{"@id":"https:\/\/www.esin.av.tr\/tr\/2020\/04\/04\/covid-19-enerji-piyasasi-denetleme-kurumu-covid-19-salginini-mucbir-sebep-olarak-kabul-ettigini-acikladi\/#breadcrumb"},"inLanguage":"tr","potentialAction":[{"@type":"ReadAction","target":["https:\/\/www.esin.av.tr\/tr\/2020\/04\/04\/covid-19-enerji-piyasasi-denetleme-kurumu-covid-19-salginini-mucbir-sebep-olarak-kabul-ettigini-acikladi\/"]}]},{"@type":"BreadcrumbList","@id":"https:\/\/www.esin.av.tr\/tr\/2020\/04\/04\/covid-19-enerji-piyasasi-denetleme-kurumu-covid-19-salginini-mucbir-sebep-olarak-kabul-ettigini-acikladi\/#breadcrumb","itemListElement":[{"@type":"ListItem","position":1,"name":"Home","item":"https:\/\/www.esin.av.tr\/tr\/"},{"@type":"ListItem","position":2,"name":"COVID-19: Enerji Piyasas\u0131 Denetleme Kurumu Covid-19 Salg\u0131n\u0131n\u0131 M\u00fccbir Sebep Olarak Kabul Etti\u011fini A\u00e7\u0131klad\u0131"}]},{"@type":"WebSite","@id":"https:\/\/www.esin.av.tr\/tr\/#website","url":"https:\/\/www.esin.av.tr\/tr\/","name":"Esin Avukatl\u0131k Ortakl\u0131\u011f\u0131","description":"","publisher":{"@id":"https:\/\/www.esin.av.tr\/tr\/#organization"},"potentialAction":[{"@type":"SearchAction","target":{"@type":"EntryPoint","urlTemplate":"https:\/\/www.esin.av.tr\/tr\/?s={search_term_string}"},"query-input":{"@type":"PropertyValueSpecification","valueRequired":true,"valueName":"search_term_string"}}],"inLanguage":"tr"},{"@type":"Organization","@id":"https:\/\/www.esin.av.tr\/tr\/#organization","name":"Esin Avukatl\u0131k Ortakl\u0131\u011f\u0131","url":"https:\/\/www.esin.av.tr\/tr\/","logo":{"@type":"ImageObject","inLanguage":"tr","@id":"https:\/\/www.esin.av.tr\/tr\/#\/schema\/logo\/image\/","url":"https:\/\/www.esin.av.tr\/wp-content\/uploads\/2021\/09\/esin-2.jpg","contentUrl":"https:\/\/www.esin.av.tr\/wp-content\/uploads\/2021\/09\/esin-2.jpg","width":800,"height":460,"caption":"Esin Avukatl\u0131k Ortakl\u0131\u011f\u0131"},"image":{"@id":"https:\/\/www.esin.av.tr\/tr\/#\/schema\/logo\/image\/"}},{"@type":"Person","@id":"https:\/\/www.esin.av.tr\/tr\/#\/schema\/person\/42c8e616aab56b8622fa365ad63282ae","name":"R\u0131dvan Konrat","image":{"@type":"ImageObject","inLanguage":"tr","@id":"https:\/\/www.esin.av.tr\/tr\/#\/schema\/person\/image\/","url":"https:\/\/secure.gravatar.com\/avatar\/b20c6c583be38ed4e76e32f69fccc676?s=96&d=mm&r=g","contentUrl":"https:\/\/secure.gravatar.com\/avatar\/b20c6c583be38ed4e76e32f69fccc676?s=96&d=mm&r=g","caption":"R\u0131dvan Konrat"},"sameAs":["http:\/\/www.esin.av.tr"],"url":"https:\/\/www.esin.av.tr\/tr\/author\/rkonrat\/"}]}},"_links":{"self":[{"href":"https:\/\/www.esin.av.tr\/tr\/wp-json\/wp\/v2\/posts\/15845","targetHints":{"allow":["GET"]}}],"collection":[{"href":"https:\/\/www.esin.av.tr\/tr\/wp-json\/wp\/v2\/posts"}],"about":[{"href":"https:\/\/www.esin.av.tr\/tr\/wp-json\/wp\/v2\/types\/post"}],"author":[{"embeddable":true,"href":"https:\/\/www.esin.av.tr\/tr\/wp-json\/wp\/v2\/users\/4"}],"replies":[{"embeddable":true,"href":"https:\/\/www.esin.av.tr\/tr\/wp-json\/wp\/v2\/comments?post=15845"}],"version-history":[{"count":1,"href":"https:\/\/www.esin.av.tr\/tr\/wp-json\/wp\/v2\/posts\/15845\/revisions"}],"predecessor-version":[{"id":15846,"href":"https:\/\/www.esin.av.tr\/tr\/wp-json\/wp\/v2\/posts\/15845\/revisions\/15846"}],"wp:attachment":[{"href":"https:\/\/www.esin.av.tr\/tr\/wp-json\/wp\/v2\/media?parent=15845"}],"wp:term":[{"taxonomy":"category","embeddable":true,"href":"https:\/\/www.esin.av.tr\/tr\/wp-json\/wp\/v2\/categories?post=15845"},{"taxonomy":"post_tag","embeddable":true,"href":"https:\/\/www.esin.av.tr\/tr\/wp-json\/wp\/v2\/tags?post=15845"}],"curies":[{"name":"wp","href":"https:\/\/api.w.org\/{rel}","templated":true}]}}