{"id":15821,"date":"2020-04-06T13:18:05","date_gmt":"2020-04-06T13:18:05","guid":{"rendered":"https:\/\/www.esin.av.tr\/?p=15821"},"modified":"2022-06-09T12:48:59","modified_gmt":"2022-06-09T12:48:59","slug":"covid-19-sokaga-cikma-yasagina-istihdam-muafiyeti","status":"publish","type":"post","link":"https:\/\/www.esin.av.tr\/tr\/2020\/04\/06\/covid-19-sokaga-cikma-yasagina-istihdam-muafiyeti\/","title":{"rendered":"COVID-19: Soka\u011fa \u00c7\u0131kma Yasa\u011f\u0131na \u0130stihdam Muafiyeti"},"content":{"rendered":"<p><strong>Yasa\u011f\u0131n Detaylar\u0131<\/strong><\/p>\n<p>T.C. \u0130\u00e7i\u015fleri Bakanl\u0131\u011f\u0131 taraf\u0131ndan 3 Nisan 2020 tarihinde yay\u0131nlanan genelge uyar\u0131nca, 1 Ocak 2000 tarihinden sonra do\u011fmu\u015f olanlar\u0131n (20 ya\u015f ve alt\u0131 olan ki\u015filerin) soka\u011fa \u00e7\u0131kmalar\u0131 3 Nisan 2020 tarihi gece yar\u0131s\u0131ndan itibaren ge\u00e7ici olarak yasaklanm\u0131\u015ft\u0131r.<\/p>\n<p><strong>\u00c7al\u0131\u015fanlar Muaf Tutulacak<\/strong><\/p>\n<p>T.C. \u0130\u00e7i\u015fleri Bakanl\u0131\u011f\u0131 taraf\u0131ndan 5 Nisan 2020 tarihinde yay\u0131nlanan yeni genelge uyar\u0131nca, do\u011fum tarihi 1 Ocak 2000 \u2013 1 Ocak 2002 tarihleri aras\u0131nda (18-20 ya\u015f aral\u0131\u011f\u0131nda) olan a\u015fa\u011f\u0131da say\u0131lan ki\u015filer soka\u011fa \u00e7\u0131kma yasa\u011f\u0131ndan muaf tutulacakt\u0131r;<\/p>\n<ul>\n<li>Kamu kurum ve kurulu\u015flar\u0131nda memur, s\u00f6zle\u015fmeli personel veya i\u015f\u00e7i stat\u00fcs\u00fcnde g\u00f6revli olanlar,<\/li>\n<li>\u00d6zel sekt\u00f6rde d\u00fczenli bir i\u015fe sahip olan ve sosyal g\u00fcvenlik kay\u0131t belgesi ile bu durumu belgeleyenler ve<\/li>\n<li>Mevsimlik tar\u0131m i\u015f\u00e7ileri.<\/li>\n<\/ul>\n<p>Bu istisnalar 1 Ocak 2002 tarihinden sonra do\u011fanlara (18 ya\u015f\u0131ndan k\u00fc\u00e7\u00fcklere) uygulanmayacakt\u0131r. Soka\u011fa \u00e7\u0131k\u0131\u015f yasa\u011f\u0131ndan muaf tutulanlar istisna kapsam\u0131nda olduklar\u0131n\u0131 kan\u0131tlayacak belgeleri yanlar\u0131nda bulundurmak ve denetimler s\u0131ras\u0131nda bu belgeleri ibraz etmek zorundad\u0131r.<\/p>\n<p><strong>Sonu\u00e7<\/strong><\/p>\n<p>\u0130\u015fg\u00fcc\u00fcn\u00fcn etkilenmemesi amac\u0131yla 20 ya\u015f ve alt\u0131 i\u00e7in getirilen soka\u011fa \u00e7\u0131kma yasa\u011f\u0131ndan 18-20 ya\u015f aral\u0131\u011f\u0131nda olan \u00e7al\u0131\u015fanlar muaf tutulmu\u015ftur.<\/p>\n<p><strong>COVID-19&#8217;un hukuki etkilerine y\u00f6nelik mevzuat b\u00fcltenlerimize <\/strong><a href=\"https:\/\/urldefense.com\/v3\/__https:\/esinxchange.com\/collect\/click.aspx?u=K1d0Sk81VjhQU3g3R1dPRXlGTDJxOU5WREY2MEo4Tzl0M3F6T3NEQUFFdHVFYWJLUjlHZk0vOFhBcmk0WGtaNSt3a0NFKzV1MDY1SWk4dkdCejl6OXpXUkxyVjgwaHJV&amp;rh=ff005d3612b7cb104102d66711459731454aadcb__;!!Hj9Y_P0nvg!DrGnikyNw68s3tVd_hiPqfDZsBFFY_g_yCv7YqWDJY1kyEL1BloeEKhTul1k2zYNa4_ZeA$\"><strong>https:\/\/www.esin.av.tr\/tr\/coronavirus-desk\/<\/strong><\/a><strong> adresinden ula\u015fabilirsiniz.<\/strong><\/p>\n","protected":false},"excerpt":{"rendered":"<p>Yasa\u011f\u0131n Detaylar\u0131 T.C. \u0130\u00e7i\u015fleri Bakanl\u0131\u011f\u0131 taraf\u0131ndan 3 Nisan 2020 tarihinde yay\u0131nlanan genelge uyar\u0131nca, 1 Ocak 2000 tarihinden sonra do\u011fmu\u015f olanlar\u0131n [&hellip;]<\/p>\n","protected":false},"author":4,"featured_media":0,"comment_status":"closed","ping_status":"closed","sticky":false,"template":"","format":"standard","meta":{"_acf_changed":false,"_stopmodifiedupdate":false,"_modified_date":"","footnotes":""},"categories":[120,149],"tags":[101],"class_list":["post-15821","post","type-post","status-publish","format-standard","hentry","category-legal-alerts","category-covid-19-tr","tag-employment-tr"],"acf":[],"yoast_head":"<!-- This site is optimized with the Yoast SEO plugin v24.0 - https:\/\/yoast.com\/wordpress\/plugins\/seo\/ -->\n<title>COVID-19: Soka\u011fa \u00c7\u0131kma Yasa\u011f\u0131na \u0130stihdam Muafiyeti<\/title>\n<meta name=\"description\" content=\"Yasa\u011f\u0131n Detaylar\u0131 T.C. \u0130\u00e7i\u015fleri Bakanl\u0131\u011f\u0131 taraf\u0131ndan 3 Nisan 2020 tarihinde yay\u0131nlanan genelge uyar\u0131nca, 1 Ocak 2000 tarihinden sonra do\u011fmu\u015f olanlar\u0131n (20\" \/>\n<meta name=\"robots\" content=\"index, follow, max-snippet:-1, max-image-preview:large, max-video-preview:-1\" \/>\n<link rel=\"canonical\" href=\"https:\/\/www.esin.av.tr\/tr\/2020\/04\/06\/covid-19-sokaga-cikma-yasagina-istihdam-muafiyeti\/\" \/>\n<meta property=\"og:locale\" content=\"tr_TR\" \/>\n<meta property=\"og:type\" content=\"article\" \/>\n<meta property=\"og:title\" content=\"COVID-19: Soka\u011fa \u00c7\u0131kma Yasa\u011f\u0131na \u0130stihdam Muafiyeti\" \/>\n<meta property=\"og:description\" content=\"Yasa\u011f\u0131n Detaylar\u0131 T.C. \u0130\u00e7i\u015fleri Bakanl\u0131\u011f\u0131 taraf\u0131ndan 3 Nisan 2020 tarihinde yay\u0131nlanan genelge uyar\u0131nca, 1 Ocak 2000 tarihinden sonra do\u011fmu\u015f olanlar\u0131n (20\" \/>\n<meta property=\"og:url\" content=\"https:\/\/www.esin.av.tr\/tr\/2020\/04\/06\/covid-19-sokaga-cikma-yasagina-istihdam-muafiyeti\/\" \/>\n<meta property=\"og:site_name\" content=\"Esin Avukatl\u0131k Ortakl\u0131\u011f\u0131\" \/>\n<meta property=\"article:published_time\" content=\"2020-04-06T13:18:05+00:00\" \/>\n<meta property=\"article:modified_time\" content=\"2022-06-09T12:48:59+00:00\" \/>\n<meta name=\"author\" content=\"R\u0131dvan Konrat\" \/>\n<meta name=\"twitter:card\" content=\"summary_large_image\" \/>\n<meta name=\"twitter:label1\" content=\"Written by\" \/>\n\t<meta name=\"twitter:data1\" content=\"R\u0131dvan Konrat\" \/>\n\t<meta name=\"twitter:label2\" content=\"Est. reading time\" \/>\n\t<meta name=\"twitter:data2\" content=\"1 minute\" \/>\n<script type=\"application\/ld+json\" class=\"yoast-schema-graph\">{\"@context\":\"https:\/\/schema.org\",\"@graph\":[{\"@type\":\"Article\",\"@id\":\"https:\/\/www.esin.av.tr\/tr\/2020\/04\/06\/covid-19-sokaga-cikma-yasagina-istihdam-muafiyeti\/#article\",\"isPartOf\":{\"@id\":\"https:\/\/www.esin.av.tr\/tr\/2020\/04\/06\/covid-19-sokaga-cikma-yasagina-istihdam-muafiyeti\/\"},\"author\":{\"name\":\"R\u0131dvan Konrat\",\"@id\":\"https:\/\/www.esin.av.tr\/tr\/#\/schema\/person\/42c8e616aab56b8622fa365ad63282ae\"},\"headline\":\"COVID-19: Soka\u011fa \u00c7\u0131kma Yasa\u011f\u0131na \u0130stihdam Muafiyeti\",\"datePublished\":\"2020-04-06T13:18:05+00:00\",\"dateModified\":\"2022-06-09T12:48:59+00:00\",\"mainEntityOfPage\":{\"@id\":\"https:\/\/www.esin.av.tr\/tr\/2020\/04\/06\/covid-19-sokaga-cikma-yasagina-istihdam-muafiyeti\/\"},\"wordCount\":238,\"publisher\":{\"@id\":\"https:\/\/www.esin.av.tr\/tr\/#organization\"},\"keywords\":[\"\u0130\u015f Hukuku\"],\"articleSection\":[\"Hukuk B\u00fcltenleri\",\"Covid-19\"],\"inLanguage\":\"tr\"},{\"@type\":\"WebPage\",\"@id\":\"https:\/\/www.esin.av.tr\/tr\/2020\/04\/06\/covid-19-sokaga-cikma-yasagina-istihdam-muafiyeti\/\",\"url\":\"https:\/\/www.esin.av.tr\/tr\/2020\/04\/06\/covid-19-sokaga-cikma-yasagina-istihdam-muafiyeti\/\",\"name\":\"COVID-19: Soka\u011fa \u00c7\u0131kma Yasa\u011f\u0131na \u0130stihdam Muafiyeti\",\"isPartOf\":{\"@id\":\"https:\/\/www.esin.av.tr\/tr\/#website\"},\"datePublished\":\"2020-04-06T13:18:05+00:00\",\"dateModified\":\"2022-06-09T12:48:59+00:00\",\"description\":\"Yasa\u011f\u0131n Detaylar\u0131 T.C. \u0130\u00e7i\u015fleri Bakanl\u0131\u011f\u0131 taraf\u0131ndan 3 Nisan 2020 tarihinde yay\u0131nlanan genelge uyar\u0131nca, 1 Ocak 2000 tarihinden sonra do\u011fmu\u015f olanlar\u0131n (20\",\"breadcrumb\":{\"@id\":\"https:\/\/www.esin.av.tr\/tr\/2020\/04\/06\/covid-19-sokaga-cikma-yasagina-istihdam-muafiyeti\/#breadcrumb\"},\"inLanguage\":\"tr\",\"potentialAction\":[{\"@type\":\"ReadAction\",\"target\":[\"https:\/\/www.esin.av.tr\/tr\/2020\/04\/06\/covid-19-sokaga-cikma-yasagina-istihdam-muafiyeti\/\"]}]},{\"@type\":\"BreadcrumbList\",\"@id\":\"https:\/\/www.esin.av.tr\/tr\/2020\/04\/06\/covid-19-sokaga-cikma-yasagina-istihdam-muafiyeti\/#breadcrumb\",\"itemListElement\":[{\"@type\":\"ListItem\",\"position\":1,\"name\":\"Home\",\"item\":\"https:\/\/www.esin.av.tr\/tr\/\"},{\"@type\":\"ListItem\",\"position\":2,\"name\":\"COVID-19: Soka\u011fa \u00c7\u0131kma Yasa\u011f\u0131na \u0130stihdam Muafiyeti\"}]},{\"@type\":\"WebSite\",\"@id\":\"https:\/\/www.esin.av.tr\/tr\/#website\",\"url\":\"https:\/\/www.esin.av.tr\/tr\/\",\"name\":\"Esin Avukatl\u0131k Ortakl\u0131\u011f\u0131\",\"description\":\"\",\"publisher\":{\"@id\":\"https:\/\/www.esin.av.tr\/tr\/#organization\"},\"potentialAction\":[{\"@type\":\"SearchAction\",\"target\":{\"@type\":\"EntryPoint\",\"urlTemplate\":\"https:\/\/www.esin.av.tr\/tr\/?s={search_term_string}\"},\"query-input\":{\"@type\":\"PropertyValueSpecification\",\"valueRequired\":true,\"valueName\":\"search_term_string\"}}],\"inLanguage\":\"tr\"},{\"@type\":\"Organization\",\"@id\":\"https:\/\/www.esin.av.tr\/tr\/#organization\",\"name\":\"Esin Avukatl\u0131k Ortakl\u0131\u011f\u0131\",\"url\":\"https:\/\/www.esin.av.tr\/tr\/\",\"logo\":{\"@type\":\"ImageObject\",\"inLanguage\":\"tr\",\"@id\":\"https:\/\/www.esin.av.tr\/tr\/#\/schema\/logo\/image\/\",\"url\":\"https:\/\/www.esin.av.tr\/wp-content\/uploads\/2021\/09\/esin-2.jpg\",\"contentUrl\":\"https:\/\/www.esin.av.tr\/wp-content\/uploads\/2021\/09\/esin-2.jpg\",\"width\":800,\"height\":460,\"caption\":\"Esin Avukatl\u0131k Ortakl\u0131\u011f\u0131\"},\"image\":{\"@id\":\"https:\/\/www.esin.av.tr\/tr\/#\/schema\/logo\/image\/\"}},{\"@type\":\"Person\",\"@id\":\"https:\/\/www.esin.av.tr\/tr\/#\/schema\/person\/42c8e616aab56b8622fa365ad63282ae\",\"name\":\"R\u0131dvan Konrat\",\"image\":{\"@type\":\"ImageObject\",\"inLanguage\":\"tr\",\"@id\":\"https:\/\/www.esin.av.tr\/tr\/#\/schema\/person\/image\/\",\"url\":\"https:\/\/secure.gravatar.com\/avatar\/b20c6c583be38ed4e76e32f69fccc676?s=96&d=mm&r=g\",\"contentUrl\":\"https:\/\/secure.gravatar.com\/avatar\/b20c6c583be38ed4e76e32f69fccc676?s=96&d=mm&r=g\",\"caption\":\"R\u0131dvan Konrat\"},\"sameAs\":[\"http:\/\/www.esin.av.tr\"],\"url\":\"https:\/\/www.esin.av.tr\/tr\/author\/rkonrat\/\"}]}<\/script>\n<!-- \/ Yoast SEO plugin. -->","yoast_head_json":{"title":"COVID-19: Soka\u011fa \u00c7\u0131kma Yasa\u011f\u0131na \u0130stihdam Muafiyeti","description":"Yasa\u011f\u0131n Detaylar\u0131 T.C. \u0130\u00e7i\u015fleri Bakanl\u0131\u011f\u0131 taraf\u0131ndan 3 Nisan 2020 tarihinde yay\u0131nlanan genelge uyar\u0131nca, 1 Ocak 2000 tarihinden sonra do\u011fmu\u015f olanlar\u0131n (20","robots":{"index":"index","follow":"follow","max-snippet":"max-snippet:-1","max-image-preview":"max-image-preview:large","max-video-preview":"max-video-preview:-1"},"canonical":"https:\/\/www.esin.av.tr\/tr\/2020\/04\/06\/covid-19-sokaga-cikma-yasagina-istihdam-muafiyeti\/","og_locale":"tr_TR","og_type":"article","og_title":"COVID-19: Soka\u011fa \u00c7\u0131kma Yasa\u011f\u0131na \u0130stihdam Muafiyeti","og_description":"Yasa\u011f\u0131n Detaylar\u0131 T.C. \u0130\u00e7i\u015fleri Bakanl\u0131\u011f\u0131 taraf\u0131ndan 3 Nisan 2020 tarihinde yay\u0131nlanan genelge uyar\u0131nca, 1 Ocak 2000 tarihinden sonra do\u011fmu\u015f olanlar\u0131n (20","og_url":"https:\/\/www.esin.av.tr\/tr\/2020\/04\/06\/covid-19-sokaga-cikma-yasagina-istihdam-muafiyeti\/","og_site_name":"Esin Avukatl\u0131k Ortakl\u0131\u011f\u0131","article_published_time":"2020-04-06T13:18:05+00:00","article_modified_time":"2022-06-09T12:48:59+00:00","author":"R\u0131dvan Konrat","twitter_card":"summary_large_image","twitter_misc":{"Written by":"R\u0131dvan Konrat","Est. reading time":"1 minute"},"schema":{"@context":"https:\/\/schema.org","@graph":[{"@type":"Article","@id":"https:\/\/www.esin.av.tr\/tr\/2020\/04\/06\/covid-19-sokaga-cikma-yasagina-istihdam-muafiyeti\/#article","isPartOf":{"@id":"https:\/\/www.esin.av.tr\/tr\/2020\/04\/06\/covid-19-sokaga-cikma-yasagina-istihdam-muafiyeti\/"},"author":{"name":"R\u0131dvan Konrat","@id":"https:\/\/www.esin.av.tr\/tr\/#\/schema\/person\/42c8e616aab56b8622fa365ad63282ae"},"headline":"COVID-19: Soka\u011fa \u00c7\u0131kma Yasa\u011f\u0131na \u0130stihdam Muafiyeti","datePublished":"2020-04-06T13:18:05+00:00","dateModified":"2022-06-09T12:48:59+00:00","mainEntityOfPage":{"@id":"https:\/\/www.esin.av.tr\/tr\/2020\/04\/06\/covid-19-sokaga-cikma-yasagina-istihdam-muafiyeti\/"},"wordCount":238,"publisher":{"@id":"https:\/\/www.esin.av.tr\/tr\/#organization"},"keywords":["\u0130\u015f Hukuku"],"articleSection":["Hukuk B\u00fcltenleri","Covid-19"],"inLanguage":"tr"},{"@type":"WebPage","@id":"https:\/\/www.esin.av.tr\/tr\/2020\/04\/06\/covid-19-sokaga-cikma-yasagina-istihdam-muafiyeti\/","url":"https:\/\/www.esin.av.tr\/tr\/2020\/04\/06\/covid-19-sokaga-cikma-yasagina-istihdam-muafiyeti\/","name":"COVID-19: Soka\u011fa \u00c7\u0131kma Yasa\u011f\u0131na \u0130stihdam Muafiyeti","isPartOf":{"@id":"https:\/\/www.esin.av.tr\/tr\/#website"},"datePublished":"2020-04-06T13:18:05+00:00","dateModified":"2022-06-09T12:48:59+00:00","description":"Yasa\u011f\u0131n Detaylar\u0131 T.C. \u0130\u00e7i\u015fleri Bakanl\u0131\u011f\u0131 taraf\u0131ndan 3 Nisan 2020 tarihinde yay\u0131nlanan genelge uyar\u0131nca, 1 Ocak 2000 tarihinden sonra do\u011fmu\u015f olanlar\u0131n (20","breadcrumb":{"@id":"https:\/\/www.esin.av.tr\/tr\/2020\/04\/06\/covid-19-sokaga-cikma-yasagina-istihdam-muafiyeti\/#breadcrumb"},"inLanguage":"tr","potentialAction":[{"@type":"ReadAction","target":["https:\/\/www.esin.av.tr\/tr\/2020\/04\/06\/covid-19-sokaga-cikma-yasagina-istihdam-muafiyeti\/"]}]},{"@type":"BreadcrumbList","@id":"https:\/\/www.esin.av.tr\/tr\/2020\/04\/06\/covid-19-sokaga-cikma-yasagina-istihdam-muafiyeti\/#breadcrumb","itemListElement":[{"@type":"ListItem","position":1,"name":"Home","item":"https:\/\/www.esin.av.tr\/tr\/"},{"@type":"ListItem","position":2,"name":"COVID-19: Soka\u011fa \u00c7\u0131kma Yasa\u011f\u0131na \u0130stihdam Muafiyeti"}]},{"@type":"WebSite","@id":"https:\/\/www.esin.av.tr\/tr\/#website","url":"https:\/\/www.esin.av.tr\/tr\/","name":"Esin Avukatl\u0131k Ortakl\u0131\u011f\u0131","description":"","publisher":{"@id":"https:\/\/www.esin.av.tr\/tr\/#organization"},"potentialAction":[{"@type":"SearchAction","target":{"@type":"EntryPoint","urlTemplate":"https:\/\/www.esin.av.tr\/tr\/?s={search_term_string}"},"query-input":{"@type":"PropertyValueSpecification","valueRequired":true,"valueName":"search_term_string"}}],"inLanguage":"tr"},{"@type":"Organization","@id":"https:\/\/www.esin.av.tr\/tr\/#organization","name":"Esin Avukatl\u0131k Ortakl\u0131\u011f\u0131","url":"https:\/\/www.esin.av.tr\/tr\/","logo":{"@type":"ImageObject","inLanguage":"tr","@id":"https:\/\/www.esin.av.tr\/tr\/#\/schema\/logo\/image\/","url":"https:\/\/www.esin.av.tr\/wp-content\/uploads\/2021\/09\/esin-2.jpg","contentUrl":"https:\/\/www.esin.av.tr\/wp-content\/uploads\/2021\/09\/esin-2.jpg","width":800,"height":460,"caption":"Esin Avukatl\u0131k Ortakl\u0131\u011f\u0131"},"image":{"@id":"https:\/\/www.esin.av.tr\/tr\/#\/schema\/logo\/image\/"}},{"@type":"Person","@id":"https:\/\/www.esin.av.tr\/tr\/#\/schema\/person\/42c8e616aab56b8622fa365ad63282ae","name":"R\u0131dvan Konrat","image":{"@type":"ImageObject","inLanguage":"tr","@id":"https:\/\/www.esin.av.tr\/tr\/#\/schema\/person\/image\/","url":"https:\/\/secure.gravatar.com\/avatar\/b20c6c583be38ed4e76e32f69fccc676?s=96&d=mm&r=g","contentUrl":"https:\/\/secure.gravatar.com\/avatar\/b20c6c583be38ed4e76e32f69fccc676?s=96&d=mm&r=g","caption":"R\u0131dvan Konrat"},"sameAs":["http:\/\/www.esin.av.tr"],"url":"https:\/\/www.esin.av.tr\/tr\/author\/rkonrat\/"}]}},"_links":{"self":[{"href":"https:\/\/www.esin.av.tr\/tr\/wp-json\/wp\/v2\/posts\/15821","targetHints":{"allow":["GET"]}}],"collection":[{"href":"https:\/\/www.esin.av.tr\/tr\/wp-json\/wp\/v2\/posts"}],"about":[{"href":"https:\/\/www.esin.av.tr\/tr\/wp-json\/wp\/v2\/types\/post"}],"author":[{"embeddable":true,"href":"https:\/\/www.esin.av.tr\/tr\/wp-json\/wp\/v2\/users\/4"}],"replies":[{"embeddable":true,"href":"https:\/\/www.esin.av.tr\/tr\/wp-json\/wp\/v2\/comments?post=15821"}],"version-history":[{"count":1,"href":"https:\/\/www.esin.av.tr\/tr\/wp-json\/wp\/v2\/posts\/15821\/revisions"}],"predecessor-version":[{"id":15822,"href":"https:\/\/www.esin.av.tr\/tr\/wp-json\/wp\/v2\/posts\/15821\/revisions\/15822"}],"wp:attachment":[{"href":"https:\/\/www.esin.av.tr\/tr\/wp-json\/wp\/v2\/media?parent=15821"}],"wp:term":[{"taxonomy":"category","embeddable":true,"href":"https:\/\/www.esin.av.tr\/tr\/wp-json\/wp\/v2\/categories?post=15821"},{"taxonomy":"post_tag","embeddable":true,"href":"https:\/\/www.esin.av.tr\/tr\/wp-json\/wp\/v2\/tags?post=15821"}],"curies":[{"name":"wp","href":"https:\/\/api.w.org\/{rel}","templated":true}]}}