{"id":15781,"date":"2020-04-03T14:54:49","date_gmt":"2020-04-03T14:54:49","guid":{"rendered":"https:\/\/www.esin.av.tr\/?p=15781"},"modified":"2022-06-09T12:48:18","modified_gmt":"2022-06-09T12:48:18","slug":"titckdan-covid-19-ile-mucadeleye-iliskin-yeni-tedbirler","status":"publish","type":"post","link":"https:\/\/www.esin.av.tr\/tr\/2020\/04\/03\/titckdan-covid-19-ile-mucadeleye-iliskin-yeni-tedbirler\/","title":{"rendered":"T\u0130TCK&#8217;dan COVID-19 ile M\u00fccadeleye \u0130li\u015fkin Yeni Tedbirler"},"content":{"rendered":"<p><strong>Yeni Geli\u015fmeler<\/strong><\/p>\n<p>T\u00fcrkiye \u0130la\u00e7 ve T\u0131bbi Cihaz Kurumu (&#8220;<strong>Kurum<\/strong>&#8220;), COVID-19 ile m\u00fccadele kapsam\u0131nda al\u0131nan yeni tedbirleri duyurdu. Kurum, okunabilirlik testleri, \u00fcr\u00fcn sertifikaland\u0131rma ba\u015fvurular\u0131, kronik hastalar taraf\u0131ndan kullan\u0131lan ila\u00e7lar ve bilimsel toplant\u0131 izinlerine ili\u015fkin a\u00e7\u0131klamalarda bulundu.<\/p>\n<p><strong>Ne De\u011fi\u015fecek?<\/strong><\/p>\n<p><em>Okunabilirlik Testleri<\/em><\/p>\n<p>Be\u015feri T\u0131bbi \u00dcr\u00fcnlerin Ambalaj Bilgileri, Kullanma Talimat\u0131 ve Takibi Y\u00f6netmeli\u011fi uyar\u0131nca, be\u015feri t\u0131bbi \u00fcr\u00fcnlerin kullanma talimatlar\u0131n\u0131n kolayl\u0131kla okunabilir, a\u00e7\u0131k\u00e7a anla\u015f\u0131labilir olmas\u0131 ve bu kapsamda hedef hasta gruplar\u0131yla Okunabilirlik Testinin sonu\u00e7lar\u0131n\u0131n Kurum&#8217;a sunulmas\u0131 gerekmektedir.<\/p>\n<p>Kurum, okunabilirlik testlerinin y\u00fcz y\u00fcze ger\u00e7ekle\u015ftirilmesi esnas\u0131nda olu\u015fabilecek riskleri g\u00f6z \u00f6n\u00fcnde bulundurarak ruhsatland\u0131rma i\u015flemlerinin tamamlanmas\u0131 i\u00e7in sunulmas\u0131 zorunlu olan okunabilirlik testlerinin, sat\u0131\u015f izni ba\u015fvurusundan \u00f6nce de sunulabilece\u011fini duyurdu. Kurum&#8217;un ilgili duyurusuna <a href=\"https:\/\/urldefense.com\/v3\/__https:\/esinxchange.com\/collect\/click.aspx?u=WXhqSTU3QzNSSW5TYnkyL2Y1eGYvOXVYVVFnMFExMHQrSm1xNThIeXB1dWpqOUpiWnByVEE4VEp2UHJrbW1EbVQybDEvZUZZUVU4bGpJLzlYT1pYc1VpT1hnTjc1TUhUUkhFOCtybzJyZnh3b1ZWM1FPd29MZjVkTllwbG5KRG1nNWp5b3dEeXQ3Vm1jWTc0UktrZ3BnPT0=&amp;rh=ff005e19d98dad22fdb25f20994fb79621c10e9e__;!!Hj9Y_P0nvg!EicN2fO7UOv3grBzpTzufMMU5cLq5mxgnYRp3JpOi-JfDOl8krw9g3bi-MD4V2pcXOY0qg$\">buradan<\/a> ula\u015fabilirsiniz.<\/p>\n<p><em>Farmas\u00f6tik \u00dcr\u00fcn Sertifikaland\u0131rma Birimine Yap\u0131lan Ba\u015fvurular<\/em><\/p>\n<p>Kurum, Farmas\u00f6tik \u00dcr\u00fcn Sertifikaland\u0131rma Birimine yap\u0131lan ba\u015fvurular\u0131n fiziksel evrak gerektirmesi ve belge \u00fccretli olmas\u0131 nedeniyle, sertifika onay s\u00fcresi olan 10 i\u015f g\u00fcn\u00fcn\u00fcn g\u00f6z \u00f6n\u00fcnde bulundurularak bu s\u00fcre sonunda \u00f6deme yap\u0131lmas\u0131 gereken belgeler i\u00e7in ba\u015fvuru yap\u0131lmas\u0131 gerekti\u011fini duyurdu. Bu kapsamda ilgili birime yap\u0131lan ba\u015fvurular\u0131n, de\u011ferlendirme ve onay s\u00fcresi hesaplanarak \u00f6deme yap\u0131lacak tarihe ertelenmesi gerekecek.<\/p>\n<p>Kurum ayr\u0131ca incelemelerini elektronik olarak ger\u00e7ekle\u015ftirilece\u011fini, bu sebeple ba\u015fvurularda fiziksel olarak g\u00f6nderilen sertifikalar\u0131n \u00f6rneklerinin Elektronik S\u00fcre\u00e7 Y\u00f6netim sistemine y\u00fcklenmesi gerekti\u011fini duyurdu. Duyuruya <a href=\"https:\/\/urldefense.com\/v3\/__https:\/esinxchange.com\/collect\/click.aspx?u=WXhqSTU3QzNSSW5TYnkyL2Y1eGYvOXVYVVFnMFExMHQrSm1xNThIeXB1dWpqOUpiWnByVEE4VEp2UHJrbW1EbVQybDEvZUZZUVU4c2QvV1JMam9FYVJzR3J0Y2lwalRrSmhaWjhmaHNBSDFrbUZ4OGxOcWR6ZGwwWmhWMlEzYmFGMm1oOEREWHRUaz0=&amp;rh=ff005e19d98dad22fdb25f20994fb79621c10e9e__;!!Hj9Y_P0nvg!EicN2fO7UOv3grBzpTzufMMU5cLq5mxgnYRp3JpOi-JfDOl8krw9g3bi-MD4V2rd6jLrbA$\">buradan<\/a> ula\u015fabilirsiniz.<\/p>\n<p><em>Kronik Hastalar Taraf\u0131ndan Kullan\u0131lan \u0130la\u00e7lar\u0131n Temini <\/em><\/p>\n<p>Kurum, 16 Mart 2020 tarihli duyurusunda COVID-19 s\u00fcrecinde hastalar\u0131n kronik olarak kulland\u0131klar\u0131 ila\u00e7lar\u0131na eri\u015fimlerine kolayla\u015ft\u0131rmak i\u00e7in ge\u00e7ici tedbirler alm\u0131\u015ft\u0131. Bu do\u011frultuda Kurum, ge\u00e7ti\u011fimiz g\u00fcnlerde yapt\u0131\u011f\u0131 duyuruda, riskleri nedeniyle takip edilen ila\u00e7 g\u00fcvenlik izlem formu ile kullan\u0131lan ila\u00e7lar ve k\u0131s\u0131tl\u0131 da\u011f\u0131t\u0131mda olan ila\u00e7lar\u0131n temini i\u00e7in hastalar\u0131n ve eczanelerin ne \u015fekilde hareket etmesi gerekti\u011fine dair bir yol haritas\u0131 haz\u0131rlad\u0131. Kurum&#8217;un haz\u0131rlad\u0131\u011f\u0131 belgeye <a href=\"https:\/\/urldefense.com\/v3\/__https:\/esinxchange.com\/collect\/click.aspx?u=WXhqSTU3QzNSSW5TYnkyL2Y1eGYvOXVYVVFnMFExMHQrSm1xNThIeXB1dExVMnNsY252b1VGRFBoN1g5T3RqUzZoWGlCdjVvN2hVQzhmMkdXZnFuTEZ6cmxxTVM2YmZuQ3o3V2p2ZXBQZGRDbmw0V0VGWnNnYjNkbW5wdGc5cEROK0xqOThDWThlR3Z6WXRYVnExMDd6b2NmTTZ3VVlZZ0paZGI0eEtxVDlXbFczbEdIL2o3RzQ0dnl5RkNWdzFkbEZBeTBFd2RGalhQTERGVk9neUpRejNISFQ2N3RkT2JGRDYwY0tYZHk4ND0=&amp;rh=ff005e19d98dad22fdb25f20994fb79621c10e9e__;!!Hj9Y_P0nvg!EicN2fO7UOv3grBzpTzufMMU5cLq5mxgnYRp3JpOi-JfDOl8krw9g3bi-MD4V2oqCRi1Wg$\">buradan<\/a> ula\u015fabilirsiniz.<\/p>\n<p><em>Bilimsel Toplant\u0131 \u0130zinleri<\/em><\/p>\n<p>Kurum, 2020\/3 say\u0131l\u0131 Cumhurba\u015fkanl\u0131\u011f\u0131 Genelgesi ile ertelenen organizasyon ve etkinliklere ili\u015fkin olarak ruhsat\/izin sahibi ila\u00e7 firmalar\u0131 taraf\u0131ndan d\u00fczenlenen web tabanl\u0131 toplant\u0131lar\u0131n bu kapsamda de\u011ferlendirilmeyece\u011fini duyurdu. Bu kapsamda, ila\u00e7 firmalar\u0131 taraf\u0131ndan d\u00fczenlenecek veya destek verilecek web tabanl\u0131 toplant\u0131lar i\u00e7in Kurum&#8217;a ba\u015fvuru yap\u0131lmas\u0131 gerekmektedir. Kurum&#8217;un ilgili yaz\u0131s\u0131na <a href=\"https:\/\/urldefense.com\/v3\/__https:\/esinxchange.com\/collect\/click.aspx?u=WXhqSTU3QzNSSW5TYnkyL2Y1eGYvOXVYVVFnMFExMHQrSm1xNThIeXB1dExVMnNsY252b1VGRFBoN1g5T3RqUzZoWGlCdjVvN2hVQzhmMkdXZnFuTEZ6cmxxTVM2YmZuQ3o3V2p2ZXBQZGVqRHg5dTlRMzFUd1JCaGU4SXBYd3hXYWplSmhTRm9OVDlBa2ZWVHB1SDdYek10VTNOZnJCcHNxa1RCTXYwVnl5UElSanRmWG5ob2g0UGxnZTU1WjNuSnNuVjZsWGNyZGc9&amp;rh=ff005e19d98dad22fdb25f20994fb79621c10e9e__;!!Hj9Y_P0nvg!EicN2fO7UOv3grBzpTzufMMU5cLq5mxgnYRp3JpOi-JfDOl8krw9g3bi-MD4V2rqqkG6yA$\">buradan<\/a> ula\u015fabilirsiniz.<\/p>\n<p><strong>Sonu\u00e7<\/strong><\/p>\n<p>Kurum, COVID-19 salg\u0131n\u0131n\u0131n \u00f6nlenmesine ili\u015fkin \u00e7al\u0131\u015fmalar\u0131n\u0131 s\u00fcrd\u00fcr\u00fcyor. T\u00fcm ila\u00e7 firmalar\u0131, Kurum&#8217;un ba\u015fvuru s\u00fcre\u00e7lerine ili\u015fkin y\u00f6nlendirmelerine uygun hareket etmeli, Kurum&#8217;un bu konudaki duyuru ve a\u00e7\u0131klamalar\u0131n\u0131 takip etmelidir.<\/p>\n<p><strong>COVID-19\u2019un hukuki etkilerine y\u00f6nelik mevzuat b\u00fcltenlerimiz ve di\u011fer b\u00fcltenlerimize\u00a0<\/strong><a href=\"https:\/\/urldefense.com\/v3\/__https:\/esinxchange.com\/collect\/click.aspx?u=K1d0Sk81VjhQU3g3R1dPRXlGTDJxOU5WREY2MEo4Tzl0M3F6T3NEQUFFdHVFYWJLUjlHZk0vOFhBcmk0WGtaNSt3a0NFKzV1MDY1SWk4dkdCejl6OXpXUkxyVjgwaHJV&amp;rh=ff005d3612b7cb104102d66711459731454aadcb__;!!Hj9Y_P0nvg!DrGnikyNw68s3tVd_hiPqfDZsBFFY_g_yCv7YqWDJY1kyEL1BloeEKhTul1k2zYNa4_ZeA$\"><strong>https:\/\/www.esin.av.tr\/tr\/coronavirus-desk\/<\/strong><\/a><strong>\u00a0adresinden ula\u015fabilirsiniz.<\/strong><\/p>\n","protected":false},"excerpt":{"rendered":"<p>Yeni Geli\u015fmeler T\u00fcrkiye \u0130la\u00e7 ve T\u0131bbi Cihaz Kurumu (&#8220;Kurum&#8220;), COVID-19 ile m\u00fccadele kapsam\u0131nda al\u0131nan yeni tedbirleri duyurdu. Kurum, okunabilirlik testleri, [&hellip;]<\/p>\n","protected":false},"author":4,"featured_media":0,"comment_status":"closed","ping_status":"closed","sticky":false,"template":"","format":"standard","meta":{"_acf_changed":false,"_stopmodifiedupdate":false,"_modified_date":"","footnotes":""},"categories":[120,149],"tags":[92],"class_list":["post-15781","post","type-post","status-publish","format-standard","hentry","category-legal-alerts","category-covid-19-tr","tag-healthcare-tr"],"acf":[],"yoast_head":"<!-- This site is optimized with the Yoast SEO plugin v24.0 - https:\/\/yoast.com\/wordpress\/plugins\/seo\/ -->\n<title>T\u0130TCK&#039;dan COVID-19 ile M\u00fccadeleye \u0130li\u015fkin Yeni Tedbirler<\/title>\n<meta name=\"description\" content=\"Yeni Geli\u015fmeler T\u00fcrkiye \u0130la\u00e7 ve T\u0131bbi Cihaz Kurumu (&quot;Kurum&quot;), COVID-19 ile m\u00fccadele kapsam\u0131nda al\u0131nan yeni tedbirleri duyurdu. Kurum, okunabilirlik\" \/>\n<meta name=\"robots\" content=\"index, follow, max-snippet:-1, max-image-preview:large, max-video-preview:-1\" \/>\n<link rel=\"canonical\" href=\"https:\/\/www.esin.av.tr\/tr\/2020\/04\/03\/titckdan-covid-19-ile-mucadeleye-iliskin-yeni-tedbirler\/\" \/>\n<meta property=\"og:locale\" content=\"tr_TR\" \/>\n<meta property=\"og:type\" content=\"article\" \/>\n<meta property=\"og:title\" content=\"T\u0130TCK&#039;dan COVID-19 ile M\u00fccadeleye \u0130li\u015fkin Yeni Tedbirler\" \/>\n<meta property=\"og:description\" content=\"Yeni Geli\u015fmeler T\u00fcrkiye \u0130la\u00e7 ve T\u0131bbi Cihaz Kurumu (&quot;Kurum&quot;), COVID-19 ile m\u00fccadele kapsam\u0131nda al\u0131nan yeni tedbirleri duyurdu. Kurum, okunabilirlik\" \/>\n<meta property=\"og:url\" content=\"https:\/\/www.esin.av.tr\/tr\/2020\/04\/03\/titckdan-covid-19-ile-mucadeleye-iliskin-yeni-tedbirler\/\" \/>\n<meta property=\"og:site_name\" content=\"Esin Avukatl\u0131k Ortakl\u0131\u011f\u0131\" \/>\n<meta property=\"article:published_time\" content=\"2020-04-03T14:54:49+00:00\" \/>\n<meta property=\"article:modified_time\" content=\"2022-06-09T12:48:18+00:00\" \/>\n<meta name=\"author\" content=\"R\u0131dvan Konrat\" \/>\n<meta name=\"twitter:card\" content=\"summary_large_image\" \/>\n<meta name=\"twitter:label1\" content=\"Written by\" \/>\n\t<meta name=\"twitter:data1\" content=\"R\u0131dvan Konrat\" \/>\n\t<meta name=\"twitter:label2\" content=\"Est. reading time\" \/>\n\t<meta name=\"twitter:data2\" content=\"3 minutes\" \/>\n<script type=\"application\/ld+json\" class=\"yoast-schema-graph\">{\"@context\":\"https:\/\/schema.org\",\"@graph\":[{\"@type\":\"Article\",\"@id\":\"https:\/\/www.esin.av.tr\/tr\/2020\/04\/03\/titckdan-covid-19-ile-mucadeleye-iliskin-yeni-tedbirler\/#article\",\"isPartOf\":{\"@id\":\"https:\/\/www.esin.av.tr\/tr\/2020\/04\/03\/titckdan-covid-19-ile-mucadeleye-iliskin-yeni-tedbirler\/\"},\"author\":{\"name\":\"R\u0131dvan Konrat\",\"@id\":\"https:\/\/www.esin.av.tr\/tr\/#\/schema\/person\/42c8e616aab56b8622fa365ad63282ae\"},\"headline\":\"T\u0130TCK&#8217;dan COVID-19 ile M\u00fccadeleye \u0130li\u015fkin Yeni Tedbirler\",\"datePublished\":\"2020-04-03T14:54:49+00:00\",\"dateModified\":\"2022-06-09T12:48:18+00:00\",\"mainEntityOfPage\":{\"@id\":\"https:\/\/www.esin.av.tr\/tr\/2020\/04\/03\/titckdan-covid-19-ile-mucadeleye-iliskin-yeni-tedbirler\/\"},\"wordCount\":531,\"publisher\":{\"@id\":\"https:\/\/www.esin.av.tr\/tr\/#organization\"},\"keywords\":[\"Sa\u011fl\u0131k Hukuku\"],\"articleSection\":[\"Hukuk B\u00fcltenleri\",\"Covid-19\"],\"inLanguage\":\"tr\"},{\"@type\":\"WebPage\",\"@id\":\"https:\/\/www.esin.av.tr\/tr\/2020\/04\/03\/titckdan-covid-19-ile-mucadeleye-iliskin-yeni-tedbirler\/\",\"url\":\"https:\/\/www.esin.av.tr\/tr\/2020\/04\/03\/titckdan-covid-19-ile-mucadeleye-iliskin-yeni-tedbirler\/\",\"name\":\"T\u0130TCK'dan COVID-19 ile M\u00fccadeleye \u0130li\u015fkin Yeni Tedbirler\",\"isPartOf\":{\"@id\":\"https:\/\/www.esin.av.tr\/tr\/#website\"},\"datePublished\":\"2020-04-03T14:54:49+00:00\",\"dateModified\":\"2022-06-09T12:48:18+00:00\",\"description\":\"Yeni Geli\u015fmeler T\u00fcrkiye \u0130la\u00e7 ve T\u0131bbi Cihaz Kurumu (\\\"Kurum\\\"), COVID-19 ile m\u00fccadele kapsam\u0131nda al\u0131nan yeni tedbirleri duyurdu. Kurum, okunabilirlik\",\"breadcrumb\":{\"@id\":\"https:\/\/www.esin.av.tr\/tr\/2020\/04\/03\/titckdan-covid-19-ile-mucadeleye-iliskin-yeni-tedbirler\/#breadcrumb\"},\"inLanguage\":\"tr\",\"potentialAction\":[{\"@type\":\"ReadAction\",\"target\":[\"https:\/\/www.esin.av.tr\/tr\/2020\/04\/03\/titckdan-covid-19-ile-mucadeleye-iliskin-yeni-tedbirler\/\"]}]},{\"@type\":\"BreadcrumbList\",\"@id\":\"https:\/\/www.esin.av.tr\/tr\/2020\/04\/03\/titckdan-covid-19-ile-mucadeleye-iliskin-yeni-tedbirler\/#breadcrumb\",\"itemListElement\":[{\"@type\":\"ListItem\",\"position\":1,\"name\":\"Home\",\"item\":\"https:\/\/www.esin.av.tr\/tr\/\"},{\"@type\":\"ListItem\",\"position\":2,\"name\":\"T\u0130TCK&#8217;dan COVID-19 ile M\u00fccadeleye \u0130li\u015fkin Yeni Tedbirler\"}]},{\"@type\":\"WebSite\",\"@id\":\"https:\/\/www.esin.av.tr\/tr\/#website\",\"url\":\"https:\/\/www.esin.av.tr\/tr\/\",\"name\":\"Esin Avukatl\u0131k Ortakl\u0131\u011f\u0131\",\"description\":\"\",\"publisher\":{\"@id\":\"https:\/\/www.esin.av.tr\/tr\/#organization\"},\"potentialAction\":[{\"@type\":\"SearchAction\",\"target\":{\"@type\":\"EntryPoint\",\"urlTemplate\":\"https:\/\/www.esin.av.tr\/tr\/?s={search_term_string}\"},\"query-input\":{\"@type\":\"PropertyValueSpecification\",\"valueRequired\":true,\"valueName\":\"search_term_string\"}}],\"inLanguage\":\"tr\"},{\"@type\":\"Organization\",\"@id\":\"https:\/\/www.esin.av.tr\/tr\/#organization\",\"name\":\"Esin Avukatl\u0131k Ortakl\u0131\u011f\u0131\",\"url\":\"https:\/\/www.esin.av.tr\/tr\/\",\"logo\":{\"@type\":\"ImageObject\",\"inLanguage\":\"tr\",\"@id\":\"https:\/\/www.esin.av.tr\/tr\/#\/schema\/logo\/image\/\",\"url\":\"https:\/\/www.esin.av.tr\/wp-content\/uploads\/2021\/09\/esin-2.jpg\",\"contentUrl\":\"https:\/\/www.esin.av.tr\/wp-content\/uploads\/2021\/09\/esin-2.jpg\",\"width\":800,\"height\":460,\"caption\":\"Esin Avukatl\u0131k Ortakl\u0131\u011f\u0131\"},\"image\":{\"@id\":\"https:\/\/www.esin.av.tr\/tr\/#\/schema\/logo\/image\/\"}},{\"@type\":\"Person\",\"@id\":\"https:\/\/www.esin.av.tr\/tr\/#\/schema\/person\/42c8e616aab56b8622fa365ad63282ae\",\"name\":\"R\u0131dvan Konrat\",\"image\":{\"@type\":\"ImageObject\",\"inLanguage\":\"tr\",\"@id\":\"https:\/\/www.esin.av.tr\/tr\/#\/schema\/person\/image\/\",\"url\":\"https:\/\/secure.gravatar.com\/avatar\/b20c6c583be38ed4e76e32f69fccc676?s=96&d=mm&r=g\",\"contentUrl\":\"https:\/\/secure.gravatar.com\/avatar\/b20c6c583be38ed4e76e32f69fccc676?s=96&d=mm&r=g\",\"caption\":\"R\u0131dvan Konrat\"},\"sameAs\":[\"http:\/\/www.esin.av.tr\"],\"url\":\"https:\/\/www.esin.av.tr\/tr\/author\/rkonrat\/\"}]}<\/script>\n<!-- \/ Yoast SEO plugin. -->","yoast_head_json":{"title":"T\u0130TCK'dan COVID-19 ile M\u00fccadeleye \u0130li\u015fkin Yeni Tedbirler","description":"Yeni Geli\u015fmeler T\u00fcrkiye \u0130la\u00e7 ve T\u0131bbi Cihaz Kurumu (\"Kurum\"), COVID-19 ile m\u00fccadele kapsam\u0131nda al\u0131nan yeni tedbirleri duyurdu. Kurum, okunabilirlik","robots":{"index":"index","follow":"follow","max-snippet":"max-snippet:-1","max-image-preview":"max-image-preview:large","max-video-preview":"max-video-preview:-1"},"canonical":"https:\/\/www.esin.av.tr\/tr\/2020\/04\/03\/titckdan-covid-19-ile-mucadeleye-iliskin-yeni-tedbirler\/","og_locale":"tr_TR","og_type":"article","og_title":"T\u0130TCK'dan COVID-19 ile M\u00fccadeleye \u0130li\u015fkin Yeni Tedbirler","og_description":"Yeni Geli\u015fmeler T\u00fcrkiye \u0130la\u00e7 ve T\u0131bbi Cihaz Kurumu (\"Kurum\"), COVID-19 ile m\u00fccadele kapsam\u0131nda al\u0131nan yeni tedbirleri duyurdu. Kurum, okunabilirlik","og_url":"https:\/\/www.esin.av.tr\/tr\/2020\/04\/03\/titckdan-covid-19-ile-mucadeleye-iliskin-yeni-tedbirler\/","og_site_name":"Esin Avukatl\u0131k Ortakl\u0131\u011f\u0131","article_published_time":"2020-04-03T14:54:49+00:00","article_modified_time":"2022-06-09T12:48:18+00:00","author":"R\u0131dvan Konrat","twitter_card":"summary_large_image","twitter_misc":{"Written by":"R\u0131dvan Konrat","Est. reading time":"3 minutes"},"schema":{"@context":"https:\/\/schema.org","@graph":[{"@type":"Article","@id":"https:\/\/www.esin.av.tr\/tr\/2020\/04\/03\/titckdan-covid-19-ile-mucadeleye-iliskin-yeni-tedbirler\/#article","isPartOf":{"@id":"https:\/\/www.esin.av.tr\/tr\/2020\/04\/03\/titckdan-covid-19-ile-mucadeleye-iliskin-yeni-tedbirler\/"},"author":{"name":"R\u0131dvan Konrat","@id":"https:\/\/www.esin.av.tr\/tr\/#\/schema\/person\/42c8e616aab56b8622fa365ad63282ae"},"headline":"T\u0130TCK&#8217;dan COVID-19 ile M\u00fccadeleye \u0130li\u015fkin Yeni Tedbirler","datePublished":"2020-04-03T14:54:49+00:00","dateModified":"2022-06-09T12:48:18+00:00","mainEntityOfPage":{"@id":"https:\/\/www.esin.av.tr\/tr\/2020\/04\/03\/titckdan-covid-19-ile-mucadeleye-iliskin-yeni-tedbirler\/"},"wordCount":531,"publisher":{"@id":"https:\/\/www.esin.av.tr\/tr\/#organization"},"keywords":["Sa\u011fl\u0131k Hukuku"],"articleSection":["Hukuk B\u00fcltenleri","Covid-19"],"inLanguage":"tr"},{"@type":"WebPage","@id":"https:\/\/www.esin.av.tr\/tr\/2020\/04\/03\/titckdan-covid-19-ile-mucadeleye-iliskin-yeni-tedbirler\/","url":"https:\/\/www.esin.av.tr\/tr\/2020\/04\/03\/titckdan-covid-19-ile-mucadeleye-iliskin-yeni-tedbirler\/","name":"T\u0130TCK'dan COVID-19 ile M\u00fccadeleye \u0130li\u015fkin Yeni Tedbirler","isPartOf":{"@id":"https:\/\/www.esin.av.tr\/tr\/#website"},"datePublished":"2020-04-03T14:54:49+00:00","dateModified":"2022-06-09T12:48:18+00:00","description":"Yeni Geli\u015fmeler T\u00fcrkiye \u0130la\u00e7 ve T\u0131bbi Cihaz Kurumu (\"Kurum\"), COVID-19 ile m\u00fccadele kapsam\u0131nda al\u0131nan yeni tedbirleri duyurdu. Kurum, okunabilirlik","breadcrumb":{"@id":"https:\/\/www.esin.av.tr\/tr\/2020\/04\/03\/titckdan-covid-19-ile-mucadeleye-iliskin-yeni-tedbirler\/#breadcrumb"},"inLanguage":"tr","potentialAction":[{"@type":"ReadAction","target":["https:\/\/www.esin.av.tr\/tr\/2020\/04\/03\/titckdan-covid-19-ile-mucadeleye-iliskin-yeni-tedbirler\/"]}]},{"@type":"BreadcrumbList","@id":"https:\/\/www.esin.av.tr\/tr\/2020\/04\/03\/titckdan-covid-19-ile-mucadeleye-iliskin-yeni-tedbirler\/#breadcrumb","itemListElement":[{"@type":"ListItem","position":1,"name":"Home","item":"https:\/\/www.esin.av.tr\/tr\/"},{"@type":"ListItem","position":2,"name":"T\u0130TCK&#8217;dan COVID-19 ile M\u00fccadeleye \u0130li\u015fkin Yeni Tedbirler"}]},{"@type":"WebSite","@id":"https:\/\/www.esin.av.tr\/tr\/#website","url":"https:\/\/www.esin.av.tr\/tr\/","name":"Esin Avukatl\u0131k Ortakl\u0131\u011f\u0131","description":"","publisher":{"@id":"https:\/\/www.esin.av.tr\/tr\/#organization"},"potentialAction":[{"@type":"SearchAction","target":{"@type":"EntryPoint","urlTemplate":"https:\/\/www.esin.av.tr\/tr\/?s={search_term_string}"},"query-input":{"@type":"PropertyValueSpecification","valueRequired":true,"valueName":"search_term_string"}}],"inLanguage":"tr"},{"@type":"Organization","@id":"https:\/\/www.esin.av.tr\/tr\/#organization","name":"Esin Avukatl\u0131k Ortakl\u0131\u011f\u0131","url":"https:\/\/www.esin.av.tr\/tr\/","logo":{"@type":"ImageObject","inLanguage":"tr","@id":"https:\/\/www.esin.av.tr\/tr\/#\/schema\/logo\/image\/","url":"https:\/\/www.esin.av.tr\/wp-content\/uploads\/2021\/09\/esin-2.jpg","contentUrl":"https:\/\/www.esin.av.tr\/wp-content\/uploads\/2021\/09\/esin-2.jpg","width":800,"height":460,"caption":"Esin Avukatl\u0131k Ortakl\u0131\u011f\u0131"},"image":{"@id":"https:\/\/www.esin.av.tr\/tr\/#\/schema\/logo\/image\/"}},{"@type":"Person","@id":"https:\/\/www.esin.av.tr\/tr\/#\/schema\/person\/42c8e616aab56b8622fa365ad63282ae","name":"R\u0131dvan Konrat","image":{"@type":"ImageObject","inLanguage":"tr","@id":"https:\/\/www.esin.av.tr\/tr\/#\/schema\/person\/image\/","url":"https:\/\/secure.gravatar.com\/avatar\/b20c6c583be38ed4e76e32f69fccc676?s=96&d=mm&r=g","contentUrl":"https:\/\/secure.gravatar.com\/avatar\/b20c6c583be38ed4e76e32f69fccc676?s=96&d=mm&r=g","caption":"R\u0131dvan Konrat"},"sameAs":["http:\/\/www.esin.av.tr"],"url":"https:\/\/www.esin.av.tr\/tr\/author\/rkonrat\/"}]}},"_links":{"self":[{"href":"https:\/\/www.esin.av.tr\/tr\/wp-json\/wp\/v2\/posts\/15781","targetHints":{"allow":["GET"]}}],"collection":[{"href":"https:\/\/www.esin.av.tr\/tr\/wp-json\/wp\/v2\/posts"}],"about":[{"href":"https:\/\/www.esin.av.tr\/tr\/wp-json\/wp\/v2\/types\/post"}],"author":[{"embeddable":true,"href":"https:\/\/www.esin.av.tr\/tr\/wp-json\/wp\/v2\/users\/4"}],"replies":[{"embeddable":true,"href":"https:\/\/www.esin.av.tr\/tr\/wp-json\/wp\/v2\/comments?post=15781"}],"version-history":[{"count":2,"href":"https:\/\/www.esin.av.tr\/tr\/wp-json\/wp\/v2\/posts\/15781\/revisions"}],"predecessor-version":[{"id":15784,"href":"https:\/\/www.esin.av.tr\/tr\/wp-json\/wp\/v2\/posts\/15781\/revisions\/15784"}],"wp:attachment":[{"href":"https:\/\/www.esin.av.tr\/tr\/wp-json\/wp\/v2\/media?parent=15781"}],"wp:term":[{"taxonomy":"category","embeddable":true,"href":"https:\/\/www.esin.av.tr\/tr\/wp-json\/wp\/v2\/categories?post=15781"},{"taxonomy":"post_tag","embeddable":true,"href":"https:\/\/www.esin.av.tr\/tr\/wp-json\/wp\/v2\/tags?post=15781"}],"curies":[{"name":"wp","href":"https:\/\/api.w.org\/{rel}","templated":true}]}}