{"id":15240,"date":"2020-03-30T07:42:37","date_gmt":"2020-03-30T07:42:37","guid":{"rendered":"https:\/\/www.esin.av.tr\/?p=15240"},"modified":"2022-06-09T12:46:19","modified_gmt":"2022-06-09T12:46:19","slug":"covid-19-salgininin-ekonomik-etkilerini-azaltmak-adina-gayrimenkul-ve-turizm-alaninda-yeni-onlemler","status":"publish","type":"post","link":"https:\/\/www.esin.av.tr\/tr\/2020\/03\/30\/covid-19-salgininin-ekonomik-etkilerini-azaltmak-adina-gayrimenkul-ve-turizm-alaninda-yeni-onlemler\/","title":{"rendered":"COVID-19 Salg\u0131n\u0131n\u0131n Ekonomik Etkilerini Azaltmak Ad\u0131na Gayrimenkul ve Turizm Alan\u0131nda Yeni \u00d6nlemler"},"content":{"rendered":"<p>7226 say\u0131l\u0131 Baz\u0131 Kanunlarda De\u011fi\u015fiklik Yap\u0131lmas\u0131na Dair Kanun (\u201c<strong>Kanun<\/strong>\u201d) 31080 say\u0131l\u0131 m\u00fckerrer Resmi Gazete&#8217;de 26 Mart 2020 tarihinde yay\u0131mland\u0131.<\/p>\n<p><strong>Kanun\u2019da Hangi De\u011fi\u015fiklikler Yer Al\u0131yor?<\/strong><\/p>\n<p>COVID-19 salg\u0131n\u0131n\u0131n ekonomi \u00fczerindeki olumsuz etkilerini \u00f6nlemeyi ama\u00e7layan h\u00fck\u00fcmlere a\u011f\u0131rl\u0131kl\u0131 yer verilen Kanun, bu kapsamda bir\u00e7ok sekt\u00f6r\u00fc ilgilendirebilecek d\u00fczenlemeler getiriyor. A\u015fa\u011f\u0131da yer verdi\u011fimiz d\u00fczenlemeler Resmi Gazete\u2019de yay\u0131mlanmalar\u0131 ile y\u00fcr\u00fcrl\u00fc\u011fe girdi.<\/p>\n<p><strong>1. \u0130\u015f Yeri Kira S\u00f6zle\u015fmeleri<\/strong><\/p>\n<p>Bu d\u00fczenlemelerden biri i\u015f yeri kiralar\u0131na ili\u015fkindir. De\u011fi\u015fiklik uyar\u0131nca, 1 Mart 2020 tarihi ile 30 Haziran 2020 tarihi aras\u0131nda i\u015fleyecek i\u015f yeri kira bedelinin \u00f6denememesi, kira s\u00f6zle\u015fmesinin feshi ve tahliye sebebi olu\u015fturmayacakt\u0131r.<\/p>\n<p>Sadece i\u015f yeri kira s\u00f6zle\u015fmelerini ilgilendiren bu de\u011fi\u015fiklikle birlikte, kirac\u0131n\u0131n bu s\u00fcre zarf\u0131 i\u00e7erisinde kira bedelini \u00f6deme y\u00fck\u00fcml\u00fcl\u00fc\u011f\u00fc devam edecek, ancak kira bedelinin \u201c\u00f6denememesi\u201d kira s\u00f6zle\u015fmesinin feshine ya da kirac\u0131n\u0131n tahliyesine sebep olu\u015fturmayacakt\u0131r. Kanun\u2019un lafz\u0131ndan, bu d\u00fczenlemenin COVID-19 salg\u0131n\u0131 dolay\u0131s\u0131yla ya\u015fanabilecek \u00f6deme imkans\u0131zl\u0131klar\u0131 i\u00e7in \u00f6ng\u00f6r\u00fcld\u00fc\u011f\u00fc ve keyfi \u00f6dememe hallerinin kapsam d\u0131\u015f\u0131nda b\u0131rak\u0131labilece\u011fi \u015feklinde yorumluyoruz. Ancak mahkemelerin \u00f6deyememe durumunu g\u00f6sterir maddi olgular\u0131n varl\u0131\u011f\u0131n\u0131 uygulamada ne kadar titizlikle irdeleyecekleri veya bor\u00e7lulara ne kadar ciddi bir ispat y\u00fck\u00fc y\u00fckleyecekleri hen\u00fcz belirsizli\u011fini korumaktad\u0131r.<\/p>\n<p><strong>2. Turizm Bakanl\u0131\u011f\u0131 Belgeli Turizm Tesisleri<\/strong><\/p>\n<p>Kanun kapsam\u0131nda getirilen bir di\u011fer d\u00fczenleme de turizm sekt\u00f6r\u00fcne ili\u015fkindir. D\u00fczenleme kapsam\u0131na, ilgili bakanl\u0131klar taraf\u0131ndan \u00fczerinde turizm tesisleri yap\u0131lmak \u00fczere adlar\u0131na kamu arazisi tahsis edilen K\u00fclt\u00fcr ve Turizm Bakanl\u0131\u011f\u0131\u2019ndan belgeli (\u00f6rne\u011fin Turizm \u0130\u015fletme Belgesi\u2019ne sahip) yat\u0131r\u0131mc\u0131lar ve i\u015fletmeciler girmektedir.<\/p>\n<p>Kapsam d\u00e2hilindeki yat\u0131r\u0131mc\u0131 ve i\u015fletmecilerden 1 Mart 2020 ile 30 Haziran 2020 tarihi aras\u0131ndaki d\u00f6nemde tahsil edilmesi gereken kira, kesin izin, kesin tahsis, irtifak hakk\u0131, kullanma izni, yararlanma, ilave yararlanma bedelleri ve has\u0131lat paylar\u0131 ba\u015fvuru \u015fart\u0131 aranmaks\u0131z\u0131n alt\u0131 ay ertelenecektir. 30 Haziran 2020 tarihinden sonra bu alacaklar, erteleme s\u00fcresi sonuna kadar herhangi bir zam veya faiz uygulanmadan tahsil edilecektir.<\/p>\n<p>Ayr\u0131ca, K\u00fclt\u00fcr ve Turizm Bakanl\u0131\u011f\u0131\u2019ndan belgeli turizm tesislerinin yat\u0131r\u0131mc\u0131lar\u0131 ve i\u015fletmecilerinden bu faaliyetleri dolay\u0131s\u0131yla hazine ta\u015f\u0131nmazlar\u0131n\u0131 izinsiz kullan\u0131mlar\u0131ndan dolay\u0131 ayn\u0131 d\u00f6nemde tahsil edilmesi gereken ecrimisillerin \u00f6deme s\u00fcreleri de yine ba\u015fvuru \u015fart\u0131 aranmaks\u0131z\u0131n alt\u0131 ay s\u00fcre ile ertelenmi\u015ftir.<\/p>\n<p><strong>Sonu\u00e7<\/strong><\/p>\n<p>Yap\u0131lan de\u011fi\u015fiklikler \u00f6deme y\u00fck\u00fcml\u00fcl\u00fcklerini ortadan kald\u0131rmamaktad\u0131r. COVID-19 salg\u0131n\u0131 dolay\u0131s\u0131yla ya\u015fanabilecek nakit ak\u0131\u015f\u0131 problemleri neticesinde, kira \u00fccreti veya tahsis bedeli \u00f6deme borcunu belirli s\u00fcre ifa edemeyen \u015firketler a\u00e7\u0131s\u0131ndan s\u00f6zle\u015fmelerin feshedilmesiyle sonu\u00e7lanmas\u0131n\u0131 ve \u015firketlerin tahliyesini engelleyen de\u011fi\u015fikliklerdir.<\/p>\n","protected":false},"excerpt":{"rendered":"<p>7226 say\u0131l\u0131 Baz\u0131 Kanunlarda De\u011fi\u015fiklik Yap\u0131lmas\u0131na Dair Kanun (\u201cKanun\u201d) 31080 say\u0131l\u0131 m\u00fckerrer Resmi Gazete&#8217;de 26 Mart 2020 tarihinde yay\u0131mland\u0131. Kanun\u2019da [&hellip;]<\/p>\n","protected":false},"author":4,"featured_media":0,"comment_status":"closed","ping_status":"closed","sticky":false,"template":"","format":"standard","meta":{"_acf_changed":false,"_stopmodifiedupdate":false,"_modified_date":"","footnotes":""},"categories":[120,149],"tags":[100],"class_list":["post-15240","post","type-post","status-publish","format-standard","hentry","category-legal-alerts","category-covid-19-tr","tag-real-estate-tr"],"acf":[],"yoast_head":"<!-- This site is optimized with the Yoast SEO plugin v24.0 - https:\/\/yoast.com\/wordpress\/plugins\/seo\/ -->\n<title>COVID-19 Salg\u0131n\u0131n\u0131n Ekonomik Etkilerini Azaltmak Ad\u0131na Gayrimenkul ve Turizm Alan\u0131nda Yeni \u00d6nlemler<\/title>\n<meta name=\"description\" content=\"7226 say\u0131l\u0131 Baz\u0131 Kanunlarda De\u011fi\u015fiklik Yap\u0131lmas\u0131na Dair Kanun (\u201cKanun\u201d) 31080 say\u0131l\u0131 m\u00fckerrer Resmi Gazete&#039;de 26 Mart 2020 tarihinde yay\u0131mland\u0131. Kanun\u2019da\" \/>\n<meta name=\"robots\" content=\"index, follow, max-snippet:-1, max-image-preview:large, max-video-preview:-1\" \/>\n<link rel=\"canonical\" href=\"https:\/\/www.esin.av.tr\/tr\/2020\/03\/30\/covid-19-salgininin-ekonomik-etkilerini-azaltmak-adina-gayrimenkul-ve-turizm-alaninda-yeni-onlemler\/\" \/>\n<meta property=\"og:locale\" content=\"tr_TR\" \/>\n<meta property=\"og:type\" content=\"article\" \/>\n<meta property=\"og:title\" content=\"COVID-19 Salg\u0131n\u0131n\u0131n Ekonomik Etkilerini Azaltmak Ad\u0131na Gayrimenkul ve Turizm Alan\u0131nda Yeni \u00d6nlemler\" \/>\n<meta property=\"og:description\" content=\"7226 say\u0131l\u0131 Baz\u0131 Kanunlarda De\u011fi\u015fiklik Yap\u0131lmas\u0131na Dair Kanun (\u201cKanun\u201d) 31080 say\u0131l\u0131 m\u00fckerrer Resmi Gazete&#039;de 26 Mart 2020 tarihinde yay\u0131mland\u0131. Kanun\u2019da\" \/>\n<meta property=\"og:url\" content=\"https:\/\/www.esin.av.tr\/tr\/2020\/03\/30\/covid-19-salgininin-ekonomik-etkilerini-azaltmak-adina-gayrimenkul-ve-turizm-alaninda-yeni-onlemler\/\" \/>\n<meta property=\"og:site_name\" content=\"Esin Avukatl\u0131k Ortakl\u0131\u011f\u0131\" \/>\n<meta property=\"article:published_time\" content=\"2020-03-30T07:42:37+00:00\" \/>\n<meta property=\"article:modified_time\" content=\"2022-06-09T12:46:19+00:00\" \/>\n<meta name=\"author\" content=\"R\u0131dvan Konrat\" \/>\n<meta name=\"twitter:card\" content=\"summary_large_image\" \/>\n<meta name=\"twitter:label1\" content=\"Written by\" \/>\n\t<meta name=\"twitter:data1\" content=\"R\u0131dvan Konrat\" \/>\n\t<meta name=\"twitter:label2\" content=\"Est. reading time\" \/>\n\t<meta name=\"twitter:data2\" content=\"2 minutes\" \/>\n<script type=\"application\/ld+json\" class=\"yoast-schema-graph\">{\"@context\":\"https:\/\/schema.org\",\"@graph\":[{\"@type\":\"Article\",\"@id\":\"https:\/\/www.esin.av.tr\/tr\/2020\/03\/30\/covid-19-salgininin-ekonomik-etkilerini-azaltmak-adina-gayrimenkul-ve-turizm-alaninda-yeni-onlemler\/#article\",\"isPartOf\":{\"@id\":\"https:\/\/www.esin.av.tr\/tr\/2020\/03\/30\/covid-19-salgininin-ekonomik-etkilerini-azaltmak-adina-gayrimenkul-ve-turizm-alaninda-yeni-onlemler\/\"},\"author\":{\"name\":\"R\u0131dvan Konrat\",\"@id\":\"https:\/\/www.esin.av.tr\/tr\/#\/schema\/person\/42c8e616aab56b8622fa365ad63282ae\"},\"headline\":\"COVID-19 Salg\u0131n\u0131n\u0131n Ekonomik Etkilerini Azaltmak Ad\u0131na Gayrimenkul ve Turizm Alan\u0131nda Yeni \u00d6nlemler\",\"datePublished\":\"2020-03-30T07:42:37+00:00\",\"dateModified\":\"2022-06-09T12:46:19+00:00\",\"mainEntityOfPage\":{\"@id\":\"https:\/\/www.esin.av.tr\/tr\/2020\/03\/30\/covid-19-salgininin-ekonomik-etkilerini-azaltmak-adina-gayrimenkul-ve-turizm-alaninda-yeni-onlemler\/\"},\"wordCount\":511,\"publisher\":{\"@id\":\"https:\/\/www.esin.av.tr\/tr\/#organization\"},\"keywords\":[\"Gayrimenkul Hukuku\"],\"articleSection\":[\"Hukuk B\u00fcltenleri\",\"Covid-19\"],\"inLanguage\":\"tr\"},{\"@type\":\"WebPage\",\"@id\":\"https:\/\/www.esin.av.tr\/tr\/2020\/03\/30\/covid-19-salgininin-ekonomik-etkilerini-azaltmak-adina-gayrimenkul-ve-turizm-alaninda-yeni-onlemler\/\",\"url\":\"https:\/\/www.esin.av.tr\/tr\/2020\/03\/30\/covid-19-salgininin-ekonomik-etkilerini-azaltmak-adina-gayrimenkul-ve-turizm-alaninda-yeni-onlemler\/\",\"name\":\"COVID-19 Salg\u0131n\u0131n\u0131n Ekonomik Etkilerini Azaltmak Ad\u0131na Gayrimenkul ve Turizm Alan\u0131nda Yeni \u00d6nlemler\",\"isPartOf\":{\"@id\":\"https:\/\/www.esin.av.tr\/tr\/#website\"},\"datePublished\":\"2020-03-30T07:42:37+00:00\",\"dateModified\":\"2022-06-09T12:46:19+00:00\",\"description\":\"7226 say\u0131l\u0131 Baz\u0131 Kanunlarda De\u011fi\u015fiklik Yap\u0131lmas\u0131na Dair Kanun (\u201cKanun\u201d) 31080 say\u0131l\u0131 m\u00fckerrer Resmi Gazete'de 26 Mart 2020 tarihinde yay\u0131mland\u0131. Kanun\u2019da\",\"breadcrumb\":{\"@id\":\"https:\/\/www.esin.av.tr\/tr\/2020\/03\/30\/covid-19-salgininin-ekonomik-etkilerini-azaltmak-adina-gayrimenkul-ve-turizm-alaninda-yeni-onlemler\/#breadcrumb\"},\"inLanguage\":\"tr\",\"potentialAction\":[{\"@type\":\"ReadAction\",\"target\":[\"https:\/\/www.esin.av.tr\/tr\/2020\/03\/30\/covid-19-salgininin-ekonomik-etkilerini-azaltmak-adina-gayrimenkul-ve-turizm-alaninda-yeni-onlemler\/\"]}]},{\"@type\":\"BreadcrumbList\",\"@id\":\"https:\/\/www.esin.av.tr\/tr\/2020\/03\/30\/covid-19-salgininin-ekonomik-etkilerini-azaltmak-adina-gayrimenkul-ve-turizm-alaninda-yeni-onlemler\/#breadcrumb\",\"itemListElement\":[{\"@type\":\"ListItem\",\"position\":1,\"name\":\"Home\",\"item\":\"https:\/\/www.esin.av.tr\/tr\/\"},{\"@type\":\"ListItem\",\"position\":2,\"name\":\"COVID-19 Salg\u0131n\u0131n\u0131n Ekonomik Etkilerini Azaltmak Ad\u0131na Gayrimenkul ve Turizm Alan\u0131nda Yeni \u00d6nlemler\"}]},{\"@type\":\"WebSite\",\"@id\":\"https:\/\/www.esin.av.tr\/tr\/#website\",\"url\":\"https:\/\/www.esin.av.tr\/tr\/\",\"name\":\"Esin Avukatl\u0131k Ortakl\u0131\u011f\u0131\",\"description\":\"\",\"publisher\":{\"@id\":\"https:\/\/www.esin.av.tr\/tr\/#organization\"},\"potentialAction\":[{\"@type\":\"SearchAction\",\"target\":{\"@type\":\"EntryPoint\",\"urlTemplate\":\"https:\/\/www.esin.av.tr\/tr\/?s={search_term_string}\"},\"query-input\":{\"@type\":\"PropertyValueSpecification\",\"valueRequired\":true,\"valueName\":\"search_term_string\"}}],\"inLanguage\":\"tr\"},{\"@type\":\"Organization\",\"@id\":\"https:\/\/www.esin.av.tr\/tr\/#organization\",\"name\":\"Esin Avukatl\u0131k Ortakl\u0131\u011f\u0131\",\"url\":\"https:\/\/www.esin.av.tr\/tr\/\",\"logo\":{\"@type\":\"ImageObject\",\"inLanguage\":\"tr\",\"@id\":\"https:\/\/www.esin.av.tr\/tr\/#\/schema\/logo\/image\/\",\"url\":\"https:\/\/www.esin.av.tr\/wp-content\/uploads\/2021\/09\/esin-2.jpg\",\"contentUrl\":\"https:\/\/www.esin.av.tr\/wp-content\/uploads\/2021\/09\/esin-2.jpg\",\"width\":800,\"height\":460,\"caption\":\"Esin Avukatl\u0131k Ortakl\u0131\u011f\u0131\"},\"image\":{\"@id\":\"https:\/\/www.esin.av.tr\/tr\/#\/schema\/logo\/image\/\"}},{\"@type\":\"Person\",\"@id\":\"https:\/\/www.esin.av.tr\/tr\/#\/schema\/person\/42c8e616aab56b8622fa365ad63282ae\",\"name\":\"R\u0131dvan Konrat\",\"image\":{\"@type\":\"ImageObject\",\"inLanguage\":\"tr\",\"@id\":\"https:\/\/www.esin.av.tr\/tr\/#\/schema\/person\/image\/\",\"url\":\"https:\/\/secure.gravatar.com\/avatar\/b20c6c583be38ed4e76e32f69fccc676?s=96&d=mm&r=g\",\"contentUrl\":\"https:\/\/secure.gravatar.com\/avatar\/b20c6c583be38ed4e76e32f69fccc676?s=96&d=mm&r=g\",\"caption\":\"R\u0131dvan Konrat\"},\"sameAs\":[\"http:\/\/www.esin.av.tr\"],\"url\":\"https:\/\/www.esin.av.tr\/tr\/author\/rkonrat\/\"}]}<\/script>\n<!-- \/ Yoast SEO plugin. -->","yoast_head_json":{"title":"COVID-19 Salg\u0131n\u0131n\u0131n Ekonomik Etkilerini Azaltmak Ad\u0131na Gayrimenkul ve Turizm Alan\u0131nda Yeni \u00d6nlemler","description":"7226 say\u0131l\u0131 Baz\u0131 Kanunlarda De\u011fi\u015fiklik Yap\u0131lmas\u0131na Dair Kanun (\u201cKanun\u201d) 31080 say\u0131l\u0131 m\u00fckerrer Resmi Gazete'de 26 Mart 2020 tarihinde yay\u0131mland\u0131. Kanun\u2019da","robots":{"index":"index","follow":"follow","max-snippet":"max-snippet:-1","max-image-preview":"max-image-preview:large","max-video-preview":"max-video-preview:-1"},"canonical":"https:\/\/www.esin.av.tr\/tr\/2020\/03\/30\/covid-19-salgininin-ekonomik-etkilerini-azaltmak-adina-gayrimenkul-ve-turizm-alaninda-yeni-onlemler\/","og_locale":"tr_TR","og_type":"article","og_title":"COVID-19 Salg\u0131n\u0131n\u0131n Ekonomik Etkilerini Azaltmak Ad\u0131na Gayrimenkul ve Turizm Alan\u0131nda Yeni \u00d6nlemler","og_description":"7226 say\u0131l\u0131 Baz\u0131 Kanunlarda De\u011fi\u015fiklik Yap\u0131lmas\u0131na Dair Kanun (\u201cKanun\u201d) 31080 say\u0131l\u0131 m\u00fckerrer Resmi Gazete'de 26 Mart 2020 tarihinde yay\u0131mland\u0131. Kanun\u2019da","og_url":"https:\/\/www.esin.av.tr\/tr\/2020\/03\/30\/covid-19-salgininin-ekonomik-etkilerini-azaltmak-adina-gayrimenkul-ve-turizm-alaninda-yeni-onlemler\/","og_site_name":"Esin Avukatl\u0131k Ortakl\u0131\u011f\u0131","article_published_time":"2020-03-30T07:42:37+00:00","article_modified_time":"2022-06-09T12:46:19+00:00","author":"R\u0131dvan Konrat","twitter_card":"summary_large_image","twitter_misc":{"Written by":"R\u0131dvan Konrat","Est. reading time":"2 minutes"},"schema":{"@context":"https:\/\/schema.org","@graph":[{"@type":"Article","@id":"https:\/\/www.esin.av.tr\/tr\/2020\/03\/30\/covid-19-salgininin-ekonomik-etkilerini-azaltmak-adina-gayrimenkul-ve-turizm-alaninda-yeni-onlemler\/#article","isPartOf":{"@id":"https:\/\/www.esin.av.tr\/tr\/2020\/03\/30\/covid-19-salgininin-ekonomik-etkilerini-azaltmak-adina-gayrimenkul-ve-turizm-alaninda-yeni-onlemler\/"},"author":{"name":"R\u0131dvan Konrat","@id":"https:\/\/www.esin.av.tr\/tr\/#\/schema\/person\/42c8e616aab56b8622fa365ad63282ae"},"headline":"COVID-19 Salg\u0131n\u0131n\u0131n Ekonomik Etkilerini Azaltmak Ad\u0131na Gayrimenkul ve Turizm Alan\u0131nda Yeni \u00d6nlemler","datePublished":"2020-03-30T07:42:37+00:00","dateModified":"2022-06-09T12:46:19+00:00","mainEntityOfPage":{"@id":"https:\/\/www.esin.av.tr\/tr\/2020\/03\/30\/covid-19-salgininin-ekonomik-etkilerini-azaltmak-adina-gayrimenkul-ve-turizm-alaninda-yeni-onlemler\/"},"wordCount":511,"publisher":{"@id":"https:\/\/www.esin.av.tr\/tr\/#organization"},"keywords":["Gayrimenkul Hukuku"],"articleSection":["Hukuk B\u00fcltenleri","Covid-19"],"inLanguage":"tr"},{"@type":"WebPage","@id":"https:\/\/www.esin.av.tr\/tr\/2020\/03\/30\/covid-19-salgininin-ekonomik-etkilerini-azaltmak-adina-gayrimenkul-ve-turizm-alaninda-yeni-onlemler\/","url":"https:\/\/www.esin.av.tr\/tr\/2020\/03\/30\/covid-19-salgininin-ekonomik-etkilerini-azaltmak-adina-gayrimenkul-ve-turizm-alaninda-yeni-onlemler\/","name":"COVID-19 Salg\u0131n\u0131n\u0131n Ekonomik Etkilerini Azaltmak Ad\u0131na Gayrimenkul ve Turizm Alan\u0131nda Yeni \u00d6nlemler","isPartOf":{"@id":"https:\/\/www.esin.av.tr\/tr\/#website"},"datePublished":"2020-03-30T07:42:37+00:00","dateModified":"2022-06-09T12:46:19+00:00","description":"7226 say\u0131l\u0131 Baz\u0131 Kanunlarda De\u011fi\u015fiklik Yap\u0131lmas\u0131na Dair Kanun (\u201cKanun\u201d) 31080 say\u0131l\u0131 m\u00fckerrer Resmi Gazete'de 26 Mart 2020 tarihinde yay\u0131mland\u0131. Kanun\u2019da","breadcrumb":{"@id":"https:\/\/www.esin.av.tr\/tr\/2020\/03\/30\/covid-19-salgininin-ekonomik-etkilerini-azaltmak-adina-gayrimenkul-ve-turizm-alaninda-yeni-onlemler\/#breadcrumb"},"inLanguage":"tr","potentialAction":[{"@type":"ReadAction","target":["https:\/\/www.esin.av.tr\/tr\/2020\/03\/30\/covid-19-salgininin-ekonomik-etkilerini-azaltmak-adina-gayrimenkul-ve-turizm-alaninda-yeni-onlemler\/"]}]},{"@type":"BreadcrumbList","@id":"https:\/\/www.esin.av.tr\/tr\/2020\/03\/30\/covid-19-salgininin-ekonomik-etkilerini-azaltmak-adina-gayrimenkul-ve-turizm-alaninda-yeni-onlemler\/#breadcrumb","itemListElement":[{"@type":"ListItem","position":1,"name":"Home","item":"https:\/\/www.esin.av.tr\/tr\/"},{"@type":"ListItem","position":2,"name":"COVID-19 Salg\u0131n\u0131n\u0131n Ekonomik Etkilerini Azaltmak Ad\u0131na Gayrimenkul ve Turizm Alan\u0131nda Yeni \u00d6nlemler"}]},{"@type":"WebSite","@id":"https:\/\/www.esin.av.tr\/tr\/#website","url":"https:\/\/www.esin.av.tr\/tr\/","name":"Esin Avukatl\u0131k Ortakl\u0131\u011f\u0131","description":"","publisher":{"@id":"https:\/\/www.esin.av.tr\/tr\/#organization"},"potentialAction":[{"@type":"SearchAction","target":{"@type":"EntryPoint","urlTemplate":"https:\/\/www.esin.av.tr\/tr\/?s={search_term_string}"},"query-input":{"@type":"PropertyValueSpecification","valueRequired":true,"valueName":"search_term_string"}}],"inLanguage":"tr"},{"@type":"Organization","@id":"https:\/\/www.esin.av.tr\/tr\/#organization","name":"Esin Avukatl\u0131k Ortakl\u0131\u011f\u0131","url":"https:\/\/www.esin.av.tr\/tr\/","logo":{"@type":"ImageObject","inLanguage":"tr","@id":"https:\/\/www.esin.av.tr\/tr\/#\/schema\/logo\/image\/","url":"https:\/\/www.esin.av.tr\/wp-content\/uploads\/2021\/09\/esin-2.jpg","contentUrl":"https:\/\/www.esin.av.tr\/wp-content\/uploads\/2021\/09\/esin-2.jpg","width":800,"height":460,"caption":"Esin Avukatl\u0131k Ortakl\u0131\u011f\u0131"},"image":{"@id":"https:\/\/www.esin.av.tr\/tr\/#\/schema\/logo\/image\/"}},{"@type":"Person","@id":"https:\/\/www.esin.av.tr\/tr\/#\/schema\/person\/42c8e616aab56b8622fa365ad63282ae","name":"R\u0131dvan Konrat","image":{"@type":"ImageObject","inLanguage":"tr","@id":"https:\/\/www.esin.av.tr\/tr\/#\/schema\/person\/image\/","url":"https:\/\/secure.gravatar.com\/avatar\/b20c6c583be38ed4e76e32f69fccc676?s=96&d=mm&r=g","contentUrl":"https:\/\/secure.gravatar.com\/avatar\/b20c6c583be38ed4e76e32f69fccc676?s=96&d=mm&r=g","caption":"R\u0131dvan Konrat"},"sameAs":["http:\/\/www.esin.av.tr"],"url":"https:\/\/www.esin.av.tr\/tr\/author\/rkonrat\/"}]}},"_links":{"self":[{"href":"https:\/\/www.esin.av.tr\/tr\/wp-json\/wp\/v2\/posts\/15240","targetHints":{"allow":["GET"]}}],"collection":[{"href":"https:\/\/www.esin.av.tr\/tr\/wp-json\/wp\/v2\/posts"}],"about":[{"href":"https:\/\/www.esin.av.tr\/tr\/wp-json\/wp\/v2\/types\/post"}],"author":[{"embeddable":true,"href":"https:\/\/www.esin.av.tr\/tr\/wp-json\/wp\/v2\/users\/4"}],"replies":[{"embeddable":true,"href":"https:\/\/www.esin.av.tr\/tr\/wp-json\/wp\/v2\/comments?post=15240"}],"version-history":[{"count":1,"href":"https:\/\/www.esin.av.tr\/tr\/wp-json\/wp\/v2\/posts\/15240\/revisions"}],"predecessor-version":[{"id":15241,"href":"https:\/\/www.esin.av.tr\/tr\/wp-json\/wp\/v2\/posts\/15240\/revisions\/15241"}],"wp:attachment":[{"href":"https:\/\/www.esin.av.tr\/tr\/wp-json\/wp\/v2\/media?parent=15240"}],"wp:term":[{"taxonomy":"category","embeddable":true,"href":"https:\/\/www.esin.av.tr\/tr\/wp-json\/wp\/v2\/categories?post=15240"},{"taxonomy":"post_tag","embeddable":true,"href":"https:\/\/www.esin.av.tr\/tr\/wp-json\/wp\/v2\/tags?post=15240"}],"curies":[{"name":"wp","href":"https:\/\/api.w.org\/{rel}","templated":true}]}}