{"id":15220,"date":"2020-03-27T14:22:36","date_gmt":"2020-03-27T14:22:36","guid":{"rendered":"https:\/\/www.esin.av.tr\/?p=15220"},"modified":"2022-06-09T12:46:24","modified_gmt":"2022-06-09T12:46:24","slug":"covid-19-ile-mucadele-surecinde-birim-doz-takibine-gecildi","status":"publish","type":"post","link":"https:\/\/www.esin.av.tr\/tr\/2020\/03\/27\/covid-19-ile-mucadele-surecinde-birim-doz-takibine-gecildi\/","title":{"rendered":"COVID-19 ile M\u00fccadele S\u00fcrecinde Birim Doz Takibine Ge\u00e7ildi"},"content":{"rendered":"<p><strong>Yeni Geli\u015fmeler<\/strong><\/p>\n<p>T\u00fcrkiye \u0130la\u00e7 ve T\u0131bbi Cihaz Kurumu (&#8220;<strong>Kurum<\/strong>&#8220;), 26 Mart 2020 tarihinde yapt\u0131\u011f\u0131 duyuruda COVID-19 pandemisi ile m\u00fccadele kapsam\u0131nda hastalar taraf\u0131ndan kullan\u0131lan belirli ila\u00e7lar\u0131n her birim dozu takibe al\u0131nd\u0131. Bu kapsamda hastanelerin ilgili ila\u00e7lar\u0131n \u0130la\u00e7 Takip Sistemi (\u0130TS) \u00fczerinden birim doz takibi bildirimlerinin yap\u0131lmas\u0131 zorunlu k\u0131l\u0131nd\u0131.<\/p>\n<p><strong>Ne De\u011fi\u015fecek?<\/strong><\/p>\n<p>Kurum, \u0130TS kapsam\u0131nda hastanelerde t\u00fcketimi yap\u0131lan ve COVID-19 tedavisinde kullan\u0131lan 6 kalem ila\u00e7 i\u00e7in birim doz takibine ge\u00e7ildi\u011fini duyurdu. Kurum&#8217;un yay\u0131mlad\u0131\u011f\u0131 ila\u00e7 listesine <u><a href=\"https:\/\/urldefense.com\/v3\/__https:\/esinxchange.com\/collect\/click.aspx?u=bWlWRUNKSzRhOG1yVi9TL0k4clVwTFBQdHRabjlFTnBPYzFuM3kwNTVpRFFSS2ZFRVNkOG5WeG5iK1Jkb3FMckkrdEtEV0t4SGRiR1NDK3NVazFnL3RjMnFQc0pJUUNoaFJqYlliNkNQeVJtQjkwSWRUNkdnQ29XejBZSWlFOGZIYm9SNDBBeDdIaHRQblBjTkY2cWxmL21GcWx2TlJzNmt5c1V6OUJSbEg0TFZFNWlnR0dnNzEyUDk3ZjY3WkpF&amp;rh=ff005d5aa214ee0abd877790654d9d37cbda8324__;!!Hj9Y_P0nvg!CWLkCpYwaC-XxWJl6H7_KDTNU6K1YxvJK9TAMfRnEN6fhv9gbllpm5BxXmBVmz1jLkVvnA$\">buradan<\/a><\/u> ula\u015fabilirsiniz.<\/p>\n<p>Kurum ayr\u0131ca, bildirimlerin yap\u0131lmas\u0131 i\u00e7in hastanelerin \u00f6zel olarak kulland\u0131\u011f\u0131 Sarf Bildirim Servisi&#8217;ne ilgili veri alanlar\u0131n\u0131n haz\u0131rland\u0131\u011f\u0131n\u0131 belirterek hastanelerin bir an \u00f6nce sarf bildirimlerini yapmaya ba\u015flamas\u0131 gerekti\u011fini duyurdu. Bu kapsamda Kurum, \u0130TS Birim \u0130la\u00e7 Sarf, Sarf \u0130ptal ve Geri \u00d6deme Kurumu Sarf Sorgulama servislerinin olu\u015fturulmas\u0131 i\u00e7in gerekli bilgilerin ve \u00f6rnek mesajlar\u0131n yer ald\u0131\u011f\u0131 \u0130TS Birim \u0130la\u00e7 Sarf Bildirimleri Dok\u00fcman\u0131&#8217;n\u0131 yay\u0131mlad\u0131. Dok\u00fcmana <u><a href=\"https:\/\/urldefense.com\/v3\/__https:\/esinxchange.com\/collect\/click.aspx?u=bWlWRUNKSzRhOG1yVi9TL0k4clVwTFBQdHRabjlFTnBPYzFuM3kwNTVpRFFSS2ZFRVNkOG5WeG5iK1Jkb3FMckkrdEtEV0t4SGRiR1NDK3NVazFnL3RjMnFQc0pJUUNoaFJqYlliNkNQeVJtQjkwSWRUNkdnQ29XejBZSWlFOGZ1S0k3ZU5KeWc4OXlJRnJpTEFZWDNSaDRKc1BybUVuaXJEQTVKQUNVbVYrNlJuWWZtQ09tL1B1c1p4czB2N1BW&amp;rh=ff005d5aa214ee0abd877790654d9d37cbda8324__;!!Hj9Y_P0nvg!CWLkCpYwaC-XxWJl6H7_KDTNU6K1YxvJK9TAMfRnEN6fhv9gbllpm5BxXmBVmz1xiGnnkQ$\">buradan<\/a><\/u> ula\u015fabilirsiniz.<\/p>\n<p>Birim doz takiplerine ili\u015fkin Kurum duyurusuna <u><a href=\"https:\/\/urldefense.com\/v3\/__https:\/esinxchange.com\/collect\/click.aspx?u=bWlWRUNKSzRhOG1yVi9TL0k4clVwTFBQdHRabjlFTnBPYzFuM3kwNTVpRFFSS2ZFRVNkOG5WeG5iK1Jkb3FMckkrdEtEV0t4SGRiR1NDK3NVazFnL3RjMnFQc0pJUUNoaFJqYlliNkNQeVJtQjkwSWRUNkdnQTBNbTZCelpRaWp1NTJJb0laVy9PSmVQQUpFdERjOCtOQUNOZXhGQytpWThReFZoS2J0ZkR2ZWVQSkU0aTlBYW1keTVEL3lZL1Zt&amp;rh=ff005d5aa214ee0abd877790654d9d37cbda8324__;!!Hj9Y_P0nvg!CWLkCpYwaC-XxWJl6H7_KDTNU6K1YxvJK9TAMfRnEN6fhv9gbllpm5BxXmBVmz0wiDgMOw$\">buradan<\/a><\/u> ula\u015fabilirsiniz.<\/p>\n<p><strong>Sonu\u00e7<\/strong><\/p>\n<p>Kurum, COVID-19 salg\u0131n\u0131n\u0131n \u00f6nlenmesine ili\u015fkin \u00e7al\u0131\u015fmalar\u0131n\u0131 s\u00fcrd\u00fcr\u00fcyor. T\u00fcm sa\u011fl\u0131k hizmeti sunucular\u0131, Kurum&#8217;un y\u00f6nlendirmeleri do\u011frultusunda \u0130TS bildirimlerini yapmal\u0131, Kurum&#8217;un bu konudaki duyuru ve a\u00e7\u0131klamalar\u0131n\u0131 takip etmelidir.<\/p>\n","protected":false},"excerpt":{"rendered":"<p>Yeni Geli\u015fmeler T\u00fcrkiye \u0130la\u00e7 ve T\u0131bbi Cihaz Kurumu (&#8220;Kurum&#8220;), 26 Mart 2020 tarihinde yapt\u0131\u011f\u0131 duyuruda COVID-19 pandemisi ile m\u00fccadele kapsam\u0131nda [&hellip;]<\/p>\n","protected":false},"author":4,"featured_media":0,"comment_status":"closed","ping_status":"closed","sticky":false,"template":"","format":"standard","meta":{"_acf_changed":false,"_stopmodifiedupdate":false,"_modified_date":"","footnotes":""},"categories":[120,149],"tags":[92],"class_list":["post-15220","post","type-post","status-publish","format-standard","hentry","category-legal-alerts","category-covid-19-tr","tag-healthcare-tr"],"acf":[],"yoast_head":"<!-- This site is optimized with the Yoast SEO plugin v24.0 - https:\/\/yoast.com\/wordpress\/plugins\/seo\/ -->\n<title>COVID-19 ile M\u00fccadele S\u00fcrecinde Birim Doz Takibine Ge\u00e7ildi<\/title>\n<meta name=\"description\" content=\"Yeni Geli\u015fmeler T\u00fcrkiye \u0130la\u00e7 ve T\u0131bbi Cihaz Kurumu (&quot;Kurum&quot;), 26 Mart 2020 tarihinde yapt\u0131\u011f\u0131 duyuruda COVID-19 pandemisi ile m\u00fccadele kapsam\u0131nda hastalar\" \/>\n<meta name=\"robots\" content=\"index, follow, max-snippet:-1, max-image-preview:large, max-video-preview:-1\" \/>\n<link rel=\"canonical\" href=\"https:\/\/www.esin.av.tr\/tr\/2020\/03\/27\/covid-19-ile-mucadele-surecinde-birim-doz-takibine-gecildi\/\" \/>\n<meta property=\"og:locale\" content=\"tr_TR\" \/>\n<meta property=\"og:type\" content=\"article\" \/>\n<meta property=\"og:title\" content=\"COVID-19 ile M\u00fccadele S\u00fcrecinde Birim Doz Takibine Ge\u00e7ildi\" \/>\n<meta property=\"og:description\" content=\"Yeni Geli\u015fmeler T\u00fcrkiye \u0130la\u00e7 ve T\u0131bbi Cihaz Kurumu (&quot;Kurum&quot;), 26 Mart 2020 tarihinde yapt\u0131\u011f\u0131 duyuruda COVID-19 pandemisi ile m\u00fccadele kapsam\u0131nda hastalar\" \/>\n<meta property=\"og:url\" content=\"https:\/\/www.esin.av.tr\/tr\/2020\/03\/27\/covid-19-ile-mucadele-surecinde-birim-doz-takibine-gecildi\/\" \/>\n<meta property=\"og:site_name\" content=\"Esin Avukatl\u0131k Ortakl\u0131\u011f\u0131\" \/>\n<meta property=\"article:published_time\" content=\"2020-03-27T14:22:36+00:00\" \/>\n<meta property=\"article:modified_time\" content=\"2022-06-09T12:46:24+00:00\" \/>\n<meta name=\"author\" content=\"R\u0131dvan Konrat\" \/>\n<meta name=\"twitter:card\" content=\"summary_large_image\" \/>\n<meta name=\"twitter:label1\" content=\"Written by\" \/>\n\t<meta name=\"twitter:data1\" content=\"R\u0131dvan Konrat\" \/>\n\t<meta name=\"twitter:label2\" content=\"Est. reading time\" \/>\n\t<meta name=\"twitter:data2\" content=\"1 minute\" \/>\n<script type=\"application\/ld+json\" class=\"yoast-schema-graph\">{\"@context\":\"https:\/\/schema.org\",\"@graph\":[{\"@type\":\"Article\",\"@id\":\"https:\/\/www.esin.av.tr\/tr\/2020\/03\/27\/covid-19-ile-mucadele-surecinde-birim-doz-takibine-gecildi\/#article\",\"isPartOf\":{\"@id\":\"https:\/\/www.esin.av.tr\/tr\/2020\/03\/27\/covid-19-ile-mucadele-surecinde-birim-doz-takibine-gecildi\/\"},\"author\":{\"name\":\"R\u0131dvan Konrat\",\"@id\":\"https:\/\/www.esin.av.tr\/tr\/#\/schema\/person\/42c8e616aab56b8622fa365ad63282ae\"},\"headline\":\"COVID-19 ile M\u00fccadele S\u00fcrecinde Birim Doz Takibine Ge\u00e7ildi\",\"datePublished\":\"2020-03-27T14:22:36+00:00\",\"dateModified\":\"2022-06-09T12:46:24+00:00\",\"mainEntityOfPage\":{\"@id\":\"https:\/\/www.esin.av.tr\/tr\/2020\/03\/27\/covid-19-ile-mucadele-surecinde-birim-doz-takibine-gecildi\/\"},\"wordCount\":243,\"publisher\":{\"@id\":\"https:\/\/www.esin.av.tr\/tr\/#organization\"},\"keywords\":[\"Sa\u011fl\u0131k Hukuku\"],\"articleSection\":[\"Hukuk B\u00fcltenleri\",\"Covid-19\"],\"inLanguage\":\"tr\"},{\"@type\":\"WebPage\",\"@id\":\"https:\/\/www.esin.av.tr\/tr\/2020\/03\/27\/covid-19-ile-mucadele-surecinde-birim-doz-takibine-gecildi\/\",\"url\":\"https:\/\/www.esin.av.tr\/tr\/2020\/03\/27\/covid-19-ile-mucadele-surecinde-birim-doz-takibine-gecildi\/\",\"name\":\"COVID-19 ile M\u00fccadele S\u00fcrecinde Birim Doz Takibine Ge\u00e7ildi\",\"isPartOf\":{\"@id\":\"https:\/\/www.esin.av.tr\/tr\/#website\"},\"datePublished\":\"2020-03-27T14:22:36+00:00\",\"dateModified\":\"2022-06-09T12:46:24+00:00\",\"description\":\"Yeni Geli\u015fmeler T\u00fcrkiye \u0130la\u00e7 ve T\u0131bbi Cihaz Kurumu (\\\"Kurum\\\"), 26 Mart 2020 tarihinde yapt\u0131\u011f\u0131 duyuruda COVID-19 pandemisi ile m\u00fccadele kapsam\u0131nda hastalar\",\"breadcrumb\":{\"@id\":\"https:\/\/www.esin.av.tr\/tr\/2020\/03\/27\/covid-19-ile-mucadele-surecinde-birim-doz-takibine-gecildi\/#breadcrumb\"},\"inLanguage\":\"tr\",\"potentialAction\":[{\"@type\":\"ReadAction\",\"target\":[\"https:\/\/www.esin.av.tr\/tr\/2020\/03\/27\/covid-19-ile-mucadele-surecinde-birim-doz-takibine-gecildi\/\"]}]},{\"@type\":\"BreadcrumbList\",\"@id\":\"https:\/\/www.esin.av.tr\/tr\/2020\/03\/27\/covid-19-ile-mucadele-surecinde-birim-doz-takibine-gecildi\/#breadcrumb\",\"itemListElement\":[{\"@type\":\"ListItem\",\"position\":1,\"name\":\"Home\",\"item\":\"https:\/\/www.esin.av.tr\/tr\/\"},{\"@type\":\"ListItem\",\"position\":2,\"name\":\"COVID-19 ile M\u00fccadele S\u00fcrecinde Birim Doz Takibine Ge\u00e7ildi\"}]},{\"@type\":\"WebSite\",\"@id\":\"https:\/\/www.esin.av.tr\/tr\/#website\",\"url\":\"https:\/\/www.esin.av.tr\/tr\/\",\"name\":\"Esin Avukatl\u0131k Ortakl\u0131\u011f\u0131\",\"description\":\"\",\"publisher\":{\"@id\":\"https:\/\/www.esin.av.tr\/tr\/#organization\"},\"potentialAction\":[{\"@type\":\"SearchAction\",\"target\":{\"@type\":\"EntryPoint\",\"urlTemplate\":\"https:\/\/www.esin.av.tr\/tr\/?s={search_term_string}\"},\"query-input\":{\"@type\":\"PropertyValueSpecification\",\"valueRequired\":true,\"valueName\":\"search_term_string\"}}],\"inLanguage\":\"tr\"},{\"@type\":\"Organization\",\"@id\":\"https:\/\/www.esin.av.tr\/tr\/#organization\",\"name\":\"Esin Avukatl\u0131k Ortakl\u0131\u011f\u0131\",\"url\":\"https:\/\/www.esin.av.tr\/tr\/\",\"logo\":{\"@type\":\"ImageObject\",\"inLanguage\":\"tr\",\"@id\":\"https:\/\/www.esin.av.tr\/tr\/#\/schema\/logo\/image\/\",\"url\":\"https:\/\/www.esin.av.tr\/wp-content\/uploads\/2021\/09\/esin-2.jpg\",\"contentUrl\":\"https:\/\/www.esin.av.tr\/wp-content\/uploads\/2021\/09\/esin-2.jpg\",\"width\":800,\"height\":460,\"caption\":\"Esin Avukatl\u0131k Ortakl\u0131\u011f\u0131\"},\"image\":{\"@id\":\"https:\/\/www.esin.av.tr\/tr\/#\/schema\/logo\/image\/\"}},{\"@type\":\"Person\",\"@id\":\"https:\/\/www.esin.av.tr\/tr\/#\/schema\/person\/42c8e616aab56b8622fa365ad63282ae\",\"name\":\"R\u0131dvan Konrat\",\"image\":{\"@type\":\"ImageObject\",\"inLanguage\":\"tr\",\"@id\":\"https:\/\/www.esin.av.tr\/tr\/#\/schema\/person\/image\/\",\"url\":\"https:\/\/secure.gravatar.com\/avatar\/b20c6c583be38ed4e76e32f69fccc676?s=96&d=mm&r=g\",\"contentUrl\":\"https:\/\/secure.gravatar.com\/avatar\/b20c6c583be38ed4e76e32f69fccc676?s=96&d=mm&r=g\",\"caption\":\"R\u0131dvan Konrat\"},\"sameAs\":[\"http:\/\/www.esin.av.tr\"],\"url\":\"https:\/\/www.esin.av.tr\/tr\/author\/rkonrat\/\"}]}<\/script>\n<!-- \/ Yoast SEO plugin. -->","yoast_head_json":{"title":"COVID-19 ile M\u00fccadele S\u00fcrecinde Birim Doz Takibine Ge\u00e7ildi","description":"Yeni Geli\u015fmeler T\u00fcrkiye \u0130la\u00e7 ve T\u0131bbi Cihaz Kurumu (\"Kurum\"), 26 Mart 2020 tarihinde yapt\u0131\u011f\u0131 duyuruda COVID-19 pandemisi ile m\u00fccadele kapsam\u0131nda hastalar","robots":{"index":"index","follow":"follow","max-snippet":"max-snippet:-1","max-image-preview":"max-image-preview:large","max-video-preview":"max-video-preview:-1"},"canonical":"https:\/\/www.esin.av.tr\/tr\/2020\/03\/27\/covid-19-ile-mucadele-surecinde-birim-doz-takibine-gecildi\/","og_locale":"tr_TR","og_type":"article","og_title":"COVID-19 ile M\u00fccadele S\u00fcrecinde Birim Doz Takibine Ge\u00e7ildi","og_description":"Yeni Geli\u015fmeler T\u00fcrkiye \u0130la\u00e7 ve T\u0131bbi Cihaz Kurumu (\"Kurum\"), 26 Mart 2020 tarihinde yapt\u0131\u011f\u0131 duyuruda COVID-19 pandemisi ile m\u00fccadele kapsam\u0131nda hastalar","og_url":"https:\/\/www.esin.av.tr\/tr\/2020\/03\/27\/covid-19-ile-mucadele-surecinde-birim-doz-takibine-gecildi\/","og_site_name":"Esin Avukatl\u0131k Ortakl\u0131\u011f\u0131","article_published_time":"2020-03-27T14:22:36+00:00","article_modified_time":"2022-06-09T12:46:24+00:00","author":"R\u0131dvan Konrat","twitter_card":"summary_large_image","twitter_misc":{"Written by":"R\u0131dvan Konrat","Est. reading time":"1 minute"},"schema":{"@context":"https:\/\/schema.org","@graph":[{"@type":"Article","@id":"https:\/\/www.esin.av.tr\/tr\/2020\/03\/27\/covid-19-ile-mucadele-surecinde-birim-doz-takibine-gecildi\/#article","isPartOf":{"@id":"https:\/\/www.esin.av.tr\/tr\/2020\/03\/27\/covid-19-ile-mucadele-surecinde-birim-doz-takibine-gecildi\/"},"author":{"name":"R\u0131dvan Konrat","@id":"https:\/\/www.esin.av.tr\/tr\/#\/schema\/person\/42c8e616aab56b8622fa365ad63282ae"},"headline":"COVID-19 ile M\u00fccadele S\u00fcrecinde Birim Doz Takibine Ge\u00e7ildi","datePublished":"2020-03-27T14:22:36+00:00","dateModified":"2022-06-09T12:46:24+00:00","mainEntityOfPage":{"@id":"https:\/\/www.esin.av.tr\/tr\/2020\/03\/27\/covid-19-ile-mucadele-surecinde-birim-doz-takibine-gecildi\/"},"wordCount":243,"publisher":{"@id":"https:\/\/www.esin.av.tr\/tr\/#organization"},"keywords":["Sa\u011fl\u0131k Hukuku"],"articleSection":["Hukuk B\u00fcltenleri","Covid-19"],"inLanguage":"tr"},{"@type":"WebPage","@id":"https:\/\/www.esin.av.tr\/tr\/2020\/03\/27\/covid-19-ile-mucadele-surecinde-birim-doz-takibine-gecildi\/","url":"https:\/\/www.esin.av.tr\/tr\/2020\/03\/27\/covid-19-ile-mucadele-surecinde-birim-doz-takibine-gecildi\/","name":"COVID-19 ile M\u00fccadele S\u00fcrecinde Birim Doz Takibine Ge\u00e7ildi","isPartOf":{"@id":"https:\/\/www.esin.av.tr\/tr\/#website"},"datePublished":"2020-03-27T14:22:36+00:00","dateModified":"2022-06-09T12:46:24+00:00","description":"Yeni Geli\u015fmeler T\u00fcrkiye \u0130la\u00e7 ve T\u0131bbi Cihaz Kurumu (\"Kurum\"), 26 Mart 2020 tarihinde yapt\u0131\u011f\u0131 duyuruda COVID-19 pandemisi ile m\u00fccadele kapsam\u0131nda hastalar","breadcrumb":{"@id":"https:\/\/www.esin.av.tr\/tr\/2020\/03\/27\/covid-19-ile-mucadele-surecinde-birim-doz-takibine-gecildi\/#breadcrumb"},"inLanguage":"tr","potentialAction":[{"@type":"ReadAction","target":["https:\/\/www.esin.av.tr\/tr\/2020\/03\/27\/covid-19-ile-mucadele-surecinde-birim-doz-takibine-gecildi\/"]}]},{"@type":"BreadcrumbList","@id":"https:\/\/www.esin.av.tr\/tr\/2020\/03\/27\/covid-19-ile-mucadele-surecinde-birim-doz-takibine-gecildi\/#breadcrumb","itemListElement":[{"@type":"ListItem","position":1,"name":"Home","item":"https:\/\/www.esin.av.tr\/tr\/"},{"@type":"ListItem","position":2,"name":"COVID-19 ile M\u00fccadele S\u00fcrecinde Birim Doz Takibine Ge\u00e7ildi"}]},{"@type":"WebSite","@id":"https:\/\/www.esin.av.tr\/tr\/#website","url":"https:\/\/www.esin.av.tr\/tr\/","name":"Esin Avukatl\u0131k Ortakl\u0131\u011f\u0131","description":"","publisher":{"@id":"https:\/\/www.esin.av.tr\/tr\/#organization"},"potentialAction":[{"@type":"SearchAction","target":{"@type":"EntryPoint","urlTemplate":"https:\/\/www.esin.av.tr\/tr\/?s={search_term_string}"},"query-input":{"@type":"PropertyValueSpecification","valueRequired":true,"valueName":"search_term_string"}}],"inLanguage":"tr"},{"@type":"Organization","@id":"https:\/\/www.esin.av.tr\/tr\/#organization","name":"Esin Avukatl\u0131k Ortakl\u0131\u011f\u0131","url":"https:\/\/www.esin.av.tr\/tr\/","logo":{"@type":"ImageObject","inLanguage":"tr","@id":"https:\/\/www.esin.av.tr\/tr\/#\/schema\/logo\/image\/","url":"https:\/\/www.esin.av.tr\/wp-content\/uploads\/2021\/09\/esin-2.jpg","contentUrl":"https:\/\/www.esin.av.tr\/wp-content\/uploads\/2021\/09\/esin-2.jpg","width":800,"height":460,"caption":"Esin Avukatl\u0131k Ortakl\u0131\u011f\u0131"},"image":{"@id":"https:\/\/www.esin.av.tr\/tr\/#\/schema\/logo\/image\/"}},{"@type":"Person","@id":"https:\/\/www.esin.av.tr\/tr\/#\/schema\/person\/42c8e616aab56b8622fa365ad63282ae","name":"R\u0131dvan Konrat","image":{"@type":"ImageObject","inLanguage":"tr","@id":"https:\/\/www.esin.av.tr\/tr\/#\/schema\/person\/image\/","url":"https:\/\/secure.gravatar.com\/avatar\/b20c6c583be38ed4e76e32f69fccc676?s=96&d=mm&r=g","contentUrl":"https:\/\/secure.gravatar.com\/avatar\/b20c6c583be38ed4e76e32f69fccc676?s=96&d=mm&r=g","caption":"R\u0131dvan Konrat"},"sameAs":["http:\/\/www.esin.av.tr"],"url":"https:\/\/www.esin.av.tr\/tr\/author\/rkonrat\/"}]}},"_links":{"self":[{"href":"https:\/\/www.esin.av.tr\/tr\/wp-json\/wp\/v2\/posts\/15220","targetHints":{"allow":["GET"]}}],"collection":[{"href":"https:\/\/www.esin.av.tr\/tr\/wp-json\/wp\/v2\/posts"}],"about":[{"href":"https:\/\/www.esin.av.tr\/tr\/wp-json\/wp\/v2\/types\/post"}],"author":[{"embeddable":true,"href":"https:\/\/www.esin.av.tr\/tr\/wp-json\/wp\/v2\/users\/4"}],"replies":[{"embeddable":true,"href":"https:\/\/www.esin.av.tr\/tr\/wp-json\/wp\/v2\/comments?post=15220"}],"version-history":[{"count":1,"href":"https:\/\/www.esin.av.tr\/tr\/wp-json\/wp\/v2\/posts\/15220\/revisions"}],"predecessor-version":[{"id":15221,"href":"https:\/\/www.esin.av.tr\/tr\/wp-json\/wp\/v2\/posts\/15220\/revisions\/15221"}],"wp:attachment":[{"href":"https:\/\/www.esin.av.tr\/tr\/wp-json\/wp\/v2\/media?parent=15220"}],"wp:term":[{"taxonomy":"category","embeddable":true,"href":"https:\/\/www.esin.av.tr\/tr\/wp-json\/wp\/v2\/categories?post=15220"},{"taxonomy":"post_tag","embeddable":true,"href":"https:\/\/www.esin.av.tr\/tr\/wp-json\/wp\/v2\/tags?post=15220"}],"curies":[{"name":"wp","href":"https:\/\/api.w.org\/{rel}","templated":true}]}}