{"id":15134,"date":"2020-03-25T14:54:54","date_gmt":"2020-03-25T14:54:54","guid":{"rendered":"https:\/\/www.esin.av.tr\/?p=15134"},"modified":"2022-06-09T12:46:40","modified_gmt":"2022-06-09T12:46:40","slug":"geri-kazanim-katilim-beyannamelerine-iliskin-yeni-duzenleme","status":"publish","type":"post","link":"https:\/\/www.esin.av.tr\/tr\/2020\/03\/25\/geri-kazanim-katilim-beyannamelerine-iliskin-yeni-duzenleme\/","title":{"rendered":"Geri Kazan\u0131m Kat\u0131l\u0131m Beyannamelerine \u0130li\u015fkin Yeni D\u00fczenleme"},"content":{"rendered":"<p><strong>Yeni Geli\u015fmeler<\/strong><\/p>\n<p>Hazine ve Maliye Bakanl\u0131\u011f\u0131 (&#8220;<strong>Bakanl\u0131k<\/strong>&#8220;), 22 Mart 2020 tarihinde Geri Kazan\u0131m Kat\u0131l\u0131m Pay\u0131 Beyannamesi Genel Tebli\u011f&#8217;inde (&#8220;<strong>Tebli\u011f<\/strong>&#8220;) de\u011fi\u015fiklikler yaparak, \u00c7evre Kanunu&#8217;na ekli (1) say\u0131l\u0131 listede bulunan \u00fcr\u00fcnler i\u00e7in \u00f6denecek geri kazan\u0131m kat\u0131l\u0131m pay\u0131 beyan d\u00f6nemlerini belirledi. De\u011fi\u015fikli\u011fe tabi olacak \u00fcr\u00fcnler aras\u0131nda plastik po\u015fetler de bulunuyor.<\/p>\n<p><strong>Ne De\u011fi\u015fecek?<\/strong><\/p>\n<p>\u00c7evre Kanunu kapsam\u0131nda, plastik po\u015fet ve Kanun&#8217;da listelenen di\u011fer \u00fcr\u00fcnleri piyasaya arz eden sat\u0131\u015f noktalar\u0131 ile piyasaya arz eden\/ithalat\u00e7\u0131lar\u0131n, ilgili vergi dairelerine geri kazan\u0131m kat\u0131l\u0131m pay\u0131 beyan\u0131nda bulunmalar\u0131 gerekmektedir. Bakanl\u0131k, Tebli\u011f&#8217;de yapt\u0131\u011f\u0131 de\u011fi\u015fiklikler ile, beyan d\u00f6nemlerini yeniden d\u00fczenledi.<\/p>\n<p>M\u00fclga d\u00fczenlemede beyan d\u00f6nemleri, kurumlar vergisi m\u00fckellefleri i\u00e7in ayl\u0131k, di\u011fer m\u00fckellefler i\u00e7in \u00fc\u00e7 ayl\u0131k olarak belirlenmi\u015fti. Yeni d\u00fczenlemede bu ayr\u0131m ortadan kald\u0131r\u0131ld\u0131 ve beyan d\u00f6nemleri 2020 y\u0131l\u0131 i\u00e7in alt\u0131 ayl\u0131k, 2021 y\u0131l\u0131 ve devam\u0131 i\u00e7in \u00fc\u00e7 ayl\u0131k olarak belirlendi. Bakanl\u0131k, yap\u0131lan de\u011fi\u015fiklikler do\u011frultusunda Tebli\u011f&#8217;in 4. ve 12\/B maddelerinde yer alan \u00f6rnekleri de g\u00fcncelledi.<\/p>\n<p>Ayr\u0131ca, Ocak\/2020 ve \u015eubat\/2020 d\u00f6nemleri i\u00e7in beyanname veren m\u00fckelleflerin 2020 y\u0131l\u0131n\u0131n ilk alt\u0131 ayl\u0131k d\u00f6nemi i\u00e7in verecekleri beyannamelere daha \u00f6nce beyanname erdikleri d\u00f6nemlere ili\u015fkin bilgileri dahil etmeleri gerekmeyecek.<\/p>\n<p>Tebli\u011f&#8217;de yap\u0131lan de\u011fi\u015fikliklere <u><a href=\"https:\/\/urldefense.com\/v3\/__https:\/esinxchange.com\/collect\/click.aspx?u=RHNsNlAyTnQ4eDBhL3gyWVVMMG02Tk1tQ3ZyOG01b2IvSVNJdUNseW85TTNVS2p1QzNxZmZ1M1dqZjZMNktlU3Z1MHFmWEk3T1A2K3drVFR6U2dMZzBmYlBNQnRWeXo1cFI4NXJENnhRRHV3eWUvUFI4Rzh6Z1VmZGNKbzJ4VGc=&amp;rh=ff005d16902b2c0d96d41e24014295bd8be80b0a__;!!Hj9Y_P0nvg!F34ZgeZYRo9jfoOkMBYpDPSuyHToIptI4G6uHr5sBDwgAL3_kLfkP_W3cKbW_dDCFwIzIg$\">buradan<\/a><\/u> ula\u015fabilirsiniz.<\/p>\n<p><strong>Sonu\u00e7<\/strong><\/p>\n<p>Bakanl\u0131k, Tebli\u011f&#8217;de yapt\u0131\u011f\u0131 de\u011fi\u015fiklikler kapsam\u0131nda geri kazan\u0131m kat\u0131l\u0131m pay\u0131 beyan d\u00f6nemlerini uzatt\u0131. Plastik po\u015fet ve \u00c7evre Kanunu&#8217;nda \u00f6ng\u00f6r\u00fclen di\u011fer \u00fcr\u00fcnleri piyasaya arz eden t\u00fcm sat\u0131\u015f noktalar\u0131 ve ithalat\u00e7\u0131lar, Tebli\u011f&#8217;de yap\u0131lan de\u011fi\u015fiklikleri dikkatle incelemeli, Geri Kazan\u0131m Kat\u0131l\u0131m Pay\u0131 Beyannamelerini Tebli\u011f&#8217;de \u00f6ng\u00f6r\u00fclen s\u00fcrelere uygun \u015fekilde ilgili vergi dairelerine sunmal\u0131d\u0131r.<\/p>\n","protected":false},"excerpt":{"rendered":"<p>Yeni Geli\u015fmeler Hazine ve Maliye Bakanl\u0131\u011f\u0131 (&#8220;Bakanl\u0131k&#8220;), 22 Mart 2020 tarihinde Geri Kazan\u0131m Kat\u0131l\u0131m Pay\u0131 Beyannamesi Genel Tebli\u011f&#8217;inde (&#8220;Tebli\u011f&#8220;) de\u011fi\u015fiklikler [&hellip;]<\/p>\n","protected":false},"author":4,"featured_media":0,"comment_status":"closed","ping_status":"closed","sticky":false,"template":"","format":"standard","meta":{"_acf_changed":false,"_stopmodifiedupdate":false,"_modified_date":"","footnotes":""},"categories":[120],"tags":[95],"class_list":["post-15134","post","type-post","status-publish","format-standard","hentry","category-legal-alerts","tag-tax-tr"],"acf":[],"yoast_head":"<!-- This site is optimized with the Yoast SEO plugin v24.0 - https:\/\/yoast.com\/wordpress\/plugins\/seo\/ -->\n<title>Geri Kazan\u0131m Kat\u0131l\u0131m Beyannamelerine \u0130li\u015fkin Yeni D\u00fczenleme<\/title>\n<meta name=\"description\" content=\"Yeni Geli\u015fmeler Hazine ve Maliye Bakanl\u0131\u011f\u0131 (&quot;Bakanl\u0131k&quot;), 22 Mart 2020 tarihinde Geri Kazan\u0131m Kat\u0131l\u0131m Pay\u0131 Beyannamesi Genel Tebli\u011f&#039;inde (&quot;Tebli\u011f&quot;)\" \/>\n<meta name=\"robots\" content=\"index, follow, max-snippet:-1, max-image-preview:large, max-video-preview:-1\" \/>\n<link rel=\"canonical\" href=\"https:\/\/www.esin.av.tr\/tr\/2020\/03\/25\/geri-kazanim-katilim-beyannamelerine-iliskin-yeni-duzenleme\/\" \/>\n<meta property=\"og:locale\" content=\"tr_TR\" \/>\n<meta property=\"og:type\" content=\"article\" \/>\n<meta property=\"og:title\" content=\"Geri Kazan\u0131m Kat\u0131l\u0131m Beyannamelerine \u0130li\u015fkin Yeni D\u00fczenleme\" \/>\n<meta property=\"og:description\" content=\"Yeni Geli\u015fmeler Hazine ve Maliye Bakanl\u0131\u011f\u0131 (&quot;Bakanl\u0131k&quot;), 22 Mart 2020 tarihinde Geri Kazan\u0131m Kat\u0131l\u0131m Pay\u0131 Beyannamesi Genel Tebli\u011f&#039;inde (&quot;Tebli\u011f&quot;)\" \/>\n<meta property=\"og:url\" content=\"https:\/\/www.esin.av.tr\/tr\/2020\/03\/25\/geri-kazanim-katilim-beyannamelerine-iliskin-yeni-duzenleme\/\" \/>\n<meta property=\"og:site_name\" content=\"Esin Avukatl\u0131k Ortakl\u0131\u011f\u0131\" \/>\n<meta property=\"article:published_time\" content=\"2020-03-25T14:54:54+00:00\" \/>\n<meta property=\"article:modified_time\" content=\"2022-06-09T12:46:40+00:00\" \/>\n<meta name=\"author\" content=\"R\u0131dvan Konrat\" \/>\n<meta name=\"twitter:card\" content=\"summary_large_image\" \/>\n<meta name=\"twitter:label1\" content=\"Written by\" \/>\n\t<meta name=\"twitter:data1\" content=\"R\u0131dvan Konrat\" \/>\n\t<meta name=\"twitter:label2\" content=\"Est. reading time\" \/>\n\t<meta name=\"twitter:data2\" content=\"2 minutes\" \/>\n<script type=\"application\/ld+json\" class=\"yoast-schema-graph\">{\"@context\":\"https:\/\/schema.org\",\"@graph\":[{\"@type\":\"Article\",\"@id\":\"https:\/\/www.esin.av.tr\/tr\/2020\/03\/25\/geri-kazanim-katilim-beyannamelerine-iliskin-yeni-duzenleme\/#article\",\"isPartOf\":{\"@id\":\"https:\/\/www.esin.av.tr\/tr\/2020\/03\/25\/geri-kazanim-katilim-beyannamelerine-iliskin-yeni-duzenleme\/\"},\"author\":{\"name\":\"R\u0131dvan Konrat\",\"@id\":\"https:\/\/www.esin.av.tr\/tr\/#\/schema\/person\/42c8e616aab56b8622fa365ad63282ae\"},\"headline\":\"Geri Kazan\u0131m Kat\u0131l\u0131m Beyannamelerine \u0130li\u015fkin Yeni D\u00fczenleme\",\"datePublished\":\"2020-03-25T14:54:54+00:00\",\"dateModified\":\"2022-06-09T12:46:40+00:00\",\"mainEntityOfPage\":{\"@id\":\"https:\/\/www.esin.av.tr\/tr\/2020\/03\/25\/geri-kazanim-katilim-beyannamelerine-iliskin-yeni-duzenleme\/\"},\"wordCount\":342,\"publisher\":{\"@id\":\"https:\/\/www.esin.av.tr\/tr\/#organization\"},\"keywords\":[\"Vergi\"],\"articleSection\":[\"Hukuk B\u00fcltenleri\"],\"inLanguage\":\"tr\"},{\"@type\":\"WebPage\",\"@id\":\"https:\/\/www.esin.av.tr\/tr\/2020\/03\/25\/geri-kazanim-katilim-beyannamelerine-iliskin-yeni-duzenleme\/\",\"url\":\"https:\/\/www.esin.av.tr\/tr\/2020\/03\/25\/geri-kazanim-katilim-beyannamelerine-iliskin-yeni-duzenleme\/\",\"name\":\"Geri Kazan\u0131m Kat\u0131l\u0131m Beyannamelerine \u0130li\u015fkin Yeni D\u00fczenleme\",\"isPartOf\":{\"@id\":\"https:\/\/www.esin.av.tr\/tr\/#website\"},\"datePublished\":\"2020-03-25T14:54:54+00:00\",\"dateModified\":\"2022-06-09T12:46:40+00:00\",\"description\":\"Yeni Geli\u015fmeler Hazine ve Maliye Bakanl\u0131\u011f\u0131 (\\\"Bakanl\u0131k\\\"), 22 Mart 2020 tarihinde Geri Kazan\u0131m Kat\u0131l\u0131m Pay\u0131 Beyannamesi Genel Tebli\u011f'inde (\\\"Tebli\u011f\\\")\",\"breadcrumb\":{\"@id\":\"https:\/\/www.esin.av.tr\/tr\/2020\/03\/25\/geri-kazanim-katilim-beyannamelerine-iliskin-yeni-duzenleme\/#breadcrumb\"},\"inLanguage\":\"tr\",\"potentialAction\":[{\"@type\":\"ReadAction\",\"target\":[\"https:\/\/www.esin.av.tr\/tr\/2020\/03\/25\/geri-kazanim-katilim-beyannamelerine-iliskin-yeni-duzenleme\/\"]}]},{\"@type\":\"BreadcrumbList\",\"@id\":\"https:\/\/www.esin.av.tr\/tr\/2020\/03\/25\/geri-kazanim-katilim-beyannamelerine-iliskin-yeni-duzenleme\/#breadcrumb\",\"itemListElement\":[{\"@type\":\"ListItem\",\"position\":1,\"name\":\"Home\",\"item\":\"https:\/\/www.esin.av.tr\/tr\/\"},{\"@type\":\"ListItem\",\"position\":2,\"name\":\"Geri Kazan\u0131m Kat\u0131l\u0131m Beyannamelerine \u0130li\u015fkin Yeni D\u00fczenleme\"}]},{\"@type\":\"WebSite\",\"@id\":\"https:\/\/www.esin.av.tr\/tr\/#website\",\"url\":\"https:\/\/www.esin.av.tr\/tr\/\",\"name\":\"Esin Avukatl\u0131k Ortakl\u0131\u011f\u0131\",\"description\":\"\",\"publisher\":{\"@id\":\"https:\/\/www.esin.av.tr\/tr\/#organization\"},\"potentialAction\":[{\"@type\":\"SearchAction\",\"target\":{\"@type\":\"EntryPoint\",\"urlTemplate\":\"https:\/\/www.esin.av.tr\/tr\/?s={search_term_string}\"},\"query-input\":{\"@type\":\"PropertyValueSpecification\",\"valueRequired\":true,\"valueName\":\"search_term_string\"}}],\"inLanguage\":\"tr\"},{\"@type\":\"Organization\",\"@id\":\"https:\/\/www.esin.av.tr\/tr\/#organization\",\"name\":\"Esin Avukatl\u0131k Ortakl\u0131\u011f\u0131\",\"url\":\"https:\/\/www.esin.av.tr\/tr\/\",\"logo\":{\"@type\":\"ImageObject\",\"inLanguage\":\"tr\",\"@id\":\"https:\/\/www.esin.av.tr\/tr\/#\/schema\/logo\/image\/\",\"url\":\"https:\/\/www.esin.av.tr\/wp-content\/uploads\/2021\/09\/esin-2.jpg\",\"contentUrl\":\"https:\/\/www.esin.av.tr\/wp-content\/uploads\/2021\/09\/esin-2.jpg\",\"width\":800,\"height\":460,\"caption\":\"Esin Avukatl\u0131k Ortakl\u0131\u011f\u0131\"},\"image\":{\"@id\":\"https:\/\/www.esin.av.tr\/tr\/#\/schema\/logo\/image\/\"}},{\"@type\":\"Person\",\"@id\":\"https:\/\/www.esin.av.tr\/tr\/#\/schema\/person\/42c8e616aab56b8622fa365ad63282ae\",\"name\":\"R\u0131dvan Konrat\",\"image\":{\"@type\":\"ImageObject\",\"inLanguage\":\"tr\",\"@id\":\"https:\/\/www.esin.av.tr\/tr\/#\/schema\/person\/image\/\",\"url\":\"https:\/\/secure.gravatar.com\/avatar\/b20c6c583be38ed4e76e32f69fccc676?s=96&d=mm&r=g\",\"contentUrl\":\"https:\/\/secure.gravatar.com\/avatar\/b20c6c583be38ed4e76e32f69fccc676?s=96&d=mm&r=g\",\"caption\":\"R\u0131dvan Konrat\"},\"sameAs\":[\"http:\/\/www.esin.av.tr\"],\"url\":\"https:\/\/www.esin.av.tr\/tr\/author\/rkonrat\/\"}]}<\/script>\n<!-- \/ Yoast SEO plugin. -->","yoast_head_json":{"title":"Geri Kazan\u0131m Kat\u0131l\u0131m Beyannamelerine \u0130li\u015fkin Yeni D\u00fczenleme","description":"Yeni Geli\u015fmeler Hazine ve Maliye Bakanl\u0131\u011f\u0131 (\"Bakanl\u0131k\"), 22 Mart 2020 tarihinde Geri Kazan\u0131m Kat\u0131l\u0131m Pay\u0131 Beyannamesi Genel Tebli\u011f'inde (\"Tebli\u011f\")","robots":{"index":"index","follow":"follow","max-snippet":"max-snippet:-1","max-image-preview":"max-image-preview:large","max-video-preview":"max-video-preview:-1"},"canonical":"https:\/\/www.esin.av.tr\/tr\/2020\/03\/25\/geri-kazanim-katilim-beyannamelerine-iliskin-yeni-duzenleme\/","og_locale":"tr_TR","og_type":"article","og_title":"Geri Kazan\u0131m Kat\u0131l\u0131m Beyannamelerine \u0130li\u015fkin Yeni D\u00fczenleme","og_description":"Yeni Geli\u015fmeler Hazine ve Maliye Bakanl\u0131\u011f\u0131 (\"Bakanl\u0131k\"), 22 Mart 2020 tarihinde Geri Kazan\u0131m Kat\u0131l\u0131m Pay\u0131 Beyannamesi Genel Tebli\u011f'inde (\"Tebli\u011f\")","og_url":"https:\/\/www.esin.av.tr\/tr\/2020\/03\/25\/geri-kazanim-katilim-beyannamelerine-iliskin-yeni-duzenleme\/","og_site_name":"Esin Avukatl\u0131k Ortakl\u0131\u011f\u0131","article_published_time":"2020-03-25T14:54:54+00:00","article_modified_time":"2022-06-09T12:46:40+00:00","author":"R\u0131dvan Konrat","twitter_card":"summary_large_image","twitter_misc":{"Written by":"R\u0131dvan Konrat","Est. reading time":"2 minutes"},"schema":{"@context":"https:\/\/schema.org","@graph":[{"@type":"Article","@id":"https:\/\/www.esin.av.tr\/tr\/2020\/03\/25\/geri-kazanim-katilim-beyannamelerine-iliskin-yeni-duzenleme\/#article","isPartOf":{"@id":"https:\/\/www.esin.av.tr\/tr\/2020\/03\/25\/geri-kazanim-katilim-beyannamelerine-iliskin-yeni-duzenleme\/"},"author":{"name":"R\u0131dvan Konrat","@id":"https:\/\/www.esin.av.tr\/tr\/#\/schema\/person\/42c8e616aab56b8622fa365ad63282ae"},"headline":"Geri Kazan\u0131m Kat\u0131l\u0131m Beyannamelerine \u0130li\u015fkin Yeni D\u00fczenleme","datePublished":"2020-03-25T14:54:54+00:00","dateModified":"2022-06-09T12:46:40+00:00","mainEntityOfPage":{"@id":"https:\/\/www.esin.av.tr\/tr\/2020\/03\/25\/geri-kazanim-katilim-beyannamelerine-iliskin-yeni-duzenleme\/"},"wordCount":342,"publisher":{"@id":"https:\/\/www.esin.av.tr\/tr\/#organization"},"keywords":["Vergi"],"articleSection":["Hukuk B\u00fcltenleri"],"inLanguage":"tr"},{"@type":"WebPage","@id":"https:\/\/www.esin.av.tr\/tr\/2020\/03\/25\/geri-kazanim-katilim-beyannamelerine-iliskin-yeni-duzenleme\/","url":"https:\/\/www.esin.av.tr\/tr\/2020\/03\/25\/geri-kazanim-katilim-beyannamelerine-iliskin-yeni-duzenleme\/","name":"Geri Kazan\u0131m Kat\u0131l\u0131m Beyannamelerine \u0130li\u015fkin Yeni D\u00fczenleme","isPartOf":{"@id":"https:\/\/www.esin.av.tr\/tr\/#website"},"datePublished":"2020-03-25T14:54:54+00:00","dateModified":"2022-06-09T12:46:40+00:00","description":"Yeni Geli\u015fmeler Hazine ve Maliye Bakanl\u0131\u011f\u0131 (\"Bakanl\u0131k\"), 22 Mart 2020 tarihinde Geri Kazan\u0131m Kat\u0131l\u0131m Pay\u0131 Beyannamesi Genel Tebli\u011f'inde (\"Tebli\u011f\")","breadcrumb":{"@id":"https:\/\/www.esin.av.tr\/tr\/2020\/03\/25\/geri-kazanim-katilim-beyannamelerine-iliskin-yeni-duzenleme\/#breadcrumb"},"inLanguage":"tr","potentialAction":[{"@type":"ReadAction","target":["https:\/\/www.esin.av.tr\/tr\/2020\/03\/25\/geri-kazanim-katilim-beyannamelerine-iliskin-yeni-duzenleme\/"]}]},{"@type":"BreadcrumbList","@id":"https:\/\/www.esin.av.tr\/tr\/2020\/03\/25\/geri-kazanim-katilim-beyannamelerine-iliskin-yeni-duzenleme\/#breadcrumb","itemListElement":[{"@type":"ListItem","position":1,"name":"Home","item":"https:\/\/www.esin.av.tr\/tr\/"},{"@type":"ListItem","position":2,"name":"Geri Kazan\u0131m Kat\u0131l\u0131m Beyannamelerine \u0130li\u015fkin Yeni D\u00fczenleme"}]},{"@type":"WebSite","@id":"https:\/\/www.esin.av.tr\/tr\/#website","url":"https:\/\/www.esin.av.tr\/tr\/","name":"Esin Avukatl\u0131k Ortakl\u0131\u011f\u0131","description":"","publisher":{"@id":"https:\/\/www.esin.av.tr\/tr\/#organization"},"potentialAction":[{"@type":"SearchAction","target":{"@type":"EntryPoint","urlTemplate":"https:\/\/www.esin.av.tr\/tr\/?s={search_term_string}"},"query-input":{"@type":"PropertyValueSpecification","valueRequired":true,"valueName":"search_term_string"}}],"inLanguage":"tr"},{"@type":"Organization","@id":"https:\/\/www.esin.av.tr\/tr\/#organization","name":"Esin Avukatl\u0131k Ortakl\u0131\u011f\u0131","url":"https:\/\/www.esin.av.tr\/tr\/","logo":{"@type":"ImageObject","inLanguage":"tr","@id":"https:\/\/www.esin.av.tr\/tr\/#\/schema\/logo\/image\/","url":"https:\/\/www.esin.av.tr\/wp-content\/uploads\/2021\/09\/esin-2.jpg","contentUrl":"https:\/\/www.esin.av.tr\/wp-content\/uploads\/2021\/09\/esin-2.jpg","width":800,"height":460,"caption":"Esin Avukatl\u0131k Ortakl\u0131\u011f\u0131"},"image":{"@id":"https:\/\/www.esin.av.tr\/tr\/#\/schema\/logo\/image\/"}},{"@type":"Person","@id":"https:\/\/www.esin.av.tr\/tr\/#\/schema\/person\/42c8e616aab56b8622fa365ad63282ae","name":"R\u0131dvan Konrat","image":{"@type":"ImageObject","inLanguage":"tr","@id":"https:\/\/www.esin.av.tr\/tr\/#\/schema\/person\/image\/","url":"https:\/\/secure.gravatar.com\/avatar\/b20c6c583be38ed4e76e32f69fccc676?s=96&d=mm&r=g","contentUrl":"https:\/\/secure.gravatar.com\/avatar\/b20c6c583be38ed4e76e32f69fccc676?s=96&d=mm&r=g","caption":"R\u0131dvan Konrat"},"sameAs":["http:\/\/www.esin.av.tr"],"url":"https:\/\/www.esin.av.tr\/tr\/author\/rkonrat\/"}]}},"_links":{"self":[{"href":"https:\/\/www.esin.av.tr\/tr\/wp-json\/wp\/v2\/posts\/15134","targetHints":{"allow":["GET"]}}],"collection":[{"href":"https:\/\/www.esin.av.tr\/tr\/wp-json\/wp\/v2\/posts"}],"about":[{"href":"https:\/\/www.esin.av.tr\/tr\/wp-json\/wp\/v2\/types\/post"}],"author":[{"embeddable":true,"href":"https:\/\/www.esin.av.tr\/tr\/wp-json\/wp\/v2\/users\/4"}],"replies":[{"embeddable":true,"href":"https:\/\/www.esin.av.tr\/tr\/wp-json\/wp\/v2\/comments?post=15134"}],"version-history":[{"count":1,"href":"https:\/\/www.esin.av.tr\/tr\/wp-json\/wp\/v2\/posts\/15134\/revisions"}],"predecessor-version":[{"id":15135,"href":"https:\/\/www.esin.av.tr\/tr\/wp-json\/wp\/v2\/posts\/15134\/revisions\/15135"}],"wp:attachment":[{"href":"https:\/\/www.esin.av.tr\/tr\/wp-json\/wp\/v2\/media?parent=15134"}],"wp:term":[{"taxonomy":"category","embeddable":true,"href":"https:\/\/www.esin.av.tr\/tr\/wp-json\/wp\/v2\/categories?post=15134"},{"taxonomy":"post_tag","embeddable":true,"href":"https:\/\/www.esin.av.tr\/tr\/wp-json\/wp\/v2\/tags?post=15134"}],"curies":[{"name":"wp","href":"https:\/\/api.w.org\/{rel}","templated":true}]}}